{"id":220528,"date":"2024-05-14T07:43:50","date_gmt":"2024-05-14T11:43:50","guid":{"rendered":"https:\/\/www.eldiario.net\/portal\/?p=220528"},"modified":"2024-05-14T07:43:50","modified_gmt":"2024-05-14T11:43:50","slug":"abren-posibilidad-de-alquilar-gasoductos-a-argentina-y-alejan-opcion-de-revender","status":"publish","type":"post","link":"https:\/\/www.eldiario.net\/portal\/2024\/05\/14\/abren-posibilidad-de-alquilar-gasoductos-a-argentina-y-alejan-opcion-de-revender\/","title":{"rendered":"Abren posibilidad de alquilar gasoductos a Argentina y alejan opci\u00f3n de revender"},"content":{"rendered":"<p>La estatal Yacimientos Petrol\u00edferos Fiscales Bolivianos (YPFB) abri\u00f3 la posibilidad de alquilar a Argentina su gasoducto para la exportaci\u00f3n de gas del yacimiento Vaca Muerta hacia mercados como Brasil y retrocedi\u00f3 en su intenci\u00f3n de revender gas argentino al vecino pa\u00eds.<\/p>\n<p>A principios de abril, de acuerdo a la web ambito.com el Gobierno y la empresa estatal YPFB rechazaron una propuesta inicial de Argentina y Brasil de pagar un peaje por el paso del gas argentino, a trav\u00e9s de territorio boliviano, y propusieron importar y revender el energ\u00e9tico, situaci\u00f3n que tambi\u00e9n no fue aceptada por las naciones vecinas.<\/p>\n<p>\u201cLa naci\u00f3n andina ha propuesto importar gas argentino y revenderlo a empresas de Brasil, agregaron. Este plan fue rechazado por las contrapartes porque implicar\u00eda costos de importaci\u00f3n significativamente mayores para Brasil, de acuerdo a versi\u00f3n de ejecutivos de empresas involucradas\u201d, seg\u00fan el medio digital.<\/p>\n<p>Sin embargo, ahora la estatal Yacimientos Petrol\u00edferos Fiscales Bolivianos abri\u00f3 la posibilidad de alquilar a Argentina su gasoducto para la exportaci\u00f3n de gas del yacimiento Vaca Muerta hacia Brasil.<\/p>\n<p>\u201cLlevar gas, \u00bfqu\u00e9 va hacer?, nos va a traer m\u00e1s recursos a todos los bolivianos, vamos a alquilar los ductos para que pueda pasar gas (\u2026). Desde un punto de vista netamente comercial la mejor salida por donde se vea es Bolivia\u201d, explic\u00f3 el presidente de YPFB, Armin Dorgathen.<\/p>\n<p>El ejecutivo mencion\u00f3 que existen varios proyectos de otros pa\u00edses para exportar el gas del yacimiento Vaca Muerta de Argentina; sin embargo, el \u201cm\u00e1s viable, el m\u00e1s barato\u201d, que ya est\u00e1 construido, es el de Bolivia.<\/p>\n<p>Como se recordar\u00e1 Paraguay tambi\u00e9n expres\u00f3 su intenci\u00f3n de ingresar en el negocio del gas de Vaca Muerta, y ya fue expresado ante las autoridades de Argentina y Brasil, con una inversi\u00f3n millonaria.<\/p>\n<p>Pero las autoridades bolivianas del sector energ\u00e9tico aseguran que Bolivia es la mejor opci\u00f3n a comparaci\u00f3n de otras, que ya fueron anunciadas por autoridades de naciones vecinas.<\/p>\n<p>Resalt\u00f3 que, con sus gasoductos, Bolivia actualmente tiene una capacidad de transporte \u201cbastante amplia y muy eficiente\u201d e incluso puede incrementar ello a trav\u00e9s de estaciones de compresi\u00f3n.<\/p>\n<p>Por otra parte, Dorgathen anunci\u00f3 que YPFB piensa en invertir en el yacimiento Vaca Muerta, ubicado en la provincia argentina de Neuqu\u00e9n, \u201cpara producir gas natural y llevarlo hasta el mercado de Brasil\u201d.<\/p>\n","protected":false},"excerpt":{"rendered":"<p>La estatal Yacimientos Petrol\u00edferos Fiscales Bolivianos (YPFB) abri\u00f3 la posibilidad de alquilar a Argentina su gasoducto para la exportaci\u00f3n de gas del yacimiento Vaca Muerta hacia mercados como Brasil y retrocedi\u00f3 en su intenci\u00f3n de revender gas argentino al vecino pa\u00eds. A principios de abril, de acuerdo a la web ambito.com el Gobierno y la [&hellip;]<\/p>\n","protected":false},"author":1,"featured_media":220529,"comment_status":"open","ping_status":"open","sticky":false,"template":"","format":"standard","meta":{"_acf_changed":false,"footnotes":""},"categories":[7],"tags":[],"class_list":["post-220528","post","type-post","status-publish","format-standard","has-post-thumbnail","category-economia"],"acf":{"antetitulo":""},"yoast_head":"<!-- This site is optimized with the Yoast SEO plugin v28.4 - https:\/\/yoast.com\/product\/yoast-seo-wordpress\/ -->\n<title>Abren posibilidad de alquilar gasoductos a Argentina y alejan opci\u00f3n de revender - El Diario - Bolivia<\/title>\n<meta name=\"robots\" content=\"index, follow, max-snippet:-1, max-image-preview:large, max-video-preview:-1\" \/>\n<link rel=\"canonical\" href=\"https:\/\/www.eldiario.net\/portal\/2024\/05\/14\/abren-posibilidad-de-alquilar-gasoductos-a-argentina-y-alejan-opcion-de-revender\/\" \/>\n<meta property=\"og:locale\" content=\"es_ES\" \/>\n<meta property=\"og:type\" content=\"article\" \/>\n<meta property=\"og:title\" content=\"Abren posibilidad de alquilar gasoductos a Argentina y alejan opci\u00f3n de revender - El Diario - Bolivia\" \/>\n<meta property=\"og:description\" content=\"La estatal Yacimientos Petrol\u00edferos Fiscales Bolivianos (YPFB) abri\u00f3 la posibilidad de alquilar a Argentina su gasoducto para la exportaci\u00f3n de gas del yacimiento Vaca Muerta hacia mercados como Brasil y retrocedi\u00f3 en su intenci\u00f3n de revender gas argentino al vecino pa\u00eds. A principios de abril, de acuerdo a la web ambito.com el Gobierno y la [&hellip;]\" \/>\n<meta property=\"og:url\" content=\"https:\/\/www.eldiario.net\/portal\/2024\/05\/14\/abren-posibilidad-de-alquilar-gasoductos-a-argentina-y-alejan-opcion-de-revender\/\" \/>\n<meta property=\"og:site_name\" content=\"El Diario - Bolivia\" \/>\n<meta property=\"article:publisher\" content=\"https:\/\/www.facebook.com\/eldiario.bolivia\/\" \/>\n<meta property=\"article:published_time\" content=\"2024-05-14T11:43:50+00:00\" \/>\n<meta property=\"og:image\" content=\"https:\/\/www.eldiario.net\/portal\/wp-content\/uploads\/2024\/05\/GAS-FOTO-1.jpg\" \/>\n\t<meta property=\"og:image:width\" content=\"642\" \/>\n\t<meta property=\"og:image:height\" content=\"275\" \/>\n\t<meta property=\"og:image:type\" content=\"image\/jpeg\" \/>\n<meta name=\"author\" content=\"Jeanette\" \/>\n<meta name=\"twitter:card\" content=\"summary_large_image\" \/>\n<meta name=\"twitter:creator\" content=\"@eldiario_net\" \/>\n<meta name=\"twitter:site\" content=\"@eldiario_net\" \/>\n<meta name=\"twitter:label1\" content=\"Escrito por\" \/>\n\t<meta name=\"twitter:data1\" content=\"Jeanette\" \/>\n\t<meta name=\"twitter:label2\" content=\"Tiempo de lectura\" \/>\n\t<meta name=\"twitter:data2\" content=\"2 minutos\" \/>\n<script type=\"application\/ld+json\" class=\"yoast-schema-graph\">{\"@context\":\"https:\\\/\\\/schema.org\",\"@graph\":[{\"@type\":\"Article\",\"@id\":\"https:\\\/\\\/www.eldiario.net\\\/portal\\\/2024\\\/05\\\/14\\\/abren-posibilidad-de-alquilar-gasoductos-a-argentina-y-alejan-opcion-de-revender\\\/#article\",\"isPartOf\":{\"@id\":\"https:\\\/\\\/www.eldiario.net\\\/portal\\\/2024\\\/05\\\/14\\\/abren-posibilidad-de-alquilar-gasoductos-a-argentina-y-alejan-opcion-de-revender\\\/\"},\"author\":{\"name\":\"Jeanette\",\"@id\":\"https:\\\/\\\/www.eldiario.net\\\/portal\\\/#\\\/schema\\\/person\\\/f46445640444750d7d753ccd04ae01b7\"},\"headline\":\"Abren posibilidad de alquilar gasoductos a Argentina y alejan opci\u00f3n de revender\",\"datePublished\":\"2024-05-14T11:43:50+00:00\",\"mainEntityOfPage\":{\"@id\":\"https:\\\/\\\/www.eldiario.net\\\/portal\\\/2024\\\/05\\\/14\\\/abren-posibilidad-de-alquilar-gasoductos-a-argentina-y-alejan-opcion-de-revender\\\/\"},\"wordCount\":418,\"commentCount\":0,\"publisher\":{\"@id\":\"https:\\\/\\\/www.eldiario.net\\\/portal\\\/#organization\"},\"image\":{\"@id\":\"https:\\\/\\\/www.eldiario.net\\\/portal\\\/2024\\\/05\\\/14\\\/abren-posibilidad-de-alquilar-gasoductos-a-argentina-y-alejan-opcion-de-revender\\\/#primaryimage\"},\"thumbnailUrl\":\"https:\\\/\\\/www.eldiario.net\\\/portal\\\/wp-content\\\/uploads\\\/2024\\\/05\\\/GAS-FOTO-1.jpg\",\"articleSection\":[\"Econom\u00eda\"],\"inLanguage\":\"es\",\"potentialAction\":[{\"@type\":\"CommentAction\",\"name\":\"Comment\",\"target\":[\"https:\\\/\\\/www.eldiario.net\\\/portal\\\/2024\\\/05\\\/14\\\/abren-posibilidad-de-alquilar-gasoductos-a-argentina-y-alejan-opcion-de-revender\\\/#respond\"]}]},{\"@type\":\"WebPage\",\"@id\":\"https:\\\/\\\/www.eldiario.net\\\/portal\\\/2024\\\/05\\\/14\\\/abren-posibilidad-de-alquilar-gasoductos-a-argentina-y-alejan-opcion-de-revender\\\/\",\"url\":\"https:\\\/\\\/www.eldiario.net\\\/portal\\\/2024\\\/05\\\/14\\\/abren-posibilidad-de-alquilar-gasoductos-a-argentina-y-alejan-opcion-de-revender\\\/\",\"name\":\"Abren posibilidad de alquilar gasoductos a Argentina y alejan opci\u00f3n de revender - El Diario - Bolivia\",\"isPartOf\":{\"@id\":\"https:\\\/\\\/www.eldiario.net\\\/portal\\\/#website\"},\"primaryImageOfPage\":{\"@id\":\"https:\\\/\\\/www.eldiario.net\\\/portal\\\/2024\\\/05\\\/14\\\/abren-posibilidad-de-alquilar-gasoductos-a-argentina-y-alejan-opcion-de-revender\\\/#primaryimage\"},\"image\":{\"@id\":\"https:\\\/\\\/www.eldiario.net\\\/portal\\\/2024\\\/05\\\/14\\\/abren-posibilidad-de-alquilar-gasoductos-a-argentina-y-alejan-opcion-de-revender\\\/#primaryimage\"},\"thumbnailUrl\":\"https:\\\/\\\/www.eldiario.net\\\/portal\\\/wp-content\\\/uploads\\\/2024\\\/05\\\/GAS-FOTO-1.jpg\",\"datePublished\":\"2024-05-14T11:43:50+00:00\",\"breadcrumb\":{\"@id\":\"https:\\\/\\\/www.eldiario.net\\\/portal\\\/2024\\\/05\\\/14\\\/abren-posibilidad-de-alquilar-gasoductos-a-argentina-y-alejan-opcion-de-revender\\\/#breadcrumb\"},\"inLanguage\":\"es\",\"potentialAction\":[{\"@type\":\"ReadAction\",\"target\":[\"https:\\\/\\\/www.eldiario.net\\\/portal\\\/2024\\\/05\\\/14\\\/abren-posibilidad-de-alquilar-gasoductos-a-argentina-y-alejan-opcion-de-revender\\\/\"]}]},{\"@type\":\"ImageObject\",\"inLanguage\":\"es\",\"@id\":\"https:\\\/\\\/www.eldiario.net\\\/portal\\\/2024\\\/05\\\/14\\\/abren-posibilidad-de-alquilar-gasoductos-a-argentina-y-alejan-opcion-de-revender\\\/#primaryimage\",\"url\":\"https:\\\/\\\/www.eldiario.net\\\/portal\\\/wp-content\\\/uploads\\\/2024\\\/05\\\/GAS-FOTO-1.jpg\",\"contentUrl\":\"https:\\\/\\\/www.eldiario.net\\\/portal\\\/wp-content\\\/uploads\\\/2024\\\/05\\\/GAS-FOTO-1.jpg\",\"width\":642,\"height\":275,\"caption\":\"Gasoducto Bolivia Brasil. Foto YPFB\"},{\"@type\":\"BreadcrumbList\",\"@id\":\"https:\\\/\\\/www.eldiario.net\\\/portal\\\/2024\\\/05\\\/14\\\/abren-posibilidad-de-alquilar-gasoductos-a-argentina-y-alejan-opcion-de-revender\\\/#breadcrumb\",\"itemListElement\":[{\"@type\":\"ListItem\",\"position\":1,\"name\":\"Portada\",\"item\":\"https:\\\/\\\/www.eldiario.net\\\/portal\\\/\"},{\"@type\":\"ListItem\",\"position\":2,\"name\":\"Abren posibilidad de alquilar gasoductos a Argentina y alejan opci\u00f3n de revender\"}]},{\"@type\":\"WebSite\",\"@id\":\"https:\\\/\\\/www.eldiario.net\\\/portal\\\/#website\",\"url\":\"https:\\\/\\\/www.eldiario.net\\\/portal\\\/\",\"name\":\"El Diario - Decano de la prensa nacional\",\"description\":\"El Diario - Decano de la prensa nacional\",\"publisher\":{\"@id\":\"https:\\\/\\\/www.eldiario.net\\\/portal\\\/#organization\"},\"potentialAction\":[{\"@type\":\"SearchAction\",\"target\":{\"@type\":\"EntryPoint\",\"urlTemplate\":\"https:\\\/\\\/www.eldiario.net\\\/portal\\\/?s={search_term_string}\"},\"query-input\":{\"@type\":\"PropertyValueSpecification\",\"valueRequired\":true,\"valueName\":\"search_term_string\"}}],\"inLanguage\":\"es\"},{\"@type\":\"Organization\",\"@id\":\"https:\\\/\\\/www.eldiario.net\\\/portal\\\/#organization\",\"name\":\"El Diario - Decano de la prensa nacional\",\"url\":\"https:\\\/\\\/www.eldiario.net\\\/portal\\\/\",\"logo\":{\"@type\":\"ImageObject\",\"inLanguage\":\"es\",\"@id\":\"https:\\\/\\\/www.eldiario.net\\\/portal\\\/#\\\/schema\\\/logo\\\/image\\\/\",\"url\":\"https:\\\/\\\/www.eldiario.net\\\/portal\\\/wp-content\\\/uploads\\\/2023\\\/07\\\/logo_ED.jpg\",\"contentUrl\":\"https:\\\/\\\/www.eldiario.net\\\/portal\\\/wp-content\\\/uploads\\\/2023\\\/07\\\/logo_ED.jpg\",\"width\":272,\"height\":52,\"caption\":\"El Diario - Decano de la prensa nacional\"},\"image\":{\"@id\":\"https:\\\/\\\/www.eldiario.net\\\/portal\\\/#\\\/schema\\\/logo\\\/image\\\/\"},\"sameAs\":[\"https:\\\/\\\/www.facebook.com\\\/eldiario.bolivia\\\/\",\"https:\\\/\\\/x.com\\\/eldiario_net\"]},{\"@type\":\"Person\",\"@id\":\"https:\\\/\\\/www.eldiario.net\\\/portal\\\/#\\\/schema\\\/person\\\/f46445640444750d7d753ccd04ae01b7\",\"name\":\"Jeanette\",\"image\":{\"@type\":\"ImageObject\",\"inLanguage\":\"es\",\"@id\":\"https:\\\/\\\/secure.gravatar.com\\\/avatar\\\/3ea2118a5f7dad2b7138b1187a6b7ee55f160b9968b66013c3a3ef39dd7e5798?s=96&d=mm&r=g\",\"url\":\"https:\\\/\\\/secure.gravatar.com\\\/avatar\\\/3ea2118a5f7dad2b7138b1187a6b7ee55f160b9968b66013c3a3ef39dd7e5798?s=96&d=mm&r=g\",\"contentUrl\":\"https:\\\/\\\/secure.gravatar.com\\\/avatar\\\/3ea2118a5f7dad2b7138b1187a6b7ee55f160b9968b66013c3a3ef39dd7e5798?s=96&d=mm&r=g\",\"caption\":\"Jeanette\"},\"sameAs\":[\"https:\\\/\\\/www.eldiario.net\\\/portal\"],\"url\":\"https:\\\/\\\/www.eldiario.net\\\/portal\\\/author\\\/jeanette\\\/\"}]}<\/script>\n<!-- \/ Yoast SEO plugin. -->","yoast_head_json":{"title":"Abren posibilidad de alquilar gasoductos a Argentina y alejan opci\u00f3n de revender - El Diario - Bolivia","robots":{"index":"index","follow":"follow","max-snippet":"max-snippet:-1","max-image-preview":"max-image-preview:large","max-video-preview":"max-video-preview:-1"},"canonical":"https:\/\/www.eldiario.net\/portal\/2024\/05\/14\/abren-posibilidad-de-alquilar-gasoductos-a-argentina-y-alejan-opcion-de-revender\/","og_locale":"es_ES","og_type":"article","og_title":"Abren posibilidad de alquilar gasoductos a Argentina y alejan opci\u00f3n de revender - El Diario - Bolivia","og_description":"La estatal Yacimientos Petrol\u00edferos Fiscales Bolivianos (YPFB) abri\u00f3 la posibilidad de alquilar a Argentina su gasoducto para la exportaci\u00f3n de gas del yacimiento Vaca Muerta hacia mercados como Brasil y retrocedi\u00f3 en su intenci\u00f3n de revender gas argentino al vecino pa\u00eds. A principios de abril, de acuerdo a la web ambito.com el Gobierno y la [&hellip;]","og_url":"https:\/\/www.eldiario.net\/portal\/2024\/05\/14\/abren-posibilidad-de-alquilar-gasoductos-a-argentina-y-alejan-opcion-de-revender\/","og_site_name":"El Diario - Bolivia","article_publisher":"https:\/\/www.facebook.com\/eldiario.bolivia\/","article_published_time":"2024-05-14T11:43:50+00:00","og_image":[{"width":642,"height":275,"url":"https:\/\/www.eldiario.net\/portal\/wp-content\/uploads\/2024\/05\/GAS-FOTO-1.jpg","type":"image\/jpeg"}],"author":"Jeanette","twitter_card":"summary_large_image","twitter_creator":"@eldiario_net","twitter_site":"@eldiario_net","twitter_misc":{"Escrito por":"Jeanette","Tiempo de lectura":"2 minutos"},"schema":{"@context":"https:\/\/schema.org","@graph":[{"@type":"Article","@id":"https:\/\/www.eldiario.net\/portal\/2024\/05\/14\/abren-posibilidad-de-alquilar-gasoductos-a-argentina-y-alejan-opcion-de-revender\/#article","isPartOf":{"@id":"https:\/\/www.eldiario.net\/portal\/2024\/05\/14\/abren-posibilidad-de-alquilar-gasoductos-a-argentina-y-alejan-opcion-de-revender\/"},"author":{"name":"Jeanette","@id":"https:\/\/www.eldiario.net\/portal\/#\/schema\/person\/f46445640444750d7d753ccd04ae01b7"},"headline":"Abren posibilidad de alquilar gasoductos a Argentina y alejan opci\u00f3n de revender","datePublished":"2024-05-14T11:43:50+00:00","mainEntityOfPage":{"@id":"https:\/\/www.eldiario.net\/portal\/2024\/05\/14\/abren-posibilidad-de-alquilar-gasoductos-a-argentina-y-alejan-opcion-de-revender\/"},"wordCount":418,"commentCount":0,"publisher":{"@id":"https:\/\/www.eldiario.net\/portal\/#organization"},"image":{"@id":"https:\/\/www.eldiario.net\/portal\/2024\/05\/14\/abren-posibilidad-de-alquilar-gasoductos-a-argentina-y-alejan-opcion-de-revender\/#primaryimage"},"thumbnailUrl":"https:\/\/www.eldiario.net\/portal\/wp-content\/uploads\/2024\/05\/GAS-FOTO-1.jpg","articleSection":["Econom\u00eda"],"inLanguage":"es","potentialAction":[{"@type":"CommentAction","name":"Comment","target":["https:\/\/www.eldiario.net\/portal\/2024\/05\/14\/abren-posibilidad-de-alquilar-gasoductos-a-argentina-y-alejan-opcion-de-revender\/#respond"]}]},{"@type":"WebPage","@id":"https:\/\/www.eldiario.net\/portal\/2024\/05\/14\/abren-posibilidad-de-alquilar-gasoductos-a-argentina-y-alejan-opcion-de-revender\/","url":"https:\/\/www.eldiario.net\/portal\/2024\/05\/14\/abren-posibilidad-de-alquilar-gasoductos-a-argentina-y-alejan-opcion-de-revender\/","name":"Abren posibilidad de alquilar gasoductos a Argentina y alejan opci\u00f3n de revender - El Diario - Bolivia","isPartOf":{"@id":"https:\/\/www.eldiario.net\/portal\/#website"},"primaryImageOfPage":{"@id":"https:\/\/www.eldiario.net\/portal\/2024\/05\/14\/abren-posibilidad-de-alquilar-gasoductos-a-argentina-y-alejan-opcion-de-revender\/#primaryimage"},"image":{"@id":"https:\/\/www.eldiario.net\/portal\/2024\/05\/14\/abren-posibilidad-de-alquilar-gasoductos-a-argentina-y-alejan-opcion-de-revender\/#primaryimage"},"thumbnailUrl":"https:\/\/www.eldiario.net\/portal\/wp-content\/uploads\/2024\/05\/GAS-FOTO-1.jpg","datePublished":"2024-05-14T11:43:50+00:00","breadcrumb":{"@id":"https:\/\/www.eldiario.net\/portal\/2024\/05\/14\/abren-posibilidad-de-alquilar-gasoductos-a-argentina-y-alejan-opcion-de-revender\/#breadcrumb"},"inLanguage":"es","potentialAction":[{"@type":"ReadAction","target":["https:\/\/www.eldiario.net\/portal\/2024\/05\/14\/abren-posibilidad-de-alquilar-gasoductos-a-argentina-y-alejan-opcion-de-revender\/"]}]},{"@type":"ImageObject","inLanguage":"es","@id":"https:\/\/www.eldiario.net\/portal\/2024\/05\/14\/abren-posibilidad-de-alquilar-gasoductos-a-argentina-y-alejan-opcion-de-revender\/#primaryimage","url":"https:\/\/www.eldiario.net\/portal\/wp-content\/uploads\/2024\/05\/GAS-FOTO-1.jpg","contentUrl":"https:\/\/www.eldiario.net\/portal\/wp-content\/uploads\/2024\/05\/GAS-FOTO-1.jpg","width":642,"height":275,"caption":"Gasoducto Bolivia Brasil. Foto YPFB"},{"@type":"BreadcrumbList","@id":"https:\/\/www.eldiario.net\/portal\/2024\/05\/14\/abren-posibilidad-de-alquilar-gasoductos-a-argentina-y-alejan-opcion-de-revender\/#breadcrumb","itemListElement":[{"@type":"ListItem","position":1,"name":"Portada","item":"https:\/\/www.eldiario.net\/portal\/"},{"@type":"ListItem","position":2,"name":"Abren posibilidad de alquilar gasoductos a Argentina y alejan opci\u00f3n de revender"}]},{"@type":"WebSite","@id":"https:\/\/www.eldiario.net\/portal\/#website","url":"https:\/\/www.eldiario.net\/portal\/","name":"El Diario - Decano de la prensa nacional","description":"El Diario - Decano de la prensa nacional","publisher":{"@id":"https:\/\/www.eldiario.net\/portal\/#organization"},"potentialAction":[{"@type":"SearchAction","target":{"@type":"EntryPoint","urlTemplate":"https:\/\/www.eldiario.net\/portal\/?s={search_term_string}"},"query-input":{"@type":"PropertyValueSpecification","valueRequired":true,"valueName":"search_term_string"}}],"inLanguage":"es"},{"@type":"Organization","@id":"https:\/\/www.eldiario.net\/portal\/#organization","name":"El Diario - Decano de la prensa nacional","url":"https:\/\/www.eldiario.net\/portal\/","logo":{"@type":"ImageObject","inLanguage":"es","@id":"https:\/\/www.eldiario.net\/portal\/#\/schema\/logo\/image\/","url":"https:\/\/www.eldiario.net\/portal\/wp-content\/uploads\/2023\/07\/logo_ED.jpg","contentUrl":"https:\/\/www.eldiario.net\/portal\/wp-content\/uploads\/2023\/07\/logo_ED.jpg","width":272,"height":52,"caption":"El Diario - Decano de la prensa nacional"},"image":{"@id":"https:\/\/www.eldiario.net\/portal\/#\/schema\/logo\/image\/"},"sameAs":["https:\/\/www.facebook.com\/eldiario.bolivia\/","https:\/\/x.com\/eldiario_net"]},{"@type":"Person","@id":"https:\/\/www.eldiario.net\/portal\/#\/schema\/person\/f46445640444750d7d753ccd04ae01b7","name":"Jeanette","image":{"@type":"ImageObject","inLanguage":"es","@id":"https:\/\/secure.gravatar.com\/avatar\/3ea2118a5f7dad2b7138b1187a6b7ee55f160b9968b66013c3a3ef39dd7e5798?s=96&d=mm&r=g","url":"https:\/\/secure.gravatar.com\/avatar\/3ea2118a5f7dad2b7138b1187a6b7ee55f160b9968b66013c3a3ef39dd7e5798?s=96&d=mm&r=g","contentUrl":"https:\/\/secure.gravatar.com\/avatar\/3ea2118a5f7dad2b7138b1187a6b7ee55f160b9968b66013c3a3ef39dd7e5798?s=96&d=mm&r=g","caption":"Jeanette"},"sameAs":["https:\/\/www.eldiario.net\/portal"],"url":"https:\/\/www.eldiario.net\/portal\/author\/jeanette\/"}]}},"_links":{"self":[{"href":"https:\/\/www.eldiario.net\/portal\/wp-json\/wp\/v2\/posts\/220528","targetHints":{"allow":["GET"]}}],"collection":[{"href":"https:\/\/www.eldiario.net\/portal\/wp-json\/wp\/v2\/posts"}],"about":[{"href":"https:\/\/www.eldiario.net\/portal\/wp-json\/wp\/v2\/types\/post"}],"author":[{"embeddable":true,"href":"https:\/\/www.eldiario.net\/portal\/wp-json\/wp\/v2\/users\/1"}],"replies":[{"embeddable":true,"href":"https:\/\/www.eldiario.net\/portal\/wp-json\/wp\/v2\/comments?post=220528"}],"version-history":[{"count":1,"href":"https:\/\/www.eldiario.net\/portal\/wp-json\/wp\/v2\/posts\/220528\/revisions"}],"predecessor-version":[{"id":220530,"href":"https:\/\/www.eldiario.net\/portal\/wp-json\/wp\/v2\/posts\/220528\/revisions\/220530"}],"wp:featuredmedia":[{"embeddable":true,"href":"https:\/\/www.eldiario.net\/portal\/wp-json\/wp\/v2\/media\/220529"}],"wp:attachment":[{"href":"https:\/\/www.eldiario.net\/portal\/wp-json\/wp\/v2\/media?parent=220528"}],"wp:term":[{"taxonomy":"category","embeddable":true,"href":"https:\/\/www.eldiario.net\/portal\/wp-json\/wp\/v2\/categories?post=220528"},{"taxonomy":"post_tag","embeddable":true,"href":"https:\/\/www.eldiario.net\/portal\/wp-json\/wp\/v2\/tags?post=220528"}],"curies":[{"name":"wp","href":"https:\/\/api.w.org\/{rel}","templated":true}]}}