{"id":220525,"date":"2024-05-14T07:43:16","date_gmt":"2024-05-14T11:43:16","guid":{"rendered":"https:\/\/www.eldiario.net\/portal\/?p=220525"},"modified":"2024-05-14T07:43:16","modified_gmt":"2024-05-14T11:43:16","slug":"exportadores-se-comprometen-a-traer-el-100-de-sus-divisas-al-pais","status":"publish","type":"post","link":"https:\/\/www.eldiario.net\/portal\/2024\/05\/14\/exportadores-se-comprometen-a-traer-el-100-de-sus-divisas-al-pais\/","title":{"rendered":"Exportadores se comprometen a  traer el 100% de sus divisas al pa\u00eds"},"content":{"rendered":"<p>Luego de una reuni\u00f3n entre el Gobierno Nacional y los empresarios, los exportadores se comprometieron a traer el 100% de sus divisas al pa\u00eds producto de las ventas externas para cubrir la demanda de d\u00f3lares en el mercado interno, confirm\u00f3 el ministro de Econom\u00eda y Finanzas P\u00fablicas, Marcelo Montenegro.<\/p>\n<p>\u201cLos exportadores se han comprometido a traer el 100% de las exportaciones, y, adem\u00e1s, se van a corregir las pr\u00e1cticas de algunos malos exportadores. Se ha tomado en cuenta que el Gobierno Nacional ha cumplido con la liberaci\u00f3n de exportaciones, ha sacado el decreto para la devoluci\u00f3n de los Certificados de Devoluci\u00f3n Impositiva (CEDEIMS), ha dado otras medidas de incentivo para que las divisas se ahorren y tambi\u00e9n lleguen al pa\u00eds y ellos est\u00e1n conscientes de que van a coadyuvar en este mecanismo de traer al 100% de las divisas\u201d, inform\u00f3 el ministro, en conferencia de prensa.<\/p>\n<p>El 19 de febrero de este a\u00f1o, se firm\u00f3 el \u201cAcuerdo econ\u00f3mico, productivo y empresarial entre el Gobierno Nacional y el empresariado boliviano\u201d, con 10 puntos, con el objetivo de normalizar el escenario transitorio de escasez de d\u00f3lares en el mercado interno.<\/p>\n<p>Montenegro sostuvo que convoc\u00f3 a los exportadores para expresar la molestia del Gobierno Nacional porque una parte de este sector empresarial no est\u00e1 trayendo el 100% de las exportaciones al pa\u00eds, como se hab\u00eda previsto en el Acuerdo de 10 puntos. Entre 25 a 30 es el n\u00famero de grandes exportadores que no cumpli\u00f3 con el Acuerdo de febrero.<\/p>\n<p>\u201cNosotros como Gobierno Nacional tambi\u00e9n tomaremos las medidas para corregir que aquellos malos exportadores no cometan esos extremos y excesos y traigan estas divisas a la econom\u00eda nacional\u201d, remarc\u00f3 el titular de econom\u00eda, sin embargo, resalt\u00f3 que tambi\u00e9n hay buenos exportadores que cumplen con el Acuerdo.<\/p>\n<p>De la reuni\u00f3n tomaron parte el Ministro de Econom\u00eda, junto al viceministro de Pol\u00edtica Tributaria, Jhonny Morales, con los representantes de la C\u00e1mara Nacional de Exportadores de Bolivia (Caneb), C\u00e1mara de Exportadores de La Paz (Camex), C\u00e1mara Departamental de Exportadores (Cadex), Confederaci\u00f3n de Empresarios Privados de Bolivia (CEPB), Autoridad de Regulaci\u00f3n del Sistema Financiero (ASFI) y Servicio de Impuestos Nacionales (SIN).<\/p>\n","protected":false},"excerpt":{"rendered":"<p>Luego de una reuni\u00f3n entre el Gobierno Nacional y los empresarios, los exportadores se comprometieron a traer el 100% de sus divisas al pa\u00eds producto de las ventas externas para cubrir la demanda de d\u00f3lares en el mercado interno, confirm\u00f3 el ministro de Econom\u00eda y Finanzas P\u00fablicas, Marcelo Montenegro. \u201cLos exportadores se han comprometido a [&hellip;]<\/p>\n","protected":false},"author":1,"featured_media":220526,"comment_status":"open","ping_status":"open","sticky":false,"template":"","format":"standard","meta":{"_acf_changed":false,"footnotes":""},"categories":[7],"tags":[],"class_list":["post-220525","post","type-post","status-publish","format-standard","has-post-thumbnail","category-economia"],"acf":{"antetitulo":"Seg\u00fan el Gobierno"},"yoast_head":"<!-- This site is optimized with the Yoast SEO plugin v28.3 - https:\/\/yoast.com\/product\/yoast-seo-wordpress\/ -->\n<title>Exportadores se comprometen a traer el 100% de sus divisas al pa\u00eds - El Diario - Bolivia<\/title>\n<meta name=\"robots\" content=\"index, follow, max-snippet:-1, max-image-preview:large, max-video-preview:-1\" \/>\n<link rel=\"canonical\" href=\"https:\/\/www.eldiario.net\/portal\/2024\/05\/14\/exportadores-se-comprometen-a-traer-el-100-de-sus-divisas-al-pais\/\" \/>\n<meta property=\"og:locale\" content=\"es_ES\" \/>\n<meta property=\"og:type\" content=\"article\" \/>\n<meta property=\"og:title\" content=\"Exportadores se comprometen a traer el 100% de sus divisas al pa\u00eds - El Diario - Bolivia\" \/>\n<meta property=\"og:description\" content=\"Luego de una reuni\u00f3n entre el Gobierno Nacional y los empresarios, los exportadores se comprometieron a traer el 100% de sus divisas al pa\u00eds producto de las ventas externas para cubrir la demanda de d\u00f3lares en el mercado interno, confirm\u00f3 el ministro de Econom\u00eda y Finanzas P\u00fablicas, Marcelo Montenegro. \u201cLos exportadores se han comprometido a [&hellip;]\" \/>\n<meta property=\"og:url\" content=\"https:\/\/www.eldiario.net\/portal\/2024\/05\/14\/exportadores-se-comprometen-a-traer-el-100-de-sus-divisas-al-pais\/\" \/>\n<meta property=\"og:site_name\" content=\"El Diario - Bolivia\" \/>\n<meta property=\"article:publisher\" content=\"https:\/\/www.facebook.com\/eldiario.bolivia\/\" \/>\n<meta property=\"article:published_time\" content=\"2024-05-14T11:43:16+00:00\" \/>\n<meta property=\"og:image\" content=\"https:\/\/www.eldiario.net\/portal\/wp-content\/uploads\/2024\/05\/MINE-FOTO-1-scaled.jpg\" \/>\n\t<meta property=\"og:image:width\" content=\"2560\" \/>\n\t<meta property=\"og:image:height\" content=\"1707\" \/>\n\t<meta property=\"og:image:type\" content=\"image\/jpeg\" \/>\n<meta name=\"author\" content=\"Jeanette\" \/>\n<meta name=\"twitter:card\" content=\"summary_large_image\" \/>\n<meta name=\"twitter:creator\" content=\"@eldiario_net\" \/>\n<meta name=\"twitter:site\" content=\"@eldiario_net\" \/>\n<meta name=\"twitter:label1\" content=\"Escrito por\" \/>\n\t<meta name=\"twitter:data1\" content=\"Jeanette\" \/>\n\t<meta name=\"twitter:label2\" content=\"Tiempo de lectura\" \/>\n\t<meta name=\"twitter:data2\" content=\"2 minutos\" \/>\n<script type=\"application\/ld+json\" class=\"yoast-schema-graph\">{\"@context\":\"https:\\\/\\\/schema.org\",\"@graph\":[{\"@type\":\"Article\",\"@id\":\"https:\\\/\\\/www.eldiario.net\\\/portal\\\/2024\\\/05\\\/14\\\/exportadores-se-comprometen-a-traer-el-100-de-sus-divisas-al-pais\\\/#article\",\"isPartOf\":{\"@id\":\"https:\\\/\\\/www.eldiario.net\\\/portal\\\/2024\\\/05\\\/14\\\/exportadores-se-comprometen-a-traer-el-100-de-sus-divisas-al-pais\\\/\"},\"author\":{\"name\":\"Jeanette\",\"@id\":\"https:\\\/\\\/www.eldiario.net\\\/portal\\\/#\\\/schema\\\/person\\\/f46445640444750d7d753ccd04ae01b7\"},\"headline\":\"Exportadores se comprometen a traer el 100% de sus divisas al pa\u00eds\",\"datePublished\":\"2024-05-14T11:43:16+00:00\",\"mainEntityOfPage\":{\"@id\":\"https:\\\/\\\/www.eldiario.net\\\/portal\\\/2024\\\/05\\\/14\\\/exportadores-se-comprometen-a-traer-el-100-de-sus-divisas-al-pais\\\/\"},\"wordCount\":388,\"commentCount\":0,\"publisher\":{\"@id\":\"https:\\\/\\\/www.eldiario.net\\\/portal\\\/#organization\"},\"image\":{\"@id\":\"https:\\\/\\\/www.eldiario.net\\\/portal\\\/2024\\\/05\\\/14\\\/exportadores-se-comprometen-a-traer-el-100-de-sus-divisas-al-pais\\\/#primaryimage\"},\"thumbnailUrl\":\"https:\\\/\\\/www.eldiario.net\\\/portal\\\/wp-content\\\/uploads\\\/2024\\\/05\\\/MINE-FOTO-1-scaled.jpg\",\"articleSection\":[\"Econom\u00eda\"],\"inLanguage\":\"es\",\"potentialAction\":[{\"@type\":\"CommentAction\",\"name\":\"Comment\",\"target\":[\"https:\\\/\\\/www.eldiario.net\\\/portal\\\/2024\\\/05\\\/14\\\/exportadores-se-comprometen-a-traer-el-100-de-sus-divisas-al-pais\\\/#respond\"]}]},{\"@type\":\"WebPage\",\"@id\":\"https:\\\/\\\/www.eldiario.net\\\/portal\\\/2024\\\/05\\\/14\\\/exportadores-se-comprometen-a-traer-el-100-de-sus-divisas-al-pais\\\/\",\"url\":\"https:\\\/\\\/www.eldiario.net\\\/portal\\\/2024\\\/05\\\/14\\\/exportadores-se-comprometen-a-traer-el-100-de-sus-divisas-al-pais\\\/\",\"name\":\"Exportadores se comprometen a traer el 100% de sus divisas al pa\u00eds - El Diario - Bolivia\",\"isPartOf\":{\"@id\":\"https:\\\/\\\/www.eldiario.net\\\/portal\\\/#website\"},\"primaryImageOfPage\":{\"@id\":\"https:\\\/\\\/www.eldiario.net\\\/portal\\\/2024\\\/05\\\/14\\\/exportadores-se-comprometen-a-traer-el-100-de-sus-divisas-al-pais\\\/#primaryimage\"},\"image\":{\"@id\":\"https:\\\/\\\/www.eldiario.net\\\/portal\\\/2024\\\/05\\\/14\\\/exportadores-se-comprometen-a-traer-el-100-de-sus-divisas-al-pais\\\/#primaryimage\"},\"thumbnailUrl\":\"https:\\\/\\\/www.eldiario.net\\\/portal\\\/wp-content\\\/uploads\\\/2024\\\/05\\\/MINE-FOTO-1-scaled.jpg\",\"datePublished\":\"2024-05-14T11:43:16+00:00\",\"breadcrumb\":{\"@id\":\"https:\\\/\\\/www.eldiario.net\\\/portal\\\/2024\\\/05\\\/14\\\/exportadores-se-comprometen-a-traer-el-100-de-sus-divisas-al-pais\\\/#breadcrumb\"},\"inLanguage\":\"es\",\"potentialAction\":[{\"@type\":\"ReadAction\",\"target\":[\"https:\\\/\\\/www.eldiario.net\\\/portal\\\/2024\\\/05\\\/14\\\/exportadores-se-comprometen-a-traer-el-100-de-sus-divisas-al-pais\\\/\"]}]},{\"@type\":\"ImageObject\",\"inLanguage\":\"es\",\"@id\":\"https:\\\/\\\/www.eldiario.net\\\/portal\\\/2024\\\/05\\\/14\\\/exportadores-se-comprometen-a-traer-el-100-de-sus-divisas-al-pais\\\/#primaryimage\",\"url\":\"https:\\\/\\\/www.eldiario.net\\\/portal\\\/wp-content\\\/uploads\\\/2024\\\/05\\\/MINE-FOTO-1-scaled.jpg\",\"contentUrl\":\"https:\\\/\\\/www.eldiario.net\\\/portal\\\/wp-content\\\/uploads\\\/2024\\\/05\\\/MINE-FOTO-1-scaled.jpg\",\"width\":2560,\"height\":1707,\"caption\":\"EL MINISTRO DE ECONOM\u00cdA, MARCELO MONTENEGRO. FOTO: MIN-ECO\"},{\"@type\":\"BreadcrumbList\",\"@id\":\"https:\\\/\\\/www.eldiario.net\\\/portal\\\/2024\\\/05\\\/14\\\/exportadores-se-comprometen-a-traer-el-100-de-sus-divisas-al-pais\\\/#breadcrumb\",\"itemListElement\":[{\"@type\":\"ListItem\",\"position\":1,\"name\":\"Portada\",\"item\":\"https:\\\/\\\/www.eldiario.net\\\/portal\\\/\"},{\"@type\":\"ListItem\",\"position\":2,\"name\":\"Exportadores se comprometen a traer el 100% de sus divisas al pa\u00eds\"}]},{\"@type\":\"WebSite\",\"@id\":\"https:\\\/\\\/www.eldiario.net\\\/portal\\\/#website\",\"url\":\"https:\\\/\\\/www.eldiario.net\\\/portal\\\/\",\"name\":\"El Diario - Decano de la prensa nacional\",\"description\":\"El Diario - Decano de la prensa nacional\",\"publisher\":{\"@id\":\"https:\\\/\\\/www.eldiario.net\\\/portal\\\/#organization\"},\"potentialAction\":[{\"@type\":\"SearchAction\",\"target\":{\"@type\":\"EntryPoint\",\"urlTemplate\":\"https:\\\/\\\/www.eldiario.net\\\/portal\\\/?s={search_term_string}\"},\"query-input\":{\"@type\":\"PropertyValueSpecification\",\"valueRequired\":true,\"valueName\":\"search_term_string\"}}],\"inLanguage\":\"es\"},{\"@type\":\"Organization\",\"@id\":\"https:\\\/\\\/www.eldiario.net\\\/portal\\\/#organization\",\"name\":\"El Diario - Decano de la prensa nacional\",\"url\":\"https:\\\/\\\/www.eldiario.net\\\/portal\\\/\",\"logo\":{\"@type\":\"ImageObject\",\"inLanguage\":\"es\",\"@id\":\"https:\\\/\\\/www.eldiario.net\\\/portal\\\/#\\\/schema\\\/logo\\\/image\\\/\",\"url\":\"https:\\\/\\\/www.eldiario.net\\\/portal\\\/wp-content\\\/uploads\\\/2023\\\/07\\\/logo_ED.jpg\",\"contentUrl\":\"https:\\\/\\\/www.eldiario.net\\\/portal\\\/wp-content\\\/uploads\\\/2023\\\/07\\\/logo_ED.jpg\",\"width\":272,\"height\":52,\"caption\":\"El Diario - Decano de la prensa nacional\"},\"image\":{\"@id\":\"https:\\\/\\\/www.eldiario.net\\\/portal\\\/#\\\/schema\\\/logo\\\/image\\\/\"},\"sameAs\":[\"https:\\\/\\\/www.facebook.com\\\/eldiario.bolivia\\\/\",\"https:\\\/\\\/x.com\\\/eldiario_net\"]},{\"@type\":\"Person\",\"@id\":\"https:\\\/\\\/www.eldiario.net\\\/portal\\\/#\\\/schema\\\/person\\\/f46445640444750d7d753ccd04ae01b7\",\"name\":\"Jeanette\",\"image\":{\"@type\":\"ImageObject\",\"inLanguage\":\"es\",\"@id\":\"https:\\\/\\\/secure.gravatar.com\\\/avatar\\\/3ea2118a5f7dad2b7138b1187a6b7ee55f160b9968b66013c3a3ef39dd7e5798?s=96&d=mm&r=g\",\"url\":\"https:\\\/\\\/secure.gravatar.com\\\/avatar\\\/3ea2118a5f7dad2b7138b1187a6b7ee55f160b9968b66013c3a3ef39dd7e5798?s=96&d=mm&r=g\",\"contentUrl\":\"https:\\\/\\\/secure.gravatar.com\\\/avatar\\\/3ea2118a5f7dad2b7138b1187a6b7ee55f160b9968b66013c3a3ef39dd7e5798?s=96&d=mm&r=g\",\"caption\":\"Jeanette\"},\"sameAs\":[\"https:\\\/\\\/www.eldiario.net\\\/portal\"],\"url\":\"https:\\\/\\\/www.eldiario.net\\\/portal\\\/author\\\/jeanette\\\/\"}]}<\/script>\n<!-- \/ Yoast SEO plugin. -->","yoast_head_json":{"title":"Exportadores se comprometen a traer el 100% de sus divisas al pa\u00eds - El Diario - Bolivia","robots":{"index":"index","follow":"follow","max-snippet":"max-snippet:-1","max-image-preview":"max-image-preview:large","max-video-preview":"max-video-preview:-1"},"canonical":"https:\/\/www.eldiario.net\/portal\/2024\/05\/14\/exportadores-se-comprometen-a-traer-el-100-de-sus-divisas-al-pais\/","og_locale":"es_ES","og_type":"article","og_title":"Exportadores se comprometen a traer el 100% de sus divisas al pa\u00eds - El Diario - Bolivia","og_description":"Luego de una reuni\u00f3n entre el Gobierno Nacional y los empresarios, los exportadores se comprometieron a traer el 100% de sus divisas al pa\u00eds producto de las ventas externas para cubrir la demanda de d\u00f3lares en el mercado interno, confirm\u00f3 el ministro de Econom\u00eda y Finanzas P\u00fablicas, Marcelo Montenegro. \u201cLos exportadores se han comprometido a [&hellip;]","og_url":"https:\/\/www.eldiario.net\/portal\/2024\/05\/14\/exportadores-se-comprometen-a-traer-el-100-de-sus-divisas-al-pais\/","og_site_name":"El Diario - Bolivia","article_publisher":"https:\/\/www.facebook.com\/eldiario.bolivia\/","article_published_time":"2024-05-14T11:43:16+00:00","og_image":[{"width":2560,"height":1707,"url":"https:\/\/www.eldiario.net\/portal\/wp-content\/uploads\/2024\/05\/MINE-FOTO-1-scaled.jpg","type":"image\/jpeg"}],"author":"Jeanette","twitter_card":"summary_large_image","twitter_creator":"@eldiario_net","twitter_site":"@eldiario_net","twitter_misc":{"Escrito por":"Jeanette","Tiempo de lectura":"2 minutos"},"schema":{"@context":"https:\/\/schema.org","@graph":[{"@type":"Article","@id":"https:\/\/www.eldiario.net\/portal\/2024\/05\/14\/exportadores-se-comprometen-a-traer-el-100-de-sus-divisas-al-pais\/#article","isPartOf":{"@id":"https:\/\/www.eldiario.net\/portal\/2024\/05\/14\/exportadores-se-comprometen-a-traer-el-100-de-sus-divisas-al-pais\/"},"author":{"name":"Jeanette","@id":"https:\/\/www.eldiario.net\/portal\/#\/schema\/person\/f46445640444750d7d753ccd04ae01b7"},"headline":"Exportadores se comprometen a traer el 100% de sus divisas al pa\u00eds","datePublished":"2024-05-14T11:43:16+00:00","mainEntityOfPage":{"@id":"https:\/\/www.eldiario.net\/portal\/2024\/05\/14\/exportadores-se-comprometen-a-traer-el-100-de-sus-divisas-al-pais\/"},"wordCount":388,"commentCount":0,"publisher":{"@id":"https:\/\/www.eldiario.net\/portal\/#organization"},"image":{"@id":"https:\/\/www.eldiario.net\/portal\/2024\/05\/14\/exportadores-se-comprometen-a-traer-el-100-de-sus-divisas-al-pais\/#primaryimage"},"thumbnailUrl":"https:\/\/www.eldiario.net\/portal\/wp-content\/uploads\/2024\/05\/MINE-FOTO-1-scaled.jpg","articleSection":["Econom\u00eda"],"inLanguage":"es","potentialAction":[{"@type":"CommentAction","name":"Comment","target":["https:\/\/www.eldiario.net\/portal\/2024\/05\/14\/exportadores-se-comprometen-a-traer-el-100-de-sus-divisas-al-pais\/#respond"]}]},{"@type":"WebPage","@id":"https:\/\/www.eldiario.net\/portal\/2024\/05\/14\/exportadores-se-comprometen-a-traer-el-100-de-sus-divisas-al-pais\/","url":"https:\/\/www.eldiario.net\/portal\/2024\/05\/14\/exportadores-se-comprometen-a-traer-el-100-de-sus-divisas-al-pais\/","name":"Exportadores se comprometen a traer el 100% de sus divisas al pa\u00eds - El Diario - Bolivia","isPartOf":{"@id":"https:\/\/www.eldiario.net\/portal\/#website"},"primaryImageOfPage":{"@id":"https:\/\/www.eldiario.net\/portal\/2024\/05\/14\/exportadores-se-comprometen-a-traer-el-100-de-sus-divisas-al-pais\/#primaryimage"},"image":{"@id":"https:\/\/www.eldiario.net\/portal\/2024\/05\/14\/exportadores-se-comprometen-a-traer-el-100-de-sus-divisas-al-pais\/#primaryimage"},"thumbnailUrl":"https:\/\/www.eldiario.net\/portal\/wp-content\/uploads\/2024\/05\/MINE-FOTO-1-scaled.jpg","datePublished":"2024-05-14T11:43:16+00:00","breadcrumb":{"@id":"https:\/\/www.eldiario.net\/portal\/2024\/05\/14\/exportadores-se-comprometen-a-traer-el-100-de-sus-divisas-al-pais\/#breadcrumb"},"inLanguage":"es","potentialAction":[{"@type":"ReadAction","target":["https:\/\/www.eldiario.net\/portal\/2024\/05\/14\/exportadores-se-comprometen-a-traer-el-100-de-sus-divisas-al-pais\/"]}]},{"@type":"ImageObject","inLanguage":"es","@id":"https:\/\/www.eldiario.net\/portal\/2024\/05\/14\/exportadores-se-comprometen-a-traer-el-100-de-sus-divisas-al-pais\/#primaryimage","url":"https:\/\/www.eldiario.net\/portal\/wp-content\/uploads\/2024\/05\/MINE-FOTO-1-scaled.jpg","contentUrl":"https:\/\/www.eldiario.net\/portal\/wp-content\/uploads\/2024\/05\/MINE-FOTO-1-scaled.jpg","width":2560,"height":1707,"caption":"EL MINISTRO DE ECONOM\u00cdA, MARCELO MONTENEGRO. FOTO: MIN-ECO"},{"@type":"BreadcrumbList","@id":"https:\/\/www.eldiario.net\/portal\/2024\/05\/14\/exportadores-se-comprometen-a-traer-el-100-de-sus-divisas-al-pais\/#breadcrumb","itemListElement":[{"@type":"ListItem","position":1,"name":"Portada","item":"https:\/\/www.eldiario.net\/portal\/"},{"@type":"ListItem","position":2,"name":"Exportadores se comprometen a traer el 100% de sus divisas al pa\u00eds"}]},{"@type":"WebSite","@id":"https:\/\/www.eldiario.net\/portal\/#website","url":"https:\/\/www.eldiario.net\/portal\/","name":"El Diario - Decano de la prensa nacional","description":"El Diario - Decano de la prensa nacional","publisher":{"@id":"https:\/\/www.eldiario.net\/portal\/#organization"},"potentialAction":[{"@type":"SearchAction","target":{"@type":"EntryPoint","urlTemplate":"https:\/\/www.eldiario.net\/portal\/?s={search_term_string}"},"query-input":{"@type":"PropertyValueSpecification","valueRequired":true,"valueName":"search_term_string"}}],"inLanguage":"es"},{"@type":"Organization","@id":"https:\/\/www.eldiario.net\/portal\/#organization","name":"El Diario - Decano de la prensa nacional","url":"https:\/\/www.eldiario.net\/portal\/","logo":{"@type":"ImageObject","inLanguage":"es","@id":"https:\/\/www.eldiario.net\/portal\/#\/schema\/logo\/image\/","url":"https:\/\/www.eldiario.net\/portal\/wp-content\/uploads\/2023\/07\/logo_ED.jpg","contentUrl":"https:\/\/www.eldiario.net\/portal\/wp-content\/uploads\/2023\/07\/logo_ED.jpg","width":272,"height":52,"caption":"El Diario - Decano de la prensa nacional"},"image":{"@id":"https:\/\/www.eldiario.net\/portal\/#\/schema\/logo\/image\/"},"sameAs":["https:\/\/www.facebook.com\/eldiario.bolivia\/","https:\/\/x.com\/eldiario_net"]},{"@type":"Person","@id":"https:\/\/www.eldiario.net\/portal\/#\/schema\/person\/f46445640444750d7d753ccd04ae01b7","name":"Jeanette","image":{"@type":"ImageObject","inLanguage":"es","@id":"https:\/\/secure.gravatar.com\/avatar\/3ea2118a5f7dad2b7138b1187a6b7ee55f160b9968b66013c3a3ef39dd7e5798?s=96&d=mm&r=g","url":"https:\/\/secure.gravatar.com\/avatar\/3ea2118a5f7dad2b7138b1187a6b7ee55f160b9968b66013c3a3ef39dd7e5798?s=96&d=mm&r=g","contentUrl":"https:\/\/secure.gravatar.com\/avatar\/3ea2118a5f7dad2b7138b1187a6b7ee55f160b9968b66013c3a3ef39dd7e5798?s=96&d=mm&r=g","caption":"Jeanette"},"sameAs":["https:\/\/www.eldiario.net\/portal"],"url":"https:\/\/www.eldiario.net\/portal\/author\/jeanette\/"}]}},"_links":{"self":[{"href":"https:\/\/www.eldiario.net\/portal\/wp-json\/wp\/v2\/posts\/220525","targetHints":{"allow":["GET"]}}],"collection":[{"href":"https:\/\/www.eldiario.net\/portal\/wp-json\/wp\/v2\/posts"}],"about":[{"href":"https:\/\/www.eldiario.net\/portal\/wp-json\/wp\/v2\/types\/post"}],"author":[{"embeddable":true,"href":"https:\/\/www.eldiario.net\/portal\/wp-json\/wp\/v2\/users\/1"}],"replies":[{"embeddable":true,"href":"https:\/\/www.eldiario.net\/portal\/wp-json\/wp\/v2\/comments?post=220525"}],"version-history":[{"count":1,"href":"https:\/\/www.eldiario.net\/portal\/wp-json\/wp\/v2\/posts\/220525\/revisions"}],"predecessor-version":[{"id":220527,"href":"https:\/\/www.eldiario.net\/portal\/wp-json\/wp\/v2\/posts\/220525\/revisions\/220527"}],"wp:featuredmedia":[{"embeddable":true,"href":"https:\/\/www.eldiario.net\/portal\/wp-json\/wp\/v2\/media\/220526"}],"wp:attachment":[{"href":"https:\/\/www.eldiario.net\/portal\/wp-json\/wp\/v2\/media?parent=220525"}],"wp:term":[{"taxonomy":"category","embeddable":true,"href":"https:\/\/www.eldiario.net\/portal\/wp-json\/wp\/v2\/categories?post=220525"},{"taxonomy":"post_tag","embeddable":true,"href":"https:\/\/www.eldiario.net\/portal\/wp-json\/wp\/v2\/tags?post=220525"}],"curies":[{"name":"wp","href":"https:\/\/api.w.org\/{rel}","templated":true}]}}