{"id":220516,"date":"2024-05-14T07:35:07","date_gmt":"2024-05-14T11:35:07","guid":{"rendered":"https:\/\/www.eldiario.net\/portal\/?p=220516"},"modified":"2024-05-14T07:35:07","modified_gmt":"2024-05-14T11:35:07","slug":"huaytari-se-ha-convertido-en-una-traba-para-la-alp","status":"publish","type":"post","link":"https:\/\/www.eldiario.net\/portal\/2024\/05\/14\/huaytari-se-ha-convertido-en-una-traba-para-la-alp\/","title":{"rendered":"Huaytari se ha convertido  en una traba para la ALP"},"content":{"rendered":"<p>Se\u00f1alando que las denuncias en contra del actual presidente de la C\u00e1mara de Diputados y la falta de convocatoria a sesiones en esta instancia\u00a0 legislativa perjudican el trabajo del Parlamento, el diputado por Comunidad Ciudadana (CC), Alberto Astorga, se\u00f1al\u00f3 que Israel Huaytari se ha convertid en la \u201cpiedra en el zapato\u201d en el Legislativo, por lo que pidi\u00f3 su renuncia.<\/p>\n<p>En criterio del asamble\u00edsta pace\u00f1o, el titular de la C\u00e1mara Baja se ha convertido en un factor que no aporta al trabajo en el Legislativo y es como una \u201cpiedra en el zapato\u201d cuando se trata de sesionar para el an\u00e1lisis de temas importantes para el pa\u00eds.<\/p>\n<p>Ante este contexto y lamentando que las pocas sesiones convocadas en el \u00faltimo tiempo hayan terminado siendo postergadas debido a la falta de voluntad y consensos para alcanzar acuerdos entre bancadas, Astorga apunt\u00f3 que la \u00fanica salida pasa por el alejamiento de esta autoridad.<\/p>\n<p>\u201cLas pocas veces que llama a sesi\u00f3n, pr\u00e1cticamente se posterga y ahora la \u00fanica soluci\u00f3n es que d\u00e9 un paso al costado\u201d, sostuvo.<\/p>\n<p>Agreg\u00f3 que solo con la renuncia de Huaytari se podr\u00e1 reencaminar el trabajo de la ALP y se dar\u00e1 una salida a temas urgentes como el tratamiento de los proyectos de ley contra la prorroga judicial y otros que se encuentran paralizados por falta de consensos. \u201cTiene que renunciar\u201d, insisti\u00f3.<\/p>\n<p>Sobre este tema, el senador oficialista F\u00e9lix Ajpi, sugiri\u00f3 al presidente de la C\u00e1mara Baja, poner su cargo en consideraci\u00f3n hasta que las respectivas investigaciones por supuesta legitimaci\u00f3n de ganancias, establezcan su responsabilidad o se\u00f1alen su inocencia.<\/p>\n<p>El fin de semana, Huaytari expres\u00f3 sorpresa e indignaci\u00f3n, por la denuncia e investigaci\u00f3n en su contra por temas de supuesta corrupci\u00f3n.<\/p>\n<p>\u201cNo tengo nada que ocultar. No vamos a tolerar acusaciones infundadas. Estoy dispuesto a levantar mi secreto bancario si es necesario sin temor alguno\u201d manifest\u00f3 la autoridad legislativa, denunciando intereses para truncar su carrera pol\u00edtica.<\/p>\n","protected":false},"excerpt":{"rendered":"<p>Se\u00f1alando que las denuncias en contra del actual presidente de la C\u00e1mara de Diputados y la falta de convocatoria a sesiones en esta instancia\u00a0 legislativa perjudican el trabajo del Parlamento, el diputado por Comunidad Ciudadana (CC), Alberto Astorga, se\u00f1al\u00f3 que Israel Huaytari se ha convertid en la \u201cpiedra en el zapato\u201d en el Legislativo, por [&hellip;]<\/p>\n","protected":false},"author":1,"featured_media":220517,"comment_status":"open","ping_status":"open","sticky":false,"template":"","format":"standard","meta":{"_acf_changed":false,"footnotes":""},"categories":[14],"tags":[],"class_list":["post-220516","post","type-post","status-publish","format-standard","has-post-thumbnail","category-politica"],"acf":{"antetitulo":"Por denuncias de corrupci\u00f3n "},"yoast_head":"<!-- This site is optimized with the Yoast SEO plugin v28.4 - https:\/\/yoast.com\/product\/yoast-seo-wordpress\/ -->\n<title>Huaytari se ha convertido en una traba para la ALP - El Diario - Bolivia<\/title>\n<meta name=\"robots\" content=\"index, follow, max-snippet:-1, max-image-preview:large, max-video-preview:-1\" \/>\n<link rel=\"canonical\" href=\"https:\/\/www.eldiario.net\/portal\/2024\/05\/14\/huaytari-se-ha-convertido-en-una-traba-para-la-alp\/\" \/>\n<meta property=\"og:locale\" content=\"es_ES\" \/>\n<meta property=\"og:type\" content=\"article\" \/>\n<meta property=\"og:title\" content=\"Huaytari se ha convertido en una traba para la ALP - El Diario - Bolivia\" \/>\n<meta property=\"og:description\" content=\"Se\u00f1alando que las denuncias en contra del actual presidente de la C\u00e1mara de Diputados y la falta de convocatoria a sesiones en esta instancia\u00a0 legislativa perjudican el trabajo del Parlamento, el diputado por Comunidad Ciudadana (CC), Alberto Astorga, se\u00f1al\u00f3 que Israel Huaytari se ha convertid en la \u201cpiedra en el zapato\u201d en el Legislativo, por [&hellip;]\" \/>\n<meta property=\"og:url\" content=\"https:\/\/www.eldiario.net\/portal\/2024\/05\/14\/huaytari-se-ha-convertido-en-una-traba-para-la-alp\/\" \/>\n<meta property=\"og:site_name\" content=\"El Diario - Bolivia\" \/>\n<meta property=\"article:publisher\" content=\"https:\/\/www.facebook.com\/eldiario.bolivia\/\" \/>\n<meta property=\"article:published_time\" content=\"2024-05-14T11:35:07+00:00\" \/>\n<meta property=\"og:image\" content=\"https:\/\/www.eldiario.net\/portal\/wp-content\/uploads\/2024\/05\/ASTORGA-FOTO.jpg\" \/>\n\t<meta property=\"og:image:width\" content=\"2048\" \/>\n\t<meta property=\"og:image:height\" content=\"1702\" \/>\n\t<meta property=\"og:image:type\" content=\"image\/jpeg\" \/>\n<meta name=\"author\" content=\"Jeanette\" \/>\n<meta name=\"twitter:card\" content=\"summary_large_image\" \/>\n<meta name=\"twitter:creator\" content=\"@eldiario_net\" \/>\n<meta name=\"twitter:site\" content=\"@eldiario_net\" \/>\n<meta name=\"twitter:label1\" content=\"Escrito por\" \/>\n\t<meta name=\"twitter:data1\" content=\"Jeanette\" \/>\n\t<meta name=\"twitter:label2\" content=\"Tiempo de lectura\" \/>\n\t<meta name=\"twitter:data2\" content=\"2 minutos\" \/>\n<script type=\"application\/ld+json\" class=\"yoast-schema-graph\">{\"@context\":\"https:\\\/\\\/schema.org\",\"@graph\":[{\"@type\":\"Article\",\"@id\":\"https:\\\/\\\/www.eldiario.net\\\/portal\\\/2024\\\/05\\\/14\\\/huaytari-se-ha-convertido-en-una-traba-para-la-alp\\\/#article\",\"isPartOf\":{\"@id\":\"https:\\\/\\\/www.eldiario.net\\\/portal\\\/2024\\\/05\\\/14\\\/huaytari-se-ha-convertido-en-una-traba-para-la-alp\\\/\"},\"author\":{\"name\":\"Jeanette\",\"@id\":\"https:\\\/\\\/www.eldiario.net\\\/portal\\\/#\\\/schema\\\/person\\\/f46445640444750d7d753ccd04ae01b7\"},\"headline\":\"Huaytari se ha convertido en una traba para la ALP\",\"datePublished\":\"2024-05-14T11:35:07+00:00\",\"mainEntityOfPage\":{\"@id\":\"https:\\\/\\\/www.eldiario.net\\\/portal\\\/2024\\\/05\\\/14\\\/huaytari-se-ha-convertido-en-una-traba-para-la-alp\\\/\"},\"wordCount\":348,\"commentCount\":0,\"publisher\":{\"@id\":\"https:\\\/\\\/www.eldiario.net\\\/portal\\\/#organization\"},\"image\":{\"@id\":\"https:\\\/\\\/www.eldiario.net\\\/portal\\\/2024\\\/05\\\/14\\\/huaytari-se-ha-convertido-en-una-traba-para-la-alp\\\/#primaryimage\"},\"thumbnailUrl\":\"https:\\\/\\\/www.eldiario.net\\\/portal\\\/wp-content\\\/uploads\\\/2024\\\/05\\\/ASTORGA-FOTO.jpg\",\"articleSection\":[\"Pol\u00edtica\"],\"inLanguage\":\"es\",\"potentialAction\":[{\"@type\":\"CommentAction\",\"name\":\"Comment\",\"target\":[\"https:\\\/\\\/www.eldiario.net\\\/portal\\\/2024\\\/05\\\/14\\\/huaytari-se-ha-convertido-en-una-traba-para-la-alp\\\/#respond\"]}]},{\"@type\":\"WebPage\",\"@id\":\"https:\\\/\\\/www.eldiario.net\\\/portal\\\/2024\\\/05\\\/14\\\/huaytari-se-ha-convertido-en-una-traba-para-la-alp\\\/\",\"url\":\"https:\\\/\\\/www.eldiario.net\\\/portal\\\/2024\\\/05\\\/14\\\/huaytari-se-ha-convertido-en-una-traba-para-la-alp\\\/\",\"name\":\"Huaytari se ha convertido en una traba para la ALP - El Diario - Bolivia\",\"isPartOf\":{\"@id\":\"https:\\\/\\\/www.eldiario.net\\\/portal\\\/#website\"},\"primaryImageOfPage\":{\"@id\":\"https:\\\/\\\/www.eldiario.net\\\/portal\\\/2024\\\/05\\\/14\\\/huaytari-se-ha-convertido-en-una-traba-para-la-alp\\\/#primaryimage\"},\"image\":{\"@id\":\"https:\\\/\\\/www.eldiario.net\\\/portal\\\/2024\\\/05\\\/14\\\/huaytari-se-ha-convertido-en-una-traba-para-la-alp\\\/#primaryimage\"},\"thumbnailUrl\":\"https:\\\/\\\/www.eldiario.net\\\/portal\\\/wp-content\\\/uploads\\\/2024\\\/05\\\/ASTORGA-FOTO.jpg\",\"datePublished\":\"2024-05-14T11:35:07+00:00\",\"breadcrumb\":{\"@id\":\"https:\\\/\\\/www.eldiario.net\\\/portal\\\/2024\\\/05\\\/14\\\/huaytari-se-ha-convertido-en-una-traba-para-la-alp\\\/#breadcrumb\"},\"inLanguage\":\"es\",\"potentialAction\":[{\"@type\":\"ReadAction\",\"target\":[\"https:\\\/\\\/www.eldiario.net\\\/portal\\\/2024\\\/05\\\/14\\\/huaytari-se-ha-convertido-en-una-traba-para-la-alp\\\/\"]}]},{\"@type\":\"ImageObject\",\"inLanguage\":\"es\",\"@id\":\"https:\\\/\\\/www.eldiario.net\\\/portal\\\/2024\\\/05\\\/14\\\/huaytari-se-ha-convertido-en-una-traba-para-la-alp\\\/#primaryimage\",\"url\":\"https:\\\/\\\/www.eldiario.net\\\/portal\\\/wp-content\\\/uploads\\\/2024\\\/05\\\/ASTORGA-FOTO.jpg\",\"contentUrl\":\"https:\\\/\\\/www.eldiario.net\\\/portal\\\/wp-content\\\/uploads\\\/2024\\\/05\\\/ASTORGA-FOTO.jpg\",\"width\":2048,\"height\":1702,\"caption\":\"Diputado Alberto Astorga (CC) CREDITOS \\\/ RRSS\"},{\"@type\":\"BreadcrumbList\",\"@id\":\"https:\\\/\\\/www.eldiario.net\\\/portal\\\/2024\\\/05\\\/14\\\/huaytari-se-ha-convertido-en-una-traba-para-la-alp\\\/#breadcrumb\",\"itemListElement\":[{\"@type\":\"ListItem\",\"position\":1,\"name\":\"Portada\",\"item\":\"https:\\\/\\\/www.eldiario.net\\\/portal\\\/\"},{\"@type\":\"ListItem\",\"position\":2,\"name\":\"Huaytari se ha convertido en una traba para la ALP\"}]},{\"@type\":\"WebSite\",\"@id\":\"https:\\\/\\\/www.eldiario.net\\\/portal\\\/#website\",\"url\":\"https:\\\/\\\/www.eldiario.net\\\/portal\\\/\",\"name\":\"El Diario - Decano de la prensa nacional\",\"description\":\"El Diario - Decano de la prensa nacional\",\"publisher\":{\"@id\":\"https:\\\/\\\/www.eldiario.net\\\/portal\\\/#organization\"},\"potentialAction\":[{\"@type\":\"SearchAction\",\"target\":{\"@type\":\"EntryPoint\",\"urlTemplate\":\"https:\\\/\\\/www.eldiario.net\\\/portal\\\/?s={search_term_string}\"},\"query-input\":{\"@type\":\"PropertyValueSpecification\",\"valueRequired\":true,\"valueName\":\"search_term_string\"}}],\"inLanguage\":\"es\"},{\"@type\":\"Organization\",\"@id\":\"https:\\\/\\\/www.eldiario.net\\\/portal\\\/#organization\",\"name\":\"El Diario - Decano de la prensa nacional\",\"url\":\"https:\\\/\\\/www.eldiario.net\\\/portal\\\/\",\"logo\":{\"@type\":\"ImageObject\",\"inLanguage\":\"es\",\"@id\":\"https:\\\/\\\/www.eldiario.net\\\/portal\\\/#\\\/schema\\\/logo\\\/image\\\/\",\"url\":\"https:\\\/\\\/www.eldiario.net\\\/portal\\\/wp-content\\\/uploads\\\/2023\\\/07\\\/logo_ED.jpg\",\"contentUrl\":\"https:\\\/\\\/www.eldiario.net\\\/portal\\\/wp-content\\\/uploads\\\/2023\\\/07\\\/logo_ED.jpg\",\"width\":272,\"height\":52,\"caption\":\"El Diario - Decano de la prensa nacional\"},\"image\":{\"@id\":\"https:\\\/\\\/www.eldiario.net\\\/portal\\\/#\\\/schema\\\/logo\\\/image\\\/\"},\"sameAs\":[\"https:\\\/\\\/www.facebook.com\\\/eldiario.bolivia\\\/\",\"https:\\\/\\\/x.com\\\/eldiario_net\"]},{\"@type\":\"Person\",\"@id\":\"https:\\\/\\\/www.eldiario.net\\\/portal\\\/#\\\/schema\\\/person\\\/f46445640444750d7d753ccd04ae01b7\",\"name\":\"Jeanette\",\"image\":{\"@type\":\"ImageObject\",\"inLanguage\":\"es\",\"@id\":\"https:\\\/\\\/secure.gravatar.com\\\/avatar\\\/3ea2118a5f7dad2b7138b1187a6b7ee55f160b9968b66013c3a3ef39dd7e5798?s=96&d=mm&r=g\",\"url\":\"https:\\\/\\\/secure.gravatar.com\\\/avatar\\\/3ea2118a5f7dad2b7138b1187a6b7ee55f160b9968b66013c3a3ef39dd7e5798?s=96&d=mm&r=g\",\"contentUrl\":\"https:\\\/\\\/secure.gravatar.com\\\/avatar\\\/3ea2118a5f7dad2b7138b1187a6b7ee55f160b9968b66013c3a3ef39dd7e5798?s=96&d=mm&r=g\",\"caption\":\"Jeanette\"},\"sameAs\":[\"https:\\\/\\\/www.eldiario.net\\\/portal\"],\"url\":\"https:\\\/\\\/www.eldiario.net\\\/portal\\\/author\\\/jeanette\\\/\"}]}<\/script>\n<!-- \/ Yoast SEO plugin. -->","yoast_head_json":{"title":"Huaytari se ha convertido en una traba para la ALP - El Diario - Bolivia","robots":{"index":"index","follow":"follow","max-snippet":"max-snippet:-1","max-image-preview":"max-image-preview:large","max-video-preview":"max-video-preview:-1"},"canonical":"https:\/\/www.eldiario.net\/portal\/2024\/05\/14\/huaytari-se-ha-convertido-en-una-traba-para-la-alp\/","og_locale":"es_ES","og_type":"article","og_title":"Huaytari se ha convertido en una traba para la ALP - El Diario - Bolivia","og_description":"Se\u00f1alando que las denuncias en contra del actual presidente de la C\u00e1mara de Diputados y la falta de convocatoria a sesiones en esta instancia\u00a0 legislativa perjudican el trabajo del Parlamento, el diputado por Comunidad Ciudadana (CC), Alberto Astorga, se\u00f1al\u00f3 que Israel Huaytari se ha convertid en la \u201cpiedra en el zapato\u201d en el Legislativo, por [&hellip;]","og_url":"https:\/\/www.eldiario.net\/portal\/2024\/05\/14\/huaytari-se-ha-convertido-en-una-traba-para-la-alp\/","og_site_name":"El Diario - Bolivia","article_publisher":"https:\/\/www.facebook.com\/eldiario.bolivia\/","article_published_time":"2024-05-14T11:35:07+00:00","og_image":[{"width":2048,"height":1702,"url":"https:\/\/www.eldiario.net\/portal\/wp-content\/uploads\/2024\/05\/ASTORGA-FOTO.jpg","type":"image\/jpeg"}],"author":"Jeanette","twitter_card":"summary_large_image","twitter_creator":"@eldiario_net","twitter_site":"@eldiario_net","twitter_misc":{"Escrito por":"Jeanette","Tiempo de lectura":"2 minutos"},"schema":{"@context":"https:\/\/schema.org","@graph":[{"@type":"Article","@id":"https:\/\/www.eldiario.net\/portal\/2024\/05\/14\/huaytari-se-ha-convertido-en-una-traba-para-la-alp\/#article","isPartOf":{"@id":"https:\/\/www.eldiario.net\/portal\/2024\/05\/14\/huaytari-se-ha-convertido-en-una-traba-para-la-alp\/"},"author":{"name":"Jeanette","@id":"https:\/\/www.eldiario.net\/portal\/#\/schema\/person\/f46445640444750d7d753ccd04ae01b7"},"headline":"Huaytari se ha convertido en una traba para la ALP","datePublished":"2024-05-14T11:35:07+00:00","mainEntityOfPage":{"@id":"https:\/\/www.eldiario.net\/portal\/2024\/05\/14\/huaytari-se-ha-convertido-en-una-traba-para-la-alp\/"},"wordCount":348,"commentCount":0,"publisher":{"@id":"https:\/\/www.eldiario.net\/portal\/#organization"},"image":{"@id":"https:\/\/www.eldiario.net\/portal\/2024\/05\/14\/huaytari-se-ha-convertido-en-una-traba-para-la-alp\/#primaryimage"},"thumbnailUrl":"https:\/\/www.eldiario.net\/portal\/wp-content\/uploads\/2024\/05\/ASTORGA-FOTO.jpg","articleSection":["Pol\u00edtica"],"inLanguage":"es","potentialAction":[{"@type":"CommentAction","name":"Comment","target":["https:\/\/www.eldiario.net\/portal\/2024\/05\/14\/huaytari-se-ha-convertido-en-una-traba-para-la-alp\/#respond"]}]},{"@type":"WebPage","@id":"https:\/\/www.eldiario.net\/portal\/2024\/05\/14\/huaytari-se-ha-convertido-en-una-traba-para-la-alp\/","url":"https:\/\/www.eldiario.net\/portal\/2024\/05\/14\/huaytari-se-ha-convertido-en-una-traba-para-la-alp\/","name":"Huaytari se ha convertido en una traba para la ALP - El Diario - Bolivia","isPartOf":{"@id":"https:\/\/www.eldiario.net\/portal\/#website"},"primaryImageOfPage":{"@id":"https:\/\/www.eldiario.net\/portal\/2024\/05\/14\/huaytari-se-ha-convertido-en-una-traba-para-la-alp\/#primaryimage"},"image":{"@id":"https:\/\/www.eldiario.net\/portal\/2024\/05\/14\/huaytari-se-ha-convertido-en-una-traba-para-la-alp\/#primaryimage"},"thumbnailUrl":"https:\/\/www.eldiario.net\/portal\/wp-content\/uploads\/2024\/05\/ASTORGA-FOTO.jpg","datePublished":"2024-05-14T11:35:07+00:00","breadcrumb":{"@id":"https:\/\/www.eldiario.net\/portal\/2024\/05\/14\/huaytari-se-ha-convertido-en-una-traba-para-la-alp\/#breadcrumb"},"inLanguage":"es","potentialAction":[{"@type":"ReadAction","target":["https:\/\/www.eldiario.net\/portal\/2024\/05\/14\/huaytari-se-ha-convertido-en-una-traba-para-la-alp\/"]}]},{"@type":"ImageObject","inLanguage":"es","@id":"https:\/\/www.eldiario.net\/portal\/2024\/05\/14\/huaytari-se-ha-convertido-en-una-traba-para-la-alp\/#primaryimage","url":"https:\/\/www.eldiario.net\/portal\/wp-content\/uploads\/2024\/05\/ASTORGA-FOTO.jpg","contentUrl":"https:\/\/www.eldiario.net\/portal\/wp-content\/uploads\/2024\/05\/ASTORGA-FOTO.jpg","width":2048,"height":1702,"caption":"Diputado Alberto Astorga (CC) CREDITOS \/ RRSS"},{"@type":"BreadcrumbList","@id":"https:\/\/www.eldiario.net\/portal\/2024\/05\/14\/huaytari-se-ha-convertido-en-una-traba-para-la-alp\/#breadcrumb","itemListElement":[{"@type":"ListItem","position":1,"name":"Portada","item":"https:\/\/www.eldiario.net\/portal\/"},{"@type":"ListItem","position":2,"name":"Huaytari se ha convertido en una traba para la ALP"}]},{"@type":"WebSite","@id":"https:\/\/www.eldiario.net\/portal\/#website","url":"https:\/\/www.eldiario.net\/portal\/","name":"El Diario - Decano de la prensa nacional","description":"El Diario - Decano de la prensa nacional","publisher":{"@id":"https:\/\/www.eldiario.net\/portal\/#organization"},"potentialAction":[{"@type":"SearchAction","target":{"@type":"EntryPoint","urlTemplate":"https:\/\/www.eldiario.net\/portal\/?s={search_term_string}"},"query-input":{"@type":"PropertyValueSpecification","valueRequired":true,"valueName":"search_term_string"}}],"inLanguage":"es"},{"@type":"Organization","@id":"https:\/\/www.eldiario.net\/portal\/#organization","name":"El Diario - Decano de la prensa nacional","url":"https:\/\/www.eldiario.net\/portal\/","logo":{"@type":"ImageObject","inLanguage":"es","@id":"https:\/\/www.eldiario.net\/portal\/#\/schema\/logo\/image\/","url":"https:\/\/www.eldiario.net\/portal\/wp-content\/uploads\/2023\/07\/logo_ED.jpg","contentUrl":"https:\/\/www.eldiario.net\/portal\/wp-content\/uploads\/2023\/07\/logo_ED.jpg","width":272,"height":52,"caption":"El Diario - Decano de la prensa nacional"},"image":{"@id":"https:\/\/www.eldiario.net\/portal\/#\/schema\/logo\/image\/"},"sameAs":["https:\/\/www.facebook.com\/eldiario.bolivia\/","https:\/\/x.com\/eldiario_net"]},{"@type":"Person","@id":"https:\/\/www.eldiario.net\/portal\/#\/schema\/person\/f46445640444750d7d753ccd04ae01b7","name":"Jeanette","image":{"@type":"ImageObject","inLanguage":"es","@id":"https:\/\/secure.gravatar.com\/avatar\/3ea2118a5f7dad2b7138b1187a6b7ee55f160b9968b66013c3a3ef39dd7e5798?s=96&d=mm&r=g","url":"https:\/\/secure.gravatar.com\/avatar\/3ea2118a5f7dad2b7138b1187a6b7ee55f160b9968b66013c3a3ef39dd7e5798?s=96&d=mm&r=g","contentUrl":"https:\/\/secure.gravatar.com\/avatar\/3ea2118a5f7dad2b7138b1187a6b7ee55f160b9968b66013c3a3ef39dd7e5798?s=96&d=mm&r=g","caption":"Jeanette"},"sameAs":["https:\/\/www.eldiario.net\/portal"],"url":"https:\/\/www.eldiario.net\/portal\/author\/jeanette\/"}]}},"_links":{"self":[{"href":"https:\/\/www.eldiario.net\/portal\/wp-json\/wp\/v2\/posts\/220516","targetHints":{"allow":["GET"]}}],"collection":[{"href":"https:\/\/www.eldiario.net\/portal\/wp-json\/wp\/v2\/posts"}],"about":[{"href":"https:\/\/www.eldiario.net\/portal\/wp-json\/wp\/v2\/types\/post"}],"author":[{"embeddable":true,"href":"https:\/\/www.eldiario.net\/portal\/wp-json\/wp\/v2\/users\/1"}],"replies":[{"embeddable":true,"href":"https:\/\/www.eldiario.net\/portal\/wp-json\/wp\/v2\/comments?post=220516"}],"version-history":[{"count":1,"href":"https:\/\/www.eldiario.net\/portal\/wp-json\/wp\/v2\/posts\/220516\/revisions"}],"predecessor-version":[{"id":220518,"href":"https:\/\/www.eldiario.net\/portal\/wp-json\/wp\/v2\/posts\/220516\/revisions\/220518"}],"wp:featuredmedia":[{"embeddable":true,"href":"https:\/\/www.eldiario.net\/portal\/wp-json\/wp\/v2\/media\/220517"}],"wp:attachment":[{"href":"https:\/\/www.eldiario.net\/portal\/wp-json\/wp\/v2\/media?parent=220516"}],"wp:term":[{"taxonomy":"category","embeddable":true,"href":"https:\/\/www.eldiario.net\/portal\/wp-json\/wp\/v2\/categories?post=220516"},{"taxonomy":"post_tag","embeddable":true,"href":"https:\/\/www.eldiario.net\/portal\/wp-json\/wp\/v2\/tags?post=220516"}],"curies":[{"name":"wp","href":"https:\/\/api.w.org\/{rel}","templated":true}]}}