{"id":220513,"date":"2024-05-14T07:34:33","date_gmt":"2024-05-14T11:34:33","guid":{"rendered":"https:\/\/www.eldiario.net\/portal\/?p=220513"},"modified":"2024-05-14T07:34:33","modified_gmt":"2024-05-14T11:34:33","slug":"creemos-asegura-que-pondra-freno-a-apetitos-dictatoriales-del-masismo","status":"publish","type":"post","link":"https:\/\/www.eldiario.net\/portal\/2024\/05\/14\/creemos-asegura-que-pondra-freno-a-apetitos-dictatoriales-del-masismo\/","title":{"rendered":"Creemos asegura que pondr\u00e1 freno  a apetitos dictatoriales del masismo"},"content":{"rendered":"<p>El diputado Walthy Eg\u00fcez afirm\u00f3 que la fuerza pol\u00edtica de oposici\u00f3n Creemos liderada por Luis Fernando Camacho ser\u00e1 la herramienta con la que el pa\u00eds pondr\u00e1 freno a los afanes dictatoriales del Movimiento Al Socialismo (MAS) y todas sus acciones para sostenerse en el gobierno.<\/p>\n<p>\u201cLa credibilidad de la poblaci\u00f3n boliviana en Creemos, y en el liderazgo de Luis Fernando Camacho est\u00e1n intactos (\u2026) el s\u00e1bado se ha realizado el Congreso Nacional de Creemos en Tarija que demuestra el trabajo que estamos haciendo los dirigentes de Creemos para generar el instrumento que va a frenar esos apetitos dictatoriales del \u2018masismo\u2019 el gobernador est\u00e1 al tanto, est\u00e1 coordinando mediante las personas que acceden a visitarlo\u201d, se\u00f1al\u00f3.<\/p>\n<p>En este sentido, se\u00f1al\u00f3 que el alejamiento de los disidentes, de los detractores de Camacho y de Creemos ha contribuido a fortalecer su esencia antidictatorial y<\/p>\n<p>\u201cCreemos ha sufrido una divisi\u00f3n en el \u00e1mbito de las autoridades (\u2026) el apoyo de la poblaci\u00f3n, de la gente se mantiene intacta puesto que los disidentes han salido con la marca de la traici\u00f3n y ahora tienen el rechazo de la poblaci\u00f3n. No tiene espalda ni estructura pol\u00edtica en el pa\u00eds. Se fueron con el cargo diputados o asamble\u00edstas\u201d es lo \u00fanico que se ha podido llevar\u201d, enfatiz\u00f3.<\/p>\n<p>Se\u00f1al\u00f3 tambi\u00e9n que, a pesar de estar f\u00edsicamente disminuido la mayor motivaci\u00f3n de Luis Fernando Camacho es su indeclinable defensa de la democracia, las libertades ciudadanas y un futuro de apertura al contexto internacional, al que se niega el actual gobierno limitando al pa\u00eds a los intereses espec\u00edficos de algunos pa\u00edses y su grupo de poder.<\/p>\n<p>En este sentido, destac\u00f3 el liderazgo de Camacho en Santa Cruz y la lealtad de la militancia de Creemos que vot\u00f3 en los comicios de 2020, a manera de ejemplo, se\u00f1al\u00f3 la reciente multitudinaria marcha del pasado viernes, 10 de mayo, de rechazo al DS 5143 donde la poblaci\u00f3n core\u00f3 fren\u00e9ticamente por la liberaci\u00f3n del gobernador cruce\u00f1o, adem\u00e1s de la abrogaci\u00f3n deesa norma y defensa de la democracia.<\/p>\n","protected":false},"excerpt":{"rendered":"<p>El diputado Walthy Eg\u00fcez afirm\u00f3 que la fuerza pol\u00edtica de oposici\u00f3n Creemos liderada por Luis Fernando Camacho ser\u00e1 la herramienta con la que el pa\u00eds pondr\u00e1 freno a los afanes dictatoriales del Movimiento Al Socialismo (MAS) y todas sus acciones para sostenerse en el gobierno. \u201cLa credibilidad de la poblaci\u00f3n boliviana en Creemos, y en [&hellip;]<\/p>\n","protected":false},"author":1,"featured_media":220514,"comment_status":"open","ping_status":"open","sticky":false,"template":"","format":"standard","meta":{"_acf_changed":false,"footnotes":""},"categories":[14],"tags":[],"class_list":["post-220513","post","type-post","status-publish","format-standard","has-post-thumbnail","category-politica"],"acf":{"antetitulo":""},"yoast_head":"<!-- This site is optimized with the Yoast SEO plugin v28.4 - https:\/\/yoast.com\/product\/yoast-seo-wordpress\/ -->\n<title>Creemos asegura que pondr\u00e1 freno a apetitos dictatoriales del masismo - El Diario - Bolivia<\/title>\n<meta name=\"robots\" content=\"index, follow, max-snippet:-1, max-image-preview:large, max-video-preview:-1\" \/>\n<link rel=\"canonical\" href=\"https:\/\/www.eldiario.net\/portal\/2024\/05\/14\/creemos-asegura-que-pondra-freno-a-apetitos-dictatoriales-del-masismo\/\" \/>\n<meta property=\"og:locale\" content=\"es_ES\" \/>\n<meta property=\"og:type\" content=\"article\" \/>\n<meta property=\"og:title\" content=\"Creemos asegura que pondr\u00e1 freno a apetitos dictatoriales del masismo - El Diario - Bolivia\" \/>\n<meta property=\"og:description\" content=\"El diputado Walthy Eg\u00fcez afirm\u00f3 que la fuerza pol\u00edtica de oposici\u00f3n Creemos liderada por Luis Fernando Camacho ser\u00e1 la herramienta con la que el pa\u00eds pondr\u00e1 freno a los afanes dictatoriales del Movimiento Al Socialismo (MAS) y todas sus acciones para sostenerse en el gobierno. \u201cLa credibilidad de la poblaci\u00f3n boliviana en Creemos, y en [&hellip;]\" \/>\n<meta property=\"og:url\" content=\"https:\/\/www.eldiario.net\/portal\/2024\/05\/14\/creemos-asegura-que-pondra-freno-a-apetitos-dictatoriales-del-masismo\/\" \/>\n<meta property=\"og:site_name\" content=\"El Diario - Bolivia\" \/>\n<meta property=\"article:publisher\" content=\"https:\/\/www.facebook.com\/eldiario.bolivia\/\" \/>\n<meta property=\"article:published_time\" content=\"2024-05-14T11:34:33+00:00\" \/>\n<meta property=\"og:image\" content=\"https:\/\/www.eldiario.net\/portal\/wp-content\/uploads\/2024\/05\/CREEMOS-FOTO.jpg\" \/>\n\t<meta property=\"og:image:width\" content=\"1600\" \/>\n\t<meta property=\"og:image:height\" content=\"1566\" \/>\n\t<meta property=\"og:image:type\" content=\"image\/jpeg\" \/>\n<meta name=\"author\" content=\"Jeanette\" \/>\n<meta name=\"twitter:card\" content=\"summary_large_image\" \/>\n<meta name=\"twitter:creator\" content=\"@eldiario_net\" \/>\n<meta name=\"twitter:site\" content=\"@eldiario_net\" \/>\n<meta name=\"twitter:label1\" content=\"Escrito por\" \/>\n\t<meta name=\"twitter:data1\" content=\"Jeanette\" \/>\n\t<meta name=\"twitter:label2\" content=\"Tiempo de lectura\" \/>\n\t<meta name=\"twitter:data2\" content=\"2 minutos\" \/>\n<script type=\"application\/ld+json\" class=\"yoast-schema-graph\">{\"@context\":\"https:\\\/\\\/schema.org\",\"@graph\":[{\"@type\":\"Article\",\"@id\":\"https:\\\/\\\/www.eldiario.net\\\/portal\\\/2024\\\/05\\\/14\\\/creemos-asegura-que-pondra-freno-a-apetitos-dictatoriales-del-masismo\\\/#article\",\"isPartOf\":{\"@id\":\"https:\\\/\\\/www.eldiario.net\\\/portal\\\/2024\\\/05\\\/14\\\/creemos-asegura-que-pondra-freno-a-apetitos-dictatoriales-del-masismo\\\/\"},\"author\":{\"name\":\"Jeanette\",\"@id\":\"https:\\\/\\\/www.eldiario.net\\\/portal\\\/#\\\/schema\\\/person\\\/f46445640444750d7d753ccd04ae01b7\"},\"headline\":\"Creemos asegura que pondr\u00e1 freno a apetitos dictatoriales del masismo\",\"datePublished\":\"2024-05-14T11:34:33+00:00\",\"mainEntityOfPage\":{\"@id\":\"https:\\\/\\\/www.eldiario.net\\\/portal\\\/2024\\\/05\\\/14\\\/creemos-asegura-que-pondra-freno-a-apetitos-dictatoriales-del-masismo\\\/\"},\"wordCount\":369,\"commentCount\":0,\"publisher\":{\"@id\":\"https:\\\/\\\/www.eldiario.net\\\/portal\\\/#organization\"},\"image\":{\"@id\":\"https:\\\/\\\/www.eldiario.net\\\/portal\\\/2024\\\/05\\\/14\\\/creemos-asegura-que-pondra-freno-a-apetitos-dictatoriales-del-masismo\\\/#primaryimage\"},\"thumbnailUrl\":\"https:\\\/\\\/www.eldiario.net\\\/portal\\\/wp-content\\\/uploads\\\/2024\\\/05\\\/CREEMOS-FOTO.jpg\",\"articleSection\":[\"Pol\u00edtica\"],\"inLanguage\":\"es\",\"potentialAction\":[{\"@type\":\"CommentAction\",\"name\":\"Comment\",\"target\":[\"https:\\\/\\\/www.eldiario.net\\\/portal\\\/2024\\\/05\\\/14\\\/creemos-asegura-que-pondra-freno-a-apetitos-dictatoriales-del-masismo\\\/#respond\"]}]},{\"@type\":\"WebPage\",\"@id\":\"https:\\\/\\\/www.eldiario.net\\\/portal\\\/2024\\\/05\\\/14\\\/creemos-asegura-que-pondra-freno-a-apetitos-dictatoriales-del-masismo\\\/\",\"url\":\"https:\\\/\\\/www.eldiario.net\\\/portal\\\/2024\\\/05\\\/14\\\/creemos-asegura-que-pondra-freno-a-apetitos-dictatoriales-del-masismo\\\/\",\"name\":\"Creemos asegura que pondr\u00e1 freno a apetitos dictatoriales del masismo - El Diario - Bolivia\",\"isPartOf\":{\"@id\":\"https:\\\/\\\/www.eldiario.net\\\/portal\\\/#website\"},\"primaryImageOfPage\":{\"@id\":\"https:\\\/\\\/www.eldiario.net\\\/portal\\\/2024\\\/05\\\/14\\\/creemos-asegura-que-pondra-freno-a-apetitos-dictatoriales-del-masismo\\\/#primaryimage\"},\"image\":{\"@id\":\"https:\\\/\\\/www.eldiario.net\\\/portal\\\/2024\\\/05\\\/14\\\/creemos-asegura-que-pondra-freno-a-apetitos-dictatoriales-del-masismo\\\/#primaryimage\"},\"thumbnailUrl\":\"https:\\\/\\\/www.eldiario.net\\\/portal\\\/wp-content\\\/uploads\\\/2024\\\/05\\\/CREEMOS-FOTO.jpg\",\"datePublished\":\"2024-05-14T11:34:33+00:00\",\"breadcrumb\":{\"@id\":\"https:\\\/\\\/www.eldiario.net\\\/portal\\\/2024\\\/05\\\/14\\\/creemos-asegura-que-pondra-freno-a-apetitos-dictatoriales-del-masismo\\\/#breadcrumb\"},\"inLanguage\":\"es\",\"potentialAction\":[{\"@type\":\"ReadAction\",\"target\":[\"https:\\\/\\\/www.eldiario.net\\\/portal\\\/2024\\\/05\\\/14\\\/creemos-asegura-que-pondra-freno-a-apetitos-dictatoriales-del-masismo\\\/\"]}]},{\"@type\":\"ImageObject\",\"inLanguage\":\"es\",\"@id\":\"https:\\\/\\\/www.eldiario.net\\\/portal\\\/2024\\\/05\\\/14\\\/creemos-asegura-que-pondra-freno-a-apetitos-dictatoriales-del-masismo\\\/#primaryimage\",\"url\":\"https:\\\/\\\/www.eldiario.net\\\/portal\\\/wp-content\\\/uploads\\\/2024\\\/05\\\/CREEMOS-FOTO.jpg\",\"contentUrl\":\"https:\\\/\\\/www.eldiario.net\\\/portal\\\/wp-content\\\/uploads\\\/2024\\\/05\\\/CREEMOS-FOTO.jpg\",\"width\":1600,\"height\":1566,\"caption\":\"El diputado Walthy Eg\u00fcez. FOTO: RRSS\"},{\"@type\":\"BreadcrumbList\",\"@id\":\"https:\\\/\\\/www.eldiario.net\\\/portal\\\/2024\\\/05\\\/14\\\/creemos-asegura-que-pondra-freno-a-apetitos-dictatoriales-del-masismo\\\/#breadcrumb\",\"itemListElement\":[{\"@type\":\"ListItem\",\"position\":1,\"name\":\"Portada\",\"item\":\"https:\\\/\\\/www.eldiario.net\\\/portal\\\/\"},{\"@type\":\"ListItem\",\"position\":2,\"name\":\"Creemos asegura que pondr\u00e1 freno a apetitos dictatoriales del masismo\"}]},{\"@type\":\"WebSite\",\"@id\":\"https:\\\/\\\/www.eldiario.net\\\/portal\\\/#website\",\"url\":\"https:\\\/\\\/www.eldiario.net\\\/portal\\\/\",\"name\":\"El Diario - Decano de la prensa nacional\",\"description\":\"El Diario - Decano de la prensa nacional\",\"publisher\":{\"@id\":\"https:\\\/\\\/www.eldiario.net\\\/portal\\\/#organization\"},\"potentialAction\":[{\"@type\":\"SearchAction\",\"target\":{\"@type\":\"EntryPoint\",\"urlTemplate\":\"https:\\\/\\\/www.eldiario.net\\\/portal\\\/?s={search_term_string}\"},\"query-input\":{\"@type\":\"PropertyValueSpecification\",\"valueRequired\":true,\"valueName\":\"search_term_string\"}}],\"inLanguage\":\"es\"},{\"@type\":\"Organization\",\"@id\":\"https:\\\/\\\/www.eldiario.net\\\/portal\\\/#organization\",\"name\":\"El Diario - Decano de la prensa nacional\",\"url\":\"https:\\\/\\\/www.eldiario.net\\\/portal\\\/\",\"logo\":{\"@type\":\"ImageObject\",\"inLanguage\":\"es\",\"@id\":\"https:\\\/\\\/www.eldiario.net\\\/portal\\\/#\\\/schema\\\/logo\\\/image\\\/\",\"url\":\"https:\\\/\\\/www.eldiario.net\\\/portal\\\/wp-content\\\/uploads\\\/2023\\\/07\\\/logo_ED.jpg\",\"contentUrl\":\"https:\\\/\\\/www.eldiario.net\\\/portal\\\/wp-content\\\/uploads\\\/2023\\\/07\\\/logo_ED.jpg\",\"width\":272,\"height\":52,\"caption\":\"El Diario - Decano de la prensa nacional\"},\"image\":{\"@id\":\"https:\\\/\\\/www.eldiario.net\\\/portal\\\/#\\\/schema\\\/logo\\\/image\\\/\"},\"sameAs\":[\"https:\\\/\\\/www.facebook.com\\\/eldiario.bolivia\\\/\",\"https:\\\/\\\/x.com\\\/eldiario_net\"]},{\"@type\":\"Person\",\"@id\":\"https:\\\/\\\/www.eldiario.net\\\/portal\\\/#\\\/schema\\\/person\\\/f46445640444750d7d753ccd04ae01b7\",\"name\":\"Jeanette\",\"image\":{\"@type\":\"ImageObject\",\"inLanguage\":\"es\",\"@id\":\"https:\\\/\\\/secure.gravatar.com\\\/avatar\\\/3ea2118a5f7dad2b7138b1187a6b7ee55f160b9968b66013c3a3ef39dd7e5798?s=96&d=mm&r=g\",\"url\":\"https:\\\/\\\/secure.gravatar.com\\\/avatar\\\/3ea2118a5f7dad2b7138b1187a6b7ee55f160b9968b66013c3a3ef39dd7e5798?s=96&d=mm&r=g\",\"contentUrl\":\"https:\\\/\\\/secure.gravatar.com\\\/avatar\\\/3ea2118a5f7dad2b7138b1187a6b7ee55f160b9968b66013c3a3ef39dd7e5798?s=96&d=mm&r=g\",\"caption\":\"Jeanette\"},\"sameAs\":[\"https:\\\/\\\/www.eldiario.net\\\/portal\"],\"url\":\"https:\\\/\\\/www.eldiario.net\\\/portal\\\/author\\\/jeanette\\\/\"}]}<\/script>\n<!-- \/ Yoast SEO plugin. -->","yoast_head_json":{"title":"Creemos asegura que pondr\u00e1 freno a apetitos dictatoriales del masismo - El Diario - Bolivia","robots":{"index":"index","follow":"follow","max-snippet":"max-snippet:-1","max-image-preview":"max-image-preview:large","max-video-preview":"max-video-preview:-1"},"canonical":"https:\/\/www.eldiario.net\/portal\/2024\/05\/14\/creemos-asegura-que-pondra-freno-a-apetitos-dictatoriales-del-masismo\/","og_locale":"es_ES","og_type":"article","og_title":"Creemos asegura que pondr\u00e1 freno a apetitos dictatoriales del masismo - El Diario - Bolivia","og_description":"El diputado Walthy Eg\u00fcez afirm\u00f3 que la fuerza pol\u00edtica de oposici\u00f3n Creemos liderada por Luis Fernando Camacho ser\u00e1 la herramienta con la que el pa\u00eds pondr\u00e1 freno a los afanes dictatoriales del Movimiento Al Socialismo (MAS) y todas sus acciones para sostenerse en el gobierno. \u201cLa credibilidad de la poblaci\u00f3n boliviana en Creemos, y en [&hellip;]","og_url":"https:\/\/www.eldiario.net\/portal\/2024\/05\/14\/creemos-asegura-que-pondra-freno-a-apetitos-dictatoriales-del-masismo\/","og_site_name":"El Diario - Bolivia","article_publisher":"https:\/\/www.facebook.com\/eldiario.bolivia\/","article_published_time":"2024-05-14T11:34:33+00:00","og_image":[{"width":1600,"height":1566,"url":"https:\/\/www.eldiario.net\/portal\/wp-content\/uploads\/2024\/05\/CREEMOS-FOTO.jpg","type":"image\/jpeg"}],"author":"Jeanette","twitter_card":"summary_large_image","twitter_creator":"@eldiario_net","twitter_site":"@eldiario_net","twitter_misc":{"Escrito por":"Jeanette","Tiempo de lectura":"2 minutos"},"schema":{"@context":"https:\/\/schema.org","@graph":[{"@type":"Article","@id":"https:\/\/www.eldiario.net\/portal\/2024\/05\/14\/creemos-asegura-que-pondra-freno-a-apetitos-dictatoriales-del-masismo\/#article","isPartOf":{"@id":"https:\/\/www.eldiario.net\/portal\/2024\/05\/14\/creemos-asegura-que-pondra-freno-a-apetitos-dictatoriales-del-masismo\/"},"author":{"name":"Jeanette","@id":"https:\/\/www.eldiario.net\/portal\/#\/schema\/person\/f46445640444750d7d753ccd04ae01b7"},"headline":"Creemos asegura que pondr\u00e1 freno a apetitos dictatoriales del masismo","datePublished":"2024-05-14T11:34:33+00:00","mainEntityOfPage":{"@id":"https:\/\/www.eldiario.net\/portal\/2024\/05\/14\/creemos-asegura-que-pondra-freno-a-apetitos-dictatoriales-del-masismo\/"},"wordCount":369,"commentCount":0,"publisher":{"@id":"https:\/\/www.eldiario.net\/portal\/#organization"},"image":{"@id":"https:\/\/www.eldiario.net\/portal\/2024\/05\/14\/creemos-asegura-que-pondra-freno-a-apetitos-dictatoriales-del-masismo\/#primaryimage"},"thumbnailUrl":"https:\/\/www.eldiario.net\/portal\/wp-content\/uploads\/2024\/05\/CREEMOS-FOTO.jpg","articleSection":["Pol\u00edtica"],"inLanguage":"es","potentialAction":[{"@type":"CommentAction","name":"Comment","target":["https:\/\/www.eldiario.net\/portal\/2024\/05\/14\/creemos-asegura-que-pondra-freno-a-apetitos-dictatoriales-del-masismo\/#respond"]}]},{"@type":"WebPage","@id":"https:\/\/www.eldiario.net\/portal\/2024\/05\/14\/creemos-asegura-que-pondra-freno-a-apetitos-dictatoriales-del-masismo\/","url":"https:\/\/www.eldiario.net\/portal\/2024\/05\/14\/creemos-asegura-que-pondra-freno-a-apetitos-dictatoriales-del-masismo\/","name":"Creemos asegura que pondr\u00e1 freno a apetitos dictatoriales del masismo - El Diario - Bolivia","isPartOf":{"@id":"https:\/\/www.eldiario.net\/portal\/#website"},"primaryImageOfPage":{"@id":"https:\/\/www.eldiario.net\/portal\/2024\/05\/14\/creemos-asegura-que-pondra-freno-a-apetitos-dictatoriales-del-masismo\/#primaryimage"},"image":{"@id":"https:\/\/www.eldiario.net\/portal\/2024\/05\/14\/creemos-asegura-que-pondra-freno-a-apetitos-dictatoriales-del-masismo\/#primaryimage"},"thumbnailUrl":"https:\/\/www.eldiario.net\/portal\/wp-content\/uploads\/2024\/05\/CREEMOS-FOTO.jpg","datePublished":"2024-05-14T11:34:33+00:00","breadcrumb":{"@id":"https:\/\/www.eldiario.net\/portal\/2024\/05\/14\/creemos-asegura-que-pondra-freno-a-apetitos-dictatoriales-del-masismo\/#breadcrumb"},"inLanguage":"es","potentialAction":[{"@type":"ReadAction","target":["https:\/\/www.eldiario.net\/portal\/2024\/05\/14\/creemos-asegura-que-pondra-freno-a-apetitos-dictatoriales-del-masismo\/"]}]},{"@type":"ImageObject","inLanguage":"es","@id":"https:\/\/www.eldiario.net\/portal\/2024\/05\/14\/creemos-asegura-que-pondra-freno-a-apetitos-dictatoriales-del-masismo\/#primaryimage","url":"https:\/\/www.eldiario.net\/portal\/wp-content\/uploads\/2024\/05\/CREEMOS-FOTO.jpg","contentUrl":"https:\/\/www.eldiario.net\/portal\/wp-content\/uploads\/2024\/05\/CREEMOS-FOTO.jpg","width":1600,"height":1566,"caption":"El diputado Walthy Eg\u00fcez. FOTO: RRSS"},{"@type":"BreadcrumbList","@id":"https:\/\/www.eldiario.net\/portal\/2024\/05\/14\/creemos-asegura-que-pondra-freno-a-apetitos-dictatoriales-del-masismo\/#breadcrumb","itemListElement":[{"@type":"ListItem","position":1,"name":"Portada","item":"https:\/\/www.eldiario.net\/portal\/"},{"@type":"ListItem","position":2,"name":"Creemos asegura que pondr\u00e1 freno a apetitos dictatoriales del masismo"}]},{"@type":"WebSite","@id":"https:\/\/www.eldiario.net\/portal\/#website","url":"https:\/\/www.eldiario.net\/portal\/","name":"El Diario - Decano de la prensa nacional","description":"El Diario - Decano de la prensa nacional","publisher":{"@id":"https:\/\/www.eldiario.net\/portal\/#organization"},"potentialAction":[{"@type":"SearchAction","target":{"@type":"EntryPoint","urlTemplate":"https:\/\/www.eldiario.net\/portal\/?s={search_term_string}"},"query-input":{"@type":"PropertyValueSpecification","valueRequired":true,"valueName":"search_term_string"}}],"inLanguage":"es"},{"@type":"Organization","@id":"https:\/\/www.eldiario.net\/portal\/#organization","name":"El Diario - Decano de la prensa nacional","url":"https:\/\/www.eldiario.net\/portal\/","logo":{"@type":"ImageObject","inLanguage":"es","@id":"https:\/\/www.eldiario.net\/portal\/#\/schema\/logo\/image\/","url":"https:\/\/www.eldiario.net\/portal\/wp-content\/uploads\/2023\/07\/logo_ED.jpg","contentUrl":"https:\/\/www.eldiario.net\/portal\/wp-content\/uploads\/2023\/07\/logo_ED.jpg","width":272,"height":52,"caption":"El Diario - Decano de la prensa nacional"},"image":{"@id":"https:\/\/www.eldiario.net\/portal\/#\/schema\/logo\/image\/"},"sameAs":["https:\/\/www.facebook.com\/eldiario.bolivia\/","https:\/\/x.com\/eldiario_net"]},{"@type":"Person","@id":"https:\/\/www.eldiario.net\/portal\/#\/schema\/person\/f46445640444750d7d753ccd04ae01b7","name":"Jeanette","image":{"@type":"ImageObject","inLanguage":"es","@id":"https:\/\/secure.gravatar.com\/avatar\/3ea2118a5f7dad2b7138b1187a6b7ee55f160b9968b66013c3a3ef39dd7e5798?s=96&d=mm&r=g","url":"https:\/\/secure.gravatar.com\/avatar\/3ea2118a5f7dad2b7138b1187a6b7ee55f160b9968b66013c3a3ef39dd7e5798?s=96&d=mm&r=g","contentUrl":"https:\/\/secure.gravatar.com\/avatar\/3ea2118a5f7dad2b7138b1187a6b7ee55f160b9968b66013c3a3ef39dd7e5798?s=96&d=mm&r=g","caption":"Jeanette"},"sameAs":["https:\/\/www.eldiario.net\/portal"],"url":"https:\/\/www.eldiario.net\/portal\/author\/jeanette\/"}]}},"_links":{"self":[{"href":"https:\/\/www.eldiario.net\/portal\/wp-json\/wp\/v2\/posts\/220513","targetHints":{"allow":["GET"]}}],"collection":[{"href":"https:\/\/www.eldiario.net\/portal\/wp-json\/wp\/v2\/posts"}],"about":[{"href":"https:\/\/www.eldiario.net\/portal\/wp-json\/wp\/v2\/types\/post"}],"author":[{"embeddable":true,"href":"https:\/\/www.eldiario.net\/portal\/wp-json\/wp\/v2\/users\/1"}],"replies":[{"embeddable":true,"href":"https:\/\/www.eldiario.net\/portal\/wp-json\/wp\/v2\/comments?post=220513"}],"version-history":[{"count":1,"href":"https:\/\/www.eldiario.net\/portal\/wp-json\/wp\/v2\/posts\/220513\/revisions"}],"predecessor-version":[{"id":220515,"href":"https:\/\/www.eldiario.net\/portal\/wp-json\/wp\/v2\/posts\/220513\/revisions\/220515"}],"wp:featuredmedia":[{"embeddable":true,"href":"https:\/\/www.eldiario.net\/portal\/wp-json\/wp\/v2\/media\/220514"}],"wp:attachment":[{"href":"https:\/\/www.eldiario.net\/portal\/wp-json\/wp\/v2\/media?parent=220513"}],"wp:term":[{"taxonomy":"category","embeddable":true,"href":"https:\/\/www.eldiario.net\/portal\/wp-json\/wp\/v2\/categories?post=220513"},{"taxonomy":"post_tag","embeddable":true,"href":"https:\/\/www.eldiario.net\/portal\/wp-json\/wp\/v2\/tags?post=220513"}],"curies":[{"name":"wp","href":"https:\/\/api.w.org\/{rel}","templated":true}]}}