{"id":220510,"date":"2024-05-14T07:34:04","date_gmt":"2024-05-14T11:34:04","guid":{"rendered":"https:\/\/www.eldiario.net\/portal\/?p=220510"},"modified":"2024-05-14T07:34:04","modified_gmt":"2024-05-14T11:34:04","slug":"arce-y-putin-hablan-de-cooperacion-bilateral","status":"publish","type":"post","link":"https:\/\/www.eldiario.net\/portal\/2024\/05\/14\/arce-y-putin-hablan-de-cooperacion-bilateral\/","title":{"rendered":"Arce y Putin hablan de cooperaci\u00f3n bilateral"},"content":{"rendered":"<p>El presidente del Estado, Luis Arce Catacora, y su hom\u00f3logo ruso, Vladimir Putin, sostuvieron ayer una conversaci\u00f3n telef\u00f3nica en la que hablaron de cooperaci\u00f3n bilateral en materia de comercio, econom\u00eda y energ\u00eda.<\/p>\n<p>\u201cSostuvimos una grata conversaci\u00f3n telef\u00f3nica con el hermano presidente de Rusia, Vlad\u00edmir Putin, con quien avanzamos en una importante agenda de cooperaci\u00f3n bilateral en torno al comercio, econom\u00eda y energ\u00eda\u201d, escribi\u00f3 Arce en su cuenta de X.<\/p>\n<p>El jefe del Estado tambi\u00e9n inform\u00f3 que transmiti\u00f3 la felicitaci\u00f3n de Bolivia a Rusia por el 79 aniversario del D\u00eda de la Victoria, que recuerda el triunfo de la ahora desaparecida Uni\u00f3n Sovi\u00e9tica sobre la Alemania nazi, el 9 de mayo de 1945.<\/p>\n<p>Arce acot\u00f3 que reafirm\u00f3 el compromiso de profundizar las relaciones entre ambos pueblos hermanos, en beneficio mutuo.<\/p>\n<p>\u201cVlad\u00edmir Putin ha mantenido con el presidente boliviano, Luis Arce, su primera conversaci\u00f3n telef\u00f3nica internacional tras ser investido como presidente de Rusia\u201d, report\u00f3, por su lado, la cadena rusa RT en su portal web.<\/p>\n<p>Arce, en redes sociales, destac\u00f3 que es irrenunciable e irreversible la marcha hacia un mundo multipolar, basado en la no injerencia, el respeto mutuo y los principios de la cooperaci\u00f3n y la solidaridad.<\/p>\n<p>Putin asumi\u00f3 su quinto mandato como presidente de Rusia el pasado 7 de mayo. Indic\u00f3 que su pa\u00eds est\u00e1 dispuesto a sostener un di\u00e1logo igualitario con estados que perciben a Mosc\u00fa como un socio. (Br\u00fajula Digital)<\/p>\n","protected":false},"excerpt":{"rendered":"<p>El presidente del Estado, Luis Arce Catacora, y su hom\u00f3logo ruso, Vladimir Putin, sostuvieron ayer una conversaci\u00f3n telef\u00f3nica en la que hablaron de cooperaci\u00f3n bilateral en materia de comercio, econom\u00eda y energ\u00eda. \u201cSostuvimos una grata conversaci\u00f3n telef\u00f3nica con el hermano presidente de Rusia, Vlad\u00edmir Putin, con quien avanzamos en una importante agenda de cooperaci\u00f3n bilateral [&hellip;]<\/p>\n","protected":false},"author":1,"featured_media":220511,"comment_status":"open","ping_status":"open","sticky":false,"template":"","format":"standard","meta":{"_acf_changed":false,"footnotes":""},"categories":[14],"tags":[],"class_list":["post-220510","post","type-post","status-publish","format-standard","has-post-thumbnail","category-politica"],"acf":{"antetitulo":""},"yoast_head":"<!-- This site is optimized with the Yoast SEO plugin v28.4 - https:\/\/yoast.com\/product\/yoast-seo-wordpress\/ -->\n<title>Arce y Putin hablan de cooperaci\u00f3n bilateral - El Diario - Bolivia<\/title>\n<meta name=\"robots\" content=\"index, follow, max-snippet:-1, max-image-preview:large, max-video-preview:-1\" \/>\n<link rel=\"canonical\" href=\"https:\/\/www.eldiario.net\/portal\/2024\/05\/14\/arce-y-putin-hablan-de-cooperacion-bilateral\/\" \/>\n<meta property=\"og:locale\" content=\"es_ES\" \/>\n<meta property=\"og:type\" content=\"article\" \/>\n<meta property=\"og:title\" content=\"Arce y Putin hablan de cooperaci\u00f3n bilateral - El Diario - Bolivia\" \/>\n<meta property=\"og:description\" content=\"El presidente del Estado, Luis Arce Catacora, y su hom\u00f3logo ruso, Vladimir Putin, sostuvieron ayer una conversaci\u00f3n telef\u00f3nica en la que hablaron de cooperaci\u00f3n bilateral en materia de comercio, econom\u00eda y energ\u00eda. \u201cSostuvimos una grata conversaci\u00f3n telef\u00f3nica con el hermano presidente de Rusia, Vlad\u00edmir Putin, con quien avanzamos en una importante agenda de cooperaci\u00f3n bilateral [&hellip;]\" \/>\n<meta property=\"og:url\" content=\"https:\/\/www.eldiario.net\/portal\/2024\/05\/14\/arce-y-putin-hablan-de-cooperacion-bilateral\/\" \/>\n<meta property=\"og:site_name\" content=\"El Diario - Bolivia\" \/>\n<meta property=\"article:publisher\" content=\"https:\/\/www.facebook.com\/eldiario.bolivia\/\" \/>\n<meta property=\"article:published_time\" content=\"2024-05-14T11:34:04+00:00\" \/>\n<meta property=\"og:image\" content=\"https:\/\/www.eldiario.net\/portal\/wp-content\/uploads\/2024\/05\/PUTIN-FOTO.jpeg\" \/>\n\t<meta property=\"og:image:width\" content=\"720\" \/>\n\t<meta property=\"og:image:height\" content=\"399\" \/>\n\t<meta property=\"og:image:type\" content=\"image\/jpeg\" \/>\n<meta name=\"author\" content=\"Jeanette\" \/>\n<meta name=\"twitter:card\" content=\"summary_large_image\" \/>\n<meta name=\"twitter:creator\" content=\"@eldiario_net\" \/>\n<meta name=\"twitter:site\" content=\"@eldiario_net\" \/>\n<meta name=\"twitter:label1\" content=\"Escrito por\" \/>\n\t<meta name=\"twitter:data1\" content=\"Jeanette\" \/>\n\t<meta name=\"twitter:label2\" content=\"Tiempo de lectura\" \/>\n\t<meta name=\"twitter:data2\" content=\"2 minutos\" \/>\n<script type=\"application\/ld+json\" class=\"yoast-schema-graph\">{\"@context\":\"https:\\\/\\\/schema.org\",\"@graph\":[{\"@type\":\"Article\",\"@id\":\"https:\\\/\\\/www.eldiario.net\\\/portal\\\/2024\\\/05\\\/14\\\/arce-y-putin-hablan-de-cooperacion-bilateral\\\/#article\",\"isPartOf\":{\"@id\":\"https:\\\/\\\/www.eldiario.net\\\/portal\\\/2024\\\/05\\\/14\\\/arce-y-putin-hablan-de-cooperacion-bilateral\\\/\"},\"author\":{\"name\":\"Jeanette\",\"@id\":\"https:\\\/\\\/www.eldiario.net\\\/portal\\\/#\\\/schema\\\/person\\\/f46445640444750d7d753ccd04ae01b7\"},\"headline\":\"Arce y Putin hablan de cooperaci\u00f3n bilateral\",\"datePublished\":\"2024-05-14T11:34:04+00:00\",\"mainEntityOfPage\":{\"@id\":\"https:\\\/\\\/www.eldiario.net\\\/portal\\\/2024\\\/05\\\/14\\\/arce-y-putin-hablan-de-cooperacion-bilateral\\\/\"},\"wordCount\":260,\"commentCount\":0,\"publisher\":{\"@id\":\"https:\\\/\\\/www.eldiario.net\\\/portal\\\/#organization\"},\"image\":{\"@id\":\"https:\\\/\\\/www.eldiario.net\\\/portal\\\/2024\\\/05\\\/14\\\/arce-y-putin-hablan-de-cooperacion-bilateral\\\/#primaryimage\"},\"thumbnailUrl\":\"https:\\\/\\\/www.eldiario.net\\\/portal\\\/wp-content\\\/uploads\\\/2024\\\/05\\\/PUTIN-FOTO.jpeg\",\"articleSection\":[\"Pol\u00edtica\"],\"inLanguage\":\"es\",\"potentialAction\":[{\"@type\":\"CommentAction\",\"name\":\"Comment\",\"target\":[\"https:\\\/\\\/www.eldiario.net\\\/portal\\\/2024\\\/05\\\/14\\\/arce-y-putin-hablan-de-cooperacion-bilateral\\\/#respond\"]}]},{\"@type\":\"WebPage\",\"@id\":\"https:\\\/\\\/www.eldiario.net\\\/portal\\\/2024\\\/05\\\/14\\\/arce-y-putin-hablan-de-cooperacion-bilateral\\\/\",\"url\":\"https:\\\/\\\/www.eldiario.net\\\/portal\\\/2024\\\/05\\\/14\\\/arce-y-putin-hablan-de-cooperacion-bilateral\\\/\",\"name\":\"Arce y Putin hablan de cooperaci\u00f3n bilateral - El Diario - Bolivia\",\"isPartOf\":{\"@id\":\"https:\\\/\\\/www.eldiario.net\\\/portal\\\/#website\"},\"primaryImageOfPage\":{\"@id\":\"https:\\\/\\\/www.eldiario.net\\\/portal\\\/2024\\\/05\\\/14\\\/arce-y-putin-hablan-de-cooperacion-bilateral\\\/#primaryimage\"},\"image\":{\"@id\":\"https:\\\/\\\/www.eldiario.net\\\/portal\\\/2024\\\/05\\\/14\\\/arce-y-putin-hablan-de-cooperacion-bilateral\\\/#primaryimage\"},\"thumbnailUrl\":\"https:\\\/\\\/www.eldiario.net\\\/portal\\\/wp-content\\\/uploads\\\/2024\\\/05\\\/PUTIN-FOTO.jpeg\",\"datePublished\":\"2024-05-14T11:34:04+00:00\",\"breadcrumb\":{\"@id\":\"https:\\\/\\\/www.eldiario.net\\\/portal\\\/2024\\\/05\\\/14\\\/arce-y-putin-hablan-de-cooperacion-bilateral\\\/#breadcrumb\"},\"inLanguage\":\"es\",\"potentialAction\":[{\"@type\":\"ReadAction\",\"target\":[\"https:\\\/\\\/www.eldiario.net\\\/portal\\\/2024\\\/05\\\/14\\\/arce-y-putin-hablan-de-cooperacion-bilateral\\\/\"]}]},{\"@type\":\"ImageObject\",\"inLanguage\":\"es\",\"@id\":\"https:\\\/\\\/www.eldiario.net\\\/portal\\\/2024\\\/05\\\/14\\\/arce-y-putin-hablan-de-cooperacion-bilateral\\\/#primaryimage\",\"url\":\"https:\\\/\\\/www.eldiario.net\\\/portal\\\/wp-content\\\/uploads\\\/2024\\\/05\\\/PUTIN-FOTO.jpeg\",\"contentUrl\":\"https:\\\/\\\/www.eldiario.net\\\/portal\\\/wp-content\\\/uploads\\\/2024\\\/05\\\/PUTIN-FOTO.jpeg\",\"width\":720,\"height\":399,\"caption\":\"El presidente del Estado, Luis Arce Catacora, en la fotograf\u00eda que acompa\u00f1\u00f3 su mensaje de X. Foto: Cuenta en X de Luis Arce\"},{\"@type\":\"BreadcrumbList\",\"@id\":\"https:\\\/\\\/www.eldiario.net\\\/portal\\\/2024\\\/05\\\/14\\\/arce-y-putin-hablan-de-cooperacion-bilateral\\\/#breadcrumb\",\"itemListElement\":[{\"@type\":\"ListItem\",\"position\":1,\"name\":\"Portada\",\"item\":\"https:\\\/\\\/www.eldiario.net\\\/portal\\\/\"},{\"@type\":\"ListItem\",\"position\":2,\"name\":\"Arce y Putin hablan de cooperaci\u00f3n bilateral\"}]},{\"@type\":\"WebSite\",\"@id\":\"https:\\\/\\\/www.eldiario.net\\\/portal\\\/#website\",\"url\":\"https:\\\/\\\/www.eldiario.net\\\/portal\\\/\",\"name\":\"El Diario - Decano de la prensa nacional\",\"description\":\"El Diario - Decano de la prensa nacional\",\"publisher\":{\"@id\":\"https:\\\/\\\/www.eldiario.net\\\/portal\\\/#organization\"},\"potentialAction\":[{\"@type\":\"SearchAction\",\"target\":{\"@type\":\"EntryPoint\",\"urlTemplate\":\"https:\\\/\\\/www.eldiario.net\\\/portal\\\/?s={search_term_string}\"},\"query-input\":{\"@type\":\"PropertyValueSpecification\",\"valueRequired\":true,\"valueName\":\"search_term_string\"}}],\"inLanguage\":\"es\"},{\"@type\":\"Organization\",\"@id\":\"https:\\\/\\\/www.eldiario.net\\\/portal\\\/#organization\",\"name\":\"El Diario - Decano de la prensa nacional\",\"url\":\"https:\\\/\\\/www.eldiario.net\\\/portal\\\/\",\"logo\":{\"@type\":\"ImageObject\",\"inLanguage\":\"es\",\"@id\":\"https:\\\/\\\/www.eldiario.net\\\/portal\\\/#\\\/schema\\\/logo\\\/image\\\/\",\"url\":\"https:\\\/\\\/www.eldiario.net\\\/portal\\\/wp-content\\\/uploads\\\/2023\\\/07\\\/logo_ED.jpg\",\"contentUrl\":\"https:\\\/\\\/www.eldiario.net\\\/portal\\\/wp-content\\\/uploads\\\/2023\\\/07\\\/logo_ED.jpg\",\"width\":272,\"height\":52,\"caption\":\"El Diario - Decano de la prensa nacional\"},\"image\":{\"@id\":\"https:\\\/\\\/www.eldiario.net\\\/portal\\\/#\\\/schema\\\/logo\\\/image\\\/\"},\"sameAs\":[\"https:\\\/\\\/www.facebook.com\\\/eldiario.bolivia\\\/\",\"https:\\\/\\\/x.com\\\/eldiario_net\"]},{\"@type\":\"Person\",\"@id\":\"https:\\\/\\\/www.eldiario.net\\\/portal\\\/#\\\/schema\\\/person\\\/f46445640444750d7d753ccd04ae01b7\",\"name\":\"Jeanette\",\"image\":{\"@type\":\"ImageObject\",\"inLanguage\":\"es\",\"@id\":\"https:\\\/\\\/secure.gravatar.com\\\/avatar\\\/3ea2118a5f7dad2b7138b1187a6b7ee55f160b9968b66013c3a3ef39dd7e5798?s=96&d=mm&r=g\",\"url\":\"https:\\\/\\\/secure.gravatar.com\\\/avatar\\\/3ea2118a5f7dad2b7138b1187a6b7ee55f160b9968b66013c3a3ef39dd7e5798?s=96&d=mm&r=g\",\"contentUrl\":\"https:\\\/\\\/secure.gravatar.com\\\/avatar\\\/3ea2118a5f7dad2b7138b1187a6b7ee55f160b9968b66013c3a3ef39dd7e5798?s=96&d=mm&r=g\",\"caption\":\"Jeanette\"},\"sameAs\":[\"https:\\\/\\\/www.eldiario.net\\\/portal\"],\"url\":\"https:\\\/\\\/www.eldiario.net\\\/portal\\\/author\\\/jeanette\\\/\"}]}<\/script>\n<!-- \/ Yoast SEO plugin. -->","yoast_head_json":{"title":"Arce y Putin hablan de cooperaci\u00f3n bilateral - El Diario - Bolivia","robots":{"index":"index","follow":"follow","max-snippet":"max-snippet:-1","max-image-preview":"max-image-preview:large","max-video-preview":"max-video-preview:-1"},"canonical":"https:\/\/www.eldiario.net\/portal\/2024\/05\/14\/arce-y-putin-hablan-de-cooperacion-bilateral\/","og_locale":"es_ES","og_type":"article","og_title":"Arce y Putin hablan de cooperaci\u00f3n bilateral - El Diario - Bolivia","og_description":"El presidente del Estado, Luis Arce Catacora, y su hom\u00f3logo ruso, Vladimir Putin, sostuvieron ayer una conversaci\u00f3n telef\u00f3nica en la que hablaron de cooperaci\u00f3n bilateral en materia de comercio, econom\u00eda y energ\u00eda. \u201cSostuvimos una grata conversaci\u00f3n telef\u00f3nica con el hermano presidente de Rusia, Vlad\u00edmir Putin, con quien avanzamos en una importante agenda de cooperaci\u00f3n bilateral [&hellip;]","og_url":"https:\/\/www.eldiario.net\/portal\/2024\/05\/14\/arce-y-putin-hablan-de-cooperacion-bilateral\/","og_site_name":"El Diario - Bolivia","article_publisher":"https:\/\/www.facebook.com\/eldiario.bolivia\/","article_published_time":"2024-05-14T11:34:04+00:00","og_image":[{"width":720,"height":399,"url":"https:\/\/www.eldiario.net\/portal\/wp-content\/uploads\/2024\/05\/PUTIN-FOTO.jpeg","type":"image\/jpeg"}],"author":"Jeanette","twitter_card":"summary_large_image","twitter_creator":"@eldiario_net","twitter_site":"@eldiario_net","twitter_misc":{"Escrito por":"Jeanette","Tiempo de lectura":"2 minutos"},"schema":{"@context":"https:\/\/schema.org","@graph":[{"@type":"Article","@id":"https:\/\/www.eldiario.net\/portal\/2024\/05\/14\/arce-y-putin-hablan-de-cooperacion-bilateral\/#article","isPartOf":{"@id":"https:\/\/www.eldiario.net\/portal\/2024\/05\/14\/arce-y-putin-hablan-de-cooperacion-bilateral\/"},"author":{"name":"Jeanette","@id":"https:\/\/www.eldiario.net\/portal\/#\/schema\/person\/f46445640444750d7d753ccd04ae01b7"},"headline":"Arce y Putin hablan de cooperaci\u00f3n bilateral","datePublished":"2024-05-14T11:34:04+00:00","mainEntityOfPage":{"@id":"https:\/\/www.eldiario.net\/portal\/2024\/05\/14\/arce-y-putin-hablan-de-cooperacion-bilateral\/"},"wordCount":260,"commentCount":0,"publisher":{"@id":"https:\/\/www.eldiario.net\/portal\/#organization"},"image":{"@id":"https:\/\/www.eldiario.net\/portal\/2024\/05\/14\/arce-y-putin-hablan-de-cooperacion-bilateral\/#primaryimage"},"thumbnailUrl":"https:\/\/www.eldiario.net\/portal\/wp-content\/uploads\/2024\/05\/PUTIN-FOTO.jpeg","articleSection":["Pol\u00edtica"],"inLanguage":"es","potentialAction":[{"@type":"CommentAction","name":"Comment","target":["https:\/\/www.eldiario.net\/portal\/2024\/05\/14\/arce-y-putin-hablan-de-cooperacion-bilateral\/#respond"]}]},{"@type":"WebPage","@id":"https:\/\/www.eldiario.net\/portal\/2024\/05\/14\/arce-y-putin-hablan-de-cooperacion-bilateral\/","url":"https:\/\/www.eldiario.net\/portal\/2024\/05\/14\/arce-y-putin-hablan-de-cooperacion-bilateral\/","name":"Arce y Putin hablan de cooperaci\u00f3n bilateral - El Diario - Bolivia","isPartOf":{"@id":"https:\/\/www.eldiario.net\/portal\/#website"},"primaryImageOfPage":{"@id":"https:\/\/www.eldiario.net\/portal\/2024\/05\/14\/arce-y-putin-hablan-de-cooperacion-bilateral\/#primaryimage"},"image":{"@id":"https:\/\/www.eldiario.net\/portal\/2024\/05\/14\/arce-y-putin-hablan-de-cooperacion-bilateral\/#primaryimage"},"thumbnailUrl":"https:\/\/www.eldiario.net\/portal\/wp-content\/uploads\/2024\/05\/PUTIN-FOTO.jpeg","datePublished":"2024-05-14T11:34:04+00:00","breadcrumb":{"@id":"https:\/\/www.eldiario.net\/portal\/2024\/05\/14\/arce-y-putin-hablan-de-cooperacion-bilateral\/#breadcrumb"},"inLanguage":"es","potentialAction":[{"@type":"ReadAction","target":["https:\/\/www.eldiario.net\/portal\/2024\/05\/14\/arce-y-putin-hablan-de-cooperacion-bilateral\/"]}]},{"@type":"ImageObject","inLanguage":"es","@id":"https:\/\/www.eldiario.net\/portal\/2024\/05\/14\/arce-y-putin-hablan-de-cooperacion-bilateral\/#primaryimage","url":"https:\/\/www.eldiario.net\/portal\/wp-content\/uploads\/2024\/05\/PUTIN-FOTO.jpeg","contentUrl":"https:\/\/www.eldiario.net\/portal\/wp-content\/uploads\/2024\/05\/PUTIN-FOTO.jpeg","width":720,"height":399,"caption":"El presidente del Estado, Luis Arce Catacora, en la fotograf\u00eda que acompa\u00f1\u00f3 su mensaje de X. Foto: Cuenta en X de Luis Arce"},{"@type":"BreadcrumbList","@id":"https:\/\/www.eldiario.net\/portal\/2024\/05\/14\/arce-y-putin-hablan-de-cooperacion-bilateral\/#breadcrumb","itemListElement":[{"@type":"ListItem","position":1,"name":"Portada","item":"https:\/\/www.eldiario.net\/portal\/"},{"@type":"ListItem","position":2,"name":"Arce y Putin hablan de cooperaci\u00f3n bilateral"}]},{"@type":"WebSite","@id":"https:\/\/www.eldiario.net\/portal\/#website","url":"https:\/\/www.eldiario.net\/portal\/","name":"El Diario - Decano de la prensa nacional","description":"El Diario - Decano de la prensa nacional","publisher":{"@id":"https:\/\/www.eldiario.net\/portal\/#organization"},"potentialAction":[{"@type":"SearchAction","target":{"@type":"EntryPoint","urlTemplate":"https:\/\/www.eldiario.net\/portal\/?s={search_term_string}"},"query-input":{"@type":"PropertyValueSpecification","valueRequired":true,"valueName":"search_term_string"}}],"inLanguage":"es"},{"@type":"Organization","@id":"https:\/\/www.eldiario.net\/portal\/#organization","name":"El Diario - Decano de la prensa nacional","url":"https:\/\/www.eldiario.net\/portal\/","logo":{"@type":"ImageObject","inLanguage":"es","@id":"https:\/\/www.eldiario.net\/portal\/#\/schema\/logo\/image\/","url":"https:\/\/www.eldiario.net\/portal\/wp-content\/uploads\/2023\/07\/logo_ED.jpg","contentUrl":"https:\/\/www.eldiario.net\/portal\/wp-content\/uploads\/2023\/07\/logo_ED.jpg","width":272,"height":52,"caption":"El Diario - Decano de la prensa nacional"},"image":{"@id":"https:\/\/www.eldiario.net\/portal\/#\/schema\/logo\/image\/"},"sameAs":["https:\/\/www.facebook.com\/eldiario.bolivia\/","https:\/\/x.com\/eldiario_net"]},{"@type":"Person","@id":"https:\/\/www.eldiario.net\/portal\/#\/schema\/person\/f46445640444750d7d753ccd04ae01b7","name":"Jeanette","image":{"@type":"ImageObject","inLanguage":"es","@id":"https:\/\/secure.gravatar.com\/avatar\/3ea2118a5f7dad2b7138b1187a6b7ee55f160b9968b66013c3a3ef39dd7e5798?s=96&d=mm&r=g","url":"https:\/\/secure.gravatar.com\/avatar\/3ea2118a5f7dad2b7138b1187a6b7ee55f160b9968b66013c3a3ef39dd7e5798?s=96&d=mm&r=g","contentUrl":"https:\/\/secure.gravatar.com\/avatar\/3ea2118a5f7dad2b7138b1187a6b7ee55f160b9968b66013c3a3ef39dd7e5798?s=96&d=mm&r=g","caption":"Jeanette"},"sameAs":["https:\/\/www.eldiario.net\/portal"],"url":"https:\/\/www.eldiario.net\/portal\/author\/jeanette\/"}]}},"_links":{"self":[{"href":"https:\/\/www.eldiario.net\/portal\/wp-json\/wp\/v2\/posts\/220510","targetHints":{"allow":["GET"]}}],"collection":[{"href":"https:\/\/www.eldiario.net\/portal\/wp-json\/wp\/v2\/posts"}],"about":[{"href":"https:\/\/www.eldiario.net\/portal\/wp-json\/wp\/v2\/types\/post"}],"author":[{"embeddable":true,"href":"https:\/\/www.eldiario.net\/portal\/wp-json\/wp\/v2\/users\/1"}],"replies":[{"embeddable":true,"href":"https:\/\/www.eldiario.net\/portal\/wp-json\/wp\/v2\/comments?post=220510"}],"version-history":[{"count":1,"href":"https:\/\/www.eldiario.net\/portal\/wp-json\/wp\/v2\/posts\/220510\/revisions"}],"predecessor-version":[{"id":220512,"href":"https:\/\/www.eldiario.net\/portal\/wp-json\/wp\/v2\/posts\/220510\/revisions\/220512"}],"wp:featuredmedia":[{"embeddable":true,"href":"https:\/\/www.eldiario.net\/portal\/wp-json\/wp\/v2\/media\/220511"}],"wp:attachment":[{"href":"https:\/\/www.eldiario.net\/portal\/wp-json\/wp\/v2\/media?parent=220510"}],"wp:term":[{"taxonomy":"category","embeddable":true,"href":"https:\/\/www.eldiario.net\/portal\/wp-json\/wp\/v2\/categories?post=220510"},{"taxonomy":"post_tag","embeddable":true,"href":"https:\/\/www.eldiario.net\/portal\/wp-json\/wp\/v2\/tags?post=220510"}],"curies":[{"name":"wp","href":"https:\/\/api.w.org\/{rel}","templated":true}]}}