{"id":220504,"date":"2024-05-14T07:26:55","date_gmt":"2024-05-14T11:26:55","guid":{"rendered":"https:\/\/www.eldiario.net\/portal\/?p=220504"},"modified":"2024-05-14T07:26:55","modified_gmt":"2024-05-14T11:26:55","slug":"maclean-denuncia-que-lideres-politicos-firmaron-pacto-secreto-opositor","status":"publish","type":"post","link":"https:\/\/www.eldiario.net\/portal\/2024\/05\/14\/maclean-denuncia-que-lideres-politicos-firmaron-pacto-secreto-opositor\/","title":{"rendered":"MacLean denuncia que l\u00edderes pol\u00edticos  firmaron \u201cpacto secreto\u201d opositor"},"content":{"rendered":"<p>El exministro y exalcalde de La Paz, Ronald MacLean, revel\u00f3 la existencia de un \u201cpacto secreto\u201d entre l\u00edderes de la oposici\u00f3n boliviana, llevado a cabo en Washington, Estados Unidos.<\/p>\n<p>Seg\u00fan MacLean, este pacto, firmado por figuras destacadas, entre otras Samuel Doria Mediana, plantea desaf\u00edos significativos para la transparencia y la democracia en el pa\u00eds. Las declaraciones las realiz\u00f3 en una entrevista con los periodistas Edwin Herrera y Amalia Pando, del portal Cabildeo Digital.<\/p>\n<p>\u201cYo s\u00e9 que Samuel estuvo aqu\u00ed en Washington, y que se ha firmado un pacto secreto entre dos o tres candidatos tradicionales para hacer sus cosas. Bueno, esta cosa no puede ser entre tres o cuatro paredes, no puede ser \u2018yo te doy, t\u00fa me das este Ministerio\u2019. No. Tiene que ser abierto, ventilado, transparente, democr\u00e1tico\u201d, dijo desde la capital de EEUU.<\/p>\n<p>En su intervenci\u00f3n, MacLean hizo un llamado para que este acuerdo sea transparentado y abierto al p\u00fablico, argumentando que su opacidad podr\u00eda socavar principios democr\u00e1ticos fundamentales. Adem\u00e1s, destac\u00f3 la importancia de la unidad dentro de la oposici\u00f3n, especialmente a medida que se acercan las elecciones nacionales.<\/p>\n<p>MacLean, quien fue jefe de campa\u00f1a de Luis Fernando Camacho para las elecciones de 2020, enfatiz\u00f3 la necesidad de que la oposici\u00f3n se una en torno a una sola candidatura, con un enfoque claro en derrotar al Movimiento Al Socialismo (MAS), que enfrenta una crisis interna.<\/p>\n<p>Agreg\u00f3 que la unidad debe ser el foco principal en este momento, y que la transparencia es clave para lograr este objetivo.<\/p>\n<p>En relaci\u00f3n con esto, MacLean se\u00f1al\u00f3 que la mayor\u00eda de la poblaci\u00f3n respalda la idea de una candidatura \u00fanica contra el MAS. Dijo que m\u00faltiples candidaturas no tendr\u00e1n viabilidad y sugiri\u00f3 la posibilidad de realizar elecciones primarias, aunque esto vaya m\u00e1s all\u00e1 de las normativas electorales actuales.<\/p>\n<p>El analista pol\u00edtico hizo hincapi\u00e9 en la necesidad de una candidatura cre\u00edble que pueda competir efectivamente contra el MAS, destacando la importancia de un programa s\u00f3lido para el rescate y la revitalizaci\u00f3n del pa\u00eds.<\/p>\n<p>Su objetivo final es llegar a 2025 con una Bolivia renovada y liberada de lo que \u00e9l describi\u00f3 como el \u201cc\u00e1ncer\u201d del Chapare, haciendo un llamado a la independencia nacional como meta fundamental. (Br\u00fajula Digital)<\/p>\n","protected":false},"excerpt":{"rendered":"<p>El exministro y exalcalde de La Paz, Ronald MacLean, revel\u00f3 la existencia de un \u201cpacto secreto\u201d entre l\u00edderes de la oposici\u00f3n boliviana, llevado a cabo en Washington, Estados Unidos. Seg\u00fan MacLean, este pacto, firmado por figuras destacadas, entre otras Samuel Doria Mediana, plantea desaf\u00edos significativos para la transparencia y la democracia en el pa\u00eds. Las [&hellip;]<\/p>\n","protected":false},"author":1,"featured_media":220505,"comment_status":"open","ping_status":"open","sticky":false,"template":"","format":"standard","meta":{"_acf_changed":false,"footnotes":""},"categories":[14],"tags":[],"class_list":["post-220504","post","type-post","status-publish","format-standard","has-post-thumbnail","category-politica"],"acf":{"antetitulo":""},"yoast_head":"<!-- This site is optimized with the Yoast SEO plugin v28.4 - https:\/\/yoast.com\/product\/yoast-seo-wordpress\/ -->\n<title>MacLean denuncia que l\u00edderes pol\u00edticos firmaron \u201cpacto secreto\u201d opositor - El Diario - Bolivia<\/title>\n<meta name=\"robots\" content=\"index, follow, max-snippet:-1, max-image-preview:large, max-video-preview:-1\" \/>\n<link rel=\"canonical\" href=\"https:\/\/www.eldiario.net\/portal\/2024\/05\/14\/maclean-denuncia-que-lideres-politicos-firmaron-pacto-secreto-opositor\/\" \/>\n<meta property=\"og:locale\" content=\"es_ES\" \/>\n<meta property=\"og:type\" content=\"article\" \/>\n<meta property=\"og:title\" content=\"MacLean denuncia que l\u00edderes pol\u00edticos firmaron \u201cpacto secreto\u201d opositor - El Diario - Bolivia\" \/>\n<meta property=\"og:description\" content=\"El exministro y exalcalde de La Paz, Ronald MacLean, revel\u00f3 la existencia de un \u201cpacto secreto\u201d entre l\u00edderes de la oposici\u00f3n boliviana, llevado a cabo en Washington, Estados Unidos. Seg\u00fan MacLean, este pacto, firmado por figuras destacadas, entre otras Samuel Doria Mediana, plantea desaf\u00edos significativos para la transparencia y la democracia en el pa\u00eds. Las [&hellip;]\" \/>\n<meta property=\"og:url\" content=\"https:\/\/www.eldiario.net\/portal\/2024\/05\/14\/maclean-denuncia-que-lideres-politicos-firmaron-pacto-secreto-opositor\/\" \/>\n<meta property=\"og:site_name\" content=\"El Diario - Bolivia\" \/>\n<meta property=\"article:publisher\" content=\"https:\/\/www.facebook.com\/eldiario.bolivia\/\" \/>\n<meta property=\"article:published_time\" content=\"2024-05-14T11:26:55+00:00\" \/>\n<meta property=\"og:image\" content=\"https:\/\/www.eldiario.net\/portal\/wp-content\/uploads\/2024\/05\/ZZW-FOTO.jpg\" \/>\n\t<meta property=\"og:image:width\" content=\"720\" \/>\n\t<meta property=\"og:image:height\" content=\"400\" \/>\n\t<meta property=\"og:image:type\" content=\"image\/jpeg\" \/>\n<meta name=\"author\" content=\"Jeanette\" \/>\n<meta name=\"twitter:card\" content=\"summary_large_image\" \/>\n<meta name=\"twitter:creator\" content=\"@eldiario_net\" \/>\n<meta name=\"twitter:site\" content=\"@eldiario_net\" \/>\n<meta name=\"twitter:label1\" content=\"Escrito por\" \/>\n\t<meta name=\"twitter:data1\" content=\"Jeanette\" \/>\n\t<meta name=\"twitter:label2\" content=\"Tiempo de lectura\" \/>\n\t<meta name=\"twitter:data2\" content=\"2 minutos\" \/>\n<script type=\"application\/ld+json\" class=\"yoast-schema-graph\">{\"@context\":\"https:\\\/\\\/schema.org\",\"@graph\":[{\"@type\":\"Article\",\"@id\":\"https:\\\/\\\/www.eldiario.net\\\/portal\\\/2024\\\/05\\\/14\\\/maclean-denuncia-que-lideres-politicos-firmaron-pacto-secreto-opositor\\\/#article\",\"isPartOf\":{\"@id\":\"https:\\\/\\\/www.eldiario.net\\\/portal\\\/2024\\\/05\\\/14\\\/maclean-denuncia-que-lideres-politicos-firmaron-pacto-secreto-opositor\\\/\"},\"author\":{\"name\":\"Jeanette\",\"@id\":\"https:\\\/\\\/www.eldiario.net\\\/portal\\\/#\\\/schema\\\/person\\\/f46445640444750d7d753ccd04ae01b7\"},\"headline\":\"MacLean denuncia que l\u00edderes pol\u00edticos firmaron \u201cpacto secreto\u201d opositor\",\"datePublished\":\"2024-05-14T11:26:55+00:00\",\"mainEntityOfPage\":{\"@id\":\"https:\\\/\\\/www.eldiario.net\\\/portal\\\/2024\\\/05\\\/14\\\/maclean-denuncia-que-lideres-politicos-firmaron-pacto-secreto-opositor\\\/\"},\"wordCount\":402,\"commentCount\":0,\"publisher\":{\"@id\":\"https:\\\/\\\/www.eldiario.net\\\/portal\\\/#organization\"},\"image\":{\"@id\":\"https:\\\/\\\/www.eldiario.net\\\/portal\\\/2024\\\/05\\\/14\\\/maclean-denuncia-que-lideres-politicos-firmaron-pacto-secreto-opositor\\\/#primaryimage\"},\"thumbnailUrl\":\"https:\\\/\\\/www.eldiario.net\\\/portal\\\/wp-content\\\/uploads\\\/2024\\\/05\\\/ZZW-FOTO.jpg\",\"articleSection\":[\"Pol\u00edtica\"],\"inLanguage\":\"es\",\"potentialAction\":[{\"@type\":\"CommentAction\",\"name\":\"Comment\",\"target\":[\"https:\\\/\\\/www.eldiario.net\\\/portal\\\/2024\\\/05\\\/14\\\/maclean-denuncia-que-lideres-politicos-firmaron-pacto-secreto-opositor\\\/#respond\"]}]},{\"@type\":\"WebPage\",\"@id\":\"https:\\\/\\\/www.eldiario.net\\\/portal\\\/2024\\\/05\\\/14\\\/maclean-denuncia-que-lideres-politicos-firmaron-pacto-secreto-opositor\\\/\",\"url\":\"https:\\\/\\\/www.eldiario.net\\\/portal\\\/2024\\\/05\\\/14\\\/maclean-denuncia-que-lideres-politicos-firmaron-pacto-secreto-opositor\\\/\",\"name\":\"MacLean denuncia que l\u00edderes pol\u00edticos firmaron \u201cpacto secreto\u201d opositor - El Diario - Bolivia\",\"isPartOf\":{\"@id\":\"https:\\\/\\\/www.eldiario.net\\\/portal\\\/#website\"},\"primaryImageOfPage\":{\"@id\":\"https:\\\/\\\/www.eldiario.net\\\/portal\\\/2024\\\/05\\\/14\\\/maclean-denuncia-que-lideres-politicos-firmaron-pacto-secreto-opositor\\\/#primaryimage\"},\"image\":{\"@id\":\"https:\\\/\\\/www.eldiario.net\\\/portal\\\/2024\\\/05\\\/14\\\/maclean-denuncia-que-lideres-politicos-firmaron-pacto-secreto-opositor\\\/#primaryimage\"},\"thumbnailUrl\":\"https:\\\/\\\/www.eldiario.net\\\/portal\\\/wp-content\\\/uploads\\\/2024\\\/05\\\/ZZW-FOTO.jpg\",\"datePublished\":\"2024-05-14T11:26:55+00:00\",\"breadcrumb\":{\"@id\":\"https:\\\/\\\/www.eldiario.net\\\/portal\\\/2024\\\/05\\\/14\\\/maclean-denuncia-que-lideres-politicos-firmaron-pacto-secreto-opositor\\\/#breadcrumb\"},\"inLanguage\":\"es\",\"potentialAction\":[{\"@type\":\"ReadAction\",\"target\":[\"https:\\\/\\\/www.eldiario.net\\\/portal\\\/2024\\\/05\\\/14\\\/maclean-denuncia-que-lideres-politicos-firmaron-pacto-secreto-opositor\\\/\"]}]},{\"@type\":\"ImageObject\",\"inLanguage\":\"es\",\"@id\":\"https:\\\/\\\/www.eldiario.net\\\/portal\\\/2024\\\/05\\\/14\\\/maclean-denuncia-que-lideres-politicos-firmaron-pacto-secreto-opositor\\\/#primaryimage\",\"url\":\"https:\\\/\\\/www.eldiario.net\\\/portal\\\/wp-content\\\/uploads\\\/2024\\\/05\\\/ZZW-FOTO.jpg\",\"contentUrl\":\"https:\\\/\\\/www.eldiario.net\\\/portal\\\/wp-content\\\/uploads\\\/2024\\\/05\\\/ZZW-FOTO.jpg\",\"width\":720,\"height\":400,\"caption\":\"Ronald MacLean en el programa Cabildeo. Foto: Br\u00fajula Digital\"},{\"@type\":\"BreadcrumbList\",\"@id\":\"https:\\\/\\\/www.eldiario.net\\\/portal\\\/2024\\\/05\\\/14\\\/maclean-denuncia-que-lideres-politicos-firmaron-pacto-secreto-opositor\\\/#breadcrumb\",\"itemListElement\":[{\"@type\":\"ListItem\",\"position\":1,\"name\":\"Portada\",\"item\":\"https:\\\/\\\/www.eldiario.net\\\/portal\\\/\"},{\"@type\":\"ListItem\",\"position\":2,\"name\":\"MacLean denuncia que l\u00edderes pol\u00edticos firmaron \u201cpacto secreto\u201d opositor\"}]},{\"@type\":\"WebSite\",\"@id\":\"https:\\\/\\\/www.eldiario.net\\\/portal\\\/#website\",\"url\":\"https:\\\/\\\/www.eldiario.net\\\/portal\\\/\",\"name\":\"El Diario - Decano de la prensa nacional\",\"description\":\"El Diario - Decano de la prensa nacional\",\"publisher\":{\"@id\":\"https:\\\/\\\/www.eldiario.net\\\/portal\\\/#organization\"},\"potentialAction\":[{\"@type\":\"SearchAction\",\"target\":{\"@type\":\"EntryPoint\",\"urlTemplate\":\"https:\\\/\\\/www.eldiario.net\\\/portal\\\/?s={search_term_string}\"},\"query-input\":{\"@type\":\"PropertyValueSpecification\",\"valueRequired\":true,\"valueName\":\"search_term_string\"}}],\"inLanguage\":\"es\"},{\"@type\":\"Organization\",\"@id\":\"https:\\\/\\\/www.eldiario.net\\\/portal\\\/#organization\",\"name\":\"El Diario - Decano de la prensa nacional\",\"url\":\"https:\\\/\\\/www.eldiario.net\\\/portal\\\/\",\"logo\":{\"@type\":\"ImageObject\",\"inLanguage\":\"es\",\"@id\":\"https:\\\/\\\/www.eldiario.net\\\/portal\\\/#\\\/schema\\\/logo\\\/image\\\/\",\"url\":\"https:\\\/\\\/www.eldiario.net\\\/portal\\\/wp-content\\\/uploads\\\/2023\\\/07\\\/logo_ED.jpg\",\"contentUrl\":\"https:\\\/\\\/www.eldiario.net\\\/portal\\\/wp-content\\\/uploads\\\/2023\\\/07\\\/logo_ED.jpg\",\"width\":272,\"height\":52,\"caption\":\"El Diario - Decano de la prensa nacional\"},\"image\":{\"@id\":\"https:\\\/\\\/www.eldiario.net\\\/portal\\\/#\\\/schema\\\/logo\\\/image\\\/\"},\"sameAs\":[\"https:\\\/\\\/www.facebook.com\\\/eldiario.bolivia\\\/\",\"https:\\\/\\\/x.com\\\/eldiario_net\"]},{\"@type\":\"Person\",\"@id\":\"https:\\\/\\\/www.eldiario.net\\\/portal\\\/#\\\/schema\\\/person\\\/f46445640444750d7d753ccd04ae01b7\",\"name\":\"Jeanette\",\"image\":{\"@type\":\"ImageObject\",\"inLanguage\":\"es\",\"@id\":\"https:\\\/\\\/secure.gravatar.com\\\/avatar\\\/3ea2118a5f7dad2b7138b1187a6b7ee55f160b9968b66013c3a3ef39dd7e5798?s=96&d=mm&r=g\",\"url\":\"https:\\\/\\\/secure.gravatar.com\\\/avatar\\\/3ea2118a5f7dad2b7138b1187a6b7ee55f160b9968b66013c3a3ef39dd7e5798?s=96&d=mm&r=g\",\"contentUrl\":\"https:\\\/\\\/secure.gravatar.com\\\/avatar\\\/3ea2118a5f7dad2b7138b1187a6b7ee55f160b9968b66013c3a3ef39dd7e5798?s=96&d=mm&r=g\",\"caption\":\"Jeanette\"},\"sameAs\":[\"https:\\\/\\\/www.eldiario.net\\\/portal\"],\"url\":\"https:\\\/\\\/www.eldiario.net\\\/portal\\\/author\\\/jeanette\\\/\"}]}<\/script>\n<!-- \/ Yoast SEO plugin. -->","yoast_head_json":{"title":"MacLean denuncia que l\u00edderes pol\u00edticos firmaron \u201cpacto secreto\u201d opositor - El Diario - Bolivia","robots":{"index":"index","follow":"follow","max-snippet":"max-snippet:-1","max-image-preview":"max-image-preview:large","max-video-preview":"max-video-preview:-1"},"canonical":"https:\/\/www.eldiario.net\/portal\/2024\/05\/14\/maclean-denuncia-que-lideres-politicos-firmaron-pacto-secreto-opositor\/","og_locale":"es_ES","og_type":"article","og_title":"MacLean denuncia que l\u00edderes pol\u00edticos firmaron \u201cpacto secreto\u201d opositor - El Diario - Bolivia","og_description":"El exministro y exalcalde de La Paz, Ronald MacLean, revel\u00f3 la existencia de un \u201cpacto secreto\u201d entre l\u00edderes de la oposici\u00f3n boliviana, llevado a cabo en Washington, Estados Unidos. Seg\u00fan MacLean, este pacto, firmado por figuras destacadas, entre otras Samuel Doria Mediana, plantea desaf\u00edos significativos para la transparencia y la democracia en el pa\u00eds. Las [&hellip;]","og_url":"https:\/\/www.eldiario.net\/portal\/2024\/05\/14\/maclean-denuncia-que-lideres-politicos-firmaron-pacto-secreto-opositor\/","og_site_name":"El Diario - Bolivia","article_publisher":"https:\/\/www.facebook.com\/eldiario.bolivia\/","article_published_time":"2024-05-14T11:26:55+00:00","og_image":[{"width":720,"height":400,"url":"https:\/\/www.eldiario.net\/portal\/wp-content\/uploads\/2024\/05\/ZZW-FOTO.jpg","type":"image\/jpeg"}],"author":"Jeanette","twitter_card":"summary_large_image","twitter_creator":"@eldiario_net","twitter_site":"@eldiario_net","twitter_misc":{"Escrito por":"Jeanette","Tiempo de lectura":"2 minutos"},"schema":{"@context":"https:\/\/schema.org","@graph":[{"@type":"Article","@id":"https:\/\/www.eldiario.net\/portal\/2024\/05\/14\/maclean-denuncia-que-lideres-politicos-firmaron-pacto-secreto-opositor\/#article","isPartOf":{"@id":"https:\/\/www.eldiario.net\/portal\/2024\/05\/14\/maclean-denuncia-que-lideres-politicos-firmaron-pacto-secreto-opositor\/"},"author":{"name":"Jeanette","@id":"https:\/\/www.eldiario.net\/portal\/#\/schema\/person\/f46445640444750d7d753ccd04ae01b7"},"headline":"MacLean denuncia que l\u00edderes pol\u00edticos firmaron \u201cpacto secreto\u201d opositor","datePublished":"2024-05-14T11:26:55+00:00","mainEntityOfPage":{"@id":"https:\/\/www.eldiario.net\/portal\/2024\/05\/14\/maclean-denuncia-que-lideres-politicos-firmaron-pacto-secreto-opositor\/"},"wordCount":402,"commentCount":0,"publisher":{"@id":"https:\/\/www.eldiario.net\/portal\/#organization"},"image":{"@id":"https:\/\/www.eldiario.net\/portal\/2024\/05\/14\/maclean-denuncia-que-lideres-politicos-firmaron-pacto-secreto-opositor\/#primaryimage"},"thumbnailUrl":"https:\/\/www.eldiario.net\/portal\/wp-content\/uploads\/2024\/05\/ZZW-FOTO.jpg","articleSection":["Pol\u00edtica"],"inLanguage":"es","potentialAction":[{"@type":"CommentAction","name":"Comment","target":["https:\/\/www.eldiario.net\/portal\/2024\/05\/14\/maclean-denuncia-que-lideres-politicos-firmaron-pacto-secreto-opositor\/#respond"]}]},{"@type":"WebPage","@id":"https:\/\/www.eldiario.net\/portal\/2024\/05\/14\/maclean-denuncia-que-lideres-politicos-firmaron-pacto-secreto-opositor\/","url":"https:\/\/www.eldiario.net\/portal\/2024\/05\/14\/maclean-denuncia-que-lideres-politicos-firmaron-pacto-secreto-opositor\/","name":"MacLean denuncia que l\u00edderes pol\u00edticos firmaron \u201cpacto secreto\u201d opositor - El Diario - Bolivia","isPartOf":{"@id":"https:\/\/www.eldiario.net\/portal\/#website"},"primaryImageOfPage":{"@id":"https:\/\/www.eldiario.net\/portal\/2024\/05\/14\/maclean-denuncia-que-lideres-politicos-firmaron-pacto-secreto-opositor\/#primaryimage"},"image":{"@id":"https:\/\/www.eldiario.net\/portal\/2024\/05\/14\/maclean-denuncia-que-lideres-politicos-firmaron-pacto-secreto-opositor\/#primaryimage"},"thumbnailUrl":"https:\/\/www.eldiario.net\/portal\/wp-content\/uploads\/2024\/05\/ZZW-FOTO.jpg","datePublished":"2024-05-14T11:26:55+00:00","breadcrumb":{"@id":"https:\/\/www.eldiario.net\/portal\/2024\/05\/14\/maclean-denuncia-que-lideres-politicos-firmaron-pacto-secreto-opositor\/#breadcrumb"},"inLanguage":"es","potentialAction":[{"@type":"ReadAction","target":["https:\/\/www.eldiario.net\/portal\/2024\/05\/14\/maclean-denuncia-que-lideres-politicos-firmaron-pacto-secreto-opositor\/"]}]},{"@type":"ImageObject","inLanguage":"es","@id":"https:\/\/www.eldiario.net\/portal\/2024\/05\/14\/maclean-denuncia-que-lideres-politicos-firmaron-pacto-secreto-opositor\/#primaryimage","url":"https:\/\/www.eldiario.net\/portal\/wp-content\/uploads\/2024\/05\/ZZW-FOTO.jpg","contentUrl":"https:\/\/www.eldiario.net\/portal\/wp-content\/uploads\/2024\/05\/ZZW-FOTO.jpg","width":720,"height":400,"caption":"Ronald MacLean en el programa Cabildeo. Foto: Br\u00fajula Digital"},{"@type":"BreadcrumbList","@id":"https:\/\/www.eldiario.net\/portal\/2024\/05\/14\/maclean-denuncia-que-lideres-politicos-firmaron-pacto-secreto-opositor\/#breadcrumb","itemListElement":[{"@type":"ListItem","position":1,"name":"Portada","item":"https:\/\/www.eldiario.net\/portal\/"},{"@type":"ListItem","position":2,"name":"MacLean denuncia que l\u00edderes pol\u00edticos firmaron \u201cpacto secreto\u201d opositor"}]},{"@type":"WebSite","@id":"https:\/\/www.eldiario.net\/portal\/#website","url":"https:\/\/www.eldiario.net\/portal\/","name":"El Diario - Decano de la prensa nacional","description":"El Diario - Decano de la prensa nacional","publisher":{"@id":"https:\/\/www.eldiario.net\/portal\/#organization"},"potentialAction":[{"@type":"SearchAction","target":{"@type":"EntryPoint","urlTemplate":"https:\/\/www.eldiario.net\/portal\/?s={search_term_string}"},"query-input":{"@type":"PropertyValueSpecification","valueRequired":true,"valueName":"search_term_string"}}],"inLanguage":"es"},{"@type":"Organization","@id":"https:\/\/www.eldiario.net\/portal\/#organization","name":"El Diario - Decano de la prensa nacional","url":"https:\/\/www.eldiario.net\/portal\/","logo":{"@type":"ImageObject","inLanguage":"es","@id":"https:\/\/www.eldiario.net\/portal\/#\/schema\/logo\/image\/","url":"https:\/\/www.eldiario.net\/portal\/wp-content\/uploads\/2023\/07\/logo_ED.jpg","contentUrl":"https:\/\/www.eldiario.net\/portal\/wp-content\/uploads\/2023\/07\/logo_ED.jpg","width":272,"height":52,"caption":"El Diario - Decano de la prensa nacional"},"image":{"@id":"https:\/\/www.eldiario.net\/portal\/#\/schema\/logo\/image\/"},"sameAs":["https:\/\/www.facebook.com\/eldiario.bolivia\/","https:\/\/x.com\/eldiario_net"]},{"@type":"Person","@id":"https:\/\/www.eldiario.net\/portal\/#\/schema\/person\/f46445640444750d7d753ccd04ae01b7","name":"Jeanette","image":{"@type":"ImageObject","inLanguage":"es","@id":"https:\/\/secure.gravatar.com\/avatar\/3ea2118a5f7dad2b7138b1187a6b7ee55f160b9968b66013c3a3ef39dd7e5798?s=96&d=mm&r=g","url":"https:\/\/secure.gravatar.com\/avatar\/3ea2118a5f7dad2b7138b1187a6b7ee55f160b9968b66013c3a3ef39dd7e5798?s=96&d=mm&r=g","contentUrl":"https:\/\/secure.gravatar.com\/avatar\/3ea2118a5f7dad2b7138b1187a6b7ee55f160b9968b66013c3a3ef39dd7e5798?s=96&d=mm&r=g","caption":"Jeanette"},"sameAs":["https:\/\/www.eldiario.net\/portal"],"url":"https:\/\/www.eldiario.net\/portal\/author\/jeanette\/"}]}},"_links":{"self":[{"href":"https:\/\/www.eldiario.net\/portal\/wp-json\/wp\/v2\/posts\/220504","targetHints":{"allow":["GET"]}}],"collection":[{"href":"https:\/\/www.eldiario.net\/portal\/wp-json\/wp\/v2\/posts"}],"about":[{"href":"https:\/\/www.eldiario.net\/portal\/wp-json\/wp\/v2\/types\/post"}],"author":[{"embeddable":true,"href":"https:\/\/www.eldiario.net\/portal\/wp-json\/wp\/v2\/users\/1"}],"replies":[{"embeddable":true,"href":"https:\/\/www.eldiario.net\/portal\/wp-json\/wp\/v2\/comments?post=220504"}],"version-history":[{"count":1,"href":"https:\/\/www.eldiario.net\/portal\/wp-json\/wp\/v2\/posts\/220504\/revisions"}],"predecessor-version":[{"id":220506,"href":"https:\/\/www.eldiario.net\/portal\/wp-json\/wp\/v2\/posts\/220504\/revisions\/220506"}],"wp:featuredmedia":[{"embeddable":true,"href":"https:\/\/www.eldiario.net\/portal\/wp-json\/wp\/v2\/media\/220505"}],"wp:attachment":[{"href":"https:\/\/www.eldiario.net\/portal\/wp-json\/wp\/v2\/media?parent=220504"}],"wp:term":[{"taxonomy":"category","embeddable":true,"href":"https:\/\/www.eldiario.net\/portal\/wp-json\/wp\/v2\/categories?post=220504"},{"taxonomy":"post_tag","embeddable":true,"href":"https:\/\/www.eldiario.net\/portal\/wp-json\/wp\/v2\/tags?post=220504"}],"curies":[{"name":"wp","href":"https:\/\/api.w.org\/{rel}","templated":true}]}}