{"id":220501,"date":"2024-05-14T07:25:31","date_gmt":"2024-05-14T11:25:31","guid":{"rendered":"https:\/\/www.eldiario.net\/portal\/?p=220501"},"modified":"2024-05-14T07:25:31","modified_gmt":"2024-05-14T11:25:31","slug":"realizan-mantenimiento-de-la-colina-de-san-sebastian","status":"publish","type":"post","link":"https:\/\/www.eldiario.net\/portal\/2024\/05\/14\/realizan-mantenimiento-de-la-colina-de-san-sebastian\/","title":{"rendered":"Realizan mantenimiento de la Colina de San Sebasti\u00e1n"},"content":{"rendered":"<p>A solo d\u00edas de los actos por el D\u00eda de la Madre, la Alcald\u00eda trabaja en el mantenimiento de la Colina de San Sebasti\u00e1n, uno de los puntos hist\u00f3ricos m\u00e1s emblem\u00e1ticos de Cochabamba; ya que alberga al monumento de las Hero\u00ednas de la Coronilla, inform\u00f3 el director de Turismo, Miguel Fajardo.<\/p>\n<p>\u201cEsta \u00e1rea tiene una superficie de 29 hect\u00e1reas y realmente amerita que se tenga un tratamiento especial ya que son \u00e1reas verdes que tienen especies arb\u00f3reas nativas que son propias de la zona de Jaya Uma\u201d, precis\u00f3 Fajardo.<\/p>\n<p>La Colina de San Sebasti\u00e1n desde la \u00e9poca prehisp\u00e1nica tuvo una connotaci\u00f3n hist\u00f3rica para la poblaci\u00f3n de la regi\u00f3n pues fue considerada una \u201cHuaca sagrada\u201d, posteriormente en la colonia fue el escenario de la batalla de las Hero\u00ednas de la Coronilla en 1812.<\/p>\n<p>ACTOS POR EL 27 DE MAYO<\/p>\n<p>El programa para este d\u00eda inicia con la procesi\u00f3n que parte de la Catedral Metropolitana a los pies del monumento, donde se realizar\u00e1 la escenificaci\u00f3n hist\u00f3rica para los cochabambinos.<\/p>\n<p>\u201cNos encontramos a escasos d\u00edas para rememorar los 212 a\u00f1os de este hito hist\u00f3rico que ha marcado el nombre de Cochabamba como un referente del hero\u00edsmo de las mujeres\u201d, a\u00f1adi\u00f3 el director de Turismo.<\/p>\n<p>Actualmente se trabaja en la limpieza y deshierbe de toda el \u00e1rea, adem\u00e1s de riego de las plantas y mantenimiento preventivo de las infraestructuras como ser: galer\u00edas de arte, CAT Sur, CAT Norte, el Parque Espiral y Plaza de Comidas.<\/p>\n<p>Tanto cochabambinos como turistas son resguardados por la guardia municipal, lo cual hace de la Colina de San Sebasti\u00e1n un punto seguro para los visitantes.<\/p>\n<p>La guardia trabaja por turnos durante las 24 horas del d\u00eda, adem\u00e1s se cuenta con c\u00e1maras de seguridad y pr\u00f3ximamente se proyecta realizar un mantenimiento integral para convertir el sector en un parque urbano, para ello, se tiene presupuestado m\u00e1s de un mill\u00f3n de bolivianos para el mantenimiento anual.<\/p>\n<p>VISITAS A LA CORONILLA<\/p>\n<p>Seg\u00fan el libro de visitas que maneja el CAT Norte, diariamente llegan a la Coronilla entre 480 a 500 turistas. Las nacionalidades de los visitantes son: Argentina, Chile, Brasil, Espa\u00f1a, Estados Unidos y Asia.\u00a0 Los recorridos tur\u00edsticos se realizan en varios idiomas: castellano, ingl\u00e9s, franc\u00e9s y quechua. (Cochabamba, agencias)<\/p>\n","protected":false},"excerpt":{"rendered":"<p>A solo d\u00edas de los actos por el D\u00eda de la Madre, la Alcald\u00eda trabaja en el mantenimiento de la Colina de San Sebasti\u00e1n, uno de los puntos hist\u00f3ricos m\u00e1s emblem\u00e1ticos de Cochabamba; ya que alberga al monumento de las Hero\u00ednas de la Coronilla, inform\u00f3 el director de Turismo, Miguel Fajardo. \u201cEsta \u00e1rea tiene una [&hellip;]<\/p>\n","protected":false},"author":1,"featured_media":220502,"comment_status":"open","ping_status":"open","sticky":false,"template":"","format":"standard","meta":{"_acf_changed":false,"footnotes":""},"categories":[12],"tags":[],"class_list":["post-220501","post","type-post","status-publish","format-standard","has-post-thumbnail","category-nacional"],"acf":{"antetitulo":"Cochabamba"},"yoast_head":"<!-- This site is optimized with the Yoast SEO plugin v28.4 - https:\/\/yoast.com\/product\/yoast-seo-wordpress\/ -->\n<title>Realizan mantenimiento de la Colina de San Sebasti\u00e1n - El Diario - Bolivia<\/title>\n<meta name=\"robots\" content=\"index, follow, max-snippet:-1, max-image-preview:large, max-video-preview:-1\" \/>\n<link rel=\"canonical\" href=\"https:\/\/www.eldiario.net\/portal\/2024\/05\/14\/realizan-mantenimiento-de-la-colina-de-san-sebastian\/\" \/>\n<meta property=\"og:locale\" content=\"es_ES\" \/>\n<meta property=\"og:type\" content=\"article\" \/>\n<meta property=\"og:title\" content=\"Realizan mantenimiento de la Colina de San Sebasti\u00e1n - El Diario - Bolivia\" \/>\n<meta property=\"og:description\" content=\"A solo d\u00edas de los actos por el D\u00eda de la Madre, la Alcald\u00eda trabaja en el mantenimiento de la Colina de San Sebasti\u00e1n, uno de los puntos hist\u00f3ricos m\u00e1s emblem\u00e1ticos de Cochabamba; ya que alberga al monumento de las Hero\u00ednas de la Coronilla, inform\u00f3 el director de Turismo, Miguel Fajardo. \u201cEsta \u00e1rea tiene una [&hellip;]\" \/>\n<meta property=\"og:url\" content=\"https:\/\/www.eldiario.net\/portal\/2024\/05\/14\/realizan-mantenimiento-de-la-colina-de-san-sebastian\/\" \/>\n<meta property=\"og:site_name\" content=\"El Diario - Bolivia\" \/>\n<meta property=\"article:publisher\" content=\"https:\/\/www.facebook.com\/eldiario.bolivia\/\" \/>\n<meta property=\"article:published_time\" content=\"2024-05-14T11:25:31+00:00\" \/>\n<meta property=\"og:image\" content=\"https:\/\/www.eldiario.net\/portal\/wp-content\/uploads\/2024\/05\/colina-foto.jpg\" \/>\n\t<meta property=\"og:image:width\" content=\"527\" \/>\n\t<meta property=\"og:image:height\" content=\"390\" \/>\n\t<meta property=\"og:image:type\" content=\"image\/jpeg\" \/>\n<meta name=\"author\" content=\"Jeanette\" \/>\n<meta name=\"twitter:card\" content=\"summary_large_image\" \/>\n<meta name=\"twitter:creator\" content=\"@eldiario_net\" \/>\n<meta name=\"twitter:site\" content=\"@eldiario_net\" \/>\n<meta name=\"twitter:label1\" content=\"Escrito por\" \/>\n\t<meta name=\"twitter:data1\" content=\"Jeanette\" \/>\n\t<meta name=\"twitter:label2\" content=\"Tiempo de lectura\" \/>\n\t<meta name=\"twitter:data2\" content=\"2 minutos\" \/>\n<script type=\"application\/ld+json\" class=\"yoast-schema-graph\">{\"@context\":\"https:\\\/\\\/schema.org\",\"@graph\":[{\"@type\":\"Article\",\"@id\":\"https:\\\/\\\/www.eldiario.net\\\/portal\\\/2024\\\/05\\\/14\\\/realizan-mantenimiento-de-la-colina-de-san-sebastian\\\/#article\",\"isPartOf\":{\"@id\":\"https:\\\/\\\/www.eldiario.net\\\/portal\\\/2024\\\/05\\\/14\\\/realizan-mantenimiento-de-la-colina-de-san-sebastian\\\/\"},\"author\":{\"name\":\"Jeanette\",\"@id\":\"https:\\\/\\\/www.eldiario.net\\\/portal\\\/#\\\/schema\\\/person\\\/f46445640444750d7d753ccd04ae01b7\"},\"headline\":\"Realizan mantenimiento de la Colina de San Sebasti\u00e1n\",\"datePublished\":\"2024-05-14T11:25:31+00:00\",\"mainEntityOfPage\":{\"@id\":\"https:\\\/\\\/www.eldiario.net\\\/portal\\\/2024\\\/05\\\/14\\\/realizan-mantenimiento-de-la-colina-de-san-sebastian\\\/\"},\"wordCount\":410,\"commentCount\":0,\"publisher\":{\"@id\":\"https:\\\/\\\/www.eldiario.net\\\/portal\\\/#organization\"},\"image\":{\"@id\":\"https:\\\/\\\/www.eldiario.net\\\/portal\\\/2024\\\/05\\\/14\\\/realizan-mantenimiento-de-la-colina-de-san-sebastian\\\/#primaryimage\"},\"thumbnailUrl\":\"https:\\\/\\\/www.eldiario.net\\\/portal\\\/wp-content\\\/uploads\\\/2024\\\/05\\\/colina-foto.jpg\",\"articleSection\":[\"Nacional\"],\"inLanguage\":\"es\",\"potentialAction\":[{\"@type\":\"CommentAction\",\"name\":\"Comment\",\"target\":[\"https:\\\/\\\/www.eldiario.net\\\/portal\\\/2024\\\/05\\\/14\\\/realizan-mantenimiento-de-la-colina-de-san-sebastian\\\/#respond\"]}]},{\"@type\":\"WebPage\",\"@id\":\"https:\\\/\\\/www.eldiario.net\\\/portal\\\/2024\\\/05\\\/14\\\/realizan-mantenimiento-de-la-colina-de-san-sebastian\\\/\",\"url\":\"https:\\\/\\\/www.eldiario.net\\\/portal\\\/2024\\\/05\\\/14\\\/realizan-mantenimiento-de-la-colina-de-san-sebastian\\\/\",\"name\":\"Realizan mantenimiento de la Colina de San Sebasti\u00e1n - El Diario - Bolivia\",\"isPartOf\":{\"@id\":\"https:\\\/\\\/www.eldiario.net\\\/portal\\\/#website\"},\"primaryImageOfPage\":{\"@id\":\"https:\\\/\\\/www.eldiario.net\\\/portal\\\/2024\\\/05\\\/14\\\/realizan-mantenimiento-de-la-colina-de-san-sebastian\\\/#primaryimage\"},\"image\":{\"@id\":\"https:\\\/\\\/www.eldiario.net\\\/portal\\\/2024\\\/05\\\/14\\\/realizan-mantenimiento-de-la-colina-de-san-sebastian\\\/#primaryimage\"},\"thumbnailUrl\":\"https:\\\/\\\/www.eldiario.net\\\/portal\\\/wp-content\\\/uploads\\\/2024\\\/05\\\/colina-foto.jpg\",\"datePublished\":\"2024-05-14T11:25:31+00:00\",\"breadcrumb\":{\"@id\":\"https:\\\/\\\/www.eldiario.net\\\/portal\\\/2024\\\/05\\\/14\\\/realizan-mantenimiento-de-la-colina-de-san-sebastian\\\/#breadcrumb\"},\"inLanguage\":\"es\",\"potentialAction\":[{\"@type\":\"ReadAction\",\"target\":[\"https:\\\/\\\/www.eldiario.net\\\/portal\\\/2024\\\/05\\\/14\\\/realizan-mantenimiento-de-la-colina-de-san-sebastian\\\/\"]}]},{\"@type\":\"ImageObject\",\"inLanguage\":\"es\",\"@id\":\"https:\\\/\\\/www.eldiario.net\\\/portal\\\/2024\\\/05\\\/14\\\/realizan-mantenimiento-de-la-colina-de-san-sebastian\\\/#primaryimage\",\"url\":\"https:\\\/\\\/www.eldiario.net\\\/portal\\\/wp-content\\\/uploads\\\/2024\\\/05\\\/colina-foto.jpg\",\"contentUrl\":\"https:\\\/\\\/www.eldiario.net\\\/portal\\\/wp-content\\\/uploads\\\/2024\\\/05\\\/colina-foto.jpg\",\"width\":527,\"height\":390,\"caption\":\"ACTUAL COLINA DE SAN SEBASTI\u00c1N. FOTO: OPINI\u00d3N\"},{\"@type\":\"BreadcrumbList\",\"@id\":\"https:\\\/\\\/www.eldiario.net\\\/portal\\\/2024\\\/05\\\/14\\\/realizan-mantenimiento-de-la-colina-de-san-sebastian\\\/#breadcrumb\",\"itemListElement\":[{\"@type\":\"ListItem\",\"position\":1,\"name\":\"Portada\",\"item\":\"https:\\\/\\\/www.eldiario.net\\\/portal\\\/\"},{\"@type\":\"ListItem\",\"position\":2,\"name\":\"Realizan mantenimiento de la Colina de San Sebasti\u00e1n\"}]},{\"@type\":\"WebSite\",\"@id\":\"https:\\\/\\\/www.eldiario.net\\\/portal\\\/#website\",\"url\":\"https:\\\/\\\/www.eldiario.net\\\/portal\\\/\",\"name\":\"El Diario - Decano de la prensa nacional\",\"description\":\"El Diario - Decano de la prensa nacional\",\"publisher\":{\"@id\":\"https:\\\/\\\/www.eldiario.net\\\/portal\\\/#organization\"},\"potentialAction\":[{\"@type\":\"SearchAction\",\"target\":{\"@type\":\"EntryPoint\",\"urlTemplate\":\"https:\\\/\\\/www.eldiario.net\\\/portal\\\/?s={search_term_string}\"},\"query-input\":{\"@type\":\"PropertyValueSpecification\",\"valueRequired\":true,\"valueName\":\"search_term_string\"}}],\"inLanguage\":\"es\"},{\"@type\":\"Organization\",\"@id\":\"https:\\\/\\\/www.eldiario.net\\\/portal\\\/#organization\",\"name\":\"El Diario - Decano de la prensa nacional\",\"url\":\"https:\\\/\\\/www.eldiario.net\\\/portal\\\/\",\"logo\":{\"@type\":\"ImageObject\",\"inLanguage\":\"es\",\"@id\":\"https:\\\/\\\/www.eldiario.net\\\/portal\\\/#\\\/schema\\\/logo\\\/image\\\/\",\"url\":\"https:\\\/\\\/www.eldiario.net\\\/portal\\\/wp-content\\\/uploads\\\/2023\\\/07\\\/logo_ED.jpg\",\"contentUrl\":\"https:\\\/\\\/www.eldiario.net\\\/portal\\\/wp-content\\\/uploads\\\/2023\\\/07\\\/logo_ED.jpg\",\"width\":272,\"height\":52,\"caption\":\"El Diario - Decano de la prensa nacional\"},\"image\":{\"@id\":\"https:\\\/\\\/www.eldiario.net\\\/portal\\\/#\\\/schema\\\/logo\\\/image\\\/\"},\"sameAs\":[\"https:\\\/\\\/www.facebook.com\\\/eldiario.bolivia\\\/\",\"https:\\\/\\\/x.com\\\/eldiario_net\"]},{\"@type\":\"Person\",\"@id\":\"https:\\\/\\\/www.eldiario.net\\\/portal\\\/#\\\/schema\\\/person\\\/f46445640444750d7d753ccd04ae01b7\",\"name\":\"Jeanette\",\"image\":{\"@type\":\"ImageObject\",\"inLanguage\":\"es\",\"@id\":\"https:\\\/\\\/secure.gravatar.com\\\/avatar\\\/3ea2118a5f7dad2b7138b1187a6b7ee55f160b9968b66013c3a3ef39dd7e5798?s=96&d=mm&r=g\",\"url\":\"https:\\\/\\\/secure.gravatar.com\\\/avatar\\\/3ea2118a5f7dad2b7138b1187a6b7ee55f160b9968b66013c3a3ef39dd7e5798?s=96&d=mm&r=g\",\"contentUrl\":\"https:\\\/\\\/secure.gravatar.com\\\/avatar\\\/3ea2118a5f7dad2b7138b1187a6b7ee55f160b9968b66013c3a3ef39dd7e5798?s=96&d=mm&r=g\",\"caption\":\"Jeanette\"},\"sameAs\":[\"https:\\\/\\\/www.eldiario.net\\\/portal\"],\"url\":\"https:\\\/\\\/www.eldiario.net\\\/portal\\\/author\\\/jeanette\\\/\"}]}<\/script>\n<!-- \/ Yoast SEO plugin. -->","yoast_head_json":{"title":"Realizan mantenimiento de la Colina de San Sebasti\u00e1n - El Diario - Bolivia","robots":{"index":"index","follow":"follow","max-snippet":"max-snippet:-1","max-image-preview":"max-image-preview:large","max-video-preview":"max-video-preview:-1"},"canonical":"https:\/\/www.eldiario.net\/portal\/2024\/05\/14\/realizan-mantenimiento-de-la-colina-de-san-sebastian\/","og_locale":"es_ES","og_type":"article","og_title":"Realizan mantenimiento de la Colina de San Sebasti\u00e1n - El Diario - Bolivia","og_description":"A solo d\u00edas de los actos por el D\u00eda de la Madre, la Alcald\u00eda trabaja en el mantenimiento de la Colina de San Sebasti\u00e1n, uno de los puntos hist\u00f3ricos m\u00e1s emblem\u00e1ticos de Cochabamba; ya que alberga al monumento de las Hero\u00ednas de la Coronilla, inform\u00f3 el director de Turismo, Miguel Fajardo. \u201cEsta \u00e1rea tiene una [&hellip;]","og_url":"https:\/\/www.eldiario.net\/portal\/2024\/05\/14\/realizan-mantenimiento-de-la-colina-de-san-sebastian\/","og_site_name":"El Diario - Bolivia","article_publisher":"https:\/\/www.facebook.com\/eldiario.bolivia\/","article_published_time":"2024-05-14T11:25:31+00:00","og_image":[{"width":527,"height":390,"url":"https:\/\/www.eldiario.net\/portal\/wp-content\/uploads\/2024\/05\/colina-foto.jpg","type":"image\/jpeg"}],"author":"Jeanette","twitter_card":"summary_large_image","twitter_creator":"@eldiario_net","twitter_site":"@eldiario_net","twitter_misc":{"Escrito por":"Jeanette","Tiempo de lectura":"2 minutos"},"schema":{"@context":"https:\/\/schema.org","@graph":[{"@type":"Article","@id":"https:\/\/www.eldiario.net\/portal\/2024\/05\/14\/realizan-mantenimiento-de-la-colina-de-san-sebastian\/#article","isPartOf":{"@id":"https:\/\/www.eldiario.net\/portal\/2024\/05\/14\/realizan-mantenimiento-de-la-colina-de-san-sebastian\/"},"author":{"name":"Jeanette","@id":"https:\/\/www.eldiario.net\/portal\/#\/schema\/person\/f46445640444750d7d753ccd04ae01b7"},"headline":"Realizan mantenimiento de la Colina de San Sebasti\u00e1n","datePublished":"2024-05-14T11:25:31+00:00","mainEntityOfPage":{"@id":"https:\/\/www.eldiario.net\/portal\/2024\/05\/14\/realizan-mantenimiento-de-la-colina-de-san-sebastian\/"},"wordCount":410,"commentCount":0,"publisher":{"@id":"https:\/\/www.eldiario.net\/portal\/#organization"},"image":{"@id":"https:\/\/www.eldiario.net\/portal\/2024\/05\/14\/realizan-mantenimiento-de-la-colina-de-san-sebastian\/#primaryimage"},"thumbnailUrl":"https:\/\/www.eldiario.net\/portal\/wp-content\/uploads\/2024\/05\/colina-foto.jpg","articleSection":["Nacional"],"inLanguage":"es","potentialAction":[{"@type":"CommentAction","name":"Comment","target":["https:\/\/www.eldiario.net\/portal\/2024\/05\/14\/realizan-mantenimiento-de-la-colina-de-san-sebastian\/#respond"]}]},{"@type":"WebPage","@id":"https:\/\/www.eldiario.net\/portal\/2024\/05\/14\/realizan-mantenimiento-de-la-colina-de-san-sebastian\/","url":"https:\/\/www.eldiario.net\/portal\/2024\/05\/14\/realizan-mantenimiento-de-la-colina-de-san-sebastian\/","name":"Realizan mantenimiento de la Colina de San Sebasti\u00e1n - El Diario - Bolivia","isPartOf":{"@id":"https:\/\/www.eldiario.net\/portal\/#website"},"primaryImageOfPage":{"@id":"https:\/\/www.eldiario.net\/portal\/2024\/05\/14\/realizan-mantenimiento-de-la-colina-de-san-sebastian\/#primaryimage"},"image":{"@id":"https:\/\/www.eldiario.net\/portal\/2024\/05\/14\/realizan-mantenimiento-de-la-colina-de-san-sebastian\/#primaryimage"},"thumbnailUrl":"https:\/\/www.eldiario.net\/portal\/wp-content\/uploads\/2024\/05\/colina-foto.jpg","datePublished":"2024-05-14T11:25:31+00:00","breadcrumb":{"@id":"https:\/\/www.eldiario.net\/portal\/2024\/05\/14\/realizan-mantenimiento-de-la-colina-de-san-sebastian\/#breadcrumb"},"inLanguage":"es","potentialAction":[{"@type":"ReadAction","target":["https:\/\/www.eldiario.net\/portal\/2024\/05\/14\/realizan-mantenimiento-de-la-colina-de-san-sebastian\/"]}]},{"@type":"ImageObject","inLanguage":"es","@id":"https:\/\/www.eldiario.net\/portal\/2024\/05\/14\/realizan-mantenimiento-de-la-colina-de-san-sebastian\/#primaryimage","url":"https:\/\/www.eldiario.net\/portal\/wp-content\/uploads\/2024\/05\/colina-foto.jpg","contentUrl":"https:\/\/www.eldiario.net\/portal\/wp-content\/uploads\/2024\/05\/colina-foto.jpg","width":527,"height":390,"caption":"ACTUAL COLINA DE SAN SEBASTI\u00c1N. FOTO: OPINI\u00d3N"},{"@type":"BreadcrumbList","@id":"https:\/\/www.eldiario.net\/portal\/2024\/05\/14\/realizan-mantenimiento-de-la-colina-de-san-sebastian\/#breadcrumb","itemListElement":[{"@type":"ListItem","position":1,"name":"Portada","item":"https:\/\/www.eldiario.net\/portal\/"},{"@type":"ListItem","position":2,"name":"Realizan mantenimiento de la Colina de San Sebasti\u00e1n"}]},{"@type":"WebSite","@id":"https:\/\/www.eldiario.net\/portal\/#website","url":"https:\/\/www.eldiario.net\/portal\/","name":"El Diario - Decano de la prensa nacional","description":"El Diario - Decano de la prensa nacional","publisher":{"@id":"https:\/\/www.eldiario.net\/portal\/#organization"},"potentialAction":[{"@type":"SearchAction","target":{"@type":"EntryPoint","urlTemplate":"https:\/\/www.eldiario.net\/portal\/?s={search_term_string}"},"query-input":{"@type":"PropertyValueSpecification","valueRequired":true,"valueName":"search_term_string"}}],"inLanguage":"es"},{"@type":"Organization","@id":"https:\/\/www.eldiario.net\/portal\/#organization","name":"El Diario - Decano de la prensa nacional","url":"https:\/\/www.eldiario.net\/portal\/","logo":{"@type":"ImageObject","inLanguage":"es","@id":"https:\/\/www.eldiario.net\/portal\/#\/schema\/logo\/image\/","url":"https:\/\/www.eldiario.net\/portal\/wp-content\/uploads\/2023\/07\/logo_ED.jpg","contentUrl":"https:\/\/www.eldiario.net\/portal\/wp-content\/uploads\/2023\/07\/logo_ED.jpg","width":272,"height":52,"caption":"El Diario - Decano de la prensa nacional"},"image":{"@id":"https:\/\/www.eldiario.net\/portal\/#\/schema\/logo\/image\/"},"sameAs":["https:\/\/www.facebook.com\/eldiario.bolivia\/","https:\/\/x.com\/eldiario_net"]},{"@type":"Person","@id":"https:\/\/www.eldiario.net\/portal\/#\/schema\/person\/f46445640444750d7d753ccd04ae01b7","name":"Jeanette","image":{"@type":"ImageObject","inLanguage":"es","@id":"https:\/\/secure.gravatar.com\/avatar\/3ea2118a5f7dad2b7138b1187a6b7ee55f160b9968b66013c3a3ef39dd7e5798?s=96&d=mm&r=g","url":"https:\/\/secure.gravatar.com\/avatar\/3ea2118a5f7dad2b7138b1187a6b7ee55f160b9968b66013c3a3ef39dd7e5798?s=96&d=mm&r=g","contentUrl":"https:\/\/secure.gravatar.com\/avatar\/3ea2118a5f7dad2b7138b1187a6b7ee55f160b9968b66013c3a3ef39dd7e5798?s=96&d=mm&r=g","caption":"Jeanette"},"sameAs":["https:\/\/www.eldiario.net\/portal"],"url":"https:\/\/www.eldiario.net\/portal\/author\/jeanette\/"}]}},"_links":{"self":[{"href":"https:\/\/www.eldiario.net\/portal\/wp-json\/wp\/v2\/posts\/220501","targetHints":{"allow":["GET"]}}],"collection":[{"href":"https:\/\/www.eldiario.net\/portal\/wp-json\/wp\/v2\/posts"}],"about":[{"href":"https:\/\/www.eldiario.net\/portal\/wp-json\/wp\/v2\/types\/post"}],"author":[{"embeddable":true,"href":"https:\/\/www.eldiario.net\/portal\/wp-json\/wp\/v2\/users\/1"}],"replies":[{"embeddable":true,"href":"https:\/\/www.eldiario.net\/portal\/wp-json\/wp\/v2\/comments?post=220501"}],"version-history":[{"count":1,"href":"https:\/\/www.eldiario.net\/portal\/wp-json\/wp\/v2\/posts\/220501\/revisions"}],"predecessor-version":[{"id":220503,"href":"https:\/\/www.eldiario.net\/portal\/wp-json\/wp\/v2\/posts\/220501\/revisions\/220503"}],"wp:featuredmedia":[{"embeddable":true,"href":"https:\/\/www.eldiario.net\/portal\/wp-json\/wp\/v2\/media\/220502"}],"wp:attachment":[{"href":"https:\/\/www.eldiario.net\/portal\/wp-json\/wp\/v2\/media?parent=220501"}],"wp:term":[{"taxonomy":"category","embeddable":true,"href":"https:\/\/www.eldiario.net\/portal\/wp-json\/wp\/v2\/categories?post=220501"},{"taxonomy":"post_tag","embeddable":true,"href":"https:\/\/www.eldiario.net\/portal\/wp-json\/wp\/v2\/tags?post=220501"}],"curies":[{"name":"wp","href":"https:\/\/api.w.org\/{rel}","templated":true}]}}