{"id":220492,"date":"2024-05-14T07:23:28","date_gmt":"2024-05-14T11:23:28","guid":{"rendered":"https:\/\/www.eldiario.net\/portal\/?p=220492"},"modified":"2024-05-14T07:23:28","modified_gmt":"2024-05-14T11:23:28","slug":"transportistas-dicen-que-pasaje-debe-ser-de-bs-270","status":"publish","type":"post","link":"https:\/\/www.eldiario.net\/portal\/2024\/05\/14\/transportistas-dicen-que-pasaje-debe-ser-de-bs-270\/","title":{"rendered":"Transportistas dicen que pasaje debe ser de Bs 2,70"},"content":{"rendered":"<p>Los transportistas de Cochabamba realizaron su propio estudio de costos donde se estableci\u00f3 que para cubrir la tarifa del pasaje necesitan que la poblaci\u00f3n pague Bs 2,70.<\/p>\n<p>Los representantes del transporte libre y federado aseguran que la propuesta de la Alcald\u00eda de Bs 2,17 es muy baja, por lo que se sentar\u00e1n a la mesa de negociaci\u00f3n para solucionar el problema.<\/p>\n<p>\u201cEl Gobierno municipal, de hecho, los t\u00e9cnicos siempre van a pensar efectivamente en la poblaci\u00f3n, pero tambi\u00e9n nosotros desde el punto de vista eminentemente de los transportistas, eso es lo que arroja un estudio t\u00e9cnico\u201d, indic\u00f3 Jos\u00e9 Orellana, ejecutivo del transporte federado.<\/p>\n<p>Los transportistas reconocen que en su estudio no se tom\u00f3 en cuenta el comportamiento socioecon\u00f3mico de la poblaci\u00f3n, sin embargo, afirman que se mantendr\u00e1n firmes en la cifra de Bs 2,67 porque consideran que para el futuro se demorar\u00e1 en realizarse otro estudio por lo que deber\u00e1n prever subida de costos.<\/p>\n<p>\u201cLo hemos hecho m\u00e1s transparente posible para que vea la poblaci\u00f3n. Ha sacado 2,67, entonces, \u00bfQu\u00e9 significa? para nosotros esto redondo es 2.70 bolivianos y esta posici\u00f3n como transportistas la vamos a mantener, porque sabr\u00e1 Dios de aqu\u00ed a qu\u00e9 tiempo todav\u00eda se volver\u00e1 a realizar otro estudio, porque desde hace 10 a\u00f1os que no se ha elaborado un estudio\u201d, dijo Mario Ramos, dirigente del transporte libre.<\/p>\n<p>Por su parte, para el alcalde de Cochabamba, Manfred Reyes Villa, la propuesta de los dirigentes del transporte de pasaje no es factible por el alto costo que significar\u00e1 a la poblaci\u00f3n.<\/p>\n<p>&nbsp;<\/p>\n<p>El burgomaestre asegura que deben sentar a dialogar y revisar el estudio de costos que hizo el municipio y compararlo con el elaborado por los choferes, aclar\u00f3 que ante todo se velar\u00e1 por la econom\u00eda de la poblaci\u00f3n.<\/p>\n<p>\u201cNosotros tenemos un estudio, vamos a compatibilizar el estudio que ellos tienen con el nuestro. En este momento, imag\u00ednense subir esa cantidad de pues el pueblo de donde va en la crisis en la que estamos, eso es imposible. De todas maneras, hay un comit\u00e9 donde est\u00e1n representadas todas las instancias, instituciones para tomar una decisi\u00f3n\u201d, declar\u00f3 Reyes Villa.<\/p>\n<p>El alcalde reconoce que los precios de los repuestos subieron y el estudio de costos refleja esta situaci\u00f3n, sin embargo, considera que se debe negociar con todos los sectores un precio que sea favorable para el transporte pero que no atente contra el bolsillo de la gente.<\/p>\n<p>\u201cVamos a pensar en la situaci\u00f3n de la poblaci\u00f3n y en todo lo que pueda significar una elevaci\u00f3n de pasajes en todo lo que es la canasta familiar (&#8230;), no estamos en estas posibilidades de subir, de incrementar de esa manera. Nosotros en el estudio que se ha hecho, es un estudio t\u00e9cnico que ha demorado y que ha sacado Bs 2,17\u201d, agreg\u00f3. (Cochabamba, agencias)<\/p>\n","protected":false},"excerpt":{"rendered":"<p>Los transportistas de Cochabamba realizaron su propio estudio de costos donde se estableci\u00f3 que para cubrir la tarifa del pasaje necesitan que la poblaci\u00f3n pague Bs 2,70. Los representantes del transporte libre y federado aseguran que la propuesta de la Alcald\u00eda de Bs 2,17 es muy baja, por lo que se sentar\u00e1n a la mesa [&hellip;]<\/p>\n","protected":false},"author":1,"featured_media":220493,"comment_status":"open","ping_status":"open","sticky":false,"template":"","format":"standard","meta":{"_acf_changed":false,"footnotes":""},"categories":[12],"tags":[],"class_list":["post-220492","post","type-post","status-publish","format-standard","has-post-thumbnail","category-nacional"],"acf":{"antetitulo":"Cochabamba"},"yoast_head":"<!-- This site is optimized with the Yoast SEO plugin v28.4 - https:\/\/yoast.com\/product\/yoast-seo-wordpress\/ -->\n<title>Transportistas dicen que pasaje debe ser de Bs 2,70 - El Diario - Bolivia<\/title>\n<meta name=\"robots\" content=\"index, follow, max-snippet:-1, max-image-preview:large, max-video-preview:-1\" \/>\n<link rel=\"canonical\" href=\"https:\/\/www.eldiario.net\/portal\/2024\/05\/14\/transportistas-dicen-que-pasaje-debe-ser-de-bs-270\/\" \/>\n<meta property=\"og:locale\" content=\"es_ES\" \/>\n<meta property=\"og:type\" content=\"article\" \/>\n<meta property=\"og:title\" content=\"Transportistas dicen que pasaje debe ser de Bs 2,70 - El Diario - Bolivia\" \/>\n<meta property=\"og:description\" content=\"Los transportistas de Cochabamba realizaron su propio estudio de costos donde se estableci\u00f3 que para cubrir la tarifa del pasaje necesitan que la poblaci\u00f3n pague Bs 2,70. Los representantes del transporte libre y federado aseguran que la propuesta de la Alcald\u00eda de Bs 2,17 es muy baja, por lo que se sentar\u00e1n a la mesa [&hellip;]\" \/>\n<meta property=\"og:url\" content=\"https:\/\/www.eldiario.net\/portal\/2024\/05\/14\/transportistas-dicen-que-pasaje-debe-ser-de-bs-270\/\" \/>\n<meta property=\"og:site_name\" content=\"El Diario - Bolivia\" \/>\n<meta property=\"article:publisher\" content=\"https:\/\/www.facebook.com\/eldiario.bolivia\/\" \/>\n<meta property=\"article:published_time\" content=\"2024-05-14T11:23:28+00:00\" \/>\n<meta property=\"og:image\" content=\"https:\/\/www.eldiario.net\/portal\/wp-content\/uploads\/2024\/05\/TRANSPORTE-FOTO.jpg\" \/>\n\t<meta property=\"og:image:width\" content=\"1280\" \/>\n\t<meta property=\"og:image:height\" content=\"545\" \/>\n\t<meta property=\"og:image:type\" content=\"image\/jpeg\" \/>\n<meta name=\"author\" content=\"Jeanette\" \/>\n<meta name=\"twitter:card\" content=\"summary_large_image\" \/>\n<meta name=\"twitter:creator\" content=\"@eldiario_net\" \/>\n<meta name=\"twitter:site\" content=\"@eldiario_net\" \/>\n<meta name=\"twitter:label1\" content=\"Escrito por\" \/>\n\t<meta name=\"twitter:data1\" content=\"Jeanette\" \/>\n\t<meta name=\"twitter:label2\" content=\"Tiempo de lectura\" \/>\n\t<meta name=\"twitter:data2\" content=\"3 minutos\" \/>\n<script type=\"application\/ld+json\" class=\"yoast-schema-graph\">{\"@context\":\"https:\\\/\\\/schema.org\",\"@graph\":[{\"@type\":\"Article\",\"@id\":\"https:\\\/\\\/www.eldiario.net\\\/portal\\\/2024\\\/05\\\/14\\\/transportistas-dicen-que-pasaje-debe-ser-de-bs-270\\\/#article\",\"isPartOf\":{\"@id\":\"https:\\\/\\\/www.eldiario.net\\\/portal\\\/2024\\\/05\\\/14\\\/transportistas-dicen-que-pasaje-debe-ser-de-bs-270\\\/\"},\"author\":{\"name\":\"Jeanette\",\"@id\":\"https:\\\/\\\/www.eldiario.net\\\/portal\\\/#\\\/schema\\\/person\\\/f46445640444750d7d753ccd04ae01b7\"},\"headline\":\"Transportistas dicen que pasaje debe ser de Bs 2,70\",\"datePublished\":\"2024-05-14T11:23:28+00:00\",\"mainEntityOfPage\":{\"@id\":\"https:\\\/\\\/www.eldiario.net\\\/portal\\\/2024\\\/05\\\/14\\\/transportistas-dicen-que-pasaje-debe-ser-de-bs-270\\\/\"},\"wordCount\":491,\"commentCount\":0,\"publisher\":{\"@id\":\"https:\\\/\\\/www.eldiario.net\\\/portal\\\/#organization\"},\"image\":{\"@id\":\"https:\\\/\\\/www.eldiario.net\\\/portal\\\/2024\\\/05\\\/14\\\/transportistas-dicen-que-pasaje-debe-ser-de-bs-270\\\/#primaryimage\"},\"thumbnailUrl\":\"https:\\\/\\\/www.eldiario.net\\\/portal\\\/wp-content\\\/uploads\\\/2024\\\/05\\\/TRANSPORTE-FOTO.jpg\",\"articleSection\":[\"Nacional\"],\"inLanguage\":\"es\",\"potentialAction\":[{\"@type\":\"CommentAction\",\"name\":\"Comment\",\"target\":[\"https:\\\/\\\/www.eldiario.net\\\/portal\\\/2024\\\/05\\\/14\\\/transportistas-dicen-que-pasaje-debe-ser-de-bs-270\\\/#respond\"]}]},{\"@type\":\"WebPage\",\"@id\":\"https:\\\/\\\/www.eldiario.net\\\/portal\\\/2024\\\/05\\\/14\\\/transportistas-dicen-que-pasaje-debe-ser-de-bs-270\\\/\",\"url\":\"https:\\\/\\\/www.eldiario.net\\\/portal\\\/2024\\\/05\\\/14\\\/transportistas-dicen-que-pasaje-debe-ser-de-bs-270\\\/\",\"name\":\"Transportistas dicen que pasaje debe ser de Bs 2,70 - El Diario - Bolivia\",\"isPartOf\":{\"@id\":\"https:\\\/\\\/www.eldiario.net\\\/portal\\\/#website\"},\"primaryImageOfPage\":{\"@id\":\"https:\\\/\\\/www.eldiario.net\\\/portal\\\/2024\\\/05\\\/14\\\/transportistas-dicen-que-pasaje-debe-ser-de-bs-270\\\/#primaryimage\"},\"image\":{\"@id\":\"https:\\\/\\\/www.eldiario.net\\\/portal\\\/2024\\\/05\\\/14\\\/transportistas-dicen-que-pasaje-debe-ser-de-bs-270\\\/#primaryimage\"},\"thumbnailUrl\":\"https:\\\/\\\/www.eldiario.net\\\/portal\\\/wp-content\\\/uploads\\\/2024\\\/05\\\/TRANSPORTE-FOTO.jpg\",\"datePublished\":\"2024-05-14T11:23:28+00:00\",\"breadcrumb\":{\"@id\":\"https:\\\/\\\/www.eldiario.net\\\/portal\\\/2024\\\/05\\\/14\\\/transportistas-dicen-que-pasaje-debe-ser-de-bs-270\\\/#breadcrumb\"},\"inLanguage\":\"es\",\"potentialAction\":[{\"@type\":\"ReadAction\",\"target\":[\"https:\\\/\\\/www.eldiario.net\\\/portal\\\/2024\\\/05\\\/14\\\/transportistas-dicen-que-pasaje-debe-ser-de-bs-270\\\/\"]}]},{\"@type\":\"ImageObject\",\"inLanguage\":\"es\",\"@id\":\"https:\\\/\\\/www.eldiario.net\\\/portal\\\/2024\\\/05\\\/14\\\/transportistas-dicen-que-pasaje-debe-ser-de-bs-270\\\/#primaryimage\",\"url\":\"https:\\\/\\\/www.eldiario.net\\\/portal\\\/wp-content\\\/uploads\\\/2024\\\/05\\\/TRANSPORTE-FOTO.jpg\",\"contentUrl\":\"https:\\\/\\\/www.eldiario.net\\\/portal\\\/wp-content\\\/uploads\\\/2024\\\/05\\\/TRANSPORTE-FOTO.jpg\",\"width\":1280,\"height\":545,\"caption\":\"SI EL COSTO DEL PASAJE SE INCREMENTA, DE INMEDIATO INCIDIR\u00c1 EN PRECIOS DE LOS ALIMENTOS DE LA CANASTA FAMILIAR. FOTO: Transporte en Cochabamba. Foto: RRSS\"},{\"@type\":\"BreadcrumbList\",\"@id\":\"https:\\\/\\\/www.eldiario.net\\\/portal\\\/2024\\\/05\\\/14\\\/transportistas-dicen-que-pasaje-debe-ser-de-bs-270\\\/#breadcrumb\",\"itemListElement\":[{\"@type\":\"ListItem\",\"position\":1,\"name\":\"Portada\",\"item\":\"https:\\\/\\\/www.eldiario.net\\\/portal\\\/\"},{\"@type\":\"ListItem\",\"position\":2,\"name\":\"Transportistas dicen que pasaje debe ser de Bs 2,70\"}]},{\"@type\":\"WebSite\",\"@id\":\"https:\\\/\\\/www.eldiario.net\\\/portal\\\/#website\",\"url\":\"https:\\\/\\\/www.eldiario.net\\\/portal\\\/\",\"name\":\"El Diario - Decano de la prensa nacional\",\"description\":\"El Diario - Decano de la prensa nacional\",\"publisher\":{\"@id\":\"https:\\\/\\\/www.eldiario.net\\\/portal\\\/#organization\"},\"potentialAction\":[{\"@type\":\"SearchAction\",\"target\":{\"@type\":\"EntryPoint\",\"urlTemplate\":\"https:\\\/\\\/www.eldiario.net\\\/portal\\\/?s={search_term_string}\"},\"query-input\":{\"@type\":\"PropertyValueSpecification\",\"valueRequired\":true,\"valueName\":\"search_term_string\"}}],\"inLanguage\":\"es\"},{\"@type\":\"Organization\",\"@id\":\"https:\\\/\\\/www.eldiario.net\\\/portal\\\/#organization\",\"name\":\"El Diario - Decano de la prensa nacional\",\"url\":\"https:\\\/\\\/www.eldiario.net\\\/portal\\\/\",\"logo\":{\"@type\":\"ImageObject\",\"inLanguage\":\"es\",\"@id\":\"https:\\\/\\\/www.eldiario.net\\\/portal\\\/#\\\/schema\\\/logo\\\/image\\\/\",\"url\":\"https:\\\/\\\/www.eldiario.net\\\/portal\\\/wp-content\\\/uploads\\\/2023\\\/07\\\/logo_ED.jpg\",\"contentUrl\":\"https:\\\/\\\/www.eldiario.net\\\/portal\\\/wp-content\\\/uploads\\\/2023\\\/07\\\/logo_ED.jpg\",\"width\":272,\"height\":52,\"caption\":\"El Diario - Decano de la prensa nacional\"},\"image\":{\"@id\":\"https:\\\/\\\/www.eldiario.net\\\/portal\\\/#\\\/schema\\\/logo\\\/image\\\/\"},\"sameAs\":[\"https:\\\/\\\/www.facebook.com\\\/eldiario.bolivia\\\/\",\"https:\\\/\\\/x.com\\\/eldiario_net\"]},{\"@type\":\"Person\",\"@id\":\"https:\\\/\\\/www.eldiario.net\\\/portal\\\/#\\\/schema\\\/person\\\/f46445640444750d7d753ccd04ae01b7\",\"name\":\"Jeanette\",\"image\":{\"@type\":\"ImageObject\",\"inLanguage\":\"es\",\"@id\":\"https:\\\/\\\/secure.gravatar.com\\\/avatar\\\/3ea2118a5f7dad2b7138b1187a6b7ee55f160b9968b66013c3a3ef39dd7e5798?s=96&d=mm&r=g\",\"url\":\"https:\\\/\\\/secure.gravatar.com\\\/avatar\\\/3ea2118a5f7dad2b7138b1187a6b7ee55f160b9968b66013c3a3ef39dd7e5798?s=96&d=mm&r=g\",\"contentUrl\":\"https:\\\/\\\/secure.gravatar.com\\\/avatar\\\/3ea2118a5f7dad2b7138b1187a6b7ee55f160b9968b66013c3a3ef39dd7e5798?s=96&d=mm&r=g\",\"caption\":\"Jeanette\"},\"sameAs\":[\"https:\\\/\\\/www.eldiario.net\\\/portal\"],\"url\":\"https:\\\/\\\/www.eldiario.net\\\/portal\\\/author\\\/jeanette\\\/\"}]}<\/script>\n<!-- \/ Yoast SEO plugin. -->","yoast_head_json":{"title":"Transportistas dicen que pasaje debe ser de Bs 2,70 - El Diario - Bolivia","robots":{"index":"index","follow":"follow","max-snippet":"max-snippet:-1","max-image-preview":"max-image-preview:large","max-video-preview":"max-video-preview:-1"},"canonical":"https:\/\/www.eldiario.net\/portal\/2024\/05\/14\/transportistas-dicen-que-pasaje-debe-ser-de-bs-270\/","og_locale":"es_ES","og_type":"article","og_title":"Transportistas dicen que pasaje debe ser de Bs 2,70 - El Diario - Bolivia","og_description":"Los transportistas de Cochabamba realizaron su propio estudio de costos donde se estableci\u00f3 que para cubrir la tarifa del pasaje necesitan que la poblaci\u00f3n pague Bs 2,70. Los representantes del transporte libre y federado aseguran que la propuesta de la Alcald\u00eda de Bs 2,17 es muy baja, por lo que se sentar\u00e1n a la mesa [&hellip;]","og_url":"https:\/\/www.eldiario.net\/portal\/2024\/05\/14\/transportistas-dicen-que-pasaje-debe-ser-de-bs-270\/","og_site_name":"El Diario - Bolivia","article_publisher":"https:\/\/www.facebook.com\/eldiario.bolivia\/","article_published_time":"2024-05-14T11:23:28+00:00","og_image":[{"width":1280,"height":545,"url":"https:\/\/www.eldiario.net\/portal\/wp-content\/uploads\/2024\/05\/TRANSPORTE-FOTO.jpg","type":"image\/jpeg"}],"author":"Jeanette","twitter_card":"summary_large_image","twitter_creator":"@eldiario_net","twitter_site":"@eldiario_net","twitter_misc":{"Escrito por":"Jeanette","Tiempo de lectura":"3 minutos"},"schema":{"@context":"https:\/\/schema.org","@graph":[{"@type":"Article","@id":"https:\/\/www.eldiario.net\/portal\/2024\/05\/14\/transportistas-dicen-que-pasaje-debe-ser-de-bs-270\/#article","isPartOf":{"@id":"https:\/\/www.eldiario.net\/portal\/2024\/05\/14\/transportistas-dicen-que-pasaje-debe-ser-de-bs-270\/"},"author":{"name":"Jeanette","@id":"https:\/\/www.eldiario.net\/portal\/#\/schema\/person\/f46445640444750d7d753ccd04ae01b7"},"headline":"Transportistas dicen que pasaje debe ser de Bs 2,70","datePublished":"2024-05-14T11:23:28+00:00","mainEntityOfPage":{"@id":"https:\/\/www.eldiario.net\/portal\/2024\/05\/14\/transportistas-dicen-que-pasaje-debe-ser-de-bs-270\/"},"wordCount":491,"commentCount":0,"publisher":{"@id":"https:\/\/www.eldiario.net\/portal\/#organization"},"image":{"@id":"https:\/\/www.eldiario.net\/portal\/2024\/05\/14\/transportistas-dicen-que-pasaje-debe-ser-de-bs-270\/#primaryimage"},"thumbnailUrl":"https:\/\/www.eldiario.net\/portal\/wp-content\/uploads\/2024\/05\/TRANSPORTE-FOTO.jpg","articleSection":["Nacional"],"inLanguage":"es","potentialAction":[{"@type":"CommentAction","name":"Comment","target":["https:\/\/www.eldiario.net\/portal\/2024\/05\/14\/transportistas-dicen-que-pasaje-debe-ser-de-bs-270\/#respond"]}]},{"@type":"WebPage","@id":"https:\/\/www.eldiario.net\/portal\/2024\/05\/14\/transportistas-dicen-que-pasaje-debe-ser-de-bs-270\/","url":"https:\/\/www.eldiario.net\/portal\/2024\/05\/14\/transportistas-dicen-que-pasaje-debe-ser-de-bs-270\/","name":"Transportistas dicen que pasaje debe ser de Bs 2,70 - El Diario - Bolivia","isPartOf":{"@id":"https:\/\/www.eldiario.net\/portal\/#website"},"primaryImageOfPage":{"@id":"https:\/\/www.eldiario.net\/portal\/2024\/05\/14\/transportistas-dicen-que-pasaje-debe-ser-de-bs-270\/#primaryimage"},"image":{"@id":"https:\/\/www.eldiario.net\/portal\/2024\/05\/14\/transportistas-dicen-que-pasaje-debe-ser-de-bs-270\/#primaryimage"},"thumbnailUrl":"https:\/\/www.eldiario.net\/portal\/wp-content\/uploads\/2024\/05\/TRANSPORTE-FOTO.jpg","datePublished":"2024-05-14T11:23:28+00:00","breadcrumb":{"@id":"https:\/\/www.eldiario.net\/portal\/2024\/05\/14\/transportistas-dicen-que-pasaje-debe-ser-de-bs-270\/#breadcrumb"},"inLanguage":"es","potentialAction":[{"@type":"ReadAction","target":["https:\/\/www.eldiario.net\/portal\/2024\/05\/14\/transportistas-dicen-que-pasaje-debe-ser-de-bs-270\/"]}]},{"@type":"ImageObject","inLanguage":"es","@id":"https:\/\/www.eldiario.net\/portal\/2024\/05\/14\/transportistas-dicen-que-pasaje-debe-ser-de-bs-270\/#primaryimage","url":"https:\/\/www.eldiario.net\/portal\/wp-content\/uploads\/2024\/05\/TRANSPORTE-FOTO.jpg","contentUrl":"https:\/\/www.eldiario.net\/portal\/wp-content\/uploads\/2024\/05\/TRANSPORTE-FOTO.jpg","width":1280,"height":545,"caption":"SI EL COSTO DEL PASAJE SE INCREMENTA, DE INMEDIATO INCIDIR\u00c1 EN PRECIOS DE LOS ALIMENTOS DE LA CANASTA FAMILIAR. FOTO: Transporte en Cochabamba. Foto: RRSS"},{"@type":"BreadcrumbList","@id":"https:\/\/www.eldiario.net\/portal\/2024\/05\/14\/transportistas-dicen-que-pasaje-debe-ser-de-bs-270\/#breadcrumb","itemListElement":[{"@type":"ListItem","position":1,"name":"Portada","item":"https:\/\/www.eldiario.net\/portal\/"},{"@type":"ListItem","position":2,"name":"Transportistas dicen que pasaje debe ser de Bs 2,70"}]},{"@type":"WebSite","@id":"https:\/\/www.eldiario.net\/portal\/#website","url":"https:\/\/www.eldiario.net\/portal\/","name":"El Diario - Decano de la prensa nacional","description":"El Diario - Decano de la prensa nacional","publisher":{"@id":"https:\/\/www.eldiario.net\/portal\/#organization"},"potentialAction":[{"@type":"SearchAction","target":{"@type":"EntryPoint","urlTemplate":"https:\/\/www.eldiario.net\/portal\/?s={search_term_string}"},"query-input":{"@type":"PropertyValueSpecification","valueRequired":true,"valueName":"search_term_string"}}],"inLanguage":"es"},{"@type":"Organization","@id":"https:\/\/www.eldiario.net\/portal\/#organization","name":"El Diario - Decano de la prensa nacional","url":"https:\/\/www.eldiario.net\/portal\/","logo":{"@type":"ImageObject","inLanguage":"es","@id":"https:\/\/www.eldiario.net\/portal\/#\/schema\/logo\/image\/","url":"https:\/\/www.eldiario.net\/portal\/wp-content\/uploads\/2023\/07\/logo_ED.jpg","contentUrl":"https:\/\/www.eldiario.net\/portal\/wp-content\/uploads\/2023\/07\/logo_ED.jpg","width":272,"height":52,"caption":"El Diario - Decano de la prensa nacional"},"image":{"@id":"https:\/\/www.eldiario.net\/portal\/#\/schema\/logo\/image\/"},"sameAs":["https:\/\/www.facebook.com\/eldiario.bolivia\/","https:\/\/x.com\/eldiario_net"]},{"@type":"Person","@id":"https:\/\/www.eldiario.net\/portal\/#\/schema\/person\/f46445640444750d7d753ccd04ae01b7","name":"Jeanette","image":{"@type":"ImageObject","inLanguage":"es","@id":"https:\/\/secure.gravatar.com\/avatar\/3ea2118a5f7dad2b7138b1187a6b7ee55f160b9968b66013c3a3ef39dd7e5798?s=96&d=mm&r=g","url":"https:\/\/secure.gravatar.com\/avatar\/3ea2118a5f7dad2b7138b1187a6b7ee55f160b9968b66013c3a3ef39dd7e5798?s=96&d=mm&r=g","contentUrl":"https:\/\/secure.gravatar.com\/avatar\/3ea2118a5f7dad2b7138b1187a6b7ee55f160b9968b66013c3a3ef39dd7e5798?s=96&d=mm&r=g","caption":"Jeanette"},"sameAs":["https:\/\/www.eldiario.net\/portal"],"url":"https:\/\/www.eldiario.net\/portal\/author\/jeanette\/"}]}},"_links":{"self":[{"href":"https:\/\/www.eldiario.net\/portal\/wp-json\/wp\/v2\/posts\/220492","targetHints":{"allow":["GET"]}}],"collection":[{"href":"https:\/\/www.eldiario.net\/portal\/wp-json\/wp\/v2\/posts"}],"about":[{"href":"https:\/\/www.eldiario.net\/portal\/wp-json\/wp\/v2\/types\/post"}],"author":[{"embeddable":true,"href":"https:\/\/www.eldiario.net\/portal\/wp-json\/wp\/v2\/users\/1"}],"replies":[{"embeddable":true,"href":"https:\/\/www.eldiario.net\/portal\/wp-json\/wp\/v2\/comments?post=220492"}],"version-history":[{"count":1,"href":"https:\/\/www.eldiario.net\/portal\/wp-json\/wp\/v2\/posts\/220492\/revisions"}],"predecessor-version":[{"id":220494,"href":"https:\/\/www.eldiario.net\/portal\/wp-json\/wp\/v2\/posts\/220492\/revisions\/220494"}],"wp:featuredmedia":[{"embeddable":true,"href":"https:\/\/www.eldiario.net\/portal\/wp-json\/wp\/v2\/media\/220493"}],"wp:attachment":[{"href":"https:\/\/www.eldiario.net\/portal\/wp-json\/wp\/v2\/media?parent=220492"}],"wp:term":[{"taxonomy":"category","embeddable":true,"href":"https:\/\/www.eldiario.net\/portal\/wp-json\/wp\/v2\/categories?post=220492"},{"taxonomy":"post_tag","embeddable":true,"href":"https:\/\/www.eldiario.net\/portal\/wp-json\/wp\/v2\/tags?post=220492"}],"curies":[{"name":"wp","href":"https:\/\/api.w.org\/{rel}","templated":true}]}}