{"id":220479,"date":"2024-05-14T07:19:15","date_gmt":"2024-05-14T11:19:15","guid":{"rendered":"https:\/\/www.eldiario.net\/portal\/?p=220479"},"modified":"2024-05-14T07:19:15","modified_gmt":"2024-05-14T11:19:15","slug":"la-paz-recien-define-manana-si-adelanta-o-no-horario-invernal","status":"publish","type":"post","link":"https:\/\/www.eldiario.net\/portal\/2024\/05\/14\/la-paz-recien-define-manana-si-adelanta-o-no-horario-invernal\/","title":{"rendered":"La Paz reci\u00e9n define ma\u00f1ana si  adelanta o no horario invernal"},"content":{"rendered":"<p>De acuerdo con el director departamental de Educaci\u00f3n, Basilio P\u00e9rez, ma\u00f1ana mi\u00e9rcoles 15 de mayo, en La Paz se definir\u00e1 si las vacaciones de invierno se adelantan o no. Una fecha tentativa es el 20 de mayo, propuesta por el Servicio Departamental de Salud (Sedes).<\/p>\n<p>\u201cEl d\u00eda mi\u00e9rcoles (por ma\u00f1ana) vamos a sacar un comunicado oficial\u201d, anunci\u00f3 la autoridad educativa y adelant\u00f3 que se pedir\u00e1 una reuni\u00f3n conjunta con otras instancias para asumir la determinaci\u00f3n.<\/p>\n<p>Recalc\u00f3 que, por el momento, los horarios contin\u00faan en su normalidad y que ma\u00f1ana recibir\u00e1n los informes del comportamiento climatol\u00f3gico del Servicio Nacional de Meteorolog\u00eda e Hidrolog\u00eda (Senamhi) y el informe epidemiol\u00f3gico del Ministerio de Salud, adem\u00e1s de datos del Sedes y asumir\u00e1n la decisi\u00f3n sobre la vigencia del horario invernal.<\/p>\n<p>La semana pasada, el Sedes inform\u00f3 sobre el incremento de casos de Infecciones Respiratorias Agudas (IRAS), sobre todo en ni\u00f1os y adolescentes por lo que recomend\u00f3 a las autoridades educativas aplicar el horario de invierno desde el 20 de mayo.<\/p>\n<p>El director explic\u00f3 que en caso de aplicarse el horario de invierno en el departamento de La Paz, estar\u00e1 vigente para la zona andina y los valles, mientras la Amazon\u00eda continuar\u00e1 con su horario normal.<\/p>\n<p>P\u00e9rez inst\u00f3 a los padres de familia a llevar a sus hijos a los centros de salud para ser vacunados y prevenir contagios. Adem\u00e1s, record\u00f3 continuar con las medidas de bioseguridad y en caso de que alg\u00fan estudiante est\u00e9 resfriado debe quedarse en casa ya que el permiso por enfermedad es casi autom\u00e1tico.<\/p>\n","protected":false},"excerpt":{"rendered":"<p>De acuerdo con el director departamental de Educaci\u00f3n, Basilio P\u00e9rez, ma\u00f1ana mi\u00e9rcoles 15 de mayo, en La Paz se definir\u00e1 si las vacaciones de invierno se adelantan o no. Una fecha tentativa es el 20 de mayo, propuesta por el Servicio Departamental de Salud (Sedes). \u201cEl d\u00eda mi\u00e9rcoles (por ma\u00f1ana) vamos a sacar un comunicado [&hellip;]<\/p>\n","protected":false},"author":1,"featured_media":220480,"comment_status":"open","ping_status":"open","sticky":false,"template":"","format":"standard","meta":{"_acf_changed":false,"footnotes":""},"categories":[12],"tags":[],"class_list":["post-220479","post","type-post","status-publish","format-standard","has-post-thumbnail","category-nacional"],"acf":{"antetitulo":""},"yoast_head":"<!-- This site is optimized with the Yoast SEO plugin v28.4 - https:\/\/yoast.com\/product\/yoast-seo-wordpress\/ -->\n<title>La Paz reci\u00e9n define ma\u00f1ana si adelanta o no horario invernal - El Diario - Bolivia<\/title>\n<meta name=\"robots\" content=\"index, follow, max-snippet:-1, max-image-preview:large, max-video-preview:-1\" \/>\n<link rel=\"canonical\" href=\"https:\/\/www.eldiario.net\/portal\/2024\/05\/14\/la-paz-recien-define-manana-si-adelanta-o-no-horario-invernal\/\" \/>\n<meta property=\"og:locale\" content=\"es_ES\" \/>\n<meta property=\"og:type\" content=\"article\" \/>\n<meta property=\"og:title\" content=\"La Paz reci\u00e9n define ma\u00f1ana si adelanta o no horario invernal - El Diario - Bolivia\" \/>\n<meta property=\"og:description\" content=\"De acuerdo con el director departamental de Educaci\u00f3n, Basilio P\u00e9rez, ma\u00f1ana mi\u00e9rcoles 15 de mayo, en La Paz se definir\u00e1 si las vacaciones de invierno se adelantan o no. Una fecha tentativa es el 20 de mayo, propuesta por el Servicio Departamental de Salud (Sedes). \u201cEl d\u00eda mi\u00e9rcoles (por ma\u00f1ana) vamos a sacar un comunicado [&hellip;]\" \/>\n<meta property=\"og:url\" content=\"https:\/\/www.eldiario.net\/portal\/2024\/05\/14\/la-paz-recien-define-manana-si-adelanta-o-no-horario-invernal\/\" \/>\n<meta property=\"og:site_name\" content=\"El Diario - Bolivia\" \/>\n<meta property=\"article:publisher\" content=\"https:\/\/www.facebook.com\/eldiario.bolivia\/\" \/>\n<meta property=\"article:published_time\" content=\"2024-05-14T11:19:15+00:00\" \/>\n<meta property=\"og:image\" content=\"https:\/\/www.eldiario.net\/portal\/wp-content\/uploads\/2024\/05\/HORARIO-FOTO.jpg\" \/>\n\t<meta property=\"og:image:width\" content=\"620\" \/>\n\t<meta property=\"og:image:height\" content=\"300\" \/>\n\t<meta property=\"og:image:type\" content=\"image\/jpeg\" \/>\n<meta name=\"author\" content=\"Jeanette\" \/>\n<meta name=\"twitter:card\" content=\"summary_large_image\" \/>\n<meta name=\"twitter:creator\" content=\"@eldiario_net\" \/>\n<meta name=\"twitter:site\" content=\"@eldiario_net\" \/>\n<meta name=\"twitter:label1\" content=\"Escrito por\" \/>\n\t<meta name=\"twitter:data1\" content=\"Jeanette\" \/>\n\t<meta name=\"twitter:label2\" content=\"Tiempo de lectura\" \/>\n\t<meta name=\"twitter:data2\" content=\"2 minutos\" \/>\n<script type=\"application\/ld+json\" class=\"yoast-schema-graph\">{\"@context\":\"https:\\\/\\\/schema.org\",\"@graph\":[{\"@type\":\"Article\",\"@id\":\"https:\\\/\\\/www.eldiario.net\\\/portal\\\/2024\\\/05\\\/14\\\/la-paz-recien-define-manana-si-adelanta-o-no-horario-invernal\\\/#article\",\"isPartOf\":{\"@id\":\"https:\\\/\\\/www.eldiario.net\\\/portal\\\/2024\\\/05\\\/14\\\/la-paz-recien-define-manana-si-adelanta-o-no-horario-invernal\\\/\"},\"author\":{\"name\":\"Jeanette\",\"@id\":\"https:\\\/\\\/www.eldiario.net\\\/portal\\\/#\\\/schema\\\/person\\\/f46445640444750d7d753ccd04ae01b7\"},\"headline\":\"La Paz reci\u00e9n define ma\u00f1ana si adelanta o no horario invernal\",\"datePublished\":\"2024-05-14T11:19:15+00:00\",\"mainEntityOfPage\":{\"@id\":\"https:\\\/\\\/www.eldiario.net\\\/portal\\\/2024\\\/05\\\/14\\\/la-paz-recien-define-manana-si-adelanta-o-no-horario-invernal\\\/\"},\"wordCount\":289,\"commentCount\":0,\"publisher\":{\"@id\":\"https:\\\/\\\/www.eldiario.net\\\/portal\\\/#organization\"},\"image\":{\"@id\":\"https:\\\/\\\/www.eldiario.net\\\/portal\\\/2024\\\/05\\\/14\\\/la-paz-recien-define-manana-si-adelanta-o-no-horario-invernal\\\/#primaryimage\"},\"thumbnailUrl\":\"https:\\\/\\\/www.eldiario.net\\\/portal\\\/wp-content\\\/uploads\\\/2024\\\/05\\\/HORARIO-FOTO.jpg\",\"articleSection\":[\"Nacional\"],\"inLanguage\":\"es\",\"potentialAction\":[{\"@type\":\"CommentAction\",\"name\":\"Comment\",\"target\":[\"https:\\\/\\\/www.eldiario.net\\\/portal\\\/2024\\\/05\\\/14\\\/la-paz-recien-define-manana-si-adelanta-o-no-horario-invernal\\\/#respond\"]}]},{\"@type\":\"WebPage\",\"@id\":\"https:\\\/\\\/www.eldiario.net\\\/portal\\\/2024\\\/05\\\/14\\\/la-paz-recien-define-manana-si-adelanta-o-no-horario-invernal\\\/\",\"url\":\"https:\\\/\\\/www.eldiario.net\\\/portal\\\/2024\\\/05\\\/14\\\/la-paz-recien-define-manana-si-adelanta-o-no-horario-invernal\\\/\",\"name\":\"La Paz reci\u00e9n define ma\u00f1ana si adelanta o no horario invernal - El Diario - Bolivia\",\"isPartOf\":{\"@id\":\"https:\\\/\\\/www.eldiario.net\\\/portal\\\/#website\"},\"primaryImageOfPage\":{\"@id\":\"https:\\\/\\\/www.eldiario.net\\\/portal\\\/2024\\\/05\\\/14\\\/la-paz-recien-define-manana-si-adelanta-o-no-horario-invernal\\\/#primaryimage\"},\"image\":{\"@id\":\"https:\\\/\\\/www.eldiario.net\\\/portal\\\/2024\\\/05\\\/14\\\/la-paz-recien-define-manana-si-adelanta-o-no-horario-invernal\\\/#primaryimage\"},\"thumbnailUrl\":\"https:\\\/\\\/www.eldiario.net\\\/portal\\\/wp-content\\\/uploads\\\/2024\\\/05\\\/HORARIO-FOTO.jpg\",\"datePublished\":\"2024-05-14T11:19:15+00:00\",\"breadcrumb\":{\"@id\":\"https:\\\/\\\/www.eldiario.net\\\/portal\\\/2024\\\/05\\\/14\\\/la-paz-recien-define-manana-si-adelanta-o-no-horario-invernal\\\/#breadcrumb\"},\"inLanguage\":\"es\",\"potentialAction\":[{\"@type\":\"ReadAction\",\"target\":[\"https:\\\/\\\/www.eldiario.net\\\/portal\\\/2024\\\/05\\\/14\\\/la-paz-recien-define-manana-si-adelanta-o-no-horario-invernal\\\/\"]}]},{\"@type\":\"ImageObject\",\"inLanguage\":\"es\",\"@id\":\"https:\\\/\\\/www.eldiario.net\\\/portal\\\/2024\\\/05\\\/14\\\/la-paz-recien-define-manana-si-adelanta-o-no-horario-invernal\\\/#primaryimage\",\"url\":\"https:\\\/\\\/www.eldiario.net\\\/portal\\\/wp-content\\\/uploads\\\/2024\\\/05\\\/HORARIO-FOTO.jpg\",\"contentUrl\":\"https:\\\/\\\/www.eldiario.net\\\/portal\\\/wp-content\\\/uploads\\\/2024\\\/05\\\/HORARIO-FOTO.jpg\",\"width\":620,\"height\":300,\"caption\":\"Tambi\u00e9n recomendaron abrigar a los estudiantes. Cr\u00e9dito: RRSS\"},{\"@type\":\"BreadcrumbList\",\"@id\":\"https:\\\/\\\/www.eldiario.net\\\/portal\\\/2024\\\/05\\\/14\\\/la-paz-recien-define-manana-si-adelanta-o-no-horario-invernal\\\/#breadcrumb\",\"itemListElement\":[{\"@type\":\"ListItem\",\"position\":1,\"name\":\"Portada\",\"item\":\"https:\\\/\\\/www.eldiario.net\\\/portal\\\/\"},{\"@type\":\"ListItem\",\"position\":2,\"name\":\"La Paz reci\u00e9n define ma\u00f1ana si adelanta o no horario invernal\"}]},{\"@type\":\"WebSite\",\"@id\":\"https:\\\/\\\/www.eldiario.net\\\/portal\\\/#website\",\"url\":\"https:\\\/\\\/www.eldiario.net\\\/portal\\\/\",\"name\":\"El Diario - Decano de la prensa nacional\",\"description\":\"El Diario - Decano de la prensa nacional\",\"publisher\":{\"@id\":\"https:\\\/\\\/www.eldiario.net\\\/portal\\\/#organization\"},\"potentialAction\":[{\"@type\":\"SearchAction\",\"target\":{\"@type\":\"EntryPoint\",\"urlTemplate\":\"https:\\\/\\\/www.eldiario.net\\\/portal\\\/?s={search_term_string}\"},\"query-input\":{\"@type\":\"PropertyValueSpecification\",\"valueRequired\":true,\"valueName\":\"search_term_string\"}}],\"inLanguage\":\"es\"},{\"@type\":\"Organization\",\"@id\":\"https:\\\/\\\/www.eldiario.net\\\/portal\\\/#organization\",\"name\":\"El Diario - Decano de la prensa nacional\",\"url\":\"https:\\\/\\\/www.eldiario.net\\\/portal\\\/\",\"logo\":{\"@type\":\"ImageObject\",\"inLanguage\":\"es\",\"@id\":\"https:\\\/\\\/www.eldiario.net\\\/portal\\\/#\\\/schema\\\/logo\\\/image\\\/\",\"url\":\"https:\\\/\\\/www.eldiario.net\\\/portal\\\/wp-content\\\/uploads\\\/2023\\\/07\\\/logo_ED.jpg\",\"contentUrl\":\"https:\\\/\\\/www.eldiario.net\\\/portal\\\/wp-content\\\/uploads\\\/2023\\\/07\\\/logo_ED.jpg\",\"width\":272,\"height\":52,\"caption\":\"El Diario - Decano de la prensa nacional\"},\"image\":{\"@id\":\"https:\\\/\\\/www.eldiario.net\\\/portal\\\/#\\\/schema\\\/logo\\\/image\\\/\"},\"sameAs\":[\"https:\\\/\\\/www.facebook.com\\\/eldiario.bolivia\\\/\",\"https:\\\/\\\/x.com\\\/eldiario_net\"]},{\"@type\":\"Person\",\"@id\":\"https:\\\/\\\/www.eldiario.net\\\/portal\\\/#\\\/schema\\\/person\\\/f46445640444750d7d753ccd04ae01b7\",\"name\":\"Jeanette\",\"image\":{\"@type\":\"ImageObject\",\"inLanguage\":\"es\",\"@id\":\"https:\\\/\\\/secure.gravatar.com\\\/avatar\\\/3ea2118a5f7dad2b7138b1187a6b7ee55f160b9968b66013c3a3ef39dd7e5798?s=96&d=mm&r=g\",\"url\":\"https:\\\/\\\/secure.gravatar.com\\\/avatar\\\/3ea2118a5f7dad2b7138b1187a6b7ee55f160b9968b66013c3a3ef39dd7e5798?s=96&d=mm&r=g\",\"contentUrl\":\"https:\\\/\\\/secure.gravatar.com\\\/avatar\\\/3ea2118a5f7dad2b7138b1187a6b7ee55f160b9968b66013c3a3ef39dd7e5798?s=96&d=mm&r=g\",\"caption\":\"Jeanette\"},\"sameAs\":[\"https:\\\/\\\/www.eldiario.net\\\/portal\"],\"url\":\"https:\\\/\\\/www.eldiario.net\\\/portal\\\/author\\\/jeanette\\\/\"}]}<\/script>\n<!-- \/ Yoast SEO plugin. -->","yoast_head_json":{"title":"La Paz reci\u00e9n define ma\u00f1ana si adelanta o no horario invernal - El Diario - Bolivia","robots":{"index":"index","follow":"follow","max-snippet":"max-snippet:-1","max-image-preview":"max-image-preview:large","max-video-preview":"max-video-preview:-1"},"canonical":"https:\/\/www.eldiario.net\/portal\/2024\/05\/14\/la-paz-recien-define-manana-si-adelanta-o-no-horario-invernal\/","og_locale":"es_ES","og_type":"article","og_title":"La Paz reci\u00e9n define ma\u00f1ana si adelanta o no horario invernal - El Diario - Bolivia","og_description":"De acuerdo con el director departamental de Educaci\u00f3n, Basilio P\u00e9rez, ma\u00f1ana mi\u00e9rcoles 15 de mayo, en La Paz se definir\u00e1 si las vacaciones de invierno se adelantan o no. Una fecha tentativa es el 20 de mayo, propuesta por el Servicio Departamental de Salud (Sedes). \u201cEl d\u00eda mi\u00e9rcoles (por ma\u00f1ana) vamos a sacar un comunicado [&hellip;]","og_url":"https:\/\/www.eldiario.net\/portal\/2024\/05\/14\/la-paz-recien-define-manana-si-adelanta-o-no-horario-invernal\/","og_site_name":"El Diario - Bolivia","article_publisher":"https:\/\/www.facebook.com\/eldiario.bolivia\/","article_published_time":"2024-05-14T11:19:15+00:00","og_image":[{"width":620,"height":300,"url":"https:\/\/www.eldiario.net\/portal\/wp-content\/uploads\/2024\/05\/HORARIO-FOTO.jpg","type":"image\/jpeg"}],"author":"Jeanette","twitter_card":"summary_large_image","twitter_creator":"@eldiario_net","twitter_site":"@eldiario_net","twitter_misc":{"Escrito por":"Jeanette","Tiempo de lectura":"2 minutos"},"schema":{"@context":"https:\/\/schema.org","@graph":[{"@type":"Article","@id":"https:\/\/www.eldiario.net\/portal\/2024\/05\/14\/la-paz-recien-define-manana-si-adelanta-o-no-horario-invernal\/#article","isPartOf":{"@id":"https:\/\/www.eldiario.net\/portal\/2024\/05\/14\/la-paz-recien-define-manana-si-adelanta-o-no-horario-invernal\/"},"author":{"name":"Jeanette","@id":"https:\/\/www.eldiario.net\/portal\/#\/schema\/person\/f46445640444750d7d753ccd04ae01b7"},"headline":"La Paz reci\u00e9n define ma\u00f1ana si adelanta o no horario invernal","datePublished":"2024-05-14T11:19:15+00:00","mainEntityOfPage":{"@id":"https:\/\/www.eldiario.net\/portal\/2024\/05\/14\/la-paz-recien-define-manana-si-adelanta-o-no-horario-invernal\/"},"wordCount":289,"commentCount":0,"publisher":{"@id":"https:\/\/www.eldiario.net\/portal\/#organization"},"image":{"@id":"https:\/\/www.eldiario.net\/portal\/2024\/05\/14\/la-paz-recien-define-manana-si-adelanta-o-no-horario-invernal\/#primaryimage"},"thumbnailUrl":"https:\/\/www.eldiario.net\/portal\/wp-content\/uploads\/2024\/05\/HORARIO-FOTO.jpg","articleSection":["Nacional"],"inLanguage":"es","potentialAction":[{"@type":"CommentAction","name":"Comment","target":["https:\/\/www.eldiario.net\/portal\/2024\/05\/14\/la-paz-recien-define-manana-si-adelanta-o-no-horario-invernal\/#respond"]}]},{"@type":"WebPage","@id":"https:\/\/www.eldiario.net\/portal\/2024\/05\/14\/la-paz-recien-define-manana-si-adelanta-o-no-horario-invernal\/","url":"https:\/\/www.eldiario.net\/portal\/2024\/05\/14\/la-paz-recien-define-manana-si-adelanta-o-no-horario-invernal\/","name":"La Paz reci\u00e9n define ma\u00f1ana si adelanta o no horario invernal - El Diario - Bolivia","isPartOf":{"@id":"https:\/\/www.eldiario.net\/portal\/#website"},"primaryImageOfPage":{"@id":"https:\/\/www.eldiario.net\/portal\/2024\/05\/14\/la-paz-recien-define-manana-si-adelanta-o-no-horario-invernal\/#primaryimage"},"image":{"@id":"https:\/\/www.eldiario.net\/portal\/2024\/05\/14\/la-paz-recien-define-manana-si-adelanta-o-no-horario-invernal\/#primaryimage"},"thumbnailUrl":"https:\/\/www.eldiario.net\/portal\/wp-content\/uploads\/2024\/05\/HORARIO-FOTO.jpg","datePublished":"2024-05-14T11:19:15+00:00","breadcrumb":{"@id":"https:\/\/www.eldiario.net\/portal\/2024\/05\/14\/la-paz-recien-define-manana-si-adelanta-o-no-horario-invernal\/#breadcrumb"},"inLanguage":"es","potentialAction":[{"@type":"ReadAction","target":["https:\/\/www.eldiario.net\/portal\/2024\/05\/14\/la-paz-recien-define-manana-si-adelanta-o-no-horario-invernal\/"]}]},{"@type":"ImageObject","inLanguage":"es","@id":"https:\/\/www.eldiario.net\/portal\/2024\/05\/14\/la-paz-recien-define-manana-si-adelanta-o-no-horario-invernal\/#primaryimage","url":"https:\/\/www.eldiario.net\/portal\/wp-content\/uploads\/2024\/05\/HORARIO-FOTO.jpg","contentUrl":"https:\/\/www.eldiario.net\/portal\/wp-content\/uploads\/2024\/05\/HORARIO-FOTO.jpg","width":620,"height":300,"caption":"Tambi\u00e9n recomendaron abrigar a los estudiantes. Cr\u00e9dito: RRSS"},{"@type":"BreadcrumbList","@id":"https:\/\/www.eldiario.net\/portal\/2024\/05\/14\/la-paz-recien-define-manana-si-adelanta-o-no-horario-invernal\/#breadcrumb","itemListElement":[{"@type":"ListItem","position":1,"name":"Portada","item":"https:\/\/www.eldiario.net\/portal\/"},{"@type":"ListItem","position":2,"name":"La Paz reci\u00e9n define ma\u00f1ana si adelanta o no horario invernal"}]},{"@type":"WebSite","@id":"https:\/\/www.eldiario.net\/portal\/#website","url":"https:\/\/www.eldiario.net\/portal\/","name":"El Diario - Decano de la prensa nacional","description":"El Diario - Decano de la prensa nacional","publisher":{"@id":"https:\/\/www.eldiario.net\/portal\/#organization"},"potentialAction":[{"@type":"SearchAction","target":{"@type":"EntryPoint","urlTemplate":"https:\/\/www.eldiario.net\/portal\/?s={search_term_string}"},"query-input":{"@type":"PropertyValueSpecification","valueRequired":true,"valueName":"search_term_string"}}],"inLanguage":"es"},{"@type":"Organization","@id":"https:\/\/www.eldiario.net\/portal\/#organization","name":"El Diario - Decano de la prensa nacional","url":"https:\/\/www.eldiario.net\/portal\/","logo":{"@type":"ImageObject","inLanguage":"es","@id":"https:\/\/www.eldiario.net\/portal\/#\/schema\/logo\/image\/","url":"https:\/\/www.eldiario.net\/portal\/wp-content\/uploads\/2023\/07\/logo_ED.jpg","contentUrl":"https:\/\/www.eldiario.net\/portal\/wp-content\/uploads\/2023\/07\/logo_ED.jpg","width":272,"height":52,"caption":"El Diario - Decano de la prensa nacional"},"image":{"@id":"https:\/\/www.eldiario.net\/portal\/#\/schema\/logo\/image\/"},"sameAs":["https:\/\/www.facebook.com\/eldiario.bolivia\/","https:\/\/x.com\/eldiario_net"]},{"@type":"Person","@id":"https:\/\/www.eldiario.net\/portal\/#\/schema\/person\/f46445640444750d7d753ccd04ae01b7","name":"Jeanette","image":{"@type":"ImageObject","inLanguage":"es","@id":"https:\/\/secure.gravatar.com\/avatar\/3ea2118a5f7dad2b7138b1187a6b7ee55f160b9968b66013c3a3ef39dd7e5798?s=96&d=mm&r=g","url":"https:\/\/secure.gravatar.com\/avatar\/3ea2118a5f7dad2b7138b1187a6b7ee55f160b9968b66013c3a3ef39dd7e5798?s=96&d=mm&r=g","contentUrl":"https:\/\/secure.gravatar.com\/avatar\/3ea2118a5f7dad2b7138b1187a6b7ee55f160b9968b66013c3a3ef39dd7e5798?s=96&d=mm&r=g","caption":"Jeanette"},"sameAs":["https:\/\/www.eldiario.net\/portal"],"url":"https:\/\/www.eldiario.net\/portal\/author\/jeanette\/"}]}},"_links":{"self":[{"href":"https:\/\/www.eldiario.net\/portal\/wp-json\/wp\/v2\/posts\/220479","targetHints":{"allow":["GET"]}}],"collection":[{"href":"https:\/\/www.eldiario.net\/portal\/wp-json\/wp\/v2\/posts"}],"about":[{"href":"https:\/\/www.eldiario.net\/portal\/wp-json\/wp\/v2\/types\/post"}],"author":[{"embeddable":true,"href":"https:\/\/www.eldiario.net\/portal\/wp-json\/wp\/v2\/users\/1"}],"replies":[{"embeddable":true,"href":"https:\/\/www.eldiario.net\/portal\/wp-json\/wp\/v2\/comments?post=220479"}],"version-history":[{"count":1,"href":"https:\/\/www.eldiario.net\/portal\/wp-json\/wp\/v2\/posts\/220479\/revisions"}],"predecessor-version":[{"id":220481,"href":"https:\/\/www.eldiario.net\/portal\/wp-json\/wp\/v2\/posts\/220479\/revisions\/220481"}],"wp:featuredmedia":[{"embeddable":true,"href":"https:\/\/www.eldiario.net\/portal\/wp-json\/wp\/v2\/media\/220480"}],"wp:attachment":[{"href":"https:\/\/www.eldiario.net\/portal\/wp-json\/wp\/v2\/media?parent=220479"}],"wp:term":[{"taxonomy":"category","embeddable":true,"href":"https:\/\/www.eldiario.net\/portal\/wp-json\/wp\/v2\/categories?post=220479"},{"taxonomy":"post_tag","embeddable":true,"href":"https:\/\/www.eldiario.net\/portal\/wp-json\/wp\/v2\/tags?post=220479"}],"curies":[{"name":"wp","href":"https:\/\/api.w.org\/{rel}","templated":true}]}}