{"id":220476,"date":"2024-05-14T07:18:47","date_gmt":"2024-05-14T11:18:47","guid":{"rendered":"https:\/\/www.eldiario.net\/portal\/?p=220476"},"modified":"2024-05-14T07:18:47","modified_gmt":"2024-05-14T11:18:47","slug":"larga-noche-de-museos-preve-visita-de-150-mil-personas","status":"publish","type":"post","link":"https:\/\/www.eldiario.net\/portal\/2024\/05\/14\/larga-noche-de-museos-preve-visita-de-150-mil-personas\/","title":{"rendered":"Larga Noche de Museos prev\u00e9  visita de 150 mil personas"},"content":{"rendered":"<p>Con el reto de tener al menos 150 mil visitantes en los museos, galer\u00edas, centros culturales, embajadas, universidades e incluso domicilios particulares,\u00a0 el secretario municipal de Culturas y Turismo, Rodney Miranda, present\u00f3 la Larga Noche de Museos en su versi\u00f3n XVIII, que se efectuar\u00e1 este s\u00e1bado 18 de mayo, desde las 16:00 hasta la medianoche.<\/p>\n<p>\u201cEstimamos que vamos a pr\u00e1cticamente duplicar la oferta, esperamos recibir alrededor de 150 mil personas en esta Larga Noche de Museos. Y por supuesto que con esto confirmamos una vez m\u00e1s que las culturas son un dinamizador econ\u00f3mico para el municipio de La Paz\u201d, manifest\u00f3 la autoridad municipal.<\/p>\n<p>Record\u00f3 que en la gesti\u00f3n 2023, 94 mil personas visitaron los centros culturales y apunt\u00f3 que en la versi\u00f3n de este 2024 se prev\u00e9 que m\u00e1s de 300 instituciones culturales abrir\u00e1n sus puertas a la poblaci\u00f3n de La Paz.<\/p>\n<p>\u201cVamos a tener museos, vamos a tener galer\u00edas de artes pl\u00e1sticas, galer\u00edas de arte popular, vamos a tener tambi\u00e9n centros culturales, embajadas, instituciones de educaci\u00f3n superior, universidades, centros educativos, colectivos de artistas, coleccionistas, empresas privadas, bibliotecas, domicilios particulares que se abren en esta Larga Noche de Museos\u201d, inform\u00f3 el secretario edil.<\/p>\n<p>Las instituciones participantes crecieron desde 2021, a\u00f1o en el que se tuvo 120 y en 2023 se alcanz\u00f3 350 entidades. En tanto, este a\u00f1o se espera superar los participantes del pasado a\u00f1o, por lo que a\u00fan no se cerr\u00f3 la lista final.<\/p>\n<p>Miranda asegur\u00f3 que en la actividad cultural se tendr\u00e1 \u201cm\u00e1s de 15 circuitos\u201d y toda esa informaci\u00f3n estar\u00e1 disponible en la Agenda Cultural Jiwaki, que puede descargarse mediantes las plataformas de Apple Store y Play Store. De esa manera la poblaci\u00f3n podr\u00e1 acceder a toda la informaci\u00f3n de \u201cla actividad cultural de la Larga Noche de Museos\u201d.<\/p>\n","protected":false},"excerpt":{"rendered":"<p>Con el reto de tener al menos 150 mil visitantes en los museos, galer\u00edas, centros culturales, embajadas, universidades e incluso domicilios particulares,\u00a0 el secretario municipal de Culturas y Turismo, Rodney Miranda, present\u00f3 la Larga Noche de Museos en su versi\u00f3n XVIII, que se efectuar\u00e1 este s\u00e1bado 18 de mayo, desde las 16:00 hasta la medianoche. [&hellip;]<\/p>\n","protected":false},"author":1,"featured_media":220477,"comment_status":"open","ping_status":"open","sticky":false,"template":"","format":"standard","meta":{"_acf_changed":false,"footnotes":""},"categories":[12],"tags":[],"class_list":["post-220476","post","type-post","status-publish","format-standard","has-post-thumbnail","category-nacional"],"acf":{"antetitulo":""},"yoast_head":"<!-- This site is optimized with the Yoast SEO plugin v28.4 - https:\/\/yoast.com\/product\/yoast-seo-wordpress\/ -->\n<title>Larga Noche de Museos prev\u00e9 visita de 150 mil personas - El Diario - Bolivia<\/title>\n<meta name=\"robots\" content=\"index, follow, max-snippet:-1, max-image-preview:large, max-video-preview:-1\" \/>\n<link rel=\"canonical\" href=\"https:\/\/www.eldiario.net\/portal\/2024\/05\/14\/larga-noche-de-museos-preve-visita-de-150-mil-personas\/\" \/>\n<meta property=\"og:locale\" content=\"es_ES\" \/>\n<meta property=\"og:type\" content=\"article\" \/>\n<meta property=\"og:title\" content=\"Larga Noche de Museos prev\u00e9 visita de 150 mil personas - El Diario - Bolivia\" \/>\n<meta property=\"og:description\" content=\"Con el reto de tener al menos 150 mil visitantes en los museos, galer\u00edas, centros culturales, embajadas, universidades e incluso domicilios particulares,\u00a0 el secretario municipal de Culturas y Turismo, Rodney Miranda, present\u00f3 la Larga Noche de Museos en su versi\u00f3n XVIII, que se efectuar\u00e1 este s\u00e1bado 18 de mayo, desde las 16:00 hasta la medianoche. [&hellip;]\" \/>\n<meta property=\"og:url\" content=\"https:\/\/www.eldiario.net\/portal\/2024\/05\/14\/larga-noche-de-museos-preve-visita-de-150-mil-personas\/\" \/>\n<meta property=\"og:site_name\" content=\"El Diario - Bolivia\" \/>\n<meta property=\"article:publisher\" content=\"https:\/\/www.facebook.com\/eldiario.bolivia\/\" \/>\n<meta property=\"article:published_time\" content=\"2024-05-14T11:18:47+00:00\" \/>\n<meta property=\"og:image\" content=\"https:\/\/www.eldiario.net\/portal\/wp-content\/uploads\/2024\/05\/MUSEOS-FOTO.jpeg\" \/>\n\t<meta property=\"og:image:width\" content=\"1024\" \/>\n\t<meta property=\"og:image:height\" content=\"472\" \/>\n\t<meta property=\"og:image:type\" content=\"image\/jpeg\" \/>\n<meta name=\"author\" content=\"Jeanette\" \/>\n<meta name=\"twitter:card\" content=\"summary_large_image\" \/>\n<meta name=\"twitter:creator\" content=\"@eldiario_net\" \/>\n<meta name=\"twitter:site\" content=\"@eldiario_net\" \/>\n<meta name=\"twitter:label1\" content=\"Escrito por\" \/>\n\t<meta name=\"twitter:data1\" content=\"Jeanette\" \/>\n\t<meta name=\"twitter:label2\" content=\"Tiempo de lectura\" \/>\n\t<meta name=\"twitter:data2\" content=\"2 minutos\" \/>\n<script type=\"application\/ld+json\" class=\"yoast-schema-graph\">{\"@context\":\"https:\\\/\\\/schema.org\",\"@graph\":[{\"@type\":\"Article\",\"@id\":\"https:\\\/\\\/www.eldiario.net\\\/portal\\\/2024\\\/05\\\/14\\\/larga-noche-de-museos-preve-visita-de-150-mil-personas\\\/#article\",\"isPartOf\":{\"@id\":\"https:\\\/\\\/www.eldiario.net\\\/portal\\\/2024\\\/05\\\/14\\\/larga-noche-de-museos-preve-visita-de-150-mil-personas\\\/\"},\"author\":{\"name\":\"Jeanette\",\"@id\":\"https:\\\/\\\/www.eldiario.net\\\/portal\\\/#\\\/schema\\\/person\\\/f46445640444750d7d753ccd04ae01b7\"},\"headline\":\"Larga Noche de Museos prev\u00e9 visita de 150 mil personas\",\"datePublished\":\"2024-05-14T11:18:47+00:00\",\"mainEntityOfPage\":{\"@id\":\"https:\\\/\\\/www.eldiario.net\\\/portal\\\/2024\\\/05\\\/14\\\/larga-noche-de-museos-preve-visita-de-150-mil-personas\\\/\"},\"wordCount\":312,\"commentCount\":0,\"publisher\":{\"@id\":\"https:\\\/\\\/www.eldiario.net\\\/portal\\\/#organization\"},\"image\":{\"@id\":\"https:\\\/\\\/www.eldiario.net\\\/portal\\\/2024\\\/05\\\/14\\\/larga-noche-de-museos-preve-visita-de-150-mil-personas\\\/#primaryimage\"},\"thumbnailUrl\":\"https:\\\/\\\/www.eldiario.net\\\/portal\\\/wp-content\\\/uploads\\\/2024\\\/05\\\/MUSEOS-FOTO.jpeg\",\"articleSection\":[\"Nacional\"],\"inLanguage\":\"es\",\"potentialAction\":[{\"@type\":\"CommentAction\",\"name\":\"Comment\",\"target\":[\"https:\\\/\\\/www.eldiario.net\\\/portal\\\/2024\\\/05\\\/14\\\/larga-noche-de-museos-preve-visita-de-150-mil-personas\\\/#respond\"]}]},{\"@type\":\"WebPage\",\"@id\":\"https:\\\/\\\/www.eldiario.net\\\/portal\\\/2024\\\/05\\\/14\\\/larga-noche-de-museos-preve-visita-de-150-mil-personas\\\/\",\"url\":\"https:\\\/\\\/www.eldiario.net\\\/portal\\\/2024\\\/05\\\/14\\\/larga-noche-de-museos-preve-visita-de-150-mil-personas\\\/\",\"name\":\"Larga Noche de Museos prev\u00e9 visita de 150 mil personas - El Diario - Bolivia\",\"isPartOf\":{\"@id\":\"https:\\\/\\\/www.eldiario.net\\\/portal\\\/#website\"},\"primaryImageOfPage\":{\"@id\":\"https:\\\/\\\/www.eldiario.net\\\/portal\\\/2024\\\/05\\\/14\\\/larga-noche-de-museos-preve-visita-de-150-mil-personas\\\/#primaryimage\"},\"image\":{\"@id\":\"https:\\\/\\\/www.eldiario.net\\\/portal\\\/2024\\\/05\\\/14\\\/larga-noche-de-museos-preve-visita-de-150-mil-personas\\\/#primaryimage\"},\"thumbnailUrl\":\"https:\\\/\\\/www.eldiario.net\\\/portal\\\/wp-content\\\/uploads\\\/2024\\\/05\\\/MUSEOS-FOTO.jpeg\",\"datePublished\":\"2024-05-14T11:18:47+00:00\",\"breadcrumb\":{\"@id\":\"https:\\\/\\\/www.eldiario.net\\\/portal\\\/2024\\\/05\\\/14\\\/larga-noche-de-museos-preve-visita-de-150-mil-personas\\\/#breadcrumb\"},\"inLanguage\":\"es\",\"potentialAction\":[{\"@type\":\"ReadAction\",\"target\":[\"https:\\\/\\\/www.eldiario.net\\\/portal\\\/2024\\\/05\\\/14\\\/larga-noche-de-museos-preve-visita-de-150-mil-personas\\\/\"]}]},{\"@type\":\"ImageObject\",\"inLanguage\":\"es\",\"@id\":\"https:\\\/\\\/www.eldiario.net\\\/portal\\\/2024\\\/05\\\/14\\\/larga-noche-de-museos-preve-visita-de-150-mil-personas\\\/#primaryimage\",\"url\":\"https:\\\/\\\/www.eldiario.net\\\/portal\\\/wp-content\\\/uploads\\\/2024\\\/05\\\/MUSEOS-FOTO.jpeg\",\"contentUrl\":\"https:\\\/\\\/www.eldiario.net\\\/portal\\\/wp-content\\\/uploads\\\/2024\\\/05\\\/MUSEOS-FOTO.jpeg\",\"width\":1024,\"height\":472,\"caption\":\"El Museo de Folklore de la provincia Mu\u00f1ecas, en Cotahuma ser\u00e1 parte de la actividad. Cr\u00e9dito: Gamlp\"},{\"@type\":\"BreadcrumbList\",\"@id\":\"https:\\\/\\\/www.eldiario.net\\\/portal\\\/2024\\\/05\\\/14\\\/larga-noche-de-museos-preve-visita-de-150-mil-personas\\\/#breadcrumb\",\"itemListElement\":[{\"@type\":\"ListItem\",\"position\":1,\"name\":\"Portada\",\"item\":\"https:\\\/\\\/www.eldiario.net\\\/portal\\\/\"},{\"@type\":\"ListItem\",\"position\":2,\"name\":\"Larga Noche de Museos prev\u00e9 visita de 150 mil personas\"}]},{\"@type\":\"WebSite\",\"@id\":\"https:\\\/\\\/www.eldiario.net\\\/portal\\\/#website\",\"url\":\"https:\\\/\\\/www.eldiario.net\\\/portal\\\/\",\"name\":\"El Diario - Decano de la prensa nacional\",\"description\":\"El Diario - Decano de la prensa nacional\",\"publisher\":{\"@id\":\"https:\\\/\\\/www.eldiario.net\\\/portal\\\/#organization\"},\"potentialAction\":[{\"@type\":\"SearchAction\",\"target\":{\"@type\":\"EntryPoint\",\"urlTemplate\":\"https:\\\/\\\/www.eldiario.net\\\/portal\\\/?s={search_term_string}\"},\"query-input\":{\"@type\":\"PropertyValueSpecification\",\"valueRequired\":true,\"valueName\":\"search_term_string\"}}],\"inLanguage\":\"es\"},{\"@type\":\"Organization\",\"@id\":\"https:\\\/\\\/www.eldiario.net\\\/portal\\\/#organization\",\"name\":\"El Diario - Decano de la prensa nacional\",\"url\":\"https:\\\/\\\/www.eldiario.net\\\/portal\\\/\",\"logo\":{\"@type\":\"ImageObject\",\"inLanguage\":\"es\",\"@id\":\"https:\\\/\\\/www.eldiario.net\\\/portal\\\/#\\\/schema\\\/logo\\\/image\\\/\",\"url\":\"https:\\\/\\\/www.eldiario.net\\\/portal\\\/wp-content\\\/uploads\\\/2023\\\/07\\\/logo_ED.jpg\",\"contentUrl\":\"https:\\\/\\\/www.eldiario.net\\\/portal\\\/wp-content\\\/uploads\\\/2023\\\/07\\\/logo_ED.jpg\",\"width\":272,\"height\":52,\"caption\":\"El Diario - Decano de la prensa nacional\"},\"image\":{\"@id\":\"https:\\\/\\\/www.eldiario.net\\\/portal\\\/#\\\/schema\\\/logo\\\/image\\\/\"},\"sameAs\":[\"https:\\\/\\\/www.facebook.com\\\/eldiario.bolivia\\\/\",\"https:\\\/\\\/x.com\\\/eldiario_net\"]},{\"@type\":\"Person\",\"@id\":\"https:\\\/\\\/www.eldiario.net\\\/portal\\\/#\\\/schema\\\/person\\\/f46445640444750d7d753ccd04ae01b7\",\"name\":\"Jeanette\",\"image\":{\"@type\":\"ImageObject\",\"inLanguage\":\"es\",\"@id\":\"https:\\\/\\\/secure.gravatar.com\\\/avatar\\\/3ea2118a5f7dad2b7138b1187a6b7ee55f160b9968b66013c3a3ef39dd7e5798?s=96&d=mm&r=g\",\"url\":\"https:\\\/\\\/secure.gravatar.com\\\/avatar\\\/3ea2118a5f7dad2b7138b1187a6b7ee55f160b9968b66013c3a3ef39dd7e5798?s=96&d=mm&r=g\",\"contentUrl\":\"https:\\\/\\\/secure.gravatar.com\\\/avatar\\\/3ea2118a5f7dad2b7138b1187a6b7ee55f160b9968b66013c3a3ef39dd7e5798?s=96&d=mm&r=g\",\"caption\":\"Jeanette\"},\"sameAs\":[\"https:\\\/\\\/www.eldiario.net\\\/portal\"],\"url\":\"https:\\\/\\\/www.eldiario.net\\\/portal\\\/author\\\/jeanette\\\/\"}]}<\/script>\n<!-- \/ Yoast SEO plugin. -->","yoast_head_json":{"title":"Larga Noche de Museos prev\u00e9 visita de 150 mil personas - El Diario - Bolivia","robots":{"index":"index","follow":"follow","max-snippet":"max-snippet:-1","max-image-preview":"max-image-preview:large","max-video-preview":"max-video-preview:-1"},"canonical":"https:\/\/www.eldiario.net\/portal\/2024\/05\/14\/larga-noche-de-museos-preve-visita-de-150-mil-personas\/","og_locale":"es_ES","og_type":"article","og_title":"Larga Noche de Museos prev\u00e9 visita de 150 mil personas - El Diario - Bolivia","og_description":"Con el reto de tener al menos 150 mil visitantes en los museos, galer\u00edas, centros culturales, embajadas, universidades e incluso domicilios particulares,\u00a0 el secretario municipal de Culturas y Turismo, Rodney Miranda, present\u00f3 la Larga Noche de Museos en su versi\u00f3n XVIII, que se efectuar\u00e1 este s\u00e1bado 18 de mayo, desde las 16:00 hasta la medianoche. [&hellip;]","og_url":"https:\/\/www.eldiario.net\/portal\/2024\/05\/14\/larga-noche-de-museos-preve-visita-de-150-mil-personas\/","og_site_name":"El Diario - Bolivia","article_publisher":"https:\/\/www.facebook.com\/eldiario.bolivia\/","article_published_time":"2024-05-14T11:18:47+00:00","og_image":[{"width":1024,"height":472,"url":"https:\/\/www.eldiario.net\/portal\/wp-content\/uploads\/2024\/05\/MUSEOS-FOTO.jpeg","type":"image\/jpeg"}],"author":"Jeanette","twitter_card":"summary_large_image","twitter_creator":"@eldiario_net","twitter_site":"@eldiario_net","twitter_misc":{"Escrito por":"Jeanette","Tiempo de lectura":"2 minutos"},"schema":{"@context":"https:\/\/schema.org","@graph":[{"@type":"Article","@id":"https:\/\/www.eldiario.net\/portal\/2024\/05\/14\/larga-noche-de-museos-preve-visita-de-150-mil-personas\/#article","isPartOf":{"@id":"https:\/\/www.eldiario.net\/portal\/2024\/05\/14\/larga-noche-de-museos-preve-visita-de-150-mil-personas\/"},"author":{"name":"Jeanette","@id":"https:\/\/www.eldiario.net\/portal\/#\/schema\/person\/f46445640444750d7d753ccd04ae01b7"},"headline":"Larga Noche de Museos prev\u00e9 visita de 150 mil personas","datePublished":"2024-05-14T11:18:47+00:00","mainEntityOfPage":{"@id":"https:\/\/www.eldiario.net\/portal\/2024\/05\/14\/larga-noche-de-museos-preve-visita-de-150-mil-personas\/"},"wordCount":312,"commentCount":0,"publisher":{"@id":"https:\/\/www.eldiario.net\/portal\/#organization"},"image":{"@id":"https:\/\/www.eldiario.net\/portal\/2024\/05\/14\/larga-noche-de-museos-preve-visita-de-150-mil-personas\/#primaryimage"},"thumbnailUrl":"https:\/\/www.eldiario.net\/portal\/wp-content\/uploads\/2024\/05\/MUSEOS-FOTO.jpeg","articleSection":["Nacional"],"inLanguage":"es","potentialAction":[{"@type":"CommentAction","name":"Comment","target":["https:\/\/www.eldiario.net\/portal\/2024\/05\/14\/larga-noche-de-museos-preve-visita-de-150-mil-personas\/#respond"]}]},{"@type":"WebPage","@id":"https:\/\/www.eldiario.net\/portal\/2024\/05\/14\/larga-noche-de-museos-preve-visita-de-150-mil-personas\/","url":"https:\/\/www.eldiario.net\/portal\/2024\/05\/14\/larga-noche-de-museos-preve-visita-de-150-mil-personas\/","name":"Larga Noche de Museos prev\u00e9 visita de 150 mil personas - El Diario - Bolivia","isPartOf":{"@id":"https:\/\/www.eldiario.net\/portal\/#website"},"primaryImageOfPage":{"@id":"https:\/\/www.eldiario.net\/portal\/2024\/05\/14\/larga-noche-de-museos-preve-visita-de-150-mil-personas\/#primaryimage"},"image":{"@id":"https:\/\/www.eldiario.net\/portal\/2024\/05\/14\/larga-noche-de-museos-preve-visita-de-150-mil-personas\/#primaryimage"},"thumbnailUrl":"https:\/\/www.eldiario.net\/portal\/wp-content\/uploads\/2024\/05\/MUSEOS-FOTO.jpeg","datePublished":"2024-05-14T11:18:47+00:00","breadcrumb":{"@id":"https:\/\/www.eldiario.net\/portal\/2024\/05\/14\/larga-noche-de-museos-preve-visita-de-150-mil-personas\/#breadcrumb"},"inLanguage":"es","potentialAction":[{"@type":"ReadAction","target":["https:\/\/www.eldiario.net\/portal\/2024\/05\/14\/larga-noche-de-museos-preve-visita-de-150-mil-personas\/"]}]},{"@type":"ImageObject","inLanguage":"es","@id":"https:\/\/www.eldiario.net\/portal\/2024\/05\/14\/larga-noche-de-museos-preve-visita-de-150-mil-personas\/#primaryimage","url":"https:\/\/www.eldiario.net\/portal\/wp-content\/uploads\/2024\/05\/MUSEOS-FOTO.jpeg","contentUrl":"https:\/\/www.eldiario.net\/portal\/wp-content\/uploads\/2024\/05\/MUSEOS-FOTO.jpeg","width":1024,"height":472,"caption":"El Museo de Folklore de la provincia Mu\u00f1ecas, en Cotahuma ser\u00e1 parte de la actividad. Cr\u00e9dito: Gamlp"},{"@type":"BreadcrumbList","@id":"https:\/\/www.eldiario.net\/portal\/2024\/05\/14\/larga-noche-de-museos-preve-visita-de-150-mil-personas\/#breadcrumb","itemListElement":[{"@type":"ListItem","position":1,"name":"Portada","item":"https:\/\/www.eldiario.net\/portal\/"},{"@type":"ListItem","position":2,"name":"Larga Noche de Museos prev\u00e9 visita de 150 mil personas"}]},{"@type":"WebSite","@id":"https:\/\/www.eldiario.net\/portal\/#website","url":"https:\/\/www.eldiario.net\/portal\/","name":"El Diario - Decano de la prensa nacional","description":"El Diario - Decano de la prensa nacional","publisher":{"@id":"https:\/\/www.eldiario.net\/portal\/#organization"},"potentialAction":[{"@type":"SearchAction","target":{"@type":"EntryPoint","urlTemplate":"https:\/\/www.eldiario.net\/portal\/?s={search_term_string}"},"query-input":{"@type":"PropertyValueSpecification","valueRequired":true,"valueName":"search_term_string"}}],"inLanguage":"es"},{"@type":"Organization","@id":"https:\/\/www.eldiario.net\/portal\/#organization","name":"El Diario - Decano de la prensa nacional","url":"https:\/\/www.eldiario.net\/portal\/","logo":{"@type":"ImageObject","inLanguage":"es","@id":"https:\/\/www.eldiario.net\/portal\/#\/schema\/logo\/image\/","url":"https:\/\/www.eldiario.net\/portal\/wp-content\/uploads\/2023\/07\/logo_ED.jpg","contentUrl":"https:\/\/www.eldiario.net\/portal\/wp-content\/uploads\/2023\/07\/logo_ED.jpg","width":272,"height":52,"caption":"El Diario - Decano de la prensa nacional"},"image":{"@id":"https:\/\/www.eldiario.net\/portal\/#\/schema\/logo\/image\/"},"sameAs":["https:\/\/www.facebook.com\/eldiario.bolivia\/","https:\/\/x.com\/eldiario_net"]},{"@type":"Person","@id":"https:\/\/www.eldiario.net\/portal\/#\/schema\/person\/f46445640444750d7d753ccd04ae01b7","name":"Jeanette","image":{"@type":"ImageObject","inLanguage":"es","@id":"https:\/\/secure.gravatar.com\/avatar\/3ea2118a5f7dad2b7138b1187a6b7ee55f160b9968b66013c3a3ef39dd7e5798?s=96&d=mm&r=g","url":"https:\/\/secure.gravatar.com\/avatar\/3ea2118a5f7dad2b7138b1187a6b7ee55f160b9968b66013c3a3ef39dd7e5798?s=96&d=mm&r=g","contentUrl":"https:\/\/secure.gravatar.com\/avatar\/3ea2118a5f7dad2b7138b1187a6b7ee55f160b9968b66013c3a3ef39dd7e5798?s=96&d=mm&r=g","caption":"Jeanette"},"sameAs":["https:\/\/www.eldiario.net\/portal"],"url":"https:\/\/www.eldiario.net\/portal\/author\/jeanette\/"}]}},"_links":{"self":[{"href":"https:\/\/www.eldiario.net\/portal\/wp-json\/wp\/v2\/posts\/220476","targetHints":{"allow":["GET"]}}],"collection":[{"href":"https:\/\/www.eldiario.net\/portal\/wp-json\/wp\/v2\/posts"}],"about":[{"href":"https:\/\/www.eldiario.net\/portal\/wp-json\/wp\/v2\/types\/post"}],"author":[{"embeddable":true,"href":"https:\/\/www.eldiario.net\/portal\/wp-json\/wp\/v2\/users\/1"}],"replies":[{"embeddable":true,"href":"https:\/\/www.eldiario.net\/portal\/wp-json\/wp\/v2\/comments?post=220476"}],"version-history":[{"count":1,"href":"https:\/\/www.eldiario.net\/portal\/wp-json\/wp\/v2\/posts\/220476\/revisions"}],"predecessor-version":[{"id":220478,"href":"https:\/\/www.eldiario.net\/portal\/wp-json\/wp\/v2\/posts\/220476\/revisions\/220478"}],"wp:featuredmedia":[{"embeddable":true,"href":"https:\/\/www.eldiario.net\/portal\/wp-json\/wp\/v2\/media\/220477"}],"wp:attachment":[{"href":"https:\/\/www.eldiario.net\/portal\/wp-json\/wp\/v2\/media?parent=220476"}],"wp:term":[{"taxonomy":"category","embeddable":true,"href":"https:\/\/www.eldiario.net\/portal\/wp-json\/wp\/v2\/categories?post=220476"},{"taxonomy":"post_tag","embeddable":true,"href":"https:\/\/www.eldiario.net\/portal\/wp-json\/wp\/v2\/tags?post=220476"}],"curies":[{"name":"wp","href":"https:\/\/api.w.org\/{rel}","templated":true}]}}