{"id":220473,"date":"2024-05-14T07:17:55","date_gmt":"2024-05-14T11:17:55","guid":{"rendered":"https:\/\/www.eldiario.net\/portal\/?p=220473"},"modified":"2024-05-14T07:18:05","modified_gmt":"2024-05-14T11:18:05","slug":"panificadores-declaran-emergencia-y-emapa-garantiza-dotacion-de-harina","status":"publish","type":"post","link":"https:\/\/www.eldiario.net\/portal\/2024\/05\/14\/panificadores-declaran-emergencia-y-emapa-garantiza-dotacion-de-harina\/","title":{"rendered":"Panificadores declaran emergencia y Emapa garantiza dotaci\u00f3n de harina"},"content":{"rendered":"<p>Tras que representantes de los panificadores se\u00f1alaron que est\u00e1n en estado de emergencia debido al incumplimiento de la Empresa de Apoyo a la Producci\u00f3n de Alimentos (Emapa) en la entrega de harina y por ello advirtieron con el incremento del precio del pan, desde Emapa indicaron que la provisi\u00f3n de harina se encuentra en tr\u00e1nsito y que este a\u00f1o entregar\u00e1n m\u00e1s de dos millones de quintales.<\/p>\n<p>El representante de la Federaci\u00f3n de panificadores de El Alto, Fidel Paco, se\u00f1al\u00f3 que su sector se encuentra en estado de emergencia debido al incremento de precios en insumos para elaborar pan, pero tambi\u00e9n porque la empresa estatal no les entreg\u00f3 la materia prima para elaborarlo.<\/p>\n<p>\u201cHacer conocer a la poblaci\u00f3n el incumplimiento de parte de Emapa con el sector panificador, si bien se ha suscrito un convenio para esta gesti\u00f3n pero el Ministerio de Desarrollo Productivo y Emapa est\u00e1n incumpliendo con el sector panificador por la entrega de la harina. En este momento, a la federaci\u00f3n de El Alto nos debe ya una quincena de saque de harina un total aproximado de 40 mil quintales que nos debe, no se est\u00e1 entregando al sector panificador\u201d, indic\u00f3 Paco.<\/p>\n<p>El panificador explic\u00f3 que, por otro lado, tambi\u00e9n se incrementaron el costo de los insumos que necesitan como la manteca, levadura y az\u00facar. Sobre todo cuestion\u00f3 el alza del precio del az\u00facar pues explic\u00f3 que hace tres a\u00f1os costaba Bs 140 el quintal y en la actualidad est\u00e1 entre Bs 260 y Bs 270. \u00a0\u201cHa subido casi el 50 por ciento, por eso estamos en estado de emergencia, posiblemente estos d\u00edas llamemos a una ampliado departamental de La Paz y El Alto, ah\u00ed se decidir\u00e1 si subimos el precio del pan o no\u201d, apunt\u00f3 Paco.<\/p>\n<p>Explico que tienen una hoja de costo actual por la que el pan de batalla podr\u00eda estar costando 0.80 centavos, y pidi\u00f3 ser atendidos por las autoridades gubernamentales para que les expliquen por qu\u00e9 la demora en la entrega de harina.<\/p>\n<p>Pese a esa posici\u00f3n y ante las declaraciones del dirigente panificador Dandy Mallea, el secretario ejecutivo de la Confederaci\u00f3n de Panificadores de Bolivia, Rub\u00e9n R\u00edos, asegur\u00f3 que su sector descarta el incremento del precio del pan de batalla, al menos, en esta gesti\u00f3n y apunt\u00f3 que cumplir\u00e1n el convenio firmado con el Gobierno.<\/p>\n<p>\u201cDandy Mallea no representa a nuestro sector en ning\u00fan momento (\u2026) es panificador pero de panes especiales no \u2018batallero\u2019, yo creo que sus anuncios est\u00e1n por dem\u00e1s alarmando al pueblo pace\u00f1o (\u2026) Este a\u00f1o tenemos un convenio, al a\u00f1o si estamos muy preocupados por todos estos puntos como salario y aspectos que han subido (\u2026) ojal\u00e1 que incrementemos al a\u00f1o, por lo menos, a 60 centavos no alarmando tanto a la poblaci\u00f3n\u201d, sostuvo el dirigente de la Confederaci\u00f3n.<\/p>\n<p>Asegur\u00f3 que su sector, que abarca m\u00e1s de siete federaciones a nivel nacional, respetar\u00e1 el convenio de no incrementar el precio del pan, al menos este a\u00f1o, pero pidi\u00f3 que tambi\u00e9n aprueben el precio preferencial de dos insumos que requieren.<\/p>\n<p>\u201cNosotros vamos a respetar este convenio que tenemos de mantener el precio del pan hasta fin de a\u00f1o a 50 centavos. Tenemos leves desfases de entrega, pero estamos subsanando todos esos puntos. El Gobierno tambi\u00e9n debe darnos el precio preferencial del az\u00facar y manteca, con eso m\u00e1s creo que vamos a cumplir nuestro convenio hasta fin de a\u00f1o\u201d, recalc\u00f3 R\u00edos.<\/p>\n<p>Al respecto, el gerente de Emapa, Franklin Flores, inform\u00f3 que la empresa estatal acopi\u00f3 120.000 toneladas de grano de trigo para este 2024, con lo que garantiz\u00f3 la entrega de harina a los panificadores.<\/p>\n<p>\u201cSe ha acopiado alrededor de 120.000 toneladas de trigo para esta gesti\u00f3n 2024 (y tiene) proyectados 150.000 para el a\u00f1o 2025. Por lo cual, Emapa garantiza con el trigo, la entrega de harina al sector panificador\u201d, explic\u00f3.<\/p>\n<p>Detall\u00f3 que, a la fecha, la empresa estatal entreg\u00f3 667.192 quintales (qq) de harina a los panificadores de Cochabamba, La Paz, El Alto, Beni, Sucre, Potos\u00ed y Oruro, a un precio subvencionado de Bs 136 a las tres primeras regiones y a Bs 123 a las dem\u00e1s.<\/p>\n<p>\u201cEn el mercado el quintal de harina est\u00e1 a 230 y 240 bolivianos, esta diferencia de precio es la que cubre el Estado para garantizar el precio del \u2018pan de batalla\u2019 al pueblo boliviano\u201d, enfatiz\u00f3 Flores.<\/p>\n<p>Este 2024, la empresa estatal prev\u00e9 la provisi\u00f3n de al menos unos 2.400.000 qq, tomando en cuenta que hasta la fecha entreg\u00f3 en un total de 667.192 qq, la mayor\u00eda de este volumen en La Paz y El Alto.<\/p>\n<p>Con esas entregas a trav\u00e9s de un convenio suscrito con la Confederaci\u00f3n Nacional de Panificadores, el Estado boliviano garantiza precio y peso justo en el \u201cpan de batalla\u201d.<\/p>\n<p>\u201cEl Estado, a trav\u00e9s de Emapa, va a garantizar el precio del pan de batalla. Nosotros como Estado hasta ahora hemos dispuesto recursos suficientes necesarios para acopiar el trigo\u201d, asegur\u00f3 el gerente.<\/p>\n","protected":false},"excerpt":{"rendered":"<p>Tras que representantes de los panificadores se\u00f1alaron que est\u00e1n en estado de emergencia debido al incumplimiento de la Empresa de Apoyo a la Producci\u00f3n de Alimentos (Emapa) en la entrega de harina y por ello advirtieron con el incremento del precio del pan, desde Emapa indicaron que la provisi\u00f3n de harina se encuentra en tr\u00e1nsito [&hellip;]<\/p>\n","protected":false},"author":1,"featured_media":220474,"comment_status":"open","ping_status":"open","sticky":false,"template":"","format":"standard","meta":{"_acf_changed":false,"footnotes":""},"categories":[12],"tags":[],"class_list":["post-220473","post","type-post","status-publish","format-standard","has-post-thumbnail","category-nacional"],"acf":{"antetitulo":"Confederaci\u00f3n asegura que no habr\u00e1 alza de precio del pan "},"yoast_head":"<!-- This site is optimized with the Yoast SEO plugin v28.4 - https:\/\/yoast.com\/product\/yoast-seo-wordpress\/ -->\n<title>Panificadores declaran emergencia y Emapa garantiza dotaci\u00f3n de harina - El Diario - Bolivia<\/title>\n<meta name=\"robots\" content=\"index, follow, max-snippet:-1, max-image-preview:large, max-video-preview:-1\" \/>\n<link rel=\"canonical\" href=\"https:\/\/www.eldiario.net\/portal\/2024\/05\/14\/panificadores-declaran-emergencia-y-emapa-garantiza-dotacion-de-harina\/\" \/>\n<meta property=\"og:locale\" content=\"es_ES\" \/>\n<meta property=\"og:type\" content=\"article\" \/>\n<meta property=\"og:title\" content=\"Panificadores declaran emergencia y Emapa garantiza dotaci\u00f3n de harina - El Diario - Bolivia\" \/>\n<meta property=\"og:description\" content=\"Tras que representantes de los panificadores se\u00f1alaron que est\u00e1n en estado de emergencia debido al incumplimiento de la Empresa de Apoyo a la Producci\u00f3n de Alimentos (Emapa) en la entrega de harina y por ello advirtieron con el incremento del precio del pan, desde Emapa indicaron que la provisi\u00f3n de harina se encuentra en tr\u00e1nsito [&hellip;]\" \/>\n<meta property=\"og:url\" content=\"https:\/\/www.eldiario.net\/portal\/2024\/05\/14\/panificadores-declaran-emergencia-y-emapa-garantiza-dotacion-de-harina\/\" \/>\n<meta property=\"og:site_name\" content=\"El Diario - Bolivia\" \/>\n<meta property=\"article:publisher\" content=\"https:\/\/www.facebook.com\/eldiario.bolivia\/\" \/>\n<meta property=\"article:published_time\" content=\"2024-05-14T11:17:55+00:00\" \/>\n<meta property=\"article:modified_time\" content=\"2024-05-14T11:18:05+00:00\" \/>\n<meta property=\"og:image\" content=\"https:\/\/www.eldiario.net\/portal\/wp-content\/uploads\/2024\/05\/PAN-FOTO.jpeg\" \/>\n\t<meta property=\"og:image:width\" content=\"1600\" \/>\n\t<meta property=\"og:image:height\" content=\"1067\" \/>\n\t<meta property=\"og:image:type\" content=\"image\/jpeg\" \/>\n<meta name=\"author\" content=\"Jeanette\" \/>\n<meta name=\"twitter:card\" content=\"summary_large_image\" \/>\n<meta name=\"twitter:creator\" content=\"@eldiario_net\" \/>\n<meta name=\"twitter:site\" content=\"@eldiario_net\" \/>\n<meta name=\"twitter:label1\" content=\"Escrito por\" \/>\n\t<meta name=\"twitter:data1\" content=\"Jeanette\" \/>\n\t<meta name=\"twitter:label2\" content=\"Tiempo de lectura\" \/>\n\t<meta name=\"twitter:data2\" content=\"4 minutos\" \/>\n<script type=\"application\/ld+json\" class=\"yoast-schema-graph\">{\"@context\":\"https:\\\/\\\/schema.org\",\"@graph\":[{\"@type\":\"Article\",\"@id\":\"https:\\\/\\\/www.eldiario.net\\\/portal\\\/2024\\\/05\\\/14\\\/panificadores-declaran-emergencia-y-emapa-garantiza-dotacion-de-harina\\\/#article\",\"isPartOf\":{\"@id\":\"https:\\\/\\\/www.eldiario.net\\\/portal\\\/2024\\\/05\\\/14\\\/panificadores-declaran-emergencia-y-emapa-garantiza-dotacion-de-harina\\\/\"},\"author\":{\"name\":\"Jeanette\",\"@id\":\"https:\\\/\\\/www.eldiario.net\\\/portal\\\/#\\\/schema\\\/person\\\/f46445640444750d7d753ccd04ae01b7\"},\"headline\":\"Panificadores declaran emergencia y Emapa garantiza dotaci\u00f3n de harina\",\"datePublished\":\"2024-05-14T11:17:55+00:00\",\"dateModified\":\"2024-05-14T11:18:05+00:00\",\"mainEntityOfPage\":{\"@id\":\"https:\\\/\\\/www.eldiario.net\\\/portal\\\/2024\\\/05\\\/14\\\/panificadores-declaran-emergencia-y-emapa-garantiza-dotacion-de-harina\\\/\"},\"wordCount\":852,\"commentCount\":0,\"publisher\":{\"@id\":\"https:\\\/\\\/www.eldiario.net\\\/portal\\\/#organization\"},\"image\":{\"@id\":\"https:\\\/\\\/www.eldiario.net\\\/portal\\\/2024\\\/05\\\/14\\\/panificadores-declaran-emergencia-y-emapa-garantiza-dotacion-de-harina\\\/#primaryimage\"},\"thumbnailUrl\":\"https:\\\/\\\/www.eldiario.net\\\/portal\\\/wp-content\\\/uploads\\\/2024\\\/05\\\/PAN-FOTO.jpeg\",\"articleSection\":[\"Nacional\"],\"inLanguage\":\"es\",\"potentialAction\":[{\"@type\":\"CommentAction\",\"name\":\"Comment\",\"target\":[\"https:\\\/\\\/www.eldiario.net\\\/portal\\\/2024\\\/05\\\/14\\\/panificadores-declaran-emergencia-y-emapa-garantiza-dotacion-de-harina\\\/#respond\"]}]},{\"@type\":\"WebPage\",\"@id\":\"https:\\\/\\\/www.eldiario.net\\\/portal\\\/2024\\\/05\\\/14\\\/panificadores-declaran-emergencia-y-emapa-garantiza-dotacion-de-harina\\\/\",\"url\":\"https:\\\/\\\/www.eldiario.net\\\/portal\\\/2024\\\/05\\\/14\\\/panificadores-declaran-emergencia-y-emapa-garantiza-dotacion-de-harina\\\/\",\"name\":\"Panificadores declaran emergencia y Emapa garantiza dotaci\u00f3n de harina - El Diario - Bolivia\",\"isPartOf\":{\"@id\":\"https:\\\/\\\/www.eldiario.net\\\/portal\\\/#website\"},\"primaryImageOfPage\":{\"@id\":\"https:\\\/\\\/www.eldiario.net\\\/portal\\\/2024\\\/05\\\/14\\\/panificadores-declaran-emergencia-y-emapa-garantiza-dotacion-de-harina\\\/#primaryimage\"},\"image\":{\"@id\":\"https:\\\/\\\/www.eldiario.net\\\/portal\\\/2024\\\/05\\\/14\\\/panificadores-declaran-emergencia-y-emapa-garantiza-dotacion-de-harina\\\/#primaryimage\"},\"thumbnailUrl\":\"https:\\\/\\\/www.eldiario.net\\\/portal\\\/wp-content\\\/uploads\\\/2024\\\/05\\\/PAN-FOTO.jpeg\",\"datePublished\":\"2024-05-14T11:17:55+00:00\",\"dateModified\":\"2024-05-14T11:18:05+00:00\",\"breadcrumb\":{\"@id\":\"https:\\\/\\\/www.eldiario.net\\\/portal\\\/2024\\\/05\\\/14\\\/panificadores-declaran-emergencia-y-emapa-garantiza-dotacion-de-harina\\\/#breadcrumb\"},\"inLanguage\":\"es\",\"potentialAction\":[{\"@type\":\"ReadAction\",\"target\":[\"https:\\\/\\\/www.eldiario.net\\\/portal\\\/2024\\\/05\\\/14\\\/panificadores-declaran-emergencia-y-emapa-garantiza-dotacion-de-harina\\\/\"]}]},{\"@type\":\"ImageObject\",\"inLanguage\":\"es\",\"@id\":\"https:\\\/\\\/www.eldiario.net\\\/portal\\\/2024\\\/05\\\/14\\\/panificadores-declaran-emergencia-y-emapa-garantiza-dotacion-de-harina\\\/#primaryimage\",\"url\":\"https:\\\/\\\/www.eldiario.net\\\/portal\\\/wp-content\\\/uploads\\\/2024\\\/05\\\/PAN-FOTO.jpeg\",\"contentUrl\":\"https:\\\/\\\/www.eldiario.net\\\/portal\\\/wp-content\\\/uploads\\\/2024\\\/05\\\/PAN-FOTO.jpeg\",\"width\":1600,\"height\":1067,\"caption\":\"Unos vaticinan incremento, pero otros lo descartan. Cr\u00e9dito: El Diario\"},{\"@type\":\"BreadcrumbList\",\"@id\":\"https:\\\/\\\/www.eldiario.net\\\/portal\\\/2024\\\/05\\\/14\\\/panificadores-declaran-emergencia-y-emapa-garantiza-dotacion-de-harina\\\/#breadcrumb\",\"itemListElement\":[{\"@type\":\"ListItem\",\"position\":1,\"name\":\"Portada\",\"item\":\"https:\\\/\\\/www.eldiario.net\\\/portal\\\/\"},{\"@type\":\"ListItem\",\"position\":2,\"name\":\"Panificadores declaran emergencia y Emapa garantiza dotaci\u00f3n de harina\"}]},{\"@type\":\"WebSite\",\"@id\":\"https:\\\/\\\/www.eldiario.net\\\/portal\\\/#website\",\"url\":\"https:\\\/\\\/www.eldiario.net\\\/portal\\\/\",\"name\":\"El Diario - Decano de la prensa nacional\",\"description\":\"El Diario - Decano de la prensa nacional\",\"publisher\":{\"@id\":\"https:\\\/\\\/www.eldiario.net\\\/portal\\\/#organization\"},\"potentialAction\":[{\"@type\":\"SearchAction\",\"target\":{\"@type\":\"EntryPoint\",\"urlTemplate\":\"https:\\\/\\\/www.eldiario.net\\\/portal\\\/?s={search_term_string}\"},\"query-input\":{\"@type\":\"PropertyValueSpecification\",\"valueRequired\":true,\"valueName\":\"search_term_string\"}}],\"inLanguage\":\"es\"},{\"@type\":\"Organization\",\"@id\":\"https:\\\/\\\/www.eldiario.net\\\/portal\\\/#organization\",\"name\":\"El Diario - Decano de la prensa nacional\",\"url\":\"https:\\\/\\\/www.eldiario.net\\\/portal\\\/\",\"logo\":{\"@type\":\"ImageObject\",\"inLanguage\":\"es\",\"@id\":\"https:\\\/\\\/www.eldiario.net\\\/portal\\\/#\\\/schema\\\/logo\\\/image\\\/\",\"url\":\"https:\\\/\\\/www.eldiario.net\\\/portal\\\/wp-content\\\/uploads\\\/2023\\\/07\\\/logo_ED.jpg\",\"contentUrl\":\"https:\\\/\\\/www.eldiario.net\\\/portal\\\/wp-content\\\/uploads\\\/2023\\\/07\\\/logo_ED.jpg\",\"width\":272,\"height\":52,\"caption\":\"El Diario - Decano de la prensa nacional\"},\"image\":{\"@id\":\"https:\\\/\\\/www.eldiario.net\\\/portal\\\/#\\\/schema\\\/logo\\\/image\\\/\"},\"sameAs\":[\"https:\\\/\\\/www.facebook.com\\\/eldiario.bolivia\\\/\",\"https:\\\/\\\/x.com\\\/eldiario_net\"]},{\"@type\":\"Person\",\"@id\":\"https:\\\/\\\/www.eldiario.net\\\/portal\\\/#\\\/schema\\\/person\\\/f46445640444750d7d753ccd04ae01b7\",\"name\":\"Jeanette\",\"image\":{\"@type\":\"ImageObject\",\"inLanguage\":\"es\",\"@id\":\"https:\\\/\\\/secure.gravatar.com\\\/avatar\\\/3ea2118a5f7dad2b7138b1187a6b7ee55f160b9968b66013c3a3ef39dd7e5798?s=96&d=mm&r=g\",\"url\":\"https:\\\/\\\/secure.gravatar.com\\\/avatar\\\/3ea2118a5f7dad2b7138b1187a6b7ee55f160b9968b66013c3a3ef39dd7e5798?s=96&d=mm&r=g\",\"contentUrl\":\"https:\\\/\\\/secure.gravatar.com\\\/avatar\\\/3ea2118a5f7dad2b7138b1187a6b7ee55f160b9968b66013c3a3ef39dd7e5798?s=96&d=mm&r=g\",\"caption\":\"Jeanette\"},\"sameAs\":[\"https:\\\/\\\/www.eldiario.net\\\/portal\"],\"url\":\"https:\\\/\\\/www.eldiario.net\\\/portal\\\/author\\\/jeanette\\\/\"}]}<\/script>\n<!-- \/ Yoast SEO plugin. -->","yoast_head_json":{"title":"Panificadores declaran emergencia y Emapa garantiza dotaci\u00f3n de harina - El Diario - Bolivia","robots":{"index":"index","follow":"follow","max-snippet":"max-snippet:-1","max-image-preview":"max-image-preview:large","max-video-preview":"max-video-preview:-1"},"canonical":"https:\/\/www.eldiario.net\/portal\/2024\/05\/14\/panificadores-declaran-emergencia-y-emapa-garantiza-dotacion-de-harina\/","og_locale":"es_ES","og_type":"article","og_title":"Panificadores declaran emergencia y Emapa garantiza dotaci\u00f3n de harina - El Diario - Bolivia","og_description":"Tras que representantes de los panificadores se\u00f1alaron que est\u00e1n en estado de emergencia debido al incumplimiento de la Empresa de Apoyo a la Producci\u00f3n de Alimentos (Emapa) en la entrega de harina y por ello advirtieron con el incremento del precio del pan, desde Emapa indicaron que la provisi\u00f3n de harina se encuentra en tr\u00e1nsito [&hellip;]","og_url":"https:\/\/www.eldiario.net\/portal\/2024\/05\/14\/panificadores-declaran-emergencia-y-emapa-garantiza-dotacion-de-harina\/","og_site_name":"El Diario - Bolivia","article_publisher":"https:\/\/www.facebook.com\/eldiario.bolivia\/","article_published_time":"2024-05-14T11:17:55+00:00","article_modified_time":"2024-05-14T11:18:05+00:00","og_image":[{"width":1600,"height":1067,"url":"https:\/\/www.eldiario.net\/portal\/wp-content\/uploads\/2024\/05\/PAN-FOTO.jpeg","type":"image\/jpeg"}],"author":"Jeanette","twitter_card":"summary_large_image","twitter_creator":"@eldiario_net","twitter_site":"@eldiario_net","twitter_misc":{"Escrito por":"Jeanette","Tiempo de lectura":"4 minutos"},"schema":{"@context":"https:\/\/schema.org","@graph":[{"@type":"Article","@id":"https:\/\/www.eldiario.net\/portal\/2024\/05\/14\/panificadores-declaran-emergencia-y-emapa-garantiza-dotacion-de-harina\/#article","isPartOf":{"@id":"https:\/\/www.eldiario.net\/portal\/2024\/05\/14\/panificadores-declaran-emergencia-y-emapa-garantiza-dotacion-de-harina\/"},"author":{"name":"Jeanette","@id":"https:\/\/www.eldiario.net\/portal\/#\/schema\/person\/f46445640444750d7d753ccd04ae01b7"},"headline":"Panificadores declaran emergencia y Emapa garantiza dotaci\u00f3n de harina","datePublished":"2024-05-14T11:17:55+00:00","dateModified":"2024-05-14T11:18:05+00:00","mainEntityOfPage":{"@id":"https:\/\/www.eldiario.net\/portal\/2024\/05\/14\/panificadores-declaran-emergencia-y-emapa-garantiza-dotacion-de-harina\/"},"wordCount":852,"commentCount":0,"publisher":{"@id":"https:\/\/www.eldiario.net\/portal\/#organization"},"image":{"@id":"https:\/\/www.eldiario.net\/portal\/2024\/05\/14\/panificadores-declaran-emergencia-y-emapa-garantiza-dotacion-de-harina\/#primaryimage"},"thumbnailUrl":"https:\/\/www.eldiario.net\/portal\/wp-content\/uploads\/2024\/05\/PAN-FOTO.jpeg","articleSection":["Nacional"],"inLanguage":"es","potentialAction":[{"@type":"CommentAction","name":"Comment","target":["https:\/\/www.eldiario.net\/portal\/2024\/05\/14\/panificadores-declaran-emergencia-y-emapa-garantiza-dotacion-de-harina\/#respond"]}]},{"@type":"WebPage","@id":"https:\/\/www.eldiario.net\/portal\/2024\/05\/14\/panificadores-declaran-emergencia-y-emapa-garantiza-dotacion-de-harina\/","url":"https:\/\/www.eldiario.net\/portal\/2024\/05\/14\/panificadores-declaran-emergencia-y-emapa-garantiza-dotacion-de-harina\/","name":"Panificadores declaran emergencia y Emapa garantiza dotaci\u00f3n de harina - El Diario - Bolivia","isPartOf":{"@id":"https:\/\/www.eldiario.net\/portal\/#website"},"primaryImageOfPage":{"@id":"https:\/\/www.eldiario.net\/portal\/2024\/05\/14\/panificadores-declaran-emergencia-y-emapa-garantiza-dotacion-de-harina\/#primaryimage"},"image":{"@id":"https:\/\/www.eldiario.net\/portal\/2024\/05\/14\/panificadores-declaran-emergencia-y-emapa-garantiza-dotacion-de-harina\/#primaryimage"},"thumbnailUrl":"https:\/\/www.eldiario.net\/portal\/wp-content\/uploads\/2024\/05\/PAN-FOTO.jpeg","datePublished":"2024-05-14T11:17:55+00:00","dateModified":"2024-05-14T11:18:05+00:00","breadcrumb":{"@id":"https:\/\/www.eldiario.net\/portal\/2024\/05\/14\/panificadores-declaran-emergencia-y-emapa-garantiza-dotacion-de-harina\/#breadcrumb"},"inLanguage":"es","potentialAction":[{"@type":"ReadAction","target":["https:\/\/www.eldiario.net\/portal\/2024\/05\/14\/panificadores-declaran-emergencia-y-emapa-garantiza-dotacion-de-harina\/"]}]},{"@type":"ImageObject","inLanguage":"es","@id":"https:\/\/www.eldiario.net\/portal\/2024\/05\/14\/panificadores-declaran-emergencia-y-emapa-garantiza-dotacion-de-harina\/#primaryimage","url":"https:\/\/www.eldiario.net\/portal\/wp-content\/uploads\/2024\/05\/PAN-FOTO.jpeg","contentUrl":"https:\/\/www.eldiario.net\/portal\/wp-content\/uploads\/2024\/05\/PAN-FOTO.jpeg","width":1600,"height":1067,"caption":"Unos vaticinan incremento, pero otros lo descartan. Cr\u00e9dito: El Diario"},{"@type":"BreadcrumbList","@id":"https:\/\/www.eldiario.net\/portal\/2024\/05\/14\/panificadores-declaran-emergencia-y-emapa-garantiza-dotacion-de-harina\/#breadcrumb","itemListElement":[{"@type":"ListItem","position":1,"name":"Portada","item":"https:\/\/www.eldiario.net\/portal\/"},{"@type":"ListItem","position":2,"name":"Panificadores declaran emergencia y Emapa garantiza dotaci\u00f3n de harina"}]},{"@type":"WebSite","@id":"https:\/\/www.eldiario.net\/portal\/#website","url":"https:\/\/www.eldiario.net\/portal\/","name":"El Diario - Decano de la prensa nacional","description":"El Diario - Decano de la prensa nacional","publisher":{"@id":"https:\/\/www.eldiario.net\/portal\/#organization"},"potentialAction":[{"@type":"SearchAction","target":{"@type":"EntryPoint","urlTemplate":"https:\/\/www.eldiario.net\/portal\/?s={search_term_string}"},"query-input":{"@type":"PropertyValueSpecification","valueRequired":true,"valueName":"search_term_string"}}],"inLanguage":"es"},{"@type":"Organization","@id":"https:\/\/www.eldiario.net\/portal\/#organization","name":"El Diario - Decano de la prensa nacional","url":"https:\/\/www.eldiario.net\/portal\/","logo":{"@type":"ImageObject","inLanguage":"es","@id":"https:\/\/www.eldiario.net\/portal\/#\/schema\/logo\/image\/","url":"https:\/\/www.eldiario.net\/portal\/wp-content\/uploads\/2023\/07\/logo_ED.jpg","contentUrl":"https:\/\/www.eldiario.net\/portal\/wp-content\/uploads\/2023\/07\/logo_ED.jpg","width":272,"height":52,"caption":"El Diario - Decano de la prensa nacional"},"image":{"@id":"https:\/\/www.eldiario.net\/portal\/#\/schema\/logo\/image\/"},"sameAs":["https:\/\/www.facebook.com\/eldiario.bolivia\/","https:\/\/x.com\/eldiario_net"]},{"@type":"Person","@id":"https:\/\/www.eldiario.net\/portal\/#\/schema\/person\/f46445640444750d7d753ccd04ae01b7","name":"Jeanette","image":{"@type":"ImageObject","inLanguage":"es","@id":"https:\/\/secure.gravatar.com\/avatar\/3ea2118a5f7dad2b7138b1187a6b7ee55f160b9968b66013c3a3ef39dd7e5798?s=96&d=mm&r=g","url":"https:\/\/secure.gravatar.com\/avatar\/3ea2118a5f7dad2b7138b1187a6b7ee55f160b9968b66013c3a3ef39dd7e5798?s=96&d=mm&r=g","contentUrl":"https:\/\/secure.gravatar.com\/avatar\/3ea2118a5f7dad2b7138b1187a6b7ee55f160b9968b66013c3a3ef39dd7e5798?s=96&d=mm&r=g","caption":"Jeanette"},"sameAs":["https:\/\/www.eldiario.net\/portal"],"url":"https:\/\/www.eldiario.net\/portal\/author\/jeanette\/"}]}},"_links":{"self":[{"href":"https:\/\/www.eldiario.net\/portal\/wp-json\/wp\/v2\/posts\/220473","targetHints":{"allow":["GET"]}}],"collection":[{"href":"https:\/\/www.eldiario.net\/portal\/wp-json\/wp\/v2\/posts"}],"about":[{"href":"https:\/\/www.eldiario.net\/portal\/wp-json\/wp\/v2\/types\/post"}],"author":[{"embeddable":true,"href":"https:\/\/www.eldiario.net\/portal\/wp-json\/wp\/v2\/users\/1"}],"replies":[{"embeddable":true,"href":"https:\/\/www.eldiario.net\/portal\/wp-json\/wp\/v2\/comments?post=220473"}],"version-history":[{"count":1,"href":"https:\/\/www.eldiario.net\/portal\/wp-json\/wp\/v2\/posts\/220473\/revisions"}],"predecessor-version":[{"id":220475,"href":"https:\/\/www.eldiario.net\/portal\/wp-json\/wp\/v2\/posts\/220473\/revisions\/220475"}],"wp:featuredmedia":[{"embeddable":true,"href":"https:\/\/www.eldiario.net\/portal\/wp-json\/wp\/v2\/media\/220474"}],"wp:attachment":[{"href":"https:\/\/www.eldiario.net\/portal\/wp-json\/wp\/v2\/media?parent=220473"}],"wp:term":[{"taxonomy":"category","embeddable":true,"href":"https:\/\/www.eldiario.net\/portal\/wp-json\/wp\/v2\/categories?post=220473"},{"taxonomy":"post_tag","embeddable":true,"href":"https:\/\/www.eldiario.net\/portal\/wp-json\/wp\/v2\/tags?post=220473"}],"curies":[{"name":"wp","href":"https:\/\/api.w.org\/{rel}","templated":true}]}}