{"id":220470,"date":"2024-05-14T07:16:55","date_gmt":"2024-05-14T11:16:55","guid":{"rendered":"https:\/\/www.eldiario.net\/portal\/?p=220470"},"modified":"2024-05-14T07:16:55","modified_gmt":"2024-05-14T11:16:55","slug":"trabajadores-choferes-y-vecinos-rechazan-traslado-de-aeropuerto","status":"publish","type":"post","link":"https:\/\/www.eldiario.net\/portal\/2024\/05\/14\/trabajadores-choferes-y-vecinos-rechazan-traslado-de-aeropuerto\/","title":{"rendered":"Trabajadores, choferes y vecinos  rechazan traslado de Aeropuerto"},"content":{"rendered":"<p>Los trabajadores sindicales de transporte del Aeropuerto y empleos indirectos del transporte p\u00fablico, adem\u00e1s de choferes, vecinos y otros sectores protestaron en puertas del Aeropuerto Internacional de El Alto en contra de la iniciativa de trasladar esas instalaciones, porque consideran que afectar\u00eda el movimiento econ\u00f3mico del sector y su fuente de ingresos.<\/p>\n<p>De acuerdo con los movilizados del sector transporte, entre 1.500 a 3.000 familias e incluso muchas miles m\u00e1s quedar\u00edan afectadas, pues dependen de los trabajos directos e indirectos que genera esa terminal a\u00e9rea.<\/p>\n<p>La protesta surgi\u00f3 luego de que autoridades de la Alcald\u00eda y una Federaci\u00f3n de Juntas de Vecinos (Fejuve) indicaron estar a favor de trasladar el Aeropuerto, porque su actual ubicaci\u00f3n \u00a0genera problemas de tr\u00e1fico vehicular e incluso de tipo a\u00e9reo por el espacio que ocupan algunas viviendas aleda\u00f1as.<\/p>\n<p>\u201cLos compa\u00f1eros del transporte est\u00e1n molestos y rechazan la propuesta de una de las fejuves de mover al aeropuerto; tienen derecho a protestar pero hemos hecho levantar el bloqueo porque esta es una v\u00eda que no podemos bloquear\u201d, se\u00f1al\u00f3 al respecto, el secretario ejecutivo de la Federaci\u00f3n de Choferes 1 de Mayo, Reynaldo Luna.<\/p>\n<p>Ese hecho fue corroborado por el comandante Regional de Polic\u00eda de El Alto, Gunther Agudo, quien sostuvo que se dispers\u00f3 a los movilizados y se garantiz\u00f3 el libre tr\u00e1nsito hacia el aeropuerto de El Alto.<\/p>\n<p>Minutos antes, un representante del sindicato de transporte Contrastur, Jorge Choque, ratific\u00f3 que sus afiliados \u201cse encuentran en estado de emergencia\u201d.<\/p>\n<p>\u201cLos cinco operadores del transporte que servimos al aeropuerto nos sentimos afectados, raz\u00f3n por la que estamos en estado de emergencia y no vamos a permitir su traslado, porque es lo \u00fanico que le queda a El Alto luego de que se han llevado a todas las empresas\u201d, expres\u00f3.<\/p>\n<p>Asimismo, el dirigente de la Fejuve emergente, Pablo Daza, expres\u00f3 su respaldo al sector de los trabajadores y del transporte del Aeropuerto.<\/p>\n<p>\u201cEl aeropuerto no se va mover, no se puede pedir ni se puede decir que este aeropuerto se mueva. Porque constituye fuentes laborales directas e indirectas hay m\u00e1s de mil familias que dependen del Aeropuerto Internacional de El Alto\u201d, manifest\u00f3.<\/p>\n<p>Argument\u00f3 que la propuesta del traslado es \u201cun pretexto para tapar la ineficacia e ineptitud de la alcaldesa de El Alto\u201d y cuestion\u00f3 la actitud de ciertos dirigentes alte\u00f1os de quienes dijo \u201cse prestan a intereses oscuros de loteadores que quieren tomar estos terrenos para su beneficio propio\u201d.<\/p>\n<p>POSICI\u00d3N<\/p>\n<p>Al respecto, pese a que la alcaldesa alte\u00f1a, Eva Copa, aboga por un nuevo aeropuerto en El Alto, aclar\u00f3 que es imposible por el momento tener una nueva instalaci\u00f3n debido a la falta de recursos.<\/p>\n<p>\u201cEs imposible en estos momentos. El presidente claramente ha dicho que est\u00e1 buscando recursos para poder tener mayor inversi\u00f3n en nuestra poblaci\u00f3n\u201d, sostuvo a tiempo de asegurar que \u201cno hay un dise\u00f1o final para un aeropuerto. No hay condiciones en estos momentos. No hay el lugar donde se tiene que hacer. S\u00ed nos gustar\u00eda tener un Aeropuerto en la ciudad de El Alto, porque el aeropuerto (actual) separa al norte y al sur, pero tenemos tambi\u00e9n conocimiento y estamos conscientes de que este no es el momento\u201d, agreg\u00f3 la Alcaldesa.<\/p>\n<p>Respecto a la movilizaci\u00f3n, Copa aleg\u00f3 que un grupo de personas no puede obstaculizar el desarrollo de la ciudad de El Alto y sostuvo que el actual aeropuerto impide el tr\u00e1fico vehicular y genera embotellamientos.<\/p>\n<p>Consider\u00f3 que los manifestantes est\u00e1n sacando conclusiones apresuradas, puesto que un aeropuerto no se hace en un a\u00f1o, sino requiere de una planificaci\u00f3n. Copa alert\u00f3 que las movilizaciones tendr\u00edan la intenci\u00f3n de generar zozobra en la poblaci\u00f3n.<\/p>\n","protected":false},"excerpt":{"rendered":"<p>Los trabajadores sindicales de transporte del Aeropuerto y empleos indirectos del transporte p\u00fablico, adem\u00e1s de choferes, vecinos y otros sectores protestaron en puertas del Aeropuerto Internacional de El Alto en contra de la iniciativa de trasladar esas instalaciones, porque consideran que afectar\u00eda el movimiento econ\u00f3mico del sector y su fuente de ingresos. De acuerdo con [&hellip;]<\/p>\n","protected":false},"author":1,"featured_media":220471,"comment_status":"open","ping_status":"open","sticky":false,"template":"","format":"standard","meta":{"_acf_changed":false,"footnotes":""},"categories":[12],"tags":[],"class_list":["post-220470","post","type-post","status-publish","format-standard","has-post-thumbnail","category-nacional"],"acf":{"antetitulo":"Comuna descarta nueva instalaci\u00f3n"},"yoast_head":"<!-- This site is optimized with the Yoast SEO plugin v28.4 - https:\/\/yoast.com\/product\/yoast-seo-wordpress\/ -->\n<title>Trabajadores, choferes y vecinos rechazan traslado de Aeropuerto - El Diario - Bolivia<\/title>\n<meta name=\"robots\" content=\"index, follow, max-snippet:-1, max-image-preview:large, max-video-preview:-1\" \/>\n<link rel=\"canonical\" href=\"https:\/\/www.eldiario.net\/portal\/2024\/05\/14\/trabajadores-choferes-y-vecinos-rechazan-traslado-de-aeropuerto\/\" \/>\n<meta property=\"og:locale\" content=\"es_ES\" \/>\n<meta property=\"og:type\" content=\"article\" \/>\n<meta property=\"og:title\" content=\"Trabajadores, choferes y vecinos rechazan traslado de Aeropuerto - El Diario - Bolivia\" \/>\n<meta property=\"og:description\" content=\"Los trabajadores sindicales de transporte del Aeropuerto y empleos indirectos del transporte p\u00fablico, adem\u00e1s de choferes, vecinos y otros sectores protestaron en puertas del Aeropuerto Internacional de El Alto en contra de la iniciativa de trasladar esas instalaciones, porque consideran que afectar\u00eda el movimiento econ\u00f3mico del sector y su fuente de ingresos. De acuerdo con [&hellip;]\" \/>\n<meta property=\"og:url\" content=\"https:\/\/www.eldiario.net\/portal\/2024\/05\/14\/trabajadores-choferes-y-vecinos-rechazan-traslado-de-aeropuerto\/\" \/>\n<meta property=\"og:site_name\" content=\"El Diario - Bolivia\" \/>\n<meta property=\"article:publisher\" content=\"https:\/\/www.facebook.com\/eldiario.bolivia\/\" \/>\n<meta property=\"article:published_time\" content=\"2024-05-14T11:16:55+00:00\" \/>\n<meta property=\"og:image\" content=\"https:\/\/www.eldiario.net\/portal\/wp-content\/uploads\/2024\/05\/AERO-FOTO-scaled.jpeg\" \/>\n\t<meta property=\"og:image:width\" content=\"2560\" \/>\n\t<meta property=\"og:image:height\" content=\"1706\" \/>\n\t<meta property=\"og:image:type\" content=\"image\/jpeg\" \/>\n<meta name=\"author\" content=\"Jeanette\" \/>\n<meta name=\"twitter:card\" content=\"summary_large_image\" \/>\n<meta name=\"twitter:creator\" content=\"@eldiario_net\" \/>\n<meta name=\"twitter:site\" content=\"@eldiario_net\" \/>\n<meta name=\"twitter:label1\" content=\"Escrito por\" \/>\n\t<meta name=\"twitter:data1\" content=\"Jeanette\" \/>\n\t<meta name=\"twitter:label2\" content=\"Tiempo de lectura\" \/>\n\t<meta name=\"twitter:data2\" content=\"3 minutos\" \/>\n<script type=\"application\/ld+json\" class=\"yoast-schema-graph\">{\"@context\":\"https:\\\/\\\/schema.org\",\"@graph\":[{\"@type\":\"Article\",\"@id\":\"https:\\\/\\\/www.eldiario.net\\\/portal\\\/2024\\\/05\\\/14\\\/trabajadores-choferes-y-vecinos-rechazan-traslado-de-aeropuerto\\\/#article\",\"isPartOf\":{\"@id\":\"https:\\\/\\\/www.eldiario.net\\\/portal\\\/2024\\\/05\\\/14\\\/trabajadores-choferes-y-vecinos-rechazan-traslado-de-aeropuerto\\\/\"},\"author\":{\"name\":\"Jeanette\",\"@id\":\"https:\\\/\\\/www.eldiario.net\\\/portal\\\/#\\\/schema\\\/person\\\/f46445640444750d7d753ccd04ae01b7\"},\"headline\":\"Trabajadores, choferes y vecinos rechazan traslado de Aeropuerto\",\"datePublished\":\"2024-05-14T11:16:55+00:00\",\"mainEntityOfPage\":{\"@id\":\"https:\\\/\\\/www.eldiario.net\\\/portal\\\/2024\\\/05\\\/14\\\/trabajadores-choferes-y-vecinos-rechazan-traslado-de-aeropuerto\\\/\"},\"wordCount\":644,\"commentCount\":0,\"publisher\":{\"@id\":\"https:\\\/\\\/www.eldiario.net\\\/portal\\\/#organization\"},\"image\":{\"@id\":\"https:\\\/\\\/www.eldiario.net\\\/portal\\\/2024\\\/05\\\/14\\\/trabajadores-choferes-y-vecinos-rechazan-traslado-de-aeropuerto\\\/#primaryimage\"},\"thumbnailUrl\":\"https:\\\/\\\/www.eldiario.net\\\/portal\\\/wp-content\\\/uploads\\\/2024\\\/05\\\/AERO-FOTO-scaled.jpeg\",\"articleSection\":[\"Nacional\"],\"inLanguage\":\"es\",\"potentialAction\":[{\"@type\":\"CommentAction\",\"name\":\"Comment\",\"target\":[\"https:\\\/\\\/www.eldiario.net\\\/portal\\\/2024\\\/05\\\/14\\\/trabajadores-choferes-y-vecinos-rechazan-traslado-de-aeropuerto\\\/#respond\"]}]},{\"@type\":\"WebPage\",\"@id\":\"https:\\\/\\\/www.eldiario.net\\\/portal\\\/2024\\\/05\\\/14\\\/trabajadores-choferes-y-vecinos-rechazan-traslado-de-aeropuerto\\\/\",\"url\":\"https:\\\/\\\/www.eldiario.net\\\/portal\\\/2024\\\/05\\\/14\\\/trabajadores-choferes-y-vecinos-rechazan-traslado-de-aeropuerto\\\/\",\"name\":\"Trabajadores, choferes y vecinos rechazan traslado de Aeropuerto - El Diario - Bolivia\",\"isPartOf\":{\"@id\":\"https:\\\/\\\/www.eldiario.net\\\/portal\\\/#website\"},\"primaryImageOfPage\":{\"@id\":\"https:\\\/\\\/www.eldiario.net\\\/portal\\\/2024\\\/05\\\/14\\\/trabajadores-choferes-y-vecinos-rechazan-traslado-de-aeropuerto\\\/#primaryimage\"},\"image\":{\"@id\":\"https:\\\/\\\/www.eldiario.net\\\/portal\\\/2024\\\/05\\\/14\\\/trabajadores-choferes-y-vecinos-rechazan-traslado-de-aeropuerto\\\/#primaryimage\"},\"thumbnailUrl\":\"https:\\\/\\\/www.eldiario.net\\\/portal\\\/wp-content\\\/uploads\\\/2024\\\/05\\\/AERO-FOTO-scaled.jpeg\",\"datePublished\":\"2024-05-14T11:16:55+00:00\",\"breadcrumb\":{\"@id\":\"https:\\\/\\\/www.eldiario.net\\\/portal\\\/2024\\\/05\\\/14\\\/trabajadores-choferes-y-vecinos-rechazan-traslado-de-aeropuerto\\\/#breadcrumb\"},\"inLanguage\":\"es\",\"potentialAction\":[{\"@type\":\"ReadAction\",\"target\":[\"https:\\\/\\\/www.eldiario.net\\\/portal\\\/2024\\\/05\\\/14\\\/trabajadores-choferes-y-vecinos-rechazan-traslado-de-aeropuerto\\\/\"]}]},{\"@type\":\"ImageObject\",\"inLanguage\":\"es\",\"@id\":\"https:\\\/\\\/www.eldiario.net\\\/portal\\\/2024\\\/05\\\/14\\\/trabajadores-choferes-y-vecinos-rechazan-traslado-de-aeropuerto\\\/#primaryimage\",\"url\":\"https:\\\/\\\/www.eldiario.net\\\/portal\\\/wp-content\\\/uploads\\\/2024\\\/05\\\/AERO-FOTO-scaled.jpeg\",\"contentUrl\":\"https:\\\/\\\/www.eldiario.net\\\/portal\\\/wp-content\\\/uploads\\\/2024\\\/05\\\/AERO-FOTO-scaled.jpeg\",\"width\":2560,\"height\":1706,\"caption\":\"Los movilizados impidieron el paso a instalaciones del aeropuerto. Cr\u00e9dito: APG\"},{\"@type\":\"BreadcrumbList\",\"@id\":\"https:\\\/\\\/www.eldiario.net\\\/portal\\\/2024\\\/05\\\/14\\\/trabajadores-choferes-y-vecinos-rechazan-traslado-de-aeropuerto\\\/#breadcrumb\",\"itemListElement\":[{\"@type\":\"ListItem\",\"position\":1,\"name\":\"Portada\",\"item\":\"https:\\\/\\\/www.eldiario.net\\\/portal\\\/\"},{\"@type\":\"ListItem\",\"position\":2,\"name\":\"Trabajadores, choferes y vecinos rechazan traslado de Aeropuerto\"}]},{\"@type\":\"WebSite\",\"@id\":\"https:\\\/\\\/www.eldiario.net\\\/portal\\\/#website\",\"url\":\"https:\\\/\\\/www.eldiario.net\\\/portal\\\/\",\"name\":\"El Diario - Decano de la prensa nacional\",\"description\":\"El Diario - Decano de la prensa nacional\",\"publisher\":{\"@id\":\"https:\\\/\\\/www.eldiario.net\\\/portal\\\/#organization\"},\"potentialAction\":[{\"@type\":\"SearchAction\",\"target\":{\"@type\":\"EntryPoint\",\"urlTemplate\":\"https:\\\/\\\/www.eldiario.net\\\/portal\\\/?s={search_term_string}\"},\"query-input\":{\"@type\":\"PropertyValueSpecification\",\"valueRequired\":true,\"valueName\":\"search_term_string\"}}],\"inLanguage\":\"es\"},{\"@type\":\"Organization\",\"@id\":\"https:\\\/\\\/www.eldiario.net\\\/portal\\\/#organization\",\"name\":\"El Diario - Decano de la prensa nacional\",\"url\":\"https:\\\/\\\/www.eldiario.net\\\/portal\\\/\",\"logo\":{\"@type\":\"ImageObject\",\"inLanguage\":\"es\",\"@id\":\"https:\\\/\\\/www.eldiario.net\\\/portal\\\/#\\\/schema\\\/logo\\\/image\\\/\",\"url\":\"https:\\\/\\\/www.eldiario.net\\\/portal\\\/wp-content\\\/uploads\\\/2023\\\/07\\\/logo_ED.jpg\",\"contentUrl\":\"https:\\\/\\\/www.eldiario.net\\\/portal\\\/wp-content\\\/uploads\\\/2023\\\/07\\\/logo_ED.jpg\",\"width\":272,\"height\":52,\"caption\":\"El Diario - Decano de la prensa nacional\"},\"image\":{\"@id\":\"https:\\\/\\\/www.eldiario.net\\\/portal\\\/#\\\/schema\\\/logo\\\/image\\\/\"},\"sameAs\":[\"https:\\\/\\\/www.facebook.com\\\/eldiario.bolivia\\\/\",\"https:\\\/\\\/x.com\\\/eldiario_net\"]},{\"@type\":\"Person\",\"@id\":\"https:\\\/\\\/www.eldiario.net\\\/portal\\\/#\\\/schema\\\/person\\\/f46445640444750d7d753ccd04ae01b7\",\"name\":\"Jeanette\",\"image\":{\"@type\":\"ImageObject\",\"inLanguage\":\"es\",\"@id\":\"https:\\\/\\\/secure.gravatar.com\\\/avatar\\\/3ea2118a5f7dad2b7138b1187a6b7ee55f160b9968b66013c3a3ef39dd7e5798?s=96&d=mm&r=g\",\"url\":\"https:\\\/\\\/secure.gravatar.com\\\/avatar\\\/3ea2118a5f7dad2b7138b1187a6b7ee55f160b9968b66013c3a3ef39dd7e5798?s=96&d=mm&r=g\",\"contentUrl\":\"https:\\\/\\\/secure.gravatar.com\\\/avatar\\\/3ea2118a5f7dad2b7138b1187a6b7ee55f160b9968b66013c3a3ef39dd7e5798?s=96&d=mm&r=g\",\"caption\":\"Jeanette\"},\"sameAs\":[\"https:\\\/\\\/www.eldiario.net\\\/portal\"],\"url\":\"https:\\\/\\\/www.eldiario.net\\\/portal\\\/author\\\/jeanette\\\/\"}]}<\/script>\n<!-- \/ Yoast SEO plugin. -->","yoast_head_json":{"title":"Trabajadores, choferes y vecinos rechazan traslado de Aeropuerto - El Diario - Bolivia","robots":{"index":"index","follow":"follow","max-snippet":"max-snippet:-1","max-image-preview":"max-image-preview:large","max-video-preview":"max-video-preview:-1"},"canonical":"https:\/\/www.eldiario.net\/portal\/2024\/05\/14\/trabajadores-choferes-y-vecinos-rechazan-traslado-de-aeropuerto\/","og_locale":"es_ES","og_type":"article","og_title":"Trabajadores, choferes y vecinos rechazan traslado de Aeropuerto - El Diario - Bolivia","og_description":"Los trabajadores sindicales de transporte del Aeropuerto y empleos indirectos del transporte p\u00fablico, adem\u00e1s de choferes, vecinos y otros sectores protestaron en puertas del Aeropuerto Internacional de El Alto en contra de la iniciativa de trasladar esas instalaciones, porque consideran que afectar\u00eda el movimiento econ\u00f3mico del sector y su fuente de ingresos. De acuerdo con [&hellip;]","og_url":"https:\/\/www.eldiario.net\/portal\/2024\/05\/14\/trabajadores-choferes-y-vecinos-rechazan-traslado-de-aeropuerto\/","og_site_name":"El Diario - Bolivia","article_publisher":"https:\/\/www.facebook.com\/eldiario.bolivia\/","article_published_time":"2024-05-14T11:16:55+00:00","og_image":[{"width":2560,"height":1706,"url":"https:\/\/www.eldiario.net\/portal\/wp-content\/uploads\/2024\/05\/AERO-FOTO-scaled.jpeg","type":"image\/jpeg"}],"author":"Jeanette","twitter_card":"summary_large_image","twitter_creator":"@eldiario_net","twitter_site":"@eldiario_net","twitter_misc":{"Escrito por":"Jeanette","Tiempo de lectura":"3 minutos"},"schema":{"@context":"https:\/\/schema.org","@graph":[{"@type":"Article","@id":"https:\/\/www.eldiario.net\/portal\/2024\/05\/14\/trabajadores-choferes-y-vecinos-rechazan-traslado-de-aeropuerto\/#article","isPartOf":{"@id":"https:\/\/www.eldiario.net\/portal\/2024\/05\/14\/trabajadores-choferes-y-vecinos-rechazan-traslado-de-aeropuerto\/"},"author":{"name":"Jeanette","@id":"https:\/\/www.eldiario.net\/portal\/#\/schema\/person\/f46445640444750d7d753ccd04ae01b7"},"headline":"Trabajadores, choferes y vecinos rechazan traslado de Aeropuerto","datePublished":"2024-05-14T11:16:55+00:00","mainEntityOfPage":{"@id":"https:\/\/www.eldiario.net\/portal\/2024\/05\/14\/trabajadores-choferes-y-vecinos-rechazan-traslado-de-aeropuerto\/"},"wordCount":644,"commentCount":0,"publisher":{"@id":"https:\/\/www.eldiario.net\/portal\/#organization"},"image":{"@id":"https:\/\/www.eldiario.net\/portal\/2024\/05\/14\/trabajadores-choferes-y-vecinos-rechazan-traslado-de-aeropuerto\/#primaryimage"},"thumbnailUrl":"https:\/\/www.eldiario.net\/portal\/wp-content\/uploads\/2024\/05\/AERO-FOTO-scaled.jpeg","articleSection":["Nacional"],"inLanguage":"es","potentialAction":[{"@type":"CommentAction","name":"Comment","target":["https:\/\/www.eldiario.net\/portal\/2024\/05\/14\/trabajadores-choferes-y-vecinos-rechazan-traslado-de-aeropuerto\/#respond"]}]},{"@type":"WebPage","@id":"https:\/\/www.eldiario.net\/portal\/2024\/05\/14\/trabajadores-choferes-y-vecinos-rechazan-traslado-de-aeropuerto\/","url":"https:\/\/www.eldiario.net\/portal\/2024\/05\/14\/trabajadores-choferes-y-vecinos-rechazan-traslado-de-aeropuerto\/","name":"Trabajadores, choferes y vecinos rechazan traslado de Aeropuerto - El Diario - Bolivia","isPartOf":{"@id":"https:\/\/www.eldiario.net\/portal\/#website"},"primaryImageOfPage":{"@id":"https:\/\/www.eldiario.net\/portal\/2024\/05\/14\/trabajadores-choferes-y-vecinos-rechazan-traslado-de-aeropuerto\/#primaryimage"},"image":{"@id":"https:\/\/www.eldiario.net\/portal\/2024\/05\/14\/trabajadores-choferes-y-vecinos-rechazan-traslado-de-aeropuerto\/#primaryimage"},"thumbnailUrl":"https:\/\/www.eldiario.net\/portal\/wp-content\/uploads\/2024\/05\/AERO-FOTO-scaled.jpeg","datePublished":"2024-05-14T11:16:55+00:00","breadcrumb":{"@id":"https:\/\/www.eldiario.net\/portal\/2024\/05\/14\/trabajadores-choferes-y-vecinos-rechazan-traslado-de-aeropuerto\/#breadcrumb"},"inLanguage":"es","potentialAction":[{"@type":"ReadAction","target":["https:\/\/www.eldiario.net\/portal\/2024\/05\/14\/trabajadores-choferes-y-vecinos-rechazan-traslado-de-aeropuerto\/"]}]},{"@type":"ImageObject","inLanguage":"es","@id":"https:\/\/www.eldiario.net\/portal\/2024\/05\/14\/trabajadores-choferes-y-vecinos-rechazan-traslado-de-aeropuerto\/#primaryimage","url":"https:\/\/www.eldiario.net\/portal\/wp-content\/uploads\/2024\/05\/AERO-FOTO-scaled.jpeg","contentUrl":"https:\/\/www.eldiario.net\/portal\/wp-content\/uploads\/2024\/05\/AERO-FOTO-scaled.jpeg","width":2560,"height":1706,"caption":"Los movilizados impidieron el paso a instalaciones del aeropuerto. Cr\u00e9dito: APG"},{"@type":"BreadcrumbList","@id":"https:\/\/www.eldiario.net\/portal\/2024\/05\/14\/trabajadores-choferes-y-vecinos-rechazan-traslado-de-aeropuerto\/#breadcrumb","itemListElement":[{"@type":"ListItem","position":1,"name":"Portada","item":"https:\/\/www.eldiario.net\/portal\/"},{"@type":"ListItem","position":2,"name":"Trabajadores, choferes y vecinos rechazan traslado de Aeropuerto"}]},{"@type":"WebSite","@id":"https:\/\/www.eldiario.net\/portal\/#website","url":"https:\/\/www.eldiario.net\/portal\/","name":"El Diario - Decano de la prensa nacional","description":"El Diario - Decano de la prensa nacional","publisher":{"@id":"https:\/\/www.eldiario.net\/portal\/#organization"},"potentialAction":[{"@type":"SearchAction","target":{"@type":"EntryPoint","urlTemplate":"https:\/\/www.eldiario.net\/portal\/?s={search_term_string}"},"query-input":{"@type":"PropertyValueSpecification","valueRequired":true,"valueName":"search_term_string"}}],"inLanguage":"es"},{"@type":"Organization","@id":"https:\/\/www.eldiario.net\/portal\/#organization","name":"El Diario - Decano de la prensa nacional","url":"https:\/\/www.eldiario.net\/portal\/","logo":{"@type":"ImageObject","inLanguage":"es","@id":"https:\/\/www.eldiario.net\/portal\/#\/schema\/logo\/image\/","url":"https:\/\/www.eldiario.net\/portal\/wp-content\/uploads\/2023\/07\/logo_ED.jpg","contentUrl":"https:\/\/www.eldiario.net\/portal\/wp-content\/uploads\/2023\/07\/logo_ED.jpg","width":272,"height":52,"caption":"El Diario - Decano de la prensa nacional"},"image":{"@id":"https:\/\/www.eldiario.net\/portal\/#\/schema\/logo\/image\/"},"sameAs":["https:\/\/www.facebook.com\/eldiario.bolivia\/","https:\/\/x.com\/eldiario_net"]},{"@type":"Person","@id":"https:\/\/www.eldiario.net\/portal\/#\/schema\/person\/f46445640444750d7d753ccd04ae01b7","name":"Jeanette","image":{"@type":"ImageObject","inLanguage":"es","@id":"https:\/\/secure.gravatar.com\/avatar\/3ea2118a5f7dad2b7138b1187a6b7ee55f160b9968b66013c3a3ef39dd7e5798?s=96&d=mm&r=g","url":"https:\/\/secure.gravatar.com\/avatar\/3ea2118a5f7dad2b7138b1187a6b7ee55f160b9968b66013c3a3ef39dd7e5798?s=96&d=mm&r=g","contentUrl":"https:\/\/secure.gravatar.com\/avatar\/3ea2118a5f7dad2b7138b1187a6b7ee55f160b9968b66013c3a3ef39dd7e5798?s=96&d=mm&r=g","caption":"Jeanette"},"sameAs":["https:\/\/www.eldiario.net\/portal"],"url":"https:\/\/www.eldiario.net\/portal\/author\/jeanette\/"}]}},"_links":{"self":[{"href":"https:\/\/www.eldiario.net\/portal\/wp-json\/wp\/v2\/posts\/220470","targetHints":{"allow":["GET"]}}],"collection":[{"href":"https:\/\/www.eldiario.net\/portal\/wp-json\/wp\/v2\/posts"}],"about":[{"href":"https:\/\/www.eldiario.net\/portal\/wp-json\/wp\/v2\/types\/post"}],"author":[{"embeddable":true,"href":"https:\/\/www.eldiario.net\/portal\/wp-json\/wp\/v2\/users\/1"}],"replies":[{"embeddable":true,"href":"https:\/\/www.eldiario.net\/portal\/wp-json\/wp\/v2\/comments?post=220470"}],"version-history":[{"count":1,"href":"https:\/\/www.eldiario.net\/portal\/wp-json\/wp\/v2\/posts\/220470\/revisions"}],"predecessor-version":[{"id":220472,"href":"https:\/\/www.eldiario.net\/portal\/wp-json\/wp\/v2\/posts\/220470\/revisions\/220472"}],"wp:featuredmedia":[{"embeddable":true,"href":"https:\/\/www.eldiario.net\/portal\/wp-json\/wp\/v2\/media\/220471"}],"wp:attachment":[{"href":"https:\/\/www.eldiario.net\/portal\/wp-json\/wp\/v2\/media?parent=220470"}],"wp:term":[{"taxonomy":"category","embeddable":true,"href":"https:\/\/www.eldiario.net\/portal\/wp-json\/wp\/v2\/categories?post=220470"},{"taxonomy":"post_tag","embeddable":true,"href":"https:\/\/www.eldiario.net\/portal\/wp-json\/wp\/v2\/tags?post=220470"}],"curies":[{"name":"wp","href":"https:\/\/api.w.org\/{rel}","templated":true}]}}