{"id":220464,"date":"2024-05-14T07:15:50","date_gmt":"2024-05-14T11:15:50","guid":{"rendered":"https:\/\/www.eldiario.net\/portal\/?p=220464"},"modified":"2024-05-14T07:15:50","modified_gmt":"2024-05-14T11:15:50","slug":"entregan-maquinaria-moderna-para-mejorar-en-aseo-urbano","status":"publish","type":"post","link":"https:\/\/www.eldiario.net\/portal\/2024\/05\/14\/entregan-maquinaria-moderna-para-mejorar-en-aseo-urbano\/","title":{"rendered":"Entregan maquinaria moderna  para mejorar en aseo urbano"},"content":{"rendered":"<p>Con camiones de carga lateral, compactadores, furgoneta, cisterna y barredora; adem\u00e1s de m\u00e1s personal, islas verdes para la recolecci\u00f3n diferenciada y contenedores fijos y m\u00f3viles, con los cu\u00e1les se podr\u00e1 cubrir en su totalidad el servicio en los 14 distritos, El Alto ingresa a la modernidad en aseo urbano.<\/p>\n<p>\u201cCu\u00e1nto hemos esperado los alte\u00f1os para tener una maquinaria as\u00ed, tener carros con tecnolog\u00eda, carros que van a acomodar la basura. Vamos a tener basureros diferenciados para la separaci\u00f3n de la basura, vamos a tener carros que van a barrer las v\u00edas principales; vamos a tener tecnolog\u00eda, modernidad. Tenemos derecho a buscar modernidad, a buscar mejores condiciones\u201d, manifest\u00f3 la alcaldesa de El Alto, Eva Copa.<\/p>\n<p>El acto se realiz\u00f3 en la Terminal Metropolitana El Alto donde se realiz\u00f3 un desfile del nuevo parque de camiones y fue oportunidad para que la poblaci\u00f3n vea la magnitud de los motorizados que, con un sistema hidr\u00e1ulico, mostraron la fuerza que tienen para levantar los contenedores de casi media tonelada.<\/p>\n<p>Seg\u00fan datos ediles, la inversi\u00f3n para este equipamiento supera los Bs 54 millones y consta de un personal de 100 personas que se suman a las cuadrillas de limpieza, seis camiones de carga lateral, cuatro camiones barredores; una furgoneta para residuos pat\u00f3genos y una cisterna para lavado de espacios p\u00fablicos.<\/p>\n<p>Adem\u00e1s, hay 16 islas verdes, que son contenedores con capacidad de 20 metros c\u00fabicos de almacenamiento y se caracterizan por clasificar el tipo de residuos s\u00f3lidos en cuatro materiales: envases; papel y cart\u00f3n; metal y vidrio. Este tipo de acopio permitir\u00e1 educar y ordenar el reciclaje de residuos.<\/p>\n<p>Tambi\u00e9n se cuenta con 10 contenedores de recojo de carga lateral, 50 contenedores para el recojo de carga trasera; 1.200 contenedores m\u00f3viles, que ser\u00e1n instalados en unidades educativas y 500 cestos de anclaje elevado, donde los vecinos podr\u00e1n depositar sus bolsas y no estar\u00e1n en el piso, con el riesgo que sean abiertas por perros callejeros.<\/p>\n<p>Copa asegur\u00f3 que con este nuevo equipamiento el aseo urbano se cubrir\u00e1 en los distritos 5, 7, 8, 14 y otras zonas donde no hab\u00eda rutas. \u201cVamos a poder trabajar de forma coordinada, planificada, porque la familia gremial dice que no queremos dejar sucia nuestra feria\u201d, afirm\u00f3.<\/p>\n<p>CAMPA\u00d1A<\/p>\n<p>Por otro lado, este nuevo servicio de aseo urbano est\u00e1 acompa\u00f1ado de una campa\u00f1a de cultura ciudadana, por lo que se inst\u00f3 a los vecinos a depositar correctamente las bolsas con desechos en los contenedores, a la vez que los camiones de recolecci\u00f3n tendr\u00e1n\u00a0 horario y ruta establecidos.<\/p>\n<p>El eslogan de esta campa\u00f1a es \u201cEl desarrollo no se detiene en El Alto\u201d y tambi\u00e9n se coordinar\u00e1 con las personas dedicadas al reciclaje de los residuos s\u00f3lidos.<\/p>\n","protected":false},"excerpt":{"rendered":"<p>Con camiones de carga lateral, compactadores, furgoneta, cisterna y barredora; adem\u00e1s de m\u00e1s personal, islas verdes para la recolecci\u00f3n diferenciada y contenedores fijos y m\u00f3viles, con los cu\u00e1les se podr\u00e1 cubrir en su totalidad el servicio en los 14 distritos, El Alto ingresa a la modernidad en aseo urbano. \u201cCu\u00e1nto hemos esperado los alte\u00f1os para [&hellip;]<\/p>\n","protected":false},"author":1,"featured_media":220465,"comment_status":"open","ping_status":"open","sticky":false,"template":"","format":"standard","meta":{"_acf_changed":false,"footnotes":""},"categories":[12],"tags":[],"class_list":["post-220464","post","type-post","status-publish","format-standard","has-post-thumbnail","category-nacional"],"acf":{"antetitulo":""},"yoast_head":"<!-- This site is optimized with the Yoast SEO plugin v28.4 - https:\/\/yoast.com\/product\/yoast-seo-wordpress\/ -->\n<title>Entregan maquinaria moderna para mejorar en aseo urbano - El Diario - Bolivia<\/title>\n<meta name=\"robots\" content=\"index, follow, max-snippet:-1, max-image-preview:large, max-video-preview:-1\" \/>\n<link rel=\"canonical\" href=\"https:\/\/www.eldiario.net\/portal\/2024\/05\/14\/entregan-maquinaria-moderna-para-mejorar-en-aseo-urbano\/\" \/>\n<meta property=\"og:locale\" content=\"es_ES\" \/>\n<meta property=\"og:type\" content=\"article\" \/>\n<meta property=\"og:title\" content=\"Entregan maquinaria moderna para mejorar en aseo urbano - El Diario - Bolivia\" \/>\n<meta property=\"og:description\" content=\"Con camiones de carga lateral, compactadores, furgoneta, cisterna y barredora; adem\u00e1s de m\u00e1s personal, islas verdes para la recolecci\u00f3n diferenciada y contenedores fijos y m\u00f3viles, con los cu\u00e1les se podr\u00e1 cubrir en su totalidad el servicio en los 14 distritos, El Alto ingresa a la modernidad en aseo urbano. \u201cCu\u00e1nto hemos esperado los alte\u00f1os para [&hellip;]\" \/>\n<meta property=\"og:url\" content=\"https:\/\/www.eldiario.net\/portal\/2024\/05\/14\/entregan-maquinaria-moderna-para-mejorar-en-aseo-urbano\/\" \/>\n<meta property=\"og:site_name\" content=\"El Diario - Bolivia\" \/>\n<meta property=\"article:publisher\" content=\"https:\/\/www.facebook.com\/eldiario.bolivia\/\" \/>\n<meta property=\"article:published_time\" content=\"2024-05-14T11:15:50+00:00\" \/>\n<meta property=\"og:image\" content=\"https:\/\/www.eldiario.net\/portal\/wp-content\/uploads\/2024\/05\/MAQUI-FOTO.jpeg\" \/>\n\t<meta property=\"og:image:width\" content=\"1600\" \/>\n\t<meta property=\"og:image:height\" content=\"900\" \/>\n\t<meta property=\"og:image:type\" content=\"image\/jpeg\" \/>\n<meta name=\"author\" content=\"Jeanette\" \/>\n<meta name=\"twitter:card\" content=\"summary_large_image\" \/>\n<meta name=\"twitter:creator\" content=\"@eldiario_net\" \/>\n<meta name=\"twitter:site\" content=\"@eldiario_net\" \/>\n<meta name=\"twitter:label1\" content=\"Escrito por\" \/>\n\t<meta name=\"twitter:data1\" content=\"Jeanette\" \/>\n\t<meta name=\"twitter:label2\" content=\"Tiempo de lectura\" \/>\n\t<meta name=\"twitter:data2\" content=\"3 minutos\" \/>\n<script type=\"application\/ld+json\" class=\"yoast-schema-graph\">{\"@context\":\"https:\\\/\\\/schema.org\",\"@graph\":[{\"@type\":\"Article\",\"@id\":\"https:\\\/\\\/www.eldiario.net\\\/portal\\\/2024\\\/05\\\/14\\\/entregan-maquinaria-moderna-para-mejorar-en-aseo-urbano\\\/#article\",\"isPartOf\":{\"@id\":\"https:\\\/\\\/www.eldiario.net\\\/portal\\\/2024\\\/05\\\/14\\\/entregan-maquinaria-moderna-para-mejorar-en-aseo-urbano\\\/\"},\"author\":{\"name\":\"Jeanette\",\"@id\":\"https:\\\/\\\/www.eldiario.net\\\/portal\\\/#\\\/schema\\\/person\\\/f46445640444750d7d753ccd04ae01b7\"},\"headline\":\"Entregan maquinaria moderna para mejorar en aseo urbano\",\"datePublished\":\"2024-05-14T11:15:50+00:00\",\"mainEntityOfPage\":{\"@id\":\"https:\\\/\\\/www.eldiario.net\\\/portal\\\/2024\\\/05\\\/14\\\/entregan-maquinaria-moderna-para-mejorar-en-aseo-urbano\\\/\"},\"wordCount\":473,\"commentCount\":0,\"publisher\":{\"@id\":\"https:\\\/\\\/www.eldiario.net\\\/portal\\\/#organization\"},\"image\":{\"@id\":\"https:\\\/\\\/www.eldiario.net\\\/portal\\\/2024\\\/05\\\/14\\\/entregan-maquinaria-moderna-para-mejorar-en-aseo-urbano\\\/#primaryimage\"},\"thumbnailUrl\":\"https:\\\/\\\/www.eldiario.net\\\/portal\\\/wp-content\\\/uploads\\\/2024\\\/05\\\/MAQUI-FOTO.jpeg\",\"articleSection\":[\"Nacional\"],\"inLanguage\":\"es\",\"potentialAction\":[{\"@type\":\"CommentAction\",\"name\":\"Comment\",\"target\":[\"https:\\\/\\\/www.eldiario.net\\\/portal\\\/2024\\\/05\\\/14\\\/entregan-maquinaria-moderna-para-mejorar-en-aseo-urbano\\\/#respond\"]}]},{\"@type\":\"WebPage\",\"@id\":\"https:\\\/\\\/www.eldiario.net\\\/portal\\\/2024\\\/05\\\/14\\\/entregan-maquinaria-moderna-para-mejorar-en-aseo-urbano\\\/\",\"url\":\"https:\\\/\\\/www.eldiario.net\\\/portal\\\/2024\\\/05\\\/14\\\/entregan-maquinaria-moderna-para-mejorar-en-aseo-urbano\\\/\",\"name\":\"Entregan maquinaria moderna para mejorar en aseo urbano - El Diario - Bolivia\",\"isPartOf\":{\"@id\":\"https:\\\/\\\/www.eldiario.net\\\/portal\\\/#website\"},\"primaryImageOfPage\":{\"@id\":\"https:\\\/\\\/www.eldiario.net\\\/portal\\\/2024\\\/05\\\/14\\\/entregan-maquinaria-moderna-para-mejorar-en-aseo-urbano\\\/#primaryimage\"},\"image\":{\"@id\":\"https:\\\/\\\/www.eldiario.net\\\/portal\\\/2024\\\/05\\\/14\\\/entregan-maquinaria-moderna-para-mejorar-en-aseo-urbano\\\/#primaryimage\"},\"thumbnailUrl\":\"https:\\\/\\\/www.eldiario.net\\\/portal\\\/wp-content\\\/uploads\\\/2024\\\/05\\\/MAQUI-FOTO.jpeg\",\"datePublished\":\"2024-05-14T11:15:50+00:00\",\"breadcrumb\":{\"@id\":\"https:\\\/\\\/www.eldiario.net\\\/portal\\\/2024\\\/05\\\/14\\\/entregan-maquinaria-moderna-para-mejorar-en-aseo-urbano\\\/#breadcrumb\"},\"inLanguage\":\"es\",\"potentialAction\":[{\"@type\":\"ReadAction\",\"target\":[\"https:\\\/\\\/www.eldiario.net\\\/portal\\\/2024\\\/05\\\/14\\\/entregan-maquinaria-moderna-para-mejorar-en-aseo-urbano\\\/\"]}]},{\"@type\":\"ImageObject\",\"inLanguage\":\"es\",\"@id\":\"https:\\\/\\\/www.eldiario.net\\\/portal\\\/2024\\\/05\\\/14\\\/entregan-maquinaria-moderna-para-mejorar-en-aseo-urbano\\\/#primaryimage\",\"url\":\"https:\\\/\\\/www.eldiario.net\\\/portal\\\/wp-content\\\/uploads\\\/2024\\\/05\\\/MAQUI-FOTO.jpeg\",\"contentUrl\":\"https:\\\/\\\/www.eldiario.net\\\/portal\\\/wp-content\\\/uploads\\\/2024\\\/05\\\/MAQUI-FOTO.jpeg\",\"width\":1600,\"height\":900,\"caption\":\"Los camiones realizaron una demostraci\u00f3n para los usuarios. Cr\u00e9dito: Gamea\"},{\"@type\":\"BreadcrumbList\",\"@id\":\"https:\\\/\\\/www.eldiario.net\\\/portal\\\/2024\\\/05\\\/14\\\/entregan-maquinaria-moderna-para-mejorar-en-aseo-urbano\\\/#breadcrumb\",\"itemListElement\":[{\"@type\":\"ListItem\",\"position\":1,\"name\":\"Portada\",\"item\":\"https:\\\/\\\/www.eldiario.net\\\/portal\\\/\"},{\"@type\":\"ListItem\",\"position\":2,\"name\":\"Entregan maquinaria moderna para mejorar en aseo urbano\"}]},{\"@type\":\"WebSite\",\"@id\":\"https:\\\/\\\/www.eldiario.net\\\/portal\\\/#website\",\"url\":\"https:\\\/\\\/www.eldiario.net\\\/portal\\\/\",\"name\":\"El Diario - Decano de la prensa nacional\",\"description\":\"El Diario - Decano de la prensa nacional\",\"publisher\":{\"@id\":\"https:\\\/\\\/www.eldiario.net\\\/portal\\\/#organization\"},\"potentialAction\":[{\"@type\":\"SearchAction\",\"target\":{\"@type\":\"EntryPoint\",\"urlTemplate\":\"https:\\\/\\\/www.eldiario.net\\\/portal\\\/?s={search_term_string}\"},\"query-input\":{\"@type\":\"PropertyValueSpecification\",\"valueRequired\":true,\"valueName\":\"search_term_string\"}}],\"inLanguage\":\"es\"},{\"@type\":\"Organization\",\"@id\":\"https:\\\/\\\/www.eldiario.net\\\/portal\\\/#organization\",\"name\":\"El Diario - Decano de la prensa nacional\",\"url\":\"https:\\\/\\\/www.eldiario.net\\\/portal\\\/\",\"logo\":{\"@type\":\"ImageObject\",\"inLanguage\":\"es\",\"@id\":\"https:\\\/\\\/www.eldiario.net\\\/portal\\\/#\\\/schema\\\/logo\\\/image\\\/\",\"url\":\"https:\\\/\\\/www.eldiario.net\\\/portal\\\/wp-content\\\/uploads\\\/2023\\\/07\\\/logo_ED.jpg\",\"contentUrl\":\"https:\\\/\\\/www.eldiario.net\\\/portal\\\/wp-content\\\/uploads\\\/2023\\\/07\\\/logo_ED.jpg\",\"width\":272,\"height\":52,\"caption\":\"El Diario - Decano de la prensa nacional\"},\"image\":{\"@id\":\"https:\\\/\\\/www.eldiario.net\\\/portal\\\/#\\\/schema\\\/logo\\\/image\\\/\"},\"sameAs\":[\"https:\\\/\\\/www.facebook.com\\\/eldiario.bolivia\\\/\",\"https:\\\/\\\/x.com\\\/eldiario_net\"]},{\"@type\":\"Person\",\"@id\":\"https:\\\/\\\/www.eldiario.net\\\/portal\\\/#\\\/schema\\\/person\\\/f46445640444750d7d753ccd04ae01b7\",\"name\":\"Jeanette\",\"image\":{\"@type\":\"ImageObject\",\"inLanguage\":\"es\",\"@id\":\"https:\\\/\\\/secure.gravatar.com\\\/avatar\\\/3ea2118a5f7dad2b7138b1187a6b7ee55f160b9968b66013c3a3ef39dd7e5798?s=96&d=mm&r=g\",\"url\":\"https:\\\/\\\/secure.gravatar.com\\\/avatar\\\/3ea2118a5f7dad2b7138b1187a6b7ee55f160b9968b66013c3a3ef39dd7e5798?s=96&d=mm&r=g\",\"contentUrl\":\"https:\\\/\\\/secure.gravatar.com\\\/avatar\\\/3ea2118a5f7dad2b7138b1187a6b7ee55f160b9968b66013c3a3ef39dd7e5798?s=96&d=mm&r=g\",\"caption\":\"Jeanette\"},\"sameAs\":[\"https:\\\/\\\/www.eldiario.net\\\/portal\"],\"url\":\"https:\\\/\\\/www.eldiario.net\\\/portal\\\/author\\\/jeanette\\\/\"}]}<\/script>\n<!-- \/ Yoast SEO plugin. -->","yoast_head_json":{"title":"Entregan maquinaria moderna para mejorar en aseo urbano - El Diario - Bolivia","robots":{"index":"index","follow":"follow","max-snippet":"max-snippet:-1","max-image-preview":"max-image-preview:large","max-video-preview":"max-video-preview:-1"},"canonical":"https:\/\/www.eldiario.net\/portal\/2024\/05\/14\/entregan-maquinaria-moderna-para-mejorar-en-aseo-urbano\/","og_locale":"es_ES","og_type":"article","og_title":"Entregan maquinaria moderna para mejorar en aseo urbano - El Diario - Bolivia","og_description":"Con camiones de carga lateral, compactadores, furgoneta, cisterna y barredora; adem\u00e1s de m\u00e1s personal, islas verdes para la recolecci\u00f3n diferenciada y contenedores fijos y m\u00f3viles, con los cu\u00e1les se podr\u00e1 cubrir en su totalidad el servicio en los 14 distritos, El Alto ingresa a la modernidad en aseo urbano. \u201cCu\u00e1nto hemos esperado los alte\u00f1os para [&hellip;]","og_url":"https:\/\/www.eldiario.net\/portal\/2024\/05\/14\/entregan-maquinaria-moderna-para-mejorar-en-aseo-urbano\/","og_site_name":"El Diario - Bolivia","article_publisher":"https:\/\/www.facebook.com\/eldiario.bolivia\/","article_published_time":"2024-05-14T11:15:50+00:00","og_image":[{"width":1600,"height":900,"url":"https:\/\/www.eldiario.net\/portal\/wp-content\/uploads\/2024\/05\/MAQUI-FOTO.jpeg","type":"image\/jpeg"}],"author":"Jeanette","twitter_card":"summary_large_image","twitter_creator":"@eldiario_net","twitter_site":"@eldiario_net","twitter_misc":{"Escrito por":"Jeanette","Tiempo de lectura":"3 minutos"},"schema":{"@context":"https:\/\/schema.org","@graph":[{"@type":"Article","@id":"https:\/\/www.eldiario.net\/portal\/2024\/05\/14\/entregan-maquinaria-moderna-para-mejorar-en-aseo-urbano\/#article","isPartOf":{"@id":"https:\/\/www.eldiario.net\/portal\/2024\/05\/14\/entregan-maquinaria-moderna-para-mejorar-en-aseo-urbano\/"},"author":{"name":"Jeanette","@id":"https:\/\/www.eldiario.net\/portal\/#\/schema\/person\/f46445640444750d7d753ccd04ae01b7"},"headline":"Entregan maquinaria moderna para mejorar en aseo urbano","datePublished":"2024-05-14T11:15:50+00:00","mainEntityOfPage":{"@id":"https:\/\/www.eldiario.net\/portal\/2024\/05\/14\/entregan-maquinaria-moderna-para-mejorar-en-aseo-urbano\/"},"wordCount":473,"commentCount":0,"publisher":{"@id":"https:\/\/www.eldiario.net\/portal\/#organization"},"image":{"@id":"https:\/\/www.eldiario.net\/portal\/2024\/05\/14\/entregan-maquinaria-moderna-para-mejorar-en-aseo-urbano\/#primaryimage"},"thumbnailUrl":"https:\/\/www.eldiario.net\/portal\/wp-content\/uploads\/2024\/05\/MAQUI-FOTO.jpeg","articleSection":["Nacional"],"inLanguage":"es","potentialAction":[{"@type":"CommentAction","name":"Comment","target":["https:\/\/www.eldiario.net\/portal\/2024\/05\/14\/entregan-maquinaria-moderna-para-mejorar-en-aseo-urbano\/#respond"]}]},{"@type":"WebPage","@id":"https:\/\/www.eldiario.net\/portal\/2024\/05\/14\/entregan-maquinaria-moderna-para-mejorar-en-aseo-urbano\/","url":"https:\/\/www.eldiario.net\/portal\/2024\/05\/14\/entregan-maquinaria-moderna-para-mejorar-en-aseo-urbano\/","name":"Entregan maquinaria moderna para mejorar en aseo urbano - El Diario - Bolivia","isPartOf":{"@id":"https:\/\/www.eldiario.net\/portal\/#website"},"primaryImageOfPage":{"@id":"https:\/\/www.eldiario.net\/portal\/2024\/05\/14\/entregan-maquinaria-moderna-para-mejorar-en-aseo-urbano\/#primaryimage"},"image":{"@id":"https:\/\/www.eldiario.net\/portal\/2024\/05\/14\/entregan-maquinaria-moderna-para-mejorar-en-aseo-urbano\/#primaryimage"},"thumbnailUrl":"https:\/\/www.eldiario.net\/portal\/wp-content\/uploads\/2024\/05\/MAQUI-FOTO.jpeg","datePublished":"2024-05-14T11:15:50+00:00","breadcrumb":{"@id":"https:\/\/www.eldiario.net\/portal\/2024\/05\/14\/entregan-maquinaria-moderna-para-mejorar-en-aseo-urbano\/#breadcrumb"},"inLanguage":"es","potentialAction":[{"@type":"ReadAction","target":["https:\/\/www.eldiario.net\/portal\/2024\/05\/14\/entregan-maquinaria-moderna-para-mejorar-en-aseo-urbano\/"]}]},{"@type":"ImageObject","inLanguage":"es","@id":"https:\/\/www.eldiario.net\/portal\/2024\/05\/14\/entregan-maquinaria-moderna-para-mejorar-en-aseo-urbano\/#primaryimage","url":"https:\/\/www.eldiario.net\/portal\/wp-content\/uploads\/2024\/05\/MAQUI-FOTO.jpeg","contentUrl":"https:\/\/www.eldiario.net\/portal\/wp-content\/uploads\/2024\/05\/MAQUI-FOTO.jpeg","width":1600,"height":900,"caption":"Los camiones realizaron una demostraci\u00f3n para los usuarios. Cr\u00e9dito: Gamea"},{"@type":"BreadcrumbList","@id":"https:\/\/www.eldiario.net\/portal\/2024\/05\/14\/entregan-maquinaria-moderna-para-mejorar-en-aseo-urbano\/#breadcrumb","itemListElement":[{"@type":"ListItem","position":1,"name":"Portada","item":"https:\/\/www.eldiario.net\/portal\/"},{"@type":"ListItem","position":2,"name":"Entregan maquinaria moderna para mejorar en aseo urbano"}]},{"@type":"WebSite","@id":"https:\/\/www.eldiario.net\/portal\/#website","url":"https:\/\/www.eldiario.net\/portal\/","name":"El Diario - Decano de la prensa nacional","description":"El Diario - Decano de la prensa nacional","publisher":{"@id":"https:\/\/www.eldiario.net\/portal\/#organization"},"potentialAction":[{"@type":"SearchAction","target":{"@type":"EntryPoint","urlTemplate":"https:\/\/www.eldiario.net\/portal\/?s={search_term_string}"},"query-input":{"@type":"PropertyValueSpecification","valueRequired":true,"valueName":"search_term_string"}}],"inLanguage":"es"},{"@type":"Organization","@id":"https:\/\/www.eldiario.net\/portal\/#organization","name":"El Diario - Decano de la prensa nacional","url":"https:\/\/www.eldiario.net\/portal\/","logo":{"@type":"ImageObject","inLanguage":"es","@id":"https:\/\/www.eldiario.net\/portal\/#\/schema\/logo\/image\/","url":"https:\/\/www.eldiario.net\/portal\/wp-content\/uploads\/2023\/07\/logo_ED.jpg","contentUrl":"https:\/\/www.eldiario.net\/portal\/wp-content\/uploads\/2023\/07\/logo_ED.jpg","width":272,"height":52,"caption":"El Diario - Decano de la prensa nacional"},"image":{"@id":"https:\/\/www.eldiario.net\/portal\/#\/schema\/logo\/image\/"},"sameAs":["https:\/\/www.facebook.com\/eldiario.bolivia\/","https:\/\/x.com\/eldiario_net"]},{"@type":"Person","@id":"https:\/\/www.eldiario.net\/portal\/#\/schema\/person\/f46445640444750d7d753ccd04ae01b7","name":"Jeanette","image":{"@type":"ImageObject","inLanguage":"es","@id":"https:\/\/secure.gravatar.com\/avatar\/3ea2118a5f7dad2b7138b1187a6b7ee55f160b9968b66013c3a3ef39dd7e5798?s=96&d=mm&r=g","url":"https:\/\/secure.gravatar.com\/avatar\/3ea2118a5f7dad2b7138b1187a6b7ee55f160b9968b66013c3a3ef39dd7e5798?s=96&d=mm&r=g","contentUrl":"https:\/\/secure.gravatar.com\/avatar\/3ea2118a5f7dad2b7138b1187a6b7ee55f160b9968b66013c3a3ef39dd7e5798?s=96&d=mm&r=g","caption":"Jeanette"},"sameAs":["https:\/\/www.eldiario.net\/portal"],"url":"https:\/\/www.eldiario.net\/portal\/author\/jeanette\/"}]}},"_links":{"self":[{"href":"https:\/\/www.eldiario.net\/portal\/wp-json\/wp\/v2\/posts\/220464","targetHints":{"allow":["GET"]}}],"collection":[{"href":"https:\/\/www.eldiario.net\/portal\/wp-json\/wp\/v2\/posts"}],"about":[{"href":"https:\/\/www.eldiario.net\/portal\/wp-json\/wp\/v2\/types\/post"}],"author":[{"embeddable":true,"href":"https:\/\/www.eldiario.net\/portal\/wp-json\/wp\/v2\/users\/1"}],"replies":[{"embeddable":true,"href":"https:\/\/www.eldiario.net\/portal\/wp-json\/wp\/v2\/comments?post=220464"}],"version-history":[{"count":1,"href":"https:\/\/www.eldiario.net\/portal\/wp-json\/wp\/v2\/posts\/220464\/revisions"}],"predecessor-version":[{"id":220466,"href":"https:\/\/www.eldiario.net\/portal\/wp-json\/wp\/v2\/posts\/220464\/revisions\/220466"}],"wp:featuredmedia":[{"embeddable":true,"href":"https:\/\/www.eldiario.net\/portal\/wp-json\/wp\/v2\/media\/220465"}],"wp:attachment":[{"href":"https:\/\/www.eldiario.net\/portal\/wp-json\/wp\/v2\/media?parent=220464"}],"wp:term":[{"taxonomy":"category","embeddable":true,"href":"https:\/\/www.eldiario.net\/portal\/wp-json\/wp\/v2\/categories?post=220464"},{"taxonomy":"post_tag","embeddable":true,"href":"https:\/\/www.eldiario.net\/portal\/wp-json\/wp\/v2\/tags?post=220464"}],"curies":[{"name":"wp","href":"https:\/\/api.w.org\/{rel}","templated":true}]}}