{"id":220461,"date":"2024-05-14T07:08:51","date_gmt":"2024-05-14T11:08:51","guid":{"rendered":"https:\/\/www.eldiario.net\/portal\/?p=220461"},"modified":"2024-05-14T07:08:51","modified_gmt":"2024-05-14T11:08:51","slug":"hallan-cuerpos-de-dos-tarijenos-acribillados","status":"publish","type":"post","link":"https:\/\/www.eldiario.net\/portal\/2024\/05\/14\/hallan-cuerpos-de-dos-tarijenos-acribillados\/","title":{"rendered":"Hallan cuerpos de dos tarije\u00f1os acribillados"},"content":{"rendered":"<p>Los cuerpos sin vida de dos ciudadanos tarije\u00f1os fueron encontrados en la ruta Colonia Santa Rosa,\u00a0Salta, al norte de Argentina, luego de que ambos fueran asesinados a balazos; se presume un posible ajuste de cuentas ligado al narcotr\u00e1fico.<\/p>\n<p>Aunque el hecho ocurri\u00f3 el pasado viernes, los cuerpos fueron identificados reci\u00e9n el fin de semana como Wildo Z. y Ariel L. S., ambos compa\u00f1eros de colegio. Las autoridades argentinas y bolivianas iniciaron una\u00a0investigaci\u00f3n para esclarecer el caso, report\u00f3 el matutino El Pa\u00eds de Tarija.<\/p>\n<p>El informe de la Fiscal\u00eda, citado por el Nuevo Diario Salta, se\u00f1ala que ambos fallecieron por m\u00faltiples disparos de arma de fuego,\u00a0uno con cinco impactos de bala y el otro con tres. Se presume un presunto ajuste de cuentas vinculado al narcotr\u00e1fico.<\/p>\n<p>La fiscal penal de Or\u00e1n, Mar\u00eda Soledad Filtrin, inform\u00f3 que se llevan a cabo numerosas tareas para identificar a los responsables de este doble crimen, de acuerdo con un reporte de Panamericana Embarcaci\u00f3n.<\/p>\n<p>La presencia de familiares permiti\u00f3 confirmar las identidades de las v\u00edctimas, quienes resid\u00edan en Bolivia. Este hecho de violencia conmocion\u00f3 a ambas localidades fronterizas y ha generado un\u00a0llamado urgente a la justicia para que se encuentre a los\u00a0responsables. (Tarija, agencias)<\/p>\n","protected":false},"excerpt":{"rendered":"<p>Los cuerpos sin vida de dos ciudadanos tarije\u00f1os fueron encontrados en la ruta Colonia Santa Rosa,\u00a0Salta, al norte de Argentina, luego de que ambos fueran asesinados a balazos; se presume un posible ajuste de cuentas ligado al narcotr\u00e1fico. Aunque el hecho ocurri\u00f3 el pasado viernes, los cuerpos fueron identificados reci\u00e9n el fin de semana como [&hellip;]<\/p>\n","protected":false},"author":1,"featured_media":220462,"comment_status":"open","ping_status":"open","sticky":false,"template":"","format":"standard","meta":{"_acf_changed":false,"footnotes":""},"categories":[39],"tags":[],"class_list":["post-220461","post","type-post","status-publish","format-standard","has-post-thumbnail","category-sociedad"],"acf":{"antetitulo":"En Salta, Argentina"},"yoast_head":"<!-- This site is optimized with the Yoast SEO plugin v28.4 - https:\/\/yoast.com\/product\/yoast-seo-wordpress\/ -->\n<title>Hallan cuerpos de dos tarije\u00f1os acribillados - El Diario - Bolivia<\/title>\n<meta name=\"robots\" content=\"index, follow, max-snippet:-1, max-image-preview:large, max-video-preview:-1\" \/>\n<link rel=\"canonical\" href=\"https:\/\/www.eldiario.net\/portal\/2024\/05\/14\/hallan-cuerpos-de-dos-tarijenos-acribillados\/\" \/>\n<meta property=\"og:locale\" content=\"es_ES\" \/>\n<meta property=\"og:type\" content=\"article\" \/>\n<meta property=\"og:title\" content=\"Hallan cuerpos de dos tarije\u00f1os acribillados - El Diario - Bolivia\" \/>\n<meta property=\"og:description\" content=\"Los cuerpos sin vida de dos ciudadanos tarije\u00f1os fueron encontrados en la ruta Colonia Santa Rosa,\u00a0Salta, al norte de Argentina, luego de que ambos fueran asesinados a balazos; se presume un posible ajuste de cuentas ligado al narcotr\u00e1fico. Aunque el hecho ocurri\u00f3 el pasado viernes, los cuerpos fueron identificados reci\u00e9n el fin de semana como [&hellip;]\" \/>\n<meta property=\"og:url\" content=\"https:\/\/www.eldiario.net\/portal\/2024\/05\/14\/hallan-cuerpos-de-dos-tarijenos-acribillados\/\" \/>\n<meta property=\"og:site_name\" content=\"El Diario - Bolivia\" \/>\n<meta property=\"article:publisher\" content=\"https:\/\/www.facebook.com\/eldiario.bolivia\/\" \/>\n<meta property=\"article:published_time\" content=\"2024-05-14T11:08:51+00:00\" \/>\n<meta property=\"og:image\" content=\"https:\/\/www.eldiario.net\/portal\/wp-content\/uploads\/2024\/05\/BALEADOS-FOTO.jpeg\" \/>\n\t<meta property=\"og:image:width\" content=\"720\" \/>\n\t<meta property=\"og:image:height\" content=\"399\" \/>\n\t<meta property=\"og:image:type\" content=\"image\/jpeg\" \/>\n<meta name=\"author\" content=\"Jeanette\" \/>\n<meta name=\"twitter:card\" content=\"summary_large_image\" \/>\n<meta name=\"twitter:creator\" content=\"@eldiario_net\" \/>\n<meta name=\"twitter:site\" content=\"@eldiario_net\" \/>\n<meta name=\"twitter:label1\" content=\"Escrito por\" \/>\n\t<meta name=\"twitter:data1\" content=\"Jeanette\" \/>\n\t<meta name=\"twitter:label2\" content=\"Tiempo de lectura\" \/>\n\t<meta name=\"twitter:data2\" content=\"1 minuto\" \/>\n<script type=\"application\/ld+json\" class=\"yoast-schema-graph\">{\"@context\":\"https:\\\/\\\/schema.org\",\"@graph\":[{\"@type\":\"Article\",\"@id\":\"https:\\\/\\\/www.eldiario.net\\\/portal\\\/2024\\\/05\\\/14\\\/hallan-cuerpos-de-dos-tarijenos-acribillados\\\/#article\",\"isPartOf\":{\"@id\":\"https:\\\/\\\/www.eldiario.net\\\/portal\\\/2024\\\/05\\\/14\\\/hallan-cuerpos-de-dos-tarijenos-acribillados\\\/\"},\"author\":{\"name\":\"Jeanette\",\"@id\":\"https:\\\/\\\/www.eldiario.net\\\/portal\\\/#\\\/schema\\\/person\\\/f46445640444750d7d753ccd04ae01b7\"},\"headline\":\"Hallan cuerpos de dos tarije\u00f1os acribillados\",\"datePublished\":\"2024-05-14T11:08:51+00:00\",\"mainEntityOfPage\":{\"@id\":\"https:\\\/\\\/www.eldiario.net\\\/portal\\\/2024\\\/05\\\/14\\\/hallan-cuerpos-de-dos-tarijenos-acribillados\\\/\"},\"wordCount\":225,\"commentCount\":0,\"publisher\":{\"@id\":\"https:\\\/\\\/www.eldiario.net\\\/portal\\\/#organization\"},\"image\":{\"@id\":\"https:\\\/\\\/www.eldiario.net\\\/portal\\\/2024\\\/05\\\/14\\\/hallan-cuerpos-de-dos-tarijenos-acribillados\\\/#primaryimage\"},\"thumbnailUrl\":\"https:\\\/\\\/www.eldiario.net\\\/portal\\\/wp-content\\\/uploads\\\/2024\\\/05\\\/BALEADOS-FOTO.jpeg\",\"articleSection\":[\"Sociedad - Seguridad\"],\"inLanguage\":\"es\",\"potentialAction\":[{\"@type\":\"CommentAction\",\"name\":\"Comment\",\"target\":[\"https:\\\/\\\/www.eldiario.net\\\/portal\\\/2024\\\/05\\\/14\\\/hallan-cuerpos-de-dos-tarijenos-acribillados\\\/#respond\"]}]},{\"@type\":\"WebPage\",\"@id\":\"https:\\\/\\\/www.eldiario.net\\\/portal\\\/2024\\\/05\\\/14\\\/hallan-cuerpos-de-dos-tarijenos-acribillados\\\/\",\"url\":\"https:\\\/\\\/www.eldiario.net\\\/portal\\\/2024\\\/05\\\/14\\\/hallan-cuerpos-de-dos-tarijenos-acribillados\\\/\",\"name\":\"Hallan cuerpos de dos tarije\u00f1os acribillados - El Diario - Bolivia\",\"isPartOf\":{\"@id\":\"https:\\\/\\\/www.eldiario.net\\\/portal\\\/#website\"},\"primaryImageOfPage\":{\"@id\":\"https:\\\/\\\/www.eldiario.net\\\/portal\\\/2024\\\/05\\\/14\\\/hallan-cuerpos-de-dos-tarijenos-acribillados\\\/#primaryimage\"},\"image\":{\"@id\":\"https:\\\/\\\/www.eldiario.net\\\/portal\\\/2024\\\/05\\\/14\\\/hallan-cuerpos-de-dos-tarijenos-acribillados\\\/#primaryimage\"},\"thumbnailUrl\":\"https:\\\/\\\/www.eldiario.net\\\/portal\\\/wp-content\\\/uploads\\\/2024\\\/05\\\/BALEADOS-FOTO.jpeg\",\"datePublished\":\"2024-05-14T11:08:51+00:00\",\"breadcrumb\":{\"@id\":\"https:\\\/\\\/www.eldiario.net\\\/portal\\\/2024\\\/05\\\/14\\\/hallan-cuerpos-de-dos-tarijenos-acribillados\\\/#breadcrumb\"},\"inLanguage\":\"es\",\"potentialAction\":[{\"@type\":\"ReadAction\",\"target\":[\"https:\\\/\\\/www.eldiario.net\\\/portal\\\/2024\\\/05\\\/14\\\/hallan-cuerpos-de-dos-tarijenos-acribillados\\\/\"]}]},{\"@type\":\"ImageObject\",\"inLanguage\":\"es\",\"@id\":\"https:\\\/\\\/www.eldiario.net\\\/portal\\\/2024\\\/05\\\/14\\\/hallan-cuerpos-de-dos-tarijenos-acribillados\\\/#primaryimage\",\"url\":\"https:\\\/\\\/www.eldiario.net\\\/portal\\\/wp-content\\\/uploads\\\/2024\\\/05\\\/BALEADOS-FOTO.jpeg\",\"contentUrl\":\"https:\\\/\\\/www.eldiario.net\\\/portal\\\/wp-content\\\/uploads\\\/2024\\\/05\\\/BALEADOS-FOTO.jpeg\",\"width\":720,\"height\":399,\"caption\":\"Los cuerpos fueron levantados a un costado de la carretera. Cr\u00e9ditos: Panamericana Embarcaci\u00f3n\"},{\"@type\":\"BreadcrumbList\",\"@id\":\"https:\\\/\\\/www.eldiario.net\\\/portal\\\/2024\\\/05\\\/14\\\/hallan-cuerpos-de-dos-tarijenos-acribillados\\\/#breadcrumb\",\"itemListElement\":[{\"@type\":\"ListItem\",\"position\":1,\"name\":\"Portada\",\"item\":\"https:\\\/\\\/www.eldiario.net\\\/portal\\\/\"},{\"@type\":\"ListItem\",\"position\":2,\"name\":\"Hallan cuerpos de dos tarije\u00f1os acribillados\"}]},{\"@type\":\"WebSite\",\"@id\":\"https:\\\/\\\/www.eldiario.net\\\/portal\\\/#website\",\"url\":\"https:\\\/\\\/www.eldiario.net\\\/portal\\\/\",\"name\":\"El Diario - Decano de la prensa nacional\",\"description\":\"El Diario - Decano de la prensa nacional\",\"publisher\":{\"@id\":\"https:\\\/\\\/www.eldiario.net\\\/portal\\\/#organization\"},\"potentialAction\":[{\"@type\":\"SearchAction\",\"target\":{\"@type\":\"EntryPoint\",\"urlTemplate\":\"https:\\\/\\\/www.eldiario.net\\\/portal\\\/?s={search_term_string}\"},\"query-input\":{\"@type\":\"PropertyValueSpecification\",\"valueRequired\":true,\"valueName\":\"search_term_string\"}}],\"inLanguage\":\"es\"},{\"@type\":\"Organization\",\"@id\":\"https:\\\/\\\/www.eldiario.net\\\/portal\\\/#organization\",\"name\":\"El Diario - Decano de la prensa nacional\",\"url\":\"https:\\\/\\\/www.eldiario.net\\\/portal\\\/\",\"logo\":{\"@type\":\"ImageObject\",\"inLanguage\":\"es\",\"@id\":\"https:\\\/\\\/www.eldiario.net\\\/portal\\\/#\\\/schema\\\/logo\\\/image\\\/\",\"url\":\"https:\\\/\\\/www.eldiario.net\\\/portal\\\/wp-content\\\/uploads\\\/2023\\\/07\\\/logo_ED.jpg\",\"contentUrl\":\"https:\\\/\\\/www.eldiario.net\\\/portal\\\/wp-content\\\/uploads\\\/2023\\\/07\\\/logo_ED.jpg\",\"width\":272,\"height\":52,\"caption\":\"El Diario - Decano de la prensa nacional\"},\"image\":{\"@id\":\"https:\\\/\\\/www.eldiario.net\\\/portal\\\/#\\\/schema\\\/logo\\\/image\\\/\"},\"sameAs\":[\"https:\\\/\\\/www.facebook.com\\\/eldiario.bolivia\\\/\",\"https:\\\/\\\/x.com\\\/eldiario_net\"]},{\"@type\":\"Person\",\"@id\":\"https:\\\/\\\/www.eldiario.net\\\/portal\\\/#\\\/schema\\\/person\\\/f46445640444750d7d753ccd04ae01b7\",\"name\":\"Jeanette\",\"image\":{\"@type\":\"ImageObject\",\"inLanguage\":\"es\",\"@id\":\"https:\\\/\\\/secure.gravatar.com\\\/avatar\\\/3ea2118a5f7dad2b7138b1187a6b7ee55f160b9968b66013c3a3ef39dd7e5798?s=96&d=mm&r=g\",\"url\":\"https:\\\/\\\/secure.gravatar.com\\\/avatar\\\/3ea2118a5f7dad2b7138b1187a6b7ee55f160b9968b66013c3a3ef39dd7e5798?s=96&d=mm&r=g\",\"contentUrl\":\"https:\\\/\\\/secure.gravatar.com\\\/avatar\\\/3ea2118a5f7dad2b7138b1187a6b7ee55f160b9968b66013c3a3ef39dd7e5798?s=96&d=mm&r=g\",\"caption\":\"Jeanette\"},\"sameAs\":[\"https:\\\/\\\/www.eldiario.net\\\/portal\"],\"url\":\"https:\\\/\\\/www.eldiario.net\\\/portal\\\/author\\\/jeanette\\\/\"}]}<\/script>\n<!-- \/ Yoast SEO plugin. -->","yoast_head_json":{"title":"Hallan cuerpos de dos tarije\u00f1os acribillados - El Diario - Bolivia","robots":{"index":"index","follow":"follow","max-snippet":"max-snippet:-1","max-image-preview":"max-image-preview:large","max-video-preview":"max-video-preview:-1"},"canonical":"https:\/\/www.eldiario.net\/portal\/2024\/05\/14\/hallan-cuerpos-de-dos-tarijenos-acribillados\/","og_locale":"es_ES","og_type":"article","og_title":"Hallan cuerpos de dos tarije\u00f1os acribillados - El Diario - Bolivia","og_description":"Los cuerpos sin vida de dos ciudadanos tarije\u00f1os fueron encontrados en la ruta Colonia Santa Rosa,\u00a0Salta, al norte de Argentina, luego de que ambos fueran asesinados a balazos; se presume un posible ajuste de cuentas ligado al narcotr\u00e1fico. Aunque el hecho ocurri\u00f3 el pasado viernes, los cuerpos fueron identificados reci\u00e9n el fin de semana como [&hellip;]","og_url":"https:\/\/www.eldiario.net\/portal\/2024\/05\/14\/hallan-cuerpos-de-dos-tarijenos-acribillados\/","og_site_name":"El Diario - Bolivia","article_publisher":"https:\/\/www.facebook.com\/eldiario.bolivia\/","article_published_time":"2024-05-14T11:08:51+00:00","og_image":[{"width":720,"height":399,"url":"https:\/\/www.eldiario.net\/portal\/wp-content\/uploads\/2024\/05\/BALEADOS-FOTO.jpeg","type":"image\/jpeg"}],"author":"Jeanette","twitter_card":"summary_large_image","twitter_creator":"@eldiario_net","twitter_site":"@eldiario_net","twitter_misc":{"Escrito por":"Jeanette","Tiempo de lectura":"1 minuto"},"schema":{"@context":"https:\/\/schema.org","@graph":[{"@type":"Article","@id":"https:\/\/www.eldiario.net\/portal\/2024\/05\/14\/hallan-cuerpos-de-dos-tarijenos-acribillados\/#article","isPartOf":{"@id":"https:\/\/www.eldiario.net\/portal\/2024\/05\/14\/hallan-cuerpos-de-dos-tarijenos-acribillados\/"},"author":{"name":"Jeanette","@id":"https:\/\/www.eldiario.net\/portal\/#\/schema\/person\/f46445640444750d7d753ccd04ae01b7"},"headline":"Hallan cuerpos de dos tarije\u00f1os acribillados","datePublished":"2024-05-14T11:08:51+00:00","mainEntityOfPage":{"@id":"https:\/\/www.eldiario.net\/portal\/2024\/05\/14\/hallan-cuerpos-de-dos-tarijenos-acribillados\/"},"wordCount":225,"commentCount":0,"publisher":{"@id":"https:\/\/www.eldiario.net\/portal\/#organization"},"image":{"@id":"https:\/\/www.eldiario.net\/portal\/2024\/05\/14\/hallan-cuerpos-de-dos-tarijenos-acribillados\/#primaryimage"},"thumbnailUrl":"https:\/\/www.eldiario.net\/portal\/wp-content\/uploads\/2024\/05\/BALEADOS-FOTO.jpeg","articleSection":["Sociedad - Seguridad"],"inLanguage":"es","potentialAction":[{"@type":"CommentAction","name":"Comment","target":["https:\/\/www.eldiario.net\/portal\/2024\/05\/14\/hallan-cuerpos-de-dos-tarijenos-acribillados\/#respond"]}]},{"@type":"WebPage","@id":"https:\/\/www.eldiario.net\/portal\/2024\/05\/14\/hallan-cuerpos-de-dos-tarijenos-acribillados\/","url":"https:\/\/www.eldiario.net\/portal\/2024\/05\/14\/hallan-cuerpos-de-dos-tarijenos-acribillados\/","name":"Hallan cuerpos de dos tarije\u00f1os acribillados - El Diario - Bolivia","isPartOf":{"@id":"https:\/\/www.eldiario.net\/portal\/#website"},"primaryImageOfPage":{"@id":"https:\/\/www.eldiario.net\/portal\/2024\/05\/14\/hallan-cuerpos-de-dos-tarijenos-acribillados\/#primaryimage"},"image":{"@id":"https:\/\/www.eldiario.net\/portal\/2024\/05\/14\/hallan-cuerpos-de-dos-tarijenos-acribillados\/#primaryimage"},"thumbnailUrl":"https:\/\/www.eldiario.net\/portal\/wp-content\/uploads\/2024\/05\/BALEADOS-FOTO.jpeg","datePublished":"2024-05-14T11:08:51+00:00","breadcrumb":{"@id":"https:\/\/www.eldiario.net\/portal\/2024\/05\/14\/hallan-cuerpos-de-dos-tarijenos-acribillados\/#breadcrumb"},"inLanguage":"es","potentialAction":[{"@type":"ReadAction","target":["https:\/\/www.eldiario.net\/portal\/2024\/05\/14\/hallan-cuerpos-de-dos-tarijenos-acribillados\/"]}]},{"@type":"ImageObject","inLanguage":"es","@id":"https:\/\/www.eldiario.net\/portal\/2024\/05\/14\/hallan-cuerpos-de-dos-tarijenos-acribillados\/#primaryimage","url":"https:\/\/www.eldiario.net\/portal\/wp-content\/uploads\/2024\/05\/BALEADOS-FOTO.jpeg","contentUrl":"https:\/\/www.eldiario.net\/portal\/wp-content\/uploads\/2024\/05\/BALEADOS-FOTO.jpeg","width":720,"height":399,"caption":"Los cuerpos fueron levantados a un costado de la carretera. Cr\u00e9ditos: Panamericana Embarcaci\u00f3n"},{"@type":"BreadcrumbList","@id":"https:\/\/www.eldiario.net\/portal\/2024\/05\/14\/hallan-cuerpos-de-dos-tarijenos-acribillados\/#breadcrumb","itemListElement":[{"@type":"ListItem","position":1,"name":"Portada","item":"https:\/\/www.eldiario.net\/portal\/"},{"@type":"ListItem","position":2,"name":"Hallan cuerpos de dos tarije\u00f1os acribillados"}]},{"@type":"WebSite","@id":"https:\/\/www.eldiario.net\/portal\/#website","url":"https:\/\/www.eldiario.net\/portal\/","name":"El Diario - Decano de la prensa nacional","description":"El Diario - Decano de la prensa nacional","publisher":{"@id":"https:\/\/www.eldiario.net\/portal\/#organization"},"potentialAction":[{"@type":"SearchAction","target":{"@type":"EntryPoint","urlTemplate":"https:\/\/www.eldiario.net\/portal\/?s={search_term_string}"},"query-input":{"@type":"PropertyValueSpecification","valueRequired":true,"valueName":"search_term_string"}}],"inLanguage":"es"},{"@type":"Organization","@id":"https:\/\/www.eldiario.net\/portal\/#organization","name":"El Diario - Decano de la prensa nacional","url":"https:\/\/www.eldiario.net\/portal\/","logo":{"@type":"ImageObject","inLanguage":"es","@id":"https:\/\/www.eldiario.net\/portal\/#\/schema\/logo\/image\/","url":"https:\/\/www.eldiario.net\/portal\/wp-content\/uploads\/2023\/07\/logo_ED.jpg","contentUrl":"https:\/\/www.eldiario.net\/portal\/wp-content\/uploads\/2023\/07\/logo_ED.jpg","width":272,"height":52,"caption":"El Diario - Decano de la prensa nacional"},"image":{"@id":"https:\/\/www.eldiario.net\/portal\/#\/schema\/logo\/image\/"},"sameAs":["https:\/\/www.facebook.com\/eldiario.bolivia\/","https:\/\/x.com\/eldiario_net"]},{"@type":"Person","@id":"https:\/\/www.eldiario.net\/portal\/#\/schema\/person\/f46445640444750d7d753ccd04ae01b7","name":"Jeanette","image":{"@type":"ImageObject","inLanguage":"es","@id":"https:\/\/secure.gravatar.com\/avatar\/3ea2118a5f7dad2b7138b1187a6b7ee55f160b9968b66013c3a3ef39dd7e5798?s=96&d=mm&r=g","url":"https:\/\/secure.gravatar.com\/avatar\/3ea2118a5f7dad2b7138b1187a6b7ee55f160b9968b66013c3a3ef39dd7e5798?s=96&d=mm&r=g","contentUrl":"https:\/\/secure.gravatar.com\/avatar\/3ea2118a5f7dad2b7138b1187a6b7ee55f160b9968b66013c3a3ef39dd7e5798?s=96&d=mm&r=g","caption":"Jeanette"},"sameAs":["https:\/\/www.eldiario.net\/portal"],"url":"https:\/\/www.eldiario.net\/portal\/author\/jeanette\/"}]}},"_links":{"self":[{"href":"https:\/\/www.eldiario.net\/portal\/wp-json\/wp\/v2\/posts\/220461","targetHints":{"allow":["GET"]}}],"collection":[{"href":"https:\/\/www.eldiario.net\/portal\/wp-json\/wp\/v2\/posts"}],"about":[{"href":"https:\/\/www.eldiario.net\/portal\/wp-json\/wp\/v2\/types\/post"}],"author":[{"embeddable":true,"href":"https:\/\/www.eldiario.net\/portal\/wp-json\/wp\/v2\/users\/1"}],"replies":[{"embeddable":true,"href":"https:\/\/www.eldiario.net\/portal\/wp-json\/wp\/v2\/comments?post=220461"}],"version-history":[{"count":1,"href":"https:\/\/www.eldiario.net\/portal\/wp-json\/wp\/v2\/posts\/220461\/revisions"}],"predecessor-version":[{"id":220463,"href":"https:\/\/www.eldiario.net\/portal\/wp-json\/wp\/v2\/posts\/220461\/revisions\/220463"}],"wp:featuredmedia":[{"embeddable":true,"href":"https:\/\/www.eldiario.net\/portal\/wp-json\/wp\/v2\/media\/220462"}],"wp:attachment":[{"href":"https:\/\/www.eldiario.net\/portal\/wp-json\/wp\/v2\/media?parent=220461"}],"wp:term":[{"taxonomy":"category","embeddable":true,"href":"https:\/\/www.eldiario.net\/portal\/wp-json\/wp\/v2\/categories?post=220461"},{"taxonomy":"post_tag","embeddable":true,"href":"https:\/\/www.eldiario.net\/portal\/wp-json\/wp\/v2\/tags?post=220461"}],"curies":[{"name":"wp","href":"https:\/\/api.w.org\/{rel}","templated":true}]}}