{"id":220455,"date":"2024-05-14T07:07:42","date_gmt":"2024-05-14T11:07:42","guid":{"rendered":"https:\/\/www.eldiario.net\/portal\/?p=220455"},"modified":"2024-05-14T07:07:42","modified_gmt":"2024-05-14T11:07:42","slug":"narcopolicia-sostuvo-que-sembraron-droga-en-vehiculo","status":"publish","type":"post","link":"https:\/\/www.eldiario.net\/portal\/2024\/05\/14\/narcopolicia-sostuvo-que-sembraron-droga-en-vehiculo\/","title":{"rendered":"\u201cNarcopolic\u00eda\u201d sostuvo que sembraron droga en veh\u00edculo"},"content":{"rendered":"<p>En su declaraci\u00f3n preliminar, el exdirector de la Direcci\u00f3n de Prevenci\u00f3n de Robo de Veh\u00edculos (Diprove) de Puerto Su\u00e1rez, Marcelo R. C., quien se entreg\u00f3 a las autoridades la semana pasada, asever\u00f3 que le sembraron los m\u00e1s de 20 kg de coca\u00edna en su veh\u00edculo, seg\u00fan inform\u00f3 el fiscal, Julio C\u00e9sar Porras.<\/p>\n<p>El exjefe policial fue enviado a la c\u00e1rcel de Palmasola por 180 d\u00edas tras ser acusado por presunto tr\u00e1fico de sustancias controladas, asociaci\u00f3n delictuosa y confabulaci\u00f3n. En su audiencia cautelar, se acogi\u00f3 a su derecho de guardar silencio.<\/p>\n<p>\u201cEfectivamente, dice que le han puesto supuestamente la sustancia, despu\u00e9s no quiso referirse m\u00e1s. Hubo el derecho constitucional que es el guardar silencio y nosotros hemos respetado eso\u201d, declar\u00f3 Porras a Erbol.<\/p>\n<p>Sin embargo, los indicios se\u00f1alan que el teniente coronel fue encontrado \u201cen flagrancia\u201d con la droga al interior de su veh\u00edculo, pues al verse sorprendido por el control policial en la comunidad Pozo del Tigre en el municipio de Pail\u00f3n, se dio a la fuga delante de sus colegas.<\/p>\n<p>La investigaci\u00f3n contin\u00faa para establecer los nexos del uniformado. Luego de la audiencia en la que se dispuso su detenci\u00f3n preventiva, la defensa legal de Marcelo R. C. asegur\u00f3 que su cliente \u201cdesconoc\u00eda\u201d la existencia de la sustancia controlada al interior de su motorizado.<\/p>\n","protected":false},"excerpt":{"rendered":"<p>En su declaraci\u00f3n preliminar, el exdirector de la Direcci\u00f3n de Prevenci\u00f3n de Robo de Veh\u00edculos (Diprove) de Puerto Su\u00e1rez, Marcelo R. C., quien se entreg\u00f3 a las autoridades la semana pasada, asever\u00f3 que le sembraron los m\u00e1s de 20 kg de coca\u00edna en su veh\u00edculo, seg\u00fan inform\u00f3 el fiscal, Julio C\u00e9sar Porras. El exjefe policial [&hellip;]<\/p>\n","protected":false},"author":1,"featured_media":220456,"comment_status":"open","ping_status":"open","sticky":false,"template":"","format":"standard","meta":{"_acf_changed":false,"footnotes":""},"categories":[39],"tags":[],"class_list":["post-220455","post","type-post","status-publish","format-standard","has-post-thumbnail","category-sociedad"],"acf":{"antetitulo":"Seg\u00fan la Fiscal\u00eda"},"yoast_head":"<!-- This site is optimized with the Yoast SEO plugin v28.4 - https:\/\/yoast.com\/product\/yoast-seo-wordpress\/ -->\n<title>\u201cNarcopolic\u00eda\u201d sostuvo que sembraron droga en veh\u00edculo - El Diario - Bolivia<\/title>\n<meta name=\"robots\" content=\"index, follow, max-snippet:-1, max-image-preview:large, max-video-preview:-1\" \/>\n<link rel=\"canonical\" href=\"https:\/\/www.eldiario.net\/portal\/2024\/05\/14\/narcopolicia-sostuvo-que-sembraron-droga-en-vehiculo\/\" \/>\n<meta property=\"og:locale\" content=\"es_ES\" \/>\n<meta property=\"og:type\" content=\"article\" \/>\n<meta property=\"og:title\" content=\"\u201cNarcopolic\u00eda\u201d sostuvo que sembraron droga en veh\u00edculo - El Diario - Bolivia\" \/>\n<meta property=\"og:description\" content=\"En su declaraci\u00f3n preliminar, el exdirector de la Direcci\u00f3n de Prevenci\u00f3n de Robo de Veh\u00edculos (Diprove) de Puerto Su\u00e1rez, Marcelo R. C., quien se entreg\u00f3 a las autoridades la semana pasada, asever\u00f3 que le sembraron los m\u00e1s de 20 kg de coca\u00edna en su veh\u00edculo, seg\u00fan inform\u00f3 el fiscal, Julio C\u00e9sar Porras. El exjefe policial [&hellip;]\" \/>\n<meta property=\"og:url\" content=\"https:\/\/www.eldiario.net\/portal\/2024\/05\/14\/narcopolicia-sostuvo-que-sembraron-droga-en-vehiculo\/\" \/>\n<meta property=\"og:site_name\" content=\"El Diario - Bolivia\" \/>\n<meta property=\"article:publisher\" content=\"https:\/\/www.facebook.com\/eldiario.bolivia\/\" \/>\n<meta property=\"article:published_time\" content=\"2024-05-14T11:07:42+00:00\" \/>\n<meta property=\"og:image\" content=\"https:\/\/www.eldiario.net\/portal\/wp-content\/uploads\/2024\/05\/DIPROVE-FOTO.jpg\" \/>\n\t<meta property=\"og:image:width\" content=\"1152\" \/>\n\t<meta property=\"og:image:height\" content=\"1000\" \/>\n\t<meta property=\"og:image:type\" content=\"image\/jpeg\" \/>\n<meta name=\"author\" content=\"Jeanette\" \/>\n<meta name=\"twitter:card\" content=\"summary_large_image\" \/>\n<meta name=\"twitter:creator\" content=\"@eldiario_net\" \/>\n<meta name=\"twitter:site\" content=\"@eldiario_net\" \/>\n<meta name=\"twitter:label1\" content=\"Escrito por\" \/>\n\t<meta name=\"twitter:data1\" content=\"Jeanette\" \/>\n\t<meta name=\"twitter:label2\" content=\"Tiempo de lectura\" \/>\n\t<meta name=\"twitter:data2\" content=\"2 minutos\" \/>\n<script type=\"application\/ld+json\" class=\"yoast-schema-graph\">{\"@context\":\"https:\\\/\\\/schema.org\",\"@graph\":[{\"@type\":\"Article\",\"@id\":\"https:\\\/\\\/www.eldiario.net\\\/portal\\\/2024\\\/05\\\/14\\\/narcopolicia-sostuvo-que-sembraron-droga-en-vehiculo\\\/#article\",\"isPartOf\":{\"@id\":\"https:\\\/\\\/www.eldiario.net\\\/portal\\\/2024\\\/05\\\/14\\\/narcopolicia-sostuvo-que-sembraron-droga-en-vehiculo\\\/\"},\"author\":{\"name\":\"Jeanette\",\"@id\":\"https:\\\/\\\/www.eldiario.net\\\/portal\\\/#\\\/schema\\\/person\\\/f46445640444750d7d753ccd04ae01b7\"},\"headline\":\"\u201cNarcopolic\u00eda\u201d sostuvo que sembraron droga en veh\u00edculo\",\"datePublished\":\"2024-05-14T11:07:42+00:00\",\"mainEntityOfPage\":{\"@id\":\"https:\\\/\\\/www.eldiario.net\\\/portal\\\/2024\\\/05\\\/14\\\/narcopolicia-sostuvo-que-sembraron-droga-en-vehiculo\\\/\"},\"wordCount\":246,\"commentCount\":0,\"publisher\":{\"@id\":\"https:\\\/\\\/www.eldiario.net\\\/portal\\\/#organization\"},\"image\":{\"@id\":\"https:\\\/\\\/www.eldiario.net\\\/portal\\\/2024\\\/05\\\/14\\\/narcopolicia-sostuvo-que-sembraron-droga-en-vehiculo\\\/#primaryimage\"},\"thumbnailUrl\":\"https:\\\/\\\/www.eldiario.net\\\/portal\\\/wp-content\\\/uploads\\\/2024\\\/05\\\/DIPROVE-FOTO.jpg\",\"articleSection\":[\"Sociedad - Seguridad\"],\"inLanguage\":\"es\",\"potentialAction\":[{\"@type\":\"CommentAction\",\"name\":\"Comment\",\"target\":[\"https:\\\/\\\/www.eldiario.net\\\/portal\\\/2024\\\/05\\\/14\\\/narcopolicia-sostuvo-que-sembraron-droga-en-vehiculo\\\/#respond\"]}]},{\"@type\":\"WebPage\",\"@id\":\"https:\\\/\\\/www.eldiario.net\\\/portal\\\/2024\\\/05\\\/14\\\/narcopolicia-sostuvo-que-sembraron-droga-en-vehiculo\\\/\",\"url\":\"https:\\\/\\\/www.eldiario.net\\\/portal\\\/2024\\\/05\\\/14\\\/narcopolicia-sostuvo-que-sembraron-droga-en-vehiculo\\\/\",\"name\":\"\u201cNarcopolic\u00eda\u201d sostuvo que sembraron droga en veh\u00edculo - El Diario - Bolivia\",\"isPartOf\":{\"@id\":\"https:\\\/\\\/www.eldiario.net\\\/portal\\\/#website\"},\"primaryImageOfPage\":{\"@id\":\"https:\\\/\\\/www.eldiario.net\\\/portal\\\/2024\\\/05\\\/14\\\/narcopolicia-sostuvo-que-sembraron-droga-en-vehiculo\\\/#primaryimage\"},\"image\":{\"@id\":\"https:\\\/\\\/www.eldiario.net\\\/portal\\\/2024\\\/05\\\/14\\\/narcopolicia-sostuvo-que-sembraron-droga-en-vehiculo\\\/#primaryimage\"},\"thumbnailUrl\":\"https:\\\/\\\/www.eldiario.net\\\/portal\\\/wp-content\\\/uploads\\\/2024\\\/05\\\/DIPROVE-FOTO.jpg\",\"datePublished\":\"2024-05-14T11:07:42+00:00\",\"breadcrumb\":{\"@id\":\"https:\\\/\\\/www.eldiario.net\\\/portal\\\/2024\\\/05\\\/14\\\/narcopolicia-sostuvo-que-sembraron-droga-en-vehiculo\\\/#breadcrumb\"},\"inLanguage\":\"es\",\"potentialAction\":[{\"@type\":\"ReadAction\",\"target\":[\"https:\\\/\\\/www.eldiario.net\\\/portal\\\/2024\\\/05\\\/14\\\/narcopolicia-sostuvo-que-sembraron-droga-en-vehiculo\\\/\"]}]},{\"@type\":\"ImageObject\",\"inLanguage\":\"es\",\"@id\":\"https:\\\/\\\/www.eldiario.net\\\/portal\\\/2024\\\/05\\\/14\\\/narcopolicia-sostuvo-que-sembraron-droga-en-vehiculo\\\/#primaryimage\",\"url\":\"https:\\\/\\\/www.eldiario.net\\\/portal\\\/wp-content\\\/uploads\\\/2024\\\/05\\\/DIPROVE-FOTO.jpg\",\"contentUrl\":\"https:\\\/\\\/www.eldiario.net\\\/portal\\\/wp-content\\\/uploads\\\/2024\\\/05\\\/DIPROVE-FOTO.jpg\",\"width\":1152,\"height\":1000,\"caption\":\"La droga encontrada al interior del veh\u00edculo del jefe policial. Cr\u00e9ditos: Felcn\"},{\"@type\":\"BreadcrumbList\",\"@id\":\"https:\\\/\\\/www.eldiario.net\\\/portal\\\/2024\\\/05\\\/14\\\/narcopolicia-sostuvo-que-sembraron-droga-en-vehiculo\\\/#breadcrumb\",\"itemListElement\":[{\"@type\":\"ListItem\",\"position\":1,\"name\":\"Portada\",\"item\":\"https:\\\/\\\/www.eldiario.net\\\/portal\\\/\"},{\"@type\":\"ListItem\",\"position\":2,\"name\":\"\u201cNarcopolic\u00eda\u201d sostuvo que sembraron droga en veh\u00edculo\"}]},{\"@type\":\"WebSite\",\"@id\":\"https:\\\/\\\/www.eldiario.net\\\/portal\\\/#website\",\"url\":\"https:\\\/\\\/www.eldiario.net\\\/portal\\\/\",\"name\":\"El Diario - Decano de la prensa nacional\",\"description\":\"El Diario - Decano de la prensa nacional\",\"publisher\":{\"@id\":\"https:\\\/\\\/www.eldiario.net\\\/portal\\\/#organization\"},\"potentialAction\":[{\"@type\":\"SearchAction\",\"target\":{\"@type\":\"EntryPoint\",\"urlTemplate\":\"https:\\\/\\\/www.eldiario.net\\\/portal\\\/?s={search_term_string}\"},\"query-input\":{\"@type\":\"PropertyValueSpecification\",\"valueRequired\":true,\"valueName\":\"search_term_string\"}}],\"inLanguage\":\"es\"},{\"@type\":\"Organization\",\"@id\":\"https:\\\/\\\/www.eldiario.net\\\/portal\\\/#organization\",\"name\":\"El Diario - Decano de la prensa nacional\",\"url\":\"https:\\\/\\\/www.eldiario.net\\\/portal\\\/\",\"logo\":{\"@type\":\"ImageObject\",\"inLanguage\":\"es\",\"@id\":\"https:\\\/\\\/www.eldiario.net\\\/portal\\\/#\\\/schema\\\/logo\\\/image\\\/\",\"url\":\"https:\\\/\\\/www.eldiario.net\\\/portal\\\/wp-content\\\/uploads\\\/2023\\\/07\\\/logo_ED.jpg\",\"contentUrl\":\"https:\\\/\\\/www.eldiario.net\\\/portal\\\/wp-content\\\/uploads\\\/2023\\\/07\\\/logo_ED.jpg\",\"width\":272,\"height\":52,\"caption\":\"El Diario - Decano de la prensa nacional\"},\"image\":{\"@id\":\"https:\\\/\\\/www.eldiario.net\\\/portal\\\/#\\\/schema\\\/logo\\\/image\\\/\"},\"sameAs\":[\"https:\\\/\\\/www.facebook.com\\\/eldiario.bolivia\\\/\",\"https:\\\/\\\/x.com\\\/eldiario_net\"]},{\"@type\":\"Person\",\"@id\":\"https:\\\/\\\/www.eldiario.net\\\/portal\\\/#\\\/schema\\\/person\\\/f46445640444750d7d753ccd04ae01b7\",\"name\":\"Jeanette\",\"image\":{\"@type\":\"ImageObject\",\"inLanguage\":\"es\",\"@id\":\"https:\\\/\\\/secure.gravatar.com\\\/avatar\\\/3ea2118a5f7dad2b7138b1187a6b7ee55f160b9968b66013c3a3ef39dd7e5798?s=96&d=mm&r=g\",\"url\":\"https:\\\/\\\/secure.gravatar.com\\\/avatar\\\/3ea2118a5f7dad2b7138b1187a6b7ee55f160b9968b66013c3a3ef39dd7e5798?s=96&d=mm&r=g\",\"contentUrl\":\"https:\\\/\\\/secure.gravatar.com\\\/avatar\\\/3ea2118a5f7dad2b7138b1187a6b7ee55f160b9968b66013c3a3ef39dd7e5798?s=96&d=mm&r=g\",\"caption\":\"Jeanette\"},\"sameAs\":[\"https:\\\/\\\/www.eldiario.net\\\/portal\"],\"url\":\"https:\\\/\\\/www.eldiario.net\\\/portal\\\/author\\\/jeanette\\\/\"}]}<\/script>\n<!-- \/ Yoast SEO plugin. -->","yoast_head_json":{"title":"\u201cNarcopolic\u00eda\u201d sostuvo que sembraron droga en veh\u00edculo - El Diario - Bolivia","robots":{"index":"index","follow":"follow","max-snippet":"max-snippet:-1","max-image-preview":"max-image-preview:large","max-video-preview":"max-video-preview:-1"},"canonical":"https:\/\/www.eldiario.net\/portal\/2024\/05\/14\/narcopolicia-sostuvo-que-sembraron-droga-en-vehiculo\/","og_locale":"es_ES","og_type":"article","og_title":"\u201cNarcopolic\u00eda\u201d sostuvo que sembraron droga en veh\u00edculo - El Diario - Bolivia","og_description":"En su declaraci\u00f3n preliminar, el exdirector de la Direcci\u00f3n de Prevenci\u00f3n de Robo de Veh\u00edculos (Diprove) de Puerto Su\u00e1rez, Marcelo R. C., quien se entreg\u00f3 a las autoridades la semana pasada, asever\u00f3 que le sembraron los m\u00e1s de 20 kg de coca\u00edna en su veh\u00edculo, seg\u00fan inform\u00f3 el fiscal, Julio C\u00e9sar Porras. El exjefe policial [&hellip;]","og_url":"https:\/\/www.eldiario.net\/portal\/2024\/05\/14\/narcopolicia-sostuvo-que-sembraron-droga-en-vehiculo\/","og_site_name":"El Diario - Bolivia","article_publisher":"https:\/\/www.facebook.com\/eldiario.bolivia\/","article_published_time":"2024-05-14T11:07:42+00:00","og_image":[{"width":1152,"height":1000,"url":"https:\/\/www.eldiario.net\/portal\/wp-content\/uploads\/2024\/05\/DIPROVE-FOTO.jpg","type":"image\/jpeg"}],"author":"Jeanette","twitter_card":"summary_large_image","twitter_creator":"@eldiario_net","twitter_site":"@eldiario_net","twitter_misc":{"Escrito por":"Jeanette","Tiempo de lectura":"2 minutos"},"schema":{"@context":"https:\/\/schema.org","@graph":[{"@type":"Article","@id":"https:\/\/www.eldiario.net\/portal\/2024\/05\/14\/narcopolicia-sostuvo-que-sembraron-droga-en-vehiculo\/#article","isPartOf":{"@id":"https:\/\/www.eldiario.net\/portal\/2024\/05\/14\/narcopolicia-sostuvo-que-sembraron-droga-en-vehiculo\/"},"author":{"name":"Jeanette","@id":"https:\/\/www.eldiario.net\/portal\/#\/schema\/person\/f46445640444750d7d753ccd04ae01b7"},"headline":"\u201cNarcopolic\u00eda\u201d sostuvo que sembraron droga en veh\u00edculo","datePublished":"2024-05-14T11:07:42+00:00","mainEntityOfPage":{"@id":"https:\/\/www.eldiario.net\/portal\/2024\/05\/14\/narcopolicia-sostuvo-que-sembraron-droga-en-vehiculo\/"},"wordCount":246,"commentCount":0,"publisher":{"@id":"https:\/\/www.eldiario.net\/portal\/#organization"},"image":{"@id":"https:\/\/www.eldiario.net\/portal\/2024\/05\/14\/narcopolicia-sostuvo-que-sembraron-droga-en-vehiculo\/#primaryimage"},"thumbnailUrl":"https:\/\/www.eldiario.net\/portal\/wp-content\/uploads\/2024\/05\/DIPROVE-FOTO.jpg","articleSection":["Sociedad - Seguridad"],"inLanguage":"es","potentialAction":[{"@type":"CommentAction","name":"Comment","target":["https:\/\/www.eldiario.net\/portal\/2024\/05\/14\/narcopolicia-sostuvo-que-sembraron-droga-en-vehiculo\/#respond"]}]},{"@type":"WebPage","@id":"https:\/\/www.eldiario.net\/portal\/2024\/05\/14\/narcopolicia-sostuvo-que-sembraron-droga-en-vehiculo\/","url":"https:\/\/www.eldiario.net\/portal\/2024\/05\/14\/narcopolicia-sostuvo-que-sembraron-droga-en-vehiculo\/","name":"\u201cNarcopolic\u00eda\u201d sostuvo que sembraron droga en veh\u00edculo - El Diario - Bolivia","isPartOf":{"@id":"https:\/\/www.eldiario.net\/portal\/#website"},"primaryImageOfPage":{"@id":"https:\/\/www.eldiario.net\/portal\/2024\/05\/14\/narcopolicia-sostuvo-que-sembraron-droga-en-vehiculo\/#primaryimage"},"image":{"@id":"https:\/\/www.eldiario.net\/portal\/2024\/05\/14\/narcopolicia-sostuvo-que-sembraron-droga-en-vehiculo\/#primaryimage"},"thumbnailUrl":"https:\/\/www.eldiario.net\/portal\/wp-content\/uploads\/2024\/05\/DIPROVE-FOTO.jpg","datePublished":"2024-05-14T11:07:42+00:00","breadcrumb":{"@id":"https:\/\/www.eldiario.net\/portal\/2024\/05\/14\/narcopolicia-sostuvo-que-sembraron-droga-en-vehiculo\/#breadcrumb"},"inLanguage":"es","potentialAction":[{"@type":"ReadAction","target":["https:\/\/www.eldiario.net\/portal\/2024\/05\/14\/narcopolicia-sostuvo-que-sembraron-droga-en-vehiculo\/"]}]},{"@type":"ImageObject","inLanguage":"es","@id":"https:\/\/www.eldiario.net\/portal\/2024\/05\/14\/narcopolicia-sostuvo-que-sembraron-droga-en-vehiculo\/#primaryimage","url":"https:\/\/www.eldiario.net\/portal\/wp-content\/uploads\/2024\/05\/DIPROVE-FOTO.jpg","contentUrl":"https:\/\/www.eldiario.net\/portal\/wp-content\/uploads\/2024\/05\/DIPROVE-FOTO.jpg","width":1152,"height":1000,"caption":"La droga encontrada al interior del veh\u00edculo del jefe policial. Cr\u00e9ditos: Felcn"},{"@type":"BreadcrumbList","@id":"https:\/\/www.eldiario.net\/portal\/2024\/05\/14\/narcopolicia-sostuvo-que-sembraron-droga-en-vehiculo\/#breadcrumb","itemListElement":[{"@type":"ListItem","position":1,"name":"Portada","item":"https:\/\/www.eldiario.net\/portal\/"},{"@type":"ListItem","position":2,"name":"\u201cNarcopolic\u00eda\u201d sostuvo que sembraron droga en veh\u00edculo"}]},{"@type":"WebSite","@id":"https:\/\/www.eldiario.net\/portal\/#website","url":"https:\/\/www.eldiario.net\/portal\/","name":"El Diario - Decano de la prensa nacional","description":"El Diario - Decano de la prensa nacional","publisher":{"@id":"https:\/\/www.eldiario.net\/portal\/#organization"},"potentialAction":[{"@type":"SearchAction","target":{"@type":"EntryPoint","urlTemplate":"https:\/\/www.eldiario.net\/portal\/?s={search_term_string}"},"query-input":{"@type":"PropertyValueSpecification","valueRequired":true,"valueName":"search_term_string"}}],"inLanguage":"es"},{"@type":"Organization","@id":"https:\/\/www.eldiario.net\/portal\/#organization","name":"El Diario - Decano de la prensa nacional","url":"https:\/\/www.eldiario.net\/portal\/","logo":{"@type":"ImageObject","inLanguage":"es","@id":"https:\/\/www.eldiario.net\/portal\/#\/schema\/logo\/image\/","url":"https:\/\/www.eldiario.net\/portal\/wp-content\/uploads\/2023\/07\/logo_ED.jpg","contentUrl":"https:\/\/www.eldiario.net\/portal\/wp-content\/uploads\/2023\/07\/logo_ED.jpg","width":272,"height":52,"caption":"El Diario - Decano de la prensa nacional"},"image":{"@id":"https:\/\/www.eldiario.net\/portal\/#\/schema\/logo\/image\/"},"sameAs":["https:\/\/www.facebook.com\/eldiario.bolivia\/","https:\/\/x.com\/eldiario_net"]},{"@type":"Person","@id":"https:\/\/www.eldiario.net\/portal\/#\/schema\/person\/f46445640444750d7d753ccd04ae01b7","name":"Jeanette","image":{"@type":"ImageObject","inLanguage":"es","@id":"https:\/\/secure.gravatar.com\/avatar\/3ea2118a5f7dad2b7138b1187a6b7ee55f160b9968b66013c3a3ef39dd7e5798?s=96&d=mm&r=g","url":"https:\/\/secure.gravatar.com\/avatar\/3ea2118a5f7dad2b7138b1187a6b7ee55f160b9968b66013c3a3ef39dd7e5798?s=96&d=mm&r=g","contentUrl":"https:\/\/secure.gravatar.com\/avatar\/3ea2118a5f7dad2b7138b1187a6b7ee55f160b9968b66013c3a3ef39dd7e5798?s=96&d=mm&r=g","caption":"Jeanette"},"sameAs":["https:\/\/www.eldiario.net\/portal"],"url":"https:\/\/www.eldiario.net\/portal\/author\/jeanette\/"}]}},"_links":{"self":[{"href":"https:\/\/www.eldiario.net\/portal\/wp-json\/wp\/v2\/posts\/220455","targetHints":{"allow":["GET"]}}],"collection":[{"href":"https:\/\/www.eldiario.net\/portal\/wp-json\/wp\/v2\/posts"}],"about":[{"href":"https:\/\/www.eldiario.net\/portal\/wp-json\/wp\/v2\/types\/post"}],"author":[{"embeddable":true,"href":"https:\/\/www.eldiario.net\/portal\/wp-json\/wp\/v2\/users\/1"}],"replies":[{"embeddable":true,"href":"https:\/\/www.eldiario.net\/portal\/wp-json\/wp\/v2\/comments?post=220455"}],"version-history":[{"count":1,"href":"https:\/\/www.eldiario.net\/portal\/wp-json\/wp\/v2\/posts\/220455\/revisions"}],"predecessor-version":[{"id":220457,"href":"https:\/\/www.eldiario.net\/portal\/wp-json\/wp\/v2\/posts\/220455\/revisions\/220457"}],"wp:featuredmedia":[{"embeddable":true,"href":"https:\/\/www.eldiario.net\/portal\/wp-json\/wp\/v2\/media\/220456"}],"wp:attachment":[{"href":"https:\/\/www.eldiario.net\/portal\/wp-json\/wp\/v2\/media?parent=220455"}],"wp:term":[{"taxonomy":"category","embeddable":true,"href":"https:\/\/www.eldiario.net\/portal\/wp-json\/wp\/v2\/categories?post=220455"},{"taxonomy":"post_tag","embeddable":true,"href":"https:\/\/www.eldiario.net\/portal\/wp-json\/wp\/v2\/tags?post=220455"}],"curies":[{"name":"wp","href":"https:\/\/api.w.org\/{rel}","templated":true}]}}