{"id":220443,"date":"2024-05-14T07:05:27","date_gmt":"2024-05-14T11:05:27","guid":{"rendered":"https:\/\/www.eldiario.net\/portal\/?p=220443"},"modified":"2024-05-14T07:05:27","modified_gmt":"2024-05-14T11:05:27","slug":"novio-de-odalys-sale-de-prision-y-vuelve-a-tocana","status":"publish","type":"post","link":"https:\/\/www.eldiario.net\/portal\/2024\/05\/14\/novio-de-odalys-sale-de-prision-y-vuelve-a-tocana\/","title":{"rendered":"Novio de Odalys sale de prisi\u00f3n y vuelve a Toca\u00f1a"},"content":{"rendered":"<p>Joel Sebasti\u00e1n P. G., el principal sospechoso de la desaparici\u00f3n de su pareja, Odalys Vaquiata, volvi\u00f3 a la localidad yungue\u00f1a por orden de la Fiscal\u00eda para continuar con trabajos investigativos, inform\u00f3 la Polic\u00eda.<\/p>\n<p>La fuerza anticrimen de la Polic\u00eda inform\u00f3 que el traslado del sospechoso, desde el penal de Chonchocoro a los Yungas, fue efectuado para un registro del lugar del hecho y con el fin de continuar con \u201cactos investigativos\u201d que buscan establecer la verdad hist\u00f3rica del caso.<\/p>\n<p>El director nacional de la Fuerza Especial de Lucha Contra el Crimen (Felcc), Jhonny Ch\u00e1vez, ratific\u00f3 que el caso permanece en reserva y evit\u00f3 dar mayores detalles a la prensa sobre las pr\u00f3ximas diligencias policiales.<\/p>\n<p>Asimismo, surgieron versiones que se\u00f1alan una posible muerte de la mujer de 28 a\u00f1os, tras la existencia de una conversaci\u00f3n que Joel habr\u00eda mantenido con un polic\u00eda amigo suyo. Ch\u00e1vez aclar\u00f3 que esta informaci\u00f3n a\u00fan no est\u00e1 validada y que todo dato oficial ser\u00e1 formulado con base en resultados de la Fiscal\u00eda y los investigadores asignados.<\/p>\n<p>En este caso, la pareja y un efectivo de la Polic\u00eda cumplen detenci\u00f3n preventiva mientras las investigaciones contin\u00faan sin encontrar rastros de la mujer desaparecida hace m\u00e1s de seis semanas.<\/p>\n<p>Vaquiata\u00a0fue vista por \u00faltima vez el 30 de marzo en la localidad yungue\u00f1a de Toca\u00f1a, donde lleg\u00f3 con su pareja para participar de una actividad tur\u00edstica. Seg\u00fan el joven sospechoso, ambos tuvieron una discusi\u00f3n que caus\u00f3 que la mujer descienda de su motorizado, momento desde el cual no supo m\u00e1s de ella.<\/p>\n","protected":false},"excerpt":{"rendered":"<p>Joel Sebasti\u00e1n P. G., el principal sospechoso de la desaparici\u00f3n de su pareja, Odalys Vaquiata, volvi\u00f3 a la localidad yungue\u00f1a por orden de la Fiscal\u00eda para continuar con trabajos investigativos, inform\u00f3 la Polic\u00eda. La fuerza anticrimen de la Polic\u00eda inform\u00f3 que el traslado del sospechoso, desde el penal de Chonchocoro a los Yungas, fue efectuado [&hellip;]<\/p>\n","protected":false},"author":1,"featured_media":220444,"comment_status":"open","ping_status":"open","sticky":false,"template":"","format":"standard","meta":{"_acf_changed":false,"footnotes":""},"categories":[39],"tags":[],"class_list":["post-220443","post","type-post","status-publish","format-standard","has-post-thumbnail","category-sociedad"],"acf":{"antetitulo":""},"yoast_head":"<!-- This site is optimized with the Yoast SEO plugin v28.4 - https:\/\/yoast.com\/product\/yoast-seo-wordpress\/ -->\n<title>Novio de Odalys sale de prisi\u00f3n y vuelve a Toca\u00f1a - El Diario - Bolivia<\/title>\n<meta name=\"robots\" content=\"index, follow, max-snippet:-1, max-image-preview:large, max-video-preview:-1\" \/>\n<link rel=\"canonical\" href=\"https:\/\/www.eldiario.net\/portal\/2024\/05\/14\/novio-de-odalys-sale-de-prision-y-vuelve-a-tocana\/\" \/>\n<meta property=\"og:locale\" content=\"es_ES\" \/>\n<meta property=\"og:type\" content=\"article\" \/>\n<meta property=\"og:title\" content=\"Novio de Odalys sale de prisi\u00f3n y vuelve a Toca\u00f1a - El Diario - Bolivia\" \/>\n<meta property=\"og:description\" content=\"Joel Sebasti\u00e1n P. G., el principal sospechoso de la desaparici\u00f3n de su pareja, Odalys Vaquiata, volvi\u00f3 a la localidad yungue\u00f1a por orden de la Fiscal\u00eda para continuar con trabajos investigativos, inform\u00f3 la Polic\u00eda. La fuerza anticrimen de la Polic\u00eda inform\u00f3 que el traslado del sospechoso, desde el penal de Chonchocoro a los Yungas, fue efectuado [&hellip;]\" \/>\n<meta property=\"og:url\" content=\"https:\/\/www.eldiario.net\/portal\/2024\/05\/14\/novio-de-odalys-sale-de-prision-y-vuelve-a-tocana\/\" \/>\n<meta property=\"og:site_name\" content=\"El Diario - Bolivia\" \/>\n<meta property=\"article:publisher\" content=\"https:\/\/www.facebook.com\/eldiario.bolivia\/\" \/>\n<meta property=\"article:published_time\" content=\"2024-05-14T11:05:27+00:00\" \/>\n<meta property=\"og:image\" content=\"https:\/\/www.eldiario.net\/portal\/wp-content\/uploads\/2024\/05\/ODALYS-FOTO.jpg\" \/>\n\t<meta property=\"og:image:width\" content=\"1280\" \/>\n\t<meta property=\"og:image:height\" content=\"545\" \/>\n\t<meta property=\"og:image:type\" content=\"image\/jpeg\" \/>\n<meta name=\"author\" content=\"Jeanette\" \/>\n<meta name=\"twitter:card\" content=\"summary_large_image\" \/>\n<meta name=\"twitter:creator\" content=\"@eldiario_net\" \/>\n<meta name=\"twitter:site\" content=\"@eldiario_net\" \/>\n<meta name=\"twitter:label1\" content=\"Escrito por\" \/>\n\t<meta name=\"twitter:data1\" content=\"Jeanette\" \/>\n\t<meta name=\"twitter:label2\" content=\"Tiempo de lectura\" \/>\n\t<meta name=\"twitter:data2\" content=\"2 minutos\" \/>\n<script type=\"application\/ld+json\" class=\"yoast-schema-graph\">{\"@context\":\"https:\\\/\\\/schema.org\",\"@graph\":[{\"@type\":\"Article\",\"@id\":\"https:\\\/\\\/www.eldiario.net\\\/portal\\\/2024\\\/05\\\/14\\\/novio-de-odalys-sale-de-prision-y-vuelve-a-tocana\\\/#article\",\"isPartOf\":{\"@id\":\"https:\\\/\\\/www.eldiario.net\\\/portal\\\/2024\\\/05\\\/14\\\/novio-de-odalys-sale-de-prision-y-vuelve-a-tocana\\\/\"},\"author\":{\"name\":\"Jeanette\",\"@id\":\"https:\\\/\\\/www.eldiario.net\\\/portal\\\/#\\\/schema\\\/person\\\/f46445640444750d7d753ccd04ae01b7\"},\"headline\":\"Novio de Odalys sale de prisi\u00f3n y vuelve a Toca\u00f1a\",\"datePublished\":\"2024-05-14T11:05:27+00:00\",\"mainEntityOfPage\":{\"@id\":\"https:\\\/\\\/www.eldiario.net\\\/portal\\\/2024\\\/05\\\/14\\\/novio-de-odalys-sale-de-prision-y-vuelve-a-tocana\\\/\"},\"wordCount\":291,\"commentCount\":0,\"publisher\":{\"@id\":\"https:\\\/\\\/www.eldiario.net\\\/portal\\\/#organization\"},\"image\":{\"@id\":\"https:\\\/\\\/www.eldiario.net\\\/portal\\\/2024\\\/05\\\/14\\\/novio-de-odalys-sale-de-prision-y-vuelve-a-tocana\\\/#primaryimage\"},\"thumbnailUrl\":\"https:\\\/\\\/www.eldiario.net\\\/portal\\\/wp-content\\\/uploads\\\/2024\\\/05\\\/ODALYS-FOTO.jpg\",\"articleSection\":[\"Sociedad - Seguridad\"],\"inLanguage\":\"es\",\"potentialAction\":[{\"@type\":\"CommentAction\",\"name\":\"Comment\",\"target\":[\"https:\\\/\\\/www.eldiario.net\\\/portal\\\/2024\\\/05\\\/14\\\/novio-de-odalys-sale-de-prision-y-vuelve-a-tocana\\\/#respond\"]}]},{\"@type\":\"WebPage\",\"@id\":\"https:\\\/\\\/www.eldiario.net\\\/portal\\\/2024\\\/05\\\/14\\\/novio-de-odalys-sale-de-prision-y-vuelve-a-tocana\\\/\",\"url\":\"https:\\\/\\\/www.eldiario.net\\\/portal\\\/2024\\\/05\\\/14\\\/novio-de-odalys-sale-de-prision-y-vuelve-a-tocana\\\/\",\"name\":\"Novio de Odalys sale de prisi\u00f3n y vuelve a Toca\u00f1a - El Diario - Bolivia\",\"isPartOf\":{\"@id\":\"https:\\\/\\\/www.eldiario.net\\\/portal\\\/#website\"},\"primaryImageOfPage\":{\"@id\":\"https:\\\/\\\/www.eldiario.net\\\/portal\\\/2024\\\/05\\\/14\\\/novio-de-odalys-sale-de-prision-y-vuelve-a-tocana\\\/#primaryimage\"},\"image\":{\"@id\":\"https:\\\/\\\/www.eldiario.net\\\/portal\\\/2024\\\/05\\\/14\\\/novio-de-odalys-sale-de-prision-y-vuelve-a-tocana\\\/#primaryimage\"},\"thumbnailUrl\":\"https:\\\/\\\/www.eldiario.net\\\/portal\\\/wp-content\\\/uploads\\\/2024\\\/05\\\/ODALYS-FOTO.jpg\",\"datePublished\":\"2024-05-14T11:05:27+00:00\",\"breadcrumb\":{\"@id\":\"https:\\\/\\\/www.eldiario.net\\\/portal\\\/2024\\\/05\\\/14\\\/novio-de-odalys-sale-de-prision-y-vuelve-a-tocana\\\/#breadcrumb\"},\"inLanguage\":\"es\",\"potentialAction\":[{\"@type\":\"ReadAction\",\"target\":[\"https:\\\/\\\/www.eldiario.net\\\/portal\\\/2024\\\/05\\\/14\\\/novio-de-odalys-sale-de-prision-y-vuelve-a-tocana\\\/\"]}]},{\"@type\":\"ImageObject\",\"inLanguage\":\"es\",\"@id\":\"https:\\\/\\\/www.eldiario.net\\\/portal\\\/2024\\\/05\\\/14\\\/novio-de-odalys-sale-de-prision-y-vuelve-a-tocana\\\/#primaryimage\",\"url\":\"https:\\\/\\\/www.eldiario.net\\\/portal\\\/wp-content\\\/uploads\\\/2024\\\/05\\\/ODALYS-FOTO.jpg\",\"contentUrl\":\"https:\\\/\\\/www.eldiario.net\\\/portal\\\/wp-content\\\/uploads\\\/2024\\\/05\\\/ODALYS-FOTO.jpg\",\"width\":1280,\"height\":545,\"caption\":\"Joel P., \u00faltima pareja sentimental de la desaparecida. Cr\u00e9ditos: Ministerio de Gobierno\"},{\"@type\":\"BreadcrumbList\",\"@id\":\"https:\\\/\\\/www.eldiario.net\\\/portal\\\/2024\\\/05\\\/14\\\/novio-de-odalys-sale-de-prision-y-vuelve-a-tocana\\\/#breadcrumb\",\"itemListElement\":[{\"@type\":\"ListItem\",\"position\":1,\"name\":\"Portada\",\"item\":\"https:\\\/\\\/www.eldiario.net\\\/portal\\\/\"},{\"@type\":\"ListItem\",\"position\":2,\"name\":\"Novio de Odalys sale de prisi\u00f3n y vuelve a Toca\u00f1a\"}]},{\"@type\":\"WebSite\",\"@id\":\"https:\\\/\\\/www.eldiario.net\\\/portal\\\/#website\",\"url\":\"https:\\\/\\\/www.eldiario.net\\\/portal\\\/\",\"name\":\"El Diario - Decano de la prensa nacional\",\"description\":\"El Diario - Decano de la prensa nacional\",\"publisher\":{\"@id\":\"https:\\\/\\\/www.eldiario.net\\\/portal\\\/#organization\"},\"potentialAction\":[{\"@type\":\"SearchAction\",\"target\":{\"@type\":\"EntryPoint\",\"urlTemplate\":\"https:\\\/\\\/www.eldiario.net\\\/portal\\\/?s={search_term_string}\"},\"query-input\":{\"@type\":\"PropertyValueSpecification\",\"valueRequired\":true,\"valueName\":\"search_term_string\"}}],\"inLanguage\":\"es\"},{\"@type\":\"Organization\",\"@id\":\"https:\\\/\\\/www.eldiario.net\\\/portal\\\/#organization\",\"name\":\"El Diario - Decano de la prensa nacional\",\"url\":\"https:\\\/\\\/www.eldiario.net\\\/portal\\\/\",\"logo\":{\"@type\":\"ImageObject\",\"inLanguage\":\"es\",\"@id\":\"https:\\\/\\\/www.eldiario.net\\\/portal\\\/#\\\/schema\\\/logo\\\/image\\\/\",\"url\":\"https:\\\/\\\/www.eldiario.net\\\/portal\\\/wp-content\\\/uploads\\\/2023\\\/07\\\/logo_ED.jpg\",\"contentUrl\":\"https:\\\/\\\/www.eldiario.net\\\/portal\\\/wp-content\\\/uploads\\\/2023\\\/07\\\/logo_ED.jpg\",\"width\":272,\"height\":52,\"caption\":\"El Diario - Decano de la prensa nacional\"},\"image\":{\"@id\":\"https:\\\/\\\/www.eldiario.net\\\/portal\\\/#\\\/schema\\\/logo\\\/image\\\/\"},\"sameAs\":[\"https:\\\/\\\/www.facebook.com\\\/eldiario.bolivia\\\/\",\"https:\\\/\\\/x.com\\\/eldiario_net\"]},{\"@type\":\"Person\",\"@id\":\"https:\\\/\\\/www.eldiario.net\\\/portal\\\/#\\\/schema\\\/person\\\/f46445640444750d7d753ccd04ae01b7\",\"name\":\"Jeanette\",\"image\":{\"@type\":\"ImageObject\",\"inLanguage\":\"es\",\"@id\":\"https:\\\/\\\/secure.gravatar.com\\\/avatar\\\/3ea2118a5f7dad2b7138b1187a6b7ee55f160b9968b66013c3a3ef39dd7e5798?s=96&d=mm&r=g\",\"url\":\"https:\\\/\\\/secure.gravatar.com\\\/avatar\\\/3ea2118a5f7dad2b7138b1187a6b7ee55f160b9968b66013c3a3ef39dd7e5798?s=96&d=mm&r=g\",\"contentUrl\":\"https:\\\/\\\/secure.gravatar.com\\\/avatar\\\/3ea2118a5f7dad2b7138b1187a6b7ee55f160b9968b66013c3a3ef39dd7e5798?s=96&d=mm&r=g\",\"caption\":\"Jeanette\"},\"sameAs\":[\"https:\\\/\\\/www.eldiario.net\\\/portal\"],\"url\":\"https:\\\/\\\/www.eldiario.net\\\/portal\\\/author\\\/jeanette\\\/\"}]}<\/script>\n<!-- \/ Yoast SEO plugin. -->","yoast_head_json":{"title":"Novio de Odalys sale de prisi\u00f3n y vuelve a Toca\u00f1a - El Diario - Bolivia","robots":{"index":"index","follow":"follow","max-snippet":"max-snippet:-1","max-image-preview":"max-image-preview:large","max-video-preview":"max-video-preview:-1"},"canonical":"https:\/\/www.eldiario.net\/portal\/2024\/05\/14\/novio-de-odalys-sale-de-prision-y-vuelve-a-tocana\/","og_locale":"es_ES","og_type":"article","og_title":"Novio de Odalys sale de prisi\u00f3n y vuelve a Toca\u00f1a - El Diario - Bolivia","og_description":"Joel Sebasti\u00e1n P. G., el principal sospechoso de la desaparici\u00f3n de su pareja, Odalys Vaquiata, volvi\u00f3 a la localidad yungue\u00f1a por orden de la Fiscal\u00eda para continuar con trabajos investigativos, inform\u00f3 la Polic\u00eda. La fuerza anticrimen de la Polic\u00eda inform\u00f3 que el traslado del sospechoso, desde el penal de Chonchocoro a los Yungas, fue efectuado [&hellip;]","og_url":"https:\/\/www.eldiario.net\/portal\/2024\/05\/14\/novio-de-odalys-sale-de-prision-y-vuelve-a-tocana\/","og_site_name":"El Diario - Bolivia","article_publisher":"https:\/\/www.facebook.com\/eldiario.bolivia\/","article_published_time":"2024-05-14T11:05:27+00:00","og_image":[{"width":1280,"height":545,"url":"https:\/\/www.eldiario.net\/portal\/wp-content\/uploads\/2024\/05\/ODALYS-FOTO.jpg","type":"image\/jpeg"}],"author":"Jeanette","twitter_card":"summary_large_image","twitter_creator":"@eldiario_net","twitter_site":"@eldiario_net","twitter_misc":{"Escrito por":"Jeanette","Tiempo de lectura":"2 minutos"},"schema":{"@context":"https:\/\/schema.org","@graph":[{"@type":"Article","@id":"https:\/\/www.eldiario.net\/portal\/2024\/05\/14\/novio-de-odalys-sale-de-prision-y-vuelve-a-tocana\/#article","isPartOf":{"@id":"https:\/\/www.eldiario.net\/portal\/2024\/05\/14\/novio-de-odalys-sale-de-prision-y-vuelve-a-tocana\/"},"author":{"name":"Jeanette","@id":"https:\/\/www.eldiario.net\/portal\/#\/schema\/person\/f46445640444750d7d753ccd04ae01b7"},"headline":"Novio de Odalys sale de prisi\u00f3n y vuelve a Toca\u00f1a","datePublished":"2024-05-14T11:05:27+00:00","mainEntityOfPage":{"@id":"https:\/\/www.eldiario.net\/portal\/2024\/05\/14\/novio-de-odalys-sale-de-prision-y-vuelve-a-tocana\/"},"wordCount":291,"commentCount":0,"publisher":{"@id":"https:\/\/www.eldiario.net\/portal\/#organization"},"image":{"@id":"https:\/\/www.eldiario.net\/portal\/2024\/05\/14\/novio-de-odalys-sale-de-prision-y-vuelve-a-tocana\/#primaryimage"},"thumbnailUrl":"https:\/\/www.eldiario.net\/portal\/wp-content\/uploads\/2024\/05\/ODALYS-FOTO.jpg","articleSection":["Sociedad - Seguridad"],"inLanguage":"es","potentialAction":[{"@type":"CommentAction","name":"Comment","target":["https:\/\/www.eldiario.net\/portal\/2024\/05\/14\/novio-de-odalys-sale-de-prision-y-vuelve-a-tocana\/#respond"]}]},{"@type":"WebPage","@id":"https:\/\/www.eldiario.net\/portal\/2024\/05\/14\/novio-de-odalys-sale-de-prision-y-vuelve-a-tocana\/","url":"https:\/\/www.eldiario.net\/portal\/2024\/05\/14\/novio-de-odalys-sale-de-prision-y-vuelve-a-tocana\/","name":"Novio de Odalys sale de prisi\u00f3n y vuelve a Toca\u00f1a - El Diario - Bolivia","isPartOf":{"@id":"https:\/\/www.eldiario.net\/portal\/#website"},"primaryImageOfPage":{"@id":"https:\/\/www.eldiario.net\/portal\/2024\/05\/14\/novio-de-odalys-sale-de-prision-y-vuelve-a-tocana\/#primaryimage"},"image":{"@id":"https:\/\/www.eldiario.net\/portal\/2024\/05\/14\/novio-de-odalys-sale-de-prision-y-vuelve-a-tocana\/#primaryimage"},"thumbnailUrl":"https:\/\/www.eldiario.net\/portal\/wp-content\/uploads\/2024\/05\/ODALYS-FOTO.jpg","datePublished":"2024-05-14T11:05:27+00:00","breadcrumb":{"@id":"https:\/\/www.eldiario.net\/portal\/2024\/05\/14\/novio-de-odalys-sale-de-prision-y-vuelve-a-tocana\/#breadcrumb"},"inLanguage":"es","potentialAction":[{"@type":"ReadAction","target":["https:\/\/www.eldiario.net\/portal\/2024\/05\/14\/novio-de-odalys-sale-de-prision-y-vuelve-a-tocana\/"]}]},{"@type":"ImageObject","inLanguage":"es","@id":"https:\/\/www.eldiario.net\/portal\/2024\/05\/14\/novio-de-odalys-sale-de-prision-y-vuelve-a-tocana\/#primaryimage","url":"https:\/\/www.eldiario.net\/portal\/wp-content\/uploads\/2024\/05\/ODALYS-FOTO.jpg","contentUrl":"https:\/\/www.eldiario.net\/portal\/wp-content\/uploads\/2024\/05\/ODALYS-FOTO.jpg","width":1280,"height":545,"caption":"Joel P., \u00faltima pareja sentimental de la desaparecida. Cr\u00e9ditos: Ministerio de Gobierno"},{"@type":"BreadcrumbList","@id":"https:\/\/www.eldiario.net\/portal\/2024\/05\/14\/novio-de-odalys-sale-de-prision-y-vuelve-a-tocana\/#breadcrumb","itemListElement":[{"@type":"ListItem","position":1,"name":"Portada","item":"https:\/\/www.eldiario.net\/portal\/"},{"@type":"ListItem","position":2,"name":"Novio de Odalys sale de prisi\u00f3n y vuelve a Toca\u00f1a"}]},{"@type":"WebSite","@id":"https:\/\/www.eldiario.net\/portal\/#website","url":"https:\/\/www.eldiario.net\/portal\/","name":"El Diario - Decano de la prensa nacional","description":"El Diario - Decano de la prensa nacional","publisher":{"@id":"https:\/\/www.eldiario.net\/portal\/#organization"},"potentialAction":[{"@type":"SearchAction","target":{"@type":"EntryPoint","urlTemplate":"https:\/\/www.eldiario.net\/portal\/?s={search_term_string}"},"query-input":{"@type":"PropertyValueSpecification","valueRequired":true,"valueName":"search_term_string"}}],"inLanguage":"es"},{"@type":"Organization","@id":"https:\/\/www.eldiario.net\/portal\/#organization","name":"El Diario - Decano de la prensa nacional","url":"https:\/\/www.eldiario.net\/portal\/","logo":{"@type":"ImageObject","inLanguage":"es","@id":"https:\/\/www.eldiario.net\/portal\/#\/schema\/logo\/image\/","url":"https:\/\/www.eldiario.net\/portal\/wp-content\/uploads\/2023\/07\/logo_ED.jpg","contentUrl":"https:\/\/www.eldiario.net\/portal\/wp-content\/uploads\/2023\/07\/logo_ED.jpg","width":272,"height":52,"caption":"El Diario - Decano de la prensa nacional"},"image":{"@id":"https:\/\/www.eldiario.net\/portal\/#\/schema\/logo\/image\/"},"sameAs":["https:\/\/www.facebook.com\/eldiario.bolivia\/","https:\/\/x.com\/eldiario_net"]},{"@type":"Person","@id":"https:\/\/www.eldiario.net\/portal\/#\/schema\/person\/f46445640444750d7d753ccd04ae01b7","name":"Jeanette","image":{"@type":"ImageObject","inLanguage":"es","@id":"https:\/\/secure.gravatar.com\/avatar\/3ea2118a5f7dad2b7138b1187a6b7ee55f160b9968b66013c3a3ef39dd7e5798?s=96&d=mm&r=g","url":"https:\/\/secure.gravatar.com\/avatar\/3ea2118a5f7dad2b7138b1187a6b7ee55f160b9968b66013c3a3ef39dd7e5798?s=96&d=mm&r=g","contentUrl":"https:\/\/secure.gravatar.com\/avatar\/3ea2118a5f7dad2b7138b1187a6b7ee55f160b9968b66013c3a3ef39dd7e5798?s=96&d=mm&r=g","caption":"Jeanette"},"sameAs":["https:\/\/www.eldiario.net\/portal"],"url":"https:\/\/www.eldiario.net\/portal\/author\/jeanette\/"}]}},"_links":{"self":[{"href":"https:\/\/www.eldiario.net\/portal\/wp-json\/wp\/v2\/posts\/220443","targetHints":{"allow":["GET"]}}],"collection":[{"href":"https:\/\/www.eldiario.net\/portal\/wp-json\/wp\/v2\/posts"}],"about":[{"href":"https:\/\/www.eldiario.net\/portal\/wp-json\/wp\/v2\/types\/post"}],"author":[{"embeddable":true,"href":"https:\/\/www.eldiario.net\/portal\/wp-json\/wp\/v2\/users\/1"}],"replies":[{"embeddable":true,"href":"https:\/\/www.eldiario.net\/portal\/wp-json\/wp\/v2\/comments?post=220443"}],"version-history":[{"count":1,"href":"https:\/\/www.eldiario.net\/portal\/wp-json\/wp\/v2\/posts\/220443\/revisions"}],"predecessor-version":[{"id":220445,"href":"https:\/\/www.eldiario.net\/portal\/wp-json\/wp\/v2\/posts\/220443\/revisions\/220445"}],"wp:featuredmedia":[{"embeddable":true,"href":"https:\/\/www.eldiario.net\/portal\/wp-json\/wp\/v2\/media\/220444"}],"wp:attachment":[{"href":"https:\/\/www.eldiario.net\/portal\/wp-json\/wp\/v2\/media?parent=220443"}],"wp:term":[{"taxonomy":"category","embeddable":true,"href":"https:\/\/www.eldiario.net\/portal\/wp-json\/wp\/v2\/categories?post=220443"},{"taxonomy":"post_tag","embeddable":true,"href":"https:\/\/www.eldiario.net\/portal\/wp-json\/wp\/v2\/tags?post=220443"}],"curies":[{"name":"wp","href":"https:\/\/api.w.org\/{rel}","templated":true}]}}