{"id":220436,"date":"2024-05-14T06:19:48","date_gmt":"2024-05-14T10:19:48","guid":{"rendered":"https:\/\/www.eldiario.net\/portal\/?p=220436"},"modified":"2024-05-14T06:19:48","modified_gmt":"2024-05-14T10:19:48","slug":"estamos-cerca-del-populismo","status":"publish","type":"post","link":"https:\/\/www.eldiario.net\/portal\/2024\/05\/14\/estamos-cerca-del-populismo\/","title":{"rendered":"\u00bfEstamos cerca del populismo?"},"content":{"rendered":"<p>En el complejo panorama pol\u00edtico global, el populismo ha surgido como una fuerza influyente que desaf\u00eda las estructuras tradicionales y redefine el paisaje pol\u00edtico.<\/p>\n<p>El populismo, como fen\u00f3meno pol\u00edtico, a menudo surge en contextos de descontento social y pol\u00edtico, donde las masas se sienten alienadas o marginadas por las \u00e9lites gobernantes. En este escenario, los l\u00edderes populistas emergen como figuras carism\u00e1ticas capaces de capitalizar ese malestar y canalizarlo hacia un movimiento pol\u00edtico. Estos l\u00edderes se presentan como la voz aut\u00e9ntica del pueblo, en contraposici\u00f3n a una \u00e9lite corrupta o desconectada de las necesidades y preocupaciones de la gente com\u00fan. Utilizan un lenguaje accesible y emocional para comunicarse con las masas, simplificando los problemas complejos y ofreciendo soluciones directas que resuenan con las emociones y las aspiraciones del pueblo.<\/p>\n<p>La divisi\u00f3n binaria entre \u00abnosotros\u00bb y \u00abellos\u00bb es una caracter\u00edstica central del discurso populista. Esta dicotom\u00eda simplista polariza la sociedad y fomenta la confrontaci\u00f3n entre diferentes grupos sociales y pol\u00edticos. Los l\u00edderes populistas tienden a pintar a sus oponentes como enemigos del pueblo, perpetuando as\u00ed la percepci\u00f3n de una lucha entre el bien y el mal, lo que puede exacerbar la hostilidad y la desconfianza en la sociedad. En lugar de abordar los problemas de manera racional y constructiva, el populismo se basa en la manipulaci\u00f3n emocional y la ret\u00f3rica incendiaria para consolidar su base de apoyo y mantenerse en el poder.<\/p>\n<p>Por otra parte, la desconfianza y el menosprecio hacia las instituciones democr\u00e1ticas son rasgos comunes en los l\u00edderes populistas. Ven a estas instituciones como obst\u00e1culos para su agenda pol\u00edtica y como herramientas de las \u00e9lites corruptas que buscan mantener su control sobre el sistema. Los l\u00edderes populistas a menudo buscan debilitar la independencia y la credibilidad del poder judicial, los medios de comunicaci\u00f3n independientes y la sociedad civil, socavando as\u00ed los pilares fundamentales de la democracia. Adem\u00e1s, recurren a pol\u00edticas clientelistas para asegurar el apoyo de sectores espec\u00edficos de la sociedad, distribuyendo beneficios y favores en lugar de promover pol\u00edticas p\u00fablicas basadas en el inter\u00e9s general y el bienestar de toda la poblaci\u00f3n.<\/p>\n<p>Identificar pa\u00edses con tendencias \u00abpopulistas\u00bb es un ejercicio complejo, sujeto a diversas interpretaciones y enfoques. Algunos ejemplos incluyen Estados Unidos, bajo la presidencia de Donald Trump, cuya ret\u00f3rica <em>antiestablishment<\/em>, polarizaci\u00f3n pol\u00edtica y liderazgo carism\u00e1tico se destacaron, promoviendo un discurso nacionalista y antiinmigrante. En Brasil, Jair Bolsonaro ha sido catalogado como populista debido a su discurso polarizador, estilo autoritario y enfoque en la lucha contra la corrupci\u00f3n y la delincuencia, promoviendo pol\u00edticas conservadoras en seguridad p\u00fablica y derechos humanos.<\/p>\n<p>En Venezuela, durante los gobiernos de Hugo Ch\u00e1vez y Nicol\u00e1s Maduro, se observ\u00f3 un populismo de izquierda, caracterizado por un discurso antiimperialista y antiolig\u00e1rquico, con promesas de empoderar a las clases populares y redistribuir la riqueza mediante programas sociales y nacionalizaciones. Argentina, bajo el gobierno de Cristina Fern\u00e1ndez de Kirchner y su sucesor, Alberto Fern\u00e1ndez, tambi\u00e9n ha mostrado elementos populistas en su ret\u00f3rica antielitista, polarizaci\u00f3n pol\u00edtica y pol\u00edticas econ\u00f3micas intervencionistas, como controles de precios y subsidios masivos.<\/p>\n<p>Asimismo, Hungr\u00eda, liderada por Viktor Orb\u00e1n, ha sido criticada por su liderazgo autoritario, ret\u00f3rica nacionalista y pol\u00edticas antiinmigraci\u00f3n, socavando las instituciones democr\u00e1ticas y limitando la libertad de prensa y la independencia judicial.<\/p>\n<p>La caracterizaci\u00f3n de Bolivia como \u00abpopulista\u00bb es un tema complicado y puede depender de diversos factores pol\u00edticos, econ\u00f3micos y sociales. Si bien el pa\u00eds ha experimentado momentos y l\u00edderes pol\u00edticos con ciertos rasgos populistas, como la ret\u00f3rica \u201cantisistema\u201d, la polarizaci\u00f3n pol\u00edtica y el enfoque en la conexi\u00f3n emocional con las masas, no se puede hacer una afirmaci\u00f3n categ\u00f3rica.<\/p>\n<p>Hemos pasado por cambios significativos en la escena pol\u00edtica en los \u00faltimos a\u00f1os, incluida la presidencia de Evo Morales y el gobierno interino de Jeanine \u00c1\u00f1ez, cada uno con enfoques pol\u00edticos y estilos de liderazgo distintos. Si bien Morales fue considerado por algunos como un l\u00edder populista por su discurso en\u00e9rgico y su apelaci\u00f3n directa a las clases populares, su gobierno tambi\u00e9n implement\u00f3 pol\u00edticas sociales y econ\u00f3micas que buscaban beneficiar a los sectores m\u00e1s vulnerables de la sociedad.<\/p>\n<p>Por otro lado, \u00c1\u00f1ez se centr\u00f3 en la restauraci\u00f3n del orden democr\u00e1tico y la estabilidad pol\u00edtica despu\u00e9s de la renuncia de Morales en medio de controversias electorales. Durante su breve mandato, se adoptaron medidas para convocar nuevas elecciones y restaurar la confianza en las instituciones democr\u00e1ticas del pa\u00eds.<\/p>\n<p>En el gobierno de Luis Arce, es necesario observar de cerca tanto las pol\u00edticas implementadas como su estilo de liderazgo para determinar si muestran tendencias populistas. Sin embargo, debido a la complejidad del escenario pol\u00edtico actual, cualquier afirmaci\u00f3n definitiva sobre si su gobierno es populista o no requiere un an\u00e1lisis m\u00e1s exhaustivo y cuidadoso que considere diversos aspectos pol\u00edticos, econ\u00f3micos y sociales, que anteriormente fueron se\u00f1alados.<\/p>\n<p>&nbsp;<\/p>\n<p><em>El autor es polit\u00f3logo-abogado y docente universitario. <\/em><\/p>\n<p>rcoteja100@gmail.com<\/p>\n","protected":false},"excerpt":{"rendered":"<p>En el complejo panorama pol\u00edtico global, el populismo ha surgido como una fuerza influyente que desaf\u00eda las estructuras tradicionales y redefine el paisaje pol\u00edtico. El populismo, como fen\u00f3meno pol\u00edtico, a menudo surge en contextos de descontento social y pol\u00edtico, donde las masas se sienten alienadas o marginadas por las \u00e9lites gobernantes. En este escenario, los [&hellip;]<\/p>\n","protected":false},"author":1,"featured_media":163307,"comment_status":"open","ping_status":"open","sticky":false,"template":"","format":"standard","meta":{"_acf_changed":false,"footnotes":""},"categories":[9],"tags":[],"class_list":["post-220436","post","type-post","status-publish","format-standard","has-post-thumbnail","category-opinion"],"acf":{"antetitulo":""},"yoast_head":"<!-- This site is optimized with the Yoast SEO plugin v28.4 - https:\/\/yoast.com\/product\/yoast-seo-wordpress\/ -->\n<title>\u00bfEstamos cerca del populismo? - El Diario - Bolivia<\/title>\n<meta name=\"robots\" content=\"index, follow, max-snippet:-1, max-image-preview:large, max-video-preview:-1\" \/>\n<link rel=\"canonical\" href=\"https:\/\/www.eldiario.net\/portal\/2024\/05\/14\/estamos-cerca-del-populismo\/\" \/>\n<meta property=\"og:locale\" content=\"es_ES\" \/>\n<meta property=\"og:type\" content=\"article\" \/>\n<meta property=\"og:title\" content=\"\u00bfEstamos cerca del populismo? - El Diario - Bolivia\" \/>\n<meta property=\"og:description\" content=\"En el complejo panorama pol\u00edtico global, el populismo ha surgido como una fuerza influyente que desaf\u00eda las estructuras tradicionales y redefine el paisaje pol\u00edtico. El populismo, como fen\u00f3meno pol\u00edtico, a menudo surge en contextos de descontento social y pol\u00edtico, donde las masas se sienten alienadas o marginadas por las \u00e9lites gobernantes. En este escenario, los [&hellip;]\" \/>\n<meta property=\"og:url\" content=\"https:\/\/www.eldiario.net\/portal\/2024\/05\/14\/estamos-cerca-del-populismo\/\" \/>\n<meta property=\"og:site_name\" content=\"El Diario - Bolivia\" \/>\n<meta property=\"article:publisher\" content=\"https:\/\/www.facebook.com\/eldiario.bolivia\/\" \/>\n<meta property=\"article:published_time\" content=\"2024-05-14T10:19:48+00:00\" \/>\n<meta property=\"og:image\" content=\"https:\/\/www.eldiario.net\/portal\/wp-content\/uploads\/2023\/07\/Rolando-Coteja-Mollo2.jpg\" \/>\n\t<meta property=\"og:image:width\" content=\"1200\" \/>\n\t<meta property=\"og:image:height\" content=\"628\" \/>\n\t<meta property=\"og:image:type\" content=\"image\/jpeg\" \/>\n<meta name=\"author\" content=\"Jeanette\" \/>\n<meta name=\"twitter:card\" content=\"summary_large_image\" \/>\n<meta name=\"twitter:creator\" content=\"@eldiario_net\" \/>\n<meta name=\"twitter:site\" content=\"@eldiario_net\" \/>\n<meta name=\"twitter:label1\" content=\"Escrito por\" \/>\n\t<meta name=\"twitter:data1\" content=\"Jeanette\" \/>\n\t<meta name=\"twitter:label2\" content=\"Tiempo de lectura\" \/>\n\t<meta name=\"twitter:data2\" content=\"4 minutos\" \/>\n<script type=\"application\/ld+json\" class=\"yoast-schema-graph\">{\"@context\":\"https:\\\/\\\/schema.org\",\"@graph\":[{\"@type\":\"Article\",\"@id\":\"https:\\\/\\\/www.eldiario.net\\\/portal\\\/2024\\\/05\\\/14\\\/estamos-cerca-del-populismo\\\/#article\",\"isPartOf\":{\"@id\":\"https:\\\/\\\/www.eldiario.net\\\/portal\\\/2024\\\/05\\\/14\\\/estamos-cerca-del-populismo\\\/\"},\"author\":{\"name\":\"Jeanette\",\"@id\":\"https:\\\/\\\/www.eldiario.net\\\/portal\\\/#\\\/schema\\\/person\\\/f46445640444750d7d753ccd04ae01b7\"},\"headline\":\"\u00bfEstamos cerca del populismo?\",\"datePublished\":\"2024-05-14T10:19:48+00:00\",\"mainEntityOfPage\":{\"@id\":\"https:\\\/\\\/www.eldiario.net\\\/portal\\\/2024\\\/05\\\/14\\\/estamos-cerca-del-populismo\\\/\"},\"wordCount\":892,\"commentCount\":0,\"publisher\":{\"@id\":\"https:\\\/\\\/www.eldiario.net\\\/portal\\\/#organization\"},\"image\":{\"@id\":\"https:\\\/\\\/www.eldiario.net\\\/portal\\\/2024\\\/05\\\/14\\\/estamos-cerca-del-populismo\\\/#primaryimage\"},\"thumbnailUrl\":\"https:\\\/\\\/www.eldiario.net\\\/portal\\\/wp-content\\\/uploads\\\/2023\\\/07\\\/Rolando-Coteja-Mollo2.jpg\",\"articleSection\":[\"Opini\u00f3n\"],\"inLanguage\":\"es\",\"potentialAction\":[{\"@type\":\"CommentAction\",\"name\":\"Comment\",\"target\":[\"https:\\\/\\\/www.eldiario.net\\\/portal\\\/2024\\\/05\\\/14\\\/estamos-cerca-del-populismo\\\/#respond\"]}]},{\"@type\":\"WebPage\",\"@id\":\"https:\\\/\\\/www.eldiario.net\\\/portal\\\/2024\\\/05\\\/14\\\/estamos-cerca-del-populismo\\\/\",\"url\":\"https:\\\/\\\/www.eldiario.net\\\/portal\\\/2024\\\/05\\\/14\\\/estamos-cerca-del-populismo\\\/\",\"name\":\"\u00bfEstamos cerca del populismo? - El Diario - Bolivia\",\"isPartOf\":{\"@id\":\"https:\\\/\\\/www.eldiario.net\\\/portal\\\/#website\"},\"primaryImageOfPage\":{\"@id\":\"https:\\\/\\\/www.eldiario.net\\\/portal\\\/2024\\\/05\\\/14\\\/estamos-cerca-del-populismo\\\/#primaryimage\"},\"image\":{\"@id\":\"https:\\\/\\\/www.eldiario.net\\\/portal\\\/2024\\\/05\\\/14\\\/estamos-cerca-del-populismo\\\/#primaryimage\"},\"thumbnailUrl\":\"https:\\\/\\\/www.eldiario.net\\\/portal\\\/wp-content\\\/uploads\\\/2023\\\/07\\\/Rolando-Coteja-Mollo2.jpg\",\"datePublished\":\"2024-05-14T10:19:48+00:00\",\"breadcrumb\":{\"@id\":\"https:\\\/\\\/www.eldiario.net\\\/portal\\\/2024\\\/05\\\/14\\\/estamos-cerca-del-populismo\\\/#breadcrumb\"},\"inLanguage\":\"es\",\"potentialAction\":[{\"@type\":\"ReadAction\",\"target\":[\"https:\\\/\\\/www.eldiario.net\\\/portal\\\/2024\\\/05\\\/14\\\/estamos-cerca-del-populismo\\\/\"]}]},{\"@type\":\"ImageObject\",\"inLanguage\":\"es\",\"@id\":\"https:\\\/\\\/www.eldiario.net\\\/portal\\\/2024\\\/05\\\/14\\\/estamos-cerca-del-populismo\\\/#primaryimage\",\"url\":\"https:\\\/\\\/www.eldiario.net\\\/portal\\\/wp-content\\\/uploads\\\/2023\\\/07\\\/Rolando-Coteja-Mollo2.jpg\",\"contentUrl\":\"https:\\\/\\\/www.eldiario.net\\\/portal\\\/wp-content\\\/uploads\\\/2023\\\/07\\\/Rolando-Coteja-Mollo2.jpg\",\"width\":1200,\"height\":628,\"caption\":\"Rolando Coteja Mollo\"},{\"@type\":\"BreadcrumbList\",\"@id\":\"https:\\\/\\\/www.eldiario.net\\\/portal\\\/2024\\\/05\\\/14\\\/estamos-cerca-del-populismo\\\/#breadcrumb\",\"itemListElement\":[{\"@type\":\"ListItem\",\"position\":1,\"name\":\"Portada\",\"item\":\"https:\\\/\\\/www.eldiario.net\\\/portal\\\/\"},{\"@type\":\"ListItem\",\"position\":2,\"name\":\"\u00bfEstamos cerca del populismo?\"}]},{\"@type\":\"WebSite\",\"@id\":\"https:\\\/\\\/www.eldiario.net\\\/portal\\\/#website\",\"url\":\"https:\\\/\\\/www.eldiario.net\\\/portal\\\/\",\"name\":\"El Diario - Decano de la prensa nacional\",\"description\":\"El Diario - Decano de la prensa nacional\",\"publisher\":{\"@id\":\"https:\\\/\\\/www.eldiario.net\\\/portal\\\/#organization\"},\"potentialAction\":[{\"@type\":\"SearchAction\",\"target\":{\"@type\":\"EntryPoint\",\"urlTemplate\":\"https:\\\/\\\/www.eldiario.net\\\/portal\\\/?s={search_term_string}\"},\"query-input\":{\"@type\":\"PropertyValueSpecification\",\"valueRequired\":true,\"valueName\":\"search_term_string\"}}],\"inLanguage\":\"es\"},{\"@type\":\"Organization\",\"@id\":\"https:\\\/\\\/www.eldiario.net\\\/portal\\\/#organization\",\"name\":\"El Diario - Decano de la prensa nacional\",\"url\":\"https:\\\/\\\/www.eldiario.net\\\/portal\\\/\",\"logo\":{\"@type\":\"ImageObject\",\"inLanguage\":\"es\",\"@id\":\"https:\\\/\\\/www.eldiario.net\\\/portal\\\/#\\\/schema\\\/logo\\\/image\\\/\",\"url\":\"https:\\\/\\\/www.eldiario.net\\\/portal\\\/wp-content\\\/uploads\\\/2023\\\/07\\\/logo_ED.jpg\",\"contentUrl\":\"https:\\\/\\\/www.eldiario.net\\\/portal\\\/wp-content\\\/uploads\\\/2023\\\/07\\\/logo_ED.jpg\",\"width\":272,\"height\":52,\"caption\":\"El Diario - Decano de la prensa nacional\"},\"image\":{\"@id\":\"https:\\\/\\\/www.eldiario.net\\\/portal\\\/#\\\/schema\\\/logo\\\/image\\\/\"},\"sameAs\":[\"https:\\\/\\\/www.facebook.com\\\/eldiario.bolivia\\\/\",\"https:\\\/\\\/x.com\\\/eldiario_net\"]},{\"@type\":\"Person\",\"@id\":\"https:\\\/\\\/www.eldiario.net\\\/portal\\\/#\\\/schema\\\/person\\\/f46445640444750d7d753ccd04ae01b7\",\"name\":\"Jeanette\",\"image\":{\"@type\":\"ImageObject\",\"inLanguage\":\"es\",\"@id\":\"https:\\\/\\\/secure.gravatar.com\\\/avatar\\\/3ea2118a5f7dad2b7138b1187a6b7ee55f160b9968b66013c3a3ef39dd7e5798?s=96&d=mm&r=g\",\"url\":\"https:\\\/\\\/secure.gravatar.com\\\/avatar\\\/3ea2118a5f7dad2b7138b1187a6b7ee55f160b9968b66013c3a3ef39dd7e5798?s=96&d=mm&r=g\",\"contentUrl\":\"https:\\\/\\\/secure.gravatar.com\\\/avatar\\\/3ea2118a5f7dad2b7138b1187a6b7ee55f160b9968b66013c3a3ef39dd7e5798?s=96&d=mm&r=g\",\"caption\":\"Jeanette\"},\"sameAs\":[\"https:\\\/\\\/www.eldiario.net\\\/portal\"],\"url\":\"https:\\\/\\\/www.eldiario.net\\\/portal\\\/author\\\/jeanette\\\/\"}]}<\/script>\n<!-- \/ Yoast SEO plugin. -->","yoast_head_json":{"title":"\u00bfEstamos cerca del populismo? - El Diario - Bolivia","robots":{"index":"index","follow":"follow","max-snippet":"max-snippet:-1","max-image-preview":"max-image-preview:large","max-video-preview":"max-video-preview:-1"},"canonical":"https:\/\/www.eldiario.net\/portal\/2024\/05\/14\/estamos-cerca-del-populismo\/","og_locale":"es_ES","og_type":"article","og_title":"\u00bfEstamos cerca del populismo? - El Diario - Bolivia","og_description":"En el complejo panorama pol\u00edtico global, el populismo ha surgido como una fuerza influyente que desaf\u00eda las estructuras tradicionales y redefine el paisaje pol\u00edtico. El populismo, como fen\u00f3meno pol\u00edtico, a menudo surge en contextos de descontento social y pol\u00edtico, donde las masas se sienten alienadas o marginadas por las \u00e9lites gobernantes. En este escenario, los [&hellip;]","og_url":"https:\/\/www.eldiario.net\/portal\/2024\/05\/14\/estamos-cerca-del-populismo\/","og_site_name":"El Diario - Bolivia","article_publisher":"https:\/\/www.facebook.com\/eldiario.bolivia\/","article_published_time":"2024-05-14T10:19:48+00:00","og_image":[{"width":1200,"height":628,"url":"https:\/\/www.eldiario.net\/portal\/wp-content\/uploads\/2023\/07\/Rolando-Coteja-Mollo2.jpg","type":"image\/jpeg"}],"author":"Jeanette","twitter_card":"summary_large_image","twitter_creator":"@eldiario_net","twitter_site":"@eldiario_net","twitter_misc":{"Escrito por":"Jeanette","Tiempo de lectura":"4 minutos"},"schema":{"@context":"https:\/\/schema.org","@graph":[{"@type":"Article","@id":"https:\/\/www.eldiario.net\/portal\/2024\/05\/14\/estamos-cerca-del-populismo\/#article","isPartOf":{"@id":"https:\/\/www.eldiario.net\/portal\/2024\/05\/14\/estamos-cerca-del-populismo\/"},"author":{"name":"Jeanette","@id":"https:\/\/www.eldiario.net\/portal\/#\/schema\/person\/f46445640444750d7d753ccd04ae01b7"},"headline":"\u00bfEstamos cerca del populismo?","datePublished":"2024-05-14T10:19:48+00:00","mainEntityOfPage":{"@id":"https:\/\/www.eldiario.net\/portal\/2024\/05\/14\/estamos-cerca-del-populismo\/"},"wordCount":892,"commentCount":0,"publisher":{"@id":"https:\/\/www.eldiario.net\/portal\/#organization"},"image":{"@id":"https:\/\/www.eldiario.net\/portal\/2024\/05\/14\/estamos-cerca-del-populismo\/#primaryimage"},"thumbnailUrl":"https:\/\/www.eldiario.net\/portal\/wp-content\/uploads\/2023\/07\/Rolando-Coteja-Mollo2.jpg","articleSection":["Opini\u00f3n"],"inLanguage":"es","potentialAction":[{"@type":"CommentAction","name":"Comment","target":["https:\/\/www.eldiario.net\/portal\/2024\/05\/14\/estamos-cerca-del-populismo\/#respond"]}]},{"@type":"WebPage","@id":"https:\/\/www.eldiario.net\/portal\/2024\/05\/14\/estamos-cerca-del-populismo\/","url":"https:\/\/www.eldiario.net\/portal\/2024\/05\/14\/estamos-cerca-del-populismo\/","name":"\u00bfEstamos cerca del populismo? - El Diario - Bolivia","isPartOf":{"@id":"https:\/\/www.eldiario.net\/portal\/#website"},"primaryImageOfPage":{"@id":"https:\/\/www.eldiario.net\/portal\/2024\/05\/14\/estamos-cerca-del-populismo\/#primaryimage"},"image":{"@id":"https:\/\/www.eldiario.net\/portal\/2024\/05\/14\/estamos-cerca-del-populismo\/#primaryimage"},"thumbnailUrl":"https:\/\/www.eldiario.net\/portal\/wp-content\/uploads\/2023\/07\/Rolando-Coteja-Mollo2.jpg","datePublished":"2024-05-14T10:19:48+00:00","breadcrumb":{"@id":"https:\/\/www.eldiario.net\/portal\/2024\/05\/14\/estamos-cerca-del-populismo\/#breadcrumb"},"inLanguage":"es","potentialAction":[{"@type":"ReadAction","target":["https:\/\/www.eldiario.net\/portal\/2024\/05\/14\/estamos-cerca-del-populismo\/"]}]},{"@type":"ImageObject","inLanguage":"es","@id":"https:\/\/www.eldiario.net\/portal\/2024\/05\/14\/estamos-cerca-del-populismo\/#primaryimage","url":"https:\/\/www.eldiario.net\/portal\/wp-content\/uploads\/2023\/07\/Rolando-Coteja-Mollo2.jpg","contentUrl":"https:\/\/www.eldiario.net\/portal\/wp-content\/uploads\/2023\/07\/Rolando-Coteja-Mollo2.jpg","width":1200,"height":628,"caption":"Rolando Coteja Mollo"},{"@type":"BreadcrumbList","@id":"https:\/\/www.eldiario.net\/portal\/2024\/05\/14\/estamos-cerca-del-populismo\/#breadcrumb","itemListElement":[{"@type":"ListItem","position":1,"name":"Portada","item":"https:\/\/www.eldiario.net\/portal\/"},{"@type":"ListItem","position":2,"name":"\u00bfEstamos cerca del populismo?"}]},{"@type":"WebSite","@id":"https:\/\/www.eldiario.net\/portal\/#website","url":"https:\/\/www.eldiario.net\/portal\/","name":"El Diario - Decano de la prensa nacional","description":"El Diario - Decano de la prensa nacional","publisher":{"@id":"https:\/\/www.eldiario.net\/portal\/#organization"},"potentialAction":[{"@type":"SearchAction","target":{"@type":"EntryPoint","urlTemplate":"https:\/\/www.eldiario.net\/portal\/?s={search_term_string}"},"query-input":{"@type":"PropertyValueSpecification","valueRequired":true,"valueName":"search_term_string"}}],"inLanguage":"es"},{"@type":"Organization","@id":"https:\/\/www.eldiario.net\/portal\/#organization","name":"El Diario - Decano de la prensa nacional","url":"https:\/\/www.eldiario.net\/portal\/","logo":{"@type":"ImageObject","inLanguage":"es","@id":"https:\/\/www.eldiario.net\/portal\/#\/schema\/logo\/image\/","url":"https:\/\/www.eldiario.net\/portal\/wp-content\/uploads\/2023\/07\/logo_ED.jpg","contentUrl":"https:\/\/www.eldiario.net\/portal\/wp-content\/uploads\/2023\/07\/logo_ED.jpg","width":272,"height":52,"caption":"El Diario - Decano de la prensa nacional"},"image":{"@id":"https:\/\/www.eldiario.net\/portal\/#\/schema\/logo\/image\/"},"sameAs":["https:\/\/www.facebook.com\/eldiario.bolivia\/","https:\/\/x.com\/eldiario_net"]},{"@type":"Person","@id":"https:\/\/www.eldiario.net\/portal\/#\/schema\/person\/f46445640444750d7d753ccd04ae01b7","name":"Jeanette","image":{"@type":"ImageObject","inLanguage":"es","@id":"https:\/\/secure.gravatar.com\/avatar\/3ea2118a5f7dad2b7138b1187a6b7ee55f160b9968b66013c3a3ef39dd7e5798?s=96&d=mm&r=g","url":"https:\/\/secure.gravatar.com\/avatar\/3ea2118a5f7dad2b7138b1187a6b7ee55f160b9968b66013c3a3ef39dd7e5798?s=96&d=mm&r=g","contentUrl":"https:\/\/secure.gravatar.com\/avatar\/3ea2118a5f7dad2b7138b1187a6b7ee55f160b9968b66013c3a3ef39dd7e5798?s=96&d=mm&r=g","caption":"Jeanette"},"sameAs":["https:\/\/www.eldiario.net\/portal"],"url":"https:\/\/www.eldiario.net\/portal\/author\/jeanette\/"}]}},"_links":{"self":[{"href":"https:\/\/www.eldiario.net\/portal\/wp-json\/wp\/v2\/posts\/220436","targetHints":{"allow":["GET"]}}],"collection":[{"href":"https:\/\/www.eldiario.net\/portal\/wp-json\/wp\/v2\/posts"}],"about":[{"href":"https:\/\/www.eldiario.net\/portal\/wp-json\/wp\/v2\/types\/post"}],"author":[{"embeddable":true,"href":"https:\/\/www.eldiario.net\/portal\/wp-json\/wp\/v2\/users\/1"}],"replies":[{"embeddable":true,"href":"https:\/\/www.eldiario.net\/portal\/wp-json\/wp\/v2\/comments?post=220436"}],"version-history":[{"count":1,"href":"https:\/\/www.eldiario.net\/portal\/wp-json\/wp\/v2\/posts\/220436\/revisions"}],"predecessor-version":[{"id":220437,"href":"https:\/\/www.eldiario.net\/portal\/wp-json\/wp\/v2\/posts\/220436\/revisions\/220437"}],"wp:featuredmedia":[{"embeddable":true,"href":"https:\/\/www.eldiario.net\/portal\/wp-json\/wp\/v2\/media\/163307"}],"wp:attachment":[{"href":"https:\/\/www.eldiario.net\/portal\/wp-json\/wp\/v2\/media?parent=220436"}],"wp:term":[{"taxonomy":"category","embeddable":true,"href":"https:\/\/www.eldiario.net\/portal\/wp-json\/wp\/v2\/categories?post=220436"},{"taxonomy":"post_tag","embeddable":true,"href":"https:\/\/www.eldiario.net\/portal\/wp-json\/wp\/v2\/tags?post=220436"}],"curies":[{"name":"wp","href":"https:\/\/api.w.org\/{rel}","templated":true}]}}