{"id":220434,"date":"2024-05-14T06:19:11","date_gmt":"2024-05-14T10:19:11","guid":{"rendered":"https:\/\/www.eldiario.net\/portal\/?p=220434"},"modified":"2024-05-14T06:19:11","modified_gmt":"2024-05-14T10:19:11","slug":"arce-esta-en-la-cuerda-floja","status":"publish","type":"post","link":"https:\/\/www.eldiario.net\/portal\/2024\/05\/14\/arce-esta-en-la-cuerda-floja\/","title":{"rendered":"Arce est\u00e1 en la cuerda floja"},"content":{"rendered":"<p>El \u00faltimo ciclo del MAS, marca el final de una \u00e9poca en la triste historia de Bolivia. Todo el pa\u00eds califica la corrupci\u00f3n presidencial como inconcebible y maldita, nos hemos quedado todos tan impresionados, confusos y apenados, que ya casi ni sabemos d\u00f3nde estamos. El gobierno del presidente Arce comete atrocidades dignas de ser consideradas como corrupci\u00f3n. El \u201cala evista\u201d y grupos de oposici\u00f3n, expresaron su total rechazo al Decreto Supremo 5.143, pues consideran que es inconstitucional y representa una amenaza para la propiedad privada en el pa\u00eds. Ante esta situaci\u00f3n, han sido anunciadas movilizaciones con el objetivo de lograr su abrogaci\u00f3n. Es decir, estos grupos antag\u00f3nicos se unen en contra de esta norma pol\u00e9mica 5.143, por lo que aqu\u00ed est\u00e1 sucediendo algo muy raro, pero en pol\u00edtica todo es posible. El objetivo es otro, este es solo un pretexto pol\u00edtico para desatar los m\u00e1s deplorables actos de corrupci\u00f3n pol\u00edtica.<\/p>\n<p>Muchos sectores amenazan con movilizaciones, si es que no es abrogado este decreto supremo. El 18 de mayo los \u201cevistas\u201d, definir\u00e1n acciones contra el ala \u201carcista\u201d. Al parecer todo esta fr\u00edamente calculado en cuanto a los tiempos pol\u00edticos, el TSE en 10 d\u00edas dar\u00e1 su palabra sobre la supervisi\u00f3n al congreso \u201carcista\u201d.<\/p>\n<p>Esto huele a peligro, al parecer el ex presidente Evo Morales est\u00e1 tocando todas las teclas posibles con el objetivo de salirse con la suya, el \u00fanico camino que le queda es la confrontaci\u00f3n y al parecer los partidos pol\u00edticos tradicionales de oposici\u00f3n le est\u00e1n siguiendo el juego. Seguramente Quintana y otros agitadores pol\u00edticos afines al ex mandatario desean decesos y bajas en el conflicto que est\u00e1n armando estrat\u00e9gicamente para convulsionar y desestabilizar el gobierno del presidente Arce, que cada vez m\u00e1s con sus desatinos y malos c\u00e1lculos, \u00e9l solito se est\u00e1 poniendo en la cuerda floja. Y la crisis econ\u00f3mica que estamos viviendo es el perfecto caldo de cultivo.<\/p>\n<p>La pol\u00edtica es el arte de lo posible y de lo imposible, por lo que todo indica que los \u201cevistas\u201d, en contubernio con los partidos tradicionales de oposici\u00f3n, est\u00e1n optando por la empresa pol\u00edtica de la conspiraci\u00f3n. Seg\u00fan c\u00e1lculos, ellos piensan que puede ser m\u00e1s f\u00e1cil concretarla. Es la \u00faltima carta que tiene el ex mandatario para volver al poder. Si todo sucede seg\u00fan sus planes, por sucesi\u00f3n constitucional Andr\u00f3nico Rodr\u00edguez se quedar\u00eda como presidente, ya que en este pa\u00eds se obliga a las personas a renunciar, aunque est\u00e9n en la l\u00ednea sucesoria, solo para satisfacer apetitos personales de poder. Rodr\u00edguez es el as que tiene Morales debajo de la manga para retornar al poder. Y para lograr este objetivo, los partidos pol\u00edticos tradicionales de oposici\u00f3n ser\u00e1n utilizados, claro, seguramente habr\u00e1 un acuerdo pol\u00edtico por detr\u00e1s, para repartirse la torta del poder, ya lo hicieron mediante el pacto pol\u00edtico, con la oposici\u00f3n de \u201cderecha\u201d en la Asamblea legislativa Plurinacional, para ganar la presidencia de la C\u00e1mara de Senadores. No olvidemos que Andr\u00f3nico Rodr\u00edguez representa el poder del chapare y del ex mandatario en el estado actual de cosas; a cambio de eso, los \u201cevistas\u201d comprometieron unas primarias abiertas. No se puede negociar ni pactar con la mafia. No puedes seguir la hoja de ruta cr\u00edtica que te marca el enemigo, porque tarde o temprano caer\u00e1s en la trampa. Abran los ojos, cuidado sea demasiado tarde.<\/p>\n<p>Bolivia, uno de los pa\u00edses m\u00e1s ricos en recursos naturales, se hundi\u00f3 en el narcotr\u00e1fico hace d\u00e9cadas, bajo el dominio de diferentes presidentes y se convirti\u00f3 en el para\u00edso de la corrupci\u00f3n gubernamental. Seguramente el poder del narcotr\u00e1fico utilizar\u00e1 todas las armas posibles para lograr el objetivo de hacer volver al ex mandatario a la silla presidencial nuevamente. Imagino el dinero que circular\u00e1 en las futuras movilizaciones que anuncia Morales, todo bajo la supervisi\u00f3n de los \u201ccapos\u201d y \u201cpeces gordos\u201d del narcotr\u00e1fico continental. Todos ellos saben el camino del dinero, de la corrupci\u00f3n que desv\u00eda nuestro destino. La conspiraci\u00f3n del crimen organizado internacional contra el pueblo boliviano es grande.<\/p>\n<p>El oscuro ex presidente, ha sometido a nuestro pa\u00eds a horrores y l\u00e1grimas por culpa del narcotr\u00e1fico. Recordemos que su guerra contra la corrupci\u00f3n fue un reverendo fracaso y la corrupci\u00f3n y la ineficiencia gubernamental del presidente Arce siguen triunfantes a lo largo y ancho de todo el pa\u00eds, pues nuestras riquezas naturales, las tierras ricas, ya fueron vendidas a empresas chinas. Bolivia est\u00e1 dominada por el abuso de poder desp\u00f3tico. Tanto \u201carcistas\u201d como \u201cevistas\u201d representan lo mismo, esa \u201celite masista\u201d que sigue gozando de privilegios y algunos se tratan como \u201cpr\u00edncipes\u201d, poni\u00e9ndose las camisetas de futbol del \u201cImperio colonialista\u201d, todo gracias al saqueo de tantos recursos econ\u00f3micos como naturales. Todos ellos han adquirido un master y hasta doctorado en la Administraci\u00f3n de la corrupci\u00f3n, todos son distinguidos y aplicados en todas las artes del contrabando, del narcotr\u00e1fico y del tr\u00e1fico de tierras y de personas para beneficio personal. \u201cBienvenidos a la Universidad del Crimen\u201d.<\/p>\n<p>El ex mandatario sabe c\u00f3mo aprovechar los acontecimientos, no porque sea inteligente, sino porque sus asesores cubanos saben c\u00f3mo Balcanizar el pa\u00eds, desmembrar el pa\u00eds en territorios y regiones, aceptando las situaciones tal y como vienen, siguiendo claramente el objetivo que es destruir la naci\u00f3n boliviana. Por ello se amoldar\u00e1 a las circunstancias, pactar\u00e1 con la supuesta \u201cderecha\u201d si es preciso, para utilizarlas, al prometerles repartirse la torta del poder. La ruina de Bolivia se confirma, la clase pol\u00edtica se ha convertido en el nido de los peores cr\u00edmenes; la perversi\u00f3n es contagiosa y pol\u00edticos de oposici\u00f3n asimilaron muy bien el sistema corrupto. Para defender este sistema corrupto todos ellos est\u00e1n obligados a recurrir a incontables inmoralidades, con el fin de preservar el mismo sistema corrupto de siempre, todo sobre la base de mentiras y traiciones a la Patria.<\/p>\n<p>&nbsp;<\/p>\n<p><em>Jhonny Vargas es Polit\u00f3logo y Docente de Postgrado.<\/em><\/p>\n","protected":false},"excerpt":{"rendered":"<p>El \u00faltimo ciclo del MAS, marca el final de una \u00e9poca en la triste historia de Bolivia. Todo el pa\u00eds califica la corrupci\u00f3n presidencial como inconcebible y maldita, nos hemos quedado todos tan impresionados, confusos y apenados, que ya casi ni sabemos d\u00f3nde estamos. El gobierno del presidente Arce comete atrocidades dignas de ser consideradas [&hellip;]<\/p>\n","protected":false},"author":1,"featured_media":167347,"comment_status":"open","ping_status":"open","sticky":false,"template":"","format":"standard","meta":{"_acf_changed":false,"footnotes":""},"categories":[9],"tags":[],"class_list":["post-220434","post","type-post","status-publish","format-standard","has-post-thumbnail","category-opinion"],"acf":{"antetitulo":""},"yoast_head":"<!-- This site is optimized with the Yoast SEO plugin v28.4 - https:\/\/yoast.com\/product\/yoast-seo-wordpress\/ -->\n<title>Arce est\u00e1 en la cuerda floja - El Diario - Bolivia<\/title>\n<meta name=\"robots\" content=\"index, follow, max-snippet:-1, max-image-preview:large, max-video-preview:-1\" \/>\n<link rel=\"canonical\" href=\"https:\/\/www.eldiario.net\/portal\/2024\/05\/14\/arce-esta-en-la-cuerda-floja\/\" \/>\n<meta property=\"og:locale\" content=\"es_ES\" \/>\n<meta property=\"og:type\" content=\"article\" \/>\n<meta property=\"og:title\" content=\"Arce est\u00e1 en la cuerda floja - El Diario - Bolivia\" \/>\n<meta property=\"og:description\" content=\"El \u00faltimo ciclo del MAS, marca el final de una \u00e9poca en la triste historia de Bolivia. Todo el pa\u00eds califica la corrupci\u00f3n presidencial como inconcebible y maldita, nos hemos quedado todos tan impresionados, confusos y apenados, que ya casi ni sabemos d\u00f3nde estamos. El gobierno del presidente Arce comete atrocidades dignas de ser consideradas [&hellip;]\" \/>\n<meta property=\"og:url\" content=\"https:\/\/www.eldiario.net\/portal\/2024\/05\/14\/arce-esta-en-la-cuerda-floja\/\" \/>\n<meta property=\"og:site_name\" content=\"El Diario - Bolivia\" \/>\n<meta property=\"article:publisher\" content=\"https:\/\/www.facebook.com\/eldiario.bolivia\/\" \/>\n<meta property=\"article:published_time\" content=\"2024-05-14T10:19:11+00:00\" \/>\n<meta property=\"og:image\" content=\"https:\/\/www.eldiario.net\/portal\/wp-content\/uploads\/2023\/07\/Jhonny-Vargas.jpg\" \/>\n\t<meta property=\"og:image:width\" content=\"1200\" \/>\n\t<meta property=\"og:image:height\" content=\"628\" \/>\n\t<meta property=\"og:image:type\" content=\"image\/jpeg\" \/>\n<meta name=\"author\" content=\"Jeanette\" \/>\n<meta name=\"twitter:card\" content=\"summary_large_image\" \/>\n<meta name=\"twitter:creator\" content=\"@eldiario_net\" \/>\n<meta name=\"twitter:site\" content=\"@eldiario_net\" \/>\n<meta name=\"twitter:label1\" content=\"Escrito por\" \/>\n\t<meta name=\"twitter:data1\" content=\"Jeanette\" \/>\n\t<meta name=\"twitter:label2\" content=\"Tiempo de lectura\" \/>\n\t<meta name=\"twitter:data2\" content=\"5 minutos\" \/>\n<script type=\"application\/ld+json\" class=\"yoast-schema-graph\">{\"@context\":\"https:\\\/\\\/schema.org\",\"@graph\":[{\"@type\":\"Article\",\"@id\":\"https:\\\/\\\/www.eldiario.net\\\/portal\\\/2024\\\/05\\\/14\\\/arce-esta-en-la-cuerda-floja\\\/#article\",\"isPartOf\":{\"@id\":\"https:\\\/\\\/www.eldiario.net\\\/portal\\\/2024\\\/05\\\/14\\\/arce-esta-en-la-cuerda-floja\\\/\"},\"author\":{\"name\":\"Jeanette\",\"@id\":\"https:\\\/\\\/www.eldiario.net\\\/portal\\\/#\\\/schema\\\/person\\\/f46445640444750d7d753ccd04ae01b7\"},\"headline\":\"Arce est\u00e1 en la cuerda floja\",\"datePublished\":\"2024-05-14T10:19:11+00:00\",\"mainEntityOfPage\":{\"@id\":\"https:\\\/\\\/www.eldiario.net\\\/portal\\\/2024\\\/05\\\/14\\\/arce-esta-en-la-cuerda-floja\\\/\"},\"wordCount\":1059,\"commentCount\":0,\"publisher\":{\"@id\":\"https:\\\/\\\/www.eldiario.net\\\/portal\\\/#organization\"},\"image\":{\"@id\":\"https:\\\/\\\/www.eldiario.net\\\/portal\\\/2024\\\/05\\\/14\\\/arce-esta-en-la-cuerda-floja\\\/#primaryimage\"},\"thumbnailUrl\":\"https:\\\/\\\/www.eldiario.net\\\/portal\\\/wp-content\\\/uploads\\\/2023\\\/07\\\/Jhonny-Vargas.jpg\",\"articleSection\":[\"Opini\u00f3n\"],\"inLanguage\":\"es\",\"potentialAction\":[{\"@type\":\"CommentAction\",\"name\":\"Comment\",\"target\":[\"https:\\\/\\\/www.eldiario.net\\\/portal\\\/2024\\\/05\\\/14\\\/arce-esta-en-la-cuerda-floja\\\/#respond\"]}]},{\"@type\":\"WebPage\",\"@id\":\"https:\\\/\\\/www.eldiario.net\\\/portal\\\/2024\\\/05\\\/14\\\/arce-esta-en-la-cuerda-floja\\\/\",\"url\":\"https:\\\/\\\/www.eldiario.net\\\/portal\\\/2024\\\/05\\\/14\\\/arce-esta-en-la-cuerda-floja\\\/\",\"name\":\"Arce est\u00e1 en la cuerda floja - El Diario - Bolivia\",\"isPartOf\":{\"@id\":\"https:\\\/\\\/www.eldiario.net\\\/portal\\\/#website\"},\"primaryImageOfPage\":{\"@id\":\"https:\\\/\\\/www.eldiario.net\\\/portal\\\/2024\\\/05\\\/14\\\/arce-esta-en-la-cuerda-floja\\\/#primaryimage\"},\"image\":{\"@id\":\"https:\\\/\\\/www.eldiario.net\\\/portal\\\/2024\\\/05\\\/14\\\/arce-esta-en-la-cuerda-floja\\\/#primaryimage\"},\"thumbnailUrl\":\"https:\\\/\\\/www.eldiario.net\\\/portal\\\/wp-content\\\/uploads\\\/2023\\\/07\\\/Jhonny-Vargas.jpg\",\"datePublished\":\"2024-05-14T10:19:11+00:00\",\"breadcrumb\":{\"@id\":\"https:\\\/\\\/www.eldiario.net\\\/portal\\\/2024\\\/05\\\/14\\\/arce-esta-en-la-cuerda-floja\\\/#breadcrumb\"},\"inLanguage\":\"es\",\"potentialAction\":[{\"@type\":\"ReadAction\",\"target\":[\"https:\\\/\\\/www.eldiario.net\\\/portal\\\/2024\\\/05\\\/14\\\/arce-esta-en-la-cuerda-floja\\\/\"]}]},{\"@type\":\"ImageObject\",\"inLanguage\":\"es\",\"@id\":\"https:\\\/\\\/www.eldiario.net\\\/portal\\\/2024\\\/05\\\/14\\\/arce-esta-en-la-cuerda-floja\\\/#primaryimage\",\"url\":\"https:\\\/\\\/www.eldiario.net\\\/portal\\\/wp-content\\\/uploads\\\/2023\\\/07\\\/Jhonny-Vargas.jpg\",\"contentUrl\":\"https:\\\/\\\/www.eldiario.net\\\/portal\\\/wp-content\\\/uploads\\\/2023\\\/07\\\/Jhonny-Vargas.jpg\",\"width\":1200,\"height\":628},{\"@type\":\"BreadcrumbList\",\"@id\":\"https:\\\/\\\/www.eldiario.net\\\/portal\\\/2024\\\/05\\\/14\\\/arce-esta-en-la-cuerda-floja\\\/#breadcrumb\",\"itemListElement\":[{\"@type\":\"ListItem\",\"position\":1,\"name\":\"Portada\",\"item\":\"https:\\\/\\\/www.eldiario.net\\\/portal\\\/\"},{\"@type\":\"ListItem\",\"position\":2,\"name\":\"Arce est\u00e1 en la cuerda floja\"}]},{\"@type\":\"WebSite\",\"@id\":\"https:\\\/\\\/www.eldiario.net\\\/portal\\\/#website\",\"url\":\"https:\\\/\\\/www.eldiario.net\\\/portal\\\/\",\"name\":\"El Diario - Decano de la prensa nacional\",\"description\":\"El Diario - Decano de la prensa nacional\",\"publisher\":{\"@id\":\"https:\\\/\\\/www.eldiario.net\\\/portal\\\/#organization\"},\"potentialAction\":[{\"@type\":\"SearchAction\",\"target\":{\"@type\":\"EntryPoint\",\"urlTemplate\":\"https:\\\/\\\/www.eldiario.net\\\/portal\\\/?s={search_term_string}\"},\"query-input\":{\"@type\":\"PropertyValueSpecification\",\"valueRequired\":true,\"valueName\":\"search_term_string\"}}],\"inLanguage\":\"es\"},{\"@type\":\"Organization\",\"@id\":\"https:\\\/\\\/www.eldiario.net\\\/portal\\\/#organization\",\"name\":\"El Diario - Decano de la prensa nacional\",\"url\":\"https:\\\/\\\/www.eldiario.net\\\/portal\\\/\",\"logo\":{\"@type\":\"ImageObject\",\"inLanguage\":\"es\",\"@id\":\"https:\\\/\\\/www.eldiario.net\\\/portal\\\/#\\\/schema\\\/logo\\\/image\\\/\",\"url\":\"https:\\\/\\\/www.eldiario.net\\\/portal\\\/wp-content\\\/uploads\\\/2023\\\/07\\\/logo_ED.jpg\",\"contentUrl\":\"https:\\\/\\\/www.eldiario.net\\\/portal\\\/wp-content\\\/uploads\\\/2023\\\/07\\\/logo_ED.jpg\",\"width\":272,\"height\":52,\"caption\":\"El Diario - Decano de la prensa nacional\"},\"image\":{\"@id\":\"https:\\\/\\\/www.eldiario.net\\\/portal\\\/#\\\/schema\\\/logo\\\/image\\\/\"},\"sameAs\":[\"https:\\\/\\\/www.facebook.com\\\/eldiario.bolivia\\\/\",\"https:\\\/\\\/x.com\\\/eldiario_net\"]},{\"@type\":\"Person\",\"@id\":\"https:\\\/\\\/www.eldiario.net\\\/portal\\\/#\\\/schema\\\/person\\\/f46445640444750d7d753ccd04ae01b7\",\"name\":\"Jeanette\",\"image\":{\"@type\":\"ImageObject\",\"inLanguage\":\"es\",\"@id\":\"https:\\\/\\\/secure.gravatar.com\\\/avatar\\\/3ea2118a5f7dad2b7138b1187a6b7ee55f160b9968b66013c3a3ef39dd7e5798?s=96&d=mm&r=g\",\"url\":\"https:\\\/\\\/secure.gravatar.com\\\/avatar\\\/3ea2118a5f7dad2b7138b1187a6b7ee55f160b9968b66013c3a3ef39dd7e5798?s=96&d=mm&r=g\",\"contentUrl\":\"https:\\\/\\\/secure.gravatar.com\\\/avatar\\\/3ea2118a5f7dad2b7138b1187a6b7ee55f160b9968b66013c3a3ef39dd7e5798?s=96&d=mm&r=g\",\"caption\":\"Jeanette\"},\"sameAs\":[\"https:\\\/\\\/www.eldiario.net\\\/portal\"],\"url\":\"https:\\\/\\\/www.eldiario.net\\\/portal\\\/author\\\/jeanette\\\/\"}]}<\/script>\n<!-- \/ Yoast SEO plugin. -->","yoast_head_json":{"title":"Arce est\u00e1 en la cuerda floja - El Diario - Bolivia","robots":{"index":"index","follow":"follow","max-snippet":"max-snippet:-1","max-image-preview":"max-image-preview:large","max-video-preview":"max-video-preview:-1"},"canonical":"https:\/\/www.eldiario.net\/portal\/2024\/05\/14\/arce-esta-en-la-cuerda-floja\/","og_locale":"es_ES","og_type":"article","og_title":"Arce est\u00e1 en la cuerda floja - El Diario - Bolivia","og_description":"El \u00faltimo ciclo del MAS, marca el final de una \u00e9poca en la triste historia de Bolivia. Todo el pa\u00eds califica la corrupci\u00f3n presidencial como inconcebible y maldita, nos hemos quedado todos tan impresionados, confusos y apenados, que ya casi ni sabemos d\u00f3nde estamos. El gobierno del presidente Arce comete atrocidades dignas de ser consideradas [&hellip;]","og_url":"https:\/\/www.eldiario.net\/portal\/2024\/05\/14\/arce-esta-en-la-cuerda-floja\/","og_site_name":"El Diario - Bolivia","article_publisher":"https:\/\/www.facebook.com\/eldiario.bolivia\/","article_published_time":"2024-05-14T10:19:11+00:00","og_image":[{"width":1200,"height":628,"url":"https:\/\/www.eldiario.net\/portal\/wp-content\/uploads\/2023\/07\/Jhonny-Vargas.jpg","type":"image\/jpeg"}],"author":"Jeanette","twitter_card":"summary_large_image","twitter_creator":"@eldiario_net","twitter_site":"@eldiario_net","twitter_misc":{"Escrito por":"Jeanette","Tiempo de lectura":"5 minutos"},"schema":{"@context":"https:\/\/schema.org","@graph":[{"@type":"Article","@id":"https:\/\/www.eldiario.net\/portal\/2024\/05\/14\/arce-esta-en-la-cuerda-floja\/#article","isPartOf":{"@id":"https:\/\/www.eldiario.net\/portal\/2024\/05\/14\/arce-esta-en-la-cuerda-floja\/"},"author":{"name":"Jeanette","@id":"https:\/\/www.eldiario.net\/portal\/#\/schema\/person\/f46445640444750d7d753ccd04ae01b7"},"headline":"Arce est\u00e1 en la cuerda floja","datePublished":"2024-05-14T10:19:11+00:00","mainEntityOfPage":{"@id":"https:\/\/www.eldiario.net\/portal\/2024\/05\/14\/arce-esta-en-la-cuerda-floja\/"},"wordCount":1059,"commentCount":0,"publisher":{"@id":"https:\/\/www.eldiario.net\/portal\/#organization"},"image":{"@id":"https:\/\/www.eldiario.net\/portal\/2024\/05\/14\/arce-esta-en-la-cuerda-floja\/#primaryimage"},"thumbnailUrl":"https:\/\/www.eldiario.net\/portal\/wp-content\/uploads\/2023\/07\/Jhonny-Vargas.jpg","articleSection":["Opini\u00f3n"],"inLanguage":"es","potentialAction":[{"@type":"CommentAction","name":"Comment","target":["https:\/\/www.eldiario.net\/portal\/2024\/05\/14\/arce-esta-en-la-cuerda-floja\/#respond"]}]},{"@type":"WebPage","@id":"https:\/\/www.eldiario.net\/portal\/2024\/05\/14\/arce-esta-en-la-cuerda-floja\/","url":"https:\/\/www.eldiario.net\/portal\/2024\/05\/14\/arce-esta-en-la-cuerda-floja\/","name":"Arce est\u00e1 en la cuerda floja - El Diario - Bolivia","isPartOf":{"@id":"https:\/\/www.eldiario.net\/portal\/#website"},"primaryImageOfPage":{"@id":"https:\/\/www.eldiario.net\/portal\/2024\/05\/14\/arce-esta-en-la-cuerda-floja\/#primaryimage"},"image":{"@id":"https:\/\/www.eldiario.net\/portal\/2024\/05\/14\/arce-esta-en-la-cuerda-floja\/#primaryimage"},"thumbnailUrl":"https:\/\/www.eldiario.net\/portal\/wp-content\/uploads\/2023\/07\/Jhonny-Vargas.jpg","datePublished":"2024-05-14T10:19:11+00:00","breadcrumb":{"@id":"https:\/\/www.eldiario.net\/portal\/2024\/05\/14\/arce-esta-en-la-cuerda-floja\/#breadcrumb"},"inLanguage":"es","potentialAction":[{"@type":"ReadAction","target":["https:\/\/www.eldiario.net\/portal\/2024\/05\/14\/arce-esta-en-la-cuerda-floja\/"]}]},{"@type":"ImageObject","inLanguage":"es","@id":"https:\/\/www.eldiario.net\/portal\/2024\/05\/14\/arce-esta-en-la-cuerda-floja\/#primaryimage","url":"https:\/\/www.eldiario.net\/portal\/wp-content\/uploads\/2023\/07\/Jhonny-Vargas.jpg","contentUrl":"https:\/\/www.eldiario.net\/portal\/wp-content\/uploads\/2023\/07\/Jhonny-Vargas.jpg","width":1200,"height":628},{"@type":"BreadcrumbList","@id":"https:\/\/www.eldiario.net\/portal\/2024\/05\/14\/arce-esta-en-la-cuerda-floja\/#breadcrumb","itemListElement":[{"@type":"ListItem","position":1,"name":"Portada","item":"https:\/\/www.eldiario.net\/portal\/"},{"@type":"ListItem","position":2,"name":"Arce est\u00e1 en la cuerda floja"}]},{"@type":"WebSite","@id":"https:\/\/www.eldiario.net\/portal\/#website","url":"https:\/\/www.eldiario.net\/portal\/","name":"El Diario - Decano de la prensa nacional","description":"El Diario - Decano de la prensa nacional","publisher":{"@id":"https:\/\/www.eldiario.net\/portal\/#organization"},"potentialAction":[{"@type":"SearchAction","target":{"@type":"EntryPoint","urlTemplate":"https:\/\/www.eldiario.net\/portal\/?s={search_term_string}"},"query-input":{"@type":"PropertyValueSpecification","valueRequired":true,"valueName":"search_term_string"}}],"inLanguage":"es"},{"@type":"Organization","@id":"https:\/\/www.eldiario.net\/portal\/#organization","name":"El Diario - Decano de la prensa nacional","url":"https:\/\/www.eldiario.net\/portal\/","logo":{"@type":"ImageObject","inLanguage":"es","@id":"https:\/\/www.eldiario.net\/portal\/#\/schema\/logo\/image\/","url":"https:\/\/www.eldiario.net\/portal\/wp-content\/uploads\/2023\/07\/logo_ED.jpg","contentUrl":"https:\/\/www.eldiario.net\/portal\/wp-content\/uploads\/2023\/07\/logo_ED.jpg","width":272,"height":52,"caption":"El Diario - Decano de la prensa nacional"},"image":{"@id":"https:\/\/www.eldiario.net\/portal\/#\/schema\/logo\/image\/"},"sameAs":["https:\/\/www.facebook.com\/eldiario.bolivia\/","https:\/\/x.com\/eldiario_net"]},{"@type":"Person","@id":"https:\/\/www.eldiario.net\/portal\/#\/schema\/person\/f46445640444750d7d753ccd04ae01b7","name":"Jeanette","image":{"@type":"ImageObject","inLanguage":"es","@id":"https:\/\/secure.gravatar.com\/avatar\/3ea2118a5f7dad2b7138b1187a6b7ee55f160b9968b66013c3a3ef39dd7e5798?s=96&d=mm&r=g","url":"https:\/\/secure.gravatar.com\/avatar\/3ea2118a5f7dad2b7138b1187a6b7ee55f160b9968b66013c3a3ef39dd7e5798?s=96&d=mm&r=g","contentUrl":"https:\/\/secure.gravatar.com\/avatar\/3ea2118a5f7dad2b7138b1187a6b7ee55f160b9968b66013c3a3ef39dd7e5798?s=96&d=mm&r=g","caption":"Jeanette"},"sameAs":["https:\/\/www.eldiario.net\/portal"],"url":"https:\/\/www.eldiario.net\/portal\/author\/jeanette\/"}]}},"_links":{"self":[{"href":"https:\/\/www.eldiario.net\/portal\/wp-json\/wp\/v2\/posts\/220434","targetHints":{"allow":["GET"]}}],"collection":[{"href":"https:\/\/www.eldiario.net\/portal\/wp-json\/wp\/v2\/posts"}],"about":[{"href":"https:\/\/www.eldiario.net\/portal\/wp-json\/wp\/v2\/types\/post"}],"author":[{"embeddable":true,"href":"https:\/\/www.eldiario.net\/portal\/wp-json\/wp\/v2\/users\/1"}],"replies":[{"embeddable":true,"href":"https:\/\/www.eldiario.net\/portal\/wp-json\/wp\/v2\/comments?post=220434"}],"version-history":[{"count":1,"href":"https:\/\/www.eldiario.net\/portal\/wp-json\/wp\/v2\/posts\/220434\/revisions"}],"predecessor-version":[{"id":220435,"href":"https:\/\/www.eldiario.net\/portal\/wp-json\/wp\/v2\/posts\/220434\/revisions\/220435"}],"wp:featuredmedia":[{"embeddable":true,"href":"https:\/\/www.eldiario.net\/portal\/wp-json\/wp\/v2\/media\/167347"}],"wp:attachment":[{"href":"https:\/\/www.eldiario.net\/portal\/wp-json\/wp\/v2\/media?parent=220434"}],"wp:term":[{"taxonomy":"category","embeddable":true,"href":"https:\/\/www.eldiario.net\/portal\/wp-json\/wp\/v2\/categories?post=220434"},{"taxonomy":"post_tag","embeddable":true,"href":"https:\/\/www.eldiario.net\/portal\/wp-json\/wp\/v2\/tags?post=220434"}],"curies":[{"name":"wp","href":"https:\/\/api.w.org\/{rel}","templated":true}]}}