{"id":220432,"date":"2024-05-14T06:18:36","date_gmt":"2024-05-14T10:18:36","guid":{"rendered":"https:\/\/www.eldiario.net\/portal\/?p=220432"},"modified":"2024-05-14T06:18:36","modified_gmt":"2024-05-14T10:18:36","slug":"milei-y-la-economia-de-argentina-un-viaje-incierto-hacia-la-estabilidad","status":"publish","type":"post","link":"https:\/\/www.eldiario.net\/portal\/2024\/05\/14\/milei-y-la-economia-de-argentina-un-viaje-incierto-hacia-la-estabilidad\/","title":{"rendered":"Milei y la econom\u00eda de Argentina:  un viaje incierto hacia la estabilidad"},"content":{"rendered":"<p>El mandato del presidente Javier Milei, cinco meses despu\u00e9s de su investidura el 10 de diciembre de 2023, sigue siendo objeto de escrutinio y debate en la Rep\u00fablica Argentina. Su ascenso al poder marc\u00f3 un hito en la pol\u00edtica nacional al provenir de fuera de los c\u00edrculos pol\u00edticos tradicionales. Desde el inicio, Milei ha defendido una perspectiva audaz y disruptiva para abordar los problemas econ\u00f3micos que aquejan al pa\u00eds, proponiendo una liberalizaci\u00f3n radical como soluci\u00f3n a la elevada deuda y la persistente inflaci\u00f3n.<\/p>\n<p>Las causas de la crisis argentina se atribuyen a la falta de continuidad en las pol\u00edticas p\u00fablicas, lo que ha exacerbado desequilibrios fiscales persistentes a lo largo de las \u00faltimas cuatro d\u00e9cadas. Este d\u00e9ficit fiscal cr\u00f3nico, que se ha mantenido desde 1961 a 2023 con d\u00e9ficit p\u00fablico registrado en 56 de los 62 a\u00f1os, ha generado una creciente dependencia del endeudamiento externo y ha contribuido a una mayor inflaci\u00f3n, impulsada en parte por la impresi\u00f3n excesiva de dinero. Esto ha resultado en aumentos significativos en los precios de los alimentos, impactando negativamente en la poblaci\u00f3n. Adem\u00e1s, la econom\u00eda argentina muestra una preocupante concentraci\u00f3n en el sector agroexportador, donde el ma\u00edz y la soja representan el 40% de las exportaciones totales. Esta situaci\u00f3n expone al pa\u00eds a fluctuaciones en los precios internacionales de estos productos, aumentando su vulnerabilidad frente a crisis econ\u00f3micas.<\/p>\n<p>Argentina se encuentra entre los pa\u00edses m\u00e1s endeudados de Latinoam\u00e9rica. Antes de la asunci\u00f3n de Milei, la deuda ascend\u00eda a 425.294 millones de d\u00f3lares, pero para el 31 de marzo de 2024 hab\u00eda disminuido a 403.044 millones. A pesar de esta reducci\u00f3n en la deuda p\u00fablica, la confianza tanto interna como externa en la capacidad del pa\u00eds para resolver sus problemas econ\u00f3micos se ha visto erosionada. Esto podr\u00eda requerir la adopci\u00f3n de medidas m\u00e1s dr\u00e1sticas para estabilizar la situaci\u00f3n financiera y fomentar un crecimiento econ\u00f3mico sostenible.<\/p>\n<p>En una perspectiva hist\u00f3rica, Argentina ha enfrentado una serie de crisis financieras y cambiarias recurrentes en los \u00faltimos 210 a\u00f1os. Se ha observado una tasa de inflaci\u00f3n promedio anual del 51,0%, con un m\u00e1ximo hist\u00f3rico alcanzado en 1989, que registr\u00f3 un 3.079,5%. Incluso excluyendo los a\u00f1os de hiperinflaci\u00f3n, el promedio anual de inflaci\u00f3n en Argentina entre 1810 y 2022 se mantiene en un 8,8%. Esta historia econ\u00f3mica turbulenta sugiere que un cambio significativo en el futuro es poco probable.<\/p>\n<p>En la administraci\u00f3n actual del presidente Milei, la inflaci\u00f3n y la consiguiente disminuci\u00f3n de los ingresos son dos aspectos cr\u00edticos que est\u00e1n impulsando una recesi\u00f3n, seg\u00fan estimaciones privadas, podr\u00eda llevar a una reducci\u00f3n del Producto Bruto Interno (PBI) de entre el 3% y el 4% este a\u00f1o. Aunque solo cuatro sectores han registrado ca\u00eddas por debajo del promedio, representando conjuntamente el 45% del PBI y el 47% del empleo, incluyendo el Comercio, con una disminuci\u00f3n del 5,5%; la Industria, con una ca\u00edda del 8,4%; la Intermediaci\u00f3n Financiera, con una baja del 12,1%; y la Construcci\u00f3n, la m\u00e1s golpeada, con una desaceleraci\u00f3n del 19,1%, atribuida principalmente a la reducci\u00f3n de la obra p\u00fablica.<\/p>\n<p>En este contexto, Milei apuesta por una recuperaci\u00f3n econ\u00f3mica r\u00e1pida en forma de \u00abV\u00bb, aunque los analistas sugieren que el retorno al crecimiento positivo podr\u00eda demorar m\u00e1s de lo previsto, siendo m\u00e1s factible una recuperaci\u00f3n gradual en forma de \u00abpipa de Nike\u00bb, con un crecimiento m\u00e1s pausado tras el declive inicial.<\/p>\n<p>Un estudio de percepci\u00f3n de la presidencia realizado por CIRCUITOS, Consultora de estudios Sociales, Pol\u00edticos y Territoriales, realizado a finalizar abril 2024 en las ciudades capitales de las provincias argentinas, muestra que todav\u00eda existen ciertas variables a favor del presidente Milei. Veamos algunas respuestas: \u00bfQu\u00e9 imagen tiene del presidente Javier Milei? Buena o Muy buena 49,4% al otro extremo la percepci\u00f3n negativa quedo en el 40,3%.<\/p>\n<p>En la pregunta sobre la confianza en el presidente para liderar la nueva etapa pol\u00edtica, Milei tambi\u00e9n obtiene resultados positivos, con un 42,1% respondiendo que \u00abtiene mucha confianza\u00bb, frente al 36% que no le tiene confianza. Cuando se les pregunt\u00f3 sobre su estado de \u00e1nimo frente a la situaci\u00f3n econ\u00f3mica, cerca del 50% de los encuestados expres\u00f3 \u00aboptimismo y esperanza\u00bb. Este resultado es positivo para el Gobierno, ya que refuerza la idea de una mejora econ\u00f3mica en el futuro. Un 31,3% manifest\u00f3 pesimismo o enojo y un 17,8% preocupaci\u00f3n e incertidumbre.<\/p>\n<p>La tarea de lograr el equilibrio fiscal representa un desaf\u00edo monumental para la administraci\u00f3n de Milei. Si bien un enfoque fiscal estricto podr\u00eda ser bien recibido por los acreedores internacionales y las multinacionales interesadas en invertir en Argentina, conllevar\u00eda recortes en programas sociales y subsidios, en un pa\u00eds donde la mitad de la poblaci\u00f3n vive en condiciones de pobreza. Adem\u00e1s, el \u00e9xito del gobierno de Milei depende de varios factores, incluyendo la coyuntura econ\u00f3mica mundial, la flexibilidad de los entes multilaterales y el continuo apoyo de la poblaci\u00f3n a las pol\u00edticas propuestas. Un equilibrio dif\u00edcil de alcanzar<\/p>\n<p>En resumen, los primeros cinco meses de la presidencia de Milei han estado marcados por la intensidad y la habilidad para enfrentar los desaf\u00edos econ\u00f3micos de Argentina. Sin embargo, la realizaci\u00f3n de un cambio econ\u00f3mico significativo en el corto plazo ser\u00e1 un objetivo dif\u00edcil de alcanzar, dado el complejo entramado econ\u00f3mico mundial y los m\u00faltiples factores externos que influyen en la econom\u00eda del pa\u00eds.<\/p>\n<p>&nbsp;<\/p>\n<p><em>El autor es Investigador y analista socioecon\u00f3mico.<\/em><\/p>\n","protected":false},"excerpt":{"rendered":"<p>El mandato del presidente Javier Milei, cinco meses despu\u00e9s de su investidura el 10 de diciembre de 2023, sigue siendo objeto de escrutinio y debate en la Rep\u00fablica Argentina. Su ascenso al poder marc\u00f3 un hito en la pol\u00edtica nacional al provenir de fuera de los c\u00edrculos pol\u00edticos tradicionales. Desde el inicio, Milei ha defendido [&hellip;]<\/p>\n","protected":false},"author":1,"featured_media":213112,"comment_status":"open","ping_status":"open","sticky":false,"template":"","format":"standard","meta":{"_acf_changed":false,"footnotes":""},"categories":[9],"tags":[],"class_list":["post-220432","post","type-post","status-publish","format-standard","has-post-thumbnail","category-opinion"],"acf":{"antetitulo":""},"yoast_head":"<!-- This site is optimized with the Yoast SEO plugin v28.4 - https:\/\/yoast.com\/product\/yoast-seo-wordpress\/ -->\n<title>Milei y la econom\u00eda de Argentina: un viaje incierto hacia la estabilidad - El Diario - Bolivia<\/title>\n<meta name=\"robots\" content=\"index, follow, max-snippet:-1, max-image-preview:large, max-video-preview:-1\" \/>\n<link rel=\"canonical\" href=\"https:\/\/www.eldiario.net\/portal\/2024\/05\/14\/milei-y-la-economia-de-argentina-un-viaje-incierto-hacia-la-estabilidad\/\" \/>\n<meta property=\"og:locale\" content=\"es_ES\" \/>\n<meta property=\"og:type\" content=\"article\" \/>\n<meta property=\"og:title\" content=\"Milei y la econom\u00eda de Argentina: un viaje incierto hacia la estabilidad - El Diario - Bolivia\" \/>\n<meta property=\"og:description\" content=\"El mandato del presidente Javier Milei, cinco meses despu\u00e9s de su investidura el 10 de diciembre de 2023, sigue siendo objeto de escrutinio y debate en la Rep\u00fablica Argentina. Su ascenso al poder marc\u00f3 un hito en la pol\u00edtica nacional al provenir de fuera de los c\u00edrculos pol\u00edticos tradicionales. Desde el inicio, Milei ha defendido [&hellip;]\" \/>\n<meta property=\"og:url\" content=\"https:\/\/www.eldiario.net\/portal\/2024\/05\/14\/milei-y-la-economia-de-argentina-un-viaje-incierto-hacia-la-estabilidad\/\" \/>\n<meta property=\"og:site_name\" content=\"El Diario - Bolivia\" \/>\n<meta property=\"article:publisher\" content=\"https:\/\/www.facebook.com\/eldiario.bolivia\/\" \/>\n<meta property=\"article:published_time\" content=\"2024-05-14T10:18:36+00:00\" \/>\n<meta property=\"og:image\" content=\"https:\/\/www.eldiario.net\/portal\/wp-content\/uploads\/2024\/04\/Miguel-Angel-Amonzabel-Gonzales.jpg\" \/>\n\t<meta property=\"og:image:width\" content=\"1200\" \/>\n\t<meta property=\"og:image:height\" content=\"628\" \/>\n\t<meta property=\"og:image:type\" content=\"image\/jpeg\" \/>\n<meta name=\"author\" content=\"Jeanette\" \/>\n<meta name=\"twitter:card\" content=\"summary_large_image\" \/>\n<meta name=\"twitter:creator\" content=\"@eldiario_net\" \/>\n<meta name=\"twitter:site\" content=\"@eldiario_net\" \/>\n<meta name=\"twitter:label1\" content=\"Escrito por\" \/>\n\t<meta name=\"twitter:data1\" content=\"Jeanette\" \/>\n\t<meta name=\"twitter:label2\" content=\"Tiempo de lectura\" \/>\n\t<meta name=\"twitter:data2\" content=\"5 minutos\" \/>\n<script type=\"application\/ld+json\" class=\"yoast-schema-graph\">{\"@context\":\"https:\\\/\\\/schema.org\",\"@graph\":[{\"@type\":\"Article\",\"@id\":\"https:\\\/\\\/www.eldiario.net\\\/portal\\\/2024\\\/05\\\/14\\\/milei-y-la-economia-de-argentina-un-viaje-incierto-hacia-la-estabilidad\\\/#article\",\"isPartOf\":{\"@id\":\"https:\\\/\\\/www.eldiario.net\\\/portal\\\/2024\\\/05\\\/14\\\/milei-y-la-economia-de-argentina-un-viaje-incierto-hacia-la-estabilidad\\\/\"},\"author\":{\"name\":\"Jeanette\",\"@id\":\"https:\\\/\\\/www.eldiario.net\\\/portal\\\/#\\\/schema\\\/person\\\/f46445640444750d7d753ccd04ae01b7\"},\"headline\":\"Milei y la econom\u00eda de Argentina: un viaje incierto hacia la estabilidad\",\"datePublished\":\"2024-05-14T10:18:36+00:00\",\"mainEntityOfPage\":{\"@id\":\"https:\\\/\\\/www.eldiario.net\\\/portal\\\/2024\\\/05\\\/14\\\/milei-y-la-economia-de-argentina-un-viaje-incierto-hacia-la-estabilidad\\\/\"},\"wordCount\":969,\"commentCount\":0,\"publisher\":{\"@id\":\"https:\\\/\\\/www.eldiario.net\\\/portal\\\/#organization\"},\"image\":{\"@id\":\"https:\\\/\\\/www.eldiario.net\\\/portal\\\/2024\\\/05\\\/14\\\/milei-y-la-economia-de-argentina-un-viaje-incierto-hacia-la-estabilidad\\\/#primaryimage\"},\"thumbnailUrl\":\"https:\\\/\\\/www.eldiario.net\\\/portal\\\/wp-content\\\/uploads\\\/2024\\\/04\\\/Miguel-Angel-Amonzabel-Gonzales.jpg\",\"articleSection\":[\"Opini\u00f3n\"],\"inLanguage\":\"es\",\"potentialAction\":[{\"@type\":\"CommentAction\",\"name\":\"Comment\",\"target\":[\"https:\\\/\\\/www.eldiario.net\\\/portal\\\/2024\\\/05\\\/14\\\/milei-y-la-economia-de-argentina-un-viaje-incierto-hacia-la-estabilidad\\\/#respond\"]}]},{\"@type\":\"WebPage\",\"@id\":\"https:\\\/\\\/www.eldiario.net\\\/portal\\\/2024\\\/05\\\/14\\\/milei-y-la-economia-de-argentina-un-viaje-incierto-hacia-la-estabilidad\\\/\",\"url\":\"https:\\\/\\\/www.eldiario.net\\\/portal\\\/2024\\\/05\\\/14\\\/milei-y-la-economia-de-argentina-un-viaje-incierto-hacia-la-estabilidad\\\/\",\"name\":\"Milei y la econom\u00eda de Argentina: un viaje incierto hacia la estabilidad - El Diario - Bolivia\",\"isPartOf\":{\"@id\":\"https:\\\/\\\/www.eldiario.net\\\/portal\\\/#website\"},\"primaryImageOfPage\":{\"@id\":\"https:\\\/\\\/www.eldiario.net\\\/portal\\\/2024\\\/05\\\/14\\\/milei-y-la-economia-de-argentina-un-viaje-incierto-hacia-la-estabilidad\\\/#primaryimage\"},\"image\":{\"@id\":\"https:\\\/\\\/www.eldiario.net\\\/portal\\\/2024\\\/05\\\/14\\\/milei-y-la-economia-de-argentina-un-viaje-incierto-hacia-la-estabilidad\\\/#primaryimage\"},\"thumbnailUrl\":\"https:\\\/\\\/www.eldiario.net\\\/portal\\\/wp-content\\\/uploads\\\/2024\\\/04\\\/Miguel-Angel-Amonzabel-Gonzales.jpg\",\"datePublished\":\"2024-05-14T10:18:36+00:00\",\"breadcrumb\":{\"@id\":\"https:\\\/\\\/www.eldiario.net\\\/portal\\\/2024\\\/05\\\/14\\\/milei-y-la-economia-de-argentina-un-viaje-incierto-hacia-la-estabilidad\\\/#breadcrumb\"},\"inLanguage\":\"es\",\"potentialAction\":[{\"@type\":\"ReadAction\",\"target\":[\"https:\\\/\\\/www.eldiario.net\\\/portal\\\/2024\\\/05\\\/14\\\/milei-y-la-economia-de-argentina-un-viaje-incierto-hacia-la-estabilidad\\\/\"]}]},{\"@type\":\"ImageObject\",\"inLanguage\":\"es\",\"@id\":\"https:\\\/\\\/www.eldiario.net\\\/portal\\\/2024\\\/05\\\/14\\\/milei-y-la-economia-de-argentina-un-viaje-incierto-hacia-la-estabilidad\\\/#primaryimage\",\"url\":\"https:\\\/\\\/www.eldiario.net\\\/portal\\\/wp-content\\\/uploads\\\/2024\\\/04\\\/Miguel-Angel-Amonzabel-Gonzales.jpg\",\"contentUrl\":\"https:\\\/\\\/www.eldiario.net\\\/portal\\\/wp-content\\\/uploads\\\/2024\\\/04\\\/Miguel-Angel-Amonzabel-Gonzales.jpg\",\"width\":1200,\"height\":628,\"caption\":\"Miguel \u00c1ngel Amonzabel Gonzales\"},{\"@type\":\"BreadcrumbList\",\"@id\":\"https:\\\/\\\/www.eldiario.net\\\/portal\\\/2024\\\/05\\\/14\\\/milei-y-la-economia-de-argentina-un-viaje-incierto-hacia-la-estabilidad\\\/#breadcrumb\",\"itemListElement\":[{\"@type\":\"ListItem\",\"position\":1,\"name\":\"Portada\",\"item\":\"https:\\\/\\\/www.eldiario.net\\\/portal\\\/\"},{\"@type\":\"ListItem\",\"position\":2,\"name\":\"Milei y la econom\u00eda de Argentina: un viaje incierto hacia la estabilidad\"}]},{\"@type\":\"WebSite\",\"@id\":\"https:\\\/\\\/www.eldiario.net\\\/portal\\\/#website\",\"url\":\"https:\\\/\\\/www.eldiario.net\\\/portal\\\/\",\"name\":\"El Diario - Decano de la prensa nacional\",\"description\":\"El Diario - Decano de la prensa nacional\",\"publisher\":{\"@id\":\"https:\\\/\\\/www.eldiario.net\\\/portal\\\/#organization\"},\"potentialAction\":[{\"@type\":\"SearchAction\",\"target\":{\"@type\":\"EntryPoint\",\"urlTemplate\":\"https:\\\/\\\/www.eldiario.net\\\/portal\\\/?s={search_term_string}\"},\"query-input\":{\"@type\":\"PropertyValueSpecification\",\"valueRequired\":true,\"valueName\":\"search_term_string\"}}],\"inLanguage\":\"es\"},{\"@type\":\"Organization\",\"@id\":\"https:\\\/\\\/www.eldiario.net\\\/portal\\\/#organization\",\"name\":\"El Diario - Decano de la prensa nacional\",\"url\":\"https:\\\/\\\/www.eldiario.net\\\/portal\\\/\",\"logo\":{\"@type\":\"ImageObject\",\"inLanguage\":\"es\",\"@id\":\"https:\\\/\\\/www.eldiario.net\\\/portal\\\/#\\\/schema\\\/logo\\\/image\\\/\",\"url\":\"https:\\\/\\\/www.eldiario.net\\\/portal\\\/wp-content\\\/uploads\\\/2023\\\/07\\\/logo_ED.jpg\",\"contentUrl\":\"https:\\\/\\\/www.eldiario.net\\\/portal\\\/wp-content\\\/uploads\\\/2023\\\/07\\\/logo_ED.jpg\",\"width\":272,\"height\":52,\"caption\":\"El Diario - Decano de la prensa nacional\"},\"image\":{\"@id\":\"https:\\\/\\\/www.eldiario.net\\\/portal\\\/#\\\/schema\\\/logo\\\/image\\\/\"},\"sameAs\":[\"https:\\\/\\\/www.facebook.com\\\/eldiario.bolivia\\\/\",\"https:\\\/\\\/x.com\\\/eldiario_net\"]},{\"@type\":\"Person\",\"@id\":\"https:\\\/\\\/www.eldiario.net\\\/portal\\\/#\\\/schema\\\/person\\\/f46445640444750d7d753ccd04ae01b7\",\"name\":\"Jeanette\",\"image\":{\"@type\":\"ImageObject\",\"inLanguage\":\"es\",\"@id\":\"https:\\\/\\\/secure.gravatar.com\\\/avatar\\\/3ea2118a5f7dad2b7138b1187a6b7ee55f160b9968b66013c3a3ef39dd7e5798?s=96&d=mm&r=g\",\"url\":\"https:\\\/\\\/secure.gravatar.com\\\/avatar\\\/3ea2118a5f7dad2b7138b1187a6b7ee55f160b9968b66013c3a3ef39dd7e5798?s=96&d=mm&r=g\",\"contentUrl\":\"https:\\\/\\\/secure.gravatar.com\\\/avatar\\\/3ea2118a5f7dad2b7138b1187a6b7ee55f160b9968b66013c3a3ef39dd7e5798?s=96&d=mm&r=g\",\"caption\":\"Jeanette\"},\"sameAs\":[\"https:\\\/\\\/www.eldiario.net\\\/portal\"],\"url\":\"https:\\\/\\\/www.eldiario.net\\\/portal\\\/author\\\/jeanette\\\/\"}]}<\/script>\n<!-- \/ Yoast SEO plugin. -->","yoast_head_json":{"title":"Milei y la econom\u00eda de Argentina: un viaje incierto hacia la estabilidad - El Diario - Bolivia","robots":{"index":"index","follow":"follow","max-snippet":"max-snippet:-1","max-image-preview":"max-image-preview:large","max-video-preview":"max-video-preview:-1"},"canonical":"https:\/\/www.eldiario.net\/portal\/2024\/05\/14\/milei-y-la-economia-de-argentina-un-viaje-incierto-hacia-la-estabilidad\/","og_locale":"es_ES","og_type":"article","og_title":"Milei y la econom\u00eda de Argentina: un viaje incierto hacia la estabilidad - El Diario - Bolivia","og_description":"El mandato del presidente Javier Milei, cinco meses despu\u00e9s de su investidura el 10 de diciembre de 2023, sigue siendo objeto de escrutinio y debate en la Rep\u00fablica Argentina. Su ascenso al poder marc\u00f3 un hito en la pol\u00edtica nacional al provenir de fuera de los c\u00edrculos pol\u00edticos tradicionales. Desde el inicio, Milei ha defendido [&hellip;]","og_url":"https:\/\/www.eldiario.net\/portal\/2024\/05\/14\/milei-y-la-economia-de-argentina-un-viaje-incierto-hacia-la-estabilidad\/","og_site_name":"El Diario - Bolivia","article_publisher":"https:\/\/www.facebook.com\/eldiario.bolivia\/","article_published_time":"2024-05-14T10:18:36+00:00","og_image":[{"width":1200,"height":628,"url":"https:\/\/www.eldiario.net\/portal\/wp-content\/uploads\/2024\/04\/Miguel-Angel-Amonzabel-Gonzales.jpg","type":"image\/jpeg"}],"author":"Jeanette","twitter_card":"summary_large_image","twitter_creator":"@eldiario_net","twitter_site":"@eldiario_net","twitter_misc":{"Escrito por":"Jeanette","Tiempo de lectura":"5 minutos"},"schema":{"@context":"https:\/\/schema.org","@graph":[{"@type":"Article","@id":"https:\/\/www.eldiario.net\/portal\/2024\/05\/14\/milei-y-la-economia-de-argentina-un-viaje-incierto-hacia-la-estabilidad\/#article","isPartOf":{"@id":"https:\/\/www.eldiario.net\/portal\/2024\/05\/14\/milei-y-la-economia-de-argentina-un-viaje-incierto-hacia-la-estabilidad\/"},"author":{"name":"Jeanette","@id":"https:\/\/www.eldiario.net\/portal\/#\/schema\/person\/f46445640444750d7d753ccd04ae01b7"},"headline":"Milei y la econom\u00eda de Argentina: un viaje incierto hacia la estabilidad","datePublished":"2024-05-14T10:18:36+00:00","mainEntityOfPage":{"@id":"https:\/\/www.eldiario.net\/portal\/2024\/05\/14\/milei-y-la-economia-de-argentina-un-viaje-incierto-hacia-la-estabilidad\/"},"wordCount":969,"commentCount":0,"publisher":{"@id":"https:\/\/www.eldiario.net\/portal\/#organization"},"image":{"@id":"https:\/\/www.eldiario.net\/portal\/2024\/05\/14\/milei-y-la-economia-de-argentina-un-viaje-incierto-hacia-la-estabilidad\/#primaryimage"},"thumbnailUrl":"https:\/\/www.eldiario.net\/portal\/wp-content\/uploads\/2024\/04\/Miguel-Angel-Amonzabel-Gonzales.jpg","articleSection":["Opini\u00f3n"],"inLanguage":"es","potentialAction":[{"@type":"CommentAction","name":"Comment","target":["https:\/\/www.eldiario.net\/portal\/2024\/05\/14\/milei-y-la-economia-de-argentina-un-viaje-incierto-hacia-la-estabilidad\/#respond"]}]},{"@type":"WebPage","@id":"https:\/\/www.eldiario.net\/portal\/2024\/05\/14\/milei-y-la-economia-de-argentina-un-viaje-incierto-hacia-la-estabilidad\/","url":"https:\/\/www.eldiario.net\/portal\/2024\/05\/14\/milei-y-la-economia-de-argentina-un-viaje-incierto-hacia-la-estabilidad\/","name":"Milei y la econom\u00eda de Argentina: un viaje incierto hacia la estabilidad - El Diario - Bolivia","isPartOf":{"@id":"https:\/\/www.eldiario.net\/portal\/#website"},"primaryImageOfPage":{"@id":"https:\/\/www.eldiario.net\/portal\/2024\/05\/14\/milei-y-la-economia-de-argentina-un-viaje-incierto-hacia-la-estabilidad\/#primaryimage"},"image":{"@id":"https:\/\/www.eldiario.net\/portal\/2024\/05\/14\/milei-y-la-economia-de-argentina-un-viaje-incierto-hacia-la-estabilidad\/#primaryimage"},"thumbnailUrl":"https:\/\/www.eldiario.net\/portal\/wp-content\/uploads\/2024\/04\/Miguel-Angel-Amonzabel-Gonzales.jpg","datePublished":"2024-05-14T10:18:36+00:00","breadcrumb":{"@id":"https:\/\/www.eldiario.net\/portal\/2024\/05\/14\/milei-y-la-economia-de-argentina-un-viaje-incierto-hacia-la-estabilidad\/#breadcrumb"},"inLanguage":"es","potentialAction":[{"@type":"ReadAction","target":["https:\/\/www.eldiario.net\/portal\/2024\/05\/14\/milei-y-la-economia-de-argentina-un-viaje-incierto-hacia-la-estabilidad\/"]}]},{"@type":"ImageObject","inLanguage":"es","@id":"https:\/\/www.eldiario.net\/portal\/2024\/05\/14\/milei-y-la-economia-de-argentina-un-viaje-incierto-hacia-la-estabilidad\/#primaryimage","url":"https:\/\/www.eldiario.net\/portal\/wp-content\/uploads\/2024\/04\/Miguel-Angel-Amonzabel-Gonzales.jpg","contentUrl":"https:\/\/www.eldiario.net\/portal\/wp-content\/uploads\/2024\/04\/Miguel-Angel-Amonzabel-Gonzales.jpg","width":1200,"height":628,"caption":"Miguel \u00c1ngel Amonzabel Gonzales"},{"@type":"BreadcrumbList","@id":"https:\/\/www.eldiario.net\/portal\/2024\/05\/14\/milei-y-la-economia-de-argentina-un-viaje-incierto-hacia-la-estabilidad\/#breadcrumb","itemListElement":[{"@type":"ListItem","position":1,"name":"Portada","item":"https:\/\/www.eldiario.net\/portal\/"},{"@type":"ListItem","position":2,"name":"Milei y la econom\u00eda de Argentina: un viaje incierto hacia la estabilidad"}]},{"@type":"WebSite","@id":"https:\/\/www.eldiario.net\/portal\/#website","url":"https:\/\/www.eldiario.net\/portal\/","name":"El Diario - Decano de la prensa nacional","description":"El Diario - Decano de la prensa nacional","publisher":{"@id":"https:\/\/www.eldiario.net\/portal\/#organization"},"potentialAction":[{"@type":"SearchAction","target":{"@type":"EntryPoint","urlTemplate":"https:\/\/www.eldiario.net\/portal\/?s={search_term_string}"},"query-input":{"@type":"PropertyValueSpecification","valueRequired":true,"valueName":"search_term_string"}}],"inLanguage":"es"},{"@type":"Organization","@id":"https:\/\/www.eldiario.net\/portal\/#organization","name":"El Diario - Decano de la prensa nacional","url":"https:\/\/www.eldiario.net\/portal\/","logo":{"@type":"ImageObject","inLanguage":"es","@id":"https:\/\/www.eldiario.net\/portal\/#\/schema\/logo\/image\/","url":"https:\/\/www.eldiario.net\/portal\/wp-content\/uploads\/2023\/07\/logo_ED.jpg","contentUrl":"https:\/\/www.eldiario.net\/portal\/wp-content\/uploads\/2023\/07\/logo_ED.jpg","width":272,"height":52,"caption":"El Diario - Decano de la prensa nacional"},"image":{"@id":"https:\/\/www.eldiario.net\/portal\/#\/schema\/logo\/image\/"},"sameAs":["https:\/\/www.facebook.com\/eldiario.bolivia\/","https:\/\/x.com\/eldiario_net"]},{"@type":"Person","@id":"https:\/\/www.eldiario.net\/portal\/#\/schema\/person\/f46445640444750d7d753ccd04ae01b7","name":"Jeanette","image":{"@type":"ImageObject","inLanguage":"es","@id":"https:\/\/secure.gravatar.com\/avatar\/3ea2118a5f7dad2b7138b1187a6b7ee55f160b9968b66013c3a3ef39dd7e5798?s=96&d=mm&r=g","url":"https:\/\/secure.gravatar.com\/avatar\/3ea2118a5f7dad2b7138b1187a6b7ee55f160b9968b66013c3a3ef39dd7e5798?s=96&d=mm&r=g","contentUrl":"https:\/\/secure.gravatar.com\/avatar\/3ea2118a5f7dad2b7138b1187a6b7ee55f160b9968b66013c3a3ef39dd7e5798?s=96&d=mm&r=g","caption":"Jeanette"},"sameAs":["https:\/\/www.eldiario.net\/portal"],"url":"https:\/\/www.eldiario.net\/portal\/author\/jeanette\/"}]}},"_links":{"self":[{"href":"https:\/\/www.eldiario.net\/portal\/wp-json\/wp\/v2\/posts\/220432","targetHints":{"allow":["GET"]}}],"collection":[{"href":"https:\/\/www.eldiario.net\/portal\/wp-json\/wp\/v2\/posts"}],"about":[{"href":"https:\/\/www.eldiario.net\/portal\/wp-json\/wp\/v2\/types\/post"}],"author":[{"embeddable":true,"href":"https:\/\/www.eldiario.net\/portal\/wp-json\/wp\/v2\/users\/1"}],"replies":[{"embeddable":true,"href":"https:\/\/www.eldiario.net\/portal\/wp-json\/wp\/v2\/comments?post=220432"}],"version-history":[{"count":1,"href":"https:\/\/www.eldiario.net\/portal\/wp-json\/wp\/v2\/posts\/220432\/revisions"}],"predecessor-version":[{"id":220433,"href":"https:\/\/www.eldiario.net\/portal\/wp-json\/wp\/v2\/posts\/220432\/revisions\/220433"}],"wp:featuredmedia":[{"embeddable":true,"href":"https:\/\/www.eldiario.net\/portal\/wp-json\/wp\/v2\/media\/213112"}],"wp:attachment":[{"href":"https:\/\/www.eldiario.net\/portal\/wp-json\/wp\/v2\/media?parent=220432"}],"wp:term":[{"taxonomy":"category","embeddable":true,"href":"https:\/\/www.eldiario.net\/portal\/wp-json\/wp\/v2\/categories?post=220432"},{"taxonomy":"post_tag","embeddable":true,"href":"https:\/\/www.eldiario.net\/portal\/wp-json\/wp\/v2\/tags?post=220432"}],"curies":[{"name":"wp","href":"https:\/\/api.w.org\/{rel}","templated":true}]}}