{"id":220134,"date":"2024-05-12T08:07:17","date_gmt":"2024-05-12T12:07:17","guid":{"rendered":"https:\/\/www.eldiario.net\/portal\/?p=220134"},"modified":"2024-05-12T08:07:17","modified_gmt":"2024-05-12T12:07:17","slug":"la-quinua-y-sus-propiedades-nutricionales","status":"publish","type":"post","link":"https:\/\/www.eldiario.net\/portal\/2024\/05\/12\/la-quinua-y-sus-propiedades-nutricionales\/","title":{"rendered":"LA QUINUA Y SUS PROPIEDADES NUTRICIONALES"},"content":{"rendered":"<p>La quinua ha sido reconocida por siglos como un importante cultivo alimenticio en los Andes de Sudam\u00e9rica. Sus granos son altamente nutritivos con una importante cantidad de prote\u00ednas y compuestos bioactivos superando en valor biol\u00f3gico a los tradicionales granos de cereales. De esta manera la quinua representa un alimento nutricionalmente bien balanceado con m\u00faltiples propiedades funcionales relevantes para la reducci\u00f3n de factores de riesgo de enfermedades cr\u00f3nicas atribuibles a sus actividades anti-oxidantes, antiinflamatoria, inmunomodulatoria y anti-carcinog\u00e9nica, entre otras.<\/p>\n<p>El valor nutricional de la quinua ha sido b\u00e1sicamente reconocido por su prote\u00edna de alta calidad, particularmente rica en amino\u00e1cidos esenciales y por su contenido de carbohidratos, produciendo bajos \u00edndices de glicemia y en general una mejor calidad nutricional y funcional respecto a granos de cereales tales como ma\u00edz, avena, trigo y arroz.<\/p>\n<p><strong>Los beneficios de la quinua <\/strong><\/p>\n<p>La quinoa <strong>es una fuente de nutrientes esenciales, como prote\u00ednas de alta claridad, fibra, hierro, magnesio, zinc, potasio y vitaminas del complejo B<\/strong>. Esto la convierte en un alimento completo y beneficioso para el organismo.<\/p>\n<p><strong>El valor nutricional de la quinua<\/strong><\/p>\n<p>El valor nutricional de la qu\u00ednoa por 100 gramos de este alimento corresponde a <strong>370 calor\u00edas, 14 gramos de prote\u00ednas, 64 gramos de carbohidratos, 6 gramos de l\u00edpidos, 7 gramos de fibra, 22 miligramos de vitamina C, 47 miligramos de calcio y 4,6 miligramos de hierro<\/strong>, entre algunos nutrientes.<\/p>\n<p><strong>Enfermedades que previene la quinua<\/strong><\/p>\n<p>La quinua previene enfermedades como el <strong>c\u00e1ncer de mama, diabetes de tipo 2, cardiovasculares, gonorrea y tuberculosis entre otras<\/strong>. Adem\u00e1s, como contiene sustancias alcalinas (magnesio, calcio y oligoelementos) se utiliza como remedio natural para esguinces y torceduras.<\/p>\n<p><strong>Las vitaminas de la quinua<\/strong><\/p>\n<p>La quinua es una fuente de <strong>vitaminas liposolubles (A, D y E), vitaminas hidrosolubles (vitamina C, \u00e1cido f\u00f3lico, tiamina y riboflavina)<\/strong> y minerales como el calcio, el hierro, el zinc, el magnesio, el f\u00f3sforo, el potasio y el manganeso.<\/p>\n<p><strong>El origen de la quinua<\/strong><\/p>\n<p>La quinua <strong>es una planta andina que se origin\u00f3 en los alrededores del lago Titicaca de Per\u00fa y Bolivia<\/strong>. La quinua fue cultivada y utilizada por las civilizaciones prehisp\u00e1nicas y reemplazada por los cereales a la llegada de los espa\u00f1oles, a pesar de constituir un alimento b\u00e1sico de la poblaci\u00f3n de ese entonces.<\/p>\n<p>&nbsp;<\/p>\n<p>&nbsp;<\/p>\n","protected":false},"excerpt":{"rendered":"<p>La quinua ha sido reconocida por siglos como un importante cultivo alimenticio en los Andes de Sudam\u00e9rica. Sus granos son altamente nutritivos con una importante cantidad de prote\u00ednas y compuestos bioactivos superando en valor biol\u00f3gico a los tradicionales granos de cereales. De esta manera la quinua representa un alimento nutricionalmente bien balanceado con m\u00faltiples propiedades [&hellip;]<\/p>\n","protected":false},"author":1,"featured_media":220135,"comment_status":"open","ping_status":"open","sticky":false,"template":"","format":"standard","meta":{"_acf_changed":false,"footnotes":""},"categories":[52],"tags":[],"class_list":["post-220134","post","type-post","status-publish","format-standard","has-post-thumbnail","category-de-salud-mas-vida"],"acf":{"antetitulo":""},"yoast_head":"<!-- This site is optimized with the Yoast SEO plugin v28.4 - https:\/\/yoast.com\/product\/yoast-seo-wordpress\/ -->\n<title>LA QUINUA Y SUS PROPIEDADES NUTRICIONALES - El Diario - Bolivia<\/title>\n<meta name=\"robots\" content=\"index, follow, max-snippet:-1, max-image-preview:large, max-video-preview:-1\" \/>\n<link rel=\"canonical\" href=\"https:\/\/www.eldiario.net\/portal\/2024\/05\/12\/la-quinua-y-sus-propiedades-nutricionales\/\" \/>\n<meta property=\"og:locale\" content=\"es_ES\" \/>\n<meta property=\"og:type\" content=\"article\" \/>\n<meta property=\"og:title\" content=\"LA QUINUA Y SUS PROPIEDADES NUTRICIONALES - El Diario - Bolivia\" \/>\n<meta property=\"og:description\" content=\"La quinua ha sido reconocida por siglos como un importante cultivo alimenticio en los Andes de Sudam\u00e9rica. Sus granos son altamente nutritivos con una importante cantidad de prote\u00ednas y compuestos bioactivos superando en valor biol\u00f3gico a los tradicionales granos de cereales. De esta manera la quinua representa un alimento nutricionalmente bien balanceado con m\u00faltiples propiedades [&hellip;]\" \/>\n<meta property=\"og:url\" content=\"https:\/\/www.eldiario.net\/portal\/2024\/05\/12\/la-quinua-y-sus-propiedades-nutricionales\/\" \/>\n<meta property=\"og:site_name\" content=\"El Diario - Bolivia\" \/>\n<meta property=\"article:publisher\" content=\"https:\/\/www.facebook.com\/eldiario.bolivia\/\" \/>\n<meta property=\"article:published_time\" content=\"2024-05-12T12:07:17+00:00\" \/>\n<meta property=\"og:image\" content=\"https:\/\/www.eldiario.net\/portal\/wp-content\/uploads\/2024\/05\/LA-QUINUA-Y-SUS-PROPIEDADES-NUTRICIONALES.jpg\" \/>\n\t<meta property=\"og:image:width\" content=\"2218\" \/>\n\t<meta property=\"og:image:height\" content=\"1331\" \/>\n\t<meta property=\"og:image:type\" content=\"image\/jpeg\" \/>\n<meta name=\"author\" content=\"Jeanette\" \/>\n<meta name=\"twitter:card\" content=\"summary_large_image\" \/>\n<meta name=\"twitter:creator\" content=\"@eldiario_net\" \/>\n<meta name=\"twitter:site\" content=\"@eldiario_net\" \/>\n<meta name=\"twitter:label1\" content=\"Escrito por\" \/>\n\t<meta name=\"twitter:data1\" content=\"Jeanette\" \/>\n\t<meta name=\"twitter:label2\" content=\"Tiempo de lectura\" \/>\n\t<meta name=\"twitter:data2\" content=\"2 minutos\" \/>\n<script type=\"application\/ld+json\" class=\"yoast-schema-graph\">{\"@context\":\"https:\\\/\\\/schema.org\",\"@graph\":[{\"@type\":\"Article\",\"@id\":\"https:\\\/\\\/www.eldiario.net\\\/portal\\\/2024\\\/05\\\/12\\\/la-quinua-y-sus-propiedades-nutricionales\\\/#article\",\"isPartOf\":{\"@id\":\"https:\\\/\\\/www.eldiario.net\\\/portal\\\/2024\\\/05\\\/12\\\/la-quinua-y-sus-propiedades-nutricionales\\\/\"},\"author\":{\"name\":\"Jeanette\",\"@id\":\"https:\\\/\\\/www.eldiario.net\\\/portal\\\/#\\\/schema\\\/person\\\/2c57cf2b7a7ae032e449e4c9b1019eac\"},\"headline\":\"LA QUINUA Y SUS PROPIEDADES NUTRICIONALES\",\"datePublished\":\"2024-05-12T12:07:17+00:00\",\"mainEntityOfPage\":{\"@id\":\"https:\\\/\\\/www.eldiario.net\\\/portal\\\/2024\\\/05\\\/12\\\/la-quinua-y-sus-propiedades-nutricionales\\\/\"},\"wordCount\":392,\"commentCount\":0,\"publisher\":{\"@id\":\"https:\\\/\\\/www.eldiario.net\\\/portal\\\/#organization\"},\"image\":{\"@id\":\"https:\\\/\\\/www.eldiario.net\\\/portal\\\/2024\\\/05\\\/12\\\/la-quinua-y-sus-propiedades-nutricionales\\\/#primaryimage\"},\"thumbnailUrl\":\"https:\\\/\\\/www.eldiario.net\\\/portal\\\/wp-content\\\/uploads\\\/2024\\\/05\\\/LA-QUINUA-Y-SUS-PROPIEDADES-NUTRICIONALES.jpg\",\"articleSection\":[\"De Salud + vida\"],\"inLanguage\":\"es\",\"potentialAction\":[{\"@type\":\"CommentAction\",\"name\":\"Comment\",\"target\":[\"https:\\\/\\\/www.eldiario.net\\\/portal\\\/2024\\\/05\\\/12\\\/la-quinua-y-sus-propiedades-nutricionales\\\/#respond\"]}]},{\"@type\":\"WebPage\",\"@id\":\"https:\\\/\\\/www.eldiario.net\\\/portal\\\/2024\\\/05\\\/12\\\/la-quinua-y-sus-propiedades-nutricionales\\\/\",\"url\":\"https:\\\/\\\/www.eldiario.net\\\/portal\\\/2024\\\/05\\\/12\\\/la-quinua-y-sus-propiedades-nutricionales\\\/\",\"name\":\"LA QUINUA Y SUS PROPIEDADES NUTRICIONALES - El Diario - Bolivia\",\"isPartOf\":{\"@id\":\"https:\\\/\\\/www.eldiario.net\\\/portal\\\/#website\"},\"primaryImageOfPage\":{\"@id\":\"https:\\\/\\\/www.eldiario.net\\\/portal\\\/2024\\\/05\\\/12\\\/la-quinua-y-sus-propiedades-nutricionales\\\/#primaryimage\"},\"image\":{\"@id\":\"https:\\\/\\\/www.eldiario.net\\\/portal\\\/2024\\\/05\\\/12\\\/la-quinua-y-sus-propiedades-nutricionales\\\/#primaryimage\"},\"thumbnailUrl\":\"https:\\\/\\\/www.eldiario.net\\\/portal\\\/wp-content\\\/uploads\\\/2024\\\/05\\\/LA-QUINUA-Y-SUS-PROPIEDADES-NUTRICIONALES.jpg\",\"datePublished\":\"2024-05-12T12:07:17+00:00\",\"breadcrumb\":{\"@id\":\"https:\\\/\\\/www.eldiario.net\\\/portal\\\/2024\\\/05\\\/12\\\/la-quinua-y-sus-propiedades-nutricionales\\\/#breadcrumb\"},\"inLanguage\":\"es\",\"potentialAction\":[{\"@type\":\"ReadAction\",\"target\":[\"https:\\\/\\\/www.eldiario.net\\\/portal\\\/2024\\\/05\\\/12\\\/la-quinua-y-sus-propiedades-nutricionales\\\/\"]}]},{\"@type\":\"ImageObject\",\"inLanguage\":\"es\",\"@id\":\"https:\\\/\\\/www.eldiario.net\\\/portal\\\/2024\\\/05\\\/12\\\/la-quinua-y-sus-propiedades-nutricionales\\\/#primaryimage\",\"url\":\"https:\\\/\\\/www.eldiario.net\\\/portal\\\/wp-content\\\/uploads\\\/2024\\\/05\\\/LA-QUINUA-Y-SUS-PROPIEDADES-NUTRICIONALES.jpg\",\"contentUrl\":\"https:\\\/\\\/www.eldiario.net\\\/portal\\\/wp-content\\\/uploads\\\/2024\\\/05\\\/LA-QUINUA-Y-SUS-PROPIEDADES-NUTRICIONALES.jpg\",\"width\":2218,\"height\":1331},{\"@type\":\"BreadcrumbList\",\"@id\":\"https:\\\/\\\/www.eldiario.net\\\/portal\\\/2024\\\/05\\\/12\\\/la-quinua-y-sus-propiedades-nutricionales\\\/#breadcrumb\",\"itemListElement\":[{\"@type\":\"ListItem\",\"position\":1,\"name\":\"Portada\",\"item\":\"https:\\\/\\\/www.eldiario.net\\\/portal\\\/\"},{\"@type\":\"ListItem\",\"position\":2,\"name\":\"LA QUINUA Y SUS PROPIEDADES NUTRICIONALES\"}]},{\"@type\":\"WebSite\",\"@id\":\"https:\\\/\\\/www.eldiario.net\\\/portal\\\/#website\",\"url\":\"https:\\\/\\\/www.eldiario.net\\\/portal\\\/\",\"name\":\"El Diario - Decano de la prensa nacional\",\"description\":\"El Diario - Decano de la prensa nacional\",\"publisher\":{\"@id\":\"https:\\\/\\\/www.eldiario.net\\\/portal\\\/#organization\"},\"potentialAction\":[{\"@type\":\"SearchAction\",\"target\":{\"@type\":\"EntryPoint\",\"urlTemplate\":\"https:\\\/\\\/www.eldiario.net\\\/portal\\\/?s={search_term_string}\"},\"query-input\":{\"@type\":\"PropertyValueSpecification\",\"valueRequired\":true,\"valueName\":\"search_term_string\"}}],\"inLanguage\":\"es\"},{\"@type\":\"Organization\",\"@id\":\"https:\\\/\\\/www.eldiario.net\\\/portal\\\/#organization\",\"name\":\"El Diario - Decano de la prensa nacional\",\"url\":\"https:\\\/\\\/www.eldiario.net\\\/portal\\\/\",\"logo\":{\"@type\":\"ImageObject\",\"inLanguage\":\"es\",\"@id\":\"https:\\\/\\\/www.eldiario.net\\\/portal\\\/#\\\/schema\\\/logo\\\/image\\\/\",\"url\":\"https:\\\/\\\/www.eldiario.net\\\/portal\\\/wp-content\\\/uploads\\\/2023\\\/07\\\/logo_ED.jpg\",\"contentUrl\":\"https:\\\/\\\/www.eldiario.net\\\/portal\\\/wp-content\\\/uploads\\\/2023\\\/07\\\/logo_ED.jpg\",\"width\":272,\"height\":52,\"caption\":\"El Diario - Decano de la prensa nacional\"},\"image\":{\"@id\":\"https:\\\/\\\/www.eldiario.net\\\/portal\\\/#\\\/schema\\\/logo\\\/image\\\/\"},\"sameAs\":[\"https:\\\/\\\/www.facebook.com\\\/eldiario.bolivia\\\/\",\"https:\\\/\\\/x.com\\\/eldiario_net\"]},{\"@type\":\"Person\",\"@id\":\"https:\\\/\\\/www.eldiario.net\\\/portal\\\/#\\\/schema\\\/person\\\/2c57cf2b7a7ae032e449e4c9b1019eac\",\"name\":\"Jeanette\",\"image\":{\"@type\":\"ImageObject\",\"inLanguage\":\"es\",\"@id\":\"https:\\\/\\\/secure.gravatar.com\\\/avatar\\\/3ea2118a5f7dad2b7138b1187a6b7ee55f160b9968b66013c3a3ef39dd7e5798?s=96&d=mm&r=g\",\"url\":\"https:\\\/\\\/secure.gravatar.com\\\/avatar\\\/3ea2118a5f7dad2b7138b1187a6b7ee55f160b9968b66013c3a3ef39dd7e5798?s=96&d=mm&r=g\",\"contentUrl\":\"https:\\\/\\\/secure.gravatar.com\\\/avatar\\\/3ea2118a5f7dad2b7138b1187a6b7ee55f160b9968b66013c3a3ef39dd7e5798?s=96&d=mm&r=g\",\"caption\":\"Jeanette\"},\"sameAs\":[\"https:\\\/\\\/www.eldiario.net\\\/portal\"],\"url\":\"https:\\\/\\\/www.eldiario.net\\\/portal\\\/author\\\/jeanette\\\/\"}]}<\/script>\n<!-- \/ Yoast SEO plugin. -->","yoast_head_json":{"title":"LA QUINUA Y SUS PROPIEDADES NUTRICIONALES - El Diario - Bolivia","robots":{"index":"index","follow":"follow","max-snippet":"max-snippet:-1","max-image-preview":"max-image-preview:large","max-video-preview":"max-video-preview:-1"},"canonical":"https:\/\/www.eldiario.net\/portal\/2024\/05\/12\/la-quinua-y-sus-propiedades-nutricionales\/","og_locale":"es_ES","og_type":"article","og_title":"LA QUINUA Y SUS PROPIEDADES NUTRICIONALES - El Diario - Bolivia","og_description":"La quinua ha sido reconocida por siglos como un importante cultivo alimenticio en los Andes de Sudam\u00e9rica. Sus granos son altamente nutritivos con una importante cantidad de prote\u00ednas y compuestos bioactivos superando en valor biol\u00f3gico a los tradicionales granos de cereales. De esta manera la quinua representa un alimento nutricionalmente bien balanceado con m\u00faltiples propiedades [&hellip;]","og_url":"https:\/\/www.eldiario.net\/portal\/2024\/05\/12\/la-quinua-y-sus-propiedades-nutricionales\/","og_site_name":"El Diario - Bolivia","article_publisher":"https:\/\/www.facebook.com\/eldiario.bolivia\/","article_published_time":"2024-05-12T12:07:17+00:00","og_image":[{"width":2218,"height":1331,"url":"https:\/\/www.eldiario.net\/portal\/wp-content\/uploads\/2024\/05\/LA-QUINUA-Y-SUS-PROPIEDADES-NUTRICIONALES.jpg","type":"image\/jpeg"}],"author":"Jeanette","twitter_card":"summary_large_image","twitter_creator":"@eldiario_net","twitter_site":"@eldiario_net","twitter_misc":{"Escrito por":"Jeanette","Tiempo de lectura":"2 minutos"},"schema":{"@context":"https:\/\/schema.org","@graph":[{"@type":"Article","@id":"https:\/\/www.eldiario.net\/portal\/2024\/05\/12\/la-quinua-y-sus-propiedades-nutricionales\/#article","isPartOf":{"@id":"https:\/\/www.eldiario.net\/portal\/2024\/05\/12\/la-quinua-y-sus-propiedades-nutricionales\/"},"author":{"name":"Jeanette","@id":"https:\/\/www.eldiario.net\/portal\/#\/schema\/person\/2c57cf2b7a7ae032e449e4c9b1019eac"},"headline":"LA QUINUA Y SUS PROPIEDADES NUTRICIONALES","datePublished":"2024-05-12T12:07:17+00:00","mainEntityOfPage":{"@id":"https:\/\/www.eldiario.net\/portal\/2024\/05\/12\/la-quinua-y-sus-propiedades-nutricionales\/"},"wordCount":392,"commentCount":0,"publisher":{"@id":"https:\/\/www.eldiario.net\/portal\/#organization"},"image":{"@id":"https:\/\/www.eldiario.net\/portal\/2024\/05\/12\/la-quinua-y-sus-propiedades-nutricionales\/#primaryimage"},"thumbnailUrl":"https:\/\/www.eldiario.net\/portal\/wp-content\/uploads\/2024\/05\/LA-QUINUA-Y-SUS-PROPIEDADES-NUTRICIONALES.jpg","articleSection":["De Salud + vida"],"inLanguage":"es","potentialAction":[{"@type":"CommentAction","name":"Comment","target":["https:\/\/www.eldiario.net\/portal\/2024\/05\/12\/la-quinua-y-sus-propiedades-nutricionales\/#respond"]}]},{"@type":"WebPage","@id":"https:\/\/www.eldiario.net\/portal\/2024\/05\/12\/la-quinua-y-sus-propiedades-nutricionales\/","url":"https:\/\/www.eldiario.net\/portal\/2024\/05\/12\/la-quinua-y-sus-propiedades-nutricionales\/","name":"LA QUINUA Y SUS PROPIEDADES NUTRICIONALES - El Diario - Bolivia","isPartOf":{"@id":"https:\/\/www.eldiario.net\/portal\/#website"},"primaryImageOfPage":{"@id":"https:\/\/www.eldiario.net\/portal\/2024\/05\/12\/la-quinua-y-sus-propiedades-nutricionales\/#primaryimage"},"image":{"@id":"https:\/\/www.eldiario.net\/portal\/2024\/05\/12\/la-quinua-y-sus-propiedades-nutricionales\/#primaryimage"},"thumbnailUrl":"https:\/\/www.eldiario.net\/portal\/wp-content\/uploads\/2024\/05\/LA-QUINUA-Y-SUS-PROPIEDADES-NUTRICIONALES.jpg","datePublished":"2024-05-12T12:07:17+00:00","breadcrumb":{"@id":"https:\/\/www.eldiario.net\/portal\/2024\/05\/12\/la-quinua-y-sus-propiedades-nutricionales\/#breadcrumb"},"inLanguage":"es","potentialAction":[{"@type":"ReadAction","target":["https:\/\/www.eldiario.net\/portal\/2024\/05\/12\/la-quinua-y-sus-propiedades-nutricionales\/"]}]},{"@type":"ImageObject","inLanguage":"es","@id":"https:\/\/www.eldiario.net\/portal\/2024\/05\/12\/la-quinua-y-sus-propiedades-nutricionales\/#primaryimage","url":"https:\/\/www.eldiario.net\/portal\/wp-content\/uploads\/2024\/05\/LA-QUINUA-Y-SUS-PROPIEDADES-NUTRICIONALES.jpg","contentUrl":"https:\/\/www.eldiario.net\/portal\/wp-content\/uploads\/2024\/05\/LA-QUINUA-Y-SUS-PROPIEDADES-NUTRICIONALES.jpg","width":2218,"height":1331},{"@type":"BreadcrumbList","@id":"https:\/\/www.eldiario.net\/portal\/2024\/05\/12\/la-quinua-y-sus-propiedades-nutricionales\/#breadcrumb","itemListElement":[{"@type":"ListItem","position":1,"name":"Portada","item":"https:\/\/www.eldiario.net\/portal\/"},{"@type":"ListItem","position":2,"name":"LA QUINUA Y SUS PROPIEDADES NUTRICIONALES"}]},{"@type":"WebSite","@id":"https:\/\/www.eldiario.net\/portal\/#website","url":"https:\/\/www.eldiario.net\/portal\/","name":"El Diario - Decano de la prensa nacional","description":"El Diario - Decano de la prensa nacional","publisher":{"@id":"https:\/\/www.eldiario.net\/portal\/#organization"},"potentialAction":[{"@type":"SearchAction","target":{"@type":"EntryPoint","urlTemplate":"https:\/\/www.eldiario.net\/portal\/?s={search_term_string}"},"query-input":{"@type":"PropertyValueSpecification","valueRequired":true,"valueName":"search_term_string"}}],"inLanguage":"es"},{"@type":"Organization","@id":"https:\/\/www.eldiario.net\/portal\/#organization","name":"El Diario - Decano de la prensa nacional","url":"https:\/\/www.eldiario.net\/portal\/","logo":{"@type":"ImageObject","inLanguage":"es","@id":"https:\/\/www.eldiario.net\/portal\/#\/schema\/logo\/image\/","url":"https:\/\/www.eldiario.net\/portal\/wp-content\/uploads\/2023\/07\/logo_ED.jpg","contentUrl":"https:\/\/www.eldiario.net\/portal\/wp-content\/uploads\/2023\/07\/logo_ED.jpg","width":272,"height":52,"caption":"El Diario - Decano de la prensa nacional"},"image":{"@id":"https:\/\/www.eldiario.net\/portal\/#\/schema\/logo\/image\/"},"sameAs":["https:\/\/www.facebook.com\/eldiario.bolivia\/","https:\/\/x.com\/eldiario_net"]},{"@type":"Person","@id":"https:\/\/www.eldiario.net\/portal\/#\/schema\/person\/2c57cf2b7a7ae032e449e4c9b1019eac","name":"Jeanette","image":{"@type":"ImageObject","inLanguage":"es","@id":"https:\/\/secure.gravatar.com\/avatar\/3ea2118a5f7dad2b7138b1187a6b7ee55f160b9968b66013c3a3ef39dd7e5798?s=96&d=mm&r=g","url":"https:\/\/secure.gravatar.com\/avatar\/3ea2118a5f7dad2b7138b1187a6b7ee55f160b9968b66013c3a3ef39dd7e5798?s=96&d=mm&r=g","contentUrl":"https:\/\/secure.gravatar.com\/avatar\/3ea2118a5f7dad2b7138b1187a6b7ee55f160b9968b66013c3a3ef39dd7e5798?s=96&d=mm&r=g","caption":"Jeanette"},"sameAs":["https:\/\/www.eldiario.net\/portal"],"url":"https:\/\/www.eldiario.net\/portal\/author\/jeanette\/"}]}},"_links":{"self":[{"href":"https:\/\/www.eldiario.net\/portal\/wp-json\/wp\/v2\/posts\/220134","targetHints":{"allow":["GET"]}}],"collection":[{"href":"https:\/\/www.eldiario.net\/portal\/wp-json\/wp\/v2\/posts"}],"about":[{"href":"https:\/\/www.eldiario.net\/portal\/wp-json\/wp\/v2\/types\/post"}],"author":[{"embeddable":true,"href":"https:\/\/www.eldiario.net\/portal\/wp-json\/wp\/v2\/users\/1"}],"replies":[{"embeddable":true,"href":"https:\/\/www.eldiario.net\/portal\/wp-json\/wp\/v2\/comments?post=220134"}],"version-history":[{"count":1,"href":"https:\/\/www.eldiario.net\/portal\/wp-json\/wp\/v2\/posts\/220134\/revisions"}],"predecessor-version":[{"id":220136,"href":"https:\/\/www.eldiario.net\/portal\/wp-json\/wp\/v2\/posts\/220134\/revisions\/220136"}],"wp:featuredmedia":[{"embeddable":true,"href":"https:\/\/www.eldiario.net\/portal\/wp-json\/wp\/v2\/media\/220135"}],"wp:attachment":[{"href":"https:\/\/www.eldiario.net\/portal\/wp-json\/wp\/v2\/media?parent=220134"}],"wp:term":[{"taxonomy":"category","embeddable":true,"href":"https:\/\/www.eldiario.net\/portal\/wp-json\/wp\/v2\/categories?post=220134"},{"taxonomy":"post_tag","embeddable":true,"href":"https:\/\/www.eldiario.net\/portal\/wp-json\/wp\/v2\/tags?post=220134"}],"curies":[{"name":"wp","href":"https:\/\/api.w.org\/{rel}","templated":true}]}}