{"id":219990,"date":"2024-05-12T07:01:06","date_gmt":"2024-05-12T11:01:06","guid":{"rendered":"https:\/\/www.eldiario.net\/portal\/?p=219990"},"modified":"2024-05-12T07:01:06","modified_gmt":"2024-05-12T11:01:06","slug":"comuna-y-transporte-se-reuniran-para-hablar-de-estudio-de-costos","status":"publish","type":"post","link":"https:\/\/www.eldiario.net\/portal\/2024\/05\/12\/comuna-y-transporte-se-reuniran-para-hablar-de-estudio-de-costos\/","title":{"rendered":"Comuna y transporte se reunir\u00e1n  para hablar de estudio de costos"},"content":{"rendered":"<p>Para la pr\u00f3xima semana, seg\u00fan el alcalde de La Paz, Iv\u00e1n Arias, se tiene prevista la reuni\u00f3n con el sector del autotransporte para definir el tema del estudio t\u00e9cnico de costos que los choferes pidieron que realice la comuna pace\u00f1a. En tanto, los representantes de las juntas vecinales descartan la medida.<br \/>\n\u201cEn La Paz tenemos la Federaci\u00f3n Chuquiago Marka y con ellos dialogaremos, pero adem\u00e1s con la junta de vecinos, con gremiales y con transportistas para hacer un estudio t\u00e9cnico que determine si, s\u00ed o si, no (hay alza de tarifa en el pasaje) Me ha llegado la solicitud de Chuquiago Marka (para hacer el estudio t\u00e9cnico) y hemos quedado vernos la pr\u00f3xima semana para hacer esta reuni\u00f3n tripartita y a partir de eso empezar a hacer unas mesas de trabajo\u201d, sostuvo Arias.<br \/>\nEn tanto, representantes de la Fejuve pace\u00f1a se\u00f1alaron que la medida obedece a un af\u00e1n pol\u00edtico de ciertas personas y advirtieron con tomar medidas de presi\u00f3n para evitar que el precio del pasaje suba.<br \/>\n\u201cEl pueblo pace\u00f1o rechaza el alza de precios de la tarifa de transporte p\u00fablico porque sabemos y entendemos que esto es un movimiento pol\u00edtico gestado por el exdiputado Lucio Gonzales y est\u00e1 ah\u00ed metido el se\u00f1or Mario Silva, no pensamos que los transportistas est\u00e9n atentando contra la econom\u00eda del pueblo pace\u00f1o\u201d, asegur\u00f3 el control social de la Fejuve de La Paz, Eulogio Aruquipa.<br \/>\nApunt\u00f3 que dirigentes vecinales, la Fejuve de macrodistrito Perif\u00e9rica, asociaciones comunitarias y controles sociales del municipio de La Paz, rechazan el intento de alza de precios de las tarifas del transporte p\u00fablico y \u201cde ser as\u00ed, el pueblo pace\u00f1o vamos a salir en protesta, a defender a la gente humilde porque est\u00e1n queriendo atentar al bolsillo de la gente pobre\u201d.<br \/>\n\u201cEstamos organiz\u00e1ndonos en estos d\u00edas las juntas vecinales, vamos a tener un ampliado en estos d\u00edas a nivel municipio para rechazar\u201d, recalc\u00f3 el dirigente.<br \/>\nAruquipa indic\u00f3 que dar\u00e1n un plazo para que los transportistas \u201crecapaciten\u201d y modifiquen si intento de incrementar el pasaje. Adem\u00e1s lament\u00f3 que autoridades gubernamentales participen de reuniones sindicales.<br \/>\n\u201cVamos a esperar esta semana, porque sabemos que hace d\u00edas han tenido un ampliado (los choferes) y que lamentable que estaba nuestro ministro de Obras P\u00fablicas, el se\u00f1or Edgar Monta\u00f1o, y por eso entendemos las juntas vecinales que esto es un movimiento pol\u00edtico que quiere atentar la econ\u00f3mica del pueblo pace\u00f1o, no vamos a aceptar por nada\u201d, justific\u00f3.<\/p>\n","protected":false},"excerpt":{"rendered":"<p>Para la pr\u00f3xima semana, seg\u00fan el alcalde de La Paz, Iv\u00e1n Arias, se tiene prevista la reuni\u00f3n con el sector del autotransporte para definir el tema del estudio t\u00e9cnico de costos que los choferes pidieron que realice la comuna pace\u00f1a. En tanto, los representantes de las juntas vecinales descartan la medida. \u201cEn La Paz tenemos [&hellip;]<\/p>\n","protected":false},"author":1,"featured_media":194726,"comment_status":"open","ping_status":"open","sticky":false,"template":"","format":"standard","meta":{"_acf_changed":false,"footnotes":""},"categories":[12],"tags":[],"class_list":["post-219990","post","type-post","status-publish","format-standard","has-post-thumbnail","category-nacional"],"acf":{"antetitulo":"Pactan encuentro para la pr\u00f3xima semana"},"yoast_head":"<!-- This site is optimized with the Yoast SEO plugin v28.4 - https:\/\/yoast.com\/product\/yoast-seo-wordpress\/ -->\n<title>Comuna y transporte se reunir\u00e1n para hablar de estudio de costos - El Diario - Bolivia<\/title>\n<meta name=\"robots\" content=\"index, follow, max-snippet:-1, max-image-preview:large, max-video-preview:-1\" \/>\n<link rel=\"canonical\" href=\"https:\/\/www.eldiario.net\/portal\/2024\/05\/12\/comuna-y-transporte-se-reuniran-para-hablar-de-estudio-de-costos\/\" \/>\n<meta property=\"og:locale\" content=\"es_ES\" \/>\n<meta property=\"og:type\" content=\"article\" \/>\n<meta property=\"og:title\" content=\"Comuna y transporte se reunir\u00e1n para hablar de estudio de costos - El Diario - Bolivia\" \/>\n<meta property=\"og:description\" content=\"Para la pr\u00f3xima semana, seg\u00fan el alcalde de La Paz, Iv\u00e1n Arias, se tiene prevista la reuni\u00f3n con el sector del autotransporte para definir el tema del estudio t\u00e9cnico de costos que los choferes pidieron que realice la comuna pace\u00f1a. En tanto, los representantes de las juntas vecinales descartan la medida. \u201cEn La Paz tenemos [&hellip;]\" \/>\n<meta property=\"og:url\" content=\"https:\/\/www.eldiario.net\/portal\/2024\/05\/12\/comuna-y-transporte-se-reuniran-para-hablar-de-estudio-de-costos\/\" \/>\n<meta property=\"og:site_name\" content=\"El Diario - Bolivia\" \/>\n<meta property=\"article:publisher\" content=\"https:\/\/www.facebook.com\/eldiario.bolivia\/\" \/>\n<meta property=\"article:published_time\" content=\"2024-05-12T11:01:06+00:00\" \/>\n<meta property=\"og:image\" content=\"https:\/\/www.eldiario.net\/portal\/wp-content\/uploads\/2023\/12\/Nacional.jpg\" \/>\n\t<meta property=\"og:image:width\" content=\"800\" \/>\n\t<meta property=\"og:image:height\" content=\"500\" \/>\n\t<meta property=\"og:image:type\" content=\"image\/jpeg\" \/>\n<meta name=\"author\" content=\"Jeanette\" \/>\n<meta name=\"twitter:card\" content=\"summary_large_image\" \/>\n<meta name=\"twitter:creator\" content=\"@eldiario_net\" \/>\n<meta name=\"twitter:site\" content=\"@eldiario_net\" \/>\n<meta name=\"twitter:label1\" content=\"Escrito por\" \/>\n\t<meta name=\"twitter:data1\" content=\"Jeanette\" \/>\n\t<meta name=\"twitter:label2\" content=\"Tiempo de lectura\" \/>\n\t<meta name=\"twitter:data2\" content=\"3 minutos\" \/>\n<script type=\"application\/ld+json\" class=\"yoast-schema-graph\">{\"@context\":\"https:\\\/\\\/schema.org\",\"@graph\":[{\"@type\":\"Article\",\"@id\":\"https:\\\/\\\/www.eldiario.net\\\/portal\\\/2024\\\/05\\\/12\\\/comuna-y-transporte-se-reuniran-para-hablar-de-estudio-de-costos\\\/#article\",\"isPartOf\":{\"@id\":\"https:\\\/\\\/www.eldiario.net\\\/portal\\\/2024\\\/05\\\/12\\\/comuna-y-transporte-se-reuniran-para-hablar-de-estudio-de-costos\\\/\"},\"author\":{\"name\":\"Jeanette\",\"@id\":\"https:\\\/\\\/www.eldiario.net\\\/portal\\\/#\\\/schema\\\/person\\\/f46445640444750d7d753ccd04ae01b7\"},\"headline\":\"Comuna y transporte se reunir\u00e1n para hablar de estudio de costos\",\"datePublished\":\"2024-05-12T11:01:06+00:00\",\"mainEntityOfPage\":{\"@id\":\"https:\\\/\\\/www.eldiario.net\\\/portal\\\/2024\\\/05\\\/12\\\/comuna-y-transporte-se-reuniran-para-hablar-de-estudio-de-costos\\\/\"},\"wordCount\":452,\"commentCount\":0,\"publisher\":{\"@id\":\"https:\\\/\\\/www.eldiario.net\\\/portal\\\/#organization\"},\"image\":{\"@id\":\"https:\\\/\\\/www.eldiario.net\\\/portal\\\/2024\\\/05\\\/12\\\/comuna-y-transporte-se-reuniran-para-hablar-de-estudio-de-costos\\\/#primaryimage\"},\"thumbnailUrl\":\"https:\\\/\\\/www.eldiario.net\\\/portal\\\/wp-content\\\/uploads\\\/2023\\\/12\\\/Nacional.jpg\",\"articleSection\":[\"Nacional\"],\"inLanguage\":\"es\",\"potentialAction\":[{\"@type\":\"CommentAction\",\"name\":\"Comment\",\"target\":[\"https:\\\/\\\/www.eldiario.net\\\/portal\\\/2024\\\/05\\\/12\\\/comuna-y-transporte-se-reuniran-para-hablar-de-estudio-de-costos\\\/#respond\"]}]},{\"@type\":\"WebPage\",\"@id\":\"https:\\\/\\\/www.eldiario.net\\\/portal\\\/2024\\\/05\\\/12\\\/comuna-y-transporte-se-reuniran-para-hablar-de-estudio-de-costos\\\/\",\"url\":\"https:\\\/\\\/www.eldiario.net\\\/portal\\\/2024\\\/05\\\/12\\\/comuna-y-transporte-se-reuniran-para-hablar-de-estudio-de-costos\\\/\",\"name\":\"Comuna y transporte se reunir\u00e1n para hablar de estudio de costos - El Diario - Bolivia\",\"isPartOf\":{\"@id\":\"https:\\\/\\\/www.eldiario.net\\\/portal\\\/#website\"},\"primaryImageOfPage\":{\"@id\":\"https:\\\/\\\/www.eldiario.net\\\/portal\\\/2024\\\/05\\\/12\\\/comuna-y-transporte-se-reuniran-para-hablar-de-estudio-de-costos\\\/#primaryimage\"},\"image\":{\"@id\":\"https:\\\/\\\/www.eldiario.net\\\/portal\\\/2024\\\/05\\\/12\\\/comuna-y-transporte-se-reuniran-para-hablar-de-estudio-de-costos\\\/#primaryimage\"},\"thumbnailUrl\":\"https:\\\/\\\/www.eldiario.net\\\/portal\\\/wp-content\\\/uploads\\\/2023\\\/12\\\/Nacional.jpg\",\"datePublished\":\"2024-05-12T11:01:06+00:00\",\"breadcrumb\":{\"@id\":\"https:\\\/\\\/www.eldiario.net\\\/portal\\\/2024\\\/05\\\/12\\\/comuna-y-transporte-se-reuniran-para-hablar-de-estudio-de-costos\\\/#breadcrumb\"},\"inLanguage\":\"es\",\"potentialAction\":[{\"@type\":\"ReadAction\",\"target\":[\"https:\\\/\\\/www.eldiario.net\\\/portal\\\/2024\\\/05\\\/12\\\/comuna-y-transporte-se-reuniran-para-hablar-de-estudio-de-costos\\\/\"]}]},{\"@type\":\"ImageObject\",\"inLanguage\":\"es\",\"@id\":\"https:\\\/\\\/www.eldiario.net\\\/portal\\\/2024\\\/05\\\/12\\\/comuna-y-transporte-se-reuniran-para-hablar-de-estudio-de-costos\\\/#primaryimage\",\"url\":\"https:\\\/\\\/www.eldiario.net\\\/portal\\\/wp-content\\\/uploads\\\/2023\\\/12\\\/Nacional.jpg\",\"contentUrl\":\"https:\\\/\\\/www.eldiario.net\\\/portal\\\/wp-content\\\/uploads\\\/2023\\\/12\\\/Nacional.jpg\",\"width\":800,\"height\":500},{\"@type\":\"BreadcrumbList\",\"@id\":\"https:\\\/\\\/www.eldiario.net\\\/portal\\\/2024\\\/05\\\/12\\\/comuna-y-transporte-se-reuniran-para-hablar-de-estudio-de-costos\\\/#breadcrumb\",\"itemListElement\":[{\"@type\":\"ListItem\",\"position\":1,\"name\":\"Portada\",\"item\":\"https:\\\/\\\/www.eldiario.net\\\/portal\\\/\"},{\"@type\":\"ListItem\",\"position\":2,\"name\":\"Comuna y transporte se reunir\u00e1n para hablar de estudio de costos\"}]},{\"@type\":\"WebSite\",\"@id\":\"https:\\\/\\\/www.eldiario.net\\\/portal\\\/#website\",\"url\":\"https:\\\/\\\/www.eldiario.net\\\/portal\\\/\",\"name\":\"El Diario - Decano de la prensa nacional\",\"description\":\"El Diario - Decano de la prensa nacional\",\"publisher\":{\"@id\":\"https:\\\/\\\/www.eldiario.net\\\/portal\\\/#organization\"},\"potentialAction\":[{\"@type\":\"SearchAction\",\"target\":{\"@type\":\"EntryPoint\",\"urlTemplate\":\"https:\\\/\\\/www.eldiario.net\\\/portal\\\/?s={search_term_string}\"},\"query-input\":{\"@type\":\"PropertyValueSpecification\",\"valueRequired\":true,\"valueName\":\"search_term_string\"}}],\"inLanguage\":\"es\"},{\"@type\":\"Organization\",\"@id\":\"https:\\\/\\\/www.eldiario.net\\\/portal\\\/#organization\",\"name\":\"El Diario - Decano de la prensa nacional\",\"url\":\"https:\\\/\\\/www.eldiario.net\\\/portal\\\/\",\"logo\":{\"@type\":\"ImageObject\",\"inLanguage\":\"es\",\"@id\":\"https:\\\/\\\/www.eldiario.net\\\/portal\\\/#\\\/schema\\\/logo\\\/image\\\/\",\"url\":\"https:\\\/\\\/www.eldiario.net\\\/portal\\\/wp-content\\\/uploads\\\/2023\\\/07\\\/logo_ED.jpg\",\"contentUrl\":\"https:\\\/\\\/www.eldiario.net\\\/portal\\\/wp-content\\\/uploads\\\/2023\\\/07\\\/logo_ED.jpg\",\"width\":272,\"height\":52,\"caption\":\"El Diario - Decano de la prensa nacional\"},\"image\":{\"@id\":\"https:\\\/\\\/www.eldiario.net\\\/portal\\\/#\\\/schema\\\/logo\\\/image\\\/\"},\"sameAs\":[\"https:\\\/\\\/www.facebook.com\\\/eldiario.bolivia\\\/\",\"https:\\\/\\\/x.com\\\/eldiario_net\"]},{\"@type\":\"Person\",\"@id\":\"https:\\\/\\\/www.eldiario.net\\\/portal\\\/#\\\/schema\\\/person\\\/f46445640444750d7d753ccd04ae01b7\",\"name\":\"Jeanette\",\"image\":{\"@type\":\"ImageObject\",\"inLanguage\":\"es\",\"@id\":\"https:\\\/\\\/secure.gravatar.com\\\/avatar\\\/3ea2118a5f7dad2b7138b1187a6b7ee55f160b9968b66013c3a3ef39dd7e5798?s=96&d=mm&r=g\",\"url\":\"https:\\\/\\\/secure.gravatar.com\\\/avatar\\\/3ea2118a5f7dad2b7138b1187a6b7ee55f160b9968b66013c3a3ef39dd7e5798?s=96&d=mm&r=g\",\"contentUrl\":\"https:\\\/\\\/secure.gravatar.com\\\/avatar\\\/3ea2118a5f7dad2b7138b1187a6b7ee55f160b9968b66013c3a3ef39dd7e5798?s=96&d=mm&r=g\",\"caption\":\"Jeanette\"},\"sameAs\":[\"https:\\\/\\\/www.eldiario.net\\\/portal\"],\"url\":\"https:\\\/\\\/www.eldiario.net\\\/portal\\\/author\\\/jeanette\\\/\"}]}<\/script>\n<!-- \/ Yoast SEO plugin. -->","yoast_head_json":{"title":"Comuna y transporte se reunir\u00e1n para hablar de estudio de costos - El Diario - Bolivia","robots":{"index":"index","follow":"follow","max-snippet":"max-snippet:-1","max-image-preview":"max-image-preview:large","max-video-preview":"max-video-preview:-1"},"canonical":"https:\/\/www.eldiario.net\/portal\/2024\/05\/12\/comuna-y-transporte-se-reuniran-para-hablar-de-estudio-de-costos\/","og_locale":"es_ES","og_type":"article","og_title":"Comuna y transporte se reunir\u00e1n para hablar de estudio de costos - El Diario - Bolivia","og_description":"Para la pr\u00f3xima semana, seg\u00fan el alcalde de La Paz, Iv\u00e1n Arias, se tiene prevista la reuni\u00f3n con el sector del autotransporte para definir el tema del estudio t\u00e9cnico de costos que los choferes pidieron que realice la comuna pace\u00f1a. En tanto, los representantes de las juntas vecinales descartan la medida. \u201cEn La Paz tenemos [&hellip;]","og_url":"https:\/\/www.eldiario.net\/portal\/2024\/05\/12\/comuna-y-transporte-se-reuniran-para-hablar-de-estudio-de-costos\/","og_site_name":"El Diario - Bolivia","article_publisher":"https:\/\/www.facebook.com\/eldiario.bolivia\/","article_published_time":"2024-05-12T11:01:06+00:00","og_image":[{"width":800,"height":500,"url":"https:\/\/www.eldiario.net\/portal\/wp-content\/uploads\/2023\/12\/Nacional.jpg","type":"image\/jpeg"}],"author":"Jeanette","twitter_card":"summary_large_image","twitter_creator":"@eldiario_net","twitter_site":"@eldiario_net","twitter_misc":{"Escrito por":"Jeanette","Tiempo de lectura":"3 minutos"},"schema":{"@context":"https:\/\/schema.org","@graph":[{"@type":"Article","@id":"https:\/\/www.eldiario.net\/portal\/2024\/05\/12\/comuna-y-transporte-se-reuniran-para-hablar-de-estudio-de-costos\/#article","isPartOf":{"@id":"https:\/\/www.eldiario.net\/portal\/2024\/05\/12\/comuna-y-transporte-se-reuniran-para-hablar-de-estudio-de-costos\/"},"author":{"name":"Jeanette","@id":"https:\/\/www.eldiario.net\/portal\/#\/schema\/person\/f46445640444750d7d753ccd04ae01b7"},"headline":"Comuna y transporte se reunir\u00e1n para hablar de estudio de costos","datePublished":"2024-05-12T11:01:06+00:00","mainEntityOfPage":{"@id":"https:\/\/www.eldiario.net\/portal\/2024\/05\/12\/comuna-y-transporte-se-reuniran-para-hablar-de-estudio-de-costos\/"},"wordCount":452,"commentCount":0,"publisher":{"@id":"https:\/\/www.eldiario.net\/portal\/#organization"},"image":{"@id":"https:\/\/www.eldiario.net\/portal\/2024\/05\/12\/comuna-y-transporte-se-reuniran-para-hablar-de-estudio-de-costos\/#primaryimage"},"thumbnailUrl":"https:\/\/www.eldiario.net\/portal\/wp-content\/uploads\/2023\/12\/Nacional.jpg","articleSection":["Nacional"],"inLanguage":"es","potentialAction":[{"@type":"CommentAction","name":"Comment","target":["https:\/\/www.eldiario.net\/portal\/2024\/05\/12\/comuna-y-transporte-se-reuniran-para-hablar-de-estudio-de-costos\/#respond"]}]},{"@type":"WebPage","@id":"https:\/\/www.eldiario.net\/portal\/2024\/05\/12\/comuna-y-transporte-se-reuniran-para-hablar-de-estudio-de-costos\/","url":"https:\/\/www.eldiario.net\/portal\/2024\/05\/12\/comuna-y-transporte-se-reuniran-para-hablar-de-estudio-de-costos\/","name":"Comuna y transporte se reunir\u00e1n para hablar de estudio de costos - El Diario - Bolivia","isPartOf":{"@id":"https:\/\/www.eldiario.net\/portal\/#website"},"primaryImageOfPage":{"@id":"https:\/\/www.eldiario.net\/portal\/2024\/05\/12\/comuna-y-transporte-se-reuniran-para-hablar-de-estudio-de-costos\/#primaryimage"},"image":{"@id":"https:\/\/www.eldiario.net\/portal\/2024\/05\/12\/comuna-y-transporte-se-reuniran-para-hablar-de-estudio-de-costos\/#primaryimage"},"thumbnailUrl":"https:\/\/www.eldiario.net\/portal\/wp-content\/uploads\/2023\/12\/Nacional.jpg","datePublished":"2024-05-12T11:01:06+00:00","breadcrumb":{"@id":"https:\/\/www.eldiario.net\/portal\/2024\/05\/12\/comuna-y-transporte-se-reuniran-para-hablar-de-estudio-de-costos\/#breadcrumb"},"inLanguage":"es","potentialAction":[{"@type":"ReadAction","target":["https:\/\/www.eldiario.net\/portal\/2024\/05\/12\/comuna-y-transporte-se-reuniran-para-hablar-de-estudio-de-costos\/"]}]},{"@type":"ImageObject","inLanguage":"es","@id":"https:\/\/www.eldiario.net\/portal\/2024\/05\/12\/comuna-y-transporte-se-reuniran-para-hablar-de-estudio-de-costos\/#primaryimage","url":"https:\/\/www.eldiario.net\/portal\/wp-content\/uploads\/2023\/12\/Nacional.jpg","contentUrl":"https:\/\/www.eldiario.net\/portal\/wp-content\/uploads\/2023\/12\/Nacional.jpg","width":800,"height":500},{"@type":"BreadcrumbList","@id":"https:\/\/www.eldiario.net\/portal\/2024\/05\/12\/comuna-y-transporte-se-reuniran-para-hablar-de-estudio-de-costos\/#breadcrumb","itemListElement":[{"@type":"ListItem","position":1,"name":"Portada","item":"https:\/\/www.eldiario.net\/portal\/"},{"@type":"ListItem","position":2,"name":"Comuna y transporte se reunir\u00e1n para hablar de estudio de costos"}]},{"@type":"WebSite","@id":"https:\/\/www.eldiario.net\/portal\/#website","url":"https:\/\/www.eldiario.net\/portal\/","name":"El Diario - Decano de la prensa nacional","description":"El Diario - Decano de la prensa nacional","publisher":{"@id":"https:\/\/www.eldiario.net\/portal\/#organization"},"potentialAction":[{"@type":"SearchAction","target":{"@type":"EntryPoint","urlTemplate":"https:\/\/www.eldiario.net\/portal\/?s={search_term_string}"},"query-input":{"@type":"PropertyValueSpecification","valueRequired":true,"valueName":"search_term_string"}}],"inLanguage":"es"},{"@type":"Organization","@id":"https:\/\/www.eldiario.net\/portal\/#organization","name":"El Diario - Decano de la prensa nacional","url":"https:\/\/www.eldiario.net\/portal\/","logo":{"@type":"ImageObject","inLanguage":"es","@id":"https:\/\/www.eldiario.net\/portal\/#\/schema\/logo\/image\/","url":"https:\/\/www.eldiario.net\/portal\/wp-content\/uploads\/2023\/07\/logo_ED.jpg","contentUrl":"https:\/\/www.eldiario.net\/portal\/wp-content\/uploads\/2023\/07\/logo_ED.jpg","width":272,"height":52,"caption":"El Diario - Decano de la prensa nacional"},"image":{"@id":"https:\/\/www.eldiario.net\/portal\/#\/schema\/logo\/image\/"},"sameAs":["https:\/\/www.facebook.com\/eldiario.bolivia\/","https:\/\/x.com\/eldiario_net"]},{"@type":"Person","@id":"https:\/\/www.eldiario.net\/portal\/#\/schema\/person\/f46445640444750d7d753ccd04ae01b7","name":"Jeanette","image":{"@type":"ImageObject","inLanguage":"es","@id":"https:\/\/secure.gravatar.com\/avatar\/3ea2118a5f7dad2b7138b1187a6b7ee55f160b9968b66013c3a3ef39dd7e5798?s=96&d=mm&r=g","url":"https:\/\/secure.gravatar.com\/avatar\/3ea2118a5f7dad2b7138b1187a6b7ee55f160b9968b66013c3a3ef39dd7e5798?s=96&d=mm&r=g","contentUrl":"https:\/\/secure.gravatar.com\/avatar\/3ea2118a5f7dad2b7138b1187a6b7ee55f160b9968b66013c3a3ef39dd7e5798?s=96&d=mm&r=g","caption":"Jeanette"},"sameAs":["https:\/\/www.eldiario.net\/portal"],"url":"https:\/\/www.eldiario.net\/portal\/author\/jeanette\/"}]}},"_links":{"self":[{"href":"https:\/\/www.eldiario.net\/portal\/wp-json\/wp\/v2\/posts\/219990","targetHints":{"allow":["GET"]}}],"collection":[{"href":"https:\/\/www.eldiario.net\/portal\/wp-json\/wp\/v2\/posts"}],"about":[{"href":"https:\/\/www.eldiario.net\/portal\/wp-json\/wp\/v2\/types\/post"}],"author":[{"embeddable":true,"href":"https:\/\/www.eldiario.net\/portal\/wp-json\/wp\/v2\/users\/1"}],"replies":[{"embeddable":true,"href":"https:\/\/www.eldiario.net\/portal\/wp-json\/wp\/v2\/comments?post=219990"}],"version-history":[{"count":1,"href":"https:\/\/www.eldiario.net\/portal\/wp-json\/wp\/v2\/posts\/219990\/revisions"}],"predecessor-version":[{"id":219991,"href":"https:\/\/www.eldiario.net\/portal\/wp-json\/wp\/v2\/posts\/219990\/revisions\/219991"}],"wp:featuredmedia":[{"embeddable":true,"href":"https:\/\/www.eldiario.net\/portal\/wp-json\/wp\/v2\/media\/194726"}],"wp:attachment":[{"href":"https:\/\/www.eldiario.net\/portal\/wp-json\/wp\/v2\/media?parent=219990"}],"wp:term":[{"taxonomy":"category","embeddable":true,"href":"https:\/\/www.eldiario.net\/portal\/wp-json\/wp\/v2\/categories?post=219990"},{"taxonomy":"post_tag","embeddable":true,"href":"https:\/\/www.eldiario.net\/portal\/wp-json\/wp\/v2\/tags?post=219990"}],"curies":[{"name":"wp","href":"https:\/\/api.w.org\/{rel}","templated":true}]}}