{"id":219985,"date":"2024-05-12T06:59:56","date_gmt":"2024-05-12T10:59:56","guid":{"rendered":"https:\/\/www.eldiario.net\/portal\/?p=219985"},"modified":"2024-05-12T06:59:56","modified_gmt":"2024-05-12T10:59:56","slug":"fiscalia-emite-5-nuevas-ordenes-de-aprehension","status":"publish","type":"post","link":"https:\/\/www.eldiario.net\/portal\/2024\/05\/12\/fiscalia-emite-5-nuevas-ordenes-de-aprehension\/","title":{"rendered":"Fiscal\u00eda emite 5 nuevas \u00f3rdenes de aprehensi\u00f3n"},"content":{"rendered":"<p>El Ministerio P\u00fablico emiti\u00f3 cinco nuevas \u00f3rdenes de aprehensi\u00f3n contra otros sospechosos en el marco de las investigaciones por las irregularidades en la construcci\u00f3n de piscinas para la planta de carbonato de litio en el Salar de Uyuni, inform\u00f3 el fiscal departamental de La Paz, William Alave.<br \/>\nAunque la Fiscal\u00eda allan\u00f3 dos inmuebles en el departamento de Santa Cruz el pasado jueves, no encontr\u00f3 a los sujetos buscados. En tal sentido, se emitieron tambi\u00e9n alertas migratorias para que los cinco coacusados de causar un da\u00f1o econ\u00f3mico por Bs 425 millones no puedan abandonar el pa\u00eds.<br \/>\n\u201cTenemos cinco mandamientos de aprehensi\u00f3n m\u00e1s por ejecutar. Se han realizado dos allanamientos en Santa Cruz sobre determinadas casas. Lastimosamente estaban totalmente vac\u00edas, pero nosotros, en el momento que recibimos la denuncia, hemos hecho las alertas migratorias, cerramos fronteras a trav\u00e9s de Migraci\u00f3n y esperemos que (los sujetos) est\u00e9n en Bolivia\u201d, declar\u00f3 Alave.<br \/>\nEl 18 de abril, la estatal, Yacimientos de Litio Bolivianos (YLB) present\u00f3 una demanda penal contra diez de sus exdirectivos y una empresa contratista por supuestas irregularidades encontradas en la construcci\u00f3n de 18 piscinas evapor\u00edticas, actualmente inoperantes, lo cual ocasion\u00f3 presuntamente un da\u00f1o econ\u00f3mico de m\u00e1s de 425 millones de bolivianos.<br \/>\nLa denuncia se\u00f1ala que los 18 estanques no pueden entrar en operaciones y tampoco proveen de materia prima a la planta de carbonato de litio localizada en el Salar de Uyuni.<br \/>\nUna de las ordenes de aprehensi\u00f3n es en contra de Paula G. R., representante de la empresa, Gerimex SRL, que firm\u00f3 no menos de ocho contratos directos para el proyecto del litio por\u00a0cerca de Bs 186 millones, entre los a\u00f1os 2013 y 2019,\u00a0de acuerdo con un reporte de la agencia gubernamental de comunicaci\u00f3n, ABI.<br \/>\n\u201cLa se\u00f1ora Paula G. R. est\u00e1 siendo buscada,\u00a0se ha emitido un mandamiento respectivo\u00a0y pues, lastimosamente, no ha sido habida en la ciudad de Santa Cruz\u201d, indic\u00f3 el fiscal.<\/p>\n<p>CINCO APREHENDIDOS Y UN MUERTO<br \/>\nHasta el momento, cinco personas fueron aprehendidas por el caso. La comisi\u00f3n de fiscales designados adelant\u00f3 varios trabajos y secuestr\u00f3 documentaci\u00f3n respecto a contratos, la cual fue sometida a una pericia de auditor\u00eda llevada adelante por el Instituto de Investigaciones Forenses (IDIF).<br \/>\n\u201cTenemos las personas que fueron denunciadas y forman parte de todas las que participaron de ese proceso de contrataci\u00f3n como licitaci\u00f3n y de las que tambi\u00e9n se beneficiaron de esas contrataciones. Tenemos el n\u00famero inicial de ocho ciudadanos que est\u00e1n siendo sometidas a esta investigaci\u00f3n\u201d, inform\u00f3 el fiscal general del Estado, Juan Lanchipa.<br \/>\nEntre el resto de aprehendidos est\u00e1n el exgerente nacional de recursos evapor\u00edticos, Luis Alberto Echaz\u00fa; el exencargado de fiscalizaci\u00f3n, Paul Quiroz Barrionuevo; y el exfuncionario de YLB, Cristian Arias Andia. Estos tres actualmente cumplen detenci\u00f3n domiciliaria.<br \/>\nEl resto de aprehendidos son el exingeniero de obras, Jorge Flores Mamani, y el exjefe de planta en Uyuni, Edwin Fenel\u00f3n U. Y., el \u00faltimo en ser aprehendido. Por su parte, el exgerente de YLB, Juan Carlos Montenegro, tambi\u00e9n result\u00f3 implicado, pero falleci\u00f3 el 24 de abril antes de ser investigado.<\/p>\n","protected":false},"excerpt":{"rendered":"<p>El Ministerio P\u00fablico emiti\u00f3 cinco nuevas \u00f3rdenes de aprehensi\u00f3n contra otros sospechosos en el marco de las investigaciones por las irregularidades en la construcci\u00f3n de piscinas para la planta de carbonato de litio en el Salar de Uyuni, inform\u00f3 el fiscal departamental de La Paz, William Alave. Aunque la Fiscal\u00eda allan\u00f3 dos inmuebles en el [&hellip;]<\/p>\n","protected":false},"author":1,"featured_media":219986,"comment_status":"open","ping_status":"open","sticky":false,"template":"","format":"standard","meta":{"_acf_changed":false,"footnotes":""},"categories":[39],"tags":[],"class_list":["post-219985","post","type-post","status-publish","format-standard","has-post-thumbnail","category-sociedad"],"acf":{"antetitulo":"Caso piscinas YLB"},"yoast_head":"<!-- This site is optimized with the Yoast SEO plugin v28.4 - https:\/\/yoast.com\/product\/yoast-seo-wordpress\/ -->\n<title>Fiscal\u00eda emite 5 nuevas \u00f3rdenes de aprehensi\u00f3n - El Diario - Bolivia<\/title>\n<meta name=\"robots\" content=\"index, follow, max-snippet:-1, max-image-preview:large, max-video-preview:-1\" \/>\n<link rel=\"canonical\" href=\"https:\/\/www.eldiario.net\/portal\/2024\/05\/12\/fiscalia-emite-5-nuevas-ordenes-de-aprehension\/\" \/>\n<meta property=\"og:locale\" content=\"es_ES\" \/>\n<meta property=\"og:type\" content=\"article\" \/>\n<meta property=\"og:title\" content=\"Fiscal\u00eda emite 5 nuevas \u00f3rdenes de aprehensi\u00f3n - El Diario - Bolivia\" \/>\n<meta property=\"og:description\" content=\"El Ministerio P\u00fablico emiti\u00f3 cinco nuevas \u00f3rdenes de aprehensi\u00f3n contra otros sospechosos en el marco de las investigaciones por las irregularidades en la construcci\u00f3n de piscinas para la planta de carbonato de litio en el Salar de Uyuni, inform\u00f3 el fiscal departamental de La Paz, William Alave. Aunque la Fiscal\u00eda allan\u00f3 dos inmuebles en el [&hellip;]\" \/>\n<meta property=\"og:url\" content=\"https:\/\/www.eldiario.net\/portal\/2024\/05\/12\/fiscalia-emite-5-nuevas-ordenes-de-aprehension\/\" \/>\n<meta property=\"og:site_name\" content=\"El Diario - Bolivia\" \/>\n<meta property=\"article:publisher\" content=\"https:\/\/www.facebook.com\/eldiario.bolivia\/\" \/>\n<meta property=\"article:published_time\" content=\"2024-05-12T10:59:56+00:00\" \/>\n<meta property=\"og:image\" content=\"https:\/\/www.eldiario.net\/portal\/wp-content\/uploads\/2024\/05\/12-YLB.jpeg\" \/>\n\t<meta property=\"og:image:width\" content=\"980\" \/>\n\t<meta property=\"og:image:height\" content=\"735\" \/>\n\t<meta property=\"og:image:type\" content=\"image\/jpeg\" \/>\n<meta name=\"author\" content=\"Jeanette\" \/>\n<meta name=\"twitter:card\" content=\"summary_large_image\" \/>\n<meta name=\"twitter:creator\" content=\"@eldiario_net\" \/>\n<meta name=\"twitter:site\" content=\"@eldiario_net\" \/>\n<meta name=\"twitter:label1\" content=\"Escrito por\" \/>\n\t<meta name=\"twitter:data1\" content=\"Jeanette\" \/>\n\t<meta name=\"twitter:label2\" content=\"Tiempo de lectura\" \/>\n\t<meta name=\"twitter:data2\" content=\"3 minutos\" \/>\n<script type=\"application\/ld+json\" class=\"yoast-schema-graph\">{\"@context\":\"https:\\\/\\\/schema.org\",\"@graph\":[{\"@type\":\"Article\",\"@id\":\"https:\\\/\\\/www.eldiario.net\\\/portal\\\/2024\\\/05\\\/12\\\/fiscalia-emite-5-nuevas-ordenes-de-aprehension\\\/#article\",\"isPartOf\":{\"@id\":\"https:\\\/\\\/www.eldiario.net\\\/portal\\\/2024\\\/05\\\/12\\\/fiscalia-emite-5-nuevas-ordenes-de-aprehension\\\/\"},\"author\":{\"name\":\"Jeanette\",\"@id\":\"https:\\\/\\\/www.eldiario.net\\\/portal\\\/#\\\/schema\\\/person\\\/f46445640444750d7d753ccd04ae01b7\"},\"headline\":\"Fiscal\u00eda emite 5 nuevas \u00f3rdenes de aprehensi\u00f3n\",\"datePublished\":\"2024-05-12T10:59:56+00:00\",\"mainEntityOfPage\":{\"@id\":\"https:\\\/\\\/www.eldiario.net\\\/portal\\\/2024\\\/05\\\/12\\\/fiscalia-emite-5-nuevas-ordenes-de-aprehension\\\/\"},\"wordCount\":541,\"commentCount\":0,\"publisher\":{\"@id\":\"https:\\\/\\\/www.eldiario.net\\\/portal\\\/#organization\"},\"image\":{\"@id\":\"https:\\\/\\\/www.eldiario.net\\\/portal\\\/2024\\\/05\\\/12\\\/fiscalia-emite-5-nuevas-ordenes-de-aprehension\\\/#primaryimage\"},\"thumbnailUrl\":\"https:\\\/\\\/www.eldiario.net\\\/portal\\\/wp-content\\\/uploads\\\/2024\\\/05\\\/12-YLB.jpeg\",\"articleSection\":[\"Sociedad - Seguridad\"],\"inLanguage\":\"es\",\"potentialAction\":[{\"@type\":\"CommentAction\",\"name\":\"Comment\",\"target\":[\"https:\\\/\\\/www.eldiario.net\\\/portal\\\/2024\\\/05\\\/12\\\/fiscalia-emite-5-nuevas-ordenes-de-aprehension\\\/#respond\"]}]},{\"@type\":\"WebPage\",\"@id\":\"https:\\\/\\\/www.eldiario.net\\\/portal\\\/2024\\\/05\\\/12\\\/fiscalia-emite-5-nuevas-ordenes-de-aprehension\\\/\",\"url\":\"https:\\\/\\\/www.eldiario.net\\\/portal\\\/2024\\\/05\\\/12\\\/fiscalia-emite-5-nuevas-ordenes-de-aprehension\\\/\",\"name\":\"Fiscal\u00eda emite 5 nuevas \u00f3rdenes de aprehensi\u00f3n - El Diario - Bolivia\",\"isPartOf\":{\"@id\":\"https:\\\/\\\/www.eldiario.net\\\/portal\\\/#website\"},\"primaryImageOfPage\":{\"@id\":\"https:\\\/\\\/www.eldiario.net\\\/portal\\\/2024\\\/05\\\/12\\\/fiscalia-emite-5-nuevas-ordenes-de-aprehension\\\/#primaryimage\"},\"image\":{\"@id\":\"https:\\\/\\\/www.eldiario.net\\\/portal\\\/2024\\\/05\\\/12\\\/fiscalia-emite-5-nuevas-ordenes-de-aprehension\\\/#primaryimage\"},\"thumbnailUrl\":\"https:\\\/\\\/www.eldiario.net\\\/portal\\\/wp-content\\\/uploads\\\/2024\\\/05\\\/12-YLB.jpeg\",\"datePublished\":\"2024-05-12T10:59:56+00:00\",\"breadcrumb\":{\"@id\":\"https:\\\/\\\/www.eldiario.net\\\/portal\\\/2024\\\/05\\\/12\\\/fiscalia-emite-5-nuevas-ordenes-de-aprehension\\\/#breadcrumb\"},\"inLanguage\":\"es\",\"potentialAction\":[{\"@type\":\"ReadAction\",\"target\":[\"https:\\\/\\\/www.eldiario.net\\\/portal\\\/2024\\\/05\\\/12\\\/fiscalia-emite-5-nuevas-ordenes-de-aprehension\\\/\"]}]},{\"@type\":\"ImageObject\",\"inLanguage\":\"es\",\"@id\":\"https:\\\/\\\/www.eldiario.net\\\/portal\\\/2024\\\/05\\\/12\\\/fiscalia-emite-5-nuevas-ordenes-de-aprehension\\\/#primaryimage\",\"url\":\"https:\\\/\\\/www.eldiario.net\\\/portal\\\/wp-content\\\/uploads\\\/2024\\\/05\\\/12-YLB.jpeg\",\"contentUrl\":\"https:\\\/\\\/www.eldiario.net\\\/portal\\\/wp-content\\\/uploads\\\/2024\\\/05\\\/12-YLB.jpeg\",\"width\":980,\"height\":735,\"caption\":\"Complejo industrial de YLB en Uyuni.\"},{\"@type\":\"BreadcrumbList\",\"@id\":\"https:\\\/\\\/www.eldiario.net\\\/portal\\\/2024\\\/05\\\/12\\\/fiscalia-emite-5-nuevas-ordenes-de-aprehension\\\/#breadcrumb\",\"itemListElement\":[{\"@type\":\"ListItem\",\"position\":1,\"name\":\"Portada\",\"item\":\"https:\\\/\\\/www.eldiario.net\\\/portal\\\/\"},{\"@type\":\"ListItem\",\"position\":2,\"name\":\"Fiscal\u00eda emite 5 nuevas \u00f3rdenes de aprehensi\u00f3n\"}]},{\"@type\":\"WebSite\",\"@id\":\"https:\\\/\\\/www.eldiario.net\\\/portal\\\/#website\",\"url\":\"https:\\\/\\\/www.eldiario.net\\\/portal\\\/\",\"name\":\"El Diario - Decano de la prensa nacional\",\"description\":\"El Diario - Decano de la prensa nacional\",\"publisher\":{\"@id\":\"https:\\\/\\\/www.eldiario.net\\\/portal\\\/#organization\"},\"potentialAction\":[{\"@type\":\"SearchAction\",\"target\":{\"@type\":\"EntryPoint\",\"urlTemplate\":\"https:\\\/\\\/www.eldiario.net\\\/portal\\\/?s={search_term_string}\"},\"query-input\":{\"@type\":\"PropertyValueSpecification\",\"valueRequired\":true,\"valueName\":\"search_term_string\"}}],\"inLanguage\":\"es\"},{\"@type\":\"Organization\",\"@id\":\"https:\\\/\\\/www.eldiario.net\\\/portal\\\/#organization\",\"name\":\"El Diario - Decano de la prensa nacional\",\"url\":\"https:\\\/\\\/www.eldiario.net\\\/portal\\\/\",\"logo\":{\"@type\":\"ImageObject\",\"inLanguage\":\"es\",\"@id\":\"https:\\\/\\\/www.eldiario.net\\\/portal\\\/#\\\/schema\\\/logo\\\/image\\\/\",\"url\":\"https:\\\/\\\/www.eldiario.net\\\/portal\\\/wp-content\\\/uploads\\\/2023\\\/07\\\/logo_ED.jpg\",\"contentUrl\":\"https:\\\/\\\/www.eldiario.net\\\/portal\\\/wp-content\\\/uploads\\\/2023\\\/07\\\/logo_ED.jpg\",\"width\":272,\"height\":52,\"caption\":\"El Diario - Decano de la prensa nacional\"},\"image\":{\"@id\":\"https:\\\/\\\/www.eldiario.net\\\/portal\\\/#\\\/schema\\\/logo\\\/image\\\/\"},\"sameAs\":[\"https:\\\/\\\/www.facebook.com\\\/eldiario.bolivia\\\/\",\"https:\\\/\\\/x.com\\\/eldiario_net\"]},{\"@type\":\"Person\",\"@id\":\"https:\\\/\\\/www.eldiario.net\\\/portal\\\/#\\\/schema\\\/person\\\/f46445640444750d7d753ccd04ae01b7\",\"name\":\"Jeanette\",\"image\":{\"@type\":\"ImageObject\",\"inLanguage\":\"es\",\"@id\":\"https:\\\/\\\/secure.gravatar.com\\\/avatar\\\/3ea2118a5f7dad2b7138b1187a6b7ee55f160b9968b66013c3a3ef39dd7e5798?s=96&d=mm&r=g\",\"url\":\"https:\\\/\\\/secure.gravatar.com\\\/avatar\\\/3ea2118a5f7dad2b7138b1187a6b7ee55f160b9968b66013c3a3ef39dd7e5798?s=96&d=mm&r=g\",\"contentUrl\":\"https:\\\/\\\/secure.gravatar.com\\\/avatar\\\/3ea2118a5f7dad2b7138b1187a6b7ee55f160b9968b66013c3a3ef39dd7e5798?s=96&d=mm&r=g\",\"caption\":\"Jeanette\"},\"sameAs\":[\"https:\\\/\\\/www.eldiario.net\\\/portal\"],\"url\":\"https:\\\/\\\/www.eldiario.net\\\/portal\\\/author\\\/jeanette\\\/\"}]}<\/script>\n<!-- \/ Yoast SEO plugin. -->","yoast_head_json":{"title":"Fiscal\u00eda emite 5 nuevas \u00f3rdenes de aprehensi\u00f3n - El Diario - Bolivia","robots":{"index":"index","follow":"follow","max-snippet":"max-snippet:-1","max-image-preview":"max-image-preview:large","max-video-preview":"max-video-preview:-1"},"canonical":"https:\/\/www.eldiario.net\/portal\/2024\/05\/12\/fiscalia-emite-5-nuevas-ordenes-de-aprehension\/","og_locale":"es_ES","og_type":"article","og_title":"Fiscal\u00eda emite 5 nuevas \u00f3rdenes de aprehensi\u00f3n - El Diario - Bolivia","og_description":"El Ministerio P\u00fablico emiti\u00f3 cinco nuevas \u00f3rdenes de aprehensi\u00f3n contra otros sospechosos en el marco de las investigaciones por las irregularidades en la construcci\u00f3n de piscinas para la planta de carbonato de litio en el Salar de Uyuni, inform\u00f3 el fiscal departamental de La Paz, William Alave. Aunque la Fiscal\u00eda allan\u00f3 dos inmuebles en el [&hellip;]","og_url":"https:\/\/www.eldiario.net\/portal\/2024\/05\/12\/fiscalia-emite-5-nuevas-ordenes-de-aprehension\/","og_site_name":"El Diario - Bolivia","article_publisher":"https:\/\/www.facebook.com\/eldiario.bolivia\/","article_published_time":"2024-05-12T10:59:56+00:00","og_image":[{"width":980,"height":735,"url":"https:\/\/www.eldiario.net\/portal\/wp-content\/uploads\/2024\/05\/12-YLB.jpeg","type":"image\/jpeg"}],"author":"Jeanette","twitter_card":"summary_large_image","twitter_creator":"@eldiario_net","twitter_site":"@eldiario_net","twitter_misc":{"Escrito por":"Jeanette","Tiempo de lectura":"3 minutos"},"schema":{"@context":"https:\/\/schema.org","@graph":[{"@type":"Article","@id":"https:\/\/www.eldiario.net\/portal\/2024\/05\/12\/fiscalia-emite-5-nuevas-ordenes-de-aprehension\/#article","isPartOf":{"@id":"https:\/\/www.eldiario.net\/portal\/2024\/05\/12\/fiscalia-emite-5-nuevas-ordenes-de-aprehension\/"},"author":{"name":"Jeanette","@id":"https:\/\/www.eldiario.net\/portal\/#\/schema\/person\/f46445640444750d7d753ccd04ae01b7"},"headline":"Fiscal\u00eda emite 5 nuevas \u00f3rdenes de aprehensi\u00f3n","datePublished":"2024-05-12T10:59:56+00:00","mainEntityOfPage":{"@id":"https:\/\/www.eldiario.net\/portal\/2024\/05\/12\/fiscalia-emite-5-nuevas-ordenes-de-aprehension\/"},"wordCount":541,"commentCount":0,"publisher":{"@id":"https:\/\/www.eldiario.net\/portal\/#organization"},"image":{"@id":"https:\/\/www.eldiario.net\/portal\/2024\/05\/12\/fiscalia-emite-5-nuevas-ordenes-de-aprehension\/#primaryimage"},"thumbnailUrl":"https:\/\/www.eldiario.net\/portal\/wp-content\/uploads\/2024\/05\/12-YLB.jpeg","articleSection":["Sociedad - Seguridad"],"inLanguage":"es","potentialAction":[{"@type":"CommentAction","name":"Comment","target":["https:\/\/www.eldiario.net\/portal\/2024\/05\/12\/fiscalia-emite-5-nuevas-ordenes-de-aprehension\/#respond"]}]},{"@type":"WebPage","@id":"https:\/\/www.eldiario.net\/portal\/2024\/05\/12\/fiscalia-emite-5-nuevas-ordenes-de-aprehension\/","url":"https:\/\/www.eldiario.net\/portal\/2024\/05\/12\/fiscalia-emite-5-nuevas-ordenes-de-aprehension\/","name":"Fiscal\u00eda emite 5 nuevas \u00f3rdenes de aprehensi\u00f3n - El Diario - Bolivia","isPartOf":{"@id":"https:\/\/www.eldiario.net\/portal\/#website"},"primaryImageOfPage":{"@id":"https:\/\/www.eldiario.net\/portal\/2024\/05\/12\/fiscalia-emite-5-nuevas-ordenes-de-aprehension\/#primaryimage"},"image":{"@id":"https:\/\/www.eldiario.net\/portal\/2024\/05\/12\/fiscalia-emite-5-nuevas-ordenes-de-aprehension\/#primaryimage"},"thumbnailUrl":"https:\/\/www.eldiario.net\/portal\/wp-content\/uploads\/2024\/05\/12-YLB.jpeg","datePublished":"2024-05-12T10:59:56+00:00","breadcrumb":{"@id":"https:\/\/www.eldiario.net\/portal\/2024\/05\/12\/fiscalia-emite-5-nuevas-ordenes-de-aprehension\/#breadcrumb"},"inLanguage":"es","potentialAction":[{"@type":"ReadAction","target":["https:\/\/www.eldiario.net\/portal\/2024\/05\/12\/fiscalia-emite-5-nuevas-ordenes-de-aprehension\/"]}]},{"@type":"ImageObject","inLanguage":"es","@id":"https:\/\/www.eldiario.net\/portal\/2024\/05\/12\/fiscalia-emite-5-nuevas-ordenes-de-aprehension\/#primaryimage","url":"https:\/\/www.eldiario.net\/portal\/wp-content\/uploads\/2024\/05\/12-YLB.jpeg","contentUrl":"https:\/\/www.eldiario.net\/portal\/wp-content\/uploads\/2024\/05\/12-YLB.jpeg","width":980,"height":735,"caption":"Complejo industrial de YLB en Uyuni."},{"@type":"BreadcrumbList","@id":"https:\/\/www.eldiario.net\/portal\/2024\/05\/12\/fiscalia-emite-5-nuevas-ordenes-de-aprehension\/#breadcrumb","itemListElement":[{"@type":"ListItem","position":1,"name":"Portada","item":"https:\/\/www.eldiario.net\/portal\/"},{"@type":"ListItem","position":2,"name":"Fiscal\u00eda emite 5 nuevas \u00f3rdenes de aprehensi\u00f3n"}]},{"@type":"WebSite","@id":"https:\/\/www.eldiario.net\/portal\/#website","url":"https:\/\/www.eldiario.net\/portal\/","name":"El Diario - Decano de la prensa nacional","description":"El Diario - Decano de la prensa nacional","publisher":{"@id":"https:\/\/www.eldiario.net\/portal\/#organization"},"potentialAction":[{"@type":"SearchAction","target":{"@type":"EntryPoint","urlTemplate":"https:\/\/www.eldiario.net\/portal\/?s={search_term_string}"},"query-input":{"@type":"PropertyValueSpecification","valueRequired":true,"valueName":"search_term_string"}}],"inLanguage":"es"},{"@type":"Organization","@id":"https:\/\/www.eldiario.net\/portal\/#organization","name":"El Diario - Decano de la prensa nacional","url":"https:\/\/www.eldiario.net\/portal\/","logo":{"@type":"ImageObject","inLanguage":"es","@id":"https:\/\/www.eldiario.net\/portal\/#\/schema\/logo\/image\/","url":"https:\/\/www.eldiario.net\/portal\/wp-content\/uploads\/2023\/07\/logo_ED.jpg","contentUrl":"https:\/\/www.eldiario.net\/portal\/wp-content\/uploads\/2023\/07\/logo_ED.jpg","width":272,"height":52,"caption":"El Diario - Decano de la prensa nacional"},"image":{"@id":"https:\/\/www.eldiario.net\/portal\/#\/schema\/logo\/image\/"},"sameAs":["https:\/\/www.facebook.com\/eldiario.bolivia\/","https:\/\/x.com\/eldiario_net"]},{"@type":"Person","@id":"https:\/\/www.eldiario.net\/portal\/#\/schema\/person\/f46445640444750d7d753ccd04ae01b7","name":"Jeanette","image":{"@type":"ImageObject","inLanguage":"es","@id":"https:\/\/secure.gravatar.com\/avatar\/3ea2118a5f7dad2b7138b1187a6b7ee55f160b9968b66013c3a3ef39dd7e5798?s=96&d=mm&r=g","url":"https:\/\/secure.gravatar.com\/avatar\/3ea2118a5f7dad2b7138b1187a6b7ee55f160b9968b66013c3a3ef39dd7e5798?s=96&d=mm&r=g","contentUrl":"https:\/\/secure.gravatar.com\/avatar\/3ea2118a5f7dad2b7138b1187a6b7ee55f160b9968b66013c3a3ef39dd7e5798?s=96&d=mm&r=g","caption":"Jeanette"},"sameAs":["https:\/\/www.eldiario.net\/portal"],"url":"https:\/\/www.eldiario.net\/portal\/author\/jeanette\/"}]}},"_links":{"self":[{"href":"https:\/\/www.eldiario.net\/portal\/wp-json\/wp\/v2\/posts\/219985","targetHints":{"allow":["GET"]}}],"collection":[{"href":"https:\/\/www.eldiario.net\/portal\/wp-json\/wp\/v2\/posts"}],"about":[{"href":"https:\/\/www.eldiario.net\/portal\/wp-json\/wp\/v2\/types\/post"}],"author":[{"embeddable":true,"href":"https:\/\/www.eldiario.net\/portal\/wp-json\/wp\/v2\/users\/1"}],"replies":[{"embeddable":true,"href":"https:\/\/www.eldiario.net\/portal\/wp-json\/wp\/v2\/comments?post=219985"}],"version-history":[{"count":1,"href":"https:\/\/www.eldiario.net\/portal\/wp-json\/wp\/v2\/posts\/219985\/revisions"}],"predecessor-version":[{"id":219987,"href":"https:\/\/www.eldiario.net\/portal\/wp-json\/wp\/v2\/posts\/219985\/revisions\/219987"}],"wp:featuredmedia":[{"embeddable":true,"href":"https:\/\/www.eldiario.net\/portal\/wp-json\/wp\/v2\/media\/219986"}],"wp:attachment":[{"href":"https:\/\/www.eldiario.net\/portal\/wp-json\/wp\/v2\/media?parent=219985"}],"wp:term":[{"taxonomy":"category","embeddable":true,"href":"https:\/\/www.eldiario.net\/portal\/wp-json\/wp\/v2\/categories?post=219985"},{"taxonomy":"post_tag","embeddable":true,"href":"https:\/\/www.eldiario.net\/portal\/wp-json\/wp\/v2\/tags?post=219985"}],"curies":[{"name":"wp","href":"https:\/\/api.w.org\/{rel}","templated":true}]}}