{"id":219982,"date":"2024-05-12T06:59:20","date_gmt":"2024-05-12T10:59:20","guid":{"rendered":"https:\/\/www.eldiario.net\/portal\/?p=219982"},"modified":"2024-05-12T06:59:20","modified_gmt":"2024-05-12T10:59:20","slug":"tercera-explosion-de-cisterna-deja-un-muerto","status":"publish","type":"post","link":"https:\/\/www.eldiario.net\/portal\/2024\/05\/12\/tercera-explosion-de-cisterna-deja-un-muerto\/","title":{"rendered":"Tercera explosi\u00f3n de cisterna deja un muerto"},"content":{"rendered":"<p>En un nuevo hecho tr\u00e1gico protagonizado por cisternas, una persona perdi\u00f3 la vida ayer en horas de la ma\u00f1ana tras la explosi\u00f3n de un motorizado de alto tonelaje que estaba estacionado en un parqueadero de cisternas, a la altura del kil\u00f3metro 13 de la doble v\u00eda La Guardia, en la capital cruce\u00f1a.<br \/>\nEl hecho fue reportado a las autoridades policiales y personal param\u00e9dico, por vecinos de la zona de la urbanizaci\u00f3n Alianza, quienes actuaron alarmados inmediatamente despu\u00e9s de escuchar un estruendo alrededor de las 11:30 del s\u00e1bado.<br \/>\nTras confirmarse el deceso de un hombre de aproximadamente 40 a\u00f1os, sus restos fueron evacuados a la morgue judicial de Pampa de la Isla, seg\u00fan se\u00f1ala el reporte policial citado por la red televisiva Unitel. Asimismo, la investigaci\u00f3n sigue en curso mientras se aguarda conocer m\u00e1s detalles.<br \/>\nDe acuerdo con un testigo del hecho, la zona se habr\u00eda convertido en una especie de \u201czona industrial\u201d frecuentada por este tipo de veh\u00edculos encargados de transportar combustible, hecho que fue denunciado a las autoridades municipales.<br \/>\nTambi\u00e9n notaron la aparici\u00f3n de f\u00e1bricas instaladas en medio de las viviendas. \u201cHab\u00edamos hecho la respectiva denuncia. Es muy preocupante para los del barrio. Nosotros nos hemos comprado lotes y casas en una urbanizaci\u00f3n, no en una zona industrial\u201d, coment\u00f3 uno de los vecinos.<br \/>\nEsta es la\u00a0tercera situaci\u00f3n protagonizada por un cami\u00f3n cisterna\u00a0en los \u00faltimos d\u00edas; el pasado domingo, una cisterna con di\u00e9sel explot\u00f3 en el municipio beniano de Baures; el pasado mi\u00e9rcoles, una cisterna estall\u00f3 luego de chocar contra otro cami\u00f3n a la altura del puente Llavini, en la carretera Cochabamba-Oruro.<\/p>\n","protected":false},"excerpt":{"rendered":"<p>En un nuevo hecho tr\u00e1gico protagonizado por cisternas, una persona perdi\u00f3 la vida ayer en horas de la ma\u00f1ana tras la explosi\u00f3n de un motorizado de alto tonelaje que estaba estacionado en un parqueadero de cisternas, a la altura del kil\u00f3metro 13 de la doble v\u00eda La Guardia, en la capital cruce\u00f1a. El hecho fue [&hellip;]<\/p>\n","protected":false},"author":1,"featured_media":219983,"comment_status":"open","ping_status":"open","sticky":false,"template":"","format":"standard","meta":{"_acf_changed":false,"footnotes":""},"categories":[39],"tags":[],"class_list":["post-219982","post","type-post","status-publish","format-standard","has-post-thumbnail","category-sociedad"],"acf":{"antetitulo":"En una semana"},"yoast_head":"<!-- This site is optimized with the Yoast SEO plugin v28.4 - https:\/\/yoast.com\/product\/yoast-seo-wordpress\/ -->\n<title>Tercera explosi\u00f3n de cisterna deja un muerto - El Diario - Bolivia<\/title>\n<meta name=\"robots\" content=\"index, follow, max-snippet:-1, max-image-preview:large, max-video-preview:-1\" \/>\n<link rel=\"canonical\" href=\"https:\/\/www.eldiario.net\/portal\/2024\/05\/12\/tercera-explosion-de-cisterna-deja-un-muerto\/\" \/>\n<meta property=\"og:locale\" content=\"es_ES\" \/>\n<meta property=\"og:type\" content=\"article\" \/>\n<meta property=\"og:title\" content=\"Tercera explosi\u00f3n de cisterna deja un muerto - El Diario - Bolivia\" \/>\n<meta property=\"og:description\" content=\"En un nuevo hecho tr\u00e1gico protagonizado por cisternas, una persona perdi\u00f3 la vida ayer en horas de la ma\u00f1ana tras la explosi\u00f3n de un motorizado de alto tonelaje que estaba estacionado en un parqueadero de cisternas, a la altura del kil\u00f3metro 13 de la doble v\u00eda La Guardia, en la capital cruce\u00f1a. El hecho fue [&hellip;]\" \/>\n<meta property=\"og:url\" content=\"https:\/\/www.eldiario.net\/portal\/2024\/05\/12\/tercera-explosion-de-cisterna-deja-un-muerto\/\" \/>\n<meta property=\"og:site_name\" content=\"El Diario - Bolivia\" \/>\n<meta property=\"article:publisher\" content=\"https:\/\/www.facebook.com\/eldiario.bolivia\/\" \/>\n<meta property=\"article:published_time\" content=\"2024-05-12T10:59:20+00:00\" \/>\n<meta property=\"og:image\" content=\"https:\/\/www.eldiario.net\/portal\/wp-content\/uploads\/2024\/05\/12-CISTERNA.jpg\" \/>\n\t<meta property=\"og:image:width\" content=\"1279\" \/>\n\t<meta property=\"og:image:height\" content=\"545\" \/>\n\t<meta property=\"og:image:type\" content=\"image\/jpeg\" \/>\n<meta name=\"author\" content=\"Jeanette\" \/>\n<meta name=\"twitter:card\" content=\"summary_large_image\" \/>\n<meta name=\"twitter:creator\" content=\"@eldiario_net\" \/>\n<meta name=\"twitter:site\" content=\"@eldiario_net\" \/>\n<meta name=\"twitter:label1\" content=\"Escrito por\" \/>\n\t<meta name=\"twitter:data1\" content=\"Jeanette\" \/>\n\t<meta name=\"twitter:label2\" content=\"Tiempo de lectura\" \/>\n\t<meta name=\"twitter:data2\" content=\"2 minutos\" \/>\n<script type=\"application\/ld+json\" class=\"yoast-schema-graph\">{\"@context\":\"https:\\\/\\\/schema.org\",\"@graph\":[{\"@type\":\"Article\",\"@id\":\"https:\\\/\\\/www.eldiario.net\\\/portal\\\/2024\\\/05\\\/12\\\/tercera-explosion-de-cisterna-deja-un-muerto\\\/#article\",\"isPartOf\":{\"@id\":\"https:\\\/\\\/www.eldiario.net\\\/portal\\\/2024\\\/05\\\/12\\\/tercera-explosion-de-cisterna-deja-un-muerto\\\/\"},\"author\":{\"name\":\"Jeanette\",\"@id\":\"https:\\\/\\\/www.eldiario.net\\\/portal\\\/#\\\/schema\\\/person\\\/f46445640444750d7d753ccd04ae01b7\"},\"headline\":\"Tercera explosi\u00f3n de cisterna deja un muerto\",\"datePublished\":\"2024-05-12T10:59:20+00:00\",\"mainEntityOfPage\":{\"@id\":\"https:\\\/\\\/www.eldiario.net\\\/portal\\\/2024\\\/05\\\/12\\\/tercera-explosion-de-cisterna-deja-un-muerto\\\/\"},\"wordCount\":297,\"commentCount\":0,\"publisher\":{\"@id\":\"https:\\\/\\\/www.eldiario.net\\\/portal\\\/#organization\"},\"image\":{\"@id\":\"https:\\\/\\\/www.eldiario.net\\\/portal\\\/2024\\\/05\\\/12\\\/tercera-explosion-de-cisterna-deja-un-muerto\\\/#primaryimage\"},\"thumbnailUrl\":\"https:\\\/\\\/www.eldiario.net\\\/portal\\\/wp-content\\\/uploads\\\/2024\\\/05\\\/12-CISTERNA.jpg\",\"articleSection\":[\"Sociedad - Seguridad\"],\"inLanguage\":\"es\",\"potentialAction\":[{\"@type\":\"CommentAction\",\"name\":\"Comment\",\"target\":[\"https:\\\/\\\/www.eldiario.net\\\/portal\\\/2024\\\/05\\\/12\\\/tercera-explosion-de-cisterna-deja-un-muerto\\\/#respond\"]}]},{\"@type\":\"WebPage\",\"@id\":\"https:\\\/\\\/www.eldiario.net\\\/portal\\\/2024\\\/05\\\/12\\\/tercera-explosion-de-cisterna-deja-un-muerto\\\/\",\"url\":\"https:\\\/\\\/www.eldiario.net\\\/portal\\\/2024\\\/05\\\/12\\\/tercera-explosion-de-cisterna-deja-un-muerto\\\/\",\"name\":\"Tercera explosi\u00f3n de cisterna deja un muerto - El Diario - Bolivia\",\"isPartOf\":{\"@id\":\"https:\\\/\\\/www.eldiario.net\\\/portal\\\/#website\"},\"primaryImageOfPage\":{\"@id\":\"https:\\\/\\\/www.eldiario.net\\\/portal\\\/2024\\\/05\\\/12\\\/tercera-explosion-de-cisterna-deja-un-muerto\\\/#primaryimage\"},\"image\":{\"@id\":\"https:\\\/\\\/www.eldiario.net\\\/portal\\\/2024\\\/05\\\/12\\\/tercera-explosion-de-cisterna-deja-un-muerto\\\/#primaryimage\"},\"thumbnailUrl\":\"https:\\\/\\\/www.eldiario.net\\\/portal\\\/wp-content\\\/uploads\\\/2024\\\/05\\\/12-CISTERNA.jpg\",\"datePublished\":\"2024-05-12T10:59:20+00:00\",\"breadcrumb\":{\"@id\":\"https:\\\/\\\/www.eldiario.net\\\/portal\\\/2024\\\/05\\\/12\\\/tercera-explosion-de-cisterna-deja-un-muerto\\\/#breadcrumb\"},\"inLanguage\":\"es\",\"potentialAction\":[{\"@type\":\"ReadAction\",\"target\":[\"https:\\\/\\\/www.eldiario.net\\\/portal\\\/2024\\\/05\\\/12\\\/tercera-explosion-de-cisterna-deja-un-muerto\\\/\"]}]},{\"@type\":\"ImageObject\",\"inLanguage\":\"es\",\"@id\":\"https:\\\/\\\/www.eldiario.net\\\/portal\\\/2024\\\/05\\\/12\\\/tercera-explosion-de-cisterna-deja-un-muerto\\\/#primaryimage\",\"url\":\"https:\\\/\\\/www.eldiario.net\\\/portal\\\/wp-content\\\/uploads\\\/2024\\\/05\\\/12-CISTERNA.jpg\",\"contentUrl\":\"https:\\\/\\\/www.eldiario.net\\\/portal\\\/wp-content\\\/uploads\\\/2024\\\/05\\\/12-CISTERNA.jpg\",\"width\":1279,\"height\":545,\"caption\":\"Restos del veh\u00edculo siniestrado.\"},{\"@type\":\"BreadcrumbList\",\"@id\":\"https:\\\/\\\/www.eldiario.net\\\/portal\\\/2024\\\/05\\\/12\\\/tercera-explosion-de-cisterna-deja-un-muerto\\\/#breadcrumb\",\"itemListElement\":[{\"@type\":\"ListItem\",\"position\":1,\"name\":\"Portada\",\"item\":\"https:\\\/\\\/www.eldiario.net\\\/portal\\\/\"},{\"@type\":\"ListItem\",\"position\":2,\"name\":\"Tercera explosi\u00f3n de cisterna deja un muerto\"}]},{\"@type\":\"WebSite\",\"@id\":\"https:\\\/\\\/www.eldiario.net\\\/portal\\\/#website\",\"url\":\"https:\\\/\\\/www.eldiario.net\\\/portal\\\/\",\"name\":\"El Diario - Decano de la prensa nacional\",\"description\":\"El Diario - Decano de la prensa nacional\",\"publisher\":{\"@id\":\"https:\\\/\\\/www.eldiario.net\\\/portal\\\/#organization\"},\"potentialAction\":[{\"@type\":\"SearchAction\",\"target\":{\"@type\":\"EntryPoint\",\"urlTemplate\":\"https:\\\/\\\/www.eldiario.net\\\/portal\\\/?s={search_term_string}\"},\"query-input\":{\"@type\":\"PropertyValueSpecification\",\"valueRequired\":true,\"valueName\":\"search_term_string\"}}],\"inLanguage\":\"es\"},{\"@type\":\"Organization\",\"@id\":\"https:\\\/\\\/www.eldiario.net\\\/portal\\\/#organization\",\"name\":\"El Diario - Decano de la prensa nacional\",\"url\":\"https:\\\/\\\/www.eldiario.net\\\/portal\\\/\",\"logo\":{\"@type\":\"ImageObject\",\"inLanguage\":\"es\",\"@id\":\"https:\\\/\\\/www.eldiario.net\\\/portal\\\/#\\\/schema\\\/logo\\\/image\\\/\",\"url\":\"https:\\\/\\\/www.eldiario.net\\\/portal\\\/wp-content\\\/uploads\\\/2023\\\/07\\\/logo_ED.jpg\",\"contentUrl\":\"https:\\\/\\\/www.eldiario.net\\\/portal\\\/wp-content\\\/uploads\\\/2023\\\/07\\\/logo_ED.jpg\",\"width\":272,\"height\":52,\"caption\":\"El Diario - Decano de la prensa nacional\"},\"image\":{\"@id\":\"https:\\\/\\\/www.eldiario.net\\\/portal\\\/#\\\/schema\\\/logo\\\/image\\\/\"},\"sameAs\":[\"https:\\\/\\\/www.facebook.com\\\/eldiario.bolivia\\\/\",\"https:\\\/\\\/x.com\\\/eldiario_net\"]},{\"@type\":\"Person\",\"@id\":\"https:\\\/\\\/www.eldiario.net\\\/portal\\\/#\\\/schema\\\/person\\\/f46445640444750d7d753ccd04ae01b7\",\"name\":\"Jeanette\",\"image\":{\"@type\":\"ImageObject\",\"inLanguage\":\"es\",\"@id\":\"https:\\\/\\\/secure.gravatar.com\\\/avatar\\\/3ea2118a5f7dad2b7138b1187a6b7ee55f160b9968b66013c3a3ef39dd7e5798?s=96&d=mm&r=g\",\"url\":\"https:\\\/\\\/secure.gravatar.com\\\/avatar\\\/3ea2118a5f7dad2b7138b1187a6b7ee55f160b9968b66013c3a3ef39dd7e5798?s=96&d=mm&r=g\",\"contentUrl\":\"https:\\\/\\\/secure.gravatar.com\\\/avatar\\\/3ea2118a5f7dad2b7138b1187a6b7ee55f160b9968b66013c3a3ef39dd7e5798?s=96&d=mm&r=g\",\"caption\":\"Jeanette\"},\"sameAs\":[\"https:\\\/\\\/www.eldiario.net\\\/portal\"],\"url\":\"https:\\\/\\\/www.eldiario.net\\\/portal\\\/author\\\/jeanette\\\/\"}]}<\/script>\n<!-- \/ Yoast SEO plugin. -->","yoast_head_json":{"title":"Tercera explosi\u00f3n de cisterna deja un muerto - El Diario - Bolivia","robots":{"index":"index","follow":"follow","max-snippet":"max-snippet:-1","max-image-preview":"max-image-preview:large","max-video-preview":"max-video-preview:-1"},"canonical":"https:\/\/www.eldiario.net\/portal\/2024\/05\/12\/tercera-explosion-de-cisterna-deja-un-muerto\/","og_locale":"es_ES","og_type":"article","og_title":"Tercera explosi\u00f3n de cisterna deja un muerto - El Diario - Bolivia","og_description":"En un nuevo hecho tr\u00e1gico protagonizado por cisternas, una persona perdi\u00f3 la vida ayer en horas de la ma\u00f1ana tras la explosi\u00f3n de un motorizado de alto tonelaje que estaba estacionado en un parqueadero de cisternas, a la altura del kil\u00f3metro 13 de la doble v\u00eda La Guardia, en la capital cruce\u00f1a. El hecho fue [&hellip;]","og_url":"https:\/\/www.eldiario.net\/portal\/2024\/05\/12\/tercera-explosion-de-cisterna-deja-un-muerto\/","og_site_name":"El Diario - Bolivia","article_publisher":"https:\/\/www.facebook.com\/eldiario.bolivia\/","article_published_time":"2024-05-12T10:59:20+00:00","og_image":[{"width":1279,"height":545,"url":"https:\/\/www.eldiario.net\/portal\/wp-content\/uploads\/2024\/05\/12-CISTERNA.jpg","type":"image\/jpeg"}],"author":"Jeanette","twitter_card":"summary_large_image","twitter_creator":"@eldiario_net","twitter_site":"@eldiario_net","twitter_misc":{"Escrito por":"Jeanette","Tiempo de lectura":"2 minutos"},"schema":{"@context":"https:\/\/schema.org","@graph":[{"@type":"Article","@id":"https:\/\/www.eldiario.net\/portal\/2024\/05\/12\/tercera-explosion-de-cisterna-deja-un-muerto\/#article","isPartOf":{"@id":"https:\/\/www.eldiario.net\/portal\/2024\/05\/12\/tercera-explosion-de-cisterna-deja-un-muerto\/"},"author":{"name":"Jeanette","@id":"https:\/\/www.eldiario.net\/portal\/#\/schema\/person\/f46445640444750d7d753ccd04ae01b7"},"headline":"Tercera explosi\u00f3n de cisterna deja un muerto","datePublished":"2024-05-12T10:59:20+00:00","mainEntityOfPage":{"@id":"https:\/\/www.eldiario.net\/portal\/2024\/05\/12\/tercera-explosion-de-cisterna-deja-un-muerto\/"},"wordCount":297,"commentCount":0,"publisher":{"@id":"https:\/\/www.eldiario.net\/portal\/#organization"},"image":{"@id":"https:\/\/www.eldiario.net\/portal\/2024\/05\/12\/tercera-explosion-de-cisterna-deja-un-muerto\/#primaryimage"},"thumbnailUrl":"https:\/\/www.eldiario.net\/portal\/wp-content\/uploads\/2024\/05\/12-CISTERNA.jpg","articleSection":["Sociedad - Seguridad"],"inLanguage":"es","potentialAction":[{"@type":"CommentAction","name":"Comment","target":["https:\/\/www.eldiario.net\/portal\/2024\/05\/12\/tercera-explosion-de-cisterna-deja-un-muerto\/#respond"]}]},{"@type":"WebPage","@id":"https:\/\/www.eldiario.net\/portal\/2024\/05\/12\/tercera-explosion-de-cisterna-deja-un-muerto\/","url":"https:\/\/www.eldiario.net\/portal\/2024\/05\/12\/tercera-explosion-de-cisterna-deja-un-muerto\/","name":"Tercera explosi\u00f3n de cisterna deja un muerto - El Diario - Bolivia","isPartOf":{"@id":"https:\/\/www.eldiario.net\/portal\/#website"},"primaryImageOfPage":{"@id":"https:\/\/www.eldiario.net\/portal\/2024\/05\/12\/tercera-explosion-de-cisterna-deja-un-muerto\/#primaryimage"},"image":{"@id":"https:\/\/www.eldiario.net\/portal\/2024\/05\/12\/tercera-explosion-de-cisterna-deja-un-muerto\/#primaryimage"},"thumbnailUrl":"https:\/\/www.eldiario.net\/portal\/wp-content\/uploads\/2024\/05\/12-CISTERNA.jpg","datePublished":"2024-05-12T10:59:20+00:00","breadcrumb":{"@id":"https:\/\/www.eldiario.net\/portal\/2024\/05\/12\/tercera-explosion-de-cisterna-deja-un-muerto\/#breadcrumb"},"inLanguage":"es","potentialAction":[{"@type":"ReadAction","target":["https:\/\/www.eldiario.net\/portal\/2024\/05\/12\/tercera-explosion-de-cisterna-deja-un-muerto\/"]}]},{"@type":"ImageObject","inLanguage":"es","@id":"https:\/\/www.eldiario.net\/portal\/2024\/05\/12\/tercera-explosion-de-cisterna-deja-un-muerto\/#primaryimage","url":"https:\/\/www.eldiario.net\/portal\/wp-content\/uploads\/2024\/05\/12-CISTERNA.jpg","contentUrl":"https:\/\/www.eldiario.net\/portal\/wp-content\/uploads\/2024\/05\/12-CISTERNA.jpg","width":1279,"height":545,"caption":"Restos del veh\u00edculo siniestrado."},{"@type":"BreadcrumbList","@id":"https:\/\/www.eldiario.net\/portal\/2024\/05\/12\/tercera-explosion-de-cisterna-deja-un-muerto\/#breadcrumb","itemListElement":[{"@type":"ListItem","position":1,"name":"Portada","item":"https:\/\/www.eldiario.net\/portal\/"},{"@type":"ListItem","position":2,"name":"Tercera explosi\u00f3n de cisterna deja un muerto"}]},{"@type":"WebSite","@id":"https:\/\/www.eldiario.net\/portal\/#website","url":"https:\/\/www.eldiario.net\/portal\/","name":"El Diario - Decano de la prensa nacional","description":"El Diario - Decano de la prensa nacional","publisher":{"@id":"https:\/\/www.eldiario.net\/portal\/#organization"},"potentialAction":[{"@type":"SearchAction","target":{"@type":"EntryPoint","urlTemplate":"https:\/\/www.eldiario.net\/portal\/?s={search_term_string}"},"query-input":{"@type":"PropertyValueSpecification","valueRequired":true,"valueName":"search_term_string"}}],"inLanguage":"es"},{"@type":"Organization","@id":"https:\/\/www.eldiario.net\/portal\/#organization","name":"El Diario - Decano de la prensa nacional","url":"https:\/\/www.eldiario.net\/portal\/","logo":{"@type":"ImageObject","inLanguage":"es","@id":"https:\/\/www.eldiario.net\/portal\/#\/schema\/logo\/image\/","url":"https:\/\/www.eldiario.net\/portal\/wp-content\/uploads\/2023\/07\/logo_ED.jpg","contentUrl":"https:\/\/www.eldiario.net\/portal\/wp-content\/uploads\/2023\/07\/logo_ED.jpg","width":272,"height":52,"caption":"El Diario - Decano de la prensa nacional"},"image":{"@id":"https:\/\/www.eldiario.net\/portal\/#\/schema\/logo\/image\/"},"sameAs":["https:\/\/www.facebook.com\/eldiario.bolivia\/","https:\/\/x.com\/eldiario_net"]},{"@type":"Person","@id":"https:\/\/www.eldiario.net\/portal\/#\/schema\/person\/f46445640444750d7d753ccd04ae01b7","name":"Jeanette","image":{"@type":"ImageObject","inLanguage":"es","@id":"https:\/\/secure.gravatar.com\/avatar\/3ea2118a5f7dad2b7138b1187a6b7ee55f160b9968b66013c3a3ef39dd7e5798?s=96&d=mm&r=g","url":"https:\/\/secure.gravatar.com\/avatar\/3ea2118a5f7dad2b7138b1187a6b7ee55f160b9968b66013c3a3ef39dd7e5798?s=96&d=mm&r=g","contentUrl":"https:\/\/secure.gravatar.com\/avatar\/3ea2118a5f7dad2b7138b1187a6b7ee55f160b9968b66013c3a3ef39dd7e5798?s=96&d=mm&r=g","caption":"Jeanette"},"sameAs":["https:\/\/www.eldiario.net\/portal"],"url":"https:\/\/www.eldiario.net\/portal\/author\/jeanette\/"}]}},"_links":{"self":[{"href":"https:\/\/www.eldiario.net\/portal\/wp-json\/wp\/v2\/posts\/219982","targetHints":{"allow":["GET"]}}],"collection":[{"href":"https:\/\/www.eldiario.net\/portal\/wp-json\/wp\/v2\/posts"}],"about":[{"href":"https:\/\/www.eldiario.net\/portal\/wp-json\/wp\/v2\/types\/post"}],"author":[{"embeddable":true,"href":"https:\/\/www.eldiario.net\/portal\/wp-json\/wp\/v2\/users\/1"}],"replies":[{"embeddable":true,"href":"https:\/\/www.eldiario.net\/portal\/wp-json\/wp\/v2\/comments?post=219982"}],"version-history":[{"count":1,"href":"https:\/\/www.eldiario.net\/portal\/wp-json\/wp\/v2\/posts\/219982\/revisions"}],"predecessor-version":[{"id":219984,"href":"https:\/\/www.eldiario.net\/portal\/wp-json\/wp\/v2\/posts\/219982\/revisions\/219984"}],"wp:featuredmedia":[{"embeddable":true,"href":"https:\/\/www.eldiario.net\/portal\/wp-json\/wp\/v2\/media\/219983"}],"wp:attachment":[{"href":"https:\/\/www.eldiario.net\/portal\/wp-json\/wp\/v2\/media?parent=219982"}],"wp:term":[{"taxonomy":"category","embeddable":true,"href":"https:\/\/www.eldiario.net\/portal\/wp-json\/wp\/v2\/categories?post=219982"},{"taxonomy":"post_tag","embeddable":true,"href":"https:\/\/www.eldiario.net\/portal\/wp-json\/wp\/v2\/tags?post=219982"}],"curies":[{"name":"wp","href":"https:\/\/api.w.org\/{rel}","templated":true}]}}