{"id":219979,"date":"2024-05-12T06:58:48","date_gmt":"2024-05-12T10:58:48","guid":{"rendered":"https:\/\/www.eldiario.net\/portal\/?p=219979"},"modified":"2024-05-12T06:58:48","modified_gmt":"2024-05-12T10:58:48","slug":"periodista-y-camarografo-agredidos-por-policias","status":"publish","type":"post","link":"https:\/\/www.eldiario.net\/portal\/2024\/05\/12\/periodista-y-camarografo-agredidos-por-policias\/","title":{"rendered":"Periodista y camar\u00f3grafo agredidos por polic\u00edas"},"content":{"rendered":"<p>La periodista de la red televisiva boliviana ATB, Noelia Flores, denunci\u00f3 la agresi\u00f3n que sufri\u00f3 el jueves 9 de mayo en horas de la tarde, junto al camar\u00f3grafo Kevin Rodas, cuando ambos pretend\u00edan realizar cobertura informativa de una inspecci\u00f3n realizada por el Ministerio P\u00fablico en oficinas de la Gobernaci\u00f3n del departamento amaz\u00f3nico de Santa Cruz.<br \/>\nCuando Flores y Rodas intentaron ingresar a la citada repartici\u00f3n p\u00fablica, fueron desalojados a empujones por hombres y mujeres polic\u00edas, bajo el argumento de que no ten\u00edan una autorizaci\u00f3n para acceder al edificio despu\u00e9s de las 16 horas, arguyendo que hab\u00eda vencido el horario de atenci\u00f3n al p\u00fablico.<br \/>\n\u201cIntentaron subirme a una patrulla porque supuestamente hab\u00eda agredido a efectivos policiales, cuando la agredida fui yo. Me jalaron, me empujaron, me ara\u00f1aron las manos. Estas situaciones causan malestar porque uno viene a hacer su trabajo y se dan estas situaciones que generan tensi\u00f3n\u201d, declar\u00f3 la periodista, entre sollozos, a los medios que hab\u00edan asistido al mismo evento informativo.<br \/>\nFlores dijo que hab\u00eda gestionado un permiso verbal ante la Direcci\u00f3n de Comunicaci\u00f3n de la Gobernaci\u00f3n de Santa Cruz para ingresar al edificio. La comunicadora difundi\u00f3 un video sobre el incidente en sus redes sociales. \u201cUn polic\u00eda me baj\u00f3 la c\u00e1mara, no dejaron que filme\u201d, sostuvo.<br \/>\nPor su parte, la red ATB emiti\u00f3 un comunicado en el que lament\u00f3 que justamente en v\u00edsperas del D\u00eda del Periodista Boliviano, celebrado cada 10 de mayo, \u201cestos actos de violencia han generado indignaci\u00f3n en la comunidad period\u00edstica y en la sociedad en general, especialmente en un momento en que se celebra la labor de los profesionales de la comunicaci\u00f3n\u201d.<br \/>\nEl medio agreg\u00f3 que \u201cesta agresi\u00f3n no solo atenta contra la integridad f\u00edsica y laboral de los periodistas, sino que tambi\u00e9n constituye una violaci\u00f3n a la libertad de expresi\u00f3n, un derecho fundamental en cualquier sociedad democr\u00e1tica. Se espera que las autoridades competentes investiguen este incidente y se aseguren de que se respeten los derechos de los trabajadores en el ejercicio de su labor informativa\u201d.<br \/>\nConsultada al respecto, la viceministra de Comunicaci\u00f3n, Gabriela Alc\u00f3n, declar\u00f3 el 10 de mayo en La Paz: \u201cSiempre hay situaciones de conflictividad, habr\u00e1 que evaluar, tomar acciones y lo vamos a hacer; vamos a garantizar que los medios de comunicaci\u00f3n tengan las condiciones que corresponden. Representantes de la CIDH nos han dado recomendaciones sobre la Libertad de Expresi\u00f3n y estamos avanzando en ello\u201d. (ANP)<\/p>\n","protected":false},"excerpt":{"rendered":"<p>La periodista de la red televisiva boliviana ATB, Noelia Flores, denunci\u00f3 la agresi\u00f3n que sufri\u00f3 el jueves 9 de mayo en horas de la tarde, junto al camar\u00f3grafo Kevin Rodas, cuando ambos pretend\u00edan realizar cobertura informativa de una inspecci\u00f3n realizada por el Ministerio P\u00fablico en oficinas de la Gobernaci\u00f3n del departamento amaz\u00f3nico de Santa Cruz. [&hellip;]<\/p>\n","protected":false},"author":1,"featured_media":219980,"comment_status":"open","ping_status":"open","sticky":false,"template":"","format":"standard","meta":{"_acf_changed":false,"footnotes":""},"categories":[39],"tags":[],"class_list":["post-219979","post","type-post","status-publish","format-standard","has-post-thumbnail","category-sociedad"],"acf":{"antetitulo":""},"yoast_head":"<!-- This site is optimized with the Yoast SEO plugin v28.3 - https:\/\/yoast.com\/product\/yoast-seo-wordpress\/ -->\n<title>Periodista y camar\u00f3grafo agredidos por polic\u00edas - El Diario - Bolivia<\/title>\n<meta name=\"robots\" content=\"index, follow, max-snippet:-1, max-image-preview:large, max-video-preview:-1\" \/>\n<link rel=\"canonical\" href=\"https:\/\/www.eldiario.net\/portal\/2024\/05\/12\/periodista-y-camarografo-agredidos-por-policias\/\" \/>\n<meta property=\"og:locale\" content=\"es_ES\" \/>\n<meta property=\"og:type\" content=\"article\" \/>\n<meta property=\"og:title\" content=\"Periodista y camar\u00f3grafo agredidos por polic\u00edas - El Diario - Bolivia\" \/>\n<meta property=\"og:description\" content=\"La periodista de la red televisiva boliviana ATB, Noelia Flores, denunci\u00f3 la agresi\u00f3n que sufri\u00f3 el jueves 9 de mayo en horas de la tarde, junto al camar\u00f3grafo Kevin Rodas, cuando ambos pretend\u00edan realizar cobertura informativa de una inspecci\u00f3n realizada por el Ministerio P\u00fablico en oficinas de la Gobernaci\u00f3n del departamento amaz\u00f3nico de Santa Cruz. [&hellip;]\" \/>\n<meta property=\"og:url\" content=\"https:\/\/www.eldiario.net\/portal\/2024\/05\/12\/periodista-y-camarografo-agredidos-por-policias\/\" \/>\n<meta property=\"og:site_name\" content=\"El Diario - Bolivia\" \/>\n<meta property=\"article:publisher\" content=\"https:\/\/www.facebook.com\/eldiario.bolivia\/\" \/>\n<meta property=\"article:published_time\" content=\"2024-05-12T10:58:48+00:00\" \/>\n<meta property=\"og:image\" content=\"https:\/\/www.eldiario.net\/portal\/wp-content\/uploads\/2024\/05\/12-ANP-scaled.jpg\" \/>\n\t<meta property=\"og:image:width\" content=\"2560\" \/>\n\t<meta property=\"og:image:height\" content=\"1610\" \/>\n\t<meta property=\"og:image:type\" content=\"image\/jpeg\" \/>\n<meta name=\"author\" content=\"Jeanette\" \/>\n<meta name=\"twitter:card\" content=\"summary_large_image\" \/>\n<meta name=\"twitter:creator\" content=\"@eldiario_net\" \/>\n<meta name=\"twitter:site\" content=\"@eldiario_net\" \/>\n<meta name=\"twitter:label1\" content=\"Escrito por\" \/>\n\t<meta name=\"twitter:data1\" content=\"Jeanette\" \/>\n\t<meta name=\"twitter:label2\" content=\"Tiempo de lectura\" \/>\n\t<meta name=\"twitter:data2\" content=\"3 minutos\" \/>\n<script type=\"application\/ld+json\" class=\"yoast-schema-graph\">{\"@context\":\"https:\\\/\\\/schema.org\",\"@graph\":[{\"@type\":\"Article\",\"@id\":\"https:\\\/\\\/www.eldiario.net\\\/portal\\\/2024\\\/05\\\/12\\\/periodista-y-camarografo-agredidos-por-policias\\\/#article\",\"isPartOf\":{\"@id\":\"https:\\\/\\\/www.eldiario.net\\\/portal\\\/2024\\\/05\\\/12\\\/periodista-y-camarografo-agredidos-por-policias\\\/\"},\"author\":{\"name\":\"Jeanette\",\"@id\":\"https:\\\/\\\/www.eldiario.net\\\/portal\\\/#\\\/schema\\\/person\\\/f46445640444750d7d753ccd04ae01b7\"},\"headline\":\"Periodista y camar\u00f3grafo agredidos por polic\u00edas\",\"datePublished\":\"2024-05-12T10:58:48+00:00\",\"mainEntityOfPage\":{\"@id\":\"https:\\\/\\\/www.eldiario.net\\\/portal\\\/2024\\\/05\\\/12\\\/periodista-y-camarografo-agredidos-por-policias\\\/\"},\"wordCount\":441,\"commentCount\":0,\"publisher\":{\"@id\":\"https:\\\/\\\/www.eldiario.net\\\/portal\\\/#organization\"},\"image\":{\"@id\":\"https:\\\/\\\/www.eldiario.net\\\/portal\\\/2024\\\/05\\\/12\\\/periodista-y-camarografo-agredidos-por-policias\\\/#primaryimage\"},\"thumbnailUrl\":\"https:\\\/\\\/www.eldiario.net\\\/portal\\\/wp-content\\\/uploads\\\/2024\\\/05\\\/12-ANP-scaled.jpg\",\"articleSection\":[\"Sociedad - Seguridad\"],\"inLanguage\":\"es\",\"potentialAction\":[{\"@type\":\"CommentAction\",\"name\":\"Comment\",\"target\":[\"https:\\\/\\\/www.eldiario.net\\\/portal\\\/2024\\\/05\\\/12\\\/periodista-y-camarografo-agredidos-por-policias\\\/#respond\"]}]},{\"@type\":\"WebPage\",\"@id\":\"https:\\\/\\\/www.eldiario.net\\\/portal\\\/2024\\\/05\\\/12\\\/periodista-y-camarografo-agredidos-por-policias\\\/\",\"url\":\"https:\\\/\\\/www.eldiario.net\\\/portal\\\/2024\\\/05\\\/12\\\/periodista-y-camarografo-agredidos-por-policias\\\/\",\"name\":\"Periodista y camar\u00f3grafo agredidos por polic\u00edas - El Diario - Bolivia\",\"isPartOf\":{\"@id\":\"https:\\\/\\\/www.eldiario.net\\\/portal\\\/#website\"},\"primaryImageOfPage\":{\"@id\":\"https:\\\/\\\/www.eldiario.net\\\/portal\\\/2024\\\/05\\\/12\\\/periodista-y-camarografo-agredidos-por-policias\\\/#primaryimage\"},\"image\":{\"@id\":\"https:\\\/\\\/www.eldiario.net\\\/portal\\\/2024\\\/05\\\/12\\\/periodista-y-camarografo-agredidos-por-policias\\\/#primaryimage\"},\"thumbnailUrl\":\"https:\\\/\\\/www.eldiario.net\\\/portal\\\/wp-content\\\/uploads\\\/2024\\\/05\\\/12-ANP-scaled.jpg\",\"datePublished\":\"2024-05-12T10:58:48+00:00\",\"breadcrumb\":{\"@id\":\"https:\\\/\\\/www.eldiario.net\\\/portal\\\/2024\\\/05\\\/12\\\/periodista-y-camarografo-agredidos-por-policias\\\/#breadcrumb\"},\"inLanguage\":\"es\",\"potentialAction\":[{\"@type\":\"ReadAction\",\"target\":[\"https:\\\/\\\/www.eldiario.net\\\/portal\\\/2024\\\/05\\\/12\\\/periodista-y-camarografo-agredidos-por-policias\\\/\"]}]},{\"@type\":\"ImageObject\",\"inLanguage\":\"es\",\"@id\":\"https:\\\/\\\/www.eldiario.net\\\/portal\\\/2024\\\/05\\\/12\\\/periodista-y-camarografo-agredidos-por-policias\\\/#primaryimage\",\"url\":\"https:\\\/\\\/www.eldiario.net\\\/portal\\\/wp-content\\\/uploads\\\/2024\\\/05\\\/12-ANP-scaled.jpg\",\"contentUrl\":\"https:\\\/\\\/www.eldiario.net\\\/portal\\\/wp-content\\\/uploads\\\/2024\\\/05\\\/12-ANP-scaled.jpg\",\"width\":2560,\"height\":1610,\"caption\":\"La periodista, Noelia Flores, relat\u00f3 la agresi\u00f3n en predios de un edificio p\u00fablico.\"},{\"@type\":\"BreadcrumbList\",\"@id\":\"https:\\\/\\\/www.eldiario.net\\\/portal\\\/2024\\\/05\\\/12\\\/periodista-y-camarografo-agredidos-por-policias\\\/#breadcrumb\",\"itemListElement\":[{\"@type\":\"ListItem\",\"position\":1,\"name\":\"Portada\",\"item\":\"https:\\\/\\\/www.eldiario.net\\\/portal\\\/\"},{\"@type\":\"ListItem\",\"position\":2,\"name\":\"Periodista y camar\u00f3grafo agredidos por polic\u00edas\"}]},{\"@type\":\"WebSite\",\"@id\":\"https:\\\/\\\/www.eldiario.net\\\/portal\\\/#website\",\"url\":\"https:\\\/\\\/www.eldiario.net\\\/portal\\\/\",\"name\":\"El Diario - Decano de la prensa nacional\",\"description\":\"El Diario - Decano de la prensa nacional\",\"publisher\":{\"@id\":\"https:\\\/\\\/www.eldiario.net\\\/portal\\\/#organization\"},\"potentialAction\":[{\"@type\":\"SearchAction\",\"target\":{\"@type\":\"EntryPoint\",\"urlTemplate\":\"https:\\\/\\\/www.eldiario.net\\\/portal\\\/?s={search_term_string}\"},\"query-input\":{\"@type\":\"PropertyValueSpecification\",\"valueRequired\":true,\"valueName\":\"search_term_string\"}}],\"inLanguage\":\"es\"},{\"@type\":\"Organization\",\"@id\":\"https:\\\/\\\/www.eldiario.net\\\/portal\\\/#organization\",\"name\":\"El Diario - Decano de la prensa nacional\",\"url\":\"https:\\\/\\\/www.eldiario.net\\\/portal\\\/\",\"logo\":{\"@type\":\"ImageObject\",\"inLanguage\":\"es\",\"@id\":\"https:\\\/\\\/www.eldiario.net\\\/portal\\\/#\\\/schema\\\/logo\\\/image\\\/\",\"url\":\"https:\\\/\\\/www.eldiario.net\\\/portal\\\/wp-content\\\/uploads\\\/2023\\\/07\\\/logo_ED.jpg\",\"contentUrl\":\"https:\\\/\\\/www.eldiario.net\\\/portal\\\/wp-content\\\/uploads\\\/2023\\\/07\\\/logo_ED.jpg\",\"width\":272,\"height\":52,\"caption\":\"El Diario - Decano de la prensa nacional\"},\"image\":{\"@id\":\"https:\\\/\\\/www.eldiario.net\\\/portal\\\/#\\\/schema\\\/logo\\\/image\\\/\"},\"sameAs\":[\"https:\\\/\\\/www.facebook.com\\\/eldiario.bolivia\\\/\",\"https:\\\/\\\/x.com\\\/eldiario_net\"]},{\"@type\":\"Person\",\"@id\":\"https:\\\/\\\/www.eldiario.net\\\/portal\\\/#\\\/schema\\\/person\\\/f46445640444750d7d753ccd04ae01b7\",\"name\":\"Jeanette\",\"image\":{\"@type\":\"ImageObject\",\"inLanguage\":\"es\",\"@id\":\"https:\\\/\\\/secure.gravatar.com\\\/avatar\\\/3ea2118a5f7dad2b7138b1187a6b7ee55f160b9968b66013c3a3ef39dd7e5798?s=96&d=mm&r=g\",\"url\":\"https:\\\/\\\/secure.gravatar.com\\\/avatar\\\/3ea2118a5f7dad2b7138b1187a6b7ee55f160b9968b66013c3a3ef39dd7e5798?s=96&d=mm&r=g\",\"contentUrl\":\"https:\\\/\\\/secure.gravatar.com\\\/avatar\\\/3ea2118a5f7dad2b7138b1187a6b7ee55f160b9968b66013c3a3ef39dd7e5798?s=96&d=mm&r=g\",\"caption\":\"Jeanette\"},\"sameAs\":[\"https:\\\/\\\/www.eldiario.net\\\/portal\"],\"url\":\"https:\\\/\\\/www.eldiario.net\\\/portal\\\/author\\\/jeanette\\\/\"}]}<\/script>\n<!-- \/ Yoast SEO plugin. -->","yoast_head_json":{"title":"Periodista y camar\u00f3grafo agredidos por polic\u00edas - El Diario - Bolivia","robots":{"index":"index","follow":"follow","max-snippet":"max-snippet:-1","max-image-preview":"max-image-preview:large","max-video-preview":"max-video-preview:-1"},"canonical":"https:\/\/www.eldiario.net\/portal\/2024\/05\/12\/periodista-y-camarografo-agredidos-por-policias\/","og_locale":"es_ES","og_type":"article","og_title":"Periodista y camar\u00f3grafo agredidos por polic\u00edas - El Diario - Bolivia","og_description":"La periodista de la red televisiva boliviana ATB, Noelia Flores, denunci\u00f3 la agresi\u00f3n que sufri\u00f3 el jueves 9 de mayo en horas de la tarde, junto al camar\u00f3grafo Kevin Rodas, cuando ambos pretend\u00edan realizar cobertura informativa de una inspecci\u00f3n realizada por el Ministerio P\u00fablico en oficinas de la Gobernaci\u00f3n del departamento amaz\u00f3nico de Santa Cruz. [&hellip;]","og_url":"https:\/\/www.eldiario.net\/portal\/2024\/05\/12\/periodista-y-camarografo-agredidos-por-policias\/","og_site_name":"El Diario - Bolivia","article_publisher":"https:\/\/www.facebook.com\/eldiario.bolivia\/","article_published_time":"2024-05-12T10:58:48+00:00","og_image":[{"width":2560,"height":1610,"url":"https:\/\/www.eldiario.net\/portal\/wp-content\/uploads\/2024\/05\/12-ANP-scaled.jpg","type":"image\/jpeg"}],"author":"Jeanette","twitter_card":"summary_large_image","twitter_creator":"@eldiario_net","twitter_site":"@eldiario_net","twitter_misc":{"Escrito por":"Jeanette","Tiempo de lectura":"3 minutos"},"schema":{"@context":"https:\/\/schema.org","@graph":[{"@type":"Article","@id":"https:\/\/www.eldiario.net\/portal\/2024\/05\/12\/periodista-y-camarografo-agredidos-por-policias\/#article","isPartOf":{"@id":"https:\/\/www.eldiario.net\/portal\/2024\/05\/12\/periodista-y-camarografo-agredidos-por-policias\/"},"author":{"name":"Jeanette","@id":"https:\/\/www.eldiario.net\/portal\/#\/schema\/person\/f46445640444750d7d753ccd04ae01b7"},"headline":"Periodista y camar\u00f3grafo agredidos por polic\u00edas","datePublished":"2024-05-12T10:58:48+00:00","mainEntityOfPage":{"@id":"https:\/\/www.eldiario.net\/portal\/2024\/05\/12\/periodista-y-camarografo-agredidos-por-policias\/"},"wordCount":441,"commentCount":0,"publisher":{"@id":"https:\/\/www.eldiario.net\/portal\/#organization"},"image":{"@id":"https:\/\/www.eldiario.net\/portal\/2024\/05\/12\/periodista-y-camarografo-agredidos-por-policias\/#primaryimage"},"thumbnailUrl":"https:\/\/www.eldiario.net\/portal\/wp-content\/uploads\/2024\/05\/12-ANP-scaled.jpg","articleSection":["Sociedad - Seguridad"],"inLanguage":"es","potentialAction":[{"@type":"CommentAction","name":"Comment","target":["https:\/\/www.eldiario.net\/portal\/2024\/05\/12\/periodista-y-camarografo-agredidos-por-policias\/#respond"]}]},{"@type":"WebPage","@id":"https:\/\/www.eldiario.net\/portal\/2024\/05\/12\/periodista-y-camarografo-agredidos-por-policias\/","url":"https:\/\/www.eldiario.net\/portal\/2024\/05\/12\/periodista-y-camarografo-agredidos-por-policias\/","name":"Periodista y camar\u00f3grafo agredidos por polic\u00edas - El Diario - Bolivia","isPartOf":{"@id":"https:\/\/www.eldiario.net\/portal\/#website"},"primaryImageOfPage":{"@id":"https:\/\/www.eldiario.net\/portal\/2024\/05\/12\/periodista-y-camarografo-agredidos-por-policias\/#primaryimage"},"image":{"@id":"https:\/\/www.eldiario.net\/portal\/2024\/05\/12\/periodista-y-camarografo-agredidos-por-policias\/#primaryimage"},"thumbnailUrl":"https:\/\/www.eldiario.net\/portal\/wp-content\/uploads\/2024\/05\/12-ANP-scaled.jpg","datePublished":"2024-05-12T10:58:48+00:00","breadcrumb":{"@id":"https:\/\/www.eldiario.net\/portal\/2024\/05\/12\/periodista-y-camarografo-agredidos-por-policias\/#breadcrumb"},"inLanguage":"es","potentialAction":[{"@type":"ReadAction","target":["https:\/\/www.eldiario.net\/portal\/2024\/05\/12\/periodista-y-camarografo-agredidos-por-policias\/"]}]},{"@type":"ImageObject","inLanguage":"es","@id":"https:\/\/www.eldiario.net\/portal\/2024\/05\/12\/periodista-y-camarografo-agredidos-por-policias\/#primaryimage","url":"https:\/\/www.eldiario.net\/portal\/wp-content\/uploads\/2024\/05\/12-ANP-scaled.jpg","contentUrl":"https:\/\/www.eldiario.net\/portal\/wp-content\/uploads\/2024\/05\/12-ANP-scaled.jpg","width":2560,"height":1610,"caption":"La periodista, Noelia Flores, relat\u00f3 la agresi\u00f3n en predios de un edificio p\u00fablico."},{"@type":"BreadcrumbList","@id":"https:\/\/www.eldiario.net\/portal\/2024\/05\/12\/periodista-y-camarografo-agredidos-por-policias\/#breadcrumb","itemListElement":[{"@type":"ListItem","position":1,"name":"Portada","item":"https:\/\/www.eldiario.net\/portal\/"},{"@type":"ListItem","position":2,"name":"Periodista y camar\u00f3grafo agredidos por polic\u00edas"}]},{"@type":"WebSite","@id":"https:\/\/www.eldiario.net\/portal\/#website","url":"https:\/\/www.eldiario.net\/portal\/","name":"El Diario - Decano de la prensa nacional","description":"El Diario - Decano de la prensa nacional","publisher":{"@id":"https:\/\/www.eldiario.net\/portal\/#organization"},"potentialAction":[{"@type":"SearchAction","target":{"@type":"EntryPoint","urlTemplate":"https:\/\/www.eldiario.net\/portal\/?s={search_term_string}"},"query-input":{"@type":"PropertyValueSpecification","valueRequired":true,"valueName":"search_term_string"}}],"inLanguage":"es"},{"@type":"Organization","@id":"https:\/\/www.eldiario.net\/portal\/#organization","name":"El Diario - Decano de la prensa nacional","url":"https:\/\/www.eldiario.net\/portal\/","logo":{"@type":"ImageObject","inLanguage":"es","@id":"https:\/\/www.eldiario.net\/portal\/#\/schema\/logo\/image\/","url":"https:\/\/www.eldiario.net\/portal\/wp-content\/uploads\/2023\/07\/logo_ED.jpg","contentUrl":"https:\/\/www.eldiario.net\/portal\/wp-content\/uploads\/2023\/07\/logo_ED.jpg","width":272,"height":52,"caption":"El Diario - Decano de la prensa nacional"},"image":{"@id":"https:\/\/www.eldiario.net\/portal\/#\/schema\/logo\/image\/"},"sameAs":["https:\/\/www.facebook.com\/eldiario.bolivia\/","https:\/\/x.com\/eldiario_net"]},{"@type":"Person","@id":"https:\/\/www.eldiario.net\/portal\/#\/schema\/person\/f46445640444750d7d753ccd04ae01b7","name":"Jeanette","image":{"@type":"ImageObject","inLanguage":"es","@id":"https:\/\/secure.gravatar.com\/avatar\/3ea2118a5f7dad2b7138b1187a6b7ee55f160b9968b66013c3a3ef39dd7e5798?s=96&d=mm&r=g","url":"https:\/\/secure.gravatar.com\/avatar\/3ea2118a5f7dad2b7138b1187a6b7ee55f160b9968b66013c3a3ef39dd7e5798?s=96&d=mm&r=g","contentUrl":"https:\/\/secure.gravatar.com\/avatar\/3ea2118a5f7dad2b7138b1187a6b7ee55f160b9968b66013c3a3ef39dd7e5798?s=96&d=mm&r=g","caption":"Jeanette"},"sameAs":["https:\/\/www.eldiario.net\/portal"],"url":"https:\/\/www.eldiario.net\/portal\/author\/jeanette\/"}]}},"_links":{"self":[{"href":"https:\/\/www.eldiario.net\/portal\/wp-json\/wp\/v2\/posts\/219979","targetHints":{"allow":["GET"]}}],"collection":[{"href":"https:\/\/www.eldiario.net\/portal\/wp-json\/wp\/v2\/posts"}],"about":[{"href":"https:\/\/www.eldiario.net\/portal\/wp-json\/wp\/v2\/types\/post"}],"author":[{"embeddable":true,"href":"https:\/\/www.eldiario.net\/portal\/wp-json\/wp\/v2\/users\/1"}],"replies":[{"embeddable":true,"href":"https:\/\/www.eldiario.net\/portal\/wp-json\/wp\/v2\/comments?post=219979"}],"version-history":[{"count":1,"href":"https:\/\/www.eldiario.net\/portal\/wp-json\/wp\/v2\/posts\/219979\/revisions"}],"predecessor-version":[{"id":219981,"href":"https:\/\/www.eldiario.net\/portal\/wp-json\/wp\/v2\/posts\/219979\/revisions\/219981"}],"wp:featuredmedia":[{"embeddable":true,"href":"https:\/\/www.eldiario.net\/portal\/wp-json\/wp\/v2\/media\/219980"}],"wp:attachment":[{"href":"https:\/\/www.eldiario.net\/portal\/wp-json\/wp\/v2\/media?parent=219979"}],"wp:term":[{"taxonomy":"category","embeddable":true,"href":"https:\/\/www.eldiario.net\/portal\/wp-json\/wp\/v2\/categories?post=219979"},{"taxonomy":"post_tag","embeddable":true,"href":"https:\/\/www.eldiario.net\/portal\/wp-json\/wp\/v2\/tags?post=219979"}],"curies":[{"name":"wp","href":"https:\/\/api.w.org\/{rel}","templated":true}]}}