{"id":219667,"date":"2024-05-10T07:08:13","date_gmt":"2024-05-10T11:08:13","guid":{"rendered":"https:\/\/www.eldiario.net\/portal\/?p=219667"},"modified":"2024-05-10T07:08:13","modified_gmt":"2024-05-10T11:08:13","slug":"tiempo-de-cuchilladas-2","status":"publish","type":"post","link":"https:\/\/www.eldiario.net\/portal\/2024\/05\/10\/tiempo-de-cuchilladas-2\/","title":{"rendered":"Tiempo de cuchilladas"},"content":{"rendered":"<p><img loading=\"lazy\" decoding=\"async\" class=\"alignleft size-thumbnail wp-image-219668\" src=\"https:\/\/www.eldiario.net\/portal\/wp-content\/uploads\/2024\/05\/daga-150x150.webp\" alt=\"\" width=\"150\" height=\"150\" \/>El pu\u00f1al es el arma m\u00e1s utilizada para dar muerte a traici\u00f3n. M\u00e1s a\u00fan que el veneno. Se lo disimula bien entre las ropas y es silencioso. Hay que aproximarse a la v\u00edctima, ganar su confianza, y eso es suficiente para herir. Antes de la p\u00f3lvora, de las pistolas o arcabuces, el cuchillo era temido por su disimulada eficacia. Y hoy mismo lo es. Por eso la pu\u00f1alada ha quedado como sin\u00f3nimo de traici\u00f3n, aunque no sea, precisamente, pu\u00f1al en mano. \u201cUna pu\u00f1alada por la espalda\u201d, significa en todas las lenguas del mundo la felon\u00eda m\u00e1s grande.<br \/>\nUn ejemplo de canallada (hecho entre canallas) sucedi\u00f3 en la Alemania de 1934, en lo que se conoce como \u201cla noche de los cuchillos largos\u201d, cuando Hitler decidi\u00f3 deshacerse de alguien a quien tem\u00eda: Ernst Rohm, el jefe de las SA o las Tropas de Asalto nazis. En una noche los leales a Hitler mataron a tiros a m\u00e1s de 80 \u201ccamisas pardas\u201d y a su l\u00edder, Rohm. A la mayor\u00eda los sorprendieron en cama y los acribillaron. As\u00ed, el partido nazi qued\u00f3 con un jefe indiscutido, Adolfo Hitler, que ser\u00eda el jefe supremo de la Alemania de los arios y que la llevar\u00eda a la ruina.<br \/>\nEn Bolivia no hay arios, es decir esa aristocracia indoeuropea que presuntamente era la \u201craza superior\u201d, pero los aimaras puros y tambi\u00e9n los mestizos, a trav\u00e9s de Evo Morales, se han declarado como la \u201creserva moral\u201d de Bolivia, eso significa la c\u00faspide m\u00e1s alta en la jerarqu\u00eda social boliviana; una especie de arios morenos. Toda una ridiculez, por supuesto. El indigenismo en torno al MAS ha destruido la vieja democracia y ha impuesto leyes racistas y hasta ha tratado de borrar nuestra historia colonial y republicana. Esta nueva casta puede haber eliminado el uso de la corbata, s\u00edmbolo de los blancoides, pero se ha cebado en la traici\u00f3n de una manera que asombra.<br \/>\nLa traici\u00f3n en Bolivia no es novedad. La traici\u00f3n en pol\u00edtica no extra\u00f1a. Algunos de los mandatarios de la \u00faltima etapa democr\u00e1tica iniciada en 1982 fueron traicionados. Pero nunca se hab\u00eda visto el carnaval de pu\u00f1aladas que se han asestado entre ind\u00edgenas y mestizos, desde que Evo Morales tuvo que huir, abandonando el poder, como consecuencia de su sucio fraude electoral que produjo la ira de la ciudadan\u00eda. Las pu\u00f1aladas verbales, que son inmisericordes, se sucedieron a granel desde que asumi\u00f3 la presidencia Arce Catacora y Morales quiso someterlo. Empezaron con peque\u00f1os tajos que apenas rasgaban la ropa. Luego cortaron la piel. Despu\u00e9s fueron pu\u00f1aladas que perforaron el h\u00edgado, los pulmones, hasta que cortaron la car\u00f3tida.<br \/>\nEvo Morales empez\u00f3 con las cuchilladas y Arce, socarr\u00f3n, las lanz\u00f3 al final, cuando decenas de sus partidarios ya lo hab\u00edan hecho. Evo Morales no pens\u00f3 que sus antiguos s\u00fabditos (eran verdaderos s\u00fabditos) lo traicionaran. En todo caso se cre\u00eda invulnerable, como Aquiles. Pero quienes hab\u00edan comido y dormido con \u00e9l en los cocales del Chapare o en las laderas de los cerros, le hincaron el hierro. Sus ministros, parlamentarios, embajadores y varios de sus incondicionales pinches, hombres y mujeres, se dedicaron a insultarlo, merecidamente la mayor\u00eda de las veces. Mas lo detestable fue no solo que callaron durante 14 a\u00f1os, sino que en todo ese tiempo lo veneraron como a un dios y lo animaron a cometer las peores imprudencias y desacatos. Esto empezando por su vicepresidente, Garc\u00eda Linera, que le llen\u00f3 el cerebro de \u201cchulupis\u201d revolucionarios para despu\u00e9s desaparecer y dedicarse a la meditaci\u00f3n luego del estropicio. Y por el propio Arce Catacora, que, como cajero principal del Palacio, se dedic\u00f3 a gastar todo lo que era del antojo de Morales, sin chistar ni atreverse a advertirle que la caja de caudales iba quedando vac\u00eda y que nada de lo gastado se repon\u00eda.<br \/>\nMorales hizo fraude en las elecciones del 2019, de manera tan escandalosa que quiso anular esos comicios, destituy\u00f3 a los encargados del proceso electoral, prometi\u00f3 que no volver\u00eda a ser candidato en el futuro si le dejaban concluir con su mandato. Pero ya nada hab\u00eda qu\u00e9 hacer, ya hab\u00eda incumplido con todos sus compromisos. Nadie le cre\u00eda. Quer\u00eda ganar tiempo. \u00c9l, que hab\u00eda traicionado siempre, que nunca hab\u00eda observado la palabra empe\u00f1ada, empez\u00f3 a ver c\u00f3mo se iban desgajando de su lado quienes lo hab\u00edan acompa\u00f1ado y c\u00f3mo Arce no le hac\u00eda el menor caso y Choquehuanca menos. Pero no solo que Arce, Choquehuanca, y muchos de quienes hab\u00edan sido sus ministros lo despreciaron, sino que ellos mismos, quienes hab\u00edan gobernado con \u00e9l, tuvieron la frescura, el tup\u00e9, de acusarlo de las p\u00e9simas inversiones que se hicieron durante su gesti\u00f3n, de la corrupci\u00f3n con los dineros del Estado, de su afici\u00f3n por el fraude, de las deplorables amistades que hac\u00eda en el extranjero, del derroche festivo, hasta de su ansiedad por ciertas muchachitas n\u00fabiles. Result\u00f3 que quienes durante 14 a\u00f1os lo aplaudieron y lo adularon, en poco tiempo cambiaron de montura, sacaron sus afilados estiletes y comenzaron a picarlo.<br \/>\nEn Bolivia es un delito perder el poder. No podemos adivinar qu\u00e9 suceder\u00e1 en los pr\u00f3ximos a\u00f1os y nada dice que la conducta de los pol\u00edticos cambiar\u00e1. Las lealtades se derrumban muchas veces en el \u00faltimo d\u00eda de mando. O se van desgajando poco a poco. Y no solo sucede en la casta de los andino-centristas, porque ya estamos viendo cosas muy feas por ac\u00e1. Aunque s\u00ed admira la fiereza con la que la nueva aristocracia racial boliviana act\u00faa.<\/p>\n","protected":false},"excerpt":{"rendered":"<p>El pu\u00f1al es el arma m\u00e1s utilizada para dar muerte a traici\u00f3n. M\u00e1s a\u00fan que el veneno. Se lo disimula bien entre las ropas y es silencioso. Hay que aproximarse a la v\u00edctima, ganar su confianza, y eso es suficiente para herir. Antes de la p\u00f3lvora, de las pistolas o arcabuces, el cuchillo era temido [&hellip;]<\/p>\n","protected":false},"author":1,"featured_media":157472,"comment_status":"open","ping_status":"open","sticky":false,"template":"","format":"standard","meta":{"_acf_changed":false,"footnotes":""},"categories":[9],"tags":[],"class_list":["post-219667","post","type-post","status-publish","format-standard","has-post-thumbnail","category-opinion"],"acf":{"antetitulo":""},"yoast_head":"<!-- This site is optimized with the Yoast SEO plugin v28.4 - https:\/\/yoast.com\/product\/yoast-seo-wordpress\/ -->\n<title>Tiempo de cuchilladas - El Diario - Bolivia<\/title>\n<meta name=\"robots\" content=\"index, follow, max-snippet:-1, max-image-preview:large, max-video-preview:-1\" \/>\n<link rel=\"canonical\" href=\"https:\/\/www.eldiario.net\/portal\/2024\/05\/10\/tiempo-de-cuchilladas-2\/\" \/>\n<meta property=\"og:locale\" content=\"es_ES\" \/>\n<meta property=\"og:type\" content=\"article\" \/>\n<meta property=\"og:title\" content=\"Tiempo de cuchilladas - El Diario - Bolivia\" \/>\n<meta property=\"og:description\" content=\"El pu\u00f1al es el arma m\u00e1s utilizada para dar muerte a traici\u00f3n. M\u00e1s a\u00fan que el veneno. Se lo disimula bien entre las ropas y es silencioso. Hay que aproximarse a la v\u00edctima, ganar su confianza, y eso es suficiente para herir. Antes de la p\u00f3lvora, de las pistolas o arcabuces, el cuchillo era temido [&hellip;]\" \/>\n<meta property=\"og:url\" content=\"https:\/\/www.eldiario.net\/portal\/2024\/05\/10\/tiempo-de-cuchilladas-2\/\" \/>\n<meta property=\"og:site_name\" content=\"El Diario - Bolivia\" \/>\n<meta property=\"article:publisher\" content=\"https:\/\/www.facebook.com\/eldiario.bolivia\/\" \/>\n<meta property=\"article:published_time\" content=\"2024-05-10T11:08:13+00:00\" \/>\n<meta property=\"og:image\" content=\"https:\/\/www.eldiario.net\/portal\/wp-content\/uploads\/2023\/06\/Manfredo-Kempff-Suarez.jpg\" \/>\n\t<meta property=\"og:image:width\" content=\"1200\" \/>\n\t<meta property=\"og:image:height\" content=\"628\" \/>\n\t<meta property=\"og:image:type\" content=\"image\/jpeg\" \/>\n<meta name=\"author\" content=\"Jeanette\" \/>\n<meta name=\"twitter:card\" content=\"summary_large_image\" \/>\n<meta name=\"twitter:creator\" content=\"@eldiario_net\" \/>\n<meta name=\"twitter:site\" content=\"@eldiario_net\" \/>\n<meta name=\"twitter:label1\" content=\"Escrito por\" \/>\n\t<meta name=\"twitter:data1\" content=\"Jeanette\" \/>\n\t<meta name=\"twitter:label2\" content=\"Tiempo de lectura\" \/>\n\t<meta name=\"twitter:data2\" content=\"5 minutos\" \/>\n<script type=\"application\/ld+json\" class=\"yoast-schema-graph\">{\"@context\":\"https:\\\/\\\/schema.org\",\"@graph\":[{\"@type\":\"Article\",\"@id\":\"https:\\\/\\\/www.eldiario.net\\\/portal\\\/2024\\\/05\\\/10\\\/tiempo-de-cuchilladas-2\\\/#article\",\"isPartOf\":{\"@id\":\"https:\\\/\\\/www.eldiario.net\\\/portal\\\/2024\\\/05\\\/10\\\/tiempo-de-cuchilladas-2\\\/\"},\"author\":{\"name\":\"Jeanette\",\"@id\":\"https:\\\/\\\/www.eldiario.net\\\/portal\\\/#\\\/schema\\\/person\\\/f46445640444750d7d753ccd04ae01b7\"},\"headline\":\"Tiempo de cuchilladas\",\"datePublished\":\"2024-05-10T11:08:13+00:00\",\"mainEntityOfPage\":{\"@id\":\"https:\\\/\\\/www.eldiario.net\\\/portal\\\/2024\\\/05\\\/10\\\/tiempo-de-cuchilladas-2\\\/\"},\"wordCount\":985,\"commentCount\":0,\"publisher\":{\"@id\":\"https:\\\/\\\/www.eldiario.net\\\/portal\\\/#organization\"},\"image\":{\"@id\":\"https:\\\/\\\/www.eldiario.net\\\/portal\\\/2024\\\/05\\\/10\\\/tiempo-de-cuchilladas-2\\\/#primaryimage\"},\"thumbnailUrl\":\"https:\\\/\\\/www.eldiario.net\\\/portal\\\/wp-content\\\/uploads\\\/2023\\\/06\\\/Manfredo-Kempff-Suarez.jpg\",\"articleSection\":[\"Opini\u00f3n\"],\"inLanguage\":\"es\",\"potentialAction\":[{\"@type\":\"CommentAction\",\"name\":\"Comment\",\"target\":[\"https:\\\/\\\/www.eldiario.net\\\/portal\\\/2024\\\/05\\\/10\\\/tiempo-de-cuchilladas-2\\\/#respond\"]}]},{\"@type\":\"WebPage\",\"@id\":\"https:\\\/\\\/www.eldiario.net\\\/portal\\\/2024\\\/05\\\/10\\\/tiempo-de-cuchilladas-2\\\/\",\"url\":\"https:\\\/\\\/www.eldiario.net\\\/portal\\\/2024\\\/05\\\/10\\\/tiempo-de-cuchilladas-2\\\/\",\"name\":\"Tiempo de cuchilladas - El Diario - Bolivia\",\"isPartOf\":{\"@id\":\"https:\\\/\\\/www.eldiario.net\\\/portal\\\/#website\"},\"primaryImageOfPage\":{\"@id\":\"https:\\\/\\\/www.eldiario.net\\\/portal\\\/2024\\\/05\\\/10\\\/tiempo-de-cuchilladas-2\\\/#primaryimage\"},\"image\":{\"@id\":\"https:\\\/\\\/www.eldiario.net\\\/portal\\\/2024\\\/05\\\/10\\\/tiempo-de-cuchilladas-2\\\/#primaryimage\"},\"thumbnailUrl\":\"https:\\\/\\\/www.eldiario.net\\\/portal\\\/wp-content\\\/uploads\\\/2023\\\/06\\\/Manfredo-Kempff-Suarez.jpg\",\"datePublished\":\"2024-05-10T11:08:13+00:00\",\"breadcrumb\":{\"@id\":\"https:\\\/\\\/www.eldiario.net\\\/portal\\\/2024\\\/05\\\/10\\\/tiempo-de-cuchilladas-2\\\/#breadcrumb\"},\"inLanguage\":\"es\",\"potentialAction\":[{\"@type\":\"ReadAction\",\"target\":[\"https:\\\/\\\/www.eldiario.net\\\/portal\\\/2024\\\/05\\\/10\\\/tiempo-de-cuchilladas-2\\\/\"]}]},{\"@type\":\"ImageObject\",\"inLanguage\":\"es\",\"@id\":\"https:\\\/\\\/www.eldiario.net\\\/portal\\\/2024\\\/05\\\/10\\\/tiempo-de-cuchilladas-2\\\/#primaryimage\",\"url\":\"https:\\\/\\\/www.eldiario.net\\\/portal\\\/wp-content\\\/uploads\\\/2023\\\/06\\\/Manfredo-Kempff-Suarez.jpg\",\"contentUrl\":\"https:\\\/\\\/www.eldiario.net\\\/portal\\\/wp-content\\\/uploads\\\/2023\\\/06\\\/Manfredo-Kempff-Suarez.jpg\",\"width\":1200,\"height\":628},{\"@type\":\"BreadcrumbList\",\"@id\":\"https:\\\/\\\/www.eldiario.net\\\/portal\\\/2024\\\/05\\\/10\\\/tiempo-de-cuchilladas-2\\\/#breadcrumb\",\"itemListElement\":[{\"@type\":\"ListItem\",\"position\":1,\"name\":\"Portada\",\"item\":\"https:\\\/\\\/www.eldiario.net\\\/portal\\\/\"},{\"@type\":\"ListItem\",\"position\":2,\"name\":\"Tiempo de cuchilladas\"}]},{\"@type\":\"WebSite\",\"@id\":\"https:\\\/\\\/www.eldiario.net\\\/portal\\\/#website\",\"url\":\"https:\\\/\\\/www.eldiario.net\\\/portal\\\/\",\"name\":\"El Diario - Decano de la prensa nacional\",\"description\":\"El Diario - Decano de la prensa nacional\",\"publisher\":{\"@id\":\"https:\\\/\\\/www.eldiario.net\\\/portal\\\/#organization\"},\"potentialAction\":[{\"@type\":\"SearchAction\",\"target\":{\"@type\":\"EntryPoint\",\"urlTemplate\":\"https:\\\/\\\/www.eldiario.net\\\/portal\\\/?s={search_term_string}\"},\"query-input\":{\"@type\":\"PropertyValueSpecification\",\"valueRequired\":true,\"valueName\":\"search_term_string\"}}],\"inLanguage\":\"es\"},{\"@type\":\"Organization\",\"@id\":\"https:\\\/\\\/www.eldiario.net\\\/portal\\\/#organization\",\"name\":\"El Diario - Decano de la prensa nacional\",\"url\":\"https:\\\/\\\/www.eldiario.net\\\/portal\\\/\",\"logo\":{\"@type\":\"ImageObject\",\"inLanguage\":\"es\",\"@id\":\"https:\\\/\\\/www.eldiario.net\\\/portal\\\/#\\\/schema\\\/logo\\\/image\\\/\",\"url\":\"https:\\\/\\\/www.eldiario.net\\\/portal\\\/wp-content\\\/uploads\\\/2023\\\/07\\\/logo_ED.jpg\",\"contentUrl\":\"https:\\\/\\\/www.eldiario.net\\\/portal\\\/wp-content\\\/uploads\\\/2023\\\/07\\\/logo_ED.jpg\",\"width\":272,\"height\":52,\"caption\":\"El Diario - Decano de la prensa nacional\"},\"image\":{\"@id\":\"https:\\\/\\\/www.eldiario.net\\\/portal\\\/#\\\/schema\\\/logo\\\/image\\\/\"},\"sameAs\":[\"https:\\\/\\\/www.facebook.com\\\/eldiario.bolivia\\\/\",\"https:\\\/\\\/x.com\\\/eldiario_net\"]},{\"@type\":\"Person\",\"@id\":\"https:\\\/\\\/www.eldiario.net\\\/portal\\\/#\\\/schema\\\/person\\\/f46445640444750d7d753ccd04ae01b7\",\"name\":\"Jeanette\",\"image\":{\"@type\":\"ImageObject\",\"inLanguage\":\"es\",\"@id\":\"https:\\\/\\\/secure.gravatar.com\\\/avatar\\\/3ea2118a5f7dad2b7138b1187a6b7ee55f160b9968b66013c3a3ef39dd7e5798?s=96&d=mm&r=g\",\"url\":\"https:\\\/\\\/secure.gravatar.com\\\/avatar\\\/3ea2118a5f7dad2b7138b1187a6b7ee55f160b9968b66013c3a3ef39dd7e5798?s=96&d=mm&r=g\",\"contentUrl\":\"https:\\\/\\\/secure.gravatar.com\\\/avatar\\\/3ea2118a5f7dad2b7138b1187a6b7ee55f160b9968b66013c3a3ef39dd7e5798?s=96&d=mm&r=g\",\"caption\":\"Jeanette\"},\"sameAs\":[\"https:\\\/\\\/www.eldiario.net\\\/portal\"],\"url\":\"https:\\\/\\\/www.eldiario.net\\\/portal\\\/author\\\/jeanette\\\/\"}]}<\/script>\n<!-- \/ Yoast SEO plugin. -->","yoast_head_json":{"title":"Tiempo de cuchilladas - El Diario - Bolivia","robots":{"index":"index","follow":"follow","max-snippet":"max-snippet:-1","max-image-preview":"max-image-preview:large","max-video-preview":"max-video-preview:-1"},"canonical":"https:\/\/www.eldiario.net\/portal\/2024\/05\/10\/tiempo-de-cuchilladas-2\/","og_locale":"es_ES","og_type":"article","og_title":"Tiempo de cuchilladas - El Diario - Bolivia","og_description":"El pu\u00f1al es el arma m\u00e1s utilizada para dar muerte a traici\u00f3n. M\u00e1s a\u00fan que el veneno. Se lo disimula bien entre las ropas y es silencioso. Hay que aproximarse a la v\u00edctima, ganar su confianza, y eso es suficiente para herir. Antes de la p\u00f3lvora, de las pistolas o arcabuces, el cuchillo era temido [&hellip;]","og_url":"https:\/\/www.eldiario.net\/portal\/2024\/05\/10\/tiempo-de-cuchilladas-2\/","og_site_name":"El Diario - Bolivia","article_publisher":"https:\/\/www.facebook.com\/eldiario.bolivia\/","article_published_time":"2024-05-10T11:08:13+00:00","og_image":[{"width":1200,"height":628,"url":"https:\/\/www.eldiario.net\/portal\/wp-content\/uploads\/2023\/06\/Manfredo-Kempff-Suarez.jpg","type":"image\/jpeg"}],"author":"Jeanette","twitter_card":"summary_large_image","twitter_creator":"@eldiario_net","twitter_site":"@eldiario_net","twitter_misc":{"Escrito por":"Jeanette","Tiempo de lectura":"5 minutos"},"schema":{"@context":"https:\/\/schema.org","@graph":[{"@type":"Article","@id":"https:\/\/www.eldiario.net\/portal\/2024\/05\/10\/tiempo-de-cuchilladas-2\/#article","isPartOf":{"@id":"https:\/\/www.eldiario.net\/portal\/2024\/05\/10\/tiempo-de-cuchilladas-2\/"},"author":{"name":"Jeanette","@id":"https:\/\/www.eldiario.net\/portal\/#\/schema\/person\/f46445640444750d7d753ccd04ae01b7"},"headline":"Tiempo de cuchilladas","datePublished":"2024-05-10T11:08:13+00:00","mainEntityOfPage":{"@id":"https:\/\/www.eldiario.net\/portal\/2024\/05\/10\/tiempo-de-cuchilladas-2\/"},"wordCount":985,"commentCount":0,"publisher":{"@id":"https:\/\/www.eldiario.net\/portal\/#organization"},"image":{"@id":"https:\/\/www.eldiario.net\/portal\/2024\/05\/10\/tiempo-de-cuchilladas-2\/#primaryimage"},"thumbnailUrl":"https:\/\/www.eldiario.net\/portal\/wp-content\/uploads\/2023\/06\/Manfredo-Kempff-Suarez.jpg","articleSection":["Opini\u00f3n"],"inLanguage":"es","potentialAction":[{"@type":"CommentAction","name":"Comment","target":["https:\/\/www.eldiario.net\/portal\/2024\/05\/10\/tiempo-de-cuchilladas-2\/#respond"]}]},{"@type":"WebPage","@id":"https:\/\/www.eldiario.net\/portal\/2024\/05\/10\/tiempo-de-cuchilladas-2\/","url":"https:\/\/www.eldiario.net\/portal\/2024\/05\/10\/tiempo-de-cuchilladas-2\/","name":"Tiempo de cuchilladas - El Diario - Bolivia","isPartOf":{"@id":"https:\/\/www.eldiario.net\/portal\/#website"},"primaryImageOfPage":{"@id":"https:\/\/www.eldiario.net\/portal\/2024\/05\/10\/tiempo-de-cuchilladas-2\/#primaryimage"},"image":{"@id":"https:\/\/www.eldiario.net\/portal\/2024\/05\/10\/tiempo-de-cuchilladas-2\/#primaryimage"},"thumbnailUrl":"https:\/\/www.eldiario.net\/portal\/wp-content\/uploads\/2023\/06\/Manfredo-Kempff-Suarez.jpg","datePublished":"2024-05-10T11:08:13+00:00","breadcrumb":{"@id":"https:\/\/www.eldiario.net\/portal\/2024\/05\/10\/tiempo-de-cuchilladas-2\/#breadcrumb"},"inLanguage":"es","potentialAction":[{"@type":"ReadAction","target":["https:\/\/www.eldiario.net\/portal\/2024\/05\/10\/tiempo-de-cuchilladas-2\/"]}]},{"@type":"ImageObject","inLanguage":"es","@id":"https:\/\/www.eldiario.net\/portal\/2024\/05\/10\/tiempo-de-cuchilladas-2\/#primaryimage","url":"https:\/\/www.eldiario.net\/portal\/wp-content\/uploads\/2023\/06\/Manfredo-Kempff-Suarez.jpg","contentUrl":"https:\/\/www.eldiario.net\/portal\/wp-content\/uploads\/2023\/06\/Manfredo-Kempff-Suarez.jpg","width":1200,"height":628},{"@type":"BreadcrumbList","@id":"https:\/\/www.eldiario.net\/portal\/2024\/05\/10\/tiempo-de-cuchilladas-2\/#breadcrumb","itemListElement":[{"@type":"ListItem","position":1,"name":"Portada","item":"https:\/\/www.eldiario.net\/portal\/"},{"@type":"ListItem","position":2,"name":"Tiempo de cuchilladas"}]},{"@type":"WebSite","@id":"https:\/\/www.eldiario.net\/portal\/#website","url":"https:\/\/www.eldiario.net\/portal\/","name":"El Diario - Decano de la prensa nacional","description":"El Diario - Decano de la prensa nacional","publisher":{"@id":"https:\/\/www.eldiario.net\/portal\/#organization"},"potentialAction":[{"@type":"SearchAction","target":{"@type":"EntryPoint","urlTemplate":"https:\/\/www.eldiario.net\/portal\/?s={search_term_string}"},"query-input":{"@type":"PropertyValueSpecification","valueRequired":true,"valueName":"search_term_string"}}],"inLanguage":"es"},{"@type":"Organization","@id":"https:\/\/www.eldiario.net\/portal\/#organization","name":"El Diario - Decano de la prensa nacional","url":"https:\/\/www.eldiario.net\/portal\/","logo":{"@type":"ImageObject","inLanguage":"es","@id":"https:\/\/www.eldiario.net\/portal\/#\/schema\/logo\/image\/","url":"https:\/\/www.eldiario.net\/portal\/wp-content\/uploads\/2023\/07\/logo_ED.jpg","contentUrl":"https:\/\/www.eldiario.net\/portal\/wp-content\/uploads\/2023\/07\/logo_ED.jpg","width":272,"height":52,"caption":"El Diario - Decano de la prensa nacional"},"image":{"@id":"https:\/\/www.eldiario.net\/portal\/#\/schema\/logo\/image\/"},"sameAs":["https:\/\/www.facebook.com\/eldiario.bolivia\/","https:\/\/x.com\/eldiario_net"]},{"@type":"Person","@id":"https:\/\/www.eldiario.net\/portal\/#\/schema\/person\/f46445640444750d7d753ccd04ae01b7","name":"Jeanette","image":{"@type":"ImageObject","inLanguage":"es","@id":"https:\/\/secure.gravatar.com\/avatar\/3ea2118a5f7dad2b7138b1187a6b7ee55f160b9968b66013c3a3ef39dd7e5798?s=96&d=mm&r=g","url":"https:\/\/secure.gravatar.com\/avatar\/3ea2118a5f7dad2b7138b1187a6b7ee55f160b9968b66013c3a3ef39dd7e5798?s=96&d=mm&r=g","contentUrl":"https:\/\/secure.gravatar.com\/avatar\/3ea2118a5f7dad2b7138b1187a6b7ee55f160b9968b66013c3a3ef39dd7e5798?s=96&d=mm&r=g","caption":"Jeanette"},"sameAs":["https:\/\/www.eldiario.net\/portal"],"url":"https:\/\/www.eldiario.net\/portal\/author\/jeanette\/"}]}},"_links":{"self":[{"href":"https:\/\/www.eldiario.net\/portal\/wp-json\/wp\/v2\/posts\/219667","targetHints":{"allow":["GET"]}}],"collection":[{"href":"https:\/\/www.eldiario.net\/portal\/wp-json\/wp\/v2\/posts"}],"about":[{"href":"https:\/\/www.eldiario.net\/portal\/wp-json\/wp\/v2\/types\/post"}],"author":[{"embeddable":true,"href":"https:\/\/www.eldiario.net\/portal\/wp-json\/wp\/v2\/users\/1"}],"replies":[{"embeddable":true,"href":"https:\/\/www.eldiario.net\/portal\/wp-json\/wp\/v2\/comments?post=219667"}],"version-history":[{"count":1,"href":"https:\/\/www.eldiario.net\/portal\/wp-json\/wp\/v2\/posts\/219667\/revisions"}],"predecessor-version":[{"id":219669,"href":"https:\/\/www.eldiario.net\/portal\/wp-json\/wp\/v2\/posts\/219667\/revisions\/219669"}],"wp:featuredmedia":[{"embeddable":true,"href":"https:\/\/www.eldiario.net\/portal\/wp-json\/wp\/v2\/media\/157472"}],"wp:attachment":[{"href":"https:\/\/www.eldiario.net\/portal\/wp-json\/wp\/v2\/media?parent=219667"}],"wp:term":[{"taxonomy":"category","embeddable":true,"href":"https:\/\/www.eldiario.net\/portal\/wp-json\/wp\/v2\/categories?post=219667"},{"taxonomy":"post_tag","embeddable":true,"href":"https:\/\/www.eldiario.net\/portal\/wp-json\/wp\/v2\/tags?post=219667"}],"curies":[{"name":"wp","href":"https:\/\/api.w.org\/{rel}","templated":true}]}}