{"id":219665,"date":"2024-05-10T07:07:23","date_gmt":"2024-05-10T11:07:23","guid":{"rendered":"https:\/\/www.eldiario.net\/portal\/?p=219665"},"modified":"2024-05-10T07:07:23","modified_gmt":"2024-05-10T11:07:23","slug":"periodistas-jodidos","status":"publish","type":"post","link":"https:\/\/www.eldiario.net\/portal\/2024\/05\/10\/periodistas-jodidos\/","title":{"rendered":"Periodistas jodidos"},"content":{"rendered":"<p>Este 10 de Mayo ser\u00e1 uno de los peores d\u00edas del periodista boliviano desde que la fecha fue instituida como tal. Para nosotros, quienes vivimos de y para informar a la gente, el asunto es m\u00e1s que evidente, puesto que se siente en nuestros est\u00f3magos y bolsillos.<br \/>\nEl 29 de abril reci\u00e9n pasado, el Centro de Estudios para el Desarrollo Laboral y Agrario (Cedla) present\u00f3 un documento titulado \u201cPeriodistas y precariedad laboral: Informe sobre la situaci\u00f3n de las condiciones de trabajo y de los derechos laborales de las\/os periodistas de Bolivia\u201d que contiene datos que, sin bien no son reveladores, por lo menos reflejan, de manera oficial, la crisis en la que ha ca\u00eddo la prensa boliviana.<br \/>\nEl informe, firmado por Bruno Rojas Callejas, refleja, cient\u00edficamente, que el periodismo boliviano mejor\u00f3 sus condiciones paralelamente a los cambios que sufri\u00f3 el periodismo como consecuencia de la aparici\u00f3n de las Tecnolog\u00edas de Informaci\u00f3n y Comunicaci\u00f3n (TIC). Las nuevas tecnolog\u00edas permitieron que los medios tengan un mayor alcance y eso ampli\u00f3 no solo sus audiencias, sino tambi\u00e9n sus mercados. Debido a la mercantilizaci\u00f3n, sus ingresos aumentaron y, gracias a eso, pudieron contratar m\u00e1s periodistas y pagarles mejor.<br \/>\nPero esta situaci\u00f3n de bonanza dur\u00f3 poco. El hecho determinante, convertido en hito, fue la asunci\u00f3n de Evo Morales a la presidencia de Bolivia. A partir de ah\u00ed se desarroll\u00f3 una serie de ataques sistem\u00e1ticos que tuvieron su punto de inflexi\u00f3n con la decisi\u00f3n de cortar toda publicidad gubernamental a los medios no alineados para entreg\u00e1rselo a los que surgieron con el expreso prop\u00f3sito de servir al r\u00e9gimen y a los que se somet\u00edan a esa condici\u00f3n.<br \/>\nA partir de entonces, la econom\u00eda de los medios se deterior\u00f3 y comenz\u00f3 el retroceso de todo cuanto se hab\u00eda avanzado. Por si eso fuera poco, en 2018, el MAS us\u00f3 a un infiltrado, H\u00e9ctor Aguilar, para apoderarse de la confederaci\u00f3n de la prensa. Usando bienes del Estado, como un avi\u00f3n de la Fuerza A\u00e9rea Boliviana, se llev\u00f3 delegados a un congreso org\u00e1nico a realizarse en Riberalta para reformar el estatuto y permitir que el aludido sea reelegido nuevamente. Una vez aprobada la reforma, y contra toda normativa sindical, el congreso org\u00e1nico se convirti\u00f3 en ordinario y eligi\u00f3 una nueva dirigencia. Ese fue el quiebre del sindicalismo de la prensa que dura hasta ahora.<br \/>\nLos a\u00f1os de asfixia econ\u00f3mica dieron sus frutos, ya que ni A\u00f1ez ni Arce cambiaron la distribuci\u00f3n de la pauta publicitaria, que entrega millones a medios afines y nada a los independientes. Varios medios cerraron y los que sobreviven, apenas, tuvieron que recortar planillas y sueldos. El informe del Cedla es lapidario al respecto: \u201cM\u00e1s de la mitad de los periodistas consultados indic\u00f3 que sus ingresos laborales disminuyeron en los \u00faltimos cinco a\u00f1os (2019\u20132023)\u201d.<br \/>\nActualmente, hay miles de periodistas que trabajan m\u00e1s de ocho horas diarias por menos del salario m\u00ednimo o bien en otros sistemas como \u201cfreelancer\u201d o con alquiler de espacios, lo que los convierte en proclives a la corrupci\u00f3n. Los beneficios sociales, como la seguridad social, han desaparecido. Como resultado, la calidad del periodismo boliviano ha ca\u00eddo, al punto de convertir a la prensa en un sector marginal de nuestra sociedad. Evo puede sentirse feliz y orgulloso.<\/p>\n<p>Juan Jos\u00e9 Toro es Premio Nacional en Historia del Periodismo.<\/p>\n","protected":false},"excerpt":{"rendered":"<p>Este 10 de Mayo ser\u00e1 uno de los peores d\u00edas del periodista boliviano desde que la fecha fue instituida como tal. Para nosotros, quienes vivimos de y para informar a la gente, el asunto es m\u00e1s que evidente, puesto que se siente en nuestros est\u00f3magos y bolsillos. El 29 de abril reci\u00e9n pasado, el Centro [&hellip;]<\/p>\n","protected":false},"author":1,"featured_media":163829,"comment_status":"open","ping_status":"open","sticky":false,"template":"","format":"standard","meta":{"_acf_changed":false,"footnotes":""},"categories":[9],"tags":[],"class_list":["post-219665","post","type-post","status-publish","format-standard","has-post-thumbnail","category-opinion"],"acf":{"antetitulo":"Surazo"},"yoast_head":"<!-- This site is optimized with the Yoast SEO plugin v28.4 - https:\/\/yoast.com\/product\/yoast-seo-wordpress\/ -->\n<title>Periodistas jodidos - El Diario - Bolivia<\/title>\n<meta name=\"robots\" content=\"index, follow, max-snippet:-1, max-image-preview:large, max-video-preview:-1\" \/>\n<link rel=\"canonical\" href=\"https:\/\/www.eldiario.net\/portal\/2024\/05\/10\/periodistas-jodidos\/\" \/>\n<meta property=\"og:locale\" content=\"es_ES\" \/>\n<meta property=\"og:type\" content=\"article\" \/>\n<meta property=\"og:title\" content=\"Periodistas jodidos - El Diario - Bolivia\" \/>\n<meta property=\"og:description\" content=\"Este 10 de Mayo ser\u00e1 uno de los peores d\u00edas del periodista boliviano desde que la fecha fue instituida como tal. Para nosotros, quienes vivimos de y para informar a la gente, el asunto es m\u00e1s que evidente, puesto que se siente en nuestros est\u00f3magos y bolsillos. El 29 de abril reci\u00e9n pasado, el Centro [&hellip;]\" \/>\n<meta property=\"og:url\" content=\"https:\/\/www.eldiario.net\/portal\/2024\/05\/10\/periodistas-jodidos\/\" \/>\n<meta property=\"og:site_name\" content=\"El Diario - Bolivia\" \/>\n<meta property=\"article:publisher\" content=\"https:\/\/www.facebook.com\/eldiario.bolivia\/\" \/>\n<meta property=\"article:published_time\" content=\"2024-05-10T11:07:23+00:00\" \/>\n<meta property=\"og:image\" content=\"https:\/\/www.eldiario.net\/portal\/wp-content\/uploads\/2023\/07\/Juan-Jose-Toro-Montoya.jpg\" \/>\n\t<meta property=\"og:image:width\" content=\"1200\" \/>\n\t<meta property=\"og:image:height\" content=\"628\" \/>\n\t<meta property=\"og:image:type\" content=\"image\/jpeg\" \/>\n<meta name=\"author\" content=\"Jeanette\" \/>\n<meta name=\"twitter:card\" content=\"summary_large_image\" \/>\n<meta name=\"twitter:creator\" content=\"@eldiario_net\" \/>\n<meta name=\"twitter:site\" content=\"@eldiario_net\" \/>\n<meta name=\"twitter:label1\" content=\"Escrito por\" \/>\n\t<meta name=\"twitter:data1\" content=\"Jeanette\" \/>\n\t<meta name=\"twitter:label2\" content=\"Tiempo de lectura\" \/>\n\t<meta name=\"twitter:data2\" content=\"3 minutos\" \/>\n<script type=\"application\/ld+json\" class=\"yoast-schema-graph\">{\"@context\":\"https:\\\/\\\/schema.org\",\"@graph\":[{\"@type\":\"Article\",\"@id\":\"https:\\\/\\\/www.eldiario.net\\\/portal\\\/2024\\\/05\\\/10\\\/periodistas-jodidos\\\/#article\",\"isPartOf\":{\"@id\":\"https:\\\/\\\/www.eldiario.net\\\/portal\\\/2024\\\/05\\\/10\\\/periodistas-jodidos\\\/\"},\"author\":{\"name\":\"Jeanette\",\"@id\":\"https:\\\/\\\/www.eldiario.net\\\/portal\\\/#\\\/schema\\\/person\\\/f46445640444750d7d753ccd04ae01b7\"},\"headline\":\"Periodistas jodidos\",\"datePublished\":\"2024-05-10T11:07:23+00:00\",\"mainEntityOfPage\":{\"@id\":\"https:\\\/\\\/www.eldiario.net\\\/portal\\\/2024\\\/05\\\/10\\\/periodistas-jodidos\\\/\"},\"wordCount\":587,\"commentCount\":0,\"publisher\":{\"@id\":\"https:\\\/\\\/www.eldiario.net\\\/portal\\\/#organization\"},\"image\":{\"@id\":\"https:\\\/\\\/www.eldiario.net\\\/portal\\\/2024\\\/05\\\/10\\\/periodistas-jodidos\\\/#primaryimage\"},\"thumbnailUrl\":\"https:\\\/\\\/www.eldiario.net\\\/portal\\\/wp-content\\\/uploads\\\/2023\\\/07\\\/Juan-Jose-Toro-Montoya.jpg\",\"articleSection\":[\"Opini\u00f3n\"],\"inLanguage\":\"es\",\"potentialAction\":[{\"@type\":\"CommentAction\",\"name\":\"Comment\",\"target\":[\"https:\\\/\\\/www.eldiario.net\\\/portal\\\/2024\\\/05\\\/10\\\/periodistas-jodidos\\\/#respond\"]}]},{\"@type\":\"WebPage\",\"@id\":\"https:\\\/\\\/www.eldiario.net\\\/portal\\\/2024\\\/05\\\/10\\\/periodistas-jodidos\\\/\",\"url\":\"https:\\\/\\\/www.eldiario.net\\\/portal\\\/2024\\\/05\\\/10\\\/periodistas-jodidos\\\/\",\"name\":\"Periodistas jodidos - El Diario - Bolivia\",\"isPartOf\":{\"@id\":\"https:\\\/\\\/www.eldiario.net\\\/portal\\\/#website\"},\"primaryImageOfPage\":{\"@id\":\"https:\\\/\\\/www.eldiario.net\\\/portal\\\/2024\\\/05\\\/10\\\/periodistas-jodidos\\\/#primaryimage\"},\"image\":{\"@id\":\"https:\\\/\\\/www.eldiario.net\\\/portal\\\/2024\\\/05\\\/10\\\/periodistas-jodidos\\\/#primaryimage\"},\"thumbnailUrl\":\"https:\\\/\\\/www.eldiario.net\\\/portal\\\/wp-content\\\/uploads\\\/2023\\\/07\\\/Juan-Jose-Toro-Montoya.jpg\",\"datePublished\":\"2024-05-10T11:07:23+00:00\",\"breadcrumb\":{\"@id\":\"https:\\\/\\\/www.eldiario.net\\\/portal\\\/2024\\\/05\\\/10\\\/periodistas-jodidos\\\/#breadcrumb\"},\"inLanguage\":\"es\",\"potentialAction\":[{\"@type\":\"ReadAction\",\"target\":[\"https:\\\/\\\/www.eldiario.net\\\/portal\\\/2024\\\/05\\\/10\\\/periodistas-jodidos\\\/\"]}]},{\"@type\":\"ImageObject\",\"inLanguage\":\"es\",\"@id\":\"https:\\\/\\\/www.eldiario.net\\\/portal\\\/2024\\\/05\\\/10\\\/periodistas-jodidos\\\/#primaryimage\",\"url\":\"https:\\\/\\\/www.eldiario.net\\\/portal\\\/wp-content\\\/uploads\\\/2023\\\/07\\\/Juan-Jose-Toro-Montoya.jpg\",\"contentUrl\":\"https:\\\/\\\/www.eldiario.net\\\/portal\\\/wp-content\\\/uploads\\\/2023\\\/07\\\/Juan-Jose-Toro-Montoya.jpg\",\"width\":1200,\"height\":628,\"caption\":\"Juan Jos\u00e9 Toro Montoya\"},{\"@type\":\"BreadcrumbList\",\"@id\":\"https:\\\/\\\/www.eldiario.net\\\/portal\\\/2024\\\/05\\\/10\\\/periodistas-jodidos\\\/#breadcrumb\",\"itemListElement\":[{\"@type\":\"ListItem\",\"position\":1,\"name\":\"Portada\",\"item\":\"https:\\\/\\\/www.eldiario.net\\\/portal\\\/\"},{\"@type\":\"ListItem\",\"position\":2,\"name\":\"Periodistas jodidos\"}]},{\"@type\":\"WebSite\",\"@id\":\"https:\\\/\\\/www.eldiario.net\\\/portal\\\/#website\",\"url\":\"https:\\\/\\\/www.eldiario.net\\\/portal\\\/\",\"name\":\"El Diario - Decano de la prensa nacional\",\"description\":\"El Diario - Decano de la prensa nacional\",\"publisher\":{\"@id\":\"https:\\\/\\\/www.eldiario.net\\\/portal\\\/#organization\"},\"potentialAction\":[{\"@type\":\"SearchAction\",\"target\":{\"@type\":\"EntryPoint\",\"urlTemplate\":\"https:\\\/\\\/www.eldiario.net\\\/portal\\\/?s={search_term_string}\"},\"query-input\":{\"@type\":\"PropertyValueSpecification\",\"valueRequired\":true,\"valueName\":\"search_term_string\"}}],\"inLanguage\":\"es\"},{\"@type\":\"Organization\",\"@id\":\"https:\\\/\\\/www.eldiario.net\\\/portal\\\/#organization\",\"name\":\"El Diario - Decano de la prensa nacional\",\"url\":\"https:\\\/\\\/www.eldiario.net\\\/portal\\\/\",\"logo\":{\"@type\":\"ImageObject\",\"inLanguage\":\"es\",\"@id\":\"https:\\\/\\\/www.eldiario.net\\\/portal\\\/#\\\/schema\\\/logo\\\/image\\\/\",\"url\":\"https:\\\/\\\/www.eldiario.net\\\/portal\\\/wp-content\\\/uploads\\\/2023\\\/07\\\/logo_ED.jpg\",\"contentUrl\":\"https:\\\/\\\/www.eldiario.net\\\/portal\\\/wp-content\\\/uploads\\\/2023\\\/07\\\/logo_ED.jpg\",\"width\":272,\"height\":52,\"caption\":\"El Diario - Decano de la prensa nacional\"},\"image\":{\"@id\":\"https:\\\/\\\/www.eldiario.net\\\/portal\\\/#\\\/schema\\\/logo\\\/image\\\/\"},\"sameAs\":[\"https:\\\/\\\/www.facebook.com\\\/eldiario.bolivia\\\/\",\"https:\\\/\\\/x.com\\\/eldiario_net\"]},{\"@type\":\"Person\",\"@id\":\"https:\\\/\\\/www.eldiario.net\\\/portal\\\/#\\\/schema\\\/person\\\/f46445640444750d7d753ccd04ae01b7\",\"name\":\"Jeanette\",\"image\":{\"@type\":\"ImageObject\",\"inLanguage\":\"es\",\"@id\":\"https:\\\/\\\/secure.gravatar.com\\\/avatar\\\/3ea2118a5f7dad2b7138b1187a6b7ee55f160b9968b66013c3a3ef39dd7e5798?s=96&d=mm&r=g\",\"url\":\"https:\\\/\\\/secure.gravatar.com\\\/avatar\\\/3ea2118a5f7dad2b7138b1187a6b7ee55f160b9968b66013c3a3ef39dd7e5798?s=96&d=mm&r=g\",\"contentUrl\":\"https:\\\/\\\/secure.gravatar.com\\\/avatar\\\/3ea2118a5f7dad2b7138b1187a6b7ee55f160b9968b66013c3a3ef39dd7e5798?s=96&d=mm&r=g\",\"caption\":\"Jeanette\"},\"sameAs\":[\"https:\\\/\\\/www.eldiario.net\\\/portal\"],\"url\":\"https:\\\/\\\/www.eldiario.net\\\/portal\\\/author\\\/jeanette\\\/\"}]}<\/script>\n<!-- \/ Yoast SEO plugin. -->","yoast_head_json":{"title":"Periodistas jodidos - El Diario - Bolivia","robots":{"index":"index","follow":"follow","max-snippet":"max-snippet:-1","max-image-preview":"max-image-preview:large","max-video-preview":"max-video-preview:-1"},"canonical":"https:\/\/www.eldiario.net\/portal\/2024\/05\/10\/periodistas-jodidos\/","og_locale":"es_ES","og_type":"article","og_title":"Periodistas jodidos - El Diario - Bolivia","og_description":"Este 10 de Mayo ser\u00e1 uno de los peores d\u00edas del periodista boliviano desde que la fecha fue instituida como tal. Para nosotros, quienes vivimos de y para informar a la gente, el asunto es m\u00e1s que evidente, puesto que se siente en nuestros est\u00f3magos y bolsillos. El 29 de abril reci\u00e9n pasado, el Centro [&hellip;]","og_url":"https:\/\/www.eldiario.net\/portal\/2024\/05\/10\/periodistas-jodidos\/","og_site_name":"El Diario - Bolivia","article_publisher":"https:\/\/www.facebook.com\/eldiario.bolivia\/","article_published_time":"2024-05-10T11:07:23+00:00","og_image":[{"width":1200,"height":628,"url":"https:\/\/www.eldiario.net\/portal\/wp-content\/uploads\/2023\/07\/Juan-Jose-Toro-Montoya.jpg","type":"image\/jpeg"}],"author":"Jeanette","twitter_card":"summary_large_image","twitter_creator":"@eldiario_net","twitter_site":"@eldiario_net","twitter_misc":{"Escrito por":"Jeanette","Tiempo de lectura":"3 minutos"},"schema":{"@context":"https:\/\/schema.org","@graph":[{"@type":"Article","@id":"https:\/\/www.eldiario.net\/portal\/2024\/05\/10\/periodistas-jodidos\/#article","isPartOf":{"@id":"https:\/\/www.eldiario.net\/portal\/2024\/05\/10\/periodistas-jodidos\/"},"author":{"name":"Jeanette","@id":"https:\/\/www.eldiario.net\/portal\/#\/schema\/person\/f46445640444750d7d753ccd04ae01b7"},"headline":"Periodistas jodidos","datePublished":"2024-05-10T11:07:23+00:00","mainEntityOfPage":{"@id":"https:\/\/www.eldiario.net\/portal\/2024\/05\/10\/periodistas-jodidos\/"},"wordCount":587,"commentCount":0,"publisher":{"@id":"https:\/\/www.eldiario.net\/portal\/#organization"},"image":{"@id":"https:\/\/www.eldiario.net\/portal\/2024\/05\/10\/periodistas-jodidos\/#primaryimage"},"thumbnailUrl":"https:\/\/www.eldiario.net\/portal\/wp-content\/uploads\/2023\/07\/Juan-Jose-Toro-Montoya.jpg","articleSection":["Opini\u00f3n"],"inLanguage":"es","potentialAction":[{"@type":"CommentAction","name":"Comment","target":["https:\/\/www.eldiario.net\/portal\/2024\/05\/10\/periodistas-jodidos\/#respond"]}]},{"@type":"WebPage","@id":"https:\/\/www.eldiario.net\/portal\/2024\/05\/10\/periodistas-jodidos\/","url":"https:\/\/www.eldiario.net\/portal\/2024\/05\/10\/periodistas-jodidos\/","name":"Periodistas jodidos - El Diario - Bolivia","isPartOf":{"@id":"https:\/\/www.eldiario.net\/portal\/#website"},"primaryImageOfPage":{"@id":"https:\/\/www.eldiario.net\/portal\/2024\/05\/10\/periodistas-jodidos\/#primaryimage"},"image":{"@id":"https:\/\/www.eldiario.net\/portal\/2024\/05\/10\/periodistas-jodidos\/#primaryimage"},"thumbnailUrl":"https:\/\/www.eldiario.net\/portal\/wp-content\/uploads\/2023\/07\/Juan-Jose-Toro-Montoya.jpg","datePublished":"2024-05-10T11:07:23+00:00","breadcrumb":{"@id":"https:\/\/www.eldiario.net\/portal\/2024\/05\/10\/periodistas-jodidos\/#breadcrumb"},"inLanguage":"es","potentialAction":[{"@type":"ReadAction","target":["https:\/\/www.eldiario.net\/portal\/2024\/05\/10\/periodistas-jodidos\/"]}]},{"@type":"ImageObject","inLanguage":"es","@id":"https:\/\/www.eldiario.net\/portal\/2024\/05\/10\/periodistas-jodidos\/#primaryimage","url":"https:\/\/www.eldiario.net\/portal\/wp-content\/uploads\/2023\/07\/Juan-Jose-Toro-Montoya.jpg","contentUrl":"https:\/\/www.eldiario.net\/portal\/wp-content\/uploads\/2023\/07\/Juan-Jose-Toro-Montoya.jpg","width":1200,"height":628,"caption":"Juan Jos\u00e9 Toro Montoya"},{"@type":"BreadcrumbList","@id":"https:\/\/www.eldiario.net\/portal\/2024\/05\/10\/periodistas-jodidos\/#breadcrumb","itemListElement":[{"@type":"ListItem","position":1,"name":"Portada","item":"https:\/\/www.eldiario.net\/portal\/"},{"@type":"ListItem","position":2,"name":"Periodistas jodidos"}]},{"@type":"WebSite","@id":"https:\/\/www.eldiario.net\/portal\/#website","url":"https:\/\/www.eldiario.net\/portal\/","name":"El Diario - Decano de la prensa nacional","description":"El Diario - Decano de la prensa nacional","publisher":{"@id":"https:\/\/www.eldiario.net\/portal\/#organization"},"potentialAction":[{"@type":"SearchAction","target":{"@type":"EntryPoint","urlTemplate":"https:\/\/www.eldiario.net\/portal\/?s={search_term_string}"},"query-input":{"@type":"PropertyValueSpecification","valueRequired":true,"valueName":"search_term_string"}}],"inLanguage":"es"},{"@type":"Organization","@id":"https:\/\/www.eldiario.net\/portal\/#organization","name":"El Diario - Decano de la prensa nacional","url":"https:\/\/www.eldiario.net\/portal\/","logo":{"@type":"ImageObject","inLanguage":"es","@id":"https:\/\/www.eldiario.net\/portal\/#\/schema\/logo\/image\/","url":"https:\/\/www.eldiario.net\/portal\/wp-content\/uploads\/2023\/07\/logo_ED.jpg","contentUrl":"https:\/\/www.eldiario.net\/portal\/wp-content\/uploads\/2023\/07\/logo_ED.jpg","width":272,"height":52,"caption":"El Diario - Decano de la prensa nacional"},"image":{"@id":"https:\/\/www.eldiario.net\/portal\/#\/schema\/logo\/image\/"},"sameAs":["https:\/\/www.facebook.com\/eldiario.bolivia\/","https:\/\/x.com\/eldiario_net"]},{"@type":"Person","@id":"https:\/\/www.eldiario.net\/portal\/#\/schema\/person\/f46445640444750d7d753ccd04ae01b7","name":"Jeanette","image":{"@type":"ImageObject","inLanguage":"es","@id":"https:\/\/secure.gravatar.com\/avatar\/3ea2118a5f7dad2b7138b1187a6b7ee55f160b9968b66013c3a3ef39dd7e5798?s=96&d=mm&r=g","url":"https:\/\/secure.gravatar.com\/avatar\/3ea2118a5f7dad2b7138b1187a6b7ee55f160b9968b66013c3a3ef39dd7e5798?s=96&d=mm&r=g","contentUrl":"https:\/\/secure.gravatar.com\/avatar\/3ea2118a5f7dad2b7138b1187a6b7ee55f160b9968b66013c3a3ef39dd7e5798?s=96&d=mm&r=g","caption":"Jeanette"},"sameAs":["https:\/\/www.eldiario.net\/portal"],"url":"https:\/\/www.eldiario.net\/portal\/author\/jeanette\/"}]}},"_links":{"self":[{"href":"https:\/\/www.eldiario.net\/portal\/wp-json\/wp\/v2\/posts\/219665","targetHints":{"allow":["GET"]}}],"collection":[{"href":"https:\/\/www.eldiario.net\/portal\/wp-json\/wp\/v2\/posts"}],"about":[{"href":"https:\/\/www.eldiario.net\/portal\/wp-json\/wp\/v2\/types\/post"}],"author":[{"embeddable":true,"href":"https:\/\/www.eldiario.net\/portal\/wp-json\/wp\/v2\/users\/1"}],"replies":[{"embeddable":true,"href":"https:\/\/www.eldiario.net\/portal\/wp-json\/wp\/v2\/comments?post=219665"}],"version-history":[{"count":1,"href":"https:\/\/www.eldiario.net\/portal\/wp-json\/wp\/v2\/posts\/219665\/revisions"}],"predecessor-version":[{"id":219666,"href":"https:\/\/www.eldiario.net\/portal\/wp-json\/wp\/v2\/posts\/219665\/revisions\/219666"}],"wp:featuredmedia":[{"embeddable":true,"href":"https:\/\/www.eldiario.net\/portal\/wp-json\/wp\/v2\/media\/163829"}],"wp:attachment":[{"href":"https:\/\/www.eldiario.net\/portal\/wp-json\/wp\/v2\/media?parent=219665"}],"wp:term":[{"taxonomy":"category","embeddable":true,"href":"https:\/\/www.eldiario.net\/portal\/wp-json\/wp\/v2\/categories?post=219665"},{"taxonomy":"post_tag","embeddable":true,"href":"https:\/\/www.eldiario.net\/portal\/wp-json\/wp\/v2\/tags?post=219665"}],"curies":[{"name":"wp","href":"https:\/\/api.w.org\/{rel}","templated":true}]}}