{"id":219660,"date":"2024-05-10T06:19:21","date_gmt":"2024-05-10T10:19:21","guid":{"rendered":"https:\/\/www.eldiario.net\/portal\/?p=219660"},"modified":"2024-05-10T06:19:21","modified_gmt":"2024-05-10T10:19:21","slug":"tres-factores-provocan-la-escasez-de-divisas","status":"publish","type":"post","link":"https:\/\/www.eldiario.net\/portal\/2024\/05\/10\/tres-factores-provocan-la-escasez-de-divisas\/","title":{"rendered":"Tres factores provocan la escasez de divisas"},"content":{"rendered":"<p>El d\u00e9ficit comercial que se mantiene a febrero, a lo que se suma la inversi\u00f3n extranjera que no levanta vuelo y la paralizaci\u00f3n de cr\u00e9ditos en la Asamblea Legislativa por temas pol\u00edticos, son tres factores que provocan la escasez de divisas. Los exportadores exigen una liberalizaci\u00f3n de las ventas y poner fin a los anuncios permanentes de bloqueos de carreteras en el pa\u00eds.<br \/>\nDe acuerdo a Gonzalo Ch\u00e1vez son cuatro factores por los que el pa\u00eds recibe divisas, uno son las exportaciones, otro la Inversi\u00f3n Extranjera Directa, tambi\u00e9n los cr\u00e9ditos externos, as\u00ed como por las remesas que env\u00edan los connacionales a sus familiares en Bolivia.<br \/>\nCh\u00e1vez, en reiteradas oportunidades, dijo que la bonanza del gas se acab\u00f3, el gas se hizo gas. Por la venta hasta el 2014 los ingresos bordearon los 6.000 millones de d\u00f3lares, pero a la fecha los recursos no superan los 2.500 millones.<br \/>\nDe acuerdo a datos del Instituto Nacional de Estad\u00edstica (INE), a febrero el comercio de Bolivia registr\u00f3 d\u00e9ficit de 109,7 millones de d\u00f3lares, es decir se compr\u00f3 753,7 millones y s\u00f3lo vendi\u00f3 644 millones.<br \/>\nEntretanto, en el tema de la Inversi\u00f3n Extranjera Directa (IED), a Bolivia no le fue bien, pues seg\u00fan los datos de la Comisi\u00f3n Econ\u00f3mica para Am\u00e9rica Latina (Cepal), el 2022 el pa\u00eds registr\u00f3 desinversi\u00f3n de -26 millones, mientras la diferencia absoluta 2022-2021 la cifra fue de -610 millones de d\u00f3lares.<br \/>\nEn 2022, Bolivia fue el \u00fanico pa\u00eds de Sudam\u00e9rica que registr\u00f3 desinversi\u00f3n y a nivel Latinoam\u00e9rica se ubic\u00f3 en segundo lugar despu\u00e9s de El Salvador, que alcanz\u00f3 a -101 millones de d\u00f3lares.<br \/>\nMientras tanto, en lo que se refiere a cr\u00e9ditos externos, la Asamblea Legislativa tiene que aprobar 640 millones de d\u00f3lares, destinados a diferentes proyectos, que por cuestiones pol\u00edticas hasta ahora no se da luz verde a los pr\u00e9stamos.<br \/>\nComo se recordar\u00e1, el Gobierno remiti\u00f3 al Legislativo alrededor de 970 millones de d\u00f3lares para su aprobaci\u00f3n, de los cuales se dio luz verde a 325 millones del Banco Mundial (BM) y del Banco Interamericano de Desarrollo (BID).<br \/>\nBonanza<br \/>\nEn la bonanza econ\u00f3mica hasta el 2014, el Gobierno dispon\u00eda de recursos para financiar la inversi\u00f3n p\u00fablica y diferentes proyectos municipales, as\u00ed como la construcci\u00f3n de elefantes blancos, pero la ca\u00edda de los ingresos del gas redujo la liquidez de la actual administraci\u00f3n, ahora debe acudir a financiamiento externo.<br \/>\nDesde febrero del 2023, empez\u00f3 la escasez del d\u00f3lar y la situaci\u00f3n se agudiz\u00f3 por las pol\u00edticas que implement\u00f3 el Banco Central de Bolivia (BCB), como la compra de d\u00f3lares a los exportadores a un precio de 6,95 bolivianos, la venta de la divisa al p\u00fablico por el ente emisor tambi\u00e9n no dio resultado.<br \/>\nSin embargo, los exportadores solicitaron una liberaci\u00f3n de las exportaciones, as\u00ed como v\u00eda libre para vender al mundo.<\/p>\n<p>Reconocimiento<br \/>\nPara el presidente del Colegio Departamental de Economistas de Tarija, Fernando Romero, el reconocimiento de la situaci\u00f3n actual de parte del Gobierno es una buena se\u00f1al, sin embargo, no dan respuestas para mejorar el clima econ\u00f3mico, si no se abocan a temas pol\u00edticos.<br \/>\n\u201cM\u00e1s all\u00e1 de los indicadores que muestra el Gobierno, sobre baja inflaci\u00f3n y desempleo, as\u00ed como un crecimiento econ\u00f3mico, la situaci\u00f3n del pa\u00eds es cr\u00edtica y complicada\u201d, apunt\u00f3 y describi\u00f3 que una econom\u00eda pujante no registrar\u00eda escasez de d\u00f3lares, una inflaci\u00f3n creciente y una informalidad que bordea el 85%.<br \/>\nAdem\u00e1s, varios sectores exigen mayor oferta de d\u00f3lares, como los textileros, farmac\u00e9uticos y los importadores de l\u00ednea blanca, entre otros, ya que tienen dificultades en sus actividades econ\u00f3micas por la falta de d\u00f3lares.<br \/>\nSostiene que una divisa m\u00e1s cara implica un elevado costo del producto destinado al p\u00fablico, pues los insumos y las materias primas se importan a un valor mayor porque los agentes econ\u00f3micos deben adquirir en el mercado paralelo.<br \/>\nEn la pasada gesti\u00f3n se registr\u00f3 un flujo de divisas de 544 millones de d\u00f3lares, pero se recibe menos de lo que se eroga, lo que muestra que la econom\u00eda se estar\u00eda acercando a una crisis de balanza pagos, si no se hacen los ajustes necesarios.<br \/>\n\u201cHay una alta posibilidad de que se registre\u201d, alert\u00f3. Asimismo, sostiene que se tiene que buscar alternativas y a corto plazo la situaci\u00f3n econ\u00f3mica del pa\u00eds se complica.<br \/>\nEso se muestra en el sistema financiero, pues los bancos implementaron l\u00edmites a los retiros y a las transacciones financieras en el exterior o en los pagos de servicios.<br \/>\nIndic\u00f3 que una salida coyuntural es con mayor endeudamiento externo a corto plazo, el Gobierno tambi\u00e9n recurri\u00f3 a la monetizaci\u00f3n de las reservas de oro, para solventar las importaciones de carburantes.<br \/>\nPues el crecimiento econ\u00f3mico registrado en 2023 de 3,1, una inflaci\u00f3n acumulada de 1,31% y una desocupaci\u00f3n por debajo de 4%, son datos estad\u00edsticos alejados de la realidad econ\u00f3mica de la gente de a pie.<\/p>\n","protected":false},"excerpt":{"rendered":"<p>El d\u00e9ficit comercial que se mantiene a febrero, a lo que se suma la inversi\u00f3n extranjera que no levanta vuelo y la paralizaci\u00f3n de cr\u00e9ditos en la Asamblea Legislativa por temas pol\u00edticos, son tres factores que provocan la escasez de divisas. Los exportadores exigen una liberalizaci\u00f3n de las ventas y poner fin a los anuncios [&hellip;]<\/p>\n","protected":false},"author":1,"featured_media":219661,"comment_status":"open","ping_status":"open","sticky":false,"template":"","format":"standard","meta":{"_acf_changed":false,"footnotes":""},"categories":[7],"tags":[],"class_list":["post-219660","post","type-post","status-publish","format-standard","has-post-thumbnail","category-economia"],"acf":{"antetitulo":""},"yoast_head":"<!-- This site is optimized with the Yoast SEO plugin v28.4 - https:\/\/yoast.com\/product\/yoast-seo-wordpress\/ -->\n<title>Tres factores provocan la escasez de divisas - El Diario - Bolivia<\/title>\n<meta name=\"robots\" content=\"index, follow, max-snippet:-1, max-image-preview:large, max-video-preview:-1\" \/>\n<link rel=\"canonical\" href=\"https:\/\/www.eldiario.net\/portal\/2024\/05\/10\/tres-factores-provocan-la-escasez-de-divisas\/\" \/>\n<meta property=\"og:locale\" content=\"es_ES\" \/>\n<meta property=\"og:type\" content=\"article\" \/>\n<meta property=\"og:title\" content=\"Tres factores provocan la escasez de divisas - El Diario - Bolivia\" \/>\n<meta property=\"og:description\" content=\"El d\u00e9ficit comercial que se mantiene a febrero, a lo que se suma la inversi\u00f3n extranjera que no levanta vuelo y la paralizaci\u00f3n de cr\u00e9ditos en la Asamblea Legislativa por temas pol\u00edticos, son tres factores que provocan la escasez de divisas. Los exportadores exigen una liberalizaci\u00f3n de las ventas y poner fin a los anuncios [&hellip;]\" \/>\n<meta property=\"og:url\" content=\"https:\/\/www.eldiario.net\/portal\/2024\/05\/10\/tres-factores-provocan-la-escasez-de-divisas\/\" \/>\n<meta property=\"og:site_name\" content=\"El Diario - Bolivia\" \/>\n<meta property=\"article:publisher\" content=\"https:\/\/www.facebook.com\/eldiario.bolivia\/\" \/>\n<meta property=\"article:published_time\" content=\"2024-05-10T10:19:21+00:00\" \/>\n<meta property=\"og:image\" content=\"https:\/\/www.eldiario.net\/portal\/wp-content\/uploads\/2024\/05\/inver.jpg\" \/>\n\t<meta property=\"og:image:width\" content=\"561\" \/>\n\t<meta property=\"og:image:height\" content=\"387\" \/>\n\t<meta property=\"og:image:type\" content=\"image\/jpeg\" \/>\n<meta name=\"author\" content=\"Jeanette\" \/>\n<meta name=\"twitter:card\" content=\"summary_large_image\" \/>\n<meta name=\"twitter:creator\" content=\"@eldiario_net\" \/>\n<meta name=\"twitter:site\" content=\"@eldiario_net\" \/>\n<meta name=\"twitter:label1\" content=\"Escrito por\" \/>\n\t<meta name=\"twitter:data1\" content=\"Jeanette\" \/>\n\t<meta name=\"twitter:label2\" content=\"Tiempo de lectura\" \/>\n\t<meta name=\"twitter:data2\" content=\"4 minutos\" \/>\n<script type=\"application\/ld+json\" class=\"yoast-schema-graph\">{\"@context\":\"https:\\\/\\\/schema.org\",\"@graph\":[{\"@type\":\"Article\",\"@id\":\"https:\\\/\\\/www.eldiario.net\\\/portal\\\/2024\\\/05\\\/10\\\/tres-factores-provocan-la-escasez-de-divisas\\\/#article\",\"isPartOf\":{\"@id\":\"https:\\\/\\\/www.eldiario.net\\\/portal\\\/2024\\\/05\\\/10\\\/tres-factores-provocan-la-escasez-de-divisas\\\/\"},\"author\":{\"name\":\"Jeanette\",\"@id\":\"https:\\\/\\\/www.eldiario.net\\\/portal\\\/#\\\/schema\\\/person\\\/f46445640444750d7d753ccd04ae01b7\"},\"headline\":\"Tres factores provocan la escasez de divisas\",\"datePublished\":\"2024-05-10T10:19:21+00:00\",\"mainEntityOfPage\":{\"@id\":\"https:\\\/\\\/www.eldiario.net\\\/portal\\\/2024\\\/05\\\/10\\\/tres-factores-provocan-la-escasez-de-divisas\\\/\"},\"wordCount\":873,\"commentCount\":0,\"publisher\":{\"@id\":\"https:\\\/\\\/www.eldiario.net\\\/portal\\\/#organization\"},\"image\":{\"@id\":\"https:\\\/\\\/www.eldiario.net\\\/portal\\\/2024\\\/05\\\/10\\\/tres-factores-provocan-la-escasez-de-divisas\\\/#primaryimage\"},\"thumbnailUrl\":\"https:\\\/\\\/www.eldiario.net\\\/portal\\\/wp-content\\\/uploads\\\/2024\\\/05\\\/inver.jpg\",\"articleSection\":[\"Econom\u00eda\"],\"inLanguage\":\"es\",\"potentialAction\":[{\"@type\":\"CommentAction\",\"name\":\"Comment\",\"target\":[\"https:\\\/\\\/www.eldiario.net\\\/portal\\\/2024\\\/05\\\/10\\\/tres-factores-provocan-la-escasez-de-divisas\\\/#respond\"]}]},{\"@type\":\"WebPage\",\"@id\":\"https:\\\/\\\/www.eldiario.net\\\/portal\\\/2024\\\/05\\\/10\\\/tres-factores-provocan-la-escasez-de-divisas\\\/\",\"url\":\"https:\\\/\\\/www.eldiario.net\\\/portal\\\/2024\\\/05\\\/10\\\/tres-factores-provocan-la-escasez-de-divisas\\\/\",\"name\":\"Tres factores provocan la escasez de divisas - El Diario - Bolivia\",\"isPartOf\":{\"@id\":\"https:\\\/\\\/www.eldiario.net\\\/portal\\\/#website\"},\"primaryImageOfPage\":{\"@id\":\"https:\\\/\\\/www.eldiario.net\\\/portal\\\/2024\\\/05\\\/10\\\/tres-factores-provocan-la-escasez-de-divisas\\\/#primaryimage\"},\"image\":{\"@id\":\"https:\\\/\\\/www.eldiario.net\\\/portal\\\/2024\\\/05\\\/10\\\/tres-factores-provocan-la-escasez-de-divisas\\\/#primaryimage\"},\"thumbnailUrl\":\"https:\\\/\\\/www.eldiario.net\\\/portal\\\/wp-content\\\/uploads\\\/2024\\\/05\\\/inver.jpg\",\"datePublished\":\"2024-05-10T10:19:21+00:00\",\"breadcrumb\":{\"@id\":\"https:\\\/\\\/www.eldiario.net\\\/portal\\\/2024\\\/05\\\/10\\\/tres-factores-provocan-la-escasez-de-divisas\\\/#breadcrumb\"},\"inLanguage\":\"es\",\"potentialAction\":[{\"@type\":\"ReadAction\",\"target\":[\"https:\\\/\\\/www.eldiario.net\\\/portal\\\/2024\\\/05\\\/10\\\/tres-factores-provocan-la-escasez-de-divisas\\\/\"]}]},{\"@type\":\"ImageObject\",\"inLanguage\":\"es\",\"@id\":\"https:\\\/\\\/www.eldiario.net\\\/portal\\\/2024\\\/05\\\/10\\\/tres-factores-provocan-la-escasez-de-divisas\\\/#primaryimage\",\"url\":\"https:\\\/\\\/www.eldiario.net\\\/portal\\\/wp-content\\\/uploads\\\/2024\\\/05\\\/inver.jpg\",\"contentUrl\":\"https:\\\/\\\/www.eldiario.net\\\/portal\\\/wp-content\\\/uploads\\\/2024\\\/05\\\/inver.jpg\",\"width\":561,\"height\":387},{\"@type\":\"BreadcrumbList\",\"@id\":\"https:\\\/\\\/www.eldiario.net\\\/portal\\\/2024\\\/05\\\/10\\\/tres-factores-provocan-la-escasez-de-divisas\\\/#breadcrumb\",\"itemListElement\":[{\"@type\":\"ListItem\",\"position\":1,\"name\":\"Portada\",\"item\":\"https:\\\/\\\/www.eldiario.net\\\/portal\\\/\"},{\"@type\":\"ListItem\",\"position\":2,\"name\":\"Tres factores provocan la escasez de divisas\"}]},{\"@type\":\"WebSite\",\"@id\":\"https:\\\/\\\/www.eldiario.net\\\/portal\\\/#website\",\"url\":\"https:\\\/\\\/www.eldiario.net\\\/portal\\\/\",\"name\":\"El Diario - Decano de la prensa nacional\",\"description\":\"El Diario - Decano de la prensa nacional\",\"publisher\":{\"@id\":\"https:\\\/\\\/www.eldiario.net\\\/portal\\\/#organization\"},\"potentialAction\":[{\"@type\":\"SearchAction\",\"target\":{\"@type\":\"EntryPoint\",\"urlTemplate\":\"https:\\\/\\\/www.eldiario.net\\\/portal\\\/?s={search_term_string}\"},\"query-input\":{\"@type\":\"PropertyValueSpecification\",\"valueRequired\":true,\"valueName\":\"search_term_string\"}}],\"inLanguage\":\"es\"},{\"@type\":\"Organization\",\"@id\":\"https:\\\/\\\/www.eldiario.net\\\/portal\\\/#organization\",\"name\":\"El Diario - Decano de la prensa nacional\",\"url\":\"https:\\\/\\\/www.eldiario.net\\\/portal\\\/\",\"logo\":{\"@type\":\"ImageObject\",\"inLanguage\":\"es\",\"@id\":\"https:\\\/\\\/www.eldiario.net\\\/portal\\\/#\\\/schema\\\/logo\\\/image\\\/\",\"url\":\"https:\\\/\\\/www.eldiario.net\\\/portal\\\/wp-content\\\/uploads\\\/2023\\\/07\\\/logo_ED.jpg\",\"contentUrl\":\"https:\\\/\\\/www.eldiario.net\\\/portal\\\/wp-content\\\/uploads\\\/2023\\\/07\\\/logo_ED.jpg\",\"width\":272,\"height\":52,\"caption\":\"El Diario - Decano de la prensa nacional\"},\"image\":{\"@id\":\"https:\\\/\\\/www.eldiario.net\\\/portal\\\/#\\\/schema\\\/logo\\\/image\\\/\"},\"sameAs\":[\"https:\\\/\\\/www.facebook.com\\\/eldiario.bolivia\\\/\",\"https:\\\/\\\/x.com\\\/eldiario_net\"]},{\"@type\":\"Person\",\"@id\":\"https:\\\/\\\/www.eldiario.net\\\/portal\\\/#\\\/schema\\\/person\\\/f46445640444750d7d753ccd04ae01b7\",\"name\":\"Jeanette\",\"image\":{\"@type\":\"ImageObject\",\"inLanguage\":\"es\",\"@id\":\"https:\\\/\\\/secure.gravatar.com\\\/avatar\\\/3ea2118a5f7dad2b7138b1187a6b7ee55f160b9968b66013c3a3ef39dd7e5798?s=96&d=mm&r=g\",\"url\":\"https:\\\/\\\/secure.gravatar.com\\\/avatar\\\/3ea2118a5f7dad2b7138b1187a6b7ee55f160b9968b66013c3a3ef39dd7e5798?s=96&d=mm&r=g\",\"contentUrl\":\"https:\\\/\\\/secure.gravatar.com\\\/avatar\\\/3ea2118a5f7dad2b7138b1187a6b7ee55f160b9968b66013c3a3ef39dd7e5798?s=96&d=mm&r=g\",\"caption\":\"Jeanette\"},\"sameAs\":[\"https:\\\/\\\/www.eldiario.net\\\/portal\"],\"url\":\"https:\\\/\\\/www.eldiario.net\\\/portal\\\/author\\\/jeanette\\\/\"}]}<\/script>\n<!-- \/ Yoast SEO plugin. -->","yoast_head_json":{"title":"Tres factores provocan la escasez de divisas - El Diario - Bolivia","robots":{"index":"index","follow":"follow","max-snippet":"max-snippet:-1","max-image-preview":"max-image-preview:large","max-video-preview":"max-video-preview:-1"},"canonical":"https:\/\/www.eldiario.net\/portal\/2024\/05\/10\/tres-factores-provocan-la-escasez-de-divisas\/","og_locale":"es_ES","og_type":"article","og_title":"Tres factores provocan la escasez de divisas - El Diario - Bolivia","og_description":"El d\u00e9ficit comercial que se mantiene a febrero, a lo que se suma la inversi\u00f3n extranjera que no levanta vuelo y la paralizaci\u00f3n de cr\u00e9ditos en la Asamblea Legislativa por temas pol\u00edticos, son tres factores que provocan la escasez de divisas. Los exportadores exigen una liberalizaci\u00f3n de las ventas y poner fin a los anuncios [&hellip;]","og_url":"https:\/\/www.eldiario.net\/portal\/2024\/05\/10\/tres-factores-provocan-la-escasez-de-divisas\/","og_site_name":"El Diario - Bolivia","article_publisher":"https:\/\/www.facebook.com\/eldiario.bolivia\/","article_published_time":"2024-05-10T10:19:21+00:00","og_image":[{"width":561,"height":387,"url":"https:\/\/www.eldiario.net\/portal\/wp-content\/uploads\/2024\/05\/inver.jpg","type":"image\/jpeg"}],"author":"Jeanette","twitter_card":"summary_large_image","twitter_creator":"@eldiario_net","twitter_site":"@eldiario_net","twitter_misc":{"Escrito por":"Jeanette","Tiempo de lectura":"4 minutos"},"schema":{"@context":"https:\/\/schema.org","@graph":[{"@type":"Article","@id":"https:\/\/www.eldiario.net\/portal\/2024\/05\/10\/tres-factores-provocan-la-escasez-de-divisas\/#article","isPartOf":{"@id":"https:\/\/www.eldiario.net\/portal\/2024\/05\/10\/tres-factores-provocan-la-escasez-de-divisas\/"},"author":{"name":"Jeanette","@id":"https:\/\/www.eldiario.net\/portal\/#\/schema\/person\/f46445640444750d7d753ccd04ae01b7"},"headline":"Tres factores provocan la escasez de divisas","datePublished":"2024-05-10T10:19:21+00:00","mainEntityOfPage":{"@id":"https:\/\/www.eldiario.net\/portal\/2024\/05\/10\/tres-factores-provocan-la-escasez-de-divisas\/"},"wordCount":873,"commentCount":0,"publisher":{"@id":"https:\/\/www.eldiario.net\/portal\/#organization"},"image":{"@id":"https:\/\/www.eldiario.net\/portal\/2024\/05\/10\/tres-factores-provocan-la-escasez-de-divisas\/#primaryimage"},"thumbnailUrl":"https:\/\/www.eldiario.net\/portal\/wp-content\/uploads\/2024\/05\/inver.jpg","articleSection":["Econom\u00eda"],"inLanguage":"es","potentialAction":[{"@type":"CommentAction","name":"Comment","target":["https:\/\/www.eldiario.net\/portal\/2024\/05\/10\/tres-factores-provocan-la-escasez-de-divisas\/#respond"]}]},{"@type":"WebPage","@id":"https:\/\/www.eldiario.net\/portal\/2024\/05\/10\/tres-factores-provocan-la-escasez-de-divisas\/","url":"https:\/\/www.eldiario.net\/portal\/2024\/05\/10\/tres-factores-provocan-la-escasez-de-divisas\/","name":"Tres factores provocan la escasez de divisas - El Diario - Bolivia","isPartOf":{"@id":"https:\/\/www.eldiario.net\/portal\/#website"},"primaryImageOfPage":{"@id":"https:\/\/www.eldiario.net\/portal\/2024\/05\/10\/tres-factores-provocan-la-escasez-de-divisas\/#primaryimage"},"image":{"@id":"https:\/\/www.eldiario.net\/portal\/2024\/05\/10\/tres-factores-provocan-la-escasez-de-divisas\/#primaryimage"},"thumbnailUrl":"https:\/\/www.eldiario.net\/portal\/wp-content\/uploads\/2024\/05\/inver.jpg","datePublished":"2024-05-10T10:19:21+00:00","breadcrumb":{"@id":"https:\/\/www.eldiario.net\/portal\/2024\/05\/10\/tres-factores-provocan-la-escasez-de-divisas\/#breadcrumb"},"inLanguage":"es","potentialAction":[{"@type":"ReadAction","target":["https:\/\/www.eldiario.net\/portal\/2024\/05\/10\/tres-factores-provocan-la-escasez-de-divisas\/"]}]},{"@type":"ImageObject","inLanguage":"es","@id":"https:\/\/www.eldiario.net\/portal\/2024\/05\/10\/tres-factores-provocan-la-escasez-de-divisas\/#primaryimage","url":"https:\/\/www.eldiario.net\/portal\/wp-content\/uploads\/2024\/05\/inver.jpg","contentUrl":"https:\/\/www.eldiario.net\/portal\/wp-content\/uploads\/2024\/05\/inver.jpg","width":561,"height":387},{"@type":"BreadcrumbList","@id":"https:\/\/www.eldiario.net\/portal\/2024\/05\/10\/tres-factores-provocan-la-escasez-de-divisas\/#breadcrumb","itemListElement":[{"@type":"ListItem","position":1,"name":"Portada","item":"https:\/\/www.eldiario.net\/portal\/"},{"@type":"ListItem","position":2,"name":"Tres factores provocan la escasez de divisas"}]},{"@type":"WebSite","@id":"https:\/\/www.eldiario.net\/portal\/#website","url":"https:\/\/www.eldiario.net\/portal\/","name":"El Diario - Decano de la prensa nacional","description":"El Diario - Decano de la prensa nacional","publisher":{"@id":"https:\/\/www.eldiario.net\/portal\/#organization"},"potentialAction":[{"@type":"SearchAction","target":{"@type":"EntryPoint","urlTemplate":"https:\/\/www.eldiario.net\/portal\/?s={search_term_string}"},"query-input":{"@type":"PropertyValueSpecification","valueRequired":true,"valueName":"search_term_string"}}],"inLanguage":"es"},{"@type":"Organization","@id":"https:\/\/www.eldiario.net\/portal\/#organization","name":"El Diario - Decano de la prensa nacional","url":"https:\/\/www.eldiario.net\/portal\/","logo":{"@type":"ImageObject","inLanguage":"es","@id":"https:\/\/www.eldiario.net\/portal\/#\/schema\/logo\/image\/","url":"https:\/\/www.eldiario.net\/portal\/wp-content\/uploads\/2023\/07\/logo_ED.jpg","contentUrl":"https:\/\/www.eldiario.net\/portal\/wp-content\/uploads\/2023\/07\/logo_ED.jpg","width":272,"height":52,"caption":"El Diario - Decano de la prensa nacional"},"image":{"@id":"https:\/\/www.eldiario.net\/portal\/#\/schema\/logo\/image\/"},"sameAs":["https:\/\/www.facebook.com\/eldiario.bolivia\/","https:\/\/x.com\/eldiario_net"]},{"@type":"Person","@id":"https:\/\/www.eldiario.net\/portal\/#\/schema\/person\/f46445640444750d7d753ccd04ae01b7","name":"Jeanette","image":{"@type":"ImageObject","inLanguage":"es","@id":"https:\/\/secure.gravatar.com\/avatar\/3ea2118a5f7dad2b7138b1187a6b7ee55f160b9968b66013c3a3ef39dd7e5798?s=96&d=mm&r=g","url":"https:\/\/secure.gravatar.com\/avatar\/3ea2118a5f7dad2b7138b1187a6b7ee55f160b9968b66013c3a3ef39dd7e5798?s=96&d=mm&r=g","contentUrl":"https:\/\/secure.gravatar.com\/avatar\/3ea2118a5f7dad2b7138b1187a6b7ee55f160b9968b66013c3a3ef39dd7e5798?s=96&d=mm&r=g","caption":"Jeanette"},"sameAs":["https:\/\/www.eldiario.net\/portal"],"url":"https:\/\/www.eldiario.net\/portal\/author\/jeanette\/"}]}},"_links":{"self":[{"href":"https:\/\/www.eldiario.net\/portal\/wp-json\/wp\/v2\/posts\/219660","targetHints":{"allow":["GET"]}}],"collection":[{"href":"https:\/\/www.eldiario.net\/portal\/wp-json\/wp\/v2\/posts"}],"about":[{"href":"https:\/\/www.eldiario.net\/portal\/wp-json\/wp\/v2\/types\/post"}],"author":[{"embeddable":true,"href":"https:\/\/www.eldiario.net\/portal\/wp-json\/wp\/v2\/users\/1"}],"replies":[{"embeddable":true,"href":"https:\/\/www.eldiario.net\/portal\/wp-json\/wp\/v2\/comments?post=219660"}],"version-history":[{"count":1,"href":"https:\/\/www.eldiario.net\/portal\/wp-json\/wp\/v2\/posts\/219660\/revisions"}],"predecessor-version":[{"id":219662,"href":"https:\/\/www.eldiario.net\/portal\/wp-json\/wp\/v2\/posts\/219660\/revisions\/219662"}],"wp:featuredmedia":[{"embeddable":true,"href":"https:\/\/www.eldiario.net\/portal\/wp-json\/wp\/v2\/media\/219661"}],"wp:attachment":[{"href":"https:\/\/www.eldiario.net\/portal\/wp-json\/wp\/v2\/media?parent=219660"}],"wp:term":[{"taxonomy":"category","embeddable":true,"href":"https:\/\/www.eldiario.net\/portal\/wp-json\/wp\/v2\/categories?post=219660"},{"taxonomy":"post_tag","embeddable":true,"href":"https:\/\/www.eldiario.net\/portal\/wp-json\/wp\/v2\/tags?post=219660"}],"curies":[{"name":"wp","href":"https:\/\/api.w.org\/{rel}","templated":true}]}}