{"id":219657,"date":"2024-05-10T06:18:49","date_gmt":"2024-05-10T10:18:49","guid":{"rendered":"https:\/\/www.eldiario.net\/portal\/?p=219657"},"modified":"2024-05-10T06:18:49","modified_gmt":"2024-05-10T10:18:49","slug":"buscan-dinamizar-el-turismo-a-traves-de-la-gastronomia","status":"publish","type":"post","link":"https:\/\/www.eldiario.net\/portal\/2024\/05\/10\/buscan-dinamizar-el-turismo-a-traves-de-la-gastronomia\/","title":{"rendered":"Buscan dinamizar el turismo a trav\u00e9s de la gastronom\u00eda"},"content":{"rendered":"<p>Con el objetivo de disparar el turismo gastron\u00f3mico y animar a los restaurantes a exponer lo mejor de la t\u00e9cnica, los insumos y la calidad del servicio en sus establecimientos, se lanz\u00f3 la 21 versi\u00f3n de restaurant Week, con platos innovadores en base a materia prima boliviana, en diferentes formatos.<br \/>\nLa Paz se prepara para disfrutar la vigesimoprimera versi\u00f3n de Restaurant Week. El evento gastron\u00f3mico reunir\u00e1 a 21 de los mejores restaurantes de la ciudad, bajo un nuevo formato gourmet unificado de Plato Fuerte + Postre + Bebida por Bs 95.<br \/>\nEl evento se realizar\u00e1 del 7 al 19 de mayo y sus resultados apuntan a incrementar los 126,900 men\u00fas vendidos y los m\u00e1s de 14 millones de bolivianos generados en el rubro, procedentes de las 20 versiones pasadas en La Paz y las cinco de Santa Cruz.<br \/>\nEl comensal pace\u00f1o podr\u00e1 disfrutar de la mejor comida gourmet en: Altamar, Aura, Altura, Beef &amp; Beer, Bodeg\u00f3n Porte\u00f1o, La Casa del Camba, Deli Sushi, Dt Brew House, Ecko, Fellas, Fellini, Highlanders, La Bastille, Margarira, Mestizo, Mezzo, Nina, New Sakura, Rojo, The Steakhouse y Tutto Pasta. Todos los men\u00fas, horarios de atenci\u00f3n, direcciones y tel\u00e9fonos se encuentran en: www.restweekbolivia.com o en las redes sociales de Restaurant Week Bolivia.<br \/>\nAl igual que en anteriores versiones, 5 bolivianos de cada men\u00fa ir\u00e1n destinados a una causa ben\u00e9fica. \u201cEn esta oportunidad, la Fundaci\u00f3n Nuestra Esperanza recibir\u00e1 el apoyo econ\u00f3mico de los comensales y restaurantes. Esta instituci\u00f3n trabaja en crear programas de apoyo a las familias y ni\u00f1os con c\u00e1ncer en todo el pa\u00eds, sabemos que esta ayuda ser\u00e1 importante para mejorar la calidad de vida de estos peque\u00f1os valientes y de sus familiares\u201d, comentan las socias de V\u00e9rtice Comunicaci\u00f3n, agencia organizadora del Restaurant Week.<br \/>\n\u201cEsta colaboraci\u00f3n har\u00e1 realidad un albergue con mayor capacidad para los ni\u00f1os y j\u00f3venes con c\u00e1ncer y sus familias. Todo granito de arena unido a otros formar\u00e1 una monta\u00f1a\u201d, complementa M\u00f3nica M\u00e9ndez, directora de la Fundaci\u00f3n Nuestra Esperanza.<br \/>\nAuspiciadores<br \/>\nHuari y Pepsi se suma al plantel de marcas patrocinadoras, junto con Red Enlace y Laboratorios Vita.<\/p>\n","protected":false},"excerpt":{"rendered":"<p>Con el objetivo de disparar el turismo gastron\u00f3mico y animar a los restaurantes a exponer lo mejor de la t\u00e9cnica, los insumos y la calidad del servicio en sus establecimientos, se lanz\u00f3 la 21 versi\u00f3n de restaurant Week, con platos innovadores en base a materia prima boliviana, en diferentes formatos. La Paz se prepara para [&hellip;]<\/p>\n","protected":false},"author":1,"featured_media":219658,"comment_status":"open","ping_status":"open","sticky":false,"template":"","format":"standard","meta":{"_acf_changed":false,"footnotes":""},"categories":[7],"tags":[],"class_list":["post-219657","post","type-post","status-publish","format-standard","has-post-thumbnail","category-economia"],"acf":{"antetitulo":""},"yoast_head":"<!-- This site is optimized with the Yoast SEO plugin v28.4 - https:\/\/yoast.com\/product\/yoast-seo-wordpress\/ -->\n<title>Buscan dinamizar el turismo a trav\u00e9s de la gastronom\u00eda - El Diario - Bolivia<\/title>\n<meta name=\"robots\" content=\"index, follow, max-snippet:-1, max-image-preview:large, max-video-preview:-1\" \/>\n<link rel=\"canonical\" href=\"https:\/\/www.eldiario.net\/portal\/2024\/05\/10\/buscan-dinamizar-el-turismo-a-traves-de-la-gastronomia\/\" \/>\n<meta property=\"og:locale\" content=\"es_ES\" \/>\n<meta property=\"og:type\" content=\"article\" \/>\n<meta property=\"og:title\" content=\"Buscan dinamizar el turismo a trav\u00e9s de la gastronom\u00eda - El Diario - Bolivia\" \/>\n<meta property=\"og:description\" content=\"Con el objetivo de disparar el turismo gastron\u00f3mico y animar a los restaurantes a exponer lo mejor de la t\u00e9cnica, los insumos y la calidad del servicio en sus establecimientos, se lanz\u00f3 la 21 versi\u00f3n de restaurant Week, con platos innovadores en base a materia prima boliviana, en diferentes formatos. La Paz se prepara para [&hellip;]\" \/>\n<meta property=\"og:url\" content=\"https:\/\/www.eldiario.net\/portal\/2024\/05\/10\/buscan-dinamizar-el-turismo-a-traves-de-la-gastronomia\/\" \/>\n<meta property=\"og:site_name\" content=\"El Diario - Bolivia\" \/>\n<meta property=\"article:publisher\" content=\"https:\/\/www.facebook.com\/eldiario.bolivia\/\" \/>\n<meta property=\"article:published_time\" content=\"2024-05-10T10:18:49+00:00\" \/>\n<meta property=\"og:image\" content=\"https:\/\/www.eldiario.net\/portal\/wp-content\/uploads\/2024\/05\/resto.jpg\" \/>\n\t<meta property=\"og:image:width\" content=\"200\" \/>\n\t<meta property=\"og:image:height\" content=\"200\" \/>\n\t<meta property=\"og:image:type\" content=\"image\/jpeg\" \/>\n<meta name=\"author\" content=\"Jeanette\" \/>\n<meta name=\"twitter:card\" content=\"summary_large_image\" \/>\n<meta name=\"twitter:creator\" content=\"@eldiario_net\" \/>\n<meta name=\"twitter:site\" content=\"@eldiario_net\" \/>\n<meta name=\"twitter:label1\" content=\"Escrito por\" \/>\n\t<meta name=\"twitter:data1\" content=\"Jeanette\" \/>\n\t<meta name=\"twitter:label2\" content=\"Tiempo de lectura\" \/>\n\t<meta name=\"twitter:data2\" content=\"2 minutos\" \/>\n<script type=\"application\/ld+json\" class=\"yoast-schema-graph\">{\"@context\":\"https:\\\/\\\/schema.org\",\"@graph\":[{\"@type\":\"Article\",\"@id\":\"https:\\\/\\\/www.eldiario.net\\\/portal\\\/2024\\\/05\\\/10\\\/buscan-dinamizar-el-turismo-a-traves-de-la-gastronomia\\\/#article\",\"isPartOf\":{\"@id\":\"https:\\\/\\\/www.eldiario.net\\\/portal\\\/2024\\\/05\\\/10\\\/buscan-dinamizar-el-turismo-a-traves-de-la-gastronomia\\\/\"},\"author\":{\"name\":\"Jeanette\",\"@id\":\"https:\\\/\\\/www.eldiario.net\\\/portal\\\/#\\\/schema\\\/person\\\/f46445640444750d7d753ccd04ae01b7\"},\"headline\":\"Buscan dinamizar el turismo a trav\u00e9s de la gastronom\u00eda\",\"datePublished\":\"2024-05-10T10:18:49+00:00\",\"mainEntityOfPage\":{\"@id\":\"https:\\\/\\\/www.eldiario.net\\\/portal\\\/2024\\\/05\\\/10\\\/buscan-dinamizar-el-turismo-a-traves-de-la-gastronomia\\\/\"},\"wordCount\":379,\"commentCount\":0,\"publisher\":{\"@id\":\"https:\\\/\\\/www.eldiario.net\\\/portal\\\/#organization\"},\"image\":{\"@id\":\"https:\\\/\\\/www.eldiario.net\\\/portal\\\/2024\\\/05\\\/10\\\/buscan-dinamizar-el-turismo-a-traves-de-la-gastronomia\\\/#primaryimage\"},\"thumbnailUrl\":\"https:\\\/\\\/www.eldiario.net\\\/portal\\\/wp-content\\\/uploads\\\/2024\\\/05\\\/resto.jpg\",\"articleSection\":[\"Econom\u00eda\"],\"inLanguage\":\"es\",\"potentialAction\":[{\"@type\":\"CommentAction\",\"name\":\"Comment\",\"target\":[\"https:\\\/\\\/www.eldiario.net\\\/portal\\\/2024\\\/05\\\/10\\\/buscan-dinamizar-el-turismo-a-traves-de-la-gastronomia\\\/#respond\"]}]},{\"@type\":\"WebPage\",\"@id\":\"https:\\\/\\\/www.eldiario.net\\\/portal\\\/2024\\\/05\\\/10\\\/buscan-dinamizar-el-turismo-a-traves-de-la-gastronomia\\\/\",\"url\":\"https:\\\/\\\/www.eldiario.net\\\/portal\\\/2024\\\/05\\\/10\\\/buscan-dinamizar-el-turismo-a-traves-de-la-gastronomia\\\/\",\"name\":\"Buscan dinamizar el turismo a trav\u00e9s de la gastronom\u00eda - El Diario - Bolivia\",\"isPartOf\":{\"@id\":\"https:\\\/\\\/www.eldiario.net\\\/portal\\\/#website\"},\"primaryImageOfPage\":{\"@id\":\"https:\\\/\\\/www.eldiario.net\\\/portal\\\/2024\\\/05\\\/10\\\/buscan-dinamizar-el-turismo-a-traves-de-la-gastronomia\\\/#primaryimage\"},\"image\":{\"@id\":\"https:\\\/\\\/www.eldiario.net\\\/portal\\\/2024\\\/05\\\/10\\\/buscan-dinamizar-el-turismo-a-traves-de-la-gastronomia\\\/#primaryimage\"},\"thumbnailUrl\":\"https:\\\/\\\/www.eldiario.net\\\/portal\\\/wp-content\\\/uploads\\\/2024\\\/05\\\/resto.jpg\",\"datePublished\":\"2024-05-10T10:18:49+00:00\",\"breadcrumb\":{\"@id\":\"https:\\\/\\\/www.eldiario.net\\\/portal\\\/2024\\\/05\\\/10\\\/buscan-dinamizar-el-turismo-a-traves-de-la-gastronomia\\\/#breadcrumb\"},\"inLanguage\":\"es\",\"potentialAction\":[{\"@type\":\"ReadAction\",\"target\":[\"https:\\\/\\\/www.eldiario.net\\\/portal\\\/2024\\\/05\\\/10\\\/buscan-dinamizar-el-turismo-a-traves-de-la-gastronomia\\\/\"]}]},{\"@type\":\"ImageObject\",\"inLanguage\":\"es\",\"@id\":\"https:\\\/\\\/www.eldiario.net\\\/portal\\\/2024\\\/05\\\/10\\\/buscan-dinamizar-el-turismo-a-traves-de-la-gastronomia\\\/#primaryimage\",\"url\":\"https:\\\/\\\/www.eldiario.net\\\/portal\\\/wp-content\\\/uploads\\\/2024\\\/05\\\/resto.jpg\",\"contentUrl\":\"https:\\\/\\\/www.eldiario.net\\\/portal\\\/wp-content\\\/uploads\\\/2024\\\/05\\\/resto.jpg\",\"width\":200,\"height\":200,\"caption\":\"Una de las ofertas.\"},{\"@type\":\"BreadcrumbList\",\"@id\":\"https:\\\/\\\/www.eldiario.net\\\/portal\\\/2024\\\/05\\\/10\\\/buscan-dinamizar-el-turismo-a-traves-de-la-gastronomia\\\/#breadcrumb\",\"itemListElement\":[{\"@type\":\"ListItem\",\"position\":1,\"name\":\"Portada\",\"item\":\"https:\\\/\\\/www.eldiario.net\\\/portal\\\/\"},{\"@type\":\"ListItem\",\"position\":2,\"name\":\"Buscan dinamizar el turismo a trav\u00e9s de la gastronom\u00eda\"}]},{\"@type\":\"WebSite\",\"@id\":\"https:\\\/\\\/www.eldiario.net\\\/portal\\\/#website\",\"url\":\"https:\\\/\\\/www.eldiario.net\\\/portal\\\/\",\"name\":\"El Diario - Decano de la prensa nacional\",\"description\":\"El Diario - Decano de la prensa nacional\",\"publisher\":{\"@id\":\"https:\\\/\\\/www.eldiario.net\\\/portal\\\/#organization\"},\"potentialAction\":[{\"@type\":\"SearchAction\",\"target\":{\"@type\":\"EntryPoint\",\"urlTemplate\":\"https:\\\/\\\/www.eldiario.net\\\/portal\\\/?s={search_term_string}\"},\"query-input\":{\"@type\":\"PropertyValueSpecification\",\"valueRequired\":true,\"valueName\":\"search_term_string\"}}],\"inLanguage\":\"es\"},{\"@type\":\"Organization\",\"@id\":\"https:\\\/\\\/www.eldiario.net\\\/portal\\\/#organization\",\"name\":\"El Diario - Decano de la prensa nacional\",\"url\":\"https:\\\/\\\/www.eldiario.net\\\/portal\\\/\",\"logo\":{\"@type\":\"ImageObject\",\"inLanguage\":\"es\",\"@id\":\"https:\\\/\\\/www.eldiario.net\\\/portal\\\/#\\\/schema\\\/logo\\\/image\\\/\",\"url\":\"https:\\\/\\\/www.eldiario.net\\\/portal\\\/wp-content\\\/uploads\\\/2023\\\/07\\\/logo_ED.jpg\",\"contentUrl\":\"https:\\\/\\\/www.eldiario.net\\\/portal\\\/wp-content\\\/uploads\\\/2023\\\/07\\\/logo_ED.jpg\",\"width\":272,\"height\":52,\"caption\":\"El Diario - Decano de la prensa nacional\"},\"image\":{\"@id\":\"https:\\\/\\\/www.eldiario.net\\\/portal\\\/#\\\/schema\\\/logo\\\/image\\\/\"},\"sameAs\":[\"https:\\\/\\\/www.facebook.com\\\/eldiario.bolivia\\\/\",\"https:\\\/\\\/x.com\\\/eldiario_net\"]},{\"@type\":\"Person\",\"@id\":\"https:\\\/\\\/www.eldiario.net\\\/portal\\\/#\\\/schema\\\/person\\\/f46445640444750d7d753ccd04ae01b7\",\"name\":\"Jeanette\",\"image\":{\"@type\":\"ImageObject\",\"inLanguage\":\"es\",\"@id\":\"https:\\\/\\\/secure.gravatar.com\\\/avatar\\\/3ea2118a5f7dad2b7138b1187a6b7ee55f160b9968b66013c3a3ef39dd7e5798?s=96&d=mm&r=g\",\"url\":\"https:\\\/\\\/secure.gravatar.com\\\/avatar\\\/3ea2118a5f7dad2b7138b1187a6b7ee55f160b9968b66013c3a3ef39dd7e5798?s=96&d=mm&r=g\",\"contentUrl\":\"https:\\\/\\\/secure.gravatar.com\\\/avatar\\\/3ea2118a5f7dad2b7138b1187a6b7ee55f160b9968b66013c3a3ef39dd7e5798?s=96&d=mm&r=g\",\"caption\":\"Jeanette\"},\"sameAs\":[\"https:\\\/\\\/www.eldiario.net\\\/portal\"],\"url\":\"https:\\\/\\\/www.eldiario.net\\\/portal\\\/author\\\/jeanette\\\/\"}]}<\/script>\n<!-- \/ Yoast SEO plugin. -->","yoast_head_json":{"title":"Buscan dinamizar el turismo a trav\u00e9s de la gastronom\u00eda - El Diario - Bolivia","robots":{"index":"index","follow":"follow","max-snippet":"max-snippet:-1","max-image-preview":"max-image-preview:large","max-video-preview":"max-video-preview:-1"},"canonical":"https:\/\/www.eldiario.net\/portal\/2024\/05\/10\/buscan-dinamizar-el-turismo-a-traves-de-la-gastronomia\/","og_locale":"es_ES","og_type":"article","og_title":"Buscan dinamizar el turismo a trav\u00e9s de la gastronom\u00eda - El Diario - Bolivia","og_description":"Con el objetivo de disparar el turismo gastron\u00f3mico y animar a los restaurantes a exponer lo mejor de la t\u00e9cnica, los insumos y la calidad del servicio en sus establecimientos, se lanz\u00f3 la 21 versi\u00f3n de restaurant Week, con platos innovadores en base a materia prima boliviana, en diferentes formatos. La Paz se prepara para [&hellip;]","og_url":"https:\/\/www.eldiario.net\/portal\/2024\/05\/10\/buscan-dinamizar-el-turismo-a-traves-de-la-gastronomia\/","og_site_name":"El Diario - Bolivia","article_publisher":"https:\/\/www.facebook.com\/eldiario.bolivia\/","article_published_time":"2024-05-10T10:18:49+00:00","og_image":[{"width":200,"height":200,"url":"https:\/\/www.eldiario.net\/portal\/wp-content\/uploads\/2024\/05\/resto.jpg","type":"image\/jpeg"}],"author":"Jeanette","twitter_card":"summary_large_image","twitter_creator":"@eldiario_net","twitter_site":"@eldiario_net","twitter_misc":{"Escrito por":"Jeanette","Tiempo de lectura":"2 minutos"},"schema":{"@context":"https:\/\/schema.org","@graph":[{"@type":"Article","@id":"https:\/\/www.eldiario.net\/portal\/2024\/05\/10\/buscan-dinamizar-el-turismo-a-traves-de-la-gastronomia\/#article","isPartOf":{"@id":"https:\/\/www.eldiario.net\/portal\/2024\/05\/10\/buscan-dinamizar-el-turismo-a-traves-de-la-gastronomia\/"},"author":{"name":"Jeanette","@id":"https:\/\/www.eldiario.net\/portal\/#\/schema\/person\/f46445640444750d7d753ccd04ae01b7"},"headline":"Buscan dinamizar el turismo a trav\u00e9s de la gastronom\u00eda","datePublished":"2024-05-10T10:18:49+00:00","mainEntityOfPage":{"@id":"https:\/\/www.eldiario.net\/portal\/2024\/05\/10\/buscan-dinamizar-el-turismo-a-traves-de-la-gastronomia\/"},"wordCount":379,"commentCount":0,"publisher":{"@id":"https:\/\/www.eldiario.net\/portal\/#organization"},"image":{"@id":"https:\/\/www.eldiario.net\/portal\/2024\/05\/10\/buscan-dinamizar-el-turismo-a-traves-de-la-gastronomia\/#primaryimage"},"thumbnailUrl":"https:\/\/www.eldiario.net\/portal\/wp-content\/uploads\/2024\/05\/resto.jpg","articleSection":["Econom\u00eda"],"inLanguage":"es","potentialAction":[{"@type":"CommentAction","name":"Comment","target":["https:\/\/www.eldiario.net\/portal\/2024\/05\/10\/buscan-dinamizar-el-turismo-a-traves-de-la-gastronomia\/#respond"]}]},{"@type":"WebPage","@id":"https:\/\/www.eldiario.net\/portal\/2024\/05\/10\/buscan-dinamizar-el-turismo-a-traves-de-la-gastronomia\/","url":"https:\/\/www.eldiario.net\/portal\/2024\/05\/10\/buscan-dinamizar-el-turismo-a-traves-de-la-gastronomia\/","name":"Buscan dinamizar el turismo a trav\u00e9s de la gastronom\u00eda - El Diario - Bolivia","isPartOf":{"@id":"https:\/\/www.eldiario.net\/portal\/#website"},"primaryImageOfPage":{"@id":"https:\/\/www.eldiario.net\/portal\/2024\/05\/10\/buscan-dinamizar-el-turismo-a-traves-de-la-gastronomia\/#primaryimage"},"image":{"@id":"https:\/\/www.eldiario.net\/portal\/2024\/05\/10\/buscan-dinamizar-el-turismo-a-traves-de-la-gastronomia\/#primaryimage"},"thumbnailUrl":"https:\/\/www.eldiario.net\/portal\/wp-content\/uploads\/2024\/05\/resto.jpg","datePublished":"2024-05-10T10:18:49+00:00","breadcrumb":{"@id":"https:\/\/www.eldiario.net\/portal\/2024\/05\/10\/buscan-dinamizar-el-turismo-a-traves-de-la-gastronomia\/#breadcrumb"},"inLanguage":"es","potentialAction":[{"@type":"ReadAction","target":["https:\/\/www.eldiario.net\/portal\/2024\/05\/10\/buscan-dinamizar-el-turismo-a-traves-de-la-gastronomia\/"]}]},{"@type":"ImageObject","inLanguage":"es","@id":"https:\/\/www.eldiario.net\/portal\/2024\/05\/10\/buscan-dinamizar-el-turismo-a-traves-de-la-gastronomia\/#primaryimage","url":"https:\/\/www.eldiario.net\/portal\/wp-content\/uploads\/2024\/05\/resto.jpg","contentUrl":"https:\/\/www.eldiario.net\/portal\/wp-content\/uploads\/2024\/05\/resto.jpg","width":200,"height":200,"caption":"Una de las ofertas."},{"@type":"BreadcrumbList","@id":"https:\/\/www.eldiario.net\/portal\/2024\/05\/10\/buscan-dinamizar-el-turismo-a-traves-de-la-gastronomia\/#breadcrumb","itemListElement":[{"@type":"ListItem","position":1,"name":"Portada","item":"https:\/\/www.eldiario.net\/portal\/"},{"@type":"ListItem","position":2,"name":"Buscan dinamizar el turismo a trav\u00e9s de la gastronom\u00eda"}]},{"@type":"WebSite","@id":"https:\/\/www.eldiario.net\/portal\/#website","url":"https:\/\/www.eldiario.net\/portal\/","name":"El Diario - Decano de la prensa nacional","description":"El Diario - Decano de la prensa nacional","publisher":{"@id":"https:\/\/www.eldiario.net\/portal\/#organization"},"potentialAction":[{"@type":"SearchAction","target":{"@type":"EntryPoint","urlTemplate":"https:\/\/www.eldiario.net\/portal\/?s={search_term_string}"},"query-input":{"@type":"PropertyValueSpecification","valueRequired":true,"valueName":"search_term_string"}}],"inLanguage":"es"},{"@type":"Organization","@id":"https:\/\/www.eldiario.net\/portal\/#organization","name":"El Diario - Decano de la prensa nacional","url":"https:\/\/www.eldiario.net\/portal\/","logo":{"@type":"ImageObject","inLanguage":"es","@id":"https:\/\/www.eldiario.net\/portal\/#\/schema\/logo\/image\/","url":"https:\/\/www.eldiario.net\/portal\/wp-content\/uploads\/2023\/07\/logo_ED.jpg","contentUrl":"https:\/\/www.eldiario.net\/portal\/wp-content\/uploads\/2023\/07\/logo_ED.jpg","width":272,"height":52,"caption":"El Diario - Decano de la prensa nacional"},"image":{"@id":"https:\/\/www.eldiario.net\/portal\/#\/schema\/logo\/image\/"},"sameAs":["https:\/\/www.facebook.com\/eldiario.bolivia\/","https:\/\/x.com\/eldiario_net"]},{"@type":"Person","@id":"https:\/\/www.eldiario.net\/portal\/#\/schema\/person\/f46445640444750d7d753ccd04ae01b7","name":"Jeanette","image":{"@type":"ImageObject","inLanguage":"es","@id":"https:\/\/secure.gravatar.com\/avatar\/3ea2118a5f7dad2b7138b1187a6b7ee55f160b9968b66013c3a3ef39dd7e5798?s=96&d=mm&r=g","url":"https:\/\/secure.gravatar.com\/avatar\/3ea2118a5f7dad2b7138b1187a6b7ee55f160b9968b66013c3a3ef39dd7e5798?s=96&d=mm&r=g","contentUrl":"https:\/\/secure.gravatar.com\/avatar\/3ea2118a5f7dad2b7138b1187a6b7ee55f160b9968b66013c3a3ef39dd7e5798?s=96&d=mm&r=g","caption":"Jeanette"},"sameAs":["https:\/\/www.eldiario.net\/portal"],"url":"https:\/\/www.eldiario.net\/portal\/author\/jeanette\/"}]}},"_links":{"self":[{"href":"https:\/\/www.eldiario.net\/portal\/wp-json\/wp\/v2\/posts\/219657","targetHints":{"allow":["GET"]}}],"collection":[{"href":"https:\/\/www.eldiario.net\/portal\/wp-json\/wp\/v2\/posts"}],"about":[{"href":"https:\/\/www.eldiario.net\/portal\/wp-json\/wp\/v2\/types\/post"}],"author":[{"embeddable":true,"href":"https:\/\/www.eldiario.net\/portal\/wp-json\/wp\/v2\/users\/1"}],"replies":[{"embeddable":true,"href":"https:\/\/www.eldiario.net\/portal\/wp-json\/wp\/v2\/comments?post=219657"}],"version-history":[{"count":1,"href":"https:\/\/www.eldiario.net\/portal\/wp-json\/wp\/v2\/posts\/219657\/revisions"}],"predecessor-version":[{"id":219659,"href":"https:\/\/www.eldiario.net\/portal\/wp-json\/wp\/v2\/posts\/219657\/revisions\/219659"}],"wp:featuredmedia":[{"embeddable":true,"href":"https:\/\/www.eldiario.net\/portal\/wp-json\/wp\/v2\/media\/219658"}],"wp:attachment":[{"href":"https:\/\/www.eldiario.net\/portal\/wp-json\/wp\/v2\/media?parent=219657"}],"wp:term":[{"taxonomy":"category","embeddable":true,"href":"https:\/\/www.eldiario.net\/portal\/wp-json\/wp\/v2\/categories?post=219657"},{"taxonomy":"post_tag","embeddable":true,"href":"https:\/\/www.eldiario.net\/portal\/wp-json\/wp\/v2\/tags?post=219657"}],"curies":[{"name":"wp","href":"https:\/\/api.w.org\/{rel}","templated":true}]}}