{"id":219655,"date":"2024-05-10T06:18:06","date_gmt":"2024-05-10T10:18:06","guid":{"rendered":"https:\/\/www.eldiario.net\/portal\/?p=219655"},"modified":"2024-05-10T06:18:06","modified_gmt":"2024-05-10T10:18:06","slug":"el-parlamento-no-representa-al-pueblo","status":"publish","type":"post","link":"https:\/\/www.eldiario.net\/portal\/2024\/05\/10\/el-parlamento-no-representa-al-pueblo\/","title":{"rendered":"El Parlamento  no representa al pueblo"},"content":{"rendered":"<p>La forma de elecci\u00f3n para el Parlamento es imperfecta, por cuanto son los partidos pol\u00edticos que elaboran sus listas con integrantes del mismo partido pol\u00edtico. Cabe preguntar si la decisi\u00f3n est\u00e1 fundada por su lealtad al partido, o su vocaci\u00f3n de servicio al pueblo. Aqu\u00ed surge el primer dilema. \u00bfSer\u00e1 posible ambas cosas? As\u00ed debiera ser, si acaso el gobierno se dedicara a servir al pueblo. (Desde un punto de vista pol\u00edtico, el pueblo son las personas que forman parte del Estado, sin distinciones de g\u00e9nero, raza, religi\u00f3n, nivel econ\u00f3mico o social).<br \/>\nPor tanto, el pueblo no es divisible, es \u00fanico. Pueblo son: liberales y socialistas, campesinos y fabriles, mineros y petroleros, fruteros y profesionales, con dinero o sin dinero, todos somos pueblo.<br \/>\nEntonces, resulta hasta un contrasentido esperar que los parlamentarios elegidos asuman independencia y pluralismo ideol\u00f3gico proponiendo leyes que sean de necesidad nacional, y apliquen el mismo criterio cuando las normas lleguen enviadas por el Poder Ejecutivo. Y que al ser aprobadas sean expresi\u00f3n de intereses comunes. Cuando Montesquieu propuso la separaci\u00f3n de poderes, no dijo c\u00f3mo deben conformarse sus \u00f3rganos. Se menciona muy claro que el Legislativo es la representaci\u00f3n del pueblo, y que no sean personas que se preocupan de \u201casegurar sus goces y velar por su suerte\u201d, que no sean sometidos a las instrucciones del partido y representen a todas las clases sociales e ideolog\u00edas: mayor\u00edas y minor\u00edas.<br \/>\nDe no ser as\u00ed, los elegidos cometen \u201cdesviaci\u00f3n de poder\u201d, que se refiere al uso de potestades al margen de la finalidad: el bien general. No es de ahora esta modalidad representativa y sus defectos, siempre ha sido as\u00ed, aunque m\u00e1s visible en los \u00faltimos veinte a\u00f1os (para no ir m\u00e1s atr\u00e1s), con partidos de derecha o izquierda. As\u00ed fueron bajo la \u201cdemocracia pactada\u201d y son bajo el \u201cproceso de cambio\u201d. El alias (qu\u00e9 bien les viene) de \u201clevantamos\u201d es la expresi\u00f3n objetiva de cuanto sucede en las c\u00e1maras del Legislativo. En las circunstancias actuales. es el \u00f3rgano que da m\u00e1s relumbre al Ejecutivo, y por el mismo sistema vigente el Legislativo propone a miembros para el \u00d3rgano Judicial, esto se llama sin disimulo \u201ccorrupci\u00f3n pol\u00edtica\u201d.<br \/>\nA veces se escucha decir, en tono quejoso, que las cosas no debieran suceder de esa manera, \u201cpor algo son representantes del pueblo\u201d. Aclarar entonces que el poder, como autoridad, y sus \u00f3rganos, como instituciones, son diferentes. Pueblo y poblaci\u00f3n tambi\u00e9n. Si como se dice, el poder emana del pueblo y no debe concentrarse en una sola persona, en un solo poder, (de eso se trata), el tema sigue siendo espinoso: c\u00f3mo se constituyen para usar ese poder sin los riesgos que ahora los abate.<br \/>\nLas mayor\u00edas tienen parlamentarios elegidos por las f\u00f3rmulas partidarias, como son las minor\u00edas (escasas y difusas, adem\u00e1s de sensibles al cohecho, acaban por dilapidar el contrapeso y restar balance de poder). Porque al final la producci\u00f3n de normas legales es el resultado del predominio de la ideolog\u00eda gobernante; inclusive cuando la minor\u00eda alcanza una bancada adecuada para enfrentar al poder, le falta car\u00e1cter y habilidad para construir oposici\u00f3n, en cuyo caso queda la duda sobre si acaso le interesa el pueblo, o finalmente sucumbe a la tentaci\u00f3n de aceptar prebendas y beneficios, y lo que sobra de honroso ya no alcanza\u2026<br \/>\nEn tal caso el ciudadano se pregunta si hay alguna raz\u00f3n que justifique tal actitud, o acaso se trata de h\u00e1bitos mal habidos, inspirados por la contienda pol\u00edtica, donde, como en el amor, todo puede valer. Y como sucede a menudo, falta honestidad para reconocer, hidalgu\u00eda para conceder la raz\u00f3n; abandonar la posici\u00f3n sectaria por siglas y bancadas en el decurso de hegemon\u00edas ideol\u00f3gicas, abusando de una dudosa representatividad.<br \/>\n\u00a1Representan al pueblo! es una frase vac\u00eda, se dice con ansiedad, es un deseo incumplido, y cuando se alega que es constitucional, porque fueron elegidos en las urnas por voto universal; eso sucedi\u00f3 hace tiempo, en el presente se puede decir: no est\u00e1 en buenas manos, as\u00ed como tampoco representan al pueblo.<\/p>\n<p>El autor es periodista.<\/p>\n","protected":false},"excerpt":{"rendered":"<p>La forma de elecci\u00f3n para el Parlamento es imperfecta, por cuanto son los partidos pol\u00edticos que elaboran sus listas con integrantes del mismo partido pol\u00edtico. Cabe preguntar si la decisi\u00f3n est\u00e1 fundada por su lealtad al partido, o su vocaci\u00f3n de servicio al pueblo. Aqu\u00ed surge el primer dilema. \u00bfSer\u00e1 posible ambas cosas? As\u00ed debiera [&hellip;]<\/p>\n","protected":false},"author":1,"featured_media":166360,"comment_status":"open","ping_status":"open","sticky":false,"template":"","format":"standard","meta":{"_acf_changed":false,"footnotes":""},"categories":[9],"tags":[],"class_list":["post-219655","post","type-post","status-publish","format-standard","has-post-thumbnail","category-opinion"],"acf":{"antetitulo":""},"yoast_head":"<!-- This site is optimized with the Yoast SEO plugin v28.4 - https:\/\/yoast.com\/product\/yoast-seo-wordpress\/ -->\n<title>El Parlamento no representa al pueblo - El Diario - Bolivia<\/title>\n<meta name=\"robots\" content=\"index, follow, max-snippet:-1, max-image-preview:large, max-video-preview:-1\" \/>\n<link rel=\"canonical\" href=\"https:\/\/www.eldiario.net\/portal\/2024\/05\/10\/el-parlamento-no-representa-al-pueblo\/\" \/>\n<meta property=\"og:locale\" content=\"es_ES\" \/>\n<meta property=\"og:type\" content=\"article\" \/>\n<meta property=\"og:title\" content=\"El Parlamento no representa al pueblo - El Diario - Bolivia\" \/>\n<meta property=\"og:description\" content=\"La forma de elecci\u00f3n para el Parlamento es imperfecta, por cuanto son los partidos pol\u00edticos que elaboran sus listas con integrantes del mismo partido pol\u00edtico. Cabe preguntar si la decisi\u00f3n est\u00e1 fundada por su lealtad al partido, o su vocaci\u00f3n de servicio al pueblo. Aqu\u00ed surge el primer dilema. \u00bfSer\u00e1 posible ambas cosas? As\u00ed debiera [&hellip;]\" \/>\n<meta property=\"og:url\" content=\"https:\/\/www.eldiario.net\/portal\/2024\/05\/10\/el-parlamento-no-representa-al-pueblo\/\" \/>\n<meta property=\"og:site_name\" content=\"El Diario - Bolivia\" \/>\n<meta property=\"article:publisher\" content=\"https:\/\/www.facebook.com\/eldiario.bolivia\/\" \/>\n<meta property=\"article:published_time\" content=\"2024-05-10T10:18:06+00:00\" \/>\n<meta property=\"og:image\" content=\"https:\/\/www.eldiario.net\/portal\/wp-content\/uploads\/2023\/07\/Mario-Malpartida.jpg\" \/>\n\t<meta property=\"og:image:width\" content=\"1200\" \/>\n\t<meta property=\"og:image:height\" content=\"628\" \/>\n\t<meta property=\"og:image:type\" content=\"image\/jpeg\" \/>\n<meta name=\"author\" content=\"Jeanette\" \/>\n<meta name=\"twitter:card\" content=\"summary_large_image\" \/>\n<meta name=\"twitter:creator\" content=\"@eldiario_net\" \/>\n<meta name=\"twitter:site\" content=\"@eldiario_net\" \/>\n<meta name=\"twitter:label1\" content=\"Escrito por\" \/>\n\t<meta name=\"twitter:data1\" content=\"Jeanette\" \/>\n\t<meta name=\"twitter:label2\" content=\"Tiempo de lectura\" \/>\n\t<meta name=\"twitter:data2\" content=\"4 minutos\" \/>\n<script type=\"application\/ld+json\" class=\"yoast-schema-graph\">{\"@context\":\"https:\\\/\\\/schema.org\",\"@graph\":[{\"@type\":\"Article\",\"@id\":\"https:\\\/\\\/www.eldiario.net\\\/portal\\\/2024\\\/05\\\/10\\\/el-parlamento-no-representa-al-pueblo\\\/#article\",\"isPartOf\":{\"@id\":\"https:\\\/\\\/www.eldiario.net\\\/portal\\\/2024\\\/05\\\/10\\\/el-parlamento-no-representa-al-pueblo\\\/\"},\"author\":{\"name\":\"Jeanette\",\"@id\":\"https:\\\/\\\/www.eldiario.net\\\/portal\\\/#\\\/schema\\\/person\\\/f46445640444750d7d753ccd04ae01b7\"},\"headline\":\"El Parlamento no representa al pueblo\",\"datePublished\":\"2024-05-10T10:18:06+00:00\",\"mainEntityOfPage\":{\"@id\":\"https:\\\/\\\/www.eldiario.net\\\/portal\\\/2024\\\/05\\\/10\\\/el-parlamento-no-representa-al-pueblo\\\/\"},\"wordCount\":725,\"commentCount\":0,\"publisher\":{\"@id\":\"https:\\\/\\\/www.eldiario.net\\\/portal\\\/#organization\"},\"image\":{\"@id\":\"https:\\\/\\\/www.eldiario.net\\\/portal\\\/2024\\\/05\\\/10\\\/el-parlamento-no-representa-al-pueblo\\\/#primaryimage\"},\"thumbnailUrl\":\"https:\\\/\\\/www.eldiario.net\\\/portal\\\/wp-content\\\/uploads\\\/2023\\\/07\\\/Mario-Malpartida.jpg\",\"articleSection\":[\"Opini\u00f3n\"],\"inLanguage\":\"es\",\"potentialAction\":[{\"@type\":\"CommentAction\",\"name\":\"Comment\",\"target\":[\"https:\\\/\\\/www.eldiario.net\\\/portal\\\/2024\\\/05\\\/10\\\/el-parlamento-no-representa-al-pueblo\\\/#respond\"]}]},{\"@type\":\"WebPage\",\"@id\":\"https:\\\/\\\/www.eldiario.net\\\/portal\\\/2024\\\/05\\\/10\\\/el-parlamento-no-representa-al-pueblo\\\/\",\"url\":\"https:\\\/\\\/www.eldiario.net\\\/portal\\\/2024\\\/05\\\/10\\\/el-parlamento-no-representa-al-pueblo\\\/\",\"name\":\"El Parlamento no representa al pueblo - El Diario - Bolivia\",\"isPartOf\":{\"@id\":\"https:\\\/\\\/www.eldiario.net\\\/portal\\\/#website\"},\"primaryImageOfPage\":{\"@id\":\"https:\\\/\\\/www.eldiario.net\\\/portal\\\/2024\\\/05\\\/10\\\/el-parlamento-no-representa-al-pueblo\\\/#primaryimage\"},\"image\":{\"@id\":\"https:\\\/\\\/www.eldiario.net\\\/portal\\\/2024\\\/05\\\/10\\\/el-parlamento-no-representa-al-pueblo\\\/#primaryimage\"},\"thumbnailUrl\":\"https:\\\/\\\/www.eldiario.net\\\/portal\\\/wp-content\\\/uploads\\\/2023\\\/07\\\/Mario-Malpartida.jpg\",\"datePublished\":\"2024-05-10T10:18:06+00:00\",\"breadcrumb\":{\"@id\":\"https:\\\/\\\/www.eldiario.net\\\/portal\\\/2024\\\/05\\\/10\\\/el-parlamento-no-representa-al-pueblo\\\/#breadcrumb\"},\"inLanguage\":\"es\",\"potentialAction\":[{\"@type\":\"ReadAction\",\"target\":[\"https:\\\/\\\/www.eldiario.net\\\/portal\\\/2024\\\/05\\\/10\\\/el-parlamento-no-representa-al-pueblo\\\/\"]}]},{\"@type\":\"ImageObject\",\"inLanguage\":\"es\",\"@id\":\"https:\\\/\\\/www.eldiario.net\\\/portal\\\/2024\\\/05\\\/10\\\/el-parlamento-no-representa-al-pueblo\\\/#primaryimage\",\"url\":\"https:\\\/\\\/www.eldiario.net\\\/portal\\\/wp-content\\\/uploads\\\/2023\\\/07\\\/Mario-Malpartida.jpg\",\"contentUrl\":\"https:\\\/\\\/www.eldiario.net\\\/portal\\\/wp-content\\\/uploads\\\/2023\\\/07\\\/Mario-Malpartida.jpg\",\"width\":1200,\"height\":628,\"caption\":\"Mario Malpartida\"},{\"@type\":\"BreadcrumbList\",\"@id\":\"https:\\\/\\\/www.eldiario.net\\\/portal\\\/2024\\\/05\\\/10\\\/el-parlamento-no-representa-al-pueblo\\\/#breadcrumb\",\"itemListElement\":[{\"@type\":\"ListItem\",\"position\":1,\"name\":\"Portada\",\"item\":\"https:\\\/\\\/www.eldiario.net\\\/portal\\\/\"},{\"@type\":\"ListItem\",\"position\":2,\"name\":\"El Parlamento no representa al pueblo\"}]},{\"@type\":\"WebSite\",\"@id\":\"https:\\\/\\\/www.eldiario.net\\\/portal\\\/#website\",\"url\":\"https:\\\/\\\/www.eldiario.net\\\/portal\\\/\",\"name\":\"El Diario - Decano de la prensa nacional\",\"description\":\"El Diario - Decano de la prensa nacional\",\"publisher\":{\"@id\":\"https:\\\/\\\/www.eldiario.net\\\/portal\\\/#organization\"},\"potentialAction\":[{\"@type\":\"SearchAction\",\"target\":{\"@type\":\"EntryPoint\",\"urlTemplate\":\"https:\\\/\\\/www.eldiario.net\\\/portal\\\/?s={search_term_string}\"},\"query-input\":{\"@type\":\"PropertyValueSpecification\",\"valueRequired\":true,\"valueName\":\"search_term_string\"}}],\"inLanguage\":\"es\"},{\"@type\":\"Organization\",\"@id\":\"https:\\\/\\\/www.eldiario.net\\\/portal\\\/#organization\",\"name\":\"El Diario - Decano de la prensa nacional\",\"url\":\"https:\\\/\\\/www.eldiario.net\\\/portal\\\/\",\"logo\":{\"@type\":\"ImageObject\",\"inLanguage\":\"es\",\"@id\":\"https:\\\/\\\/www.eldiario.net\\\/portal\\\/#\\\/schema\\\/logo\\\/image\\\/\",\"url\":\"https:\\\/\\\/www.eldiario.net\\\/portal\\\/wp-content\\\/uploads\\\/2023\\\/07\\\/logo_ED.jpg\",\"contentUrl\":\"https:\\\/\\\/www.eldiario.net\\\/portal\\\/wp-content\\\/uploads\\\/2023\\\/07\\\/logo_ED.jpg\",\"width\":272,\"height\":52,\"caption\":\"El Diario - Decano de la prensa nacional\"},\"image\":{\"@id\":\"https:\\\/\\\/www.eldiario.net\\\/portal\\\/#\\\/schema\\\/logo\\\/image\\\/\"},\"sameAs\":[\"https:\\\/\\\/www.facebook.com\\\/eldiario.bolivia\\\/\",\"https:\\\/\\\/x.com\\\/eldiario_net\"]},{\"@type\":\"Person\",\"@id\":\"https:\\\/\\\/www.eldiario.net\\\/portal\\\/#\\\/schema\\\/person\\\/f46445640444750d7d753ccd04ae01b7\",\"name\":\"Jeanette\",\"image\":{\"@type\":\"ImageObject\",\"inLanguage\":\"es\",\"@id\":\"https:\\\/\\\/secure.gravatar.com\\\/avatar\\\/3ea2118a5f7dad2b7138b1187a6b7ee55f160b9968b66013c3a3ef39dd7e5798?s=96&d=mm&r=g\",\"url\":\"https:\\\/\\\/secure.gravatar.com\\\/avatar\\\/3ea2118a5f7dad2b7138b1187a6b7ee55f160b9968b66013c3a3ef39dd7e5798?s=96&d=mm&r=g\",\"contentUrl\":\"https:\\\/\\\/secure.gravatar.com\\\/avatar\\\/3ea2118a5f7dad2b7138b1187a6b7ee55f160b9968b66013c3a3ef39dd7e5798?s=96&d=mm&r=g\",\"caption\":\"Jeanette\"},\"sameAs\":[\"https:\\\/\\\/www.eldiario.net\\\/portal\"],\"url\":\"https:\\\/\\\/www.eldiario.net\\\/portal\\\/author\\\/jeanette\\\/\"}]}<\/script>\n<!-- \/ Yoast SEO plugin. -->","yoast_head_json":{"title":"El Parlamento no representa al pueblo - El Diario - Bolivia","robots":{"index":"index","follow":"follow","max-snippet":"max-snippet:-1","max-image-preview":"max-image-preview:large","max-video-preview":"max-video-preview:-1"},"canonical":"https:\/\/www.eldiario.net\/portal\/2024\/05\/10\/el-parlamento-no-representa-al-pueblo\/","og_locale":"es_ES","og_type":"article","og_title":"El Parlamento no representa al pueblo - El Diario - Bolivia","og_description":"La forma de elecci\u00f3n para el Parlamento es imperfecta, por cuanto son los partidos pol\u00edticos que elaboran sus listas con integrantes del mismo partido pol\u00edtico. Cabe preguntar si la decisi\u00f3n est\u00e1 fundada por su lealtad al partido, o su vocaci\u00f3n de servicio al pueblo. Aqu\u00ed surge el primer dilema. \u00bfSer\u00e1 posible ambas cosas? As\u00ed debiera [&hellip;]","og_url":"https:\/\/www.eldiario.net\/portal\/2024\/05\/10\/el-parlamento-no-representa-al-pueblo\/","og_site_name":"El Diario - Bolivia","article_publisher":"https:\/\/www.facebook.com\/eldiario.bolivia\/","article_published_time":"2024-05-10T10:18:06+00:00","og_image":[{"width":1200,"height":628,"url":"https:\/\/www.eldiario.net\/portal\/wp-content\/uploads\/2023\/07\/Mario-Malpartida.jpg","type":"image\/jpeg"}],"author":"Jeanette","twitter_card":"summary_large_image","twitter_creator":"@eldiario_net","twitter_site":"@eldiario_net","twitter_misc":{"Escrito por":"Jeanette","Tiempo de lectura":"4 minutos"},"schema":{"@context":"https:\/\/schema.org","@graph":[{"@type":"Article","@id":"https:\/\/www.eldiario.net\/portal\/2024\/05\/10\/el-parlamento-no-representa-al-pueblo\/#article","isPartOf":{"@id":"https:\/\/www.eldiario.net\/portal\/2024\/05\/10\/el-parlamento-no-representa-al-pueblo\/"},"author":{"name":"Jeanette","@id":"https:\/\/www.eldiario.net\/portal\/#\/schema\/person\/f46445640444750d7d753ccd04ae01b7"},"headline":"El Parlamento no representa al pueblo","datePublished":"2024-05-10T10:18:06+00:00","mainEntityOfPage":{"@id":"https:\/\/www.eldiario.net\/portal\/2024\/05\/10\/el-parlamento-no-representa-al-pueblo\/"},"wordCount":725,"commentCount":0,"publisher":{"@id":"https:\/\/www.eldiario.net\/portal\/#organization"},"image":{"@id":"https:\/\/www.eldiario.net\/portal\/2024\/05\/10\/el-parlamento-no-representa-al-pueblo\/#primaryimage"},"thumbnailUrl":"https:\/\/www.eldiario.net\/portal\/wp-content\/uploads\/2023\/07\/Mario-Malpartida.jpg","articleSection":["Opini\u00f3n"],"inLanguage":"es","potentialAction":[{"@type":"CommentAction","name":"Comment","target":["https:\/\/www.eldiario.net\/portal\/2024\/05\/10\/el-parlamento-no-representa-al-pueblo\/#respond"]}]},{"@type":"WebPage","@id":"https:\/\/www.eldiario.net\/portal\/2024\/05\/10\/el-parlamento-no-representa-al-pueblo\/","url":"https:\/\/www.eldiario.net\/portal\/2024\/05\/10\/el-parlamento-no-representa-al-pueblo\/","name":"El Parlamento no representa al pueblo - El Diario - Bolivia","isPartOf":{"@id":"https:\/\/www.eldiario.net\/portal\/#website"},"primaryImageOfPage":{"@id":"https:\/\/www.eldiario.net\/portal\/2024\/05\/10\/el-parlamento-no-representa-al-pueblo\/#primaryimage"},"image":{"@id":"https:\/\/www.eldiario.net\/portal\/2024\/05\/10\/el-parlamento-no-representa-al-pueblo\/#primaryimage"},"thumbnailUrl":"https:\/\/www.eldiario.net\/portal\/wp-content\/uploads\/2023\/07\/Mario-Malpartida.jpg","datePublished":"2024-05-10T10:18:06+00:00","breadcrumb":{"@id":"https:\/\/www.eldiario.net\/portal\/2024\/05\/10\/el-parlamento-no-representa-al-pueblo\/#breadcrumb"},"inLanguage":"es","potentialAction":[{"@type":"ReadAction","target":["https:\/\/www.eldiario.net\/portal\/2024\/05\/10\/el-parlamento-no-representa-al-pueblo\/"]}]},{"@type":"ImageObject","inLanguage":"es","@id":"https:\/\/www.eldiario.net\/portal\/2024\/05\/10\/el-parlamento-no-representa-al-pueblo\/#primaryimage","url":"https:\/\/www.eldiario.net\/portal\/wp-content\/uploads\/2023\/07\/Mario-Malpartida.jpg","contentUrl":"https:\/\/www.eldiario.net\/portal\/wp-content\/uploads\/2023\/07\/Mario-Malpartida.jpg","width":1200,"height":628,"caption":"Mario Malpartida"},{"@type":"BreadcrumbList","@id":"https:\/\/www.eldiario.net\/portal\/2024\/05\/10\/el-parlamento-no-representa-al-pueblo\/#breadcrumb","itemListElement":[{"@type":"ListItem","position":1,"name":"Portada","item":"https:\/\/www.eldiario.net\/portal\/"},{"@type":"ListItem","position":2,"name":"El Parlamento no representa al pueblo"}]},{"@type":"WebSite","@id":"https:\/\/www.eldiario.net\/portal\/#website","url":"https:\/\/www.eldiario.net\/portal\/","name":"El Diario - Decano de la prensa nacional","description":"El Diario - Decano de la prensa nacional","publisher":{"@id":"https:\/\/www.eldiario.net\/portal\/#organization"},"potentialAction":[{"@type":"SearchAction","target":{"@type":"EntryPoint","urlTemplate":"https:\/\/www.eldiario.net\/portal\/?s={search_term_string}"},"query-input":{"@type":"PropertyValueSpecification","valueRequired":true,"valueName":"search_term_string"}}],"inLanguage":"es"},{"@type":"Organization","@id":"https:\/\/www.eldiario.net\/portal\/#organization","name":"El Diario - Decano de la prensa nacional","url":"https:\/\/www.eldiario.net\/portal\/","logo":{"@type":"ImageObject","inLanguage":"es","@id":"https:\/\/www.eldiario.net\/portal\/#\/schema\/logo\/image\/","url":"https:\/\/www.eldiario.net\/portal\/wp-content\/uploads\/2023\/07\/logo_ED.jpg","contentUrl":"https:\/\/www.eldiario.net\/portal\/wp-content\/uploads\/2023\/07\/logo_ED.jpg","width":272,"height":52,"caption":"El Diario - Decano de la prensa nacional"},"image":{"@id":"https:\/\/www.eldiario.net\/portal\/#\/schema\/logo\/image\/"},"sameAs":["https:\/\/www.facebook.com\/eldiario.bolivia\/","https:\/\/x.com\/eldiario_net"]},{"@type":"Person","@id":"https:\/\/www.eldiario.net\/portal\/#\/schema\/person\/f46445640444750d7d753ccd04ae01b7","name":"Jeanette","image":{"@type":"ImageObject","inLanguage":"es","@id":"https:\/\/secure.gravatar.com\/avatar\/3ea2118a5f7dad2b7138b1187a6b7ee55f160b9968b66013c3a3ef39dd7e5798?s=96&d=mm&r=g","url":"https:\/\/secure.gravatar.com\/avatar\/3ea2118a5f7dad2b7138b1187a6b7ee55f160b9968b66013c3a3ef39dd7e5798?s=96&d=mm&r=g","contentUrl":"https:\/\/secure.gravatar.com\/avatar\/3ea2118a5f7dad2b7138b1187a6b7ee55f160b9968b66013c3a3ef39dd7e5798?s=96&d=mm&r=g","caption":"Jeanette"},"sameAs":["https:\/\/www.eldiario.net\/portal"],"url":"https:\/\/www.eldiario.net\/portal\/author\/jeanette\/"}]}},"_links":{"self":[{"href":"https:\/\/www.eldiario.net\/portal\/wp-json\/wp\/v2\/posts\/219655","targetHints":{"allow":["GET"]}}],"collection":[{"href":"https:\/\/www.eldiario.net\/portal\/wp-json\/wp\/v2\/posts"}],"about":[{"href":"https:\/\/www.eldiario.net\/portal\/wp-json\/wp\/v2\/types\/post"}],"author":[{"embeddable":true,"href":"https:\/\/www.eldiario.net\/portal\/wp-json\/wp\/v2\/users\/1"}],"replies":[{"embeddable":true,"href":"https:\/\/www.eldiario.net\/portal\/wp-json\/wp\/v2\/comments?post=219655"}],"version-history":[{"count":1,"href":"https:\/\/www.eldiario.net\/portal\/wp-json\/wp\/v2\/posts\/219655\/revisions"}],"predecessor-version":[{"id":219656,"href":"https:\/\/www.eldiario.net\/portal\/wp-json\/wp\/v2\/posts\/219655\/revisions\/219656"}],"wp:featuredmedia":[{"embeddable":true,"href":"https:\/\/www.eldiario.net\/portal\/wp-json\/wp\/v2\/media\/166360"}],"wp:attachment":[{"href":"https:\/\/www.eldiario.net\/portal\/wp-json\/wp\/v2\/media?parent=219655"}],"wp:term":[{"taxonomy":"category","embeddable":true,"href":"https:\/\/www.eldiario.net\/portal\/wp-json\/wp\/v2\/categories?post=219655"},{"taxonomy":"post_tag","embeddable":true,"href":"https:\/\/www.eldiario.net\/portal\/wp-json\/wp\/v2\/tags?post=219655"}],"curies":[{"name":"wp","href":"https:\/\/api.w.org\/{rel}","templated":true}]}}