{"id":219643,"date":"2024-05-10T06:13:29","date_gmt":"2024-05-10T10:13:29","guid":{"rendered":"https:\/\/www.eldiario.net\/portal\/?p=219643"},"modified":"2024-05-10T06:13:29","modified_gmt":"2024-05-10T10:13:29","slug":"museos-abren-sus-puertas-a-la-magia-nocturna","status":"publish","type":"post","link":"https:\/\/www.eldiario.net\/portal\/2024\/05\/10\/museos-abren-sus-puertas-a-la-magia-nocturna\/","title":{"rendered":"Museos abren sus puertas a la magia nocturna"},"content":{"rendered":"<p>Los repositorios nacionales y centros culturales, dependientes de la Fundaci\u00f3n Cultural del Banco Central de Bolivia (FC-BCB), en el marco del convenio firmado con la Delegaci\u00f3n Presidencial para el Bicentenario, abren sus puertas cada primer viernes de mes, para que la poblaci\u00f3n se aproxime al patrimonio cultural que custodia la entidad y disfrute de diversas expresiones art\u00edsticas.<br \/>\nLos espacios que se pueden visitar son: Casa de la Libertad (CD), Casa Nacional de Moneda (CNM), Museo Nacional de Arte (MNA), Museo Nacional de Etnograf\u00eda y Folklore (Musef), Casa Museo In\u00e9s C\u00f3rdova-Gil Iman\u00e1 y el Museo Fernando Montes, los cuales ya reciben a sus visitantes en horario nocturno, sin costo, de 18:00 a 22:00.<br \/>\nLa FC-BCB y la Delegaci\u00f3n Presidencial para el Bicentenario firmaron un convenio de cooperaci\u00f3n interinstitucional la pasada gesti\u00f3n, con el prop\u00f3sito de acercar a la poblaci\u00f3n a los repositorios y centros culturales de manera gratuita. Por ello, desde el 8 de diciembre del 2023 estos espacios de recreaci\u00f3n y aprendizaje est\u00e1n abiertos, en horario nocturno, cada primer viernes de mes.<br \/>\nEn ese marco, el primer viernes de mayo la poblaci\u00f3n disfrut\u00f3 de esta actividad y apreci\u00f3 la riqueza patrimonial que cobija, resguarda y protege la entidad cultural. Casa de la Libertad, Sucre, en la inauguraci\u00f3n de la exposici\u00f3n \u201cTinku: Historia, misticismo y cultura de los ayllus del norte de Potos\u00ed\u201d, una muestra fotogr\u00e1fica fruto del arduo trabajo de investigaci\u00f3n y revalorizaci\u00f3n de los pueblos y naciones ind\u00edgenas de Bolivia.<br \/>\nEn Potos\u00ed, CNM organiz\u00f3 una velada especial a la cual denominaron la noche de \u201cArtesanos Potosinos: Retablos y Plater\u00eda\u201d.<br \/>\nLos visitantes tambi\u00e9n admiraron la exposici\u00f3n temporal \u201cIn\u00e9s C\u00f3rdova, metal y fuego\u201d.<br \/>\nEn la ciudad de La Paz, el MNA hizo bailar a sus visitantes con la presencia del reconocido DJ Lunthata Selektor, quien comparti\u00f3 una sesi\u00f3n de m\u00fasica en vinilos con rock progresivo boliviano y las melod\u00edas aut\u00f3ctonas.<br \/>\nLas salas de exposici\u00f3n del Musef fueron un \u00e9xito, cientos de personas visitaron las diferentes salas de exposici\u00f3n del repositorio.<br \/>\nEl Centro de la Revoluci\u00f3n Cultural y la Casa Museo In\u00e9s C\u00f3rdova-Gil Iman\u00e1 llenaron su sala con el conversatorio \u201c7 C\u00f3digos Andinos\u201d. La exposici\u00f3n temporal \u201cBolivia y M\u00e9xico sobre papeles\u201d, tambi\u00e9n fue la m\u00e1s visitada.<br \/>\nPor \u00faltimo, el Museo Fernando Montes y la biblioteca de la FC-BCB recibieron a sus visitantes con una exposici\u00f3n fotogr\u00e1fica del colectivo \u201cFotograf\u00eda Urbana Hist\u00f3rica Internacional\u201d, la cual mostr\u00f3 los contrastes, escenarios, matices, paisajes y recorridos de la hermosa ciudad de La Paz. La actividad fue amenizada por la talentosa charanguista Mar\u00eda Grisel Ch\u00e1vez.<br \/>\nPara cerrar la noche, el colectivo cultural \u201cLa llama de colores\u201d ofreci\u00f3 un conversatorio sobre los presidentes de Bolivia.<br \/>\nEl pr\u00f3ximo mes, seg\u00fan los organizadores, la FC-BCB junto a sus repositorios tendr\u00e1 m\u00e1s actividades y muchas sorpresas.<br \/>\nPIE FOTO<\/p>\n","protected":false},"excerpt":{"rendered":"<p>Los repositorios nacionales y centros culturales, dependientes de la Fundaci\u00f3n Cultural del Banco Central de Bolivia (FC-BCB), en el marco del convenio firmado con la Delegaci\u00f3n Presidencial para el Bicentenario, abren sus puertas cada primer viernes de mes, para que la poblaci\u00f3n se aproxime al patrimonio cultural que custodia la entidad y disfrute de diversas [&hellip;]<\/p>\n","protected":false},"author":1,"featured_media":219644,"comment_status":"open","ping_status":"open","sticky":false,"template":"","format":"standard","meta":{"_acf_changed":false,"footnotes":""},"categories":[8],"tags":[],"class_list":["post-219643","post","type-post","status-publish","format-standard","has-post-thumbnail","category-cultural"],"acf":{"antetitulo":"Arte"},"yoast_head":"<!-- This site is optimized with the Yoast SEO plugin v28.4 - https:\/\/yoast.com\/product\/yoast-seo-wordpress\/ -->\n<title>Museos abren sus puertas a la magia nocturna - El Diario - Bolivia<\/title>\n<meta name=\"robots\" content=\"index, follow, max-snippet:-1, max-image-preview:large, max-video-preview:-1\" \/>\n<link rel=\"canonical\" href=\"https:\/\/www.eldiario.net\/portal\/2024\/05\/10\/museos-abren-sus-puertas-a-la-magia-nocturna\/\" \/>\n<meta property=\"og:locale\" content=\"es_ES\" \/>\n<meta property=\"og:type\" content=\"article\" \/>\n<meta property=\"og:title\" content=\"Museos abren sus puertas a la magia nocturna - El Diario - Bolivia\" \/>\n<meta property=\"og:description\" content=\"Los repositorios nacionales y centros culturales, dependientes de la Fundaci\u00f3n Cultural del Banco Central de Bolivia (FC-BCB), en el marco del convenio firmado con la Delegaci\u00f3n Presidencial para el Bicentenario, abren sus puertas cada primer viernes de mes, para que la poblaci\u00f3n se aproxime al patrimonio cultural que custodia la entidad y disfrute de diversas [&hellip;]\" \/>\n<meta property=\"og:url\" content=\"https:\/\/www.eldiario.net\/portal\/2024\/05\/10\/museos-abren-sus-puertas-a-la-magia-nocturna\/\" \/>\n<meta property=\"og:site_name\" content=\"El Diario - Bolivia\" \/>\n<meta property=\"article:publisher\" content=\"https:\/\/www.facebook.com\/eldiario.bolivia\/\" \/>\n<meta property=\"article:published_time\" content=\"2024-05-10T10:13:29+00:00\" \/>\n<meta property=\"og:image\" content=\"https:\/\/www.eldiario.net\/portal\/wp-content\/uploads\/2024\/05\/museo.jpg\" \/>\n\t<meta property=\"og:image:width\" content=\"1080\" \/>\n\t<meta property=\"og:image:height\" content=\"810\" \/>\n\t<meta property=\"og:image:type\" content=\"image\/jpeg\" \/>\n<meta name=\"author\" content=\"Jeanette\" \/>\n<meta name=\"twitter:card\" content=\"summary_large_image\" \/>\n<meta name=\"twitter:creator\" content=\"@eldiario_net\" \/>\n<meta name=\"twitter:site\" content=\"@eldiario_net\" \/>\n<meta name=\"twitter:label1\" content=\"Escrito por\" \/>\n\t<meta name=\"twitter:data1\" content=\"Jeanette\" \/>\n\t<meta name=\"twitter:label2\" content=\"Tiempo de lectura\" \/>\n\t<meta name=\"twitter:data2\" content=\"3 minutos\" \/>\n<script type=\"application\/ld+json\" class=\"yoast-schema-graph\">{\"@context\":\"https:\\\/\\\/schema.org\",\"@graph\":[{\"@type\":\"Article\",\"@id\":\"https:\\\/\\\/www.eldiario.net\\\/portal\\\/2024\\\/05\\\/10\\\/museos-abren-sus-puertas-a-la-magia-nocturna\\\/#article\",\"isPartOf\":{\"@id\":\"https:\\\/\\\/www.eldiario.net\\\/portal\\\/2024\\\/05\\\/10\\\/museos-abren-sus-puertas-a-la-magia-nocturna\\\/\"},\"author\":{\"name\":\"Jeanette\",\"@id\":\"https:\\\/\\\/www.eldiario.net\\\/portal\\\/#\\\/schema\\\/person\\\/2c57cf2b7a7ae032e449e4c9b1019eac\"},\"headline\":\"Museos abren sus puertas a la magia nocturna\",\"datePublished\":\"2024-05-10T10:13:29+00:00\",\"mainEntityOfPage\":{\"@id\":\"https:\\\/\\\/www.eldiario.net\\\/portal\\\/2024\\\/05\\\/10\\\/museos-abren-sus-puertas-a-la-magia-nocturna\\\/\"},\"wordCount\":509,\"commentCount\":0,\"publisher\":{\"@id\":\"https:\\\/\\\/www.eldiario.net\\\/portal\\\/#organization\"},\"image\":{\"@id\":\"https:\\\/\\\/www.eldiario.net\\\/portal\\\/2024\\\/05\\\/10\\\/museos-abren-sus-puertas-a-la-magia-nocturna\\\/#primaryimage\"},\"thumbnailUrl\":\"https:\\\/\\\/www.eldiario.net\\\/portal\\\/wp-content\\\/uploads\\\/2024\\\/05\\\/museo.jpg\",\"articleSection\":[\"Cultural\"],\"inLanguage\":\"es\",\"potentialAction\":[{\"@type\":\"CommentAction\",\"name\":\"Comment\",\"target\":[\"https:\\\/\\\/www.eldiario.net\\\/portal\\\/2024\\\/05\\\/10\\\/museos-abren-sus-puertas-a-la-magia-nocturna\\\/#respond\"]}]},{\"@type\":\"WebPage\",\"@id\":\"https:\\\/\\\/www.eldiario.net\\\/portal\\\/2024\\\/05\\\/10\\\/museos-abren-sus-puertas-a-la-magia-nocturna\\\/\",\"url\":\"https:\\\/\\\/www.eldiario.net\\\/portal\\\/2024\\\/05\\\/10\\\/museos-abren-sus-puertas-a-la-magia-nocturna\\\/\",\"name\":\"Museos abren sus puertas a la magia nocturna - El Diario - Bolivia\",\"isPartOf\":{\"@id\":\"https:\\\/\\\/www.eldiario.net\\\/portal\\\/#website\"},\"primaryImageOfPage\":{\"@id\":\"https:\\\/\\\/www.eldiario.net\\\/portal\\\/2024\\\/05\\\/10\\\/museos-abren-sus-puertas-a-la-magia-nocturna\\\/#primaryimage\"},\"image\":{\"@id\":\"https:\\\/\\\/www.eldiario.net\\\/portal\\\/2024\\\/05\\\/10\\\/museos-abren-sus-puertas-a-la-magia-nocturna\\\/#primaryimage\"},\"thumbnailUrl\":\"https:\\\/\\\/www.eldiario.net\\\/portal\\\/wp-content\\\/uploads\\\/2024\\\/05\\\/museo.jpg\",\"datePublished\":\"2024-05-10T10:13:29+00:00\",\"breadcrumb\":{\"@id\":\"https:\\\/\\\/www.eldiario.net\\\/portal\\\/2024\\\/05\\\/10\\\/museos-abren-sus-puertas-a-la-magia-nocturna\\\/#breadcrumb\"},\"inLanguage\":\"es\",\"potentialAction\":[{\"@type\":\"ReadAction\",\"target\":[\"https:\\\/\\\/www.eldiario.net\\\/portal\\\/2024\\\/05\\\/10\\\/museos-abren-sus-puertas-a-la-magia-nocturna\\\/\"]}]},{\"@type\":\"ImageObject\",\"inLanguage\":\"es\",\"@id\":\"https:\\\/\\\/www.eldiario.net\\\/portal\\\/2024\\\/05\\\/10\\\/museos-abren-sus-puertas-a-la-magia-nocturna\\\/#primaryimage\",\"url\":\"https:\\\/\\\/www.eldiario.net\\\/portal\\\/wp-content\\\/uploads\\\/2024\\\/05\\\/museo.jpg\",\"contentUrl\":\"https:\\\/\\\/www.eldiario.net\\\/portal\\\/wp-content\\\/uploads\\\/2024\\\/05\\\/museo.jpg\",\"width\":1080,\"height\":810,\"caption\":\"EL DJ LUNTHATA SELEKTOR, EN EL MUSEO NACIONAL DE ARTE.\"},{\"@type\":\"BreadcrumbList\",\"@id\":\"https:\\\/\\\/www.eldiario.net\\\/portal\\\/2024\\\/05\\\/10\\\/museos-abren-sus-puertas-a-la-magia-nocturna\\\/#breadcrumb\",\"itemListElement\":[{\"@type\":\"ListItem\",\"position\":1,\"name\":\"Portada\",\"item\":\"https:\\\/\\\/www.eldiario.net\\\/portal\\\/\"},{\"@type\":\"ListItem\",\"position\":2,\"name\":\"Museos abren sus puertas a la magia nocturna\"}]},{\"@type\":\"WebSite\",\"@id\":\"https:\\\/\\\/www.eldiario.net\\\/portal\\\/#website\",\"url\":\"https:\\\/\\\/www.eldiario.net\\\/portal\\\/\",\"name\":\"El Diario - Decano de la prensa nacional\",\"description\":\"El Diario - Decano de la prensa nacional\",\"publisher\":{\"@id\":\"https:\\\/\\\/www.eldiario.net\\\/portal\\\/#organization\"},\"potentialAction\":[{\"@type\":\"SearchAction\",\"target\":{\"@type\":\"EntryPoint\",\"urlTemplate\":\"https:\\\/\\\/www.eldiario.net\\\/portal\\\/?s={search_term_string}\"},\"query-input\":{\"@type\":\"PropertyValueSpecification\",\"valueRequired\":true,\"valueName\":\"search_term_string\"}}],\"inLanguage\":\"es\"},{\"@type\":\"Organization\",\"@id\":\"https:\\\/\\\/www.eldiario.net\\\/portal\\\/#organization\",\"name\":\"El Diario - Decano de la prensa nacional\",\"url\":\"https:\\\/\\\/www.eldiario.net\\\/portal\\\/\",\"logo\":{\"@type\":\"ImageObject\",\"inLanguage\":\"es\",\"@id\":\"https:\\\/\\\/www.eldiario.net\\\/portal\\\/#\\\/schema\\\/logo\\\/image\\\/\",\"url\":\"https:\\\/\\\/www.eldiario.net\\\/portal\\\/wp-content\\\/uploads\\\/2023\\\/07\\\/logo_ED.jpg\",\"contentUrl\":\"https:\\\/\\\/www.eldiario.net\\\/portal\\\/wp-content\\\/uploads\\\/2023\\\/07\\\/logo_ED.jpg\",\"width\":272,\"height\":52,\"caption\":\"El Diario - Decano de la prensa nacional\"},\"image\":{\"@id\":\"https:\\\/\\\/www.eldiario.net\\\/portal\\\/#\\\/schema\\\/logo\\\/image\\\/\"},\"sameAs\":[\"https:\\\/\\\/www.facebook.com\\\/eldiario.bolivia\\\/\",\"https:\\\/\\\/x.com\\\/eldiario_net\"]},{\"@type\":\"Person\",\"@id\":\"https:\\\/\\\/www.eldiario.net\\\/portal\\\/#\\\/schema\\\/person\\\/2c57cf2b7a7ae032e449e4c9b1019eac\",\"name\":\"Jeanette\",\"image\":{\"@type\":\"ImageObject\",\"inLanguage\":\"es\",\"@id\":\"https:\\\/\\\/secure.gravatar.com\\\/avatar\\\/3ea2118a5f7dad2b7138b1187a6b7ee55f160b9968b66013c3a3ef39dd7e5798?s=96&d=mm&r=g\",\"url\":\"https:\\\/\\\/secure.gravatar.com\\\/avatar\\\/3ea2118a5f7dad2b7138b1187a6b7ee55f160b9968b66013c3a3ef39dd7e5798?s=96&d=mm&r=g\",\"contentUrl\":\"https:\\\/\\\/secure.gravatar.com\\\/avatar\\\/3ea2118a5f7dad2b7138b1187a6b7ee55f160b9968b66013c3a3ef39dd7e5798?s=96&d=mm&r=g\",\"caption\":\"Jeanette\"},\"sameAs\":[\"https:\\\/\\\/www.eldiario.net\\\/portal\"],\"url\":\"https:\\\/\\\/www.eldiario.net\\\/portal\\\/author\\\/jeanette\\\/\"}]}<\/script>\n<!-- \/ Yoast SEO plugin. -->","yoast_head_json":{"title":"Museos abren sus puertas a la magia nocturna - El Diario - Bolivia","robots":{"index":"index","follow":"follow","max-snippet":"max-snippet:-1","max-image-preview":"max-image-preview:large","max-video-preview":"max-video-preview:-1"},"canonical":"https:\/\/www.eldiario.net\/portal\/2024\/05\/10\/museos-abren-sus-puertas-a-la-magia-nocturna\/","og_locale":"es_ES","og_type":"article","og_title":"Museos abren sus puertas a la magia nocturna - El Diario - Bolivia","og_description":"Los repositorios nacionales y centros culturales, dependientes de la Fundaci\u00f3n Cultural del Banco Central de Bolivia (FC-BCB), en el marco del convenio firmado con la Delegaci\u00f3n Presidencial para el Bicentenario, abren sus puertas cada primer viernes de mes, para que la poblaci\u00f3n se aproxime al patrimonio cultural que custodia la entidad y disfrute de diversas [&hellip;]","og_url":"https:\/\/www.eldiario.net\/portal\/2024\/05\/10\/museos-abren-sus-puertas-a-la-magia-nocturna\/","og_site_name":"El Diario - Bolivia","article_publisher":"https:\/\/www.facebook.com\/eldiario.bolivia\/","article_published_time":"2024-05-10T10:13:29+00:00","og_image":[{"width":1080,"height":810,"url":"https:\/\/www.eldiario.net\/portal\/wp-content\/uploads\/2024\/05\/museo.jpg","type":"image\/jpeg"}],"author":"Jeanette","twitter_card":"summary_large_image","twitter_creator":"@eldiario_net","twitter_site":"@eldiario_net","twitter_misc":{"Escrito por":"Jeanette","Tiempo de lectura":"3 minutos"},"schema":{"@context":"https:\/\/schema.org","@graph":[{"@type":"Article","@id":"https:\/\/www.eldiario.net\/portal\/2024\/05\/10\/museos-abren-sus-puertas-a-la-magia-nocturna\/#article","isPartOf":{"@id":"https:\/\/www.eldiario.net\/portal\/2024\/05\/10\/museos-abren-sus-puertas-a-la-magia-nocturna\/"},"author":{"name":"Jeanette","@id":"https:\/\/www.eldiario.net\/portal\/#\/schema\/person\/2c57cf2b7a7ae032e449e4c9b1019eac"},"headline":"Museos abren sus puertas a la magia nocturna","datePublished":"2024-05-10T10:13:29+00:00","mainEntityOfPage":{"@id":"https:\/\/www.eldiario.net\/portal\/2024\/05\/10\/museos-abren-sus-puertas-a-la-magia-nocturna\/"},"wordCount":509,"commentCount":0,"publisher":{"@id":"https:\/\/www.eldiario.net\/portal\/#organization"},"image":{"@id":"https:\/\/www.eldiario.net\/portal\/2024\/05\/10\/museos-abren-sus-puertas-a-la-magia-nocturna\/#primaryimage"},"thumbnailUrl":"https:\/\/www.eldiario.net\/portal\/wp-content\/uploads\/2024\/05\/museo.jpg","articleSection":["Cultural"],"inLanguage":"es","potentialAction":[{"@type":"CommentAction","name":"Comment","target":["https:\/\/www.eldiario.net\/portal\/2024\/05\/10\/museos-abren-sus-puertas-a-la-magia-nocturna\/#respond"]}]},{"@type":"WebPage","@id":"https:\/\/www.eldiario.net\/portal\/2024\/05\/10\/museos-abren-sus-puertas-a-la-magia-nocturna\/","url":"https:\/\/www.eldiario.net\/portal\/2024\/05\/10\/museos-abren-sus-puertas-a-la-magia-nocturna\/","name":"Museos abren sus puertas a la magia nocturna - El Diario - Bolivia","isPartOf":{"@id":"https:\/\/www.eldiario.net\/portal\/#website"},"primaryImageOfPage":{"@id":"https:\/\/www.eldiario.net\/portal\/2024\/05\/10\/museos-abren-sus-puertas-a-la-magia-nocturna\/#primaryimage"},"image":{"@id":"https:\/\/www.eldiario.net\/portal\/2024\/05\/10\/museos-abren-sus-puertas-a-la-magia-nocturna\/#primaryimage"},"thumbnailUrl":"https:\/\/www.eldiario.net\/portal\/wp-content\/uploads\/2024\/05\/museo.jpg","datePublished":"2024-05-10T10:13:29+00:00","breadcrumb":{"@id":"https:\/\/www.eldiario.net\/portal\/2024\/05\/10\/museos-abren-sus-puertas-a-la-magia-nocturna\/#breadcrumb"},"inLanguage":"es","potentialAction":[{"@type":"ReadAction","target":["https:\/\/www.eldiario.net\/portal\/2024\/05\/10\/museos-abren-sus-puertas-a-la-magia-nocturna\/"]}]},{"@type":"ImageObject","inLanguage":"es","@id":"https:\/\/www.eldiario.net\/portal\/2024\/05\/10\/museos-abren-sus-puertas-a-la-magia-nocturna\/#primaryimage","url":"https:\/\/www.eldiario.net\/portal\/wp-content\/uploads\/2024\/05\/museo.jpg","contentUrl":"https:\/\/www.eldiario.net\/portal\/wp-content\/uploads\/2024\/05\/museo.jpg","width":1080,"height":810,"caption":"EL DJ LUNTHATA SELEKTOR, EN EL MUSEO NACIONAL DE ARTE."},{"@type":"BreadcrumbList","@id":"https:\/\/www.eldiario.net\/portal\/2024\/05\/10\/museos-abren-sus-puertas-a-la-magia-nocturna\/#breadcrumb","itemListElement":[{"@type":"ListItem","position":1,"name":"Portada","item":"https:\/\/www.eldiario.net\/portal\/"},{"@type":"ListItem","position":2,"name":"Museos abren sus puertas a la magia nocturna"}]},{"@type":"WebSite","@id":"https:\/\/www.eldiario.net\/portal\/#website","url":"https:\/\/www.eldiario.net\/portal\/","name":"El Diario - Decano de la prensa nacional","description":"El Diario - Decano de la prensa nacional","publisher":{"@id":"https:\/\/www.eldiario.net\/portal\/#organization"},"potentialAction":[{"@type":"SearchAction","target":{"@type":"EntryPoint","urlTemplate":"https:\/\/www.eldiario.net\/portal\/?s={search_term_string}"},"query-input":{"@type":"PropertyValueSpecification","valueRequired":true,"valueName":"search_term_string"}}],"inLanguage":"es"},{"@type":"Organization","@id":"https:\/\/www.eldiario.net\/portal\/#organization","name":"El Diario - Decano de la prensa nacional","url":"https:\/\/www.eldiario.net\/portal\/","logo":{"@type":"ImageObject","inLanguage":"es","@id":"https:\/\/www.eldiario.net\/portal\/#\/schema\/logo\/image\/","url":"https:\/\/www.eldiario.net\/portal\/wp-content\/uploads\/2023\/07\/logo_ED.jpg","contentUrl":"https:\/\/www.eldiario.net\/portal\/wp-content\/uploads\/2023\/07\/logo_ED.jpg","width":272,"height":52,"caption":"El Diario - Decano de la prensa nacional"},"image":{"@id":"https:\/\/www.eldiario.net\/portal\/#\/schema\/logo\/image\/"},"sameAs":["https:\/\/www.facebook.com\/eldiario.bolivia\/","https:\/\/x.com\/eldiario_net"]},{"@type":"Person","@id":"https:\/\/www.eldiario.net\/portal\/#\/schema\/person\/2c57cf2b7a7ae032e449e4c9b1019eac","name":"Jeanette","image":{"@type":"ImageObject","inLanguage":"es","@id":"https:\/\/secure.gravatar.com\/avatar\/3ea2118a5f7dad2b7138b1187a6b7ee55f160b9968b66013c3a3ef39dd7e5798?s=96&d=mm&r=g","url":"https:\/\/secure.gravatar.com\/avatar\/3ea2118a5f7dad2b7138b1187a6b7ee55f160b9968b66013c3a3ef39dd7e5798?s=96&d=mm&r=g","contentUrl":"https:\/\/secure.gravatar.com\/avatar\/3ea2118a5f7dad2b7138b1187a6b7ee55f160b9968b66013c3a3ef39dd7e5798?s=96&d=mm&r=g","caption":"Jeanette"},"sameAs":["https:\/\/www.eldiario.net\/portal"],"url":"https:\/\/www.eldiario.net\/portal\/author\/jeanette\/"}]}},"_links":{"self":[{"href":"https:\/\/www.eldiario.net\/portal\/wp-json\/wp\/v2\/posts\/219643","targetHints":{"allow":["GET"]}}],"collection":[{"href":"https:\/\/www.eldiario.net\/portal\/wp-json\/wp\/v2\/posts"}],"about":[{"href":"https:\/\/www.eldiario.net\/portal\/wp-json\/wp\/v2\/types\/post"}],"author":[{"embeddable":true,"href":"https:\/\/www.eldiario.net\/portal\/wp-json\/wp\/v2\/users\/1"}],"replies":[{"embeddable":true,"href":"https:\/\/www.eldiario.net\/portal\/wp-json\/wp\/v2\/comments?post=219643"}],"version-history":[{"count":1,"href":"https:\/\/www.eldiario.net\/portal\/wp-json\/wp\/v2\/posts\/219643\/revisions"}],"predecessor-version":[{"id":219645,"href":"https:\/\/www.eldiario.net\/portal\/wp-json\/wp\/v2\/posts\/219643\/revisions\/219645"}],"wp:featuredmedia":[{"embeddable":true,"href":"https:\/\/www.eldiario.net\/portal\/wp-json\/wp\/v2\/media\/219644"}],"wp:attachment":[{"href":"https:\/\/www.eldiario.net\/portal\/wp-json\/wp\/v2\/media?parent=219643"}],"wp:term":[{"taxonomy":"category","embeddable":true,"href":"https:\/\/www.eldiario.net\/portal\/wp-json\/wp\/v2\/categories?post=219643"},{"taxonomy":"post_tag","embeddable":true,"href":"https:\/\/www.eldiario.net\/portal\/wp-json\/wp\/v2\/tags?post=219643"}],"curies":[{"name":"wp","href":"https:\/\/api.w.org\/{rel}","templated":true}]}}