{"id":219638,"date":"2024-05-10T06:10:14","date_gmt":"2024-05-10T10:10:14","guid":{"rendered":"https:\/\/www.eldiario.net\/portal\/?p=219638"},"modified":"2024-05-10T06:10:14","modified_gmt":"2024-05-10T10:10:14","slug":"complot-del-gobierno-mantiene-a-la-alp-en-un-punto-muerto","status":"publish","type":"post","link":"https:\/\/www.eldiario.net\/portal\/2024\/05\/10\/complot-del-gobierno-mantiene-a-la-alp-en-un-punto-muerto\/","title":{"rendered":"Complot del Gobierno mantiene  a la ALP en un \u201cpunto muerto\u201d"},"content":{"rendered":"<p>Ante intentos del oficialismo por responsabilizar a la oposici\u00f3n de impedir el tratamiento de proyectos de ley importantes para el pa\u00eds en instancias legislativas, el jefe de bancada por Comunidad Ciudadana (CC) en la C\u00e1mara de Diputados, Enrique Urquidi, se\u00f1al\u00f3 que mientras el Gobierno mantenga la l\u00f3gica de complotar contra el Parlamento, este continuar\u00e1 en un \u201cpunto muerto\u201d sin poder avanzar en otros temas.<br \/>\nEn criterio de Urquidi, la imagen del pa\u00eds a nivel internacional y ante los pa\u00edses que integran acuerdos comerciales como el Mercosur, es \u201cnefasta\u201d y carente de seriedad, lo que complica la situaci\u00f3n en temas como el debate por la adhesi\u00f3n de Bolivia a este tipo de tratados.<br \/>\n\u201cVen un pa\u00eds poco serio, inestable pol\u00edticamente, un pa\u00eds que no puede tomar decisiones tan importantes como la de incorporarse al Mercosur, que no es una tarea de hace unos meses sino m\u00e1s de diez a\u00f1os\u201d, dijo.<br \/>\nSobre los intentos de responsabilizar a las fuerzas de oposici\u00f3n por el empantanamiento que existe en la C\u00e1mara Baja, mismo que perjudica analizar esta y otras normativas importantes para el pa\u00eds, el asamble\u00edsta sostuvo que el tema no pasa solo por el retraso en el tratamiento de proyectos de ley, sino la l\u00f3gica del Gobierno para seguir \u201ccomplotando\u201d contra la ALP, en su af\u00e1n de evitar debatir las iniciativas para poner fin a la pr\u00f3rroga judicial.<br \/>\n\u201cNo se trata que una normativa sea m\u00e1s importante que otra, nosotros estamos en la obligaci\u00f3n de debatir todos los proyectos\u201d, asegur\u00f3.<br \/>\nRecordando que una de las principales responsabilidades de los asamble\u00edstas es considerar todos los proyectos de ley que llegan hasta esta instancia, afirm\u00f3 que en la actual coyuntura, los proyectos antipr\u00f3rroga se hacen necesarios debido al estado en el que se encuentra el sistema de justicia y la incertidumbre alrededor de las elecciones judiciales.<br \/>\n\u201cMientras la Asamblea Legislativa no debata estos proyectos, vamos a seguir en este punto muerto, porque lo que pedimos no es nada fuera de lugar. En tanto no se d\u00e9 este debate, vamos a continuar en el mismo entrampamiento\u201d, acot\u00f3 el parlamentario, insistiendo en que el Gobierno y el ministro Lima, han complotado para truncar los comicios judiciales.<br \/>\nUrquidi finaliz\u00f3, reiterando, que la l\u00ednea pol\u00edtica de la oposici\u00f3n no es bloquear la agenda legislativa, sino que es el Gobierno el que se reh\u00faye a considerar una agenda prioritaria para el pa\u00eds, misma que pasa terminar con la pr\u00f3rroga judicial.<br \/>\nEl mi\u00e9rcoles, luego de una nueva suspensi\u00f3n de sesi\u00f3n en la C\u00e1mara de Diputados, el presidente de esta instancia legislativa, Israel Huaytari, lament\u00f3 que entre las normativas perjudicadas para su tratamiento, se encuentren proyectos importantes para el pa\u00eds como la adhesi\u00f3n de Bolivia al Mercosur.<br \/>\n\u201cTen\u00edamos previsto tratar este proyecto, pero lamentablemente nos encontramos con obst\u00e1culos relacionados con las propuestas normativas 073 y 075, que no est\u00e1n siendo abordadas en ning\u00fan escenario (\u2026). En alg\u00fan momento ser\u00e1 necesario discutir y aprobar estas normativas, las cuales son fundamentales para la poblaci\u00f3n\u201d, expres\u00f3 la autoridad legislativa, haciendo hincapi\u00e9 en la importancia de que Bolivia se integre a este tipo de acuerdos.<br \/>\nHuaytari adem\u00e1s se\u00f1al\u00f3 que existe disposici\u00f3n para debatir las propuestas de ley 073 y 075, sin embargo, a\u00fan queda pendiente definir si corresponde su an\u00e1lisis en la C\u00e1mara Baja o en el Pleno de la ALP.<br \/>\nAnteriormente, el senador por Tarija, Rodrigo Paz Pereira, hab\u00eda expresado su preocupaci\u00f3n por la falta de celeridad e importancia que desde el Gobierno se le est\u00e1 dando al ingreso pleno de Bolivia a acuerdos regionales como el Mercosur y otros con gran potencial de mejorar la situaci\u00f3n econ\u00f3mica del pa\u00eds.<br \/>\nEl asamble\u00edsta de oposici\u00f3n cuestion\u00f3 que se priorice la agenda pol\u00edtica-partidaria y las pugnas internas del MAS antes que consolidar este tipo de acuerdos en instancias de la Asamblea Legislativa Plurinacional (ALP).<br \/>\n\u201cHasta mayo es el plazo para que el Legislativo analice el ingreso de Bolivia al Mercosur y para que las organizaciones pol\u00edticas renueven a sus directivas. Est\u00e1 claro que para el Gobierno la prioridad pasa en resolver sus pleitos internos y no en el desarrollo comercial\u201d, sostuvo Paz.<br \/>\nEsta semana, por cuarta vez, la sesi\u00f3n de C\u00e1mara de Diputados en la que deb\u00eda debatirse el protocolo de adhesi\u00f3n de Bolivia al Mercosur y otras leyes relacionadas a cr\u00e9ditos, fue suspendida por los condicionamientos de la oposici\u00f3n y el ala evista del MAS para priorizar el tratamiento y aprobaci\u00f3n de proyectos de ley contra la pr\u00f3rroga judicial.<br \/>\n\u201cNo habiendo las condiciones para proseguir con esta sesi\u00f3n vamos a suspenderla para la siguiente semana\u201d, declar\u00f3 Huaytari.<br \/>\nPara el diputado Urquidi, esta es la mejor se\u00f1al de que el oficialismo no cree en el di\u00e1logo ni el consenso, e insiste en destruir la institucionalidad de la ALP a fin de mantener a una justicia funcional y servil, de la que el masismo se benefici\u00f3 durante 18 a\u00f1os.<\/p>\n","protected":false},"excerpt":{"rendered":"<p>Ante intentos del oficialismo por responsabilizar a la oposici\u00f3n de impedir el tratamiento de proyectos de ley importantes para el pa\u00eds en instancias legislativas, el jefe de bancada por Comunidad Ciudadana (CC) en la C\u00e1mara de Diputados, Enrique Urquidi, se\u00f1al\u00f3 que mientras el Gobierno mantenga la l\u00f3gica de complotar contra el Parlamento, este continuar\u00e1 en [&hellip;]<\/p>\n","protected":false},"author":1,"featured_media":219639,"comment_status":"open","ping_status":"open","sticky":false,"template":"","format":"standard","meta":{"_acf_changed":false,"footnotes":""},"categories":[14],"tags":[],"class_list":["post-219638","post","type-post","status-publish","format-standard","has-post-thumbnail","category-politica"],"acf":{"antetitulo":"Sin legislar"},"yoast_head":"<!-- This site is optimized with the Yoast SEO plugin v28.4 - https:\/\/yoast.com\/product\/yoast-seo-wordpress\/ -->\n<title>Complot del Gobierno mantiene a la ALP en un \u201cpunto muerto\u201d - El Diario - Bolivia<\/title>\n<meta name=\"robots\" content=\"index, follow, max-snippet:-1, max-image-preview:large, max-video-preview:-1\" \/>\n<link rel=\"canonical\" href=\"https:\/\/www.eldiario.net\/portal\/2024\/05\/10\/complot-del-gobierno-mantiene-a-la-alp-en-un-punto-muerto\/\" \/>\n<meta property=\"og:locale\" content=\"es_ES\" \/>\n<meta property=\"og:type\" content=\"article\" \/>\n<meta property=\"og:title\" content=\"Complot del Gobierno mantiene a la ALP en un \u201cpunto muerto\u201d - El Diario - Bolivia\" \/>\n<meta property=\"og:description\" content=\"Ante intentos del oficialismo por responsabilizar a la oposici\u00f3n de impedir el tratamiento de proyectos de ley importantes para el pa\u00eds en instancias legislativas, el jefe de bancada por Comunidad Ciudadana (CC) en la C\u00e1mara de Diputados, Enrique Urquidi, se\u00f1al\u00f3 que mientras el Gobierno mantenga la l\u00f3gica de complotar contra el Parlamento, este continuar\u00e1 en [&hellip;]\" \/>\n<meta property=\"og:url\" content=\"https:\/\/www.eldiario.net\/portal\/2024\/05\/10\/complot-del-gobierno-mantiene-a-la-alp-en-un-punto-muerto\/\" \/>\n<meta property=\"og:site_name\" content=\"El Diario - Bolivia\" \/>\n<meta property=\"article:publisher\" content=\"https:\/\/www.facebook.com\/eldiario.bolivia\/\" \/>\n<meta property=\"article:published_time\" content=\"2024-05-10T10:10:14+00:00\" \/>\n<meta property=\"og:image\" content=\"https:\/\/www.eldiario.net\/portal\/wp-content\/uploads\/2024\/05\/40-POL-4.jpg\" \/>\n\t<meta property=\"og:image:width\" content=\"1280\" \/>\n\t<meta property=\"og:image:height\" content=\"720\" \/>\n\t<meta property=\"og:image:type\" content=\"image\/jpeg\" \/>\n<meta name=\"author\" content=\"Jeanette\" \/>\n<meta name=\"twitter:card\" content=\"summary_large_image\" \/>\n<meta name=\"twitter:creator\" content=\"@eldiario_net\" \/>\n<meta name=\"twitter:site\" content=\"@eldiario_net\" \/>\n<meta name=\"twitter:label1\" content=\"Escrito por\" \/>\n\t<meta name=\"twitter:data1\" content=\"Jeanette\" \/>\n\t<meta name=\"twitter:label2\" content=\"Tiempo de lectura\" \/>\n\t<meta name=\"twitter:data2\" content=\"4 minutos\" \/>\n<script type=\"application\/ld+json\" class=\"yoast-schema-graph\">{\"@context\":\"https:\\\/\\\/schema.org\",\"@graph\":[{\"@type\":\"Article\",\"@id\":\"https:\\\/\\\/www.eldiario.net\\\/portal\\\/2024\\\/05\\\/10\\\/complot-del-gobierno-mantiene-a-la-alp-en-un-punto-muerto\\\/#article\",\"isPartOf\":{\"@id\":\"https:\\\/\\\/www.eldiario.net\\\/portal\\\/2024\\\/05\\\/10\\\/complot-del-gobierno-mantiene-a-la-alp-en-un-punto-muerto\\\/\"},\"author\":{\"name\":\"Jeanette\",\"@id\":\"https:\\\/\\\/www.eldiario.net\\\/portal\\\/#\\\/schema\\\/person\\\/2c57cf2b7a7ae032e449e4c9b1019eac\"},\"headline\":\"Complot del Gobierno mantiene a la ALP en un \u201cpunto muerto\u201d\",\"datePublished\":\"2024-05-10T10:10:14+00:00\",\"mainEntityOfPage\":{\"@id\":\"https:\\\/\\\/www.eldiario.net\\\/portal\\\/2024\\\/05\\\/10\\\/complot-del-gobierno-mantiene-a-la-alp-en-un-punto-muerto\\\/\"},\"wordCount\":876,\"commentCount\":0,\"publisher\":{\"@id\":\"https:\\\/\\\/www.eldiario.net\\\/portal\\\/#organization\"},\"image\":{\"@id\":\"https:\\\/\\\/www.eldiario.net\\\/portal\\\/2024\\\/05\\\/10\\\/complot-del-gobierno-mantiene-a-la-alp-en-un-punto-muerto\\\/#primaryimage\"},\"thumbnailUrl\":\"https:\\\/\\\/www.eldiario.net\\\/portal\\\/wp-content\\\/uploads\\\/2024\\\/05\\\/40-POL-4.jpg\",\"articleSection\":[\"Pol\u00edtica\"],\"inLanguage\":\"es\",\"potentialAction\":[{\"@type\":\"CommentAction\",\"name\":\"Comment\",\"target\":[\"https:\\\/\\\/www.eldiario.net\\\/portal\\\/2024\\\/05\\\/10\\\/complot-del-gobierno-mantiene-a-la-alp-en-un-punto-muerto\\\/#respond\"]}]},{\"@type\":\"WebPage\",\"@id\":\"https:\\\/\\\/www.eldiario.net\\\/portal\\\/2024\\\/05\\\/10\\\/complot-del-gobierno-mantiene-a-la-alp-en-un-punto-muerto\\\/\",\"url\":\"https:\\\/\\\/www.eldiario.net\\\/portal\\\/2024\\\/05\\\/10\\\/complot-del-gobierno-mantiene-a-la-alp-en-un-punto-muerto\\\/\",\"name\":\"Complot del Gobierno mantiene a la ALP en un \u201cpunto muerto\u201d - El Diario - Bolivia\",\"isPartOf\":{\"@id\":\"https:\\\/\\\/www.eldiario.net\\\/portal\\\/#website\"},\"primaryImageOfPage\":{\"@id\":\"https:\\\/\\\/www.eldiario.net\\\/portal\\\/2024\\\/05\\\/10\\\/complot-del-gobierno-mantiene-a-la-alp-en-un-punto-muerto\\\/#primaryimage\"},\"image\":{\"@id\":\"https:\\\/\\\/www.eldiario.net\\\/portal\\\/2024\\\/05\\\/10\\\/complot-del-gobierno-mantiene-a-la-alp-en-un-punto-muerto\\\/#primaryimage\"},\"thumbnailUrl\":\"https:\\\/\\\/www.eldiario.net\\\/portal\\\/wp-content\\\/uploads\\\/2024\\\/05\\\/40-POL-4.jpg\",\"datePublished\":\"2024-05-10T10:10:14+00:00\",\"breadcrumb\":{\"@id\":\"https:\\\/\\\/www.eldiario.net\\\/portal\\\/2024\\\/05\\\/10\\\/complot-del-gobierno-mantiene-a-la-alp-en-un-punto-muerto\\\/#breadcrumb\"},\"inLanguage\":\"es\",\"potentialAction\":[{\"@type\":\"ReadAction\",\"target\":[\"https:\\\/\\\/www.eldiario.net\\\/portal\\\/2024\\\/05\\\/10\\\/complot-del-gobierno-mantiene-a-la-alp-en-un-punto-muerto\\\/\"]}]},{\"@type\":\"ImageObject\",\"inLanguage\":\"es\",\"@id\":\"https:\\\/\\\/www.eldiario.net\\\/portal\\\/2024\\\/05\\\/10\\\/complot-del-gobierno-mantiene-a-la-alp-en-un-punto-muerto\\\/#primaryimage\",\"url\":\"https:\\\/\\\/www.eldiario.net\\\/portal\\\/wp-content\\\/uploads\\\/2024\\\/05\\\/40-POL-4.jpg\",\"contentUrl\":\"https:\\\/\\\/www.eldiario.net\\\/portal\\\/wp-content\\\/uploads\\\/2024\\\/05\\\/40-POL-4.jpg\",\"width\":1280,\"height\":720,\"caption\":\"Enrique Urquidi, jefe de bancada de CC en Diputados.\"},{\"@type\":\"BreadcrumbList\",\"@id\":\"https:\\\/\\\/www.eldiario.net\\\/portal\\\/2024\\\/05\\\/10\\\/complot-del-gobierno-mantiene-a-la-alp-en-un-punto-muerto\\\/#breadcrumb\",\"itemListElement\":[{\"@type\":\"ListItem\",\"position\":1,\"name\":\"Portada\",\"item\":\"https:\\\/\\\/www.eldiario.net\\\/portal\\\/\"},{\"@type\":\"ListItem\",\"position\":2,\"name\":\"Complot del Gobierno mantiene a la ALP en un \u201cpunto muerto\u201d\"}]},{\"@type\":\"WebSite\",\"@id\":\"https:\\\/\\\/www.eldiario.net\\\/portal\\\/#website\",\"url\":\"https:\\\/\\\/www.eldiario.net\\\/portal\\\/\",\"name\":\"El Diario - Decano de la prensa nacional\",\"description\":\"El Diario - Decano de la prensa nacional\",\"publisher\":{\"@id\":\"https:\\\/\\\/www.eldiario.net\\\/portal\\\/#organization\"},\"potentialAction\":[{\"@type\":\"SearchAction\",\"target\":{\"@type\":\"EntryPoint\",\"urlTemplate\":\"https:\\\/\\\/www.eldiario.net\\\/portal\\\/?s={search_term_string}\"},\"query-input\":{\"@type\":\"PropertyValueSpecification\",\"valueRequired\":true,\"valueName\":\"search_term_string\"}}],\"inLanguage\":\"es\"},{\"@type\":\"Organization\",\"@id\":\"https:\\\/\\\/www.eldiario.net\\\/portal\\\/#organization\",\"name\":\"El Diario - Decano de la prensa nacional\",\"url\":\"https:\\\/\\\/www.eldiario.net\\\/portal\\\/\",\"logo\":{\"@type\":\"ImageObject\",\"inLanguage\":\"es\",\"@id\":\"https:\\\/\\\/www.eldiario.net\\\/portal\\\/#\\\/schema\\\/logo\\\/image\\\/\",\"url\":\"https:\\\/\\\/www.eldiario.net\\\/portal\\\/wp-content\\\/uploads\\\/2023\\\/07\\\/logo_ED.jpg\",\"contentUrl\":\"https:\\\/\\\/www.eldiario.net\\\/portal\\\/wp-content\\\/uploads\\\/2023\\\/07\\\/logo_ED.jpg\",\"width\":272,\"height\":52,\"caption\":\"El Diario - Decano de la prensa nacional\"},\"image\":{\"@id\":\"https:\\\/\\\/www.eldiario.net\\\/portal\\\/#\\\/schema\\\/logo\\\/image\\\/\"},\"sameAs\":[\"https:\\\/\\\/www.facebook.com\\\/eldiario.bolivia\\\/\",\"https:\\\/\\\/x.com\\\/eldiario_net\"]},{\"@type\":\"Person\",\"@id\":\"https:\\\/\\\/www.eldiario.net\\\/portal\\\/#\\\/schema\\\/person\\\/2c57cf2b7a7ae032e449e4c9b1019eac\",\"name\":\"Jeanette\",\"image\":{\"@type\":\"ImageObject\",\"inLanguage\":\"es\",\"@id\":\"https:\\\/\\\/secure.gravatar.com\\\/avatar\\\/3ea2118a5f7dad2b7138b1187a6b7ee55f160b9968b66013c3a3ef39dd7e5798?s=96&d=mm&r=g\",\"url\":\"https:\\\/\\\/secure.gravatar.com\\\/avatar\\\/3ea2118a5f7dad2b7138b1187a6b7ee55f160b9968b66013c3a3ef39dd7e5798?s=96&d=mm&r=g\",\"contentUrl\":\"https:\\\/\\\/secure.gravatar.com\\\/avatar\\\/3ea2118a5f7dad2b7138b1187a6b7ee55f160b9968b66013c3a3ef39dd7e5798?s=96&d=mm&r=g\",\"caption\":\"Jeanette\"},\"sameAs\":[\"https:\\\/\\\/www.eldiario.net\\\/portal\"],\"url\":\"https:\\\/\\\/www.eldiario.net\\\/portal\\\/author\\\/jeanette\\\/\"}]}<\/script>\n<!-- \/ Yoast SEO plugin. -->","yoast_head_json":{"title":"Complot del Gobierno mantiene a la ALP en un \u201cpunto muerto\u201d - El Diario - Bolivia","robots":{"index":"index","follow":"follow","max-snippet":"max-snippet:-1","max-image-preview":"max-image-preview:large","max-video-preview":"max-video-preview:-1"},"canonical":"https:\/\/www.eldiario.net\/portal\/2024\/05\/10\/complot-del-gobierno-mantiene-a-la-alp-en-un-punto-muerto\/","og_locale":"es_ES","og_type":"article","og_title":"Complot del Gobierno mantiene a la ALP en un \u201cpunto muerto\u201d - El Diario - Bolivia","og_description":"Ante intentos del oficialismo por responsabilizar a la oposici\u00f3n de impedir el tratamiento de proyectos de ley importantes para el pa\u00eds en instancias legislativas, el jefe de bancada por Comunidad Ciudadana (CC) en la C\u00e1mara de Diputados, Enrique Urquidi, se\u00f1al\u00f3 que mientras el Gobierno mantenga la l\u00f3gica de complotar contra el Parlamento, este continuar\u00e1 en [&hellip;]","og_url":"https:\/\/www.eldiario.net\/portal\/2024\/05\/10\/complot-del-gobierno-mantiene-a-la-alp-en-un-punto-muerto\/","og_site_name":"El Diario - Bolivia","article_publisher":"https:\/\/www.facebook.com\/eldiario.bolivia\/","article_published_time":"2024-05-10T10:10:14+00:00","og_image":[{"width":1280,"height":720,"url":"https:\/\/www.eldiario.net\/portal\/wp-content\/uploads\/2024\/05\/40-POL-4.jpg","type":"image\/jpeg"}],"author":"Jeanette","twitter_card":"summary_large_image","twitter_creator":"@eldiario_net","twitter_site":"@eldiario_net","twitter_misc":{"Escrito por":"Jeanette","Tiempo de lectura":"4 minutos"},"schema":{"@context":"https:\/\/schema.org","@graph":[{"@type":"Article","@id":"https:\/\/www.eldiario.net\/portal\/2024\/05\/10\/complot-del-gobierno-mantiene-a-la-alp-en-un-punto-muerto\/#article","isPartOf":{"@id":"https:\/\/www.eldiario.net\/portal\/2024\/05\/10\/complot-del-gobierno-mantiene-a-la-alp-en-un-punto-muerto\/"},"author":{"name":"Jeanette","@id":"https:\/\/www.eldiario.net\/portal\/#\/schema\/person\/2c57cf2b7a7ae032e449e4c9b1019eac"},"headline":"Complot del Gobierno mantiene a la ALP en un \u201cpunto muerto\u201d","datePublished":"2024-05-10T10:10:14+00:00","mainEntityOfPage":{"@id":"https:\/\/www.eldiario.net\/portal\/2024\/05\/10\/complot-del-gobierno-mantiene-a-la-alp-en-un-punto-muerto\/"},"wordCount":876,"commentCount":0,"publisher":{"@id":"https:\/\/www.eldiario.net\/portal\/#organization"},"image":{"@id":"https:\/\/www.eldiario.net\/portal\/2024\/05\/10\/complot-del-gobierno-mantiene-a-la-alp-en-un-punto-muerto\/#primaryimage"},"thumbnailUrl":"https:\/\/www.eldiario.net\/portal\/wp-content\/uploads\/2024\/05\/40-POL-4.jpg","articleSection":["Pol\u00edtica"],"inLanguage":"es","potentialAction":[{"@type":"CommentAction","name":"Comment","target":["https:\/\/www.eldiario.net\/portal\/2024\/05\/10\/complot-del-gobierno-mantiene-a-la-alp-en-un-punto-muerto\/#respond"]}]},{"@type":"WebPage","@id":"https:\/\/www.eldiario.net\/portal\/2024\/05\/10\/complot-del-gobierno-mantiene-a-la-alp-en-un-punto-muerto\/","url":"https:\/\/www.eldiario.net\/portal\/2024\/05\/10\/complot-del-gobierno-mantiene-a-la-alp-en-un-punto-muerto\/","name":"Complot del Gobierno mantiene a la ALP en un \u201cpunto muerto\u201d - El Diario - Bolivia","isPartOf":{"@id":"https:\/\/www.eldiario.net\/portal\/#website"},"primaryImageOfPage":{"@id":"https:\/\/www.eldiario.net\/portal\/2024\/05\/10\/complot-del-gobierno-mantiene-a-la-alp-en-un-punto-muerto\/#primaryimage"},"image":{"@id":"https:\/\/www.eldiario.net\/portal\/2024\/05\/10\/complot-del-gobierno-mantiene-a-la-alp-en-un-punto-muerto\/#primaryimage"},"thumbnailUrl":"https:\/\/www.eldiario.net\/portal\/wp-content\/uploads\/2024\/05\/40-POL-4.jpg","datePublished":"2024-05-10T10:10:14+00:00","breadcrumb":{"@id":"https:\/\/www.eldiario.net\/portal\/2024\/05\/10\/complot-del-gobierno-mantiene-a-la-alp-en-un-punto-muerto\/#breadcrumb"},"inLanguage":"es","potentialAction":[{"@type":"ReadAction","target":["https:\/\/www.eldiario.net\/portal\/2024\/05\/10\/complot-del-gobierno-mantiene-a-la-alp-en-un-punto-muerto\/"]}]},{"@type":"ImageObject","inLanguage":"es","@id":"https:\/\/www.eldiario.net\/portal\/2024\/05\/10\/complot-del-gobierno-mantiene-a-la-alp-en-un-punto-muerto\/#primaryimage","url":"https:\/\/www.eldiario.net\/portal\/wp-content\/uploads\/2024\/05\/40-POL-4.jpg","contentUrl":"https:\/\/www.eldiario.net\/portal\/wp-content\/uploads\/2024\/05\/40-POL-4.jpg","width":1280,"height":720,"caption":"Enrique Urquidi, jefe de bancada de CC en Diputados."},{"@type":"BreadcrumbList","@id":"https:\/\/www.eldiario.net\/portal\/2024\/05\/10\/complot-del-gobierno-mantiene-a-la-alp-en-un-punto-muerto\/#breadcrumb","itemListElement":[{"@type":"ListItem","position":1,"name":"Portada","item":"https:\/\/www.eldiario.net\/portal\/"},{"@type":"ListItem","position":2,"name":"Complot del Gobierno mantiene a la ALP en un \u201cpunto muerto\u201d"}]},{"@type":"WebSite","@id":"https:\/\/www.eldiario.net\/portal\/#website","url":"https:\/\/www.eldiario.net\/portal\/","name":"El Diario - Decano de la prensa nacional","description":"El Diario - Decano de la prensa nacional","publisher":{"@id":"https:\/\/www.eldiario.net\/portal\/#organization"},"potentialAction":[{"@type":"SearchAction","target":{"@type":"EntryPoint","urlTemplate":"https:\/\/www.eldiario.net\/portal\/?s={search_term_string}"},"query-input":{"@type":"PropertyValueSpecification","valueRequired":true,"valueName":"search_term_string"}}],"inLanguage":"es"},{"@type":"Organization","@id":"https:\/\/www.eldiario.net\/portal\/#organization","name":"El Diario - Decano de la prensa nacional","url":"https:\/\/www.eldiario.net\/portal\/","logo":{"@type":"ImageObject","inLanguage":"es","@id":"https:\/\/www.eldiario.net\/portal\/#\/schema\/logo\/image\/","url":"https:\/\/www.eldiario.net\/portal\/wp-content\/uploads\/2023\/07\/logo_ED.jpg","contentUrl":"https:\/\/www.eldiario.net\/portal\/wp-content\/uploads\/2023\/07\/logo_ED.jpg","width":272,"height":52,"caption":"El Diario - Decano de la prensa nacional"},"image":{"@id":"https:\/\/www.eldiario.net\/portal\/#\/schema\/logo\/image\/"},"sameAs":["https:\/\/www.facebook.com\/eldiario.bolivia\/","https:\/\/x.com\/eldiario_net"]},{"@type":"Person","@id":"https:\/\/www.eldiario.net\/portal\/#\/schema\/person\/2c57cf2b7a7ae032e449e4c9b1019eac","name":"Jeanette","image":{"@type":"ImageObject","inLanguage":"es","@id":"https:\/\/secure.gravatar.com\/avatar\/3ea2118a5f7dad2b7138b1187a6b7ee55f160b9968b66013c3a3ef39dd7e5798?s=96&d=mm&r=g","url":"https:\/\/secure.gravatar.com\/avatar\/3ea2118a5f7dad2b7138b1187a6b7ee55f160b9968b66013c3a3ef39dd7e5798?s=96&d=mm&r=g","contentUrl":"https:\/\/secure.gravatar.com\/avatar\/3ea2118a5f7dad2b7138b1187a6b7ee55f160b9968b66013c3a3ef39dd7e5798?s=96&d=mm&r=g","caption":"Jeanette"},"sameAs":["https:\/\/www.eldiario.net\/portal"],"url":"https:\/\/www.eldiario.net\/portal\/author\/jeanette\/"}]}},"_links":{"self":[{"href":"https:\/\/www.eldiario.net\/portal\/wp-json\/wp\/v2\/posts\/219638","targetHints":{"allow":["GET"]}}],"collection":[{"href":"https:\/\/www.eldiario.net\/portal\/wp-json\/wp\/v2\/posts"}],"about":[{"href":"https:\/\/www.eldiario.net\/portal\/wp-json\/wp\/v2\/types\/post"}],"author":[{"embeddable":true,"href":"https:\/\/www.eldiario.net\/portal\/wp-json\/wp\/v2\/users\/1"}],"replies":[{"embeddable":true,"href":"https:\/\/www.eldiario.net\/portal\/wp-json\/wp\/v2\/comments?post=219638"}],"version-history":[{"count":1,"href":"https:\/\/www.eldiario.net\/portal\/wp-json\/wp\/v2\/posts\/219638\/revisions"}],"predecessor-version":[{"id":219640,"href":"https:\/\/www.eldiario.net\/portal\/wp-json\/wp\/v2\/posts\/219638\/revisions\/219640"}],"wp:featuredmedia":[{"embeddable":true,"href":"https:\/\/www.eldiario.net\/portal\/wp-json\/wp\/v2\/media\/219639"}],"wp:attachment":[{"href":"https:\/\/www.eldiario.net\/portal\/wp-json\/wp\/v2\/media?parent=219638"}],"wp:term":[{"taxonomy":"category","embeddable":true,"href":"https:\/\/www.eldiario.net\/portal\/wp-json\/wp\/v2\/categories?post=219638"},{"taxonomy":"post_tag","embeddable":true,"href":"https:\/\/www.eldiario.net\/portal\/wp-json\/wp\/v2\/tags?post=219638"}],"curies":[{"name":"wp","href":"https:\/\/api.w.org\/{rel}","templated":true}]}}