{"id":219635,"date":"2024-05-10T06:09:40","date_gmt":"2024-05-10T10:09:40","guid":{"rendered":"https:\/\/www.eldiario.net\/portal\/?p=219635"},"modified":"2024-05-10T07:58:34","modified_gmt":"2024-05-10T11:58:34","slug":"que-dispone-el-ds-5143-sobre-derechos-reales","status":"publish","type":"post","link":"https:\/\/www.eldiario.net\/portal\/2024\/05\/10\/que-dispone-el-ds-5143-sobre-derechos-reales\/","title":{"rendered":"\u00bfQu\u00e9 dispone el DS 5143  sobre Derechos Reales\u201d"},"content":{"rendered":"<p>El Decreto Supremo (DS) 5143 que reglamenta una de las leyes m\u00e1s antiguas que rigen en Bolivia ha causado la preocupaci\u00f3n de varios sectores de la poblaci\u00f3n que denuncian una presunta intenci\u00f3n de atentar contra la propiedad privada.<br \/>\nEstas son las claves para entender de qu\u00e9 va el decreto, qu\u00e9 dicen quienes se oponen a \u00e9l y la respuesta del Gobierno.<br \/>\nEl DS 5143 reglamenta la Ley de Inscripci\u00f3n de Derechos Reales, que fue firmada por el presidente Gregorio Pacheco en 1887 y que a lo largo de los a\u00f1os ha tenido varias actualizaciones y reglamentaciones, siendo esta la m\u00e1s importante por hacer cambios en su sistema de registro, al integrarlo a un sistema \u00fanico y digitalizado.<\/p>\n<h2>\u00bfQU\u00c9 ES EL REGISTRO DE DERECHOS REALES?<\/h2>\n<p>Es aquel \u201cencargado de la inscripci\u00f3n de los t\u00edtulos sujetos a registro, con la finalidad de garantizar el derecho a la propiedad privada, individual o colectiva, as\u00ed como la propiedad p\u00fablica, otorgando la debida seguridad jur\u00eddica\u201d. En sencillas palabras, es el lugar donde se inscriben propiedades como terrenos, casas y otros inmuebles.<br \/>\nEl DS establece que el Registro de Derechos Reales depende del Consejo de la Magistratura, entidad dependiente del \u00d3rgano Judicial, que designar\u00e1 a una m\u00e1xima autoridad por un per\u00edodo de cinco a\u00f1os y tendr\u00e1 una estructura dividida en Oficinas Registrales.<br \/>\nLa principal novedad del decreto, en comparaci\u00f3n a anteriores actualizaciones, es que ordena el uso de herramientas de Gobierno Electr\u00f3nico, ya que la norma crea un Sistema \u00danico de Derechos Reales \u201cque debe interoperar con sistemas de otras entidades p\u00fablicas\u201d.<br \/>\nSeg\u00fan se\u00f1ala la norma, este Sistema \u00danico \u201ccentraliza e integra en una base de datos \u00fanica todos los registros p\u00fablicos de derechos reales a nivel nacional y contempla informaci\u00f3n que permite identificar de forma \u00fanica a las propiedades\u201d.<\/p>\n<h2>\u00bfC\u00d3MO SE CREAR\u00c1 ESTE REGISTRO \u00daNICO?<\/h2>\n<p>Una de las disposiciones transitorias del DS se\u00f1ala que el Consejo de la Magistratura en coordinaci\u00f3n con la Agencia de Gobierno Electr\u00f3nico y Tecnolog\u00eda de la Informaci\u00f3n y Comunicaci\u00f3n &#8211; Agetic implementar\u00e1 el Sistema \u00danico del Registro de Derechos Reales.<br \/>\nLa creaci\u00f3n de un Sistema \u00danico, digitalizado y en red con otras entidades, que ser\u00e1 creado con ayuda de la Agetic es la principal preocupaci\u00f3n de los sectores que se oponen a la norma.<br \/>\nEl Consejo de Defensa de la Propiedad Privada (Codepp), un organismo creado hace poco para rechazar este decreto supremo observa principalmente este punto.<br \/>\nCuestionan que se implique en la creaci\u00f3n de este Sistema \u00danico a la Agetic, una entidad p\u00fablica que est\u00e1 bajo tuici\u00f3n del Ministerio de la Presidencia, cuando Derechos Reales, seg\u00fan el mismo decreto, depende del Consejo de la Magistratura, que es parte del \u00d3rgano Judicial.<br \/>\nEl temor de los sectores agrupados en el Codepp es que al inmiscuirse una Agencia del Gobierno se ponga en riesgo datos sensibles sobre la propiedad privada, que adem\u00e1s podr\u00edan estar disponibles para otras entidades del Estado ya que se establece la \u201cinteroperabilidad\u201d del registro.<br \/>\nEl abogado constitucionalista, Jos\u00e9 Luis Santistevan, explic\u00f3 que el DS 5143 firmado por el Primer Mandatario es inconstitucional, porque va en contra de la ley que reglamenta, en la que se establece que el Registro de Derechos Reales solo puede depender del Poder Judicial.<br \/>\n\u201cA partir de la Ley del 15 de noviembre de 1887, la propiedad se encuentra bajo la tutela de una dependencia del Poder Judicial, sin que el Poder Ejecutivo se inmiscuya en los registros y control de los bienes, en resguardo del principio de seguridad jur\u00eddica sobre la propiedad\u201d, se\u00f1al\u00f3.<br \/>\nEl constitucionalista a\u00f1adi\u00f3 que \u201cesta acci\u00f3n del \u00d3rgano Ejecutivo, de legislar por decreto supremo 5143 lo que est\u00e1 reservado para la ley especial, viola la Constituci\u00f3n\u201d.<br \/>\nTambi\u00e9n se han opuesto al Decreto Supremo los sectores de la oposici\u00f3n interna del MAS, Evo Morales acus\u00f3 al Gobierno de querer \u201cgenerar un control a la privacidad de las familias bolivianas, a sus bienes inmuebles y a todos sus activos\u201d, exigiendo su abrogaci\u00f3n.<\/p>\n<h2>\u00bfQU\u00c9 RESPONDI\u00d3 EL GOBIERNO?<\/h2>\n<p>El viceministro de Coordinaci\u00f3n Gubernamental, Gustavo Torrico, reconoci\u00f3 que la norma no se socializ\u00f3, pero considera que las preocupaciones son infundadas.<br \/>\nNeg\u00f3 que pueda existir intromisi\u00f3n del Gobierno, dijo que la Agencia de Gobierno Electr\u00f3nico y Tecnolog\u00eda de la Informaci\u00f3n y Comunicaci\u00f3n (Agetic) ser\u00e1 la encargada de generar el sistema, pero no as\u00ed su administraci\u00f3n, que seguir\u00e1 a cargo del \u00d3rgano<br \/>\nPor su parte, el ministro de Justicia, Iv\u00e1n Lima, neg\u00f3 que el decreto sea inconstitucional y asegur\u00f3 que en 2004 ya se promulg\u00f3 un DS en el Gobierno de Carlos Mesa que tambi\u00e9n reglament\u00f3 la ley de 1887, y que en este caso solo se hicieron \u201cajustes\u201d a la norma firmada hace 20 a\u00f1os.<br \/>\n\u201cEste decreto de Mesa de 2004 y el nuestro, no tienen diferencias. Los dos decretos de Carlos Mesa y del presidente Arce tienen como fin reglamentar una ley\u201d, dijo.<br \/>\nSin embargo, s\u00ed hay diferencias, y tienen que ver con el punto m\u00e1s pol\u00e9mico y rechazado, el decreto firmado por Mesa no menciona la creaci\u00f3n de un registro \u00fanico, digitalizado, que sea interoperable y tampoco le da a una agencia del Gobierno la responsabilidad de crearlo.<\/p>\n<h2>\u00bfQU\u00c9 SIGUE?<\/h2>\n<p>El Codepp ha anunciado para hoy 10 de mayo una primera movilizaci\u00f3n ciudadana en Santa Cruz de la Sierra, exigiendo la derogaci\u00f3n del decreto y otra marcha para el 1 de junio en la ciudad de La Paz.<br \/>\nMientras que, desde el \u201cevismo\u201d, el diputado Santos Mamani y el senador Luis Adolfo Flores anunciaron, por separado, que presentar\u00e1n ante el Tribunal Constitucional acciones de inconstitucionalidad en contra del Decreto Supremo 5143. (Con datos de Unitel)<\/p>\n","protected":false},"excerpt":{"rendered":"<p>El Decreto Supremo (DS) 5143 que reglamenta una de las leyes m\u00e1s antiguas que rigen en Bolivia ha causado la preocupaci\u00f3n de varios sectores de la poblaci\u00f3n que denuncian una presunta intenci\u00f3n de atentar contra la propiedad privada. Estas son las claves para entender de qu\u00e9 va el decreto, qu\u00e9 dicen quienes se oponen a [&hellip;]<\/p>\n","protected":false},"author":1,"featured_media":219636,"comment_status":"open","ping_status":"open","sticky":false,"template":"","format":"standard","meta":{"_acf_changed":false,"footnotes":""},"categories":[14],"tags":[],"class_list":["post-219635","post","type-post","status-publish","format-standard","has-post-thumbnail","category-politica"],"acf":{"antetitulo":""},"yoast_head":"<!-- This site is optimized with the Yoast SEO plugin v28.4 - https:\/\/yoast.com\/product\/yoast-seo-wordpress\/ -->\n<title>\u00bfQu\u00e9 dispone el DS 5143 sobre Derechos Reales\u201d - El Diario - Bolivia<\/title>\n<meta name=\"robots\" content=\"index, follow, max-snippet:-1, max-image-preview:large, max-video-preview:-1\" \/>\n<link rel=\"canonical\" href=\"https:\/\/www.eldiario.net\/portal\/2024\/05\/10\/que-dispone-el-ds-5143-sobre-derechos-reales\/\" \/>\n<meta property=\"og:locale\" content=\"es_ES\" \/>\n<meta property=\"og:type\" content=\"article\" \/>\n<meta property=\"og:title\" content=\"\u00bfQu\u00e9 dispone el DS 5143 sobre Derechos Reales\u201d - El Diario - Bolivia\" \/>\n<meta property=\"og:description\" content=\"El Decreto Supremo (DS) 5143 que reglamenta una de las leyes m\u00e1s antiguas que rigen en Bolivia ha causado la preocupaci\u00f3n de varios sectores de la poblaci\u00f3n que denuncian una presunta intenci\u00f3n de atentar contra la propiedad privada. Estas son las claves para entender de qu\u00e9 va el decreto, qu\u00e9 dicen quienes se oponen a [&hellip;]\" \/>\n<meta property=\"og:url\" content=\"https:\/\/www.eldiario.net\/portal\/2024\/05\/10\/que-dispone-el-ds-5143-sobre-derechos-reales\/\" \/>\n<meta property=\"og:site_name\" content=\"El Diario - Bolivia\" \/>\n<meta property=\"article:publisher\" content=\"https:\/\/www.facebook.com\/eldiario.bolivia\/\" \/>\n<meta property=\"article:published_time\" content=\"2024-05-10T10:09:40+00:00\" \/>\n<meta property=\"article:modified_time\" content=\"2024-05-10T11:58:34+00:00\" \/>\n<meta property=\"og:image\" content=\"https:\/\/www.eldiario.net\/portal\/wp-content\/uploads\/2024\/05\/41-POL-3.jpg\" \/>\n\t<meta property=\"og:image:width\" content=\"275\" \/>\n\t<meta property=\"og:image:height\" content=\"183\" \/>\n\t<meta property=\"og:image:type\" content=\"image\/jpeg\" \/>\n<meta name=\"author\" content=\"Jeanette\" \/>\n<meta name=\"twitter:card\" content=\"summary_large_image\" \/>\n<meta name=\"twitter:creator\" content=\"@eldiario_net\" \/>\n<meta name=\"twitter:site\" content=\"@eldiario_net\" \/>\n<meta name=\"twitter:label1\" content=\"Escrito por\" \/>\n\t<meta name=\"twitter:data1\" content=\"Jeanette\" \/>\n\t<meta name=\"twitter:label2\" content=\"Tiempo de lectura\" \/>\n\t<meta name=\"twitter:data2\" content=\"5 minutos\" \/>\n<script type=\"application\/ld+json\" class=\"yoast-schema-graph\">{\"@context\":\"https:\\\/\\\/schema.org\",\"@graph\":[{\"@type\":\"Article\",\"@id\":\"https:\\\/\\\/www.eldiario.net\\\/portal\\\/2024\\\/05\\\/10\\\/que-dispone-el-ds-5143-sobre-derechos-reales\\\/#article\",\"isPartOf\":{\"@id\":\"https:\\\/\\\/www.eldiario.net\\\/portal\\\/2024\\\/05\\\/10\\\/que-dispone-el-ds-5143-sobre-derechos-reales\\\/\"},\"author\":{\"name\":\"Jeanette\",\"@id\":\"https:\\\/\\\/www.eldiario.net\\\/portal\\\/#\\\/schema\\\/person\\\/2c57cf2b7a7ae032e449e4c9b1019eac\"},\"headline\":\"\u00bfQu\u00e9 dispone el DS 5143 sobre Derechos Reales\u201d\",\"datePublished\":\"2024-05-10T10:09:40+00:00\",\"dateModified\":\"2024-05-10T11:58:34+00:00\",\"mainEntityOfPage\":{\"@id\":\"https:\\\/\\\/www.eldiario.net\\\/portal\\\/2024\\\/05\\\/10\\\/que-dispone-el-ds-5143-sobre-derechos-reales\\\/\"},\"wordCount\":975,\"commentCount\":0,\"publisher\":{\"@id\":\"https:\\\/\\\/www.eldiario.net\\\/portal\\\/#organization\"},\"image\":{\"@id\":\"https:\\\/\\\/www.eldiario.net\\\/portal\\\/2024\\\/05\\\/10\\\/que-dispone-el-ds-5143-sobre-derechos-reales\\\/#primaryimage\"},\"thumbnailUrl\":\"https:\\\/\\\/www.eldiario.net\\\/portal\\\/wp-content\\\/uploads\\\/2024\\\/05\\\/41-POL-3.jpg\",\"articleSection\":[\"Pol\u00edtica\"],\"inLanguage\":\"es\",\"potentialAction\":[{\"@type\":\"CommentAction\",\"name\":\"Comment\",\"target\":[\"https:\\\/\\\/www.eldiario.net\\\/portal\\\/2024\\\/05\\\/10\\\/que-dispone-el-ds-5143-sobre-derechos-reales\\\/#respond\"]}]},{\"@type\":\"WebPage\",\"@id\":\"https:\\\/\\\/www.eldiario.net\\\/portal\\\/2024\\\/05\\\/10\\\/que-dispone-el-ds-5143-sobre-derechos-reales\\\/\",\"url\":\"https:\\\/\\\/www.eldiario.net\\\/portal\\\/2024\\\/05\\\/10\\\/que-dispone-el-ds-5143-sobre-derechos-reales\\\/\",\"name\":\"\u00bfQu\u00e9 dispone el DS 5143 sobre Derechos Reales\u201d - El Diario - Bolivia\",\"isPartOf\":{\"@id\":\"https:\\\/\\\/www.eldiario.net\\\/portal\\\/#website\"},\"primaryImageOfPage\":{\"@id\":\"https:\\\/\\\/www.eldiario.net\\\/portal\\\/2024\\\/05\\\/10\\\/que-dispone-el-ds-5143-sobre-derechos-reales\\\/#primaryimage\"},\"image\":{\"@id\":\"https:\\\/\\\/www.eldiario.net\\\/portal\\\/2024\\\/05\\\/10\\\/que-dispone-el-ds-5143-sobre-derechos-reales\\\/#primaryimage\"},\"thumbnailUrl\":\"https:\\\/\\\/www.eldiario.net\\\/portal\\\/wp-content\\\/uploads\\\/2024\\\/05\\\/41-POL-3.jpg\",\"datePublished\":\"2024-05-10T10:09:40+00:00\",\"dateModified\":\"2024-05-10T11:58:34+00:00\",\"breadcrumb\":{\"@id\":\"https:\\\/\\\/www.eldiario.net\\\/portal\\\/2024\\\/05\\\/10\\\/que-dispone-el-ds-5143-sobre-derechos-reales\\\/#breadcrumb\"},\"inLanguage\":\"es\",\"potentialAction\":[{\"@type\":\"ReadAction\",\"target\":[\"https:\\\/\\\/www.eldiario.net\\\/portal\\\/2024\\\/05\\\/10\\\/que-dispone-el-ds-5143-sobre-derechos-reales\\\/\"]}]},{\"@type\":\"ImageObject\",\"inLanguage\":\"es\",\"@id\":\"https:\\\/\\\/www.eldiario.net\\\/portal\\\/2024\\\/05\\\/10\\\/que-dispone-el-ds-5143-sobre-derechos-reales\\\/#primaryimage\",\"url\":\"https:\\\/\\\/www.eldiario.net\\\/portal\\\/wp-content\\\/uploads\\\/2024\\\/05\\\/41-POL-3.jpg\",\"contentUrl\":\"https:\\\/\\\/www.eldiario.net\\\/portal\\\/wp-content\\\/uploads\\\/2024\\\/05\\\/41-POL-3.jpg\",\"width\":275,\"height\":183,\"caption\":\"OFICINA DE DERECHOS REALES EN COCHABAMBA.\"},{\"@type\":\"BreadcrumbList\",\"@id\":\"https:\\\/\\\/www.eldiario.net\\\/portal\\\/2024\\\/05\\\/10\\\/que-dispone-el-ds-5143-sobre-derechos-reales\\\/#breadcrumb\",\"itemListElement\":[{\"@type\":\"ListItem\",\"position\":1,\"name\":\"Portada\",\"item\":\"https:\\\/\\\/www.eldiario.net\\\/portal\\\/\"},{\"@type\":\"ListItem\",\"position\":2,\"name\":\"\u00bfQu\u00e9 dispone el DS 5143 sobre Derechos Reales\u201d\"}]},{\"@type\":\"WebSite\",\"@id\":\"https:\\\/\\\/www.eldiario.net\\\/portal\\\/#website\",\"url\":\"https:\\\/\\\/www.eldiario.net\\\/portal\\\/\",\"name\":\"El Diario - Decano de la prensa nacional\",\"description\":\"El Diario - Decano de la prensa nacional\",\"publisher\":{\"@id\":\"https:\\\/\\\/www.eldiario.net\\\/portal\\\/#organization\"},\"potentialAction\":[{\"@type\":\"SearchAction\",\"target\":{\"@type\":\"EntryPoint\",\"urlTemplate\":\"https:\\\/\\\/www.eldiario.net\\\/portal\\\/?s={search_term_string}\"},\"query-input\":{\"@type\":\"PropertyValueSpecification\",\"valueRequired\":true,\"valueName\":\"search_term_string\"}}],\"inLanguage\":\"es\"},{\"@type\":\"Organization\",\"@id\":\"https:\\\/\\\/www.eldiario.net\\\/portal\\\/#organization\",\"name\":\"El Diario - Decano de la prensa nacional\",\"url\":\"https:\\\/\\\/www.eldiario.net\\\/portal\\\/\",\"logo\":{\"@type\":\"ImageObject\",\"inLanguage\":\"es\",\"@id\":\"https:\\\/\\\/www.eldiario.net\\\/portal\\\/#\\\/schema\\\/logo\\\/image\\\/\",\"url\":\"https:\\\/\\\/www.eldiario.net\\\/portal\\\/wp-content\\\/uploads\\\/2023\\\/07\\\/logo_ED.jpg\",\"contentUrl\":\"https:\\\/\\\/www.eldiario.net\\\/portal\\\/wp-content\\\/uploads\\\/2023\\\/07\\\/logo_ED.jpg\",\"width\":272,\"height\":52,\"caption\":\"El Diario - Decano de la prensa nacional\"},\"image\":{\"@id\":\"https:\\\/\\\/www.eldiario.net\\\/portal\\\/#\\\/schema\\\/logo\\\/image\\\/\"},\"sameAs\":[\"https:\\\/\\\/www.facebook.com\\\/eldiario.bolivia\\\/\",\"https:\\\/\\\/x.com\\\/eldiario_net\"]},{\"@type\":\"Person\",\"@id\":\"https:\\\/\\\/www.eldiario.net\\\/portal\\\/#\\\/schema\\\/person\\\/2c57cf2b7a7ae032e449e4c9b1019eac\",\"name\":\"Jeanette\",\"image\":{\"@type\":\"ImageObject\",\"inLanguage\":\"es\",\"@id\":\"https:\\\/\\\/secure.gravatar.com\\\/avatar\\\/3ea2118a5f7dad2b7138b1187a6b7ee55f160b9968b66013c3a3ef39dd7e5798?s=96&d=mm&r=g\",\"url\":\"https:\\\/\\\/secure.gravatar.com\\\/avatar\\\/3ea2118a5f7dad2b7138b1187a6b7ee55f160b9968b66013c3a3ef39dd7e5798?s=96&d=mm&r=g\",\"contentUrl\":\"https:\\\/\\\/secure.gravatar.com\\\/avatar\\\/3ea2118a5f7dad2b7138b1187a6b7ee55f160b9968b66013c3a3ef39dd7e5798?s=96&d=mm&r=g\",\"caption\":\"Jeanette\"},\"sameAs\":[\"https:\\\/\\\/www.eldiario.net\\\/portal\"],\"url\":\"https:\\\/\\\/www.eldiario.net\\\/portal\\\/author\\\/jeanette\\\/\"}]}<\/script>\n<!-- \/ Yoast SEO plugin. -->","yoast_head_json":{"title":"\u00bfQu\u00e9 dispone el DS 5143 sobre Derechos Reales\u201d - El Diario - Bolivia","robots":{"index":"index","follow":"follow","max-snippet":"max-snippet:-1","max-image-preview":"max-image-preview:large","max-video-preview":"max-video-preview:-1"},"canonical":"https:\/\/www.eldiario.net\/portal\/2024\/05\/10\/que-dispone-el-ds-5143-sobre-derechos-reales\/","og_locale":"es_ES","og_type":"article","og_title":"\u00bfQu\u00e9 dispone el DS 5143 sobre Derechos Reales\u201d - El Diario - Bolivia","og_description":"El Decreto Supremo (DS) 5143 que reglamenta una de las leyes m\u00e1s antiguas que rigen en Bolivia ha causado la preocupaci\u00f3n de varios sectores de la poblaci\u00f3n que denuncian una presunta intenci\u00f3n de atentar contra la propiedad privada. Estas son las claves para entender de qu\u00e9 va el decreto, qu\u00e9 dicen quienes se oponen a [&hellip;]","og_url":"https:\/\/www.eldiario.net\/portal\/2024\/05\/10\/que-dispone-el-ds-5143-sobre-derechos-reales\/","og_site_name":"El Diario - Bolivia","article_publisher":"https:\/\/www.facebook.com\/eldiario.bolivia\/","article_published_time":"2024-05-10T10:09:40+00:00","article_modified_time":"2024-05-10T11:58:34+00:00","og_image":[{"width":275,"height":183,"url":"https:\/\/www.eldiario.net\/portal\/wp-content\/uploads\/2024\/05\/41-POL-3.jpg","type":"image\/jpeg"}],"author":"Jeanette","twitter_card":"summary_large_image","twitter_creator":"@eldiario_net","twitter_site":"@eldiario_net","twitter_misc":{"Escrito por":"Jeanette","Tiempo de lectura":"5 minutos"},"schema":{"@context":"https:\/\/schema.org","@graph":[{"@type":"Article","@id":"https:\/\/www.eldiario.net\/portal\/2024\/05\/10\/que-dispone-el-ds-5143-sobre-derechos-reales\/#article","isPartOf":{"@id":"https:\/\/www.eldiario.net\/portal\/2024\/05\/10\/que-dispone-el-ds-5143-sobre-derechos-reales\/"},"author":{"name":"Jeanette","@id":"https:\/\/www.eldiario.net\/portal\/#\/schema\/person\/2c57cf2b7a7ae032e449e4c9b1019eac"},"headline":"\u00bfQu\u00e9 dispone el DS 5143 sobre Derechos Reales\u201d","datePublished":"2024-05-10T10:09:40+00:00","dateModified":"2024-05-10T11:58:34+00:00","mainEntityOfPage":{"@id":"https:\/\/www.eldiario.net\/portal\/2024\/05\/10\/que-dispone-el-ds-5143-sobre-derechos-reales\/"},"wordCount":975,"commentCount":0,"publisher":{"@id":"https:\/\/www.eldiario.net\/portal\/#organization"},"image":{"@id":"https:\/\/www.eldiario.net\/portal\/2024\/05\/10\/que-dispone-el-ds-5143-sobre-derechos-reales\/#primaryimage"},"thumbnailUrl":"https:\/\/www.eldiario.net\/portal\/wp-content\/uploads\/2024\/05\/41-POL-3.jpg","articleSection":["Pol\u00edtica"],"inLanguage":"es","potentialAction":[{"@type":"CommentAction","name":"Comment","target":["https:\/\/www.eldiario.net\/portal\/2024\/05\/10\/que-dispone-el-ds-5143-sobre-derechos-reales\/#respond"]}]},{"@type":"WebPage","@id":"https:\/\/www.eldiario.net\/portal\/2024\/05\/10\/que-dispone-el-ds-5143-sobre-derechos-reales\/","url":"https:\/\/www.eldiario.net\/portal\/2024\/05\/10\/que-dispone-el-ds-5143-sobre-derechos-reales\/","name":"\u00bfQu\u00e9 dispone el DS 5143 sobre Derechos Reales\u201d - El Diario - Bolivia","isPartOf":{"@id":"https:\/\/www.eldiario.net\/portal\/#website"},"primaryImageOfPage":{"@id":"https:\/\/www.eldiario.net\/portal\/2024\/05\/10\/que-dispone-el-ds-5143-sobre-derechos-reales\/#primaryimage"},"image":{"@id":"https:\/\/www.eldiario.net\/portal\/2024\/05\/10\/que-dispone-el-ds-5143-sobre-derechos-reales\/#primaryimage"},"thumbnailUrl":"https:\/\/www.eldiario.net\/portal\/wp-content\/uploads\/2024\/05\/41-POL-3.jpg","datePublished":"2024-05-10T10:09:40+00:00","dateModified":"2024-05-10T11:58:34+00:00","breadcrumb":{"@id":"https:\/\/www.eldiario.net\/portal\/2024\/05\/10\/que-dispone-el-ds-5143-sobre-derechos-reales\/#breadcrumb"},"inLanguage":"es","potentialAction":[{"@type":"ReadAction","target":["https:\/\/www.eldiario.net\/portal\/2024\/05\/10\/que-dispone-el-ds-5143-sobre-derechos-reales\/"]}]},{"@type":"ImageObject","inLanguage":"es","@id":"https:\/\/www.eldiario.net\/portal\/2024\/05\/10\/que-dispone-el-ds-5143-sobre-derechos-reales\/#primaryimage","url":"https:\/\/www.eldiario.net\/portal\/wp-content\/uploads\/2024\/05\/41-POL-3.jpg","contentUrl":"https:\/\/www.eldiario.net\/portal\/wp-content\/uploads\/2024\/05\/41-POL-3.jpg","width":275,"height":183,"caption":"OFICINA DE DERECHOS REALES EN COCHABAMBA."},{"@type":"BreadcrumbList","@id":"https:\/\/www.eldiario.net\/portal\/2024\/05\/10\/que-dispone-el-ds-5143-sobre-derechos-reales\/#breadcrumb","itemListElement":[{"@type":"ListItem","position":1,"name":"Portada","item":"https:\/\/www.eldiario.net\/portal\/"},{"@type":"ListItem","position":2,"name":"\u00bfQu\u00e9 dispone el DS 5143 sobre Derechos Reales\u201d"}]},{"@type":"WebSite","@id":"https:\/\/www.eldiario.net\/portal\/#website","url":"https:\/\/www.eldiario.net\/portal\/","name":"El Diario - Decano de la prensa nacional","description":"El Diario - Decano de la prensa nacional","publisher":{"@id":"https:\/\/www.eldiario.net\/portal\/#organization"},"potentialAction":[{"@type":"SearchAction","target":{"@type":"EntryPoint","urlTemplate":"https:\/\/www.eldiario.net\/portal\/?s={search_term_string}"},"query-input":{"@type":"PropertyValueSpecification","valueRequired":true,"valueName":"search_term_string"}}],"inLanguage":"es"},{"@type":"Organization","@id":"https:\/\/www.eldiario.net\/portal\/#organization","name":"El Diario - Decano de la prensa nacional","url":"https:\/\/www.eldiario.net\/portal\/","logo":{"@type":"ImageObject","inLanguage":"es","@id":"https:\/\/www.eldiario.net\/portal\/#\/schema\/logo\/image\/","url":"https:\/\/www.eldiario.net\/portal\/wp-content\/uploads\/2023\/07\/logo_ED.jpg","contentUrl":"https:\/\/www.eldiario.net\/portal\/wp-content\/uploads\/2023\/07\/logo_ED.jpg","width":272,"height":52,"caption":"El Diario - Decano de la prensa nacional"},"image":{"@id":"https:\/\/www.eldiario.net\/portal\/#\/schema\/logo\/image\/"},"sameAs":["https:\/\/www.facebook.com\/eldiario.bolivia\/","https:\/\/x.com\/eldiario_net"]},{"@type":"Person","@id":"https:\/\/www.eldiario.net\/portal\/#\/schema\/person\/2c57cf2b7a7ae032e449e4c9b1019eac","name":"Jeanette","image":{"@type":"ImageObject","inLanguage":"es","@id":"https:\/\/secure.gravatar.com\/avatar\/3ea2118a5f7dad2b7138b1187a6b7ee55f160b9968b66013c3a3ef39dd7e5798?s=96&d=mm&r=g","url":"https:\/\/secure.gravatar.com\/avatar\/3ea2118a5f7dad2b7138b1187a6b7ee55f160b9968b66013c3a3ef39dd7e5798?s=96&d=mm&r=g","contentUrl":"https:\/\/secure.gravatar.com\/avatar\/3ea2118a5f7dad2b7138b1187a6b7ee55f160b9968b66013c3a3ef39dd7e5798?s=96&d=mm&r=g","caption":"Jeanette"},"sameAs":["https:\/\/www.eldiario.net\/portal"],"url":"https:\/\/www.eldiario.net\/portal\/author\/jeanette\/"}]}},"_links":{"self":[{"href":"https:\/\/www.eldiario.net\/portal\/wp-json\/wp\/v2\/posts\/219635","targetHints":{"allow":["GET"]}}],"collection":[{"href":"https:\/\/www.eldiario.net\/portal\/wp-json\/wp\/v2\/posts"}],"about":[{"href":"https:\/\/www.eldiario.net\/portal\/wp-json\/wp\/v2\/types\/post"}],"author":[{"embeddable":true,"href":"https:\/\/www.eldiario.net\/portal\/wp-json\/wp\/v2\/users\/1"}],"replies":[{"embeddable":true,"href":"https:\/\/www.eldiario.net\/portal\/wp-json\/wp\/v2\/comments?post=219635"}],"version-history":[{"count":3,"href":"https:\/\/www.eldiario.net\/portal\/wp-json\/wp\/v2\/posts\/219635\/revisions"}],"predecessor-version":[{"id":219733,"href":"https:\/\/www.eldiario.net\/portal\/wp-json\/wp\/v2\/posts\/219635\/revisions\/219733"}],"wp:featuredmedia":[{"embeddable":true,"href":"https:\/\/www.eldiario.net\/portal\/wp-json\/wp\/v2\/media\/219636"}],"wp:attachment":[{"href":"https:\/\/www.eldiario.net\/portal\/wp-json\/wp\/v2\/media?parent=219635"}],"wp:term":[{"taxonomy":"category","embeddable":true,"href":"https:\/\/www.eldiario.net\/portal\/wp-json\/wp\/v2\/categories?post=219635"},{"taxonomy":"post_tag","embeddable":true,"href":"https:\/\/www.eldiario.net\/portal\/wp-json\/wp\/v2\/tags?post=219635"}],"curies":[{"name":"wp","href":"https:\/\/api.w.org\/{rel}","templated":true}]}}