{"id":219627,"date":"2024-05-10T06:07:05","date_gmt":"2024-05-10T10:07:05","guid":{"rendered":"https:\/\/www.eldiario.net\/portal\/?p=219627"},"modified":"2024-05-10T06:07:05","modified_gmt":"2024-05-10T10:07:05","slug":"lluvias-volvieron-a-castigar-a-porto-alegre-y-suspenden-los-rescates","status":"publish","type":"post","link":"https:\/\/www.eldiario.net\/portal\/2024\/05\/10\/lluvias-volvieron-a-castigar-a-porto-alegre-y-suspenden-los-rescates\/","title":{"rendered":"Lluvias volvieron a castigar a Porto  Alegre y suspenden los rescates"},"content":{"rendered":"<p>Las lluvias volvieron a castigar a la ciudad de Porto Alegre, en el sur de Brasil, que est\u00e1 parcialmente inundada por los temporales de la \u00faltima semana y obligaron a suspender las labores de rescate de personas aisladas.<br \/>\nLa Alcald\u00eda de la capital del estado de Rio Grande do Sul indic\u00f3 que la llegada de un nuevo frente de tormentas, con vientos que se calcula que pueden llegar a 90 kil\u00f3metros por hora, llev\u00f3 a decidir que se interrumpa la tarea de los equipos que buscan rescatar a miles de personas que a\u00fan est\u00e1n en zonas de riesgo.<br \/>\nLos temporales, que comenzaron hace m\u00e1s de una semana, ya causaron m\u00e1s de107 muertes en Rio Grande do Sul y otro fallecimiento en el vecino estado de Santa Catarina, tambi\u00e9n afectado por el fen\u00f3meno, aunque con una intensidad menor.<br \/>\nEl balance agrega que tambi\u00e9n hay 128 desaparecidos y 372 heridos en Rio Grande do Sul, donde el 80% de los municipios est\u00e1 total o parcialmente bajo el agua y unas 230.500 personas tuvieron que abandonar sus hogares.<br \/>\nEl total de damnificados por el desastre clim\u00e1tico se sit\u00faa en torno a 1,5 millones de personas, muchas de las cuales est\u00e1n a la espera de ser rescatadas de las zonas m\u00e1s afectadas.<br \/>\nTambi\u00e9n fueron destruidas miles de viviendas e infraestructuras, como puentes o carreteras, y el aeropuerto de Porto Alegre se ha convertido en una inmensa laguna, lo que ha obligado a interrumpir totalmente sus operaciones hasta fines de este mes.<br \/>\nAsimismo, fueron perjudicadas la producci\u00f3n agropecuaria y toda la actividad econ\u00f3mica de uno de los estados m\u00e1s pr\u00f3speros de Brasil.<br \/>\nLas autoridades a\u00fan desconocen el costo de la reconstrucci\u00f3n, pues la verdadera magnitud de los da\u00f1os solo podr\u00e1 ser calculada una vez que las aguas bajen.<br \/>\nGuterres lament\u00f3<br \/>\nlas inundaciones<br \/>\nEl secretario general de las Naciones Unidas, Ant\u00f3nio Guterres, lament\u00f3 las graves inundaciones en Brasil y las atribuy\u00f3 a los \u201cefectos devastadores\u201d de la crisis clim\u00e1tica.<br \/>\nEn breve comunicado se indica que Guterres se encuentra \u201cprofundamente entristecido\u201d por la p\u00e9rdida de vidas por los estragos ocasionados debido a estas fuertes lluvias e inundaciones.<br \/>\nInundaciones<br \/>\ndamnificaron<br \/>\n61.400 viviendas<br \/>\nLas inundaciones damnificaron al menos 61.400 viviendas, de las que 6.200 quedaron totalmente destruidas, seg\u00fan datos parciales divulgados por la Confederaci\u00f3n Nacional de los Municipios.<br \/>\nLa entidad calcula en 6.400 millones de reales (unos 1.280 millones de d\u00f3lares o 1.191 millones de euros) los da\u00f1os provocados hasta ahora por la mayor tragedia ambiental registrada en Rio Grande do Sul, Estado del sur de Brasil fronterizo con Argentina y Uruguay.<br \/>\nCerca de la mitad de esas p\u00e9rdidas, unos 3.400 millones de reales, se refieren precisamente a los da\u00f1os sufridos por las viviendas.<br \/>\nLa Confederaci\u00f3n aclar\u00f3 que su balance incluye los datos comunicados hasta ahora por las alcald\u00edas pero que se trata de cifras parciales, que son actualizadas todos los d\u00edas y que ser\u00e1 necesario un mayor tiempo para contabilizar todas las p\u00e9rdidas.<br \/>\nAsimismo, aclar\u00f3 que no todas las alcald\u00edas comunicaron sus datos y que algunas enfrentan dificultades para hacerlo debido a los propios da\u00f1os sufridos por la infraestructura y los sistemas de comunicaciones. (Infobae\/Efe)<\/p>\n","protected":false},"excerpt":{"rendered":"<p>Las lluvias volvieron a castigar a la ciudad de Porto Alegre, en el sur de Brasil, que est\u00e1 parcialmente inundada por los temporales de la \u00faltima semana y obligaron a suspender las labores de rescate de personas aisladas. La Alcald\u00eda de la capital del estado de Rio Grande do Sul indic\u00f3 que la llegada de [&hellip;]<\/p>\n","protected":false},"author":1,"featured_media":219629,"comment_status":"open","ping_status":"open","sticky":false,"template":"","format":"standard","meta":{"_acf_changed":false,"footnotes":""},"categories":[3],"tags":[],"class_list":["post-219627","post","type-post","status-publish","format-standard","has-post-thumbnail","category-internacional"],"acf":{"antetitulo":"Temporales comenzaron hace una semana"},"yoast_head":"<!-- This site is optimized with the Yoast SEO plugin v28.4 - https:\/\/yoast.com\/product\/yoast-seo-wordpress\/ -->\n<title>Lluvias volvieron a castigar a Porto Alegre y suspenden los rescates - El Diario - Bolivia<\/title>\n<meta name=\"robots\" content=\"index, follow, max-snippet:-1, max-image-preview:large, max-video-preview:-1\" \/>\n<link rel=\"canonical\" href=\"https:\/\/www.eldiario.net\/portal\/2024\/05\/10\/lluvias-volvieron-a-castigar-a-porto-alegre-y-suspenden-los-rescates\/\" \/>\n<meta property=\"og:locale\" content=\"es_ES\" \/>\n<meta property=\"og:type\" content=\"article\" \/>\n<meta property=\"og:title\" content=\"Lluvias volvieron a castigar a Porto Alegre y suspenden los rescates - El Diario - Bolivia\" \/>\n<meta property=\"og:description\" content=\"Las lluvias volvieron a castigar a la ciudad de Porto Alegre, en el sur de Brasil, que est\u00e1 parcialmente inundada por los temporales de la \u00faltima semana y obligaron a suspender las labores de rescate de personas aisladas. La Alcald\u00eda de la capital del estado de Rio Grande do Sul indic\u00f3 que la llegada de [&hellip;]\" \/>\n<meta property=\"og:url\" content=\"https:\/\/www.eldiario.net\/portal\/2024\/05\/10\/lluvias-volvieron-a-castigar-a-porto-alegre-y-suspenden-los-rescates\/\" \/>\n<meta property=\"og:site_name\" content=\"El Diario - Bolivia\" \/>\n<meta property=\"article:publisher\" content=\"https:\/\/www.facebook.com\/eldiario.bolivia\/\" \/>\n<meta property=\"article:published_time\" content=\"2024-05-10T10:07:05+00:00\" \/>\n<meta property=\"og:image\" content=\"https:\/\/www.eldiario.net\/portal\/wp-content\/uploads\/2024\/05\/EVACUADOS.jpg\" \/>\n\t<meta property=\"og:image:width\" content=\"992\" \/>\n\t<meta property=\"og:image:height\" content=\"558\" \/>\n\t<meta property=\"og:image:type\" content=\"image\/jpeg\" \/>\n<meta name=\"author\" content=\"Jeanette\" \/>\n<meta name=\"twitter:card\" content=\"summary_large_image\" \/>\n<meta name=\"twitter:creator\" content=\"@eldiario_net\" \/>\n<meta name=\"twitter:site\" content=\"@eldiario_net\" \/>\n<meta name=\"twitter:label1\" content=\"Escrito por\" \/>\n\t<meta name=\"twitter:data1\" content=\"Jeanette\" \/>\n\t<meta name=\"twitter:label2\" content=\"Tiempo de lectura\" \/>\n\t<meta name=\"twitter:data2\" content=\"3 minutos\" \/>\n<script type=\"application\/ld+json\" class=\"yoast-schema-graph\">{\"@context\":\"https:\\\/\\\/schema.org\",\"@graph\":[{\"@type\":\"Article\",\"@id\":\"https:\\\/\\\/www.eldiario.net\\\/portal\\\/2024\\\/05\\\/10\\\/lluvias-volvieron-a-castigar-a-porto-alegre-y-suspenden-los-rescates\\\/#article\",\"isPartOf\":{\"@id\":\"https:\\\/\\\/www.eldiario.net\\\/portal\\\/2024\\\/05\\\/10\\\/lluvias-volvieron-a-castigar-a-porto-alegre-y-suspenden-los-rescates\\\/\"},\"author\":{\"name\":\"Jeanette\",\"@id\":\"https:\\\/\\\/www.eldiario.net\\\/portal\\\/#\\\/schema\\\/person\\\/2c57cf2b7a7ae032e449e4c9b1019eac\"},\"headline\":\"Lluvias volvieron a castigar a Porto Alegre y suspenden los rescates\",\"datePublished\":\"2024-05-10T10:07:05+00:00\",\"mainEntityOfPage\":{\"@id\":\"https:\\\/\\\/www.eldiario.net\\\/portal\\\/2024\\\/05\\\/10\\\/lluvias-volvieron-a-castigar-a-porto-alegre-y-suspenden-los-rescates\\\/\"},\"wordCount\":552,\"commentCount\":0,\"publisher\":{\"@id\":\"https:\\\/\\\/www.eldiario.net\\\/portal\\\/#organization\"},\"image\":{\"@id\":\"https:\\\/\\\/www.eldiario.net\\\/portal\\\/2024\\\/05\\\/10\\\/lluvias-volvieron-a-castigar-a-porto-alegre-y-suspenden-los-rescates\\\/#primaryimage\"},\"thumbnailUrl\":\"https:\\\/\\\/www.eldiario.net\\\/portal\\\/wp-content\\\/uploads\\\/2024\\\/05\\\/EVACUADOS.jpg\",\"articleSection\":[\"Internacional\"],\"inLanguage\":\"es\",\"potentialAction\":[{\"@type\":\"CommentAction\",\"name\":\"Comment\",\"target\":[\"https:\\\/\\\/www.eldiario.net\\\/portal\\\/2024\\\/05\\\/10\\\/lluvias-volvieron-a-castigar-a-porto-alegre-y-suspenden-los-rescates\\\/#respond\"]}]},{\"@type\":\"WebPage\",\"@id\":\"https:\\\/\\\/www.eldiario.net\\\/portal\\\/2024\\\/05\\\/10\\\/lluvias-volvieron-a-castigar-a-porto-alegre-y-suspenden-los-rescates\\\/\",\"url\":\"https:\\\/\\\/www.eldiario.net\\\/portal\\\/2024\\\/05\\\/10\\\/lluvias-volvieron-a-castigar-a-porto-alegre-y-suspenden-los-rescates\\\/\",\"name\":\"Lluvias volvieron a castigar a Porto Alegre y suspenden los rescates - El Diario - Bolivia\",\"isPartOf\":{\"@id\":\"https:\\\/\\\/www.eldiario.net\\\/portal\\\/#website\"},\"primaryImageOfPage\":{\"@id\":\"https:\\\/\\\/www.eldiario.net\\\/portal\\\/2024\\\/05\\\/10\\\/lluvias-volvieron-a-castigar-a-porto-alegre-y-suspenden-los-rescates\\\/#primaryimage\"},\"image\":{\"@id\":\"https:\\\/\\\/www.eldiario.net\\\/portal\\\/2024\\\/05\\\/10\\\/lluvias-volvieron-a-castigar-a-porto-alegre-y-suspenden-los-rescates\\\/#primaryimage\"},\"thumbnailUrl\":\"https:\\\/\\\/www.eldiario.net\\\/portal\\\/wp-content\\\/uploads\\\/2024\\\/05\\\/EVACUADOS.jpg\",\"datePublished\":\"2024-05-10T10:07:05+00:00\",\"breadcrumb\":{\"@id\":\"https:\\\/\\\/www.eldiario.net\\\/portal\\\/2024\\\/05\\\/10\\\/lluvias-volvieron-a-castigar-a-porto-alegre-y-suspenden-los-rescates\\\/#breadcrumb\"},\"inLanguage\":\"es\",\"potentialAction\":[{\"@type\":\"ReadAction\",\"target\":[\"https:\\\/\\\/www.eldiario.net\\\/portal\\\/2024\\\/05\\\/10\\\/lluvias-volvieron-a-castigar-a-porto-alegre-y-suspenden-los-rescates\\\/\"]}]},{\"@type\":\"ImageObject\",\"inLanguage\":\"es\",\"@id\":\"https:\\\/\\\/www.eldiario.net\\\/portal\\\/2024\\\/05\\\/10\\\/lluvias-volvieron-a-castigar-a-porto-alegre-y-suspenden-los-rescates\\\/#primaryimage\",\"url\":\"https:\\\/\\\/www.eldiario.net\\\/portal\\\/wp-content\\\/uploads\\\/2024\\\/05\\\/EVACUADOS.jpg\",\"contentUrl\":\"https:\\\/\\\/www.eldiario.net\\\/portal\\\/wp-content\\\/uploads\\\/2024\\\/05\\\/EVACUADOS.jpg\",\"width\":992,\"height\":558,\"caption\":\"PERSONAS EN UN CENTRO DE EVACUADOS EN GUAIBA. REUTERS\"},{\"@type\":\"BreadcrumbList\",\"@id\":\"https:\\\/\\\/www.eldiario.net\\\/portal\\\/2024\\\/05\\\/10\\\/lluvias-volvieron-a-castigar-a-porto-alegre-y-suspenden-los-rescates\\\/#breadcrumb\",\"itemListElement\":[{\"@type\":\"ListItem\",\"position\":1,\"name\":\"Portada\",\"item\":\"https:\\\/\\\/www.eldiario.net\\\/portal\\\/\"},{\"@type\":\"ListItem\",\"position\":2,\"name\":\"Lluvias volvieron a castigar a Porto Alegre y suspenden los rescates\"}]},{\"@type\":\"WebSite\",\"@id\":\"https:\\\/\\\/www.eldiario.net\\\/portal\\\/#website\",\"url\":\"https:\\\/\\\/www.eldiario.net\\\/portal\\\/\",\"name\":\"El Diario - Decano de la prensa nacional\",\"description\":\"El Diario - Decano de la prensa nacional\",\"publisher\":{\"@id\":\"https:\\\/\\\/www.eldiario.net\\\/portal\\\/#organization\"},\"potentialAction\":[{\"@type\":\"SearchAction\",\"target\":{\"@type\":\"EntryPoint\",\"urlTemplate\":\"https:\\\/\\\/www.eldiario.net\\\/portal\\\/?s={search_term_string}\"},\"query-input\":{\"@type\":\"PropertyValueSpecification\",\"valueRequired\":true,\"valueName\":\"search_term_string\"}}],\"inLanguage\":\"es\"},{\"@type\":\"Organization\",\"@id\":\"https:\\\/\\\/www.eldiario.net\\\/portal\\\/#organization\",\"name\":\"El Diario - Decano de la prensa nacional\",\"url\":\"https:\\\/\\\/www.eldiario.net\\\/portal\\\/\",\"logo\":{\"@type\":\"ImageObject\",\"inLanguage\":\"es\",\"@id\":\"https:\\\/\\\/www.eldiario.net\\\/portal\\\/#\\\/schema\\\/logo\\\/image\\\/\",\"url\":\"https:\\\/\\\/www.eldiario.net\\\/portal\\\/wp-content\\\/uploads\\\/2023\\\/07\\\/logo_ED.jpg\",\"contentUrl\":\"https:\\\/\\\/www.eldiario.net\\\/portal\\\/wp-content\\\/uploads\\\/2023\\\/07\\\/logo_ED.jpg\",\"width\":272,\"height\":52,\"caption\":\"El Diario - Decano de la prensa nacional\"},\"image\":{\"@id\":\"https:\\\/\\\/www.eldiario.net\\\/portal\\\/#\\\/schema\\\/logo\\\/image\\\/\"},\"sameAs\":[\"https:\\\/\\\/www.facebook.com\\\/eldiario.bolivia\\\/\",\"https:\\\/\\\/x.com\\\/eldiario_net\"]},{\"@type\":\"Person\",\"@id\":\"https:\\\/\\\/www.eldiario.net\\\/portal\\\/#\\\/schema\\\/person\\\/2c57cf2b7a7ae032e449e4c9b1019eac\",\"name\":\"Jeanette\",\"image\":{\"@type\":\"ImageObject\",\"inLanguage\":\"es\",\"@id\":\"https:\\\/\\\/secure.gravatar.com\\\/avatar\\\/3ea2118a5f7dad2b7138b1187a6b7ee55f160b9968b66013c3a3ef39dd7e5798?s=96&d=mm&r=g\",\"url\":\"https:\\\/\\\/secure.gravatar.com\\\/avatar\\\/3ea2118a5f7dad2b7138b1187a6b7ee55f160b9968b66013c3a3ef39dd7e5798?s=96&d=mm&r=g\",\"contentUrl\":\"https:\\\/\\\/secure.gravatar.com\\\/avatar\\\/3ea2118a5f7dad2b7138b1187a6b7ee55f160b9968b66013c3a3ef39dd7e5798?s=96&d=mm&r=g\",\"caption\":\"Jeanette\"},\"sameAs\":[\"https:\\\/\\\/www.eldiario.net\\\/portal\"],\"url\":\"https:\\\/\\\/www.eldiario.net\\\/portal\\\/author\\\/jeanette\\\/\"}]}<\/script>\n<!-- \/ Yoast SEO plugin. -->","yoast_head_json":{"title":"Lluvias volvieron a castigar a Porto Alegre y suspenden los rescates - El Diario - Bolivia","robots":{"index":"index","follow":"follow","max-snippet":"max-snippet:-1","max-image-preview":"max-image-preview:large","max-video-preview":"max-video-preview:-1"},"canonical":"https:\/\/www.eldiario.net\/portal\/2024\/05\/10\/lluvias-volvieron-a-castigar-a-porto-alegre-y-suspenden-los-rescates\/","og_locale":"es_ES","og_type":"article","og_title":"Lluvias volvieron a castigar a Porto Alegre y suspenden los rescates - El Diario - Bolivia","og_description":"Las lluvias volvieron a castigar a la ciudad de Porto Alegre, en el sur de Brasil, que est\u00e1 parcialmente inundada por los temporales de la \u00faltima semana y obligaron a suspender las labores de rescate de personas aisladas. La Alcald\u00eda de la capital del estado de Rio Grande do Sul indic\u00f3 que la llegada de [&hellip;]","og_url":"https:\/\/www.eldiario.net\/portal\/2024\/05\/10\/lluvias-volvieron-a-castigar-a-porto-alegre-y-suspenden-los-rescates\/","og_site_name":"El Diario - Bolivia","article_publisher":"https:\/\/www.facebook.com\/eldiario.bolivia\/","article_published_time":"2024-05-10T10:07:05+00:00","og_image":[{"width":992,"height":558,"url":"https:\/\/www.eldiario.net\/portal\/wp-content\/uploads\/2024\/05\/EVACUADOS.jpg","type":"image\/jpeg"}],"author":"Jeanette","twitter_card":"summary_large_image","twitter_creator":"@eldiario_net","twitter_site":"@eldiario_net","twitter_misc":{"Escrito por":"Jeanette","Tiempo de lectura":"3 minutos"},"schema":{"@context":"https:\/\/schema.org","@graph":[{"@type":"Article","@id":"https:\/\/www.eldiario.net\/portal\/2024\/05\/10\/lluvias-volvieron-a-castigar-a-porto-alegre-y-suspenden-los-rescates\/#article","isPartOf":{"@id":"https:\/\/www.eldiario.net\/portal\/2024\/05\/10\/lluvias-volvieron-a-castigar-a-porto-alegre-y-suspenden-los-rescates\/"},"author":{"name":"Jeanette","@id":"https:\/\/www.eldiario.net\/portal\/#\/schema\/person\/2c57cf2b7a7ae032e449e4c9b1019eac"},"headline":"Lluvias volvieron a castigar a Porto Alegre y suspenden los rescates","datePublished":"2024-05-10T10:07:05+00:00","mainEntityOfPage":{"@id":"https:\/\/www.eldiario.net\/portal\/2024\/05\/10\/lluvias-volvieron-a-castigar-a-porto-alegre-y-suspenden-los-rescates\/"},"wordCount":552,"commentCount":0,"publisher":{"@id":"https:\/\/www.eldiario.net\/portal\/#organization"},"image":{"@id":"https:\/\/www.eldiario.net\/portal\/2024\/05\/10\/lluvias-volvieron-a-castigar-a-porto-alegre-y-suspenden-los-rescates\/#primaryimage"},"thumbnailUrl":"https:\/\/www.eldiario.net\/portal\/wp-content\/uploads\/2024\/05\/EVACUADOS.jpg","articleSection":["Internacional"],"inLanguage":"es","potentialAction":[{"@type":"CommentAction","name":"Comment","target":["https:\/\/www.eldiario.net\/portal\/2024\/05\/10\/lluvias-volvieron-a-castigar-a-porto-alegre-y-suspenden-los-rescates\/#respond"]}]},{"@type":"WebPage","@id":"https:\/\/www.eldiario.net\/portal\/2024\/05\/10\/lluvias-volvieron-a-castigar-a-porto-alegre-y-suspenden-los-rescates\/","url":"https:\/\/www.eldiario.net\/portal\/2024\/05\/10\/lluvias-volvieron-a-castigar-a-porto-alegre-y-suspenden-los-rescates\/","name":"Lluvias volvieron a castigar a Porto Alegre y suspenden los rescates - El Diario - Bolivia","isPartOf":{"@id":"https:\/\/www.eldiario.net\/portal\/#website"},"primaryImageOfPage":{"@id":"https:\/\/www.eldiario.net\/portal\/2024\/05\/10\/lluvias-volvieron-a-castigar-a-porto-alegre-y-suspenden-los-rescates\/#primaryimage"},"image":{"@id":"https:\/\/www.eldiario.net\/portal\/2024\/05\/10\/lluvias-volvieron-a-castigar-a-porto-alegre-y-suspenden-los-rescates\/#primaryimage"},"thumbnailUrl":"https:\/\/www.eldiario.net\/portal\/wp-content\/uploads\/2024\/05\/EVACUADOS.jpg","datePublished":"2024-05-10T10:07:05+00:00","breadcrumb":{"@id":"https:\/\/www.eldiario.net\/portal\/2024\/05\/10\/lluvias-volvieron-a-castigar-a-porto-alegre-y-suspenden-los-rescates\/#breadcrumb"},"inLanguage":"es","potentialAction":[{"@type":"ReadAction","target":["https:\/\/www.eldiario.net\/portal\/2024\/05\/10\/lluvias-volvieron-a-castigar-a-porto-alegre-y-suspenden-los-rescates\/"]}]},{"@type":"ImageObject","inLanguage":"es","@id":"https:\/\/www.eldiario.net\/portal\/2024\/05\/10\/lluvias-volvieron-a-castigar-a-porto-alegre-y-suspenden-los-rescates\/#primaryimage","url":"https:\/\/www.eldiario.net\/portal\/wp-content\/uploads\/2024\/05\/EVACUADOS.jpg","contentUrl":"https:\/\/www.eldiario.net\/portal\/wp-content\/uploads\/2024\/05\/EVACUADOS.jpg","width":992,"height":558,"caption":"PERSONAS EN UN CENTRO DE EVACUADOS EN GUAIBA. REUTERS"},{"@type":"BreadcrumbList","@id":"https:\/\/www.eldiario.net\/portal\/2024\/05\/10\/lluvias-volvieron-a-castigar-a-porto-alegre-y-suspenden-los-rescates\/#breadcrumb","itemListElement":[{"@type":"ListItem","position":1,"name":"Portada","item":"https:\/\/www.eldiario.net\/portal\/"},{"@type":"ListItem","position":2,"name":"Lluvias volvieron a castigar a Porto Alegre y suspenden los rescates"}]},{"@type":"WebSite","@id":"https:\/\/www.eldiario.net\/portal\/#website","url":"https:\/\/www.eldiario.net\/portal\/","name":"El Diario - Decano de la prensa nacional","description":"El Diario - Decano de la prensa nacional","publisher":{"@id":"https:\/\/www.eldiario.net\/portal\/#organization"},"potentialAction":[{"@type":"SearchAction","target":{"@type":"EntryPoint","urlTemplate":"https:\/\/www.eldiario.net\/portal\/?s={search_term_string}"},"query-input":{"@type":"PropertyValueSpecification","valueRequired":true,"valueName":"search_term_string"}}],"inLanguage":"es"},{"@type":"Organization","@id":"https:\/\/www.eldiario.net\/portal\/#organization","name":"El Diario - Decano de la prensa nacional","url":"https:\/\/www.eldiario.net\/portal\/","logo":{"@type":"ImageObject","inLanguage":"es","@id":"https:\/\/www.eldiario.net\/portal\/#\/schema\/logo\/image\/","url":"https:\/\/www.eldiario.net\/portal\/wp-content\/uploads\/2023\/07\/logo_ED.jpg","contentUrl":"https:\/\/www.eldiario.net\/portal\/wp-content\/uploads\/2023\/07\/logo_ED.jpg","width":272,"height":52,"caption":"El Diario - Decano de la prensa nacional"},"image":{"@id":"https:\/\/www.eldiario.net\/portal\/#\/schema\/logo\/image\/"},"sameAs":["https:\/\/www.facebook.com\/eldiario.bolivia\/","https:\/\/x.com\/eldiario_net"]},{"@type":"Person","@id":"https:\/\/www.eldiario.net\/portal\/#\/schema\/person\/2c57cf2b7a7ae032e449e4c9b1019eac","name":"Jeanette","image":{"@type":"ImageObject","inLanguage":"es","@id":"https:\/\/secure.gravatar.com\/avatar\/3ea2118a5f7dad2b7138b1187a6b7ee55f160b9968b66013c3a3ef39dd7e5798?s=96&d=mm&r=g","url":"https:\/\/secure.gravatar.com\/avatar\/3ea2118a5f7dad2b7138b1187a6b7ee55f160b9968b66013c3a3ef39dd7e5798?s=96&d=mm&r=g","contentUrl":"https:\/\/secure.gravatar.com\/avatar\/3ea2118a5f7dad2b7138b1187a6b7ee55f160b9968b66013c3a3ef39dd7e5798?s=96&d=mm&r=g","caption":"Jeanette"},"sameAs":["https:\/\/www.eldiario.net\/portal"],"url":"https:\/\/www.eldiario.net\/portal\/author\/jeanette\/"}]}},"_links":{"self":[{"href":"https:\/\/www.eldiario.net\/portal\/wp-json\/wp\/v2\/posts\/219627","targetHints":{"allow":["GET"]}}],"collection":[{"href":"https:\/\/www.eldiario.net\/portal\/wp-json\/wp\/v2\/posts"}],"about":[{"href":"https:\/\/www.eldiario.net\/portal\/wp-json\/wp\/v2\/types\/post"}],"author":[{"embeddable":true,"href":"https:\/\/www.eldiario.net\/portal\/wp-json\/wp\/v2\/users\/1"}],"replies":[{"embeddable":true,"href":"https:\/\/www.eldiario.net\/portal\/wp-json\/wp\/v2\/comments?post=219627"}],"version-history":[{"count":1,"href":"https:\/\/www.eldiario.net\/portal\/wp-json\/wp\/v2\/posts\/219627\/revisions"}],"predecessor-version":[{"id":219630,"href":"https:\/\/www.eldiario.net\/portal\/wp-json\/wp\/v2\/posts\/219627\/revisions\/219630"}],"wp:featuredmedia":[{"embeddable":true,"href":"https:\/\/www.eldiario.net\/portal\/wp-json\/wp\/v2\/media\/219629"}],"wp:attachment":[{"href":"https:\/\/www.eldiario.net\/portal\/wp-json\/wp\/v2\/media?parent=219627"}],"wp:term":[{"taxonomy":"category","embeddable":true,"href":"https:\/\/www.eldiario.net\/portal\/wp-json\/wp\/v2\/categories?post=219627"},{"taxonomy":"post_tag","embeddable":true,"href":"https:\/\/www.eldiario.net\/portal\/wp-json\/wp\/v2\/tags?post=219627"}],"curies":[{"name":"wp","href":"https:\/\/api.w.org\/{rel}","templated":true}]}}