{"id":219624,"date":"2024-05-10T06:06:02","date_gmt":"2024-05-10T10:06:02","guid":{"rendered":"https:\/\/www.eldiario.net\/portal\/?p=219624"},"modified":"2024-05-10T06:06:02","modified_gmt":"2024-05-10T10:06:02","slug":"papa-envia-100-000-euros-para-los-afectados-del-sur-de-brasil","status":"publish","type":"post","link":"https:\/\/www.eldiario.net\/portal\/2024\/05\/10\/papa-envia-100-000-euros-para-los-afectados-del-sur-de-brasil\/","title":{"rendered":"Papa env\u00eda 100.000 euros para  los afectados del sur de Brasil"},"content":{"rendered":"<p>El Papa Francisco envi\u00f3 a trav\u00e9s de la Lismoner\u00eda Apost\u00f3lica, 100.000 euros para dar asistencia a la poblaci\u00f3n afectada por las inundaciones sin precedentes que afectan al Estado de R\u00edo Grande del Sur, en Brasil, desde principios de mayo. El dinero fue destinado a la Nunciatura de Brasil, que se encargar\u00e1 de distribuirlo.<br \/>\nAs\u00ed lo ha confirmado el arzobispo de Porto Alegre y presidente de la Conferencia Nacional de los Obispos Brasile\u00f1os (CNBB), Dom Jaime Spengler. Las autoridades del Estado de R\u00edo Grande del Sur informaron que se logr\u00f3 alcanzar la cifra de m\u00e1s de cien fallecidos por las fuertes precipitaciones que estuvieron cayendo desde la semana pasada, temporal que provoc\u00f3 unas inundaciones sin precedentes en dicho pa\u00eds, de hasta cinco metros en ciudades como la capital, Porto Alegre.<br \/>\nLa donaci\u00f3n del Papa Francisco \u00abser\u00e1 enviada a la Regi\u00f3n Sur 3 de la Conferencia Episcopal Nacional de Brasil, la regi\u00f3n que abarca todo R\u00edo Grande del Sur, donde los desastres fueron mayores, durante todo este tiempo y de esta forma para ayudar en todo lo posible\u00bb, seg\u00fan explic\u00f3 en declaraciones a Vatican News -la p\u00e1gina web del Vaticano-Spengler, arzobispo de la capital Porto Alegre y presidente de la CNBB.<br \/>\nTras el rezo del Regina Caeli del pasado domingo 5 de mayo, el Pont\u00edfice expres\u00f3 su solidaridad con las personas afectadas por las fuertes lluvias en R\u00edo Grande del Sur, despu\u00e9s de que el r\u00edo Gua\u00edba superara el nivel de crecida llegando a m\u00e1s de 4 metros, lo que provoc\u00f3 inundaciones en calles, v\u00edas y aeropuerto. Tras la oraci\u00f3n mariana, Francisco asegur\u00f3 sus oraciones por las v\u00edctimas.<br \/>\n\u00abQue el Se\u00f1or reciba a los difuntos, conforte a sus familias y a los que tuvieron que abandonar sus casas\u00bb, dijo el Papa.<br \/>\nEn todo el Estado se registra 425 municipios afectados por las inundaciones. Adem\u00e1s de los cien fallecidos hay 130 desaparecidos, 374 heridos, 163.786 desplazados y 7.428 personas que se desplazaron de sus casas a lugares de refugio. Adem\u00e1s, el aeropuerto Salgado Filho de Porto Alegre, inundado, permanecer\u00e1 cerrado hasta el 30 de mayo. (Europa Press)<\/p>\n","protected":false},"excerpt":{"rendered":"<p>El Papa Francisco envi\u00f3 a trav\u00e9s de la Lismoner\u00eda Apost\u00f3lica, 100.000 euros para dar asistencia a la poblaci\u00f3n afectada por las inundaciones sin precedentes que afectan al Estado de R\u00edo Grande del Sur, en Brasil, desde principios de mayo. El dinero fue destinado a la Nunciatura de Brasil, que se encargar\u00e1 de distribuirlo. As\u00ed lo [&hellip;]<\/p>\n","protected":false},"author":1,"featured_media":219625,"comment_status":"open","ping_status":"open","sticky":false,"template":"","format":"standard","meta":{"_acf_changed":false,"footnotes":""},"categories":[3],"tags":[],"class_list":["post-219624","post","type-post","status-publish","format-standard","has-post-thumbnail","category-internacional"],"acf":{"antetitulo":"Francisco pide rezar por los damnificados"},"yoast_head":"<!-- This site is optimized with the Yoast SEO plugin v28.4 - https:\/\/yoast.com\/product\/yoast-seo-wordpress\/ -->\n<title>Papa env\u00eda 100.000 euros para los afectados del sur de Brasil - El Diario - Bolivia<\/title>\n<meta name=\"robots\" content=\"index, follow, max-snippet:-1, max-image-preview:large, max-video-preview:-1\" \/>\n<link rel=\"canonical\" href=\"https:\/\/www.eldiario.net\/portal\/2024\/05\/10\/papa-envia-100-000-euros-para-los-afectados-del-sur-de-brasil\/\" \/>\n<meta property=\"og:locale\" content=\"es_ES\" \/>\n<meta property=\"og:type\" content=\"article\" \/>\n<meta property=\"og:title\" content=\"Papa env\u00eda 100.000 euros para los afectados del sur de Brasil - El Diario - Bolivia\" \/>\n<meta property=\"og:description\" content=\"El Papa Francisco envi\u00f3 a trav\u00e9s de la Lismoner\u00eda Apost\u00f3lica, 100.000 euros para dar asistencia a la poblaci\u00f3n afectada por las inundaciones sin precedentes que afectan al Estado de R\u00edo Grande del Sur, en Brasil, desde principios de mayo. El dinero fue destinado a la Nunciatura de Brasil, que se encargar\u00e1 de distribuirlo. As\u00ed lo [&hellip;]\" \/>\n<meta property=\"og:url\" content=\"https:\/\/www.eldiario.net\/portal\/2024\/05\/10\/papa-envia-100-000-euros-para-los-afectados-del-sur-de-brasil\/\" \/>\n<meta property=\"og:site_name\" content=\"El Diario - Bolivia\" \/>\n<meta property=\"article:publisher\" content=\"https:\/\/www.facebook.com\/eldiario.bolivia\/\" \/>\n<meta property=\"article:published_time\" content=\"2024-05-10T10:06:02+00:00\" \/>\n<meta property=\"og:image\" content=\"https:\/\/www.eldiario.net\/portal\/wp-content\/uploads\/2024\/05\/FRANCISCO.jpg\" \/>\n\t<meta property=\"og:image:width\" content=\"1200\" \/>\n\t<meta property=\"og:image:height\" content=\"675\" \/>\n\t<meta property=\"og:image:type\" content=\"image\/jpeg\" \/>\n<meta name=\"author\" content=\"Jeanette\" \/>\n<meta name=\"twitter:card\" content=\"summary_large_image\" \/>\n<meta name=\"twitter:creator\" content=\"@eldiario_net\" \/>\n<meta name=\"twitter:site\" content=\"@eldiario_net\" \/>\n<meta name=\"twitter:label1\" content=\"Escrito por\" \/>\n\t<meta name=\"twitter:data1\" content=\"Jeanette\" \/>\n\t<meta name=\"twitter:label2\" content=\"Tiempo de lectura\" \/>\n\t<meta name=\"twitter:data2\" content=\"2 minutos\" \/>\n<script type=\"application\/ld+json\" class=\"yoast-schema-graph\">{\"@context\":\"https:\\\/\\\/schema.org\",\"@graph\":[{\"@type\":\"Article\",\"@id\":\"https:\\\/\\\/www.eldiario.net\\\/portal\\\/2024\\\/05\\\/10\\\/papa-envia-100-000-euros-para-los-afectados-del-sur-de-brasil\\\/#article\",\"isPartOf\":{\"@id\":\"https:\\\/\\\/www.eldiario.net\\\/portal\\\/2024\\\/05\\\/10\\\/papa-envia-100-000-euros-para-los-afectados-del-sur-de-brasil\\\/\"},\"author\":{\"name\":\"Jeanette\",\"@id\":\"https:\\\/\\\/www.eldiario.net\\\/portal\\\/#\\\/schema\\\/person\\\/2c57cf2b7a7ae032e449e4c9b1019eac\"},\"headline\":\"Papa env\u00eda 100.000 euros para los afectados del sur de Brasil\",\"datePublished\":\"2024-05-10T10:06:02+00:00\",\"mainEntityOfPage\":{\"@id\":\"https:\\\/\\\/www.eldiario.net\\\/portal\\\/2024\\\/05\\\/10\\\/papa-envia-100-000-euros-para-los-afectados-del-sur-de-brasil\\\/\"},\"wordCount\":372,\"commentCount\":0,\"publisher\":{\"@id\":\"https:\\\/\\\/www.eldiario.net\\\/portal\\\/#organization\"},\"image\":{\"@id\":\"https:\\\/\\\/www.eldiario.net\\\/portal\\\/2024\\\/05\\\/10\\\/papa-envia-100-000-euros-para-los-afectados-del-sur-de-brasil\\\/#primaryimage\"},\"thumbnailUrl\":\"https:\\\/\\\/www.eldiario.net\\\/portal\\\/wp-content\\\/uploads\\\/2024\\\/05\\\/FRANCISCO.jpg\",\"articleSection\":[\"Internacional\"],\"inLanguage\":\"es\",\"potentialAction\":[{\"@type\":\"CommentAction\",\"name\":\"Comment\",\"target\":[\"https:\\\/\\\/www.eldiario.net\\\/portal\\\/2024\\\/05\\\/10\\\/papa-envia-100-000-euros-para-los-afectados-del-sur-de-brasil\\\/#respond\"]}]},{\"@type\":\"WebPage\",\"@id\":\"https:\\\/\\\/www.eldiario.net\\\/portal\\\/2024\\\/05\\\/10\\\/papa-envia-100-000-euros-para-los-afectados-del-sur-de-brasil\\\/\",\"url\":\"https:\\\/\\\/www.eldiario.net\\\/portal\\\/2024\\\/05\\\/10\\\/papa-envia-100-000-euros-para-los-afectados-del-sur-de-brasil\\\/\",\"name\":\"Papa env\u00eda 100.000 euros para los afectados del sur de Brasil - El Diario - Bolivia\",\"isPartOf\":{\"@id\":\"https:\\\/\\\/www.eldiario.net\\\/portal\\\/#website\"},\"primaryImageOfPage\":{\"@id\":\"https:\\\/\\\/www.eldiario.net\\\/portal\\\/2024\\\/05\\\/10\\\/papa-envia-100-000-euros-para-los-afectados-del-sur-de-brasil\\\/#primaryimage\"},\"image\":{\"@id\":\"https:\\\/\\\/www.eldiario.net\\\/portal\\\/2024\\\/05\\\/10\\\/papa-envia-100-000-euros-para-los-afectados-del-sur-de-brasil\\\/#primaryimage\"},\"thumbnailUrl\":\"https:\\\/\\\/www.eldiario.net\\\/portal\\\/wp-content\\\/uploads\\\/2024\\\/05\\\/FRANCISCO.jpg\",\"datePublished\":\"2024-05-10T10:06:02+00:00\",\"breadcrumb\":{\"@id\":\"https:\\\/\\\/www.eldiario.net\\\/portal\\\/2024\\\/05\\\/10\\\/papa-envia-100-000-euros-para-los-afectados-del-sur-de-brasil\\\/#breadcrumb\"},\"inLanguage\":\"es\",\"potentialAction\":[{\"@type\":\"ReadAction\",\"target\":[\"https:\\\/\\\/www.eldiario.net\\\/portal\\\/2024\\\/05\\\/10\\\/papa-envia-100-000-euros-para-los-afectados-del-sur-de-brasil\\\/\"]}]},{\"@type\":\"ImageObject\",\"inLanguage\":\"es\",\"@id\":\"https:\\\/\\\/www.eldiario.net\\\/portal\\\/2024\\\/05\\\/10\\\/papa-envia-100-000-euros-para-los-afectados-del-sur-de-brasil\\\/#primaryimage\",\"url\":\"https:\\\/\\\/www.eldiario.net\\\/portal\\\/wp-content\\\/uploads\\\/2024\\\/05\\\/FRANCISCO.jpg\",\"contentUrl\":\"https:\\\/\\\/www.eldiario.net\\\/portal\\\/wp-content\\\/uploads\\\/2024\\\/05\\\/FRANCISCO.jpg\",\"width\":1200,\"height\":675,\"caption\":\"EL PAPA FRANCISCO DIJO QUE LA DISTRIBUCI\u00d3N DE LA AYUDA DEBE SER INMEDIATA. Europa Press\"},{\"@type\":\"BreadcrumbList\",\"@id\":\"https:\\\/\\\/www.eldiario.net\\\/portal\\\/2024\\\/05\\\/10\\\/papa-envia-100-000-euros-para-los-afectados-del-sur-de-brasil\\\/#breadcrumb\",\"itemListElement\":[{\"@type\":\"ListItem\",\"position\":1,\"name\":\"Portada\",\"item\":\"https:\\\/\\\/www.eldiario.net\\\/portal\\\/\"},{\"@type\":\"ListItem\",\"position\":2,\"name\":\"Papa env\u00eda 100.000 euros para los afectados del sur de Brasil\"}]},{\"@type\":\"WebSite\",\"@id\":\"https:\\\/\\\/www.eldiario.net\\\/portal\\\/#website\",\"url\":\"https:\\\/\\\/www.eldiario.net\\\/portal\\\/\",\"name\":\"El Diario - Decano de la prensa nacional\",\"description\":\"El Diario - Decano de la prensa nacional\",\"publisher\":{\"@id\":\"https:\\\/\\\/www.eldiario.net\\\/portal\\\/#organization\"},\"potentialAction\":[{\"@type\":\"SearchAction\",\"target\":{\"@type\":\"EntryPoint\",\"urlTemplate\":\"https:\\\/\\\/www.eldiario.net\\\/portal\\\/?s={search_term_string}\"},\"query-input\":{\"@type\":\"PropertyValueSpecification\",\"valueRequired\":true,\"valueName\":\"search_term_string\"}}],\"inLanguage\":\"es\"},{\"@type\":\"Organization\",\"@id\":\"https:\\\/\\\/www.eldiario.net\\\/portal\\\/#organization\",\"name\":\"El Diario - Decano de la prensa nacional\",\"url\":\"https:\\\/\\\/www.eldiario.net\\\/portal\\\/\",\"logo\":{\"@type\":\"ImageObject\",\"inLanguage\":\"es\",\"@id\":\"https:\\\/\\\/www.eldiario.net\\\/portal\\\/#\\\/schema\\\/logo\\\/image\\\/\",\"url\":\"https:\\\/\\\/www.eldiario.net\\\/portal\\\/wp-content\\\/uploads\\\/2023\\\/07\\\/logo_ED.jpg\",\"contentUrl\":\"https:\\\/\\\/www.eldiario.net\\\/portal\\\/wp-content\\\/uploads\\\/2023\\\/07\\\/logo_ED.jpg\",\"width\":272,\"height\":52,\"caption\":\"El Diario - Decano de la prensa nacional\"},\"image\":{\"@id\":\"https:\\\/\\\/www.eldiario.net\\\/portal\\\/#\\\/schema\\\/logo\\\/image\\\/\"},\"sameAs\":[\"https:\\\/\\\/www.facebook.com\\\/eldiario.bolivia\\\/\",\"https:\\\/\\\/x.com\\\/eldiario_net\"]},{\"@type\":\"Person\",\"@id\":\"https:\\\/\\\/www.eldiario.net\\\/portal\\\/#\\\/schema\\\/person\\\/2c57cf2b7a7ae032e449e4c9b1019eac\",\"name\":\"Jeanette\",\"image\":{\"@type\":\"ImageObject\",\"inLanguage\":\"es\",\"@id\":\"https:\\\/\\\/secure.gravatar.com\\\/avatar\\\/3ea2118a5f7dad2b7138b1187a6b7ee55f160b9968b66013c3a3ef39dd7e5798?s=96&d=mm&r=g\",\"url\":\"https:\\\/\\\/secure.gravatar.com\\\/avatar\\\/3ea2118a5f7dad2b7138b1187a6b7ee55f160b9968b66013c3a3ef39dd7e5798?s=96&d=mm&r=g\",\"contentUrl\":\"https:\\\/\\\/secure.gravatar.com\\\/avatar\\\/3ea2118a5f7dad2b7138b1187a6b7ee55f160b9968b66013c3a3ef39dd7e5798?s=96&d=mm&r=g\",\"caption\":\"Jeanette\"},\"sameAs\":[\"https:\\\/\\\/www.eldiario.net\\\/portal\"],\"url\":\"https:\\\/\\\/www.eldiario.net\\\/portal\\\/author\\\/jeanette\\\/\"}]}<\/script>\n<!-- \/ Yoast SEO plugin. -->","yoast_head_json":{"title":"Papa env\u00eda 100.000 euros para los afectados del sur de Brasil - El Diario - Bolivia","robots":{"index":"index","follow":"follow","max-snippet":"max-snippet:-1","max-image-preview":"max-image-preview:large","max-video-preview":"max-video-preview:-1"},"canonical":"https:\/\/www.eldiario.net\/portal\/2024\/05\/10\/papa-envia-100-000-euros-para-los-afectados-del-sur-de-brasil\/","og_locale":"es_ES","og_type":"article","og_title":"Papa env\u00eda 100.000 euros para los afectados del sur de Brasil - El Diario - Bolivia","og_description":"El Papa Francisco envi\u00f3 a trav\u00e9s de la Lismoner\u00eda Apost\u00f3lica, 100.000 euros para dar asistencia a la poblaci\u00f3n afectada por las inundaciones sin precedentes que afectan al Estado de R\u00edo Grande del Sur, en Brasil, desde principios de mayo. El dinero fue destinado a la Nunciatura de Brasil, que se encargar\u00e1 de distribuirlo. As\u00ed lo [&hellip;]","og_url":"https:\/\/www.eldiario.net\/portal\/2024\/05\/10\/papa-envia-100-000-euros-para-los-afectados-del-sur-de-brasil\/","og_site_name":"El Diario - Bolivia","article_publisher":"https:\/\/www.facebook.com\/eldiario.bolivia\/","article_published_time":"2024-05-10T10:06:02+00:00","og_image":[{"width":1200,"height":675,"url":"https:\/\/www.eldiario.net\/portal\/wp-content\/uploads\/2024\/05\/FRANCISCO.jpg","type":"image\/jpeg"}],"author":"Jeanette","twitter_card":"summary_large_image","twitter_creator":"@eldiario_net","twitter_site":"@eldiario_net","twitter_misc":{"Escrito por":"Jeanette","Tiempo de lectura":"2 minutos"},"schema":{"@context":"https:\/\/schema.org","@graph":[{"@type":"Article","@id":"https:\/\/www.eldiario.net\/portal\/2024\/05\/10\/papa-envia-100-000-euros-para-los-afectados-del-sur-de-brasil\/#article","isPartOf":{"@id":"https:\/\/www.eldiario.net\/portal\/2024\/05\/10\/papa-envia-100-000-euros-para-los-afectados-del-sur-de-brasil\/"},"author":{"name":"Jeanette","@id":"https:\/\/www.eldiario.net\/portal\/#\/schema\/person\/2c57cf2b7a7ae032e449e4c9b1019eac"},"headline":"Papa env\u00eda 100.000 euros para los afectados del sur de Brasil","datePublished":"2024-05-10T10:06:02+00:00","mainEntityOfPage":{"@id":"https:\/\/www.eldiario.net\/portal\/2024\/05\/10\/papa-envia-100-000-euros-para-los-afectados-del-sur-de-brasil\/"},"wordCount":372,"commentCount":0,"publisher":{"@id":"https:\/\/www.eldiario.net\/portal\/#organization"},"image":{"@id":"https:\/\/www.eldiario.net\/portal\/2024\/05\/10\/papa-envia-100-000-euros-para-los-afectados-del-sur-de-brasil\/#primaryimage"},"thumbnailUrl":"https:\/\/www.eldiario.net\/portal\/wp-content\/uploads\/2024\/05\/FRANCISCO.jpg","articleSection":["Internacional"],"inLanguage":"es","potentialAction":[{"@type":"CommentAction","name":"Comment","target":["https:\/\/www.eldiario.net\/portal\/2024\/05\/10\/papa-envia-100-000-euros-para-los-afectados-del-sur-de-brasil\/#respond"]}]},{"@type":"WebPage","@id":"https:\/\/www.eldiario.net\/portal\/2024\/05\/10\/papa-envia-100-000-euros-para-los-afectados-del-sur-de-brasil\/","url":"https:\/\/www.eldiario.net\/portal\/2024\/05\/10\/papa-envia-100-000-euros-para-los-afectados-del-sur-de-brasil\/","name":"Papa env\u00eda 100.000 euros para los afectados del sur de Brasil - El Diario - Bolivia","isPartOf":{"@id":"https:\/\/www.eldiario.net\/portal\/#website"},"primaryImageOfPage":{"@id":"https:\/\/www.eldiario.net\/portal\/2024\/05\/10\/papa-envia-100-000-euros-para-los-afectados-del-sur-de-brasil\/#primaryimage"},"image":{"@id":"https:\/\/www.eldiario.net\/portal\/2024\/05\/10\/papa-envia-100-000-euros-para-los-afectados-del-sur-de-brasil\/#primaryimage"},"thumbnailUrl":"https:\/\/www.eldiario.net\/portal\/wp-content\/uploads\/2024\/05\/FRANCISCO.jpg","datePublished":"2024-05-10T10:06:02+00:00","breadcrumb":{"@id":"https:\/\/www.eldiario.net\/portal\/2024\/05\/10\/papa-envia-100-000-euros-para-los-afectados-del-sur-de-brasil\/#breadcrumb"},"inLanguage":"es","potentialAction":[{"@type":"ReadAction","target":["https:\/\/www.eldiario.net\/portal\/2024\/05\/10\/papa-envia-100-000-euros-para-los-afectados-del-sur-de-brasil\/"]}]},{"@type":"ImageObject","inLanguage":"es","@id":"https:\/\/www.eldiario.net\/portal\/2024\/05\/10\/papa-envia-100-000-euros-para-los-afectados-del-sur-de-brasil\/#primaryimage","url":"https:\/\/www.eldiario.net\/portal\/wp-content\/uploads\/2024\/05\/FRANCISCO.jpg","contentUrl":"https:\/\/www.eldiario.net\/portal\/wp-content\/uploads\/2024\/05\/FRANCISCO.jpg","width":1200,"height":675,"caption":"EL PAPA FRANCISCO DIJO QUE LA DISTRIBUCI\u00d3N DE LA AYUDA DEBE SER INMEDIATA. Europa Press"},{"@type":"BreadcrumbList","@id":"https:\/\/www.eldiario.net\/portal\/2024\/05\/10\/papa-envia-100-000-euros-para-los-afectados-del-sur-de-brasil\/#breadcrumb","itemListElement":[{"@type":"ListItem","position":1,"name":"Portada","item":"https:\/\/www.eldiario.net\/portal\/"},{"@type":"ListItem","position":2,"name":"Papa env\u00eda 100.000 euros para los afectados del sur de Brasil"}]},{"@type":"WebSite","@id":"https:\/\/www.eldiario.net\/portal\/#website","url":"https:\/\/www.eldiario.net\/portal\/","name":"El Diario - Decano de la prensa nacional","description":"El Diario - Decano de la prensa nacional","publisher":{"@id":"https:\/\/www.eldiario.net\/portal\/#organization"},"potentialAction":[{"@type":"SearchAction","target":{"@type":"EntryPoint","urlTemplate":"https:\/\/www.eldiario.net\/portal\/?s={search_term_string}"},"query-input":{"@type":"PropertyValueSpecification","valueRequired":true,"valueName":"search_term_string"}}],"inLanguage":"es"},{"@type":"Organization","@id":"https:\/\/www.eldiario.net\/portal\/#organization","name":"El Diario - Decano de la prensa nacional","url":"https:\/\/www.eldiario.net\/portal\/","logo":{"@type":"ImageObject","inLanguage":"es","@id":"https:\/\/www.eldiario.net\/portal\/#\/schema\/logo\/image\/","url":"https:\/\/www.eldiario.net\/portal\/wp-content\/uploads\/2023\/07\/logo_ED.jpg","contentUrl":"https:\/\/www.eldiario.net\/portal\/wp-content\/uploads\/2023\/07\/logo_ED.jpg","width":272,"height":52,"caption":"El Diario - Decano de la prensa nacional"},"image":{"@id":"https:\/\/www.eldiario.net\/portal\/#\/schema\/logo\/image\/"},"sameAs":["https:\/\/www.facebook.com\/eldiario.bolivia\/","https:\/\/x.com\/eldiario_net"]},{"@type":"Person","@id":"https:\/\/www.eldiario.net\/portal\/#\/schema\/person\/2c57cf2b7a7ae032e449e4c9b1019eac","name":"Jeanette","image":{"@type":"ImageObject","inLanguage":"es","@id":"https:\/\/secure.gravatar.com\/avatar\/3ea2118a5f7dad2b7138b1187a6b7ee55f160b9968b66013c3a3ef39dd7e5798?s=96&d=mm&r=g","url":"https:\/\/secure.gravatar.com\/avatar\/3ea2118a5f7dad2b7138b1187a6b7ee55f160b9968b66013c3a3ef39dd7e5798?s=96&d=mm&r=g","contentUrl":"https:\/\/secure.gravatar.com\/avatar\/3ea2118a5f7dad2b7138b1187a6b7ee55f160b9968b66013c3a3ef39dd7e5798?s=96&d=mm&r=g","caption":"Jeanette"},"sameAs":["https:\/\/www.eldiario.net\/portal"],"url":"https:\/\/www.eldiario.net\/portal\/author\/jeanette\/"}]}},"_links":{"self":[{"href":"https:\/\/www.eldiario.net\/portal\/wp-json\/wp\/v2\/posts\/219624","targetHints":{"allow":["GET"]}}],"collection":[{"href":"https:\/\/www.eldiario.net\/portal\/wp-json\/wp\/v2\/posts"}],"about":[{"href":"https:\/\/www.eldiario.net\/portal\/wp-json\/wp\/v2\/types\/post"}],"author":[{"embeddable":true,"href":"https:\/\/www.eldiario.net\/portal\/wp-json\/wp\/v2\/users\/1"}],"replies":[{"embeddable":true,"href":"https:\/\/www.eldiario.net\/portal\/wp-json\/wp\/v2\/comments?post=219624"}],"version-history":[{"count":1,"href":"https:\/\/www.eldiario.net\/portal\/wp-json\/wp\/v2\/posts\/219624\/revisions"}],"predecessor-version":[{"id":219626,"href":"https:\/\/www.eldiario.net\/portal\/wp-json\/wp\/v2\/posts\/219624\/revisions\/219626"}],"wp:featuredmedia":[{"embeddable":true,"href":"https:\/\/www.eldiario.net\/portal\/wp-json\/wp\/v2\/media\/219625"}],"wp:attachment":[{"href":"https:\/\/www.eldiario.net\/portal\/wp-json\/wp\/v2\/media?parent=219624"}],"wp:term":[{"taxonomy":"category","embeddable":true,"href":"https:\/\/www.eldiario.net\/portal\/wp-json\/wp\/v2\/categories?post=219624"},{"taxonomy":"post_tag","embeddable":true,"href":"https:\/\/www.eldiario.net\/portal\/wp-json\/wp\/v2\/tags?post=219624"}],"curies":[{"name":"wp","href":"https:\/\/api.w.org\/{rel}","templated":true}]}}