{"id":219622,"date":"2024-05-10T06:05:25","date_gmt":"2024-05-10T10:05:25","guid":{"rendered":"https:\/\/www.eldiario.net\/portal\/?p=219622"},"modified":"2024-05-10T06:05:25","modified_gmt":"2024-05-10T10:05:25","slug":"iran-lanza-otra-amenaza-a-israel-sobre-posible-ataque","status":"publish","type":"post","link":"https:\/\/www.eldiario.net\/portal\/2024\/05\/10\/iran-lanza-otra-amenaza-a-israel-sobre-posible-ataque\/","title":{"rendered":"Ir\u00e1n lanza otra amenaza a  Israel sobre posible ataque"},"content":{"rendered":"<p>Un asesor del l\u00edder iran\u00ed volvi\u00f3 a amenazar con que Teher\u00e1n podr\u00eda construir un arma nuclear si decide desarrollar armamento at\u00f3mico. Mientras tanto, rebeldes hut\u00edes en Yemen, respaldados por el r\u00e9gimen persa, se atribuyeron dos ataques de misil en el Golfo de Ad\u00e9n contra dos portacontenedores con bandera paname\u00f1a que no causaron da\u00f1os.<br \/>\nIr\u00e1n y los hut\u00edes, un grupo respaldado por Teher\u00e1n, son aliados de Ham\u00e1s por la guerra que sigue librando con el grupo terrorista en la Franja de Gaza.<br \/>\nEn este marco, la agencia de noticias estatal iran\u00ed IRNA difundi\u00f3 ayer las declaraciones de Kamal Kharrazi, que fue ministro de Exteriores durante el mandato del presidente reformista Mohammad Khatami.<br \/>\nEn declaraciones a la televisora Al Jazeera en una entrevista que no parec\u00eda haberse emitido todav\u00eda, Kharrazi ahond\u00f3 en una amenaza sobre armas nucleares que hab\u00eda hecho en el canal en 2022.<br \/>\nLas diferencias entre Ir\u00e1n y el Organismo Internacional de la Energ\u00eda At\u00f3mica fue en aumento desde 2018, cuando el entonces presidente de Estados Unidos Donald Trump retir\u00f3 de forma unilateral a su pa\u00eds del acuerdo nuclear de Teher\u00e1n.<br \/>\nEntretanto, las tensiones entre Ir\u00e1n e Israel tocaron un nuevo techo. Teher\u00e1n atac\u00f3 el mes pasado a Israel con drones y misiles, tras un aparente bombardeo israel\u00ed sobre un edificio consultar iran\u00ed en Siria, que mat\u00f3 a dos generales iran\u00edes y otras personas. (Infobae\/Ap)<\/p>\n","protected":false},"excerpt":{"rendered":"<p>Un asesor del l\u00edder iran\u00ed volvi\u00f3 a amenazar con que Teher\u00e1n podr\u00eda construir un arma nuclear si decide desarrollar armamento at\u00f3mico. Mientras tanto, rebeldes hut\u00edes en Yemen, respaldados por el r\u00e9gimen persa, se atribuyeron dos ataques de misil en el Golfo de Ad\u00e9n contra dos portacontenedores con bandera paname\u00f1a que no causaron da\u00f1os. Ir\u00e1n y [&hellip;]<\/p>\n","protected":false},"author":1,"featured_media":194703,"comment_status":"open","ping_status":"open","sticky":false,"template":"","format":"standard","meta":{"_acf_changed":false,"footnotes":""},"categories":[3],"tags":[],"class_list":["post-219622","post","type-post","status-publish","format-standard","has-post-thumbnail","category-internacional"],"acf":{"antetitulo":"\u201cSi nos atacan cambiaremos nuestra doctrina nuclear\u201d"},"yoast_head":"<!-- This site is optimized with the Yoast SEO plugin v28.4 - https:\/\/yoast.com\/product\/yoast-seo-wordpress\/ -->\n<title>Ir\u00e1n lanza otra amenaza a Israel sobre posible ataque - El Diario - Bolivia<\/title>\n<meta name=\"robots\" content=\"index, follow, max-snippet:-1, max-image-preview:large, max-video-preview:-1\" \/>\n<link rel=\"canonical\" href=\"https:\/\/www.eldiario.net\/portal\/2024\/05\/10\/iran-lanza-otra-amenaza-a-israel-sobre-posible-ataque\/\" \/>\n<meta property=\"og:locale\" content=\"es_ES\" \/>\n<meta property=\"og:type\" content=\"article\" \/>\n<meta property=\"og:title\" content=\"Ir\u00e1n lanza otra amenaza a Israel sobre posible ataque - El Diario - Bolivia\" \/>\n<meta property=\"og:description\" content=\"Un asesor del l\u00edder iran\u00ed volvi\u00f3 a amenazar con que Teher\u00e1n podr\u00eda construir un arma nuclear si decide desarrollar armamento at\u00f3mico. Mientras tanto, rebeldes hut\u00edes en Yemen, respaldados por el r\u00e9gimen persa, se atribuyeron dos ataques de misil en el Golfo de Ad\u00e9n contra dos portacontenedores con bandera paname\u00f1a que no causaron da\u00f1os. Ir\u00e1n y [&hellip;]\" \/>\n<meta property=\"og:url\" content=\"https:\/\/www.eldiario.net\/portal\/2024\/05\/10\/iran-lanza-otra-amenaza-a-israel-sobre-posible-ataque\/\" \/>\n<meta property=\"og:site_name\" content=\"El Diario - Bolivia\" \/>\n<meta property=\"article:publisher\" content=\"https:\/\/www.facebook.com\/eldiario.bolivia\/\" \/>\n<meta property=\"article:published_time\" content=\"2024-05-10T10:05:25+00:00\" \/>\n<meta property=\"og:image\" content=\"https:\/\/www.eldiario.net\/portal\/wp-content\/uploads\/2023\/12\/Internacional.jpg\" \/>\n\t<meta property=\"og:image:width\" content=\"800\" \/>\n\t<meta property=\"og:image:height\" content=\"500\" \/>\n\t<meta property=\"og:image:type\" content=\"image\/jpeg\" \/>\n<meta name=\"author\" content=\"Jeanette\" \/>\n<meta name=\"twitter:card\" content=\"summary_large_image\" \/>\n<meta name=\"twitter:creator\" content=\"@eldiario_net\" \/>\n<meta name=\"twitter:site\" content=\"@eldiario_net\" \/>\n<meta name=\"twitter:label1\" content=\"Escrito por\" \/>\n\t<meta name=\"twitter:data1\" content=\"Jeanette\" \/>\n\t<meta name=\"twitter:label2\" content=\"Tiempo de lectura\" \/>\n\t<meta name=\"twitter:data2\" content=\"2 minutos\" \/>\n<script type=\"application\/ld+json\" class=\"yoast-schema-graph\">{\"@context\":\"https:\\\/\\\/schema.org\",\"@graph\":[{\"@type\":\"Article\",\"@id\":\"https:\\\/\\\/www.eldiario.net\\\/portal\\\/2024\\\/05\\\/10\\\/iran-lanza-otra-amenaza-a-israel-sobre-posible-ataque\\\/#article\",\"isPartOf\":{\"@id\":\"https:\\\/\\\/www.eldiario.net\\\/portal\\\/2024\\\/05\\\/10\\\/iran-lanza-otra-amenaza-a-israel-sobre-posible-ataque\\\/\"},\"author\":{\"name\":\"Jeanette\",\"@id\":\"https:\\\/\\\/www.eldiario.net\\\/portal\\\/#\\\/schema\\\/person\\\/2c57cf2b7a7ae032e449e4c9b1019eac\"},\"headline\":\"Ir\u00e1n lanza otra amenaza a Israel sobre posible ataque\",\"datePublished\":\"2024-05-10T10:05:25+00:00\",\"mainEntityOfPage\":{\"@id\":\"https:\\\/\\\/www.eldiario.net\\\/portal\\\/2024\\\/05\\\/10\\\/iran-lanza-otra-amenaza-a-israel-sobre-posible-ataque\\\/\"},\"wordCount\":258,\"commentCount\":0,\"publisher\":{\"@id\":\"https:\\\/\\\/www.eldiario.net\\\/portal\\\/#organization\"},\"image\":{\"@id\":\"https:\\\/\\\/www.eldiario.net\\\/portal\\\/2024\\\/05\\\/10\\\/iran-lanza-otra-amenaza-a-israel-sobre-posible-ataque\\\/#primaryimage\"},\"thumbnailUrl\":\"https:\\\/\\\/www.eldiario.net\\\/portal\\\/wp-content\\\/uploads\\\/2023\\\/12\\\/Internacional.jpg\",\"articleSection\":[\"Internacional\"],\"inLanguage\":\"es\",\"potentialAction\":[{\"@type\":\"CommentAction\",\"name\":\"Comment\",\"target\":[\"https:\\\/\\\/www.eldiario.net\\\/portal\\\/2024\\\/05\\\/10\\\/iran-lanza-otra-amenaza-a-israel-sobre-posible-ataque\\\/#respond\"]}]},{\"@type\":\"WebPage\",\"@id\":\"https:\\\/\\\/www.eldiario.net\\\/portal\\\/2024\\\/05\\\/10\\\/iran-lanza-otra-amenaza-a-israel-sobre-posible-ataque\\\/\",\"url\":\"https:\\\/\\\/www.eldiario.net\\\/portal\\\/2024\\\/05\\\/10\\\/iran-lanza-otra-amenaza-a-israel-sobre-posible-ataque\\\/\",\"name\":\"Ir\u00e1n lanza otra amenaza a Israel sobre posible ataque - El Diario - Bolivia\",\"isPartOf\":{\"@id\":\"https:\\\/\\\/www.eldiario.net\\\/portal\\\/#website\"},\"primaryImageOfPage\":{\"@id\":\"https:\\\/\\\/www.eldiario.net\\\/portal\\\/2024\\\/05\\\/10\\\/iran-lanza-otra-amenaza-a-israel-sobre-posible-ataque\\\/#primaryimage\"},\"image\":{\"@id\":\"https:\\\/\\\/www.eldiario.net\\\/portal\\\/2024\\\/05\\\/10\\\/iran-lanza-otra-amenaza-a-israel-sobre-posible-ataque\\\/#primaryimage\"},\"thumbnailUrl\":\"https:\\\/\\\/www.eldiario.net\\\/portal\\\/wp-content\\\/uploads\\\/2023\\\/12\\\/Internacional.jpg\",\"datePublished\":\"2024-05-10T10:05:25+00:00\",\"breadcrumb\":{\"@id\":\"https:\\\/\\\/www.eldiario.net\\\/portal\\\/2024\\\/05\\\/10\\\/iran-lanza-otra-amenaza-a-israel-sobre-posible-ataque\\\/#breadcrumb\"},\"inLanguage\":\"es\",\"potentialAction\":[{\"@type\":\"ReadAction\",\"target\":[\"https:\\\/\\\/www.eldiario.net\\\/portal\\\/2024\\\/05\\\/10\\\/iran-lanza-otra-amenaza-a-israel-sobre-posible-ataque\\\/\"]}]},{\"@type\":\"ImageObject\",\"inLanguage\":\"es\",\"@id\":\"https:\\\/\\\/www.eldiario.net\\\/portal\\\/2024\\\/05\\\/10\\\/iran-lanza-otra-amenaza-a-israel-sobre-posible-ataque\\\/#primaryimage\",\"url\":\"https:\\\/\\\/www.eldiario.net\\\/portal\\\/wp-content\\\/uploads\\\/2023\\\/12\\\/Internacional.jpg\",\"contentUrl\":\"https:\\\/\\\/www.eldiario.net\\\/portal\\\/wp-content\\\/uploads\\\/2023\\\/12\\\/Internacional.jpg\",\"width\":800,\"height\":500},{\"@type\":\"BreadcrumbList\",\"@id\":\"https:\\\/\\\/www.eldiario.net\\\/portal\\\/2024\\\/05\\\/10\\\/iran-lanza-otra-amenaza-a-israel-sobre-posible-ataque\\\/#breadcrumb\",\"itemListElement\":[{\"@type\":\"ListItem\",\"position\":1,\"name\":\"Portada\",\"item\":\"https:\\\/\\\/www.eldiario.net\\\/portal\\\/\"},{\"@type\":\"ListItem\",\"position\":2,\"name\":\"Ir\u00e1n lanza otra amenaza a Israel sobre posible ataque\"}]},{\"@type\":\"WebSite\",\"@id\":\"https:\\\/\\\/www.eldiario.net\\\/portal\\\/#website\",\"url\":\"https:\\\/\\\/www.eldiario.net\\\/portal\\\/\",\"name\":\"El Diario - Decano de la prensa nacional\",\"description\":\"El Diario - Decano de la prensa nacional\",\"publisher\":{\"@id\":\"https:\\\/\\\/www.eldiario.net\\\/portal\\\/#organization\"},\"potentialAction\":[{\"@type\":\"SearchAction\",\"target\":{\"@type\":\"EntryPoint\",\"urlTemplate\":\"https:\\\/\\\/www.eldiario.net\\\/portal\\\/?s={search_term_string}\"},\"query-input\":{\"@type\":\"PropertyValueSpecification\",\"valueRequired\":true,\"valueName\":\"search_term_string\"}}],\"inLanguage\":\"es\"},{\"@type\":\"Organization\",\"@id\":\"https:\\\/\\\/www.eldiario.net\\\/portal\\\/#organization\",\"name\":\"El Diario - Decano de la prensa nacional\",\"url\":\"https:\\\/\\\/www.eldiario.net\\\/portal\\\/\",\"logo\":{\"@type\":\"ImageObject\",\"inLanguage\":\"es\",\"@id\":\"https:\\\/\\\/www.eldiario.net\\\/portal\\\/#\\\/schema\\\/logo\\\/image\\\/\",\"url\":\"https:\\\/\\\/www.eldiario.net\\\/portal\\\/wp-content\\\/uploads\\\/2023\\\/07\\\/logo_ED.jpg\",\"contentUrl\":\"https:\\\/\\\/www.eldiario.net\\\/portal\\\/wp-content\\\/uploads\\\/2023\\\/07\\\/logo_ED.jpg\",\"width\":272,\"height\":52,\"caption\":\"El Diario - Decano de la prensa nacional\"},\"image\":{\"@id\":\"https:\\\/\\\/www.eldiario.net\\\/portal\\\/#\\\/schema\\\/logo\\\/image\\\/\"},\"sameAs\":[\"https:\\\/\\\/www.facebook.com\\\/eldiario.bolivia\\\/\",\"https:\\\/\\\/x.com\\\/eldiario_net\"]},{\"@type\":\"Person\",\"@id\":\"https:\\\/\\\/www.eldiario.net\\\/portal\\\/#\\\/schema\\\/person\\\/2c57cf2b7a7ae032e449e4c9b1019eac\",\"name\":\"Jeanette\",\"image\":{\"@type\":\"ImageObject\",\"inLanguage\":\"es\",\"@id\":\"https:\\\/\\\/secure.gravatar.com\\\/avatar\\\/3ea2118a5f7dad2b7138b1187a6b7ee55f160b9968b66013c3a3ef39dd7e5798?s=96&d=mm&r=g\",\"url\":\"https:\\\/\\\/secure.gravatar.com\\\/avatar\\\/3ea2118a5f7dad2b7138b1187a6b7ee55f160b9968b66013c3a3ef39dd7e5798?s=96&d=mm&r=g\",\"contentUrl\":\"https:\\\/\\\/secure.gravatar.com\\\/avatar\\\/3ea2118a5f7dad2b7138b1187a6b7ee55f160b9968b66013c3a3ef39dd7e5798?s=96&d=mm&r=g\",\"caption\":\"Jeanette\"},\"sameAs\":[\"https:\\\/\\\/www.eldiario.net\\\/portal\"],\"url\":\"https:\\\/\\\/www.eldiario.net\\\/portal\\\/author\\\/jeanette\\\/\"}]}<\/script>\n<!-- \/ Yoast SEO plugin. -->","yoast_head_json":{"title":"Ir\u00e1n lanza otra amenaza a Israel sobre posible ataque - El Diario - Bolivia","robots":{"index":"index","follow":"follow","max-snippet":"max-snippet:-1","max-image-preview":"max-image-preview:large","max-video-preview":"max-video-preview:-1"},"canonical":"https:\/\/www.eldiario.net\/portal\/2024\/05\/10\/iran-lanza-otra-amenaza-a-israel-sobre-posible-ataque\/","og_locale":"es_ES","og_type":"article","og_title":"Ir\u00e1n lanza otra amenaza a Israel sobre posible ataque - El Diario - Bolivia","og_description":"Un asesor del l\u00edder iran\u00ed volvi\u00f3 a amenazar con que Teher\u00e1n podr\u00eda construir un arma nuclear si decide desarrollar armamento at\u00f3mico. Mientras tanto, rebeldes hut\u00edes en Yemen, respaldados por el r\u00e9gimen persa, se atribuyeron dos ataques de misil en el Golfo de Ad\u00e9n contra dos portacontenedores con bandera paname\u00f1a que no causaron da\u00f1os. Ir\u00e1n y [&hellip;]","og_url":"https:\/\/www.eldiario.net\/portal\/2024\/05\/10\/iran-lanza-otra-amenaza-a-israel-sobre-posible-ataque\/","og_site_name":"El Diario - Bolivia","article_publisher":"https:\/\/www.facebook.com\/eldiario.bolivia\/","article_published_time":"2024-05-10T10:05:25+00:00","og_image":[{"width":800,"height":500,"url":"https:\/\/www.eldiario.net\/portal\/wp-content\/uploads\/2023\/12\/Internacional.jpg","type":"image\/jpeg"}],"author":"Jeanette","twitter_card":"summary_large_image","twitter_creator":"@eldiario_net","twitter_site":"@eldiario_net","twitter_misc":{"Escrito por":"Jeanette","Tiempo de lectura":"2 minutos"},"schema":{"@context":"https:\/\/schema.org","@graph":[{"@type":"Article","@id":"https:\/\/www.eldiario.net\/portal\/2024\/05\/10\/iran-lanza-otra-amenaza-a-israel-sobre-posible-ataque\/#article","isPartOf":{"@id":"https:\/\/www.eldiario.net\/portal\/2024\/05\/10\/iran-lanza-otra-amenaza-a-israel-sobre-posible-ataque\/"},"author":{"name":"Jeanette","@id":"https:\/\/www.eldiario.net\/portal\/#\/schema\/person\/2c57cf2b7a7ae032e449e4c9b1019eac"},"headline":"Ir\u00e1n lanza otra amenaza a Israel sobre posible ataque","datePublished":"2024-05-10T10:05:25+00:00","mainEntityOfPage":{"@id":"https:\/\/www.eldiario.net\/portal\/2024\/05\/10\/iran-lanza-otra-amenaza-a-israel-sobre-posible-ataque\/"},"wordCount":258,"commentCount":0,"publisher":{"@id":"https:\/\/www.eldiario.net\/portal\/#organization"},"image":{"@id":"https:\/\/www.eldiario.net\/portal\/2024\/05\/10\/iran-lanza-otra-amenaza-a-israel-sobre-posible-ataque\/#primaryimage"},"thumbnailUrl":"https:\/\/www.eldiario.net\/portal\/wp-content\/uploads\/2023\/12\/Internacional.jpg","articleSection":["Internacional"],"inLanguage":"es","potentialAction":[{"@type":"CommentAction","name":"Comment","target":["https:\/\/www.eldiario.net\/portal\/2024\/05\/10\/iran-lanza-otra-amenaza-a-israel-sobre-posible-ataque\/#respond"]}]},{"@type":"WebPage","@id":"https:\/\/www.eldiario.net\/portal\/2024\/05\/10\/iran-lanza-otra-amenaza-a-israel-sobre-posible-ataque\/","url":"https:\/\/www.eldiario.net\/portal\/2024\/05\/10\/iran-lanza-otra-amenaza-a-israel-sobre-posible-ataque\/","name":"Ir\u00e1n lanza otra amenaza a Israel sobre posible ataque - El Diario - Bolivia","isPartOf":{"@id":"https:\/\/www.eldiario.net\/portal\/#website"},"primaryImageOfPage":{"@id":"https:\/\/www.eldiario.net\/portal\/2024\/05\/10\/iran-lanza-otra-amenaza-a-israel-sobre-posible-ataque\/#primaryimage"},"image":{"@id":"https:\/\/www.eldiario.net\/portal\/2024\/05\/10\/iran-lanza-otra-amenaza-a-israel-sobre-posible-ataque\/#primaryimage"},"thumbnailUrl":"https:\/\/www.eldiario.net\/portal\/wp-content\/uploads\/2023\/12\/Internacional.jpg","datePublished":"2024-05-10T10:05:25+00:00","breadcrumb":{"@id":"https:\/\/www.eldiario.net\/portal\/2024\/05\/10\/iran-lanza-otra-amenaza-a-israel-sobre-posible-ataque\/#breadcrumb"},"inLanguage":"es","potentialAction":[{"@type":"ReadAction","target":["https:\/\/www.eldiario.net\/portal\/2024\/05\/10\/iran-lanza-otra-amenaza-a-israel-sobre-posible-ataque\/"]}]},{"@type":"ImageObject","inLanguage":"es","@id":"https:\/\/www.eldiario.net\/portal\/2024\/05\/10\/iran-lanza-otra-amenaza-a-israel-sobre-posible-ataque\/#primaryimage","url":"https:\/\/www.eldiario.net\/portal\/wp-content\/uploads\/2023\/12\/Internacional.jpg","contentUrl":"https:\/\/www.eldiario.net\/portal\/wp-content\/uploads\/2023\/12\/Internacional.jpg","width":800,"height":500},{"@type":"BreadcrumbList","@id":"https:\/\/www.eldiario.net\/portal\/2024\/05\/10\/iran-lanza-otra-amenaza-a-israel-sobre-posible-ataque\/#breadcrumb","itemListElement":[{"@type":"ListItem","position":1,"name":"Portada","item":"https:\/\/www.eldiario.net\/portal\/"},{"@type":"ListItem","position":2,"name":"Ir\u00e1n lanza otra amenaza a Israel sobre posible ataque"}]},{"@type":"WebSite","@id":"https:\/\/www.eldiario.net\/portal\/#website","url":"https:\/\/www.eldiario.net\/portal\/","name":"El Diario - Decano de la prensa nacional","description":"El Diario - Decano de la prensa nacional","publisher":{"@id":"https:\/\/www.eldiario.net\/portal\/#organization"},"potentialAction":[{"@type":"SearchAction","target":{"@type":"EntryPoint","urlTemplate":"https:\/\/www.eldiario.net\/portal\/?s={search_term_string}"},"query-input":{"@type":"PropertyValueSpecification","valueRequired":true,"valueName":"search_term_string"}}],"inLanguage":"es"},{"@type":"Organization","@id":"https:\/\/www.eldiario.net\/portal\/#organization","name":"El Diario - Decano de la prensa nacional","url":"https:\/\/www.eldiario.net\/portal\/","logo":{"@type":"ImageObject","inLanguage":"es","@id":"https:\/\/www.eldiario.net\/portal\/#\/schema\/logo\/image\/","url":"https:\/\/www.eldiario.net\/portal\/wp-content\/uploads\/2023\/07\/logo_ED.jpg","contentUrl":"https:\/\/www.eldiario.net\/portal\/wp-content\/uploads\/2023\/07\/logo_ED.jpg","width":272,"height":52,"caption":"El Diario - Decano de la prensa nacional"},"image":{"@id":"https:\/\/www.eldiario.net\/portal\/#\/schema\/logo\/image\/"},"sameAs":["https:\/\/www.facebook.com\/eldiario.bolivia\/","https:\/\/x.com\/eldiario_net"]},{"@type":"Person","@id":"https:\/\/www.eldiario.net\/portal\/#\/schema\/person\/2c57cf2b7a7ae032e449e4c9b1019eac","name":"Jeanette","image":{"@type":"ImageObject","inLanguage":"es","@id":"https:\/\/secure.gravatar.com\/avatar\/3ea2118a5f7dad2b7138b1187a6b7ee55f160b9968b66013c3a3ef39dd7e5798?s=96&d=mm&r=g","url":"https:\/\/secure.gravatar.com\/avatar\/3ea2118a5f7dad2b7138b1187a6b7ee55f160b9968b66013c3a3ef39dd7e5798?s=96&d=mm&r=g","contentUrl":"https:\/\/secure.gravatar.com\/avatar\/3ea2118a5f7dad2b7138b1187a6b7ee55f160b9968b66013c3a3ef39dd7e5798?s=96&d=mm&r=g","caption":"Jeanette"},"sameAs":["https:\/\/www.eldiario.net\/portal"],"url":"https:\/\/www.eldiario.net\/portal\/author\/jeanette\/"}]}},"_links":{"self":[{"href":"https:\/\/www.eldiario.net\/portal\/wp-json\/wp\/v2\/posts\/219622","targetHints":{"allow":["GET"]}}],"collection":[{"href":"https:\/\/www.eldiario.net\/portal\/wp-json\/wp\/v2\/posts"}],"about":[{"href":"https:\/\/www.eldiario.net\/portal\/wp-json\/wp\/v2\/types\/post"}],"author":[{"embeddable":true,"href":"https:\/\/www.eldiario.net\/portal\/wp-json\/wp\/v2\/users\/1"}],"replies":[{"embeddable":true,"href":"https:\/\/www.eldiario.net\/portal\/wp-json\/wp\/v2\/comments?post=219622"}],"version-history":[{"count":1,"href":"https:\/\/www.eldiario.net\/portal\/wp-json\/wp\/v2\/posts\/219622\/revisions"}],"predecessor-version":[{"id":219623,"href":"https:\/\/www.eldiario.net\/portal\/wp-json\/wp\/v2\/posts\/219622\/revisions\/219623"}],"wp:featuredmedia":[{"embeddable":true,"href":"https:\/\/www.eldiario.net\/portal\/wp-json\/wp\/v2\/media\/194703"}],"wp:attachment":[{"href":"https:\/\/www.eldiario.net\/portal\/wp-json\/wp\/v2\/media?parent=219622"}],"wp:term":[{"taxonomy":"category","embeddable":true,"href":"https:\/\/www.eldiario.net\/portal\/wp-json\/wp\/v2\/categories?post=219622"},{"taxonomy":"post_tag","embeddable":true,"href":"https:\/\/www.eldiario.net\/portal\/wp-json\/wp\/v2\/tags?post=219622"}],"curies":[{"name":"wp","href":"https:\/\/api.w.org\/{rel}","templated":true}]}}