{"id":219093,"date":"2024-05-07T07:07:31","date_gmt":"2024-05-07T11:07:31","guid":{"rendered":"https:\/\/www.eldiario.net\/portal\/?p=219093"},"modified":"2024-05-07T07:07:31","modified_gmt":"2024-05-07T11:07:31","slug":"garibay-apunta-en-alto-en-paris-2024","status":"publish","type":"post","link":"https:\/\/www.eldiario.net\/portal\/2024\/05\/07\/garibay-apunta-en-alto-en-paris-2024\/","title":{"rendered":"Garibay apunta en alto en Par\u00eds 2024"},"content":{"rendered":"<div dir=\"auto\">El maratonista H\u00e9ctor Garibay Flores regres\u00f3 este lunes al pa\u00eds, tras ganar el fin de semana la Media Marat\u00f3n de R\u00edo de Janeiro, con un tiempo de 1:03:29, e indic\u00f3 que su preparaci\u00f3n en esta recta final se realizar\u00e1 en Oruro, descartando la posibilidad de efectuar un campamento en el extranjero, con rumbo a los Juegos Ol\u00edmpico Paris 2024.<\/div>\n<div dir=\"auto\"><\/div>\n<div dir=\"auto\">A 80 d\u00edas para la inauguraci\u00f3n de los Juegos, Garibay est\u00e1 en buenas condiciones f\u00edsicas y t\u00e9cnicas, virtudes que pudo demostrar este domingo, soportando la temperatura de R\u00edo de Janeiro, que ser\u00e1 similar a lo que tendr\u00e1 que afrontar en Paris, durante la realizaci\u00f3n del evento ecum\u00e9nico, del 26 de julio al 11 de agosto.<\/div>\n<div dir=\"auto\"><\/div>\n<div dir=\"auto\">\u00abVoy a cambiar el horario de los entrenamientos, porque s\u00e9 que la temperatura ser\u00e1 alta, por eso fuimos a R\u00edo de Janeiro. Fuimos con ese objetivo m\u00e1s que todo y hemos tratado de hacer un ritmo que quer\u00edamos, que est\u00e1bamos entrenando y pudimos conseguir ese ritmo. No nos afect\u00f3 la temperatura\u00bb, declar\u00f3 Garibay en el aeropuerto internacional de El Alto, antes de retornar a Oruro.<\/div>\n<div dir=\"auto\"><\/div>\n<div dir=\"auto\">Con la participaci\u00f3n en los 21K de R\u00edo de Janeiro, Garibay finaliz\u00f3 una etapa de entrenamiento. En este per\u00edodo estuvo corriendo en distancia menores a un ritmo. Ahora, se enfocar\u00e1 en los cambios de ritmo, descartando correr en alguna prueba del pa\u00eds para evitar lesiones.<\/div>\n<div dir=\"auto\"><\/div>\n<div dir=\"auto\">Llegando a regresar a la ciudad de Sebasti\u00e1n Pagador, Garibay tendr\u00e1 un par de d\u00edas de descanso antes de volver al trabajo en esta segunda etapa. \u00abS\u00f3lo enfocar para entrenar en Oruro, ah\u00ed es donde \u00e9l bajo la marca m\u00ednima para los Juegos y tenemos que seguir as\u00ed\u00bb, mencion\u00f3 Nemia Coca, entrenadora de H\u00e9ctor.<\/div>\n<div dir=\"auto\"><\/div>\n","protected":false},"excerpt":{"rendered":"<p>El maratonista H\u00e9ctor Garibay Flores regres\u00f3 este lunes al pa\u00eds, tras ganar el fin de semana la Media Marat\u00f3n de R\u00edo de Janeiro, con un tiempo de 1:03:29, e indic\u00f3 que su preparaci\u00f3n en esta recta final se realizar\u00e1 en Oruro, descartando la posibilidad de efectuar un campamento en el extranjero, con rumbo a los [&hellip;]<\/p>\n","protected":false},"author":1,"featured_media":219094,"comment_status":"open","ping_status":"open","sticky":false,"template":"","format":"standard","meta":{"_acf_changed":false,"footnotes":""},"categories":[6],"tags":[],"class_list":["post-219093","post","type-post","status-publish","format-standard","has-post-thumbnail","category-deportes"],"acf":{"antetitulo":""},"yoast_head":"<!-- This site is optimized with the Yoast SEO plugin v28.4 - https:\/\/yoast.com\/product\/yoast-seo-wordpress\/ -->\n<title>Garibay apunta en alto en Par\u00eds 2024 - El Diario - Bolivia<\/title>\n<meta name=\"robots\" content=\"index, follow, max-snippet:-1, max-image-preview:large, max-video-preview:-1\" \/>\n<link rel=\"canonical\" href=\"https:\/\/www.eldiario.net\/portal\/2024\/05\/07\/garibay-apunta-en-alto-en-paris-2024\/\" \/>\n<meta property=\"og:locale\" content=\"es_ES\" \/>\n<meta property=\"og:type\" content=\"article\" \/>\n<meta property=\"og:title\" content=\"Garibay apunta en alto en Par\u00eds 2024 - El Diario - Bolivia\" \/>\n<meta property=\"og:description\" content=\"El maratonista H\u00e9ctor Garibay Flores regres\u00f3 este lunes al pa\u00eds, tras ganar el fin de semana la Media Marat\u00f3n de R\u00edo de Janeiro, con un tiempo de 1:03:29, e indic\u00f3 que su preparaci\u00f3n en esta recta final se realizar\u00e1 en Oruro, descartando la posibilidad de efectuar un campamento en el extranjero, con rumbo a los [&hellip;]\" \/>\n<meta property=\"og:url\" content=\"https:\/\/www.eldiario.net\/portal\/2024\/05\/07\/garibay-apunta-en-alto-en-paris-2024\/\" \/>\n<meta property=\"og:site_name\" content=\"El Diario - Bolivia\" \/>\n<meta property=\"article:publisher\" content=\"https:\/\/www.facebook.com\/eldiario.bolivia\/\" \/>\n<meta property=\"article:published_time\" content=\"2024-05-07T11:07:31+00:00\" \/>\n<meta property=\"og:image\" content=\"https:\/\/www.eldiario.net\/portal\/wp-content\/uploads\/2024\/05\/20240506187242-arribo-al-pais-el-atleta-hector-garibay-tras-obtener-el-primer-lugar-en-la-media-maraton-en-brasil-scaled.jpg\" \/>\n\t<meta property=\"og:image:width\" content=\"2560\" \/>\n\t<meta property=\"og:image:height\" content=\"1909\" \/>\n\t<meta property=\"og:image:type\" content=\"image\/jpeg\" \/>\n<meta name=\"author\" content=\"Jeanette\" \/>\n<meta name=\"twitter:card\" content=\"summary_large_image\" \/>\n<meta name=\"twitter:creator\" content=\"@eldiario_net\" \/>\n<meta name=\"twitter:site\" content=\"@eldiario_net\" \/>\n<meta name=\"twitter:label1\" content=\"Escrito por\" \/>\n\t<meta name=\"twitter:data1\" content=\"Jeanette\" \/>\n\t<meta name=\"twitter:label2\" content=\"Tiempo de lectura\" \/>\n\t<meta name=\"twitter:data2\" content=\"2 minutos\" \/>\n<script type=\"application\/ld+json\" class=\"yoast-schema-graph\">{\"@context\":\"https:\\\/\\\/schema.org\",\"@graph\":[{\"@type\":\"Article\",\"@id\":\"https:\\\/\\\/www.eldiario.net\\\/portal\\\/2024\\\/05\\\/07\\\/garibay-apunta-en-alto-en-paris-2024\\\/#article\",\"isPartOf\":{\"@id\":\"https:\\\/\\\/www.eldiario.net\\\/portal\\\/2024\\\/05\\\/07\\\/garibay-apunta-en-alto-en-paris-2024\\\/\"},\"author\":{\"name\":\"Jeanette\",\"@id\":\"https:\\\/\\\/www.eldiario.net\\\/portal\\\/#\\\/schema\\\/person\\\/f46445640444750d7d753ccd04ae01b7\"},\"headline\":\"Garibay apunta en alto en Par\u00eds 2024\",\"datePublished\":\"2024-05-07T11:07:31+00:00\",\"mainEntityOfPage\":{\"@id\":\"https:\\\/\\\/www.eldiario.net\\\/portal\\\/2024\\\/05\\\/07\\\/garibay-apunta-en-alto-en-paris-2024\\\/\"},\"wordCount\":306,\"commentCount\":0,\"publisher\":{\"@id\":\"https:\\\/\\\/www.eldiario.net\\\/portal\\\/#organization\"},\"image\":{\"@id\":\"https:\\\/\\\/www.eldiario.net\\\/portal\\\/2024\\\/05\\\/07\\\/garibay-apunta-en-alto-en-paris-2024\\\/#primaryimage\"},\"thumbnailUrl\":\"https:\\\/\\\/www.eldiario.net\\\/portal\\\/wp-content\\\/uploads\\\/2024\\\/05\\\/20240506187242-arribo-al-pais-el-atleta-hector-garibay-tras-obtener-el-primer-lugar-en-la-media-maraton-en-brasil-scaled.jpg\",\"articleSection\":[\"Deportes\"],\"inLanguage\":\"es\",\"potentialAction\":[{\"@type\":\"CommentAction\",\"name\":\"Comment\",\"target\":[\"https:\\\/\\\/www.eldiario.net\\\/portal\\\/2024\\\/05\\\/07\\\/garibay-apunta-en-alto-en-paris-2024\\\/#respond\"]}]},{\"@type\":\"WebPage\",\"@id\":\"https:\\\/\\\/www.eldiario.net\\\/portal\\\/2024\\\/05\\\/07\\\/garibay-apunta-en-alto-en-paris-2024\\\/\",\"url\":\"https:\\\/\\\/www.eldiario.net\\\/portal\\\/2024\\\/05\\\/07\\\/garibay-apunta-en-alto-en-paris-2024\\\/\",\"name\":\"Garibay apunta en alto en Par\u00eds 2024 - El Diario - Bolivia\",\"isPartOf\":{\"@id\":\"https:\\\/\\\/www.eldiario.net\\\/portal\\\/#website\"},\"primaryImageOfPage\":{\"@id\":\"https:\\\/\\\/www.eldiario.net\\\/portal\\\/2024\\\/05\\\/07\\\/garibay-apunta-en-alto-en-paris-2024\\\/#primaryimage\"},\"image\":{\"@id\":\"https:\\\/\\\/www.eldiario.net\\\/portal\\\/2024\\\/05\\\/07\\\/garibay-apunta-en-alto-en-paris-2024\\\/#primaryimage\"},\"thumbnailUrl\":\"https:\\\/\\\/www.eldiario.net\\\/portal\\\/wp-content\\\/uploads\\\/2024\\\/05\\\/20240506187242-arribo-al-pais-el-atleta-hector-garibay-tras-obtener-el-primer-lugar-en-la-media-maraton-en-brasil-scaled.jpg\",\"datePublished\":\"2024-05-07T11:07:31+00:00\",\"breadcrumb\":{\"@id\":\"https:\\\/\\\/www.eldiario.net\\\/portal\\\/2024\\\/05\\\/07\\\/garibay-apunta-en-alto-en-paris-2024\\\/#breadcrumb\"},\"inLanguage\":\"es\",\"potentialAction\":[{\"@type\":\"ReadAction\",\"target\":[\"https:\\\/\\\/www.eldiario.net\\\/portal\\\/2024\\\/05\\\/07\\\/garibay-apunta-en-alto-en-paris-2024\\\/\"]}]},{\"@type\":\"ImageObject\",\"inLanguage\":\"es\",\"@id\":\"https:\\\/\\\/www.eldiario.net\\\/portal\\\/2024\\\/05\\\/07\\\/garibay-apunta-en-alto-en-paris-2024\\\/#primaryimage\",\"url\":\"https:\\\/\\\/www.eldiario.net\\\/portal\\\/wp-content\\\/uploads\\\/2024\\\/05\\\/20240506187242-arribo-al-pais-el-atleta-hector-garibay-tras-obtener-el-primer-lugar-en-la-media-maraton-en-brasil-scaled.jpg\",\"contentUrl\":\"https:\\\/\\\/www.eldiario.net\\\/portal\\\/wp-content\\\/uploads\\\/2024\\\/05\\\/20240506187242-arribo-al-pais-el-atleta-hector-garibay-tras-obtener-el-primer-lugar-en-la-media-maraton-en-brasil-scaled.jpg\",\"width\":2560,\"height\":1909},{\"@type\":\"BreadcrumbList\",\"@id\":\"https:\\\/\\\/www.eldiario.net\\\/portal\\\/2024\\\/05\\\/07\\\/garibay-apunta-en-alto-en-paris-2024\\\/#breadcrumb\",\"itemListElement\":[{\"@type\":\"ListItem\",\"position\":1,\"name\":\"Portada\",\"item\":\"https:\\\/\\\/www.eldiario.net\\\/portal\\\/\"},{\"@type\":\"ListItem\",\"position\":2,\"name\":\"Garibay apunta en alto en Par\u00eds 2024\"}]},{\"@type\":\"WebSite\",\"@id\":\"https:\\\/\\\/www.eldiario.net\\\/portal\\\/#website\",\"url\":\"https:\\\/\\\/www.eldiario.net\\\/portal\\\/\",\"name\":\"El Diario - Decano de la prensa nacional\",\"description\":\"El Diario - Decano de la prensa nacional\",\"publisher\":{\"@id\":\"https:\\\/\\\/www.eldiario.net\\\/portal\\\/#organization\"},\"potentialAction\":[{\"@type\":\"SearchAction\",\"target\":{\"@type\":\"EntryPoint\",\"urlTemplate\":\"https:\\\/\\\/www.eldiario.net\\\/portal\\\/?s={search_term_string}\"},\"query-input\":{\"@type\":\"PropertyValueSpecification\",\"valueRequired\":true,\"valueName\":\"search_term_string\"}}],\"inLanguage\":\"es\"},{\"@type\":\"Organization\",\"@id\":\"https:\\\/\\\/www.eldiario.net\\\/portal\\\/#organization\",\"name\":\"El Diario - Decano de la prensa nacional\",\"url\":\"https:\\\/\\\/www.eldiario.net\\\/portal\\\/\",\"logo\":{\"@type\":\"ImageObject\",\"inLanguage\":\"es\",\"@id\":\"https:\\\/\\\/www.eldiario.net\\\/portal\\\/#\\\/schema\\\/logo\\\/image\\\/\",\"url\":\"https:\\\/\\\/www.eldiario.net\\\/portal\\\/wp-content\\\/uploads\\\/2023\\\/07\\\/logo_ED.jpg\",\"contentUrl\":\"https:\\\/\\\/www.eldiario.net\\\/portal\\\/wp-content\\\/uploads\\\/2023\\\/07\\\/logo_ED.jpg\",\"width\":272,\"height\":52,\"caption\":\"El Diario - Decano de la prensa nacional\"},\"image\":{\"@id\":\"https:\\\/\\\/www.eldiario.net\\\/portal\\\/#\\\/schema\\\/logo\\\/image\\\/\"},\"sameAs\":[\"https:\\\/\\\/www.facebook.com\\\/eldiario.bolivia\\\/\",\"https:\\\/\\\/x.com\\\/eldiario_net\"]},{\"@type\":\"Person\",\"@id\":\"https:\\\/\\\/www.eldiario.net\\\/portal\\\/#\\\/schema\\\/person\\\/f46445640444750d7d753ccd04ae01b7\",\"name\":\"Jeanette\",\"image\":{\"@type\":\"ImageObject\",\"inLanguage\":\"es\",\"@id\":\"https:\\\/\\\/secure.gravatar.com\\\/avatar\\\/3ea2118a5f7dad2b7138b1187a6b7ee55f160b9968b66013c3a3ef39dd7e5798?s=96&d=mm&r=g\",\"url\":\"https:\\\/\\\/secure.gravatar.com\\\/avatar\\\/3ea2118a5f7dad2b7138b1187a6b7ee55f160b9968b66013c3a3ef39dd7e5798?s=96&d=mm&r=g\",\"contentUrl\":\"https:\\\/\\\/secure.gravatar.com\\\/avatar\\\/3ea2118a5f7dad2b7138b1187a6b7ee55f160b9968b66013c3a3ef39dd7e5798?s=96&d=mm&r=g\",\"caption\":\"Jeanette\"},\"sameAs\":[\"https:\\\/\\\/www.eldiario.net\\\/portal\"],\"url\":\"https:\\\/\\\/www.eldiario.net\\\/portal\\\/author\\\/jeanette\\\/\"}]}<\/script>\n<!-- \/ Yoast SEO plugin. -->","yoast_head_json":{"title":"Garibay apunta en alto en Par\u00eds 2024 - El Diario - Bolivia","robots":{"index":"index","follow":"follow","max-snippet":"max-snippet:-1","max-image-preview":"max-image-preview:large","max-video-preview":"max-video-preview:-1"},"canonical":"https:\/\/www.eldiario.net\/portal\/2024\/05\/07\/garibay-apunta-en-alto-en-paris-2024\/","og_locale":"es_ES","og_type":"article","og_title":"Garibay apunta en alto en Par\u00eds 2024 - El Diario - Bolivia","og_description":"El maratonista H\u00e9ctor Garibay Flores regres\u00f3 este lunes al pa\u00eds, tras ganar el fin de semana la Media Marat\u00f3n de R\u00edo de Janeiro, con un tiempo de 1:03:29, e indic\u00f3 que su preparaci\u00f3n en esta recta final se realizar\u00e1 en Oruro, descartando la posibilidad de efectuar un campamento en el extranjero, con rumbo a los [&hellip;]","og_url":"https:\/\/www.eldiario.net\/portal\/2024\/05\/07\/garibay-apunta-en-alto-en-paris-2024\/","og_site_name":"El Diario - Bolivia","article_publisher":"https:\/\/www.facebook.com\/eldiario.bolivia\/","article_published_time":"2024-05-07T11:07:31+00:00","og_image":[{"width":2560,"height":1909,"url":"https:\/\/www.eldiario.net\/portal\/wp-content\/uploads\/2024\/05\/20240506187242-arribo-al-pais-el-atleta-hector-garibay-tras-obtener-el-primer-lugar-en-la-media-maraton-en-brasil-scaled.jpg","type":"image\/jpeg"}],"author":"Jeanette","twitter_card":"summary_large_image","twitter_creator":"@eldiario_net","twitter_site":"@eldiario_net","twitter_misc":{"Escrito por":"Jeanette","Tiempo de lectura":"2 minutos"},"schema":{"@context":"https:\/\/schema.org","@graph":[{"@type":"Article","@id":"https:\/\/www.eldiario.net\/portal\/2024\/05\/07\/garibay-apunta-en-alto-en-paris-2024\/#article","isPartOf":{"@id":"https:\/\/www.eldiario.net\/portal\/2024\/05\/07\/garibay-apunta-en-alto-en-paris-2024\/"},"author":{"name":"Jeanette","@id":"https:\/\/www.eldiario.net\/portal\/#\/schema\/person\/f46445640444750d7d753ccd04ae01b7"},"headline":"Garibay apunta en alto en Par\u00eds 2024","datePublished":"2024-05-07T11:07:31+00:00","mainEntityOfPage":{"@id":"https:\/\/www.eldiario.net\/portal\/2024\/05\/07\/garibay-apunta-en-alto-en-paris-2024\/"},"wordCount":306,"commentCount":0,"publisher":{"@id":"https:\/\/www.eldiario.net\/portal\/#organization"},"image":{"@id":"https:\/\/www.eldiario.net\/portal\/2024\/05\/07\/garibay-apunta-en-alto-en-paris-2024\/#primaryimage"},"thumbnailUrl":"https:\/\/www.eldiario.net\/portal\/wp-content\/uploads\/2024\/05\/20240506187242-arribo-al-pais-el-atleta-hector-garibay-tras-obtener-el-primer-lugar-en-la-media-maraton-en-brasil-scaled.jpg","articleSection":["Deportes"],"inLanguage":"es","potentialAction":[{"@type":"CommentAction","name":"Comment","target":["https:\/\/www.eldiario.net\/portal\/2024\/05\/07\/garibay-apunta-en-alto-en-paris-2024\/#respond"]}]},{"@type":"WebPage","@id":"https:\/\/www.eldiario.net\/portal\/2024\/05\/07\/garibay-apunta-en-alto-en-paris-2024\/","url":"https:\/\/www.eldiario.net\/portal\/2024\/05\/07\/garibay-apunta-en-alto-en-paris-2024\/","name":"Garibay apunta en alto en Par\u00eds 2024 - El Diario - Bolivia","isPartOf":{"@id":"https:\/\/www.eldiario.net\/portal\/#website"},"primaryImageOfPage":{"@id":"https:\/\/www.eldiario.net\/portal\/2024\/05\/07\/garibay-apunta-en-alto-en-paris-2024\/#primaryimage"},"image":{"@id":"https:\/\/www.eldiario.net\/portal\/2024\/05\/07\/garibay-apunta-en-alto-en-paris-2024\/#primaryimage"},"thumbnailUrl":"https:\/\/www.eldiario.net\/portal\/wp-content\/uploads\/2024\/05\/20240506187242-arribo-al-pais-el-atleta-hector-garibay-tras-obtener-el-primer-lugar-en-la-media-maraton-en-brasil-scaled.jpg","datePublished":"2024-05-07T11:07:31+00:00","breadcrumb":{"@id":"https:\/\/www.eldiario.net\/portal\/2024\/05\/07\/garibay-apunta-en-alto-en-paris-2024\/#breadcrumb"},"inLanguage":"es","potentialAction":[{"@type":"ReadAction","target":["https:\/\/www.eldiario.net\/portal\/2024\/05\/07\/garibay-apunta-en-alto-en-paris-2024\/"]}]},{"@type":"ImageObject","inLanguage":"es","@id":"https:\/\/www.eldiario.net\/portal\/2024\/05\/07\/garibay-apunta-en-alto-en-paris-2024\/#primaryimage","url":"https:\/\/www.eldiario.net\/portal\/wp-content\/uploads\/2024\/05\/20240506187242-arribo-al-pais-el-atleta-hector-garibay-tras-obtener-el-primer-lugar-en-la-media-maraton-en-brasil-scaled.jpg","contentUrl":"https:\/\/www.eldiario.net\/portal\/wp-content\/uploads\/2024\/05\/20240506187242-arribo-al-pais-el-atleta-hector-garibay-tras-obtener-el-primer-lugar-en-la-media-maraton-en-brasil-scaled.jpg","width":2560,"height":1909},{"@type":"BreadcrumbList","@id":"https:\/\/www.eldiario.net\/portal\/2024\/05\/07\/garibay-apunta-en-alto-en-paris-2024\/#breadcrumb","itemListElement":[{"@type":"ListItem","position":1,"name":"Portada","item":"https:\/\/www.eldiario.net\/portal\/"},{"@type":"ListItem","position":2,"name":"Garibay apunta en alto en Par\u00eds 2024"}]},{"@type":"WebSite","@id":"https:\/\/www.eldiario.net\/portal\/#website","url":"https:\/\/www.eldiario.net\/portal\/","name":"El Diario - Decano de la prensa nacional","description":"El Diario - Decano de la prensa nacional","publisher":{"@id":"https:\/\/www.eldiario.net\/portal\/#organization"},"potentialAction":[{"@type":"SearchAction","target":{"@type":"EntryPoint","urlTemplate":"https:\/\/www.eldiario.net\/portal\/?s={search_term_string}"},"query-input":{"@type":"PropertyValueSpecification","valueRequired":true,"valueName":"search_term_string"}}],"inLanguage":"es"},{"@type":"Organization","@id":"https:\/\/www.eldiario.net\/portal\/#organization","name":"El Diario - Decano de la prensa nacional","url":"https:\/\/www.eldiario.net\/portal\/","logo":{"@type":"ImageObject","inLanguage":"es","@id":"https:\/\/www.eldiario.net\/portal\/#\/schema\/logo\/image\/","url":"https:\/\/www.eldiario.net\/portal\/wp-content\/uploads\/2023\/07\/logo_ED.jpg","contentUrl":"https:\/\/www.eldiario.net\/portal\/wp-content\/uploads\/2023\/07\/logo_ED.jpg","width":272,"height":52,"caption":"El Diario - Decano de la prensa nacional"},"image":{"@id":"https:\/\/www.eldiario.net\/portal\/#\/schema\/logo\/image\/"},"sameAs":["https:\/\/www.facebook.com\/eldiario.bolivia\/","https:\/\/x.com\/eldiario_net"]},{"@type":"Person","@id":"https:\/\/www.eldiario.net\/portal\/#\/schema\/person\/f46445640444750d7d753ccd04ae01b7","name":"Jeanette","image":{"@type":"ImageObject","inLanguage":"es","@id":"https:\/\/secure.gravatar.com\/avatar\/3ea2118a5f7dad2b7138b1187a6b7ee55f160b9968b66013c3a3ef39dd7e5798?s=96&d=mm&r=g","url":"https:\/\/secure.gravatar.com\/avatar\/3ea2118a5f7dad2b7138b1187a6b7ee55f160b9968b66013c3a3ef39dd7e5798?s=96&d=mm&r=g","contentUrl":"https:\/\/secure.gravatar.com\/avatar\/3ea2118a5f7dad2b7138b1187a6b7ee55f160b9968b66013c3a3ef39dd7e5798?s=96&d=mm&r=g","caption":"Jeanette"},"sameAs":["https:\/\/www.eldiario.net\/portal"],"url":"https:\/\/www.eldiario.net\/portal\/author\/jeanette\/"}]}},"_links":{"self":[{"href":"https:\/\/www.eldiario.net\/portal\/wp-json\/wp\/v2\/posts\/219093","targetHints":{"allow":["GET"]}}],"collection":[{"href":"https:\/\/www.eldiario.net\/portal\/wp-json\/wp\/v2\/posts"}],"about":[{"href":"https:\/\/www.eldiario.net\/portal\/wp-json\/wp\/v2\/types\/post"}],"author":[{"embeddable":true,"href":"https:\/\/www.eldiario.net\/portal\/wp-json\/wp\/v2\/users\/1"}],"replies":[{"embeddable":true,"href":"https:\/\/www.eldiario.net\/portal\/wp-json\/wp\/v2\/comments?post=219093"}],"version-history":[{"count":1,"href":"https:\/\/www.eldiario.net\/portal\/wp-json\/wp\/v2\/posts\/219093\/revisions"}],"predecessor-version":[{"id":219095,"href":"https:\/\/www.eldiario.net\/portal\/wp-json\/wp\/v2\/posts\/219093\/revisions\/219095"}],"wp:featuredmedia":[{"embeddable":true,"href":"https:\/\/www.eldiario.net\/portal\/wp-json\/wp\/v2\/media\/219094"}],"wp:attachment":[{"href":"https:\/\/www.eldiario.net\/portal\/wp-json\/wp\/v2\/media?parent=219093"}],"wp:term":[{"taxonomy":"category","embeddable":true,"href":"https:\/\/www.eldiario.net\/portal\/wp-json\/wp\/v2\/categories?post=219093"},{"taxonomy":"post_tag","embeddable":true,"href":"https:\/\/www.eldiario.net\/portal\/wp-json\/wp\/v2\/tags?post=219093"}],"curies":[{"name":"wp","href":"https:\/\/api.w.org\/{rel}","templated":true}]}}