{"id":219090,"date":"2024-05-07T07:05:03","date_gmt":"2024-05-07T11:05:03","guid":{"rendered":"https:\/\/www.eldiario.net\/portal\/?p=219090"},"modified":"2024-05-07T07:05:03","modified_gmt":"2024-05-07T11:05:03","slug":"manana-ponen-a-la-venta-las-entradas-para-the-strongest-vs-estudiantes-de-la-plata","status":"publish","type":"post","link":"https:\/\/www.eldiario.net\/portal\/2024\/05\/07\/manana-ponen-a-la-venta-las-entradas-para-the-strongest-vs-estudiantes-de-la-plata\/","title":{"rendered":"Ma\u00f1ana ponen a la venta las entradas para The Strongest vs. Estudiantes de La Plata"},"content":{"rendered":"<p>El Directorio de The Strongest inform\u00f3 este lunes, que a partir de ma\u00f1ana martes 7 de mayo, podr\u00e1n a la venta las localidades para el encuentro frente a Estudiantes de La Plata (flamante campe\u00f3n argentino), por la cuarta fecha de la fase de grupos de la Copa CONMEBOL Libertadores.<\/p>\n<p>Los puntos de venta habituales son la sede de la Calle Col\u00f3n y en la calle 15 de Calacoto. En el d\u00eda del partido que es el jueves 9, en la avenida Busch, en la Plaza Uyuni y en la avenida Saavedra esquina D\u00edaz Romero.<\/p>\n<p>La escala de precios es la siguiente: Butaca A Bs 150, Preferencia Bs 100, Recta general Bs 60 y Curva Sur Bs 40.<\/p>\n<p>En tanto, el plantel cumpli\u00f3 pr\u00e1cticas hoy, bajo las \u00f3rdenes de Ismael Rescalvo quien perfil\u00f3 el once titular para el compromiso por Copa Libertadores. Entre las novedades est\u00e1 la reaparici\u00f3n del goleador Enrique Triverio en la delantera, adem\u00e1s de la inclusi\u00f3n \u00c1lvaro Quiroga en el mediocampo.<\/p>\n<p>&nbsp;<\/p>\n","protected":false},"excerpt":{"rendered":"<p>El Directorio de The Strongest inform\u00f3 este lunes, que a partir de ma\u00f1ana martes 7 de mayo, podr\u00e1n a la venta las localidades para el encuentro frente a Estudiantes de La Plata (flamante campe\u00f3n argentino), por la cuarta fecha de la fase de grupos de la Copa CONMEBOL Libertadores. Los puntos de venta habituales son [&hellip;]<\/p>\n","protected":false},"author":1,"featured_media":219091,"comment_status":"open","ping_status":"open","sticky":false,"template":"","format":"standard","meta":{"_acf_changed":false,"footnotes":""},"categories":[6],"tags":[],"class_list":["post-219090","post","type-post","status-publish","format-standard","has-post-thumbnail","category-deportes"],"acf":{"antetitulo":""},"yoast_head":"<!-- This site is optimized with the Yoast SEO plugin v28.4 - https:\/\/yoast.com\/product\/yoast-seo-wordpress\/ -->\n<title>Ma\u00f1ana ponen a la venta las entradas para The Strongest vs. Estudiantes de La Plata - El Diario - Bolivia<\/title>\n<meta name=\"robots\" content=\"index, follow, max-snippet:-1, max-image-preview:large, max-video-preview:-1\" \/>\n<link rel=\"canonical\" href=\"https:\/\/www.eldiario.net\/portal\/2024\/05\/07\/manana-ponen-a-la-venta-las-entradas-para-the-strongest-vs-estudiantes-de-la-plata\/\" \/>\n<meta property=\"og:locale\" content=\"es_ES\" \/>\n<meta property=\"og:type\" content=\"article\" \/>\n<meta property=\"og:title\" content=\"Ma\u00f1ana ponen a la venta las entradas para The Strongest vs. Estudiantes de La Plata - El Diario - Bolivia\" \/>\n<meta property=\"og:description\" content=\"El Directorio de The Strongest inform\u00f3 este lunes, que a partir de ma\u00f1ana martes 7 de mayo, podr\u00e1n a la venta las localidades para el encuentro frente a Estudiantes de La Plata (flamante campe\u00f3n argentino), por la cuarta fecha de la fase de grupos de la Copa CONMEBOL Libertadores. Los puntos de venta habituales son [&hellip;]\" \/>\n<meta property=\"og:url\" content=\"https:\/\/www.eldiario.net\/portal\/2024\/05\/07\/manana-ponen-a-la-venta-las-entradas-para-the-strongest-vs-estudiantes-de-la-plata\/\" \/>\n<meta property=\"og:site_name\" content=\"El Diario - Bolivia\" \/>\n<meta property=\"article:publisher\" content=\"https:\/\/www.facebook.com\/eldiario.bolivia\/\" \/>\n<meta property=\"article:published_time\" content=\"2024-05-07T11:05:03+00:00\" \/>\n<meta property=\"og:image\" content=\"https:\/\/www.eldiario.net\/portal\/wp-content\/uploads\/2024\/05\/The-Strongest-06.jpg\" \/>\n\t<meta property=\"og:image:width\" content=\"1600\" \/>\n\t<meta property=\"og:image:height\" content=\"1600\" \/>\n\t<meta property=\"og:image:type\" content=\"image\/jpeg\" \/>\n<meta name=\"author\" content=\"Jeanette\" \/>\n<meta name=\"twitter:card\" content=\"summary_large_image\" \/>\n<meta name=\"twitter:creator\" content=\"@eldiario_net\" \/>\n<meta name=\"twitter:site\" content=\"@eldiario_net\" \/>\n<meta name=\"twitter:label1\" content=\"Escrito por\" \/>\n\t<meta name=\"twitter:data1\" content=\"Jeanette\" \/>\n\t<meta name=\"twitter:label2\" content=\"Tiempo de lectura\" \/>\n\t<meta name=\"twitter:data2\" content=\"1 minuto\" \/>\n<script type=\"application\/ld+json\" class=\"yoast-schema-graph\">{\"@context\":\"https:\\\/\\\/schema.org\",\"@graph\":[{\"@type\":\"Article\",\"@id\":\"https:\\\/\\\/www.eldiario.net\\\/portal\\\/2024\\\/05\\\/07\\\/manana-ponen-a-la-venta-las-entradas-para-the-strongest-vs-estudiantes-de-la-plata\\\/#article\",\"isPartOf\":{\"@id\":\"https:\\\/\\\/www.eldiario.net\\\/portal\\\/2024\\\/05\\\/07\\\/manana-ponen-a-la-venta-las-entradas-para-the-strongest-vs-estudiantes-de-la-plata\\\/\"},\"author\":{\"name\":\"Jeanette\",\"@id\":\"https:\\\/\\\/www.eldiario.net\\\/portal\\\/#\\\/schema\\\/person\\\/f46445640444750d7d753ccd04ae01b7\"},\"headline\":\"Ma\u00f1ana ponen a la venta las entradas para The Strongest vs. Estudiantes de La Plata\",\"datePublished\":\"2024-05-07T11:05:03+00:00\",\"mainEntityOfPage\":{\"@id\":\"https:\\\/\\\/www.eldiario.net\\\/portal\\\/2024\\\/05\\\/07\\\/manana-ponen-a-la-venta-las-entradas-para-the-strongest-vs-estudiantes-de-la-plata\\\/\"},\"wordCount\":183,\"commentCount\":0,\"publisher\":{\"@id\":\"https:\\\/\\\/www.eldiario.net\\\/portal\\\/#organization\"},\"image\":{\"@id\":\"https:\\\/\\\/www.eldiario.net\\\/portal\\\/2024\\\/05\\\/07\\\/manana-ponen-a-la-venta-las-entradas-para-the-strongest-vs-estudiantes-de-la-plata\\\/#primaryimage\"},\"thumbnailUrl\":\"https:\\\/\\\/www.eldiario.net\\\/portal\\\/wp-content\\\/uploads\\\/2024\\\/05\\\/The-Strongest-06.jpg\",\"articleSection\":[\"Deportes\"],\"inLanguage\":\"es\",\"potentialAction\":[{\"@type\":\"CommentAction\",\"name\":\"Comment\",\"target\":[\"https:\\\/\\\/www.eldiario.net\\\/portal\\\/2024\\\/05\\\/07\\\/manana-ponen-a-la-venta-las-entradas-para-the-strongest-vs-estudiantes-de-la-plata\\\/#respond\"]}]},{\"@type\":\"WebPage\",\"@id\":\"https:\\\/\\\/www.eldiario.net\\\/portal\\\/2024\\\/05\\\/07\\\/manana-ponen-a-la-venta-las-entradas-para-the-strongest-vs-estudiantes-de-la-plata\\\/\",\"url\":\"https:\\\/\\\/www.eldiario.net\\\/portal\\\/2024\\\/05\\\/07\\\/manana-ponen-a-la-venta-las-entradas-para-the-strongest-vs-estudiantes-de-la-plata\\\/\",\"name\":\"Ma\u00f1ana ponen a la venta las entradas para The Strongest vs. Estudiantes de La Plata - El Diario - Bolivia\",\"isPartOf\":{\"@id\":\"https:\\\/\\\/www.eldiario.net\\\/portal\\\/#website\"},\"primaryImageOfPage\":{\"@id\":\"https:\\\/\\\/www.eldiario.net\\\/portal\\\/2024\\\/05\\\/07\\\/manana-ponen-a-la-venta-las-entradas-para-the-strongest-vs-estudiantes-de-la-plata\\\/#primaryimage\"},\"image\":{\"@id\":\"https:\\\/\\\/www.eldiario.net\\\/portal\\\/2024\\\/05\\\/07\\\/manana-ponen-a-la-venta-las-entradas-para-the-strongest-vs-estudiantes-de-la-plata\\\/#primaryimage\"},\"thumbnailUrl\":\"https:\\\/\\\/www.eldiario.net\\\/portal\\\/wp-content\\\/uploads\\\/2024\\\/05\\\/The-Strongest-06.jpg\",\"datePublished\":\"2024-05-07T11:05:03+00:00\",\"breadcrumb\":{\"@id\":\"https:\\\/\\\/www.eldiario.net\\\/portal\\\/2024\\\/05\\\/07\\\/manana-ponen-a-la-venta-las-entradas-para-the-strongest-vs-estudiantes-de-la-plata\\\/#breadcrumb\"},\"inLanguage\":\"es\",\"potentialAction\":[{\"@type\":\"ReadAction\",\"target\":[\"https:\\\/\\\/www.eldiario.net\\\/portal\\\/2024\\\/05\\\/07\\\/manana-ponen-a-la-venta-las-entradas-para-the-strongest-vs-estudiantes-de-la-plata\\\/\"]}]},{\"@type\":\"ImageObject\",\"inLanguage\":\"es\",\"@id\":\"https:\\\/\\\/www.eldiario.net\\\/portal\\\/2024\\\/05\\\/07\\\/manana-ponen-a-la-venta-las-entradas-para-the-strongest-vs-estudiantes-de-la-plata\\\/#primaryimage\",\"url\":\"https:\\\/\\\/www.eldiario.net\\\/portal\\\/wp-content\\\/uploads\\\/2024\\\/05\\\/The-Strongest-06.jpg\",\"contentUrl\":\"https:\\\/\\\/www.eldiario.net\\\/portal\\\/wp-content\\\/uploads\\\/2024\\\/05\\\/The-Strongest-06.jpg\",\"width\":1600,\"height\":1600},{\"@type\":\"BreadcrumbList\",\"@id\":\"https:\\\/\\\/www.eldiario.net\\\/portal\\\/2024\\\/05\\\/07\\\/manana-ponen-a-la-venta-las-entradas-para-the-strongest-vs-estudiantes-de-la-plata\\\/#breadcrumb\",\"itemListElement\":[{\"@type\":\"ListItem\",\"position\":1,\"name\":\"Portada\",\"item\":\"https:\\\/\\\/www.eldiario.net\\\/portal\\\/\"},{\"@type\":\"ListItem\",\"position\":2,\"name\":\"Ma\u00f1ana ponen a la venta las entradas para The Strongest vs. Estudiantes de La Plata\"}]},{\"@type\":\"WebSite\",\"@id\":\"https:\\\/\\\/www.eldiario.net\\\/portal\\\/#website\",\"url\":\"https:\\\/\\\/www.eldiario.net\\\/portal\\\/\",\"name\":\"El Diario - Decano de la prensa nacional\",\"description\":\"El Diario - Decano de la prensa nacional\",\"publisher\":{\"@id\":\"https:\\\/\\\/www.eldiario.net\\\/portal\\\/#organization\"},\"potentialAction\":[{\"@type\":\"SearchAction\",\"target\":{\"@type\":\"EntryPoint\",\"urlTemplate\":\"https:\\\/\\\/www.eldiario.net\\\/portal\\\/?s={search_term_string}\"},\"query-input\":{\"@type\":\"PropertyValueSpecification\",\"valueRequired\":true,\"valueName\":\"search_term_string\"}}],\"inLanguage\":\"es\"},{\"@type\":\"Organization\",\"@id\":\"https:\\\/\\\/www.eldiario.net\\\/portal\\\/#organization\",\"name\":\"El Diario - Decano de la prensa nacional\",\"url\":\"https:\\\/\\\/www.eldiario.net\\\/portal\\\/\",\"logo\":{\"@type\":\"ImageObject\",\"inLanguage\":\"es\",\"@id\":\"https:\\\/\\\/www.eldiario.net\\\/portal\\\/#\\\/schema\\\/logo\\\/image\\\/\",\"url\":\"https:\\\/\\\/www.eldiario.net\\\/portal\\\/wp-content\\\/uploads\\\/2023\\\/07\\\/logo_ED.jpg\",\"contentUrl\":\"https:\\\/\\\/www.eldiario.net\\\/portal\\\/wp-content\\\/uploads\\\/2023\\\/07\\\/logo_ED.jpg\",\"width\":272,\"height\":52,\"caption\":\"El Diario - Decano de la prensa nacional\"},\"image\":{\"@id\":\"https:\\\/\\\/www.eldiario.net\\\/portal\\\/#\\\/schema\\\/logo\\\/image\\\/\"},\"sameAs\":[\"https:\\\/\\\/www.facebook.com\\\/eldiario.bolivia\\\/\",\"https:\\\/\\\/x.com\\\/eldiario_net\"]},{\"@type\":\"Person\",\"@id\":\"https:\\\/\\\/www.eldiario.net\\\/portal\\\/#\\\/schema\\\/person\\\/f46445640444750d7d753ccd04ae01b7\",\"name\":\"Jeanette\",\"image\":{\"@type\":\"ImageObject\",\"inLanguage\":\"es\",\"@id\":\"https:\\\/\\\/secure.gravatar.com\\\/avatar\\\/3ea2118a5f7dad2b7138b1187a6b7ee55f160b9968b66013c3a3ef39dd7e5798?s=96&d=mm&r=g\",\"url\":\"https:\\\/\\\/secure.gravatar.com\\\/avatar\\\/3ea2118a5f7dad2b7138b1187a6b7ee55f160b9968b66013c3a3ef39dd7e5798?s=96&d=mm&r=g\",\"contentUrl\":\"https:\\\/\\\/secure.gravatar.com\\\/avatar\\\/3ea2118a5f7dad2b7138b1187a6b7ee55f160b9968b66013c3a3ef39dd7e5798?s=96&d=mm&r=g\",\"caption\":\"Jeanette\"},\"sameAs\":[\"https:\\\/\\\/www.eldiario.net\\\/portal\"],\"url\":\"https:\\\/\\\/www.eldiario.net\\\/portal\\\/author\\\/jeanette\\\/\"}]}<\/script>\n<!-- \/ Yoast SEO plugin. -->","yoast_head_json":{"title":"Ma\u00f1ana ponen a la venta las entradas para The Strongest vs. Estudiantes de La Plata - El Diario - Bolivia","robots":{"index":"index","follow":"follow","max-snippet":"max-snippet:-1","max-image-preview":"max-image-preview:large","max-video-preview":"max-video-preview:-1"},"canonical":"https:\/\/www.eldiario.net\/portal\/2024\/05\/07\/manana-ponen-a-la-venta-las-entradas-para-the-strongest-vs-estudiantes-de-la-plata\/","og_locale":"es_ES","og_type":"article","og_title":"Ma\u00f1ana ponen a la venta las entradas para The Strongest vs. Estudiantes de La Plata - El Diario - Bolivia","og_description":"El Directorio de The Strongest inform\u00f3 este lunes, que a partir de ma\u00f1ana martes 7 de mayo, podr\u00e1n a la venta las localidades para el encuentro frente a Estudiantes de La Plata (flamante campe\u00f3n argentino), por la cuarta fecha de la fase de grupos de la Copa CONMEBOL Libertadores. Los puntos de venta habituales son [&hellip;]","og_url":"https:\/\/www.eldiario.net\/portal\/2024\/05\/07\/manana-ponen-a-la-venta-las-entradas-para-the-strongest-vs-estudiantes-de-la-plata\/","og_site_name":"El Diario - Bolivia","article_publisher":"https:\/\/www.facebook.com\/eldiario.bolivia\/","article_published_time":"2024-05-07T11:05:03+00:00","og_image":[{"width":1600,"height":1600,"url":"https:\/\/www.eldiario.net\/portal\/wp-content\/uploads\/2024\/05\/The-Strongest-06.jpg","type":"image\/jpeg"}],"author":"Jeanette","twitter_card":"summary_large_image","twitter_creator":"@eldiario_net","twitter_site":"@eldiario_net","twitter_misc":{"Escrito por":"Jeanette","Tiempo de lectura":"1 minuto"},"schema":{"@context":"https:\/\/schema.org","@graph":[{"@type":"Article","@id":"https:\/\/www.eldiario.net\/portal\/2024\/05\/07\/manana-ponen-a-la-venta-las-entradas-para-the-strongest-vs-estudiantes-de-la-plata\/#article","isPartOf":{"@id":"https:\/\/www.eldiario.net\/portal\/2024\/05\/07\/manana-ponen-a-la-venta-las-entradas-para-the-strongest-vs-estudiantes-de-la-plata\/"},"author":{"name":"Jeanette","@id":"https:\/\/www.eldiario.net\/portal\/#\/schema\/person\/f46445640444750d7d753ccd04ae01b7"},"headline":"Ma\u00f1ana ponen a la venta las entradas para The Strongest vs. Estudiantes de La Plata","datePublished":"2024-05-07T11:05:03+00:00","mainEntityOfPage":{"@id":"https:\/\/www.eldiario.net\/portal\/2024\/05\/07\/manana-ponen-a-la-venta-las-entradas-para-the-strongest-vs-estudiantes-de-la-plata\/"},"wordCount":183,"commentCount":0,"publisher":{"@id":"https:\/\/www.eldiario.net\/portal\/#organization"},"image":{"@id":"https:\/\/www.eldiario.net\/portal\/2024\/05\/07\/manana-ponen-a-la-venta-las-entradas-para-the-strongest-vs-estudiantes-de-la-plata\/#primaryimage"},"thumbnailUrl":"https:\/\/www.eldiario.net\/portal\/wp-content\/uploads\/2024\/05\/The-Strongest-06.jpg","articleSection":["Deportes"],"inLanguage":"es","potentialAction":[{"@type":"CommentAction","name":"Comment","target":["https:\/\/www.eldiario.net\/portal\/2024\/05\/07\/manana-ponen-a-la-venta-las-entradas-para-the-strongest-vs-estudiantes-de-la-plata\/#respond"]}]},{"@type":"WebPage","@id":"https:\/\/www.eldiario.net\/portal\/2024\/05\/07\/manana-ponen-a-la-venta-las-entradas-para-the-strongest-vs-estudiantes-de-la-plata\/","url":"https:\/\/www.eldiario.net\/portal\/2024\/05\/07\/manana-ponen-a-la-venta-las-entradas-para-the-strongest-vs-estudiantes-de-la-plata\/","name":"Ma\u00f1ana ponen a la venta las entradas para The Strongest vs. Estudiantes de La Plata - El Diario - Bolivia","isPartOf":{"@id":"https:\/\/www.eldiario.net\/portal\/#website"},"primaryImageOfPage":{"@id":"https:\/\/www.eldiario.net\/portal\/2024\/05\/07\/manana-ponen-a-la-venta-las-entradas-para-the-strongest-vs-estudiantes-de-la-plata\/#primaryimage"},"image":{"@id":"https:\/\/www.eldiario.net\/portal\/2024\/05\/07\/manana-ponen-a-la-venta-las-entradas-para-the-strongest-vs-estudiantes-de-la-plata\/#primaryimage"},"thumbnailUrl":"https:\/\/www.eldiario.net\/portal\/wp-content\/uploads\/2024\/05\/The-Strongest-06.jpg","datePublished":"2024-05-07T11:05:03+00:00","breadcrumb":{"@id":"https:\/\/www.eldiario.net\/portal\/2024\/05\/07\/manana-ponen-a-la-venta-las-entradas-para-the-strongest-vs-estudiantes-de-la-plata\/#breadcrumb"},"inLanguage":"es","potentialAction":[{"@type":"ReadAction","target":["https:\/\/www.eldiario.net\/portal\/2024\/05\/07\/manana-ponen-a-la-venta-las-entradas-para-the-strongest-vs-estudiantes-de-la-plata\/"]}]},{"@type":"ImageObject","inLanguage":"es","@id":"https:\/\/www.eldiario.net\/portal\/2024\/05\/07\/manana-ponen-a-la-venta-las-entradas-para-the-strongest-vs-estudiantes-de-la-plata\/#primaryimage","url":"https:\/\/www.eldiario.net\/portal\/wp-content\/uploads\/2024\/05\/The-Strongest-06.jpg","contentUrl":"https:\/\/www.eldiario.net\/portal\/wp-content\/uploads\/2024\/05\/The-Strongest-06.jpg","width":1600,"height":1600},{"@type":"BreadcrumbList","@id":"https:\/\/www.eldiario.net\/portal\/2024\/05\/07\/manana-ponen-a-la-venta-las-entradas-para-the-strongest-vs-estudiantes-de-la-plata\/#breadcrumb","itemListElement":[{"@type":"ListItem","position":1,"name":"Portada","item":"https:\/\/www.eldiario.net\/portal\/"},{"@type":"ListItem","position":2,"name":"Ma\u00f1ana ponen a la venta las entradas para The Strongest vs. Estudiantes de La Plata"}]},{"@type":"WebSite","@id":"https:\/\/www.eldiario.net\/portal\/#website","url":"https:\/\/www.eldiario.net\/portal\/","name":"El Diario - Decano de la prensa nacional","description":"El Diario - Decano de la prensa nacional","publisher":{"@id":"https:\/\/www.eldiario.net\/portal\/#organization"},"potentialAction":[{"@type":"SearchAction","target":{"@type":"EntryPoint","urlTemplate":"https:\/\/www.eldiario.net\/portal\/?s={search_term_string}"},"query-input":{"@type":"PropertyValueSpecification","valueRequired":true,"valueName":"search_term_string"}}],"inLanguage":"es"},{"@type":"Organization","@id":"https:\/\/www.eldiario.net\/portal\/#organization","name":"El Diario - Decano de la prensa nacional","url":"https:\/\/www.eldiario.net\/portal\/","logo":{"@type":"ImageObject","inLanguage":"es","@id":"https:\/\/www.eldiario.net\/portal\/#\/schema\/logo\/image\/","url":"https:\/\/www.eldiario.net\/portal\/wp-content\/uploads\/2023\/07\/logo_ED.jpg","contentUrl":"https:\/\/www.eldiario.net\/portal\/wp-content\/uploads\/2023\/07\/logo_ED.jpg","width":272,"height":52,"caption":"El Diario - Decano de la prensa nacional"},"image":{"@id":"https:\/\/www.eldiario.net\/portal\/#\/schema\/logo\/image\/"},"sameAs":["https:\/\/www.facebook.com\/eldiario.bolivia\/","https:\/\/x.com\/eldiario_net"]},{"@type":"Person","@id":"https:\/\/www.eldiario.net\/portal\/#\/schema\/person\/f46445640444750d7d753ccd04ae01b7","name":"Jeanette","image":{"@type":"ImageObject","inLanguage":"es","@id":"https:\/\/secure.gravatar.com\/avatar\/3ea2118a5f7dad2b7138b1187a6b7ee55f160b9968b66013c3a3ef39dd7e5798?s=96&d=mm&r=g","url":"https:\/\/secure.gravatar.com\/avatar\/3ea2118a5f7dad2b7138b1187a6b7ee55f160b9968b66013c3a3ef39dd7e5798?s=96&d=mm&r=g","contentUrl":"https:\/\/secure.gravatar.com\/avatar\/3ea2118a5f7dad2b7138b1187a6b7ee55f160b9968b66013c3a3ef39dd7e5798?s=96&d=mm&r=g","caption":"Jeanette"},"sameAs":["https:\/\/www.eldiario.net\/portal"],"url":"https:\/\/www.eldiario.net\/portal\/author\/jeanette\/"}]}},"_links":{"self":[{"href":"https:\/\/www.eldiario.net\/portal\/wp-json\/wp\/v2\/posts\/219090","targetHints":{"allow":["GET"]}}],"collection":[{"href":"https:\/\/www.eldiario.net\/portal\/wp-json\/wp\/v2\/posts"}],"about":[{"href":"https:\/\/www.eldiario.net\/portal\/wp-json\/wp\/v2\/types\/post"}],"author":[{"embeddable":true,"href":"https:\/\/www.eldiario.net\/portal\/wp-json\/wp\/v2\/users\/1"}],"replies":[{"embeddable":true,"href":"https:\/\/www.eldiario.net\/portal\/wp-json\/wp\/v2\/comments?post=219090"}],"version-history":[{"count":1,"href":"https:\/\/www.eldiario.net\/portal\/wp-json\/wp\/v2\/posts\/219090\/revisions"}],"predecessor-version":[{"id":219092,"href":"https:\/\/www.eldiario.net\/portal\/wp-json\/wp\/v2\/posts\/219090\/revisions\/219092"}],"wp:featuredmedia":[{"embeddable":true,"href":"https:\/\/www.eldiario.net\/portal\/wp-json\/wp\/v2\/media\/219091"}],"wp:attachment":[{"href":"https:\/\/www.eldiario.net\/portal\/wp-json\/wp\/v2\/media?parent=219090"}],"wp:term":[{"taxonomy":"category","embeddable":true,"href":"https:\/\/www.eldiario.net\/portal\/wp-json\/wp\/v2\/categories?post=219090"},{"taxonomy":"post_tag","embeddable":true,"href":"https:\/\/www.eldiario.net\/portal\/wp-json\/wp\/v2\/tags?post=219090"}],"curies":[{"name":"wp","href":"https:\/\/api.w.org\/{rel}","templated":true}]}}