{"id":219087,"date":"2024-05-07T07:04:13","date_gmt":"2024-05-07T11:04:13","guid":{"rendered":"https:\/\/www.eldiario.net\/portal\/?p=219087"},"modified":"2024-05-07T07:04:13","modified_gmt":"2024-05-07T11:04:13","slug":"el-futbol-esta-de-luto-por-la-partida-de-su-filosofo-menotti","status":"publish","type":"post","link":"https:\/\/www.eldiario.net\/portal\/2024\/05\/07\/el-futbol-esta-de-luto-por-la-partida-de-su-filosofo-menotti\/","title":{"rendered":"El f\u00fatbol est\u00e1 de luto por la partida de su fil\u00f3sofo: Menotti"},"content":{"rendered":"<p>El 5 de noviembre de 1938 naci\u00f3 C\u00e9sar Luis Menotti en Rosario, Argentina y el domingo 5 de mayo de 2024, se apag\u00f3 su existencia; la existencia que fue m\u00e1s productiva para el f\u00fatbol mundial, no solo porque hizo que Argentina levante por primera vez la Copa Mundial en 1978, sino porque como entrenador, desarroll\u00f3 la mayor y m\u00e1s exacta teor\u00eda sobre la forma correcta de jugar al f\u00fatbol.<\/p>\n<p>\u201cEl Flaco\u201d como le dec\u00edan sus cercanos y luego los millones de seguidores que gan\u00f3, comenz\u00f3 siendo futbolista salido de las canteras rosarinas y lleg\u00f3 a ser la figura m\u00e1s influyente en el futbol mundial.<\/p>\n<p>El 25 de junio de 1978, cuando Argentina defini\u00f3 la Copa Mundial frente a Pa\u00edses Bajos y al alzarla, despu\u00e9s de un 3-1 imborrable, el DT Menotti, reuni\u00f3 al grupo de los campeones despu\u00e9s de la euforia y les pregunt\u00f3: \u201c\u00bfY ahora qu\u00e9?\u201d\u2026 antes de empezar el partido les hab\u00eda recomendado: \u201cMiremos a la tribuna. Nosotros jugamos para quienes est\u00e1n ah\u00ed. Defendamos un estilo, sin trampa, sin mentiras, con dignidad, jugando por la historia que hoy nos pertenece: nuestro f\u00fatbol\u201d\u2026 y luego ese \u201c\u00bfy ahora qu\u00e9?\u201d\u00a0 se convirti\u00f3 en una lucha permanente para el f\u00fatbol argentino: Mundial Jap\u00f3n \u201979, giras por Europa, partidos internacionales en Argentina,\u00a0 Espa\u00f1a \u201982, Barcelona FC\u2026 siempre con la intenci\u00f3n de dar una respuesta a esa frase.<\/p>\n<p>Es que Menotti no simplemente buscaba ganar y ser campe\u00f3n, sino que viv\u00eda el f\u00fatbol desde el coraz\u00f3n, cre\u00eda en ganar jugando bien y de manera limpia, con respeto al rival y al pasado de todos; de cada uno de los jugadores. Pregonaba el compa\u00f1erismo y la autoestima.<\/p>\n<p>En este \u00faltimo punto, en cierta ocasi\u00f3n dialog\u00f3 con Diego Armando Maradona, quien le expres\u00f3 su temor por el poder\u00edo de los jugadores alemanes, antes de un partido: \u201cC\u00e9sar, los alemanes son fuert\u00edsimos\u201d, le dijo Diego,\u00a0 a lo que Menotti, con la tranquilidad y seguridad que le caracterizaba le respondi\u00f3: \u201c \u00bfFuertes? , no diga bobadas, si a cualquiera de estos rubios lo llevamos a la casa donde usted creci\u00f3, a los tres d\u00edas lo sacan en camilla\u2026fuerte es usted que sobrevivi\u00f3 a toda esa pobreza y juega al f\u00fatbol diez mil veces mejor que estos tipos\u201d ( relato de Jorge Valdano).<\/p>\n<p>Para El Flaco, el f\u00fatbol \u201cpertenece a la clase obrera\u201d, en sus magistrales di\u00e1logos con \u00c1ngel Cappa, una y varias veces repet\u00eda: \u201cNuestro f\u00fatbol pertenece a la clase obrera, y posee la amplitud, la nobleza y la generosidad de permitir que todo el mundo disfrute de \u00e9l como espect\u00e1culo\u201d.<\/p>\n<p>Es que Menotti crey\u00f3 y lo dijo que el mejor f\u00fatbol es aquel que emerge de las calles, de los ni\u00f1os que no necesitan mucho dinero ni materiales para desarrollar su aptitud. \u201cCon las medias de la mam\u00e1 hicieron su pelota de trapo, esa es la grandiosidad de este deporte, que le permite al ni\u00f1o de cualquier estatus social, expresarse\u201d, dijo y sentenci\u00f3 \u201cel f\u00fatbol es el medio de expresi\u00f3n del chico en Latinoam\u00e9rica\u201d.<\/p>\n<p>Entre tantas concepciones salidas de su conocimiento, Menotti afirmaba : \u201c A nosotros nos falta convicci\u00f3n, des-angustiarnos. En lugar de perder tiempo con jugadas de laboratorio, prefiero trabajar sobre la idea futbol\u00edstica\u201d. Lo dijo en 1974 cuando se hizo cargo de la Selecci\u00f3n Argentina y resumi\u00f3 su objetivo de lucha en el esfuerzo que se consolid\u00f3 en triunfo: \u201cVolver a las fuentes de verdad, y en el camino, recomponer la autoestima del f\u00fatbol nacional\u201d. Eso intent\u00f3 hacer durante toda su vida y lo logr\u00f3 porque no solo fue el arquitecto de la reconstrucci\u00f3n de su seleccionado, sino que marc\u00f3 pautas para desarrollar de forma correcta el f\u00fatbol, volviendo a sus ra\u00edces, que lo hacen un deporte masivo, del pueblo y exquisito ante los ojos del aficionado que con el simple hecho de admirarlo, desarrolla un lenguaje universal.<\/p>\n<p>\u201cEs necesario tener respeto a lo que el juego significa. Jugar es una maravillosa palabra, hasta en el amor (\u2026)\u201d, dijo tambi\u00e9n El Flaco.<\/p>\n<p>C\u00e9sar Luis Menotti dej\u00f3 un amplio legado de reflexiones ciertas que conducen a la hinchada, a los futbolistas, a los periodistas y al deporte en s\u00ed hacia\u00a0 un camino correcto para desarrollar de forma correcta el principio fundamental del f\u00fatbol que es el juego limpio. (GHILKA SANABRIA)<\/p>\n<p>&nbsp;<\/p>\n","protected":false},"excerpt":{"rendered":"<p>El 5 de noviembre de 1938 naci\u00f3 C\u00e9sar Luis Menotti en Rosario, Argentina y el domingo 5 de mayo de 2024, se apag\u00f3 su existencia; la existencia que fue m\u00e1s productiva para el f\u00fatbol mundial, no solo porque hizo que Argentina levante por primera vez la Copa Mundial en 1978, sino porque como entrenador, desarroll\u00f3 [&hellip;]<\/p>\n","protected":false},"author":1,"featured_media":219088,"comment_status":"open","ping_status":"open","sticky":false,"template":"","format":"standard","meta":{"_acf_changed":false,"footnotes":""},"categories":[6],"tags":[],"class_list":["post-219087","post","type-post","status-publish","format-standard","has-post-thumbnail","category-deportes"],"acf":{"antetitulo":""},"yoast_head":"<!-- This site is optimized with the Yoast SEO plugin v28.4 - https:\/\/yoast.com\/product\/yoast-seo-wordpress\/ -->\n<title>El f\u00fatbol est\u00e1 de luto por la partida de su fil\u00f3sofo: Menotti - El Diario - Bolivia<\/title>\n<meta name=\"robots\" content=\"index, follow, max-snippet:-1, max-image-preview:large, max-video-preview:-1\" \/>\n<link rel=\"canonical\" href=\"https:\/\/www.eldiario.net\/portal\/2024\/05\/07\/el-futbol-esta-de-luto-por-la-partida-de-su-filosofo-menotti\/\" \/>\n<meta property=\"og:locale\" content=\"es_ES\" \/>\n<meta property=\"og:type\" content=\"article\" \/>\n<meta property=\"og:title\" content=\"El f\u00fatbol est\u00e1 de luto por la partida de su fil\u00f3sofo: Menotti - El Diario - Bolivia\" \/>\n<meta property=\"og:description\" content=\"El 5 de noviembre de 1938 naci\u00f3 C\u00e9sar Luis Menotti en Rosario, Argentina y el domingo 5 de mayo de 2024, se apag\u00f3 su existencia; la existencia que fue m\u00e1s productiva para el f\u00fatbol mundial, no solo porque hizo que Argentina levante por primera vez la Copa Mundial en 1978, sino porque como entrenador, desarroll\u00f3 [&hellip;]\" \/>\n<meta property=\"og:url\" content=\"https:\/\/www.eldiario.net\/portal\/2024\/05\/07\/el-futbol-esta-de-luto-por-la-partida-de-su-filosofo-menotti\/\" \/>\n<meta property=\"og:site_name\" content=\"El Diario - Bolivia\" \/>\n<meta property=\"article:publisher\" content=\"https:\/\/www.facebook.com\/eldiario.bolivia\/\" \/>\n<meta property=\"article:published_time\" content=\"2024-05-07T11:04:13+00:00\" \/>\n<meta property=\"og:image\" content=\"https:\/\/www.eldiario.net\/portal\/wp-content\/uploads\/2024\/05\/Menotti-06.jpg\" \/>\n\t<meta property=\"og:image:width\" content=\"497\" \/>\n\t<meta property=\"og:image:height\" content=\"365\" \/>\n\t<meta property=\"og:image:type\" content=\"image\/jpeg\" \/>\n<meta name=\"author\" content=\"Jeanette\" \/>\n<meta name=\"twitter:card\" content=\"summary_large_image\" \/>\n<meta name=\"twitter:creator\" content=\"@eldiario_net\" \/>\n<meta name=\"twitter:site\" content=\"@eldiario_net\" \/>\n<meta name=\"twitter:label1\" content=\"Escrito por\" \/>\n\t<meta name=\"twitter:data1\" content=\"Jeanette\" \/>\n\t<meta name=\"twitter:label2\" content=\"Tiempo de lectura\" \/>\n\t<meta name=\"twitter:data2\" content=\"4 minutos\" \/>\n<script type=\"application\/ld+json\" class=\"yoast-schema-graph\">{\"@context\":\"https:\\\/\\\/schema.org\",\"@graph\":[{\"@type\":\"Article\",\"@id\":\"https:\\\/\\\/www.eldiario.net\\\/portal\\\/2024\\\/05\\\/07\\\/el-futbol-esta-de-luto-por-la-partida-de-su-filosofo-menotti\\\/#article\",\"isPartOf\":{\"@id\":\"https:\\\/\\\/www.eldiario.net\\\/portal\\\/2024\\\/05\\\/07\\\/el-futbol-esta-de-luto-por-la-partida-de-su-filosofo-menotti\\\/\"},\"author\":{\"name\":\"Jeanette\",\"@id\":\"https:\\\/\\\/www.eldiario.net\\\/portal\\\/#\\\/schema\\\/person\\\/f46445640444750d7d753ccd04ae01b7\"},\"headline\":\"El f\u00fatbol est\u00e1 de luto por la partida de su fil\u00f3sofo: Menotti\",\"datePublished\":\"2024-05-07T11:04:13+00:00\",\"mainEntityOfPage\":{\"@id\":\"https:\\\/\\\/www.eldiario.net\\\/portal\\\/2024\\\/05\\\/07\\\/el-futbol-esta-de-luto-por-la-partida-de-su-filosofo-menotti\\\/\"},\"wordCount\":757,\"commentCount\":0,\"publisher\":{\"@id\":\"https:\\\/\\\/www.eldiario.net\\\/portal\\\/#organization\"},\"image\":{\"@id\":\"https:\\\/\\\/www.eldiario.net\\\/portal\\\/2024\\\/05\\\/07\\\/el-futbol-esta-de-luto-por-la-partida-de-su-filosofo-menotti\\\/#primaryimage\"},\"thumbnailUrl\":\"https:\\\/\\\/www.eldiario.net\\\/portal\\\/wp-content\\\/uploads\\\/2024\\\/05\\\/Menotti-06.jpg\",\"articleSection\":[\"Deportes\"],\"inLanguage\":\"es\",\"potentialAction\":[{\"@type\":\"CommentAction\",\"name\":\"Comment\",\"target\":[\"https:\\\/\\\/www.eldiario.net\\\/portal\\\/2024\\\/05\\\/07\\\/el-futbol-esta-de-luto-por-la-partida-de-su-filosofo-menotti\\\/#respond\"]}]},{\"@type\":\"WebPage\",\"@id\":\"https:\\\/\\\/www.eldiario.net\\\/portal\\\/2024\\\/05\\\/07\\\/el-futbol-esta-de-luto-por-la-partida-de-su-filosofo-menotti\\\/\",\"url\":\"https:\\\/\\\/www.eldiario.net\\\/portal\\\/2024\\\/05\\\/07\\\/el-futbol-esta-de-luto-por-la-partida-de-su-filosofo-menotti\\\/\",\"name\":\"El f\u00fatbol est\u00e1 de luto por la partida de su fil\u00f3sofo: Menotti - El Diario - Bolivia\",\"isPartOf\":{\"@id\":\"https:\\\/\\\/www.eldiario.net\\\/portal\\\/#website\"},\"primaryImageOfPage\":{\"@id\":\"https:\\\/\\\/www.eldiario.net\\\/portal\\\/2024\\\/05\\\/07\\\/el-futbol-esta-de-luto-por-la-partida-de-su-filosofo-menotti\\\/#primaryimage\"},\"image\":{\"@id\":\"https:\\\/\\\/www.eldiario.net\\\/portal\\\/2024\\\/05\\\/07\\\/el-futbol-esta-de-luto-por-la-partida-de-su-filosofo-menotti\\\/#primaryimage\"},\"thumbnailUrl\":\"https:\\\/\\\/www.eldiario.net\\\/portal\\\/wp-content\\\/uploads\\\/2024\\\/05\\\/Menotti-06.jpg\",\"datePublished\":\"2024-05-07T11:04:13+00:00\",\"breadcrumb\":{\"@id\":\"https:\\\/\\\/www.eldiario.net\\\/portal\\\/2024\\\/05\\\/07\\\/el-futbol-esta-de-luto-por-la-partida-de-su-filosofo-menotti\\\/#breadcrumb\"},\"inLanguage\":\"es\",\"potentialAction\":[{\"@type\":\"ReadAction\",\"target\":[\"https:\\\/\\\/www.eldiario.net\\\/portal\\\/2024\\\/05\\\/07\\\/el-futbol-esta-de-luto-por-la-partida-de-su-filosofo-menotti\\\/\"]}]},{\"@type\":\"ImageObject\",\"inLanguage\":\"es\",\"@id\":\"https:\\\/\\\/www.eldiario.net\\\/portal\\\/2024\\\/05\\\/07\\\/el-futbol-esta-de-luto-por-la-partida-de-su-filosofo-menotti\\\/#primaryimage\",\"url\":\"https:\\\/\\\/www.eldiario.net\\\/portal\\\/wp-content\\\/uploads\\\/2024\\\/05\\\/Menotti-06.jpg\",\"contentUrl\":\"https:\\\/\\\/www.eldiario.net\\\/portal\\\/wp-content\\\/uploads\\\/2024\\\/05\\\/Menotti-06.jpg\",\"width\":497,\"height\":365},{\"@type\":\"BreadcrumbList\",\"@id\":\"https:\\\/\\\/www.eldiario.net\\\/portal\\\/2024\\\/05\\\/07\\\/el-futbol-esta-de-luto-por-la-partida-de-su-filosofo-menotti\\\/#breadcrumb\",\"itemListElement\":[{\"@type\":\"ListItem\",\"position\":1,\"name\":\"Portada\",\"item\":\"https:\\\/\\\/www.eldiario.net\\\/portal\\\/\"},{\"@type\":\"ListItem\",\"position\":2,\"name\":\"El f\u00fatbol est\u00e1 de luto por la partida de su fil\u00f3sofo: Menotti\"}]},{\"@type\":\"WebSite\",\"@id\":\"https:\\\/\\\/www.eldiario.net\\\/portal\\\/#website\",\"url\":\"https:\\\/\\\/www.eldiario.net\\\/portal\\\/\",\"name\":\"El Diario - Decano de la prensa nacional\",\"description\":\"El Diario - Decano de la prensa nacional\",\"publisher\":{\"@id\":\"https:\\\/\\\/www.eldiario.net\\\/portal\\\/#organization\"},\"potentialAction\":[{\"@type\":\"SearchAction\",\"target\":{\"@type\":\"EntryPoint\",\"urlTemplate\":\"https:\\\/\\\/www.eldiario.net\\\/portal\\\/?s={search_term_string}\"},\"query-input\":{\"@type\":\"PropertyValueSpecification\",\"valueRequired\":true,\"valueName\":\"search_term_string\"}}],\"inLanguage\":\"es\"},{\"@type\":\"Organization\",\"@id\":\"https:\\\/\\\/www.eldiario.net\\\/portal\\\/#organization\",\"name\":\"El Diario - Decano de la prensa nacional\",\"url\":\"https:\\\/\\\/www.eldiario.net\\\/portal\\\/\",\"logo\":{\"@type\":\"ImageObject\",\"inLanguage\":\"es\",\"@id\":\"https:\\\/\\\/www.eldiario.net\\\/portal\\\/#\\\/schema\\\/logo\\\/image\\\/\",\"url\":\"https:\\\/\\\/www.eldiario.net\\\/portal\\\/wp-content\\\/uploads\\\/2023\\\/07\\\/logo_ED.jpg\",\"contentUrl\":\"https:\\\/\\\/www.eldiario.net\\\/portal\\\/wp-content\\\/uploads\\\/2023\\\/07\\\/logo_ED.jpg\",\"width\":272,\"height\":52,\"caption\":\"El Diario - Decano de la prensa nacional\"},\"image\":{\"@id\":\"https:\\\/\\\/www.eldiario.net\\\/portal\\\/#\\\/schema\\\/logo\\\/image\\\/\"},\"sameAs\":[\"https:\\\/\\\/www.facebook.com\\\/eldiario.bolivia\\\/\",\"https:\\\/\\\/x.com\\\/eldiario_net\"]},{\"@type\":\"Person\",\"@id\":\"https:\\\/\\\/www.eldiario.net\\\/portal\\\/#\\\/schema\\\/person\\\/f46445640444750d7d753ccd04ae01b7\",\"name\":\"Jeanette\",\"image\":{\"@type\":\"ImageObject\",\"inLanguage\":\"es\",\"@id\":\"https:\\\/\\\/secure.gravatar.com\\\/avatar\\\/3ea2118a5f7dad2b7138b1187a6b7ee55f160b9968b66013c3a3ef39dd7e5798?s=96&d=mm&r=g\",\"url\":\"https:\\\/\\\/secure.gravatar.com\\\/avatar\\\/3ea2118a5f7dad2b7138b1187a6b7ee55f160b9968b66013c3a3ef39dd7e5798?s=96&d=mm&r=g\",\"contentUrl\":\"https:\\\/\\\/secure.gravatar.com\\\/avatar\\\/3ea2118a5f7dad2b7138b1187a6b7ee55f160b9968b66013c3a3ef39dd7e5798?s=96&d=mm&r=g\",\"caption\":\"Jeanette\"},\"sameAs\":[\"https:\\\/\\\/www.eldiario.net\\\/portal\"],\"url\":\"https:\\\/\\\/www.eldiario.net\\\/portal\\\/author\\\/jeanette\\\/\"}]}<\/script>\n<!-- \/ Yoast SEO plugin. -->","yoast_head_json":{"title":"El f\u00fatbol est\u00e1 de luto por la partida de su fil\u00f3sofo: Menotti - El Diario - Bolivia","robots":{"index":"index","follow":"follow","max-snippet":"max-snippet:-1","max-image-preview":"max-image-preview:large","max-video-preview":"max-video-preview:-1"},"canonical":"https:\/\/www.eldiario.net\/portal\/2024\/05\/07\/el-futbol-esta-de-luto-por-la-partida-de-su-filosofo-menotti\/","og_locale":"es_ES","og_type":"article","og_title":"El f\u00fatbol est\u00e1 de luto por la partida de su fil\u00f3sofo: Menotti - El Diario - Bolivia","og_description":"El 5 de noviembre de 1938 naci\u00f3 C\u00e9sar Luis Menotti en Rosario, Argentina y el domingo 5 de mayo de 2024, se apag\u00f3 su existencia; la existencia que fue m\u00e1s productiva para el f\u00fatbol mundial, no solo porque hizo que Argentina levante por primera vez la Copa Mundial en 1978, sino porque como entrenador, desarroll\u00f3 [&hellip;]","og_url":"https:\/\/www.eldiario.net\/portal\/2024\/05\/07\/el-futbol-esta-de-luto-por-la-partida-de-su-filosofo-menotti\/","og_site_name":"El Diario - Bolivia","article_publisher":"https:\/\/www.facebook.com\/eldiario.bolivia\/","article_published_time":"2024-05-07T11:04:13+00:00","og_image":[{"width":497,"height":365,"url":"https:\/\/www.eldiario.net\/portal\/wp-content\/uploads\/2024\/05\/Menotti-06.jpg","type":"image\/jpeg"}],"author":"Jeanette","twitter_card":"summary_large_image","twitter_creator":"@eldiario_net","twitter_site":"@eldiario_net","twitter_misc":{"Escrito por":"Jeanette","Tiempo de lectura":"4 minutos"},"schema":{"@context":"https:\/\/schema.org","@graph":[{"@type":"Article","@id":"https:\/\/www.eldiario.net\/portal\/2024\/05\/07\/el-futbol-esta-de-luto-por-la-partida-de-su-filosofo-menotti\/#article","isPartOf":{"@id":"https:\/\/www.eldiario.net\/portal\/2024\/05\/07\/el-futbol-esta-de-luto-por-la-partida-de-su-filosofo-menotti\/"},"author":{"name":"Jeanette","@id":"https:\/\/www.eldiario.net\/portal\/#\/schema\/person\/f46445640444750d7d753ccd04ae01b7"},"headline":"El f\u00fatbol est\u00e1 de luto por la partida de su fil\u00f3sofo: Menotti","datePublished":"2024-05-07T11:04:13+00:00","mainEntityOfPage":{"@id":"https:\/\/www.eldiario.net\/portal\/2024\/05\/07\/el-futbol-esta-de-luto-por-la-partida-de-su-filosofo-menotti\/"},"wordCount":757,"commentCount":0,"publisher":{"@id":"https:\/\/www.eldiario.net\/portal\/#organization"},"image":{"@id":"https:\/\/www.eldiario.net\/portal\/2024\/05\/07\/el-futbol-esta-de-luto-por-la-partida-de-su-filosofo-menotti\/#primaryimage"},"thumbnailUrl":"https:\/\/www.eldiario.net\/portal\/wp-content\/uploads\/2024\/05\/Menotti-06.jpg","articleSection":["Deportes"],"inLanguage":"es","potentialAction":[{"@type":"CommentAction","name":"Comment","target":["https:\/\/www.eldiario.net\/portal\/2024\/05\/07\/el-futbol-esta-de-luto-por-la-partida-de-su-filosofo-menotti\/#respond"]}]},{"@type":"WebPage","@id":"https:\/\/www.eldiario.net\/portal\/2024\/05\/07\/el-futbol-esta-de-luto-por-la-partida-de-su-filosofo-menotti\/","url":"https:\/\/www.eldiario.net\/portal\/2024\/05\/07\/el-futbol-esta-de-luto-por-la-partida-de-su-filosofo-menotti\/","name":"El f\u00fatbol est\u00e1 de luto por la partida de su fil\u00f3sofo: Menotti - El Diario - Bolivia","isPartOf":{"@id":"https:\/\/www.eldiario.net\/portal\/#website"},"primaryImageOfPage":{"@id":"https:\/\/www.eldiario.net\/portal\/2024\/05\/07\/el-futbol-esta-de-luto-por-la-partida-de-su-filosofo-menotti\/#primaryimage"},"image":{"@id":"https:\/\/www.eldiario.net\/portal\/2024\/05\/07\/el-futbol-esta-de-luto-por-la-partida-de-su-filosofo-menotti\/#primaryimage"},"thumbnailUrl":"https:\/\/www.eldiario.net\/portal\/wp-content\/uploads\/2024\/05\/Menotti-06.jpg","datePublished":"2024-05-07T11:04:13+00:00","breadcrumb":{"@id":"https:\/\/www.eldiario.net\/portal\/2024\/05\/07\/el-futbol-esta-de-luto-por-la-partida-de-su-filosofo-menotti\/#breadcrumb"},"inLanguage":"es","potentialAction":[{"@type":"ReadAction","target":["https:\/\/www.eldiario.net\/portal\/2024\/05\/07\/el-futbol-esta-de-luto-por-la-partida-de-su-filosofo-menotti\/"]}]},{"@type":"ImageObject","inLanguage":"es","@id":"https:\/\/www.eldiario.net\/portal\/2024\/05\/07\/el-futbol-esta-de-luto-por-la-partida-de-su-filosofo-menotti\/#primaryimage","url":"https:\/\/www.eldiario.net\/portal\/wp-content\/uploads\/2024\/05\/Menotti-06.jpg","contentUrl":"https:\/\/www.eldiario.net\/portal\/wp-content\/uploads\/2024\/05\/Menotti-06.jpg","width":497,"height":365},{"@type":"BreadcrumbList","@id":"https:\/\/www.eldiario.net\/portal\/2024\/05\/07\/el-futbol-esta-de-luto-por-la-partida-de-su-filosofo-menotti\/#breadcrumb","itemListElement":[{"@type":"ListItem","position":1,"name":"Portada","item":"https:\/\/www.eldiario.net\/portal\/"},{"@type":"ListItem","position":2,"name":"El f\u00fatbol est\u00e1 de luto por la partida de su fil\u00f3sofo: Menotti"}]},{"@type":"WebSite","@id":"https:\/\/www.eldiario.net\/portal\/#website","url":"https:\/\/www.eldiario.net\/portal\/","name":"El Diario - Decano de la prensa nacional","description":"El Diario - Decano de la prensa nacional","publisher":{"@id":"https:\/\/www.eldiario.net\/portal\/#organization"},"potentialAction":[{"@type":"SearchAction","target":{"@type":"EntryPoint","urlTemplate":"https:\/\/www.eldiario.net\/portal\/?s={search_term_string}"},"query-input":{"@type":"PropertyValueSpecification","valueRequired":true,"valueName":"search_term_string"}}],"inLanguage":"es"},{"@type":"Organization","@id":"https:\/\/www.eldiario.net\/portal\/#organization","name":"El Diario - Decano de la prensa nacional","url":"https:\/\/www.eldiario.net\/portal\/","logo":{"@type":"ImageObject","inLanguage":"es","@id":"https:\/\/www.eldiario.net\/portal\/#\/schema\/logo\/image\/","url":"https:\/\/www.eldiario.net\/portal\/wp-content\/uploads\/2023\/07\/logo_ED.jpg","contentUrl":"https:\/\/www.eldiario.net\/portal\/wp-content\/uploads\/2023\/07\/logo_ED.jpg","width":272,"height":52,"caption":"El Diario - Decano de la prensa nacional"},"image":{"@id":"https:\/\/www.eldiario.net\/portal\/#\/schema\/logo\/image\/"},"sameAs":["https:\/\/www.facebook.com\/eldiario.bolivia\/","https:\/\/x.com\/eldiario_net"]},{"@type":"Person","@id":"https:\/\/www.eldiario.net\/portal\/#\/schema\/person\/f46445640444750d7d753ccd04ae01b7","name":"Jeanette","image":{"@type":"ImageObject","inLanguage":"es","@id":"https:\/\/secure.gravatar.com\/avatar\/3ea2118a5f7dad2b7138b1187a6b7ee55f160b9968b66013c3a3ef39dd7e5798?s=96&d=mm&r=g","url":"https:\/\/secure.gravatar.com\/avatar\/3ea2118a5f7dad2b7138b1187a6b7ee55f160b9968b66013c3a3ef39dd7e5798?s=96&d=mm&r=g","contentUrl":"https:\/\/secure.gravatar.com\/avatar\/3ea2118a5f7dad2b7138b1187a6b7ee55f160b9968b66013c3a3ef39dd7e5798?s=96&d=mm&r=g","caption":"Jeanette"},"sameAs":["https:\/\/www.eldiario.net\/portal"],"url":"https:\/\/www.eldiario.net\/portal\/author\/jeanette\/"}]}},"_links":{"self":[{"href":"https:\/\/www.eldiario.net\/portal\/wp-json\/wp\/v2\/posts\/219087","targetHints":{"allow":["GET"]}}],"collection":[{"href":"https:\/\/www.eldiario.net\/portal\/wp-json\/wp\/v2\/posts"}],"about":[{"href":"https:\/\/www.eldiario.net\/portal\/wp-json\/wp\/v2\/types\/post"}],"author":[{"embeddable":true,"href":"https:\/\/www.eldiario.net\/portal\/wp-json\/wp\/v2\/users\/1"}],"replies":[{"embeddable":true,"href":"https:\/\/www.eldiario.net\/portal\/wp-json\/wp\/v2\/comments?post=219087"}],"version-history":[{"count":1,"href":"https:\/\/www.eldiario.net\/portal\/wp-json\/wp\/v2\/posts\/219087\/revisions"}],"predecessor-version":[{"id":219089,"href":"https:\/\/www.eldiario.net\/portal\/wp-json\/wp\/v2\/posts\/219087\/revisions\/219089"}],"wp:featuredmedia":[{"embeddable":true,"href":"https:\/\/www.eldiario.net\/portal\/wp-json\/wp\/v2\/media\/219088"}],"wp:attachment":[{"href":"https:\/\/www.eldiario.net\/portal\/wp-json\/wp\/v2\/media?parent=219087"}],"wp:term":[{"taxonomy":"category","embeddable":true,"href":"https:\/\/www.eldiario.net\/portal\/wp-json\/wp\/v2\/categories?post=219087"},{"taxonomy":"post_tag","embeddable":true,"href":"https:\/\/www.eldiario.net\/portal\/wp-json\/wp\/v2\/tags?post=219087"}],"curies":[{"name":"wp","href":"https:\/\/api.w.org\/{rel}","templated":true}]}}