{"id":219084,"date":"2024-05-07T07:03:35","date_gmt":"2024-05-07T11:03:35","guid":{"rendered":"https:\/\/www.eldiario.net\/portal\/?p=219084"},"modified":"2024-05-07T07:03:35","modified_gmt":"2024-05-07T11:03:35","slug":"fbf-y-abaf-acuerdan-el-compromiso-de-trabajar-bajo-la-premisa-que-se-debe-mejorar-el-arbitraje","status":"publish","type":"post","link":"https:\/\/www.eldiario.net\/portal\/2024\/05\/07\/fbf-y-abaf-acuerdan-el-compromiso-de-trabajar-bajo-la-premisa-que-se-debe-mejorar-el-arbitraje\/","title":{"rendered":"FBF y ABAF acuerdan el compromiso de trabajar bajo la premisa que \u201cse debe mejorar el arbitraje\u201d"},"content":{"rendered":"<p>El nuevo directorio de la Asociaci\u00f3n Boliviana de \u00c1rbitros (ABAF), presidida por Edson R\u00edos, logr\u00f3 un acercamiento con la Federaci\u00f3n Boliviana de F\u00fatbol (FBF) acordando un compromiso para trabajar de manera conjunta en busca de mejorar el rendimiento de los \u00e1rbitros a partir del inicio del torneo Clausura.<\/p>\n<p>\u201cHay un compromiso de trabajar para la mejora del f\u00fatbol boliviano, continuar con la capacitaci\u00f3n, la retroalimentaci\u00f3n en cada fecha, porque eso permite una pol\u00edtica de perfeccionamiento\u201d, declar\u00f3 Fernando Costa, titular de la FBF, tras la reuni\u00f3n que tuvo con los representantes del gremio de los \u00e1rbitros.<\/p>\n<p>Los \u00e1rbitros bolivianos tuvieron susceptibilidad por la llegada de un equipo chileno para dirigir la final del torneo Apertura. La anterior semana, el gremio advirti\u00f3 que iba a ingresar en paro de actividad; sin embargo, R\u00edos declar\u00f3 que esa fue una mala interpretaci\u00f3n, \u201cahora todo est\u00e1 subsanado y vamos a comenzar a trabajar el fin de semana\u201d, dijo el \u00e1rbitro potosino.<\/p>\n<p>\u201cConscientes de los problemas que tenemos- agreg\u00f3 Costa- hemos sido francos, una reuni\u00f3n con franqueza, an\u00e1lisis sobre la calidad del arbitraje y hay consciencia de que se debe mejorar por eso las decisiones que tomamos ayudar\u00e1n a perfeccionar el arbitraje\u201d.<\/p>\n<p>R\u00edos explic\u00f3 que el compromiso de la FBF es que los \u00e1rbitros bolivianos dirijan cotejos en el extranjero en los torneos de los pa\u00edses con los cuales firmar\u00e1 convenio, uno de ellos es Chile y la dirigencia federativa est\u00e1 por cerrar acuerdo con Colombia y Paraguay.<\/p>\n<p>En cuanto a nominaciones arbitrales para cada jornada, Costa adelant\u00f3 que se apelar\u00e1 a un ranking que estar\u00e1 a cargo de asesores nacionales y del extranjero, adem\u00e1s de ampliar las becas para los instructores de \u00e1rbitros. (APG)<\/p>\n<p>&nbsp;<\/p>\n","protected":false},"excerpt":{"rendered":"<p>El nuevo directorio de la Asociaci\u00f3n Boliviana de \u00c1rbitros (ABAF), presidida por Edson R\u00edos, logr\u00f3 un acercamiento con la Federaci\u00f3n Boliviana de F\u00fatbol (FBF) acordando un compromiso para trabajar de manera conjunta en busca de mejorar el rendimiento de los \u00e1rbitros a partir del inicio del torneo Clausura. \u201cHay un compromiso de trabajar para la [&hellip;]<\/p>\n","protected":false},"author":1,"featured_media":219085,"comment_status":"open","ping_status":"open","sticky":false,"template":"","format":"standard","meta":{"_acf_changed":false,"footnotes":""},"categories":[6],"tags":[],"class_list":["post-219084","post","type-post","status-publish","format-standard","has-post-thumbnail","category-deportes"],"acf":{"antetitulo":""},"yoast_head":"<!-- This site is optimized with the Yoast SEO plugin v28.4 - https:\/\/yoast.com\/product\/yoast-seo-wordpress\/ -->\n<title>FBF y ABAF acuerdan el compromiso de trabajar bajo la premisa que \u201cse debe mejorar el arbitraje\u201d - El Diario - Bolivia<\/title>\n<meta name=\"robots\" content=\"index, follow, max-snippet:-1, max-image-preview:large, max-video-preview:-1\" \/>\n<link rel=\"canonical\" href=\"https:\/\/www.eldiario.net\/portal\/2024\/05\/07\/fbf-y-abaf-acuerdan-el-compromiso-de-trabajar-bajo-la-premisa-que-se-debe-mejorar-el-arbitraje\/\" \/>\n<meta property=\"og:locale\" content=\"es_ES\" \/>\n<meta property=\"og:type\" content=\"article\" \/>\n<meta property=\"og:title\" content=\"FBF y ABAF acuerdan el compromiso de trabajar bajo la premisa que \u201cse debe mejorar el arbitraje\u201d - El Diario - Bolivia\" \/>\n<meta property=\"og:description\" content=\"El nuevo directorio de la Asociaci\u00f3n Boliviana de \u00c1rbitros (ABAF), presidida por Edson R\u00edos, logr\u00f3 un acercamiento con la Federaci\u00f3n Boliviana de F\u00fatbol (FBF) acordando un compromiso para trabajar de manera conjunta en busca de mejorar el rendimiento de los \u00e1rbitros a partir del inicio del torneo Clausura. \u201cHay un compromiso de trabajar para la [&hellip;]\" \/>\n<meta property=\"og:url\" content=\"https:\/\/www.eldiario.net\/portal\/2024\/05\/07\/fbf-y-abaf-acuerdan-el-compromiso-de-trabajar-bajo-la-premisa-que-se-debe-mejorar-el-arbitraje\/\" \/>\n<meta property=\"og:site_name\" content=\"El Diario - Bolivia\" \/>\n<meta property=\"article:publisher\" content=\"https:\/\/www.facebook.com\/eldiario.bolivia\/\" \/>\n<meta property=\"article:published_time\" content=\"2024-05-07T11:03:35+00:00\" \/>\n<meta property=\"og:image\" content=\"https:\/\/www.eldiario.net\/portal\/wp-content\/uploads\/2024\/05\/Arbitros-06.jpg\" \/>\n\t<meta property=\"og:image:width\" content=\"698\" \/>\n\t<meta property=\"og:image:height\" content=\"382\" \/>\n\t<meta property=\"og:image:type\" content=\"image\/jpeg\" \/>\n<meta name=\"author\" content=\"Jeanette\" \/>\n<meta name=\"twitter:card\" content=\"summary_large_image\" \/>\n<meta name=\"twitter:creator\" content=\"@eldiario_net\" \/>\n<meta name=\"twitter:site\" content=\"@eldiario_net\" \/>\n<meta name=\"twitter:label1\" content=\"Escrito por\" \/>\n\t<meta name=\"twitter:data1\" content=\"Jeanette\" \/>\n\t<meta name=\"twitter:label2\" content=\"Tiempo de lectura\" \/>\n\t<meta name=\"twitter:data2\" content=\"2 minutos\" \/>\n<script type=\"application\/ld+json\" class=\"yoast-schema-graph\">{\"@context\":\"https:\\\/\\\/schema.org\",\"@graph\":[{\"@type\":\"Article\",\"@id\":\"https:\\\/\\\/www.eldiario.net\\\/portal\\\/2024\\\/05\\\/07\\\/fbf-y-abaf-acuerdan-el-compromiso-de-trabajar-bajo-la-premisa-que-se-debe-mejorar-el-arbitraje\\\/#article\",\"isPartOf\":{\"@id\":\"https:\\\/\\\/www.eldiario.net\\\/portal\\\/2024\\\/05\\\/07\\\/fbf-y-abaf-acuerdan-el-compromiso-de-trabajar-bajo-la-premisa-que-se-debe-mejorar-el-arbitraje\\\/\"},\"author\":{\"name\":\"Jeanette\",\"@id\":\"https:\\\/\\\/www.eldiario.net\\\/portal\\\/#\\\/schema\\\/person\\\/f46445640444750d7d753ccd04ae01b7\"},\"headline\":\"FBF y ABAF acuerdan el compromiso de trabajar bajo la premisa que \u201cse debe mejorar el arbitraje\u201d\",\"datePublished\":\"2024-05-07T11:03:35+00:00\",\"mainEntityOfPage\":{\"@id\":\"https:\\\/\\\/www.eldiario.net\\\/portal\\\/2024\\\/05\\\/07\\\/fbf-y-abaf-acuerdan-el-compromiso-de-trabajar-bajo-la-premisa-que-se-debe-mejorar-el-arbitraje\\\/\"},\"wordCount\":314,\"commentCount\":0,\"publisher\":{\"@id\":\"https:\\\/\\\/www.eldiario.net\\\/portal\\\/#organization\"},\"image\":{\"@id\":\"https:\\\/\\\/www.eldiario.net\\\/portal\\\/2024\\\/05\\\/07\\\/fbf-y-abaf-acuerdan-el-compromiso-de-trabajar-bajo-la-premisa-que-se-debe-mejorar-el-arbitraje\\\/#primaryimage\"},\"thumbnailUrl\":\"https:\\\/\\\/www.eldiario.net\\\/portal\\\/wp-content\\\/uploads\\\/2024\\\/05\\\/Arbitros-06.jpg\",\"articleSection\":[\"Deportes\"],\"inLanguage\":\"es\",\"potentialAction\":[{\"@type\":\"CommentAction\",\"name\":\"Comment\",\"target\":[\"https:\\\/\\\/www.eldiario.net\\\/portal\\\/2024\\\/05\\\/07\\\/fbf-y-abaf-acuerdan-el-compromiso-de-trabajar-bajo-la-premisa-que-se-debe-mejorar-el-arbitraje\\\/#respond\"]}]},{\"@type\":\"WebPage\",\"@id\":\"https:\\\/\\\/www.eldiario.net\\\/portal\\\/2024\\\/05\\\/07\\\/fbf-y-abaf-acuerdan-el-compromiso-de-trabajar-bajo-la-premisa-que-se-debe-mejorar-el-arbitraje\\\/\",\"url\":\"https:\\\/\\\/www.eldiario.net\\\/portal\\\/2024\\\/05\\\/07\\\/fbf-y-abaf-acuerdan-el-compromiso-de-trabajar-bajo-la-premisa-que-se-debe-mejorar-el-arbitraje\\\/\",\"name\":\"FBF y ABAF acuerdan el compromiso de trabajar bajo la premisa que \u201cse debe mejorar el arbitraje\u201d - El Diario - Bolivia\",\"isPartOf\":{\"@id\":\"https:\\\/\\\/www.eldiario.net\\\/portal\\\/#website\"},\"primaryImageOfPage\":{\"@id\":\"https:\\\/\\\/www.eldiario.net\\\/portal\\\/2024\\\/05\\\/07\\\/fbf-y-abaf-acuerdan-el-compromiso-de-trabajar-bajo-la-premisa-que-se-debe-mejorar-el-arbitraje\\\/#primaryimage\"},\"image\":{\"@id\":\"https:\\\/\\\/www.eldiario.net\\\/portal\\\/2024\\\/05\\\/07\\\/fbf-y-abaf-acuerdan-el-compromiso-de-trabajar-bajo-la-premisa-que-se-debe-mejorar-el-arbitraje\\\/#primaryimage\"},\"thumbnailUrl\":\"https:\\\/\\\/www.eldiario.net\\\/portal\\\/wp-content\\\/uploads\\\/2024\\\/05\\\/Arbitros-06.jpg\",\"datePublished\":\"2024-05-07T11:03:35+00:00\",\"breadcrumb\":{\"@id\":\"https:\\\/\\\/www.eldiario.net\\\/portal\\\/2024\\\/05\\\/07\\\/fbf-y-abaf-acuerdan-el-compromiso-de-trabajar-bajo-la-premisa-que-se-debe-mejorar-el-arbitraje\\\/#breadcrumb\"},\"inLanguage\":\"es\",\"potentialAction\":[{\"@type\":\"ReadAction\",\"target\":[\"https:\\\/\\\/www.eldiario.net\\\/portal\\\/2024\\\/05\\\/07\\\/fbf-y-abaf-acuerdan-el-compromiso-de-trabajar-bajo-la-premisa-que-se-debe-mejorar-el-arbitraje\\\/\"]}]},{\"@type\":\"ImageObject\",\"inLanguage\":\"es\",\"@id\":\"https:\\\/\\\/www.eldiario.net\\\/portal\\\/2024\\\/05\\\/07\\\/fbf-y-abaf-acuerdan-el-compromiso-de-trabajar-bajo-la-premisa-que-se-debe-mejorar-el-arbitraje\\\/#primaryimage\",\"url\":\"https:\\\/\\\/www.eldiario.net\\\/portal\\\/wp-content\\\/uploads\\\/2024\\\/05\\\/Arbitros-06.jpg\",\"contentUrl\":\"https:\\\/\\\/www.eldiario.net\\\/portal\\\/wp-content\\\/uploads\\\/2024\\\/05\\\/Arbitros-06.jpg\",\"width\":698,\"height\":382},{\"@type\":\"BreadcrumbList\",\"@id\":\"https:\\\/\\\/www.eldiario.net\\\/portal\\\/2024\\\/05\\\/07\\\/fbf-y-abaf-acuerdan-el-compromiso-de-trabajar-bajo-la-premisa-que-se-debe-mejorar-el-arbitraje\\\/#breadcrumb\",\"itemListElement\":[{\"@type\":\"ListItem\",\"position\":1,\"name\":\"Portada\",\"item\":\"https:\\\/\\\/www.eldiario.net\\\/portal\\\/\"},{\"@type\":\"ListItem\",\"position\":2,\"name\":\"FBF y ABAF acuerdan el compromiso de trabajar bajo la premisa que \u201cse debe mejorar el arbitraje\u201d\"}]},{\"@type\":\"WebSite\",\"@id\":\"https:\\\/\\\/www.eldiario.net\\\/portal\\\/#website\",\"url\":\"https:\\\/\\\/www.eldiario.net\\\/portal\\\/\",\"name\":\"El Diario - Decano de la prensa nacional\",\"description\":\"El Diario - Decano de la prensa nacional\",\"publisher\":{\"@id\":\"https:\\\/\\\/www.eldiario.net\\\/portal\\\/#organization\"},\"potentialAction\":[{\"@type\":\"SearchAction\",\"target\":{\"@type\":\"EntryPoint\",\"urlTemplate\":\"https:\\\/\\\/www.eldiario.net\\\/portal\\\/?s={search_term_string}\"},\"query-input\":{\"@type\":\"PropertyValueSpecification\",\"valueRequired\":true,\"valueName\":\"search_term_string\"}}],\"inLanguage\":\"es\"},{\"@type\":\"Organization\",\"@id\":\"https:\\\/\\\/www.eldiario.net\\\/portal\\\/#organization\",\"name\":\"El Diario - Decano de la prensa nacional\",\"url\":\"https:\\\/\\\/www.eldiario.net\\\/portal\\\/\",\"logo\":{\"@type\":\"ImageObject\",\"inLanguage\":\"es\",\"@id\":\"https:\\\/\\\/www.eldiario.net\\\/portal\\\/#\\\/schema\\\/logo\\\/image\\\/\",\"url\":\"https:\\\/\\\/www.eldiario.net\\\/portal\\\/wp-content\\\/uploads\\\/2023\\\/07\\\/logo_ED.jpg\",\"contentUrl\":\"https:\\\/\\\/www.eldiario.net\\\/portal\\\/wp-content\\\/uploads\\\/2023\\\/07\\\/logo_ED.jpg\",\"width\":272,\"height\":52,\"caption\":\"El Diario - Decano de la prensa nacional\"},\"image\":{\"@id\":\"https:\\\/\\\/www.eldiario.net\\\/portal\\\/#\\\/schema\\\/logo\\\/image\\\/\"},\"sameAs\":[\"https:\\\/\\\/www.facebook.com\\\/eldiario.bolivia\\\/\",\"https:\\\/\\\/x.com\\\/eldiario_net\"]},{\"@type\":\"Person\",\"@id\":\"https:\\\/\\\/www.eldiario.net\\\/portal\\\/#\\\/schema\\\/person\\\/f46445640444750d7d753ccd04ae01b7\",\"name\":\"Jeanette\",\"image\":{\"@type\":\"ImageObject\",\"inLanguage\":\"es\",\"@id\":\"https:\\\/\\\/secure.gravatar.com\\\/avatar\\\/3ea2118a5f7dad2b7138b1187a6b7ee55f160b9968b66013c3a3ef39dd7e5798?s=96&d=mm&r=g\",\"url\":\"https:\\\/\\\/secure.gravatar.com\\\/avatar\\\/3ea2118a5f7dad2b7138b1187a6b7ee55f160b9968b66013c3a3ef39dd7e5798?s=96&d=mm&r=g\",\"contentUrl\":\"https:\\\/\\\/secure.gravatar.com\\\/avatar\\\/3ea2118a5f7dad2b7138b1187a6b7ee55f160b9968b66013c3a3ef39dd7e5798?s=96&d=mm&r=g\",\"caption\":\"Jeanette\"},\"sameAs\":[\"https:\\\/\\\/www.eldiario.net\\\/portal\"],\"url\":\"https:\\\/\\\/www.eldiario.net\\\/portal\\\/author\\\/jeanette\\\/\"}]}<\/script>\n<!-- \/ Yoast SEO plugin. -->","yoast_head_json":{"title":"FBF y ABAF acuerdan el compromiso de trabajar bajo la premisa que \u201cse debe mejorar el arbitraje\u201d - El Diario - Bolivia","robots":{"index":"index","follow":"follow","max-snippet":"max-snippet:-1","max-image-preview":"max-image-preview:large","max-video-preview":"max-video-preview:-1"},"canonical":"https:\/\/www.eldiario.net\/portal\/2024\/05\/07\/fbf-y-abaf-acuerdan-el-compromiso-de-trabajar-bajo-la-premisa-que-se-debe-mejorar-el-arbitraje\/","og_locale":"es_ES","og_type":"article","og_title":"FBF y ABAF acuerdan el compromiso de trabajar bajo la premisa que \u201cse debe mejorar el arbitraje\u201d - El Diario - Bolivia","og_description":"El nuevo directorio de la Asociaci\u00f3n Boliviana de \u00c1rbitros (ABAF), presidida por Edson R\u00edos, logr\u00f3 un acercamiento con la Federaci\u00f3n Boliviana de F\u00fatbol (FBF) acordando un compromiso para trabajar de manera conjunta en busca de mejorar el rendimiento de los \u00e1rbitros a partir del inicio del torneo Clausura. \u201cHay un compromiso de trabajar para la [&hellip;]","og_url":"https:\/\/www.eldiario.net\/portal\/2024\/05\/07\/fbf-y-abaf-acuerdan-el-compromiso-de-trabajar-bajo-la-premisa-que-se-debe-mejorar-el-arbitraje\/","og_site_name":"El Diario - Bolivia","article_publisher":"https:\/\/www.facebook.com\/eldiario.bolivia\/","article_published_time":"2024-05-07T11:03:35+00:00","og_image":[{"width":698,"height":382,"url":"https:\/\/www.eldiario.net\/portal\/wp-content\/uploads\/2024\/05\/Arbitros-06.jpg","type":"image\/jpeg"}],"author":"Jeanette","twitter_card":"summary_large_image","twitter_creator":"@eldiario_net","twitter_site":"@eldiario_net","twitter_misc":{"Escrito por":"Jeanette","Tiempo de lectura":"2 minutos"},"schema":{"@context":"https:\/\/schema.org","@graph":[{"@type":"Article","@id":"https:\/\/www.eldiario.net\/portal\/2024\/05\/07\/fbf-y-abaf-acuerdan-el-compromiso-de-trabajar-bajo-la-premisa-que-se-debe-mejorar-el-arbitraje\/#article","isPartOf":{"@id":"https:\/\/www.eldiario.net\/portal\/2024\/05\/07\/fbf-y-abaf-acuerdan-el-compromiso-de-trabajar-bajo-la-premisa-que-se-debe-mejorar-el-arbitraje\/"},"author":{"name":"Jeanette","@id":"https:\/\/www.eldiario.net\/portal\/#\/schema\/person\/f46445640444750d7d753ccd04ae01b7"},"headline":"FBF y ABAF acuerdan el compromiso de trabajar bajo la premisa que \u201cse debe mejorar el arbitraje\u201d","datePublished":"2024-05-07T11:03:35+00:00","mainEntityOfPage":{"@id":"https:\/\/www.eldiario.net\/portal\/2024\/05\/07\/fbf-y-abaf-acuerdan-el-compromiso-de-trabajar-bajo-la-premisa-que-se-debe-mejorar-el-arbitraje\/"},"wordCount":314,"commentCount":0,"publisher":{"@id":"https:\/\/www.eldiario.net\/portal\/#organization"},"image":{"@id":"https:\/\/www.eldiario.net\/portal\/2024\/05\/07\/fbf-y-abaf-acuerdan-el-compromiso-de-trabajar-bajo-la-premisa-que-se-debe-mejorar-el-arbitraje\/#primaryimage"},"thumbnailUrl":"https:\/\/www.eldiario.net\/portal\/wp-content\/uploads\/2024\/05\/Arbitros-06.jpg","articleSection":["Deportes"],"inLanguage":"es","potentialAction":[{"@type":"CommentAction","name":"Comment","target":["https:\/\/www.eldiario.net\/portal\/2024\/05\/07\/fbf-y-abaf-acuerdan-el-compromiso-de-trabajar-bajo-la-premisa-que-se-debe-mejorar-el-arbitraje\/#respond"]}]},{"@type":"WebPage","@id":"https:\/\/www.eldiario.net\/portal\/2024\/05\/07\/fbf-y-abaf-acuerdan-el-compromiso-de-trabajar-bajo-la-premisa-que-se-debe-mejorar-el-arbitraje\/","url":"https:\/\/www.eldiario.net\/portal\/2024\/05\/07\/fbf-y-abaf-acuerdan-el-compromiso-de-trabajar-bajo-la-premisa-que-se-debe-mejorar-el-arbitraje\/","name":"FBF y ABAF acuerdan el compromiso de trabajar bajo la premisa que \u201cse debe mejorar el arbitraje\u201d - El Diario - Bolivia","isPartOf":{"@id":"https:\/\/www.eldiario.net\/portal\/#website"},"primaryImageOfPage":{"@id":"https:\/\/www.eldiario.net\/portal\/2024\/05\/07\/fbf-y-abaf-acuerdan-el-compromiso-de-trabajar-bajo-la-premisa-que-se-debe-mejorar-el-arbitraje\/#primaryimage"},"image":{"@id":"https:\/\/www.eldiario.net\/portal\/2024\/05\/07\/fbf-y-abaf-acuerdan-el-compromiso-de-trabajar-bajo-la-premisa-que-se-debe-mejorar-el-arbitraje\/#primaryimage"},"thumbnailUrl":"https:\/\/www.eldiario.net\/portal\/wp-content\/uploads\/2024\/05\/Arbitros-06.jpg","datePublished":"2024-05-07T11:03:35+00:00","breadcrumb":{"@id":"https:\/\/www.eldiario.net\/portal\/2024\/05\/07\/fbf-y-abaf-acuerdan-el-compromiso-de-trabajar-bajo-la-premisa-que-se-debe-mejorar-el-arbitraje\/#breadcrumb"},"inLanguage":"es","potentialAction":[{"@type":"ReadAction","target":["https:\/\/www.eldiario.net\/portal\/2024\/05\/07\/fbf-y-abaf-acuerdan-el-compromiso-de-trabajar-bajo-la-premisa-que-se-debe-mejorar-el-arbitraje\/"]}]},{"@type":"ImageObject","inLanguage":"es","@id":"https:\/\/www.eldiario.net\/portal\/2024\/05\/07\/fbf-y-abaf-acuerdan-el-compromiso-de-trabajar-bajo-la-premisa-que-se-debe-mejorar-el-arbitraje\/#primaryimage","url":"https:\/\/www.eldiario.net\/portal\/wp-content\/uploads\/2024\/05\/Arbitros-06.jpg","contentUrl":"https:\/\/www.eldiario.net\/portal\/wp-content\/uploads\/2024\/05\/Arbitros-06.jpg","width":698,"height":382},{"@type":"BreadcrumbList","@id":"https:\/\/www.eldiario.net\/portal\/2024\/05\/07\/fbf-y-abaf-acuerdan-el-compromiso-de-trabajar-bajo-la-premisa-que-se-debe-mejorar-el-arbitraje\/#breadcrumb","itemListElement":[{"@type":"ListItem","position":1,"name":"Portada","item":"https:\/\/www.eldiario.net\/portal\/"},{"@type":"ListItem","position":2,"name":"FBF y ABAF acuerdan el compromiso de trabajar bajo la premisa que \u201cse debe mejorar el arbitraje\u201d"}]},{"@type":"WebSite","@id":"https:\/\/www.eldiario.net\/portal\/#website","url":"https:\/\/www.eldiario.net\/portal\/","name":"El Diario - Decano de la prensa nacional","description":"El Diario - Decano de la prensa nacional","publisher":{"@id":"https:\/\/www.eldiario.net\/portal\/#organization"},"potentialAction":[{"@type":"SearchAction","target":{"@type":"EntryPoint","urlTemplate":"https:\/\/www.eldiario.net\/portal\/?s={search_term_string}"},"query-input":{"@type":"PropertyValueSpecification","valueRequired":true,"valueName":"search_term_string"}}],"inLanguage":"es"},{"@type":"Organization","@id":"https:\/\/www.eldiario.net\/portal\/#organization","name":"El Diario - Decano de la prensa nacional","url":"https:\/\/www.eldiario.net\/portal\/","logo":{"@type":"ImageObject","inLanguage":"es","@id":"https:\/\/www.eldiario.net\/portal\/#\/schema\/logo\/image\/","url":"https:\/\/www.eldiario.net\/portal\/wp-content\/uploads\/2023\/07\/logo_ED.jpg","contentUrl":"https:\/\/www.eldiario.net\/portal\/wp-content\/uploads\/2023\/07\/logo_ED.jpg","width":272,"height":52,"caption":"El Diario - Decano de la prensa nacional"},"image":{"@id":"https:\/\/www.eldiario.net\/portal\/#\/schema\/logo\/image\/"},"sameAs":["https:\/\/www.facebook.com\/eldiario.bolivia\/","https:\/\/x.com\/eldiario_net"]},{"@type":"Person","@id":"https:\/\/www.eldiario.net\/portal\/#\/schema\/person\/f46445640444750d7d753ccd04ae01b7","name":"Jeanette","image":{"@type":"ImageObject","inLanguage":"es","@id":"https:\/\/secure.gravatar.com\/avatar\/3ea2118a5f7dad2b7138b1187a6b7ee55f160b9968b66013c3a3ef39dd7e5798?s=96&d=mm&r=g","url":"https:\/\/secure.gravatar.com\/avatar\/3ea2118a5f7dad2b7138b1187a6b7ee55f160b9968b66013c3a3ef39dd7e5798?s=96&d=mm&r=g","contentUrl":"https:\/\/secure.gravatar.com\/avatar\/3ea2118a5f7dad2b7138b1187a6b7ee55f160b9968b66013c3a3ef39dd7e5798?s=96&d=mm&r=g","caption":"Jeanette"},"sameAs":["https:\/\/www.eldiario.net\/portal"],"url":"https:\/\/www.eldiario.net\/portal\/author\/jeanette\/"}]}},"_links":{"self":[{"href":"https:\/\/www.eldiario.net\/portal\/wp-json\/wp\/v2\/posts\/219084","targetHints":{"allow":["GET"]}}],"collection":[{"href":"https:\/\/www.eldiario.net\/portal\/wp-json\/wp\/v2\/posts"}],"about":[{"href":"https:\/\/www.eldiario.net\/portal\/wp-json\/wp\/v2\/types\/post"}],"author":[{"embeddable":true,"href":"https:\/\/www.eldiario.net\/portal\/wp-json\/wp\/v2\/users\/1"}],"replies":[{"embeddable":true,"href":"https:\/\/www.eldiario.net\/portal\/wp-json\/wp\/v2\/comments?post=219084"}],"version-history":[{"count":1,"href":"https:\/\/www.eldiario.net\/portal\/wp-json\/wp\/v2\/posts\/219084\/revisions"}],"predecessor-version":[{"id":219086,"href":"https:\/\/www.eldiario.net\/portal\/wp-json\/wp\/v2\/posts\/219084\/revisions\/219086"}],"wp:featuredmedia":[{"embeddable":true,"href":"https:\/\/www.eldiario.net\/portal\/wp-json\/wp\/v2\/media\/219085"}],"wp:attachment":[{"href":"https:\/\/www.eldiario.net\/portal\/wp-json\/wp\/v2\/media?parent=219084"}],"wp:term":[{"taxonomy":"category","embeddable":true,"href":"https:\/\/www.eldiario.net\/portal\/wp-json\/wp\/v2\/categories?post=219084"},{"taxonomy":"post_tag","embeddable":true,"href":"https:\/\/www.eldiario.net\/portal\/wp-json\/wp\/v2\/tags?post=219084"}],"curies":[{"name":"wp","href":"https:\/\/api.w.org\/{rel}","templated":true}]}}