{"id":219081,"date":"2024-05-07T07:01:49","date_gmt":"2024-05-07T11:01:49","guid":{"rendered":"https:\/\/www.eldiario.net\/portal\/?p=219081"},"modified":"2024-05-07T07:01:49","modified_gmt":"2024-05-07T11:01:49","slug":"pese-a-que-medicamentos-subieron-de-precio-industria-farmaceutica-pide-dolares","status":"publish","type":"post","link":"https:\/\/www.eldiario.net\/portal\/2024\/05\/07\/pese-a-que-medicamentos-subieron-de-precio-industria-farmaceutica-pide-dolares\/","title":{"rendered":"Pese a que medicamentos subieron de precio, industria farmac\u00e9utica pide d\u00f3lares"},"content":{"rendered":"<p>A pesar que los medicamentos subieron de precio, el sector farmac\u00e9utico advirti\u00f3 la falta de d\u00f3lares para importan insumos y producir.<\/p>\n<p>Ante esta situaci\u00f3n, el Gobierno realizar\u00e1 las gestiones necesarias para que el sector farmac\u00e9utico cumpla con las importaciones y garantice la provisi\u00f3n de productos al mercado nacional, seg\u00fan inform\u00f3 el presidente de la C\u00e1mara Nacional de Industrias (CNI), Pablo Camacho, pero tambi\u00e9n qued\u00f3 en evidencia que el anterior acuerdo no se cumpli\u00f3 tal como estaba anunciado y ahora el sector requiere d\u00f3lares, para importar y producir.<\/p>\n<p>\u201cEstamos trabajando de forma paralela con el Banco Uni\u00f3n, para agilizar las importaciones con euros, yuanes y obviamente con d\u00f3lares, para tratar de compensar y poder comprar las divisas necesarias para importar\u201d expres\u00f3 el Presidente Camacho.<\/p>\n<p>En una reuni\u00f3n realizada con el ministro Marcelo Montenegro en el Ministerio de Econom\u00eda y Finanzas P\u00fablicas, el presidente Pablo Camacho (CNI), y el presidente de la C\u00e1mara de Industria Farmac\u00e9utica (Cifabol) Javier Lupo, abordaron temas como la eventual carencia de productos farmac\u00e9uticos generados por problemas administrativos en la Caja Nacional de Salud (CNS), misma que ha ocasionado escasez en sus farmacias.<\/p>\n<p>Seg\u00fan datos generados en la reuni\u00f3n, la CNS adeuda alrededor de 70 millones de bolivianos al sector farmac\u00e9utico, \u201cexisten municipios que a\u00fan deben fuertes sumas de dinero a la industria farmac\u00e9utica boliviana\u201d, asever\u00f3 el Presidente de la CNI.<\/p>\n<p>Pese a existir una mora en los pagos de sus productos y deudas de anteriores gestiones, el sector industrial farmac\u00e9utico, se comprometi\u00f3 a proveer todos los productos farmac\u00e9uticos para garantizar la salud de los bolivianos.<\/p>\n<p>PRECIOS<\/p>\n<p>En todas las farmacias los precios de los medicamentos subieron, lo cual afecta gravemente a la econom\u00eda de quienes deben adquirir alguna medicina.<\/p>\n<p>De la noche a la ma\u00f1ana los medicamentos especialmente para ciudadanos que adolecen de las denominadas \u201cenfermedades de base\u201d, registraron alza.<\/p>\n<p>Por ejemplo, la caja de Losart\u00e1n con diur\u00e9tico que se expend\u00eda a Bs 93 ahora se vende a Bs 117, cosa similar para con el Pregabalina de 75 mg., que de Bs 8, ahora est\u00e1 en Bs 17.<\/p>\n","protected":false},"excerpt":{"rendered":"<p>A pesar que los medicamentos subieron de precio, el sector farmac\u00e9utico advirti\u00f3 la falta de d\u00f3lares para importan insumos y producir. Ante esta situaci\u00f3n, el Gobierno realizar\u00e1 las gestiones necesarias para que el sector farmac\u00e9utico cumpla con las importaciones y garantice la provisi\u00f3n de productos al mercado nacional, seg\u00fan inform\u00f3 el presidente de la C\u00e1mara [&hellip;]<\/p>\n","protected":false},"author":1,"featured_media":219082,"comment_status":"open","ping_status":"open","sticky":false,"template":"","format":"standard","meta":{"_acf_changed":false,"footnotes":""},"categories":[7],"tags":[],"class_list":["post-219081","post","type-post","status-publish","format-standard","has-post-thumbnail","category-economia"],"acf":{"antetitulo":""},"yoast_head":"<!-- This site is optimized with the Yoast SEO plugin v28.4 - https:\/\/yoast.com\/product\/yoast-seo-wordpress\/ -->\n<title>Pese a que medicamentos subieron de precio, industria farmac\u00e9utica pide d\u00f3lares - El Diario - Bolivia<\/title>\n<meta name=\"robots\" content=\"index, follow, max-snippet:-1, max-image-preview:large, max-video-preview:-1\" \/>\n<link rel=\"canonical\" href=\"https:\/\/www.eldiario.net\/portal\/2024\/05\/07\/pese-a-que-medicamentos-subieron-de-precio-industria-farmaceutica-pide-dolares\/\" \/>\n<meta property=\"og:locale\" content=\"es_ES\" \/>\n<meta property=\"og:type\" content=\"article\" \/>\n<meta property=\"og:title\" content=\"Pese a que medicamentos subieron de precio, industria farmac\u00e9utica pide d\u00f3lares - El Diario - Bolivia\" \/>\n<meta property=\"og:description\" content=\"A pesar que los medicamentos subieron de precio, el sector farmac\u00e9utico advirti\u00f3 la falta de d\u00f3lares para importan insumos y producir. Ante esta situaci\u00f3n, el Gobierno realizar\u00e1 las gestiones necesarias para que el sector farmac\u00e9utico cumpla con las importaciones y garantice la provisi\u00f3n de productos al mercado nacional, seg\u00fan inform\u00f3 el presidente de la C\u00e1mara [&hellip;]\" \/>\n<meta property=\"og:url\" content=\"https:\/\/www.eldiario.net\/portal\/2024\/05\/07\/pese-a-que-medicamentos-subieron-de-precio-industria-farmaceutica-pide-dolares\/\" \/>\n<meta property=\"og:site_name\" content=\"El Diario - Bolivia\" \/>\n<meta property=\"article:publisher\" content=\"https:\/\/www.facebook.com\/eldiario.bolivia\/\" \/>\n<meta property=\"article:published_time\" content=\"2024-05-07T11:01:49+00:00\" \/>\n<meta property=\"og:image\" content=\"https:\/\/www.eldiario.net\/portal\/wp-content\/uploads\/2024\/05\/CNI-FOTO.jpg\" \/>\n\t<meta property=\"og:image:width\" content=\"1600\" \/>\n\t<meta property=\"og:image:height\" content=\"1038\" \/>\n\t<meta property=\"og:image:type\" content=\"image\/jpeg\" \/>\n<meta name=\"author\" content=\"Jeanette\" \/>\n<meta name=\"twitter:card\" content=\"summary_large_image\" \/>\n<meta name=\"twitter:creator\" content=\"@eldiario_net\" \/>\n<meta name=\"twitter:site\" content=\"@eldiario_net\" \/>\n<meta name=\"twitter:label1\" content=\"Escrito por\" \/>\n\t<meta name=\"twitter:data1\" content=\"Jeanette\" \/>\n\t<meta name=\"twitter:label2\" content=\"Tiempo de lectura\" \/>\n\t<meta name=\"twitter:data2\" content=\"2 minutos\" \/>\n<script type=\"application\/ld+json\" class=\"yoast-schema-graph\">{\"@context\":\"https:\\\/\\\/schema.org\",\"@graph\":[{\"@type\":\"Article\",\"@id\":\"https:\\\/\\\/www.eldiario.net\\\/portal\\\/2024\\\/05\\\/07\\\/pese-a-que-medicamentos-subieron-de-precio-industria-farmaceutica-pide-dolares\\\/#article\",\"isPartOf\":{\"@id\":\"https:\\\/\\\/www.eldiario.net\\\/portal\\\/2024\\\/05\\\/07\\\/pese-a-que-medicamentos-subieron-de-precio-industria-farmaceutica-pide-dolares\\\/\"},\"author\":{\"name\":\"Jeanette\",\"@id\":\"https:\\\/\\\/www.eldiario.net\\\/portal\\\/#\\\/schema\\\/person\\\/f46445640444750d7d753ccd04ae01b7\"},\"headline\":\"Pese a que medicamentos subieron de precio, industria farmac\u00e9utica pide d\u00f3lares\",\"datePublished\":\"2024-05-07T11:01:49+00:00\",\"mainEntityOfPage\":{\"@id\":\"https:\\\/\\\/www.eldiario.net\\\/portal\\\/2024\\\/05\\\/07\\\/pese-a-que-medicamentos-subieron-de-precio-industria-farmaceutica-pide-dolares\\\/\"},\"wordCount\":377,\"commentCount\":0,\"publisher\":{\"@id\":\"https:\\\/\\\/www.eldiario.net\\\/portal\\\/#organization\"},\"image\":{\"@id\":\"https:\\\/\\\/www.eldiario.net\\\/portal\\\/2024\\\/05\\\/07\\\/pese-a-que-medicamentos-subieron-de-precio-industria-farmaceutica-pide-dolares\\\/#primaryimage\"},\"thumbnailUrl\":\"https:\\\/\\\/www.eldiario.net\\\/portal\\\/wp-content\\\/uploads\\\/2024\\\/05\\\/CNI-FOTO.jpg\",\"articleSection\":[\"Econom\u00eda\"],\"inLanguage\":\"es\",\"potentialAction\":[{\"@type\":\"CommentAction\",\"name\":\"Comment\",\"target\":[\"https:\\\/\\\/www.eldiario.net\\\/portal\\\/2024\\\/05\\\/07\\\/pese-a-que-medicamentos-subieron-de-precio-industria-farmaceutica-pide-dolares\\\/#respond\"]}]},{\"@type\":\"WebPage\",\"@id\":\"https:\\\/\\\/www.eldiario.net\\\/portal\\\/2024\\\/05\\\/07\\\/pese-a-que-medicamentos-subieron-de-precio-industria-farmaceutica-pide-dolares\\\/\",\"url\":\"https:\\\/\\\/www.eldiario.net\\\/portal\\\/2024\\\/05\\\/07\\\/pese-a-que-medicamentos-subieron-de-precio-industria-farmaceutica-pide-dolares\\\/\",\"name\":\"Pese a que medicamentos subieron de precio, industria farmac\u00e9utica pide d\u00f3lares - El Diario - Bolivia\",\"isPartOf\":{\"@id\":\"https:\\\/\\\/www.eldiario.net\\\/portal\\\/#website\"},\"primaryImageOfPage\":{\"@id\":\"https:\\\/\\\/www.eldiario.net\\\/portal\\\/2024\\\/05\\\/07\\\/pese-a-que-medicamentos-subieron-de-precio-industria-farmaceutica-pide-dolares\\\/#primaryimage\"},\"image\":{\"@id\":\"https:\\\/\\\/www.eldiario.net\\\/portal\\\/2024\\\/05\\\/07\\\/pese-a-que-medicamentos-subieron-de-precio-industria-farmaceutica-pide-dolares\\\/#primaryimage\"},\"thumbnailUrl\":\"https:\\\/\\\/www.eldiario.net\\\/portal\\\/wp-content\\\/uploads\\\/2024\\\/05\\\/CNI-FOTO.jpg\",\"datePublished\":\"2024-05-07T11:01:49+00:00\",\"breadcrumb\":{\"@id\":\"https:\\\/\\\/www.eldiario.net\\\/portal\\\/2024\\\/05\\\/07\\\/pese-a-que-medicamentos-subieron-de-precio-industria-farmaceutica-pide-dolares\\\/#breadcrumb\"},\"inLanguage\":\"es\",\"potentialAction\":[{\"@type\":\"ReadAction\",\"target\":[\"https:\\\/\\\/www.eldiario.net\\\/portal\\\/2024\\\/05\\\/07\\\/pese-a-que-medicamentos-subieron-de-precio-industria-farmaceutica-pide-dolares\\\/\"]}]},{\"@type\":\"ImageObject\",\"inLanguage\":\"es\",\"@id\":\"https:\\\/\\\/www.eldiario.net\\\/portal\\\/2024\\\/05\\\/07\\\/pese-a-que-medicamentos-subieron-de-precio-industria-farmaceutica-pide-dolares\\\/#primaryimage\",\"url\":\"https:\\\/\\\/www.eldiario.net\\\/portal\\\/wp-content\\\/uploads\\\/2024\\\/05\\\/CNI-FOTO.jpg\",\"contentUrl\":\"https:\\\/\\\/www.eldiario.net\\\/portal\\\/wp-content\\\/uploads\\\/2024\\\/05\\\/CNI-FOTO.jpg\",\"width\":1600,\"height\":1038,\"caption\":\"Presidente de la CNI, Pablo Camacho. Foto CNI\"},{\"@type\":\"BreadcrumbList\",\"@id\":\"https:\\\/\\\/www.eldiario.net\\\/portal\\\/2024\\\/05\\\/07\\\/pese-a-que-medicamentos-subieron-de-precio-industria-farmaceutica-pide-dolares\\\/#breadcrumb\",\"itemListElement\":[{\"@type\":\"ListItem\",\"position\":1,\"name\":\"Portada\",\"item\":\"https:\\\/\\\/www.eldiario.net\\\/portal\\\/\"},{\"@type\":\"ListItem\",\"position\":2,\"name\":\"Pese a que medicamentos subieron de precio, industria farmac\u00e9utica pide d\u00f3lares\"}]},{\"@type\":\"WebSite\",\"@id\":\"https:\\\/\\\/www.eldiario.net\\\/portal\\\/#website\",\"url\":\"https:\\\/\\\/www.eldiario.net\\\/portal\\\/\",\"name\":\"El Diario - Decano de la prensa nacional\",\"description\":\"El Diario - Decano de la prensa nacional\",\"publisher\":{\"@id\":\"https:\\\/\\\/www.eldiario.net\\\/portal\\\/#organization\"},\"potentialAction\":[{\"@type\":\"SearchAction\",\"target\":{\"@type\":\"EntryPoint\",\"urlTemplate\":\"https:\\\/\\\/www.eldiario.net\\\/portal\\\/?s={search_term_string}\"},\"query-input\":{\"@type\":\"PropertyValueSpecification\",\"valueRequired\":true,\"valueName\":\"search_term_string\"}}],\"inLanguage\":\"es\"},{\"@type\":\"Organization\",\"@id\":\"https:\\\/\\\/www.eldiario.net\\\/portal\\\/#organization\",\"name\":\"El Diario - Decano de la prensa nacional\",\"url\":\"https:\\\/\\\/www.eldiario.net\\\/portal\\\/\",\"logo\":{\"@type\":\"ImageObject\",\"inLanguage\":\"es\",\"@id\":\"https:\\\/\\\/www.eldiario.net\\\/portal\\\/#\\\/schema\\\/logo\\\/image\\\/\",\"url\":\"https:\\\/\\\/www.eldiario.net\\\/portal\\\/wp-content\\\/uploads\\\/2023\\\/07\\\/logo_ED.jpg\",\"contentUrl\":\"https:\\\/\\\/www.eldiario.net\\\/portal\\\/wp-content\\\/uploads\\\/2023\\\/07\\\/logo_ED.jpg\",\"width\":272,\"height\":52,\"caption\":\"El Diario - Decano de la prensa nacional\"},\"image\":{\"@id\":\"https:\\\/\\\/www.eldiario.net\\\/portal\\\/#\\\/schema\\\/logo\\\/image\\\/\"},\"sameAs\":[\"https:\\\/\\\/www.facebook.com\\\/eldiario.bolivia\\\/\",\"https:\\\/\\\/x.com\\\/eldiario_net\"]},{\"@type\":\"Person\",\"@id\":\"https:\\\/\\\/www.eldiario.net\\\/portal\\\/#\\\/schema\\\/person\\\/f46445640444750d7d753ccd04ae01b7\",\"name\":\"Jeanette\",\"image\":{\"@type\":\"ImageObject\",\"inLanguage\":\"es\",\"@id\":\"https:\\\/\\\/secure.gravatar.com\\\/avatar\\\/3ea2118a5f7dad2b7138b1187a6b7ee55f160b9968b66013c3a3ef39dd7e5798?s=96&d=mm&r=g\",\"url\":\"https:\\\/\\\/secure.gravatar.com\\\/avatar\\\/3ea2118a5f7dad2b7138b1187a6b7ee55f160b9968b66013c3a3ef39dd7e5798?s=96&d=mm&r=g\",\"contentUrl\":\"https:\\\/\\\/secure.gravatar.com\\\/avatar\\\/3ea2118a5f7dad2b7138b1187a6b7ee55f160b9968b66013c3a3ef39dd7e5798?s=96&d=mm&r=g\",\"caption\":\"Jeanette\"},\"sameAs\":[\"https:\\\/\\\/www.eldiario.net\\\/portal\"],\"url\":\"https:\\\/\\\/www.eldiario.net\\\/portal\\\/author\\\/jeanette\\\/\"}]}<\/script>\n<!-- \/ Yoast SEO plugin. -->","yoast_head_json":{"title":"Pese a que medicamentos subieron de precio, industria farmac\u00e9utica pide d\u00f3lares - El Diario - Bolivia","robots":{"index":"index","follow":"follow","max-snippet":"max-snippet:-1","max-image-preview":"max-image-preview:large","max-video-preview":"max-video-preview:-1"},"canonical":"https:\/\/www.eldiario.net\/portal\/2024\/05\/07\/pese-a-que-medicamentos-subieron-de-precio-industria-farmaceutica-pide-dolares\/","og_locale":"es_ES","og_type":"article","og_title":"Pese a que medicamentos subieron de precio, industria farmac\u00e9utica pide d\u00f3lares - El Diario - Bolivia","og_description":"A pesar que los medicamentos subieron de precio, el sector farmac\u00e9utico advirti\u00f3 la falta de d\u00f3lares para importan insumos y producir. Ante esta situaci\u00f3n, el Gobierno realizar\u00e1 las gestiones necesarias para que el sector farmac\u00e9utico cumpla con las importaciones y garantice la provisi\u00f3n de productos al mercado nacional, seg\u00fan inform\u00f3 el presidente de la C\u00e1mara [&hellip;]","og_url":"https:\/\/www.eldiario.net\/portal\/2024\/05\/07\/pese-a-que-medicamentos-subieron-de-precio-industria-farmaceutica-pide-dolares\/","og_site_name":"El Diario - Bolivia","article_publisher":"https:\/\/www.facebook.com\/eldiario.bolivia\/","article_published_time":"2024-05-07T11:01:49+00:00","og_image":[{"width":1600,"height":1038,"url":"https:\/\/www.eldiario.net\/portal\/wp-content\/uploads\/2024\/05\/CNI-FOTO.jpg","type":"image\/jpeg"}],"author":"Jeanette","twitter_card":"summary_large_image","twitter_creator":"@eldiario_net","twitter_site":"@eldiario_net","twitter_misc":{"Escrito por":"Jeanette","Tiempo de lectura":"2 minutos"},"schema":{"@context":"https:\/\/schema.org","@graph":[{"@type":"Article","@id":"https:\/\/www.eldiario.net\/portal\/2024\/05\/07\/pese-a-que-medicamentos-subieron-de-precio-industria-farmaceutica-pide-dolares\/#article","isPartOf":{"@id":"https:\/\/www.eldiario.net\/portal\/2024\/05\/07\/pese-a-que-medicamentos-subieron-de-precio-industria-farmaceutica-pide-dolares\/"},"author":{"name":"Jeanette","@id":"https:\/\/www.eldiario.net\/portal\/#\/schema\/person\/f46445640444750d7d753ccd04ae01b7"},"headline":"Pese a que medicamentos subieron de precio, industria farmac\u00e9utica pide d\u00f3lares","datePublished":"2024-05-07T11:01:49+00:00","mainEntityOfPage":{"@id":"https:\/\/www.eldiario.net\/portal\/2024\/05\/07\/pese-a-que-medicamentos-subieron-de-precio-industria-farmaceutica-pide-dolares\/"},"wordCount":377,"commentCount":0,"publisher":{"@id":"https:\/\/www.eldiario.net\/portal\/#organization"},"image":{"@id":"https:\/\/www.eldiario.net\/portal\/2024\/05\/07\/pese-a-que-medicamentos-subieron-de-precio-industria-farmaceutica-pide-dolares\/#primaryimage"},"thumbnailUrl":"https:\/\/www.eldiario.net\/portal\/wp-content\/uploads\/2024\/05\/CNI-FOTO.jpg","articleSection":["Econom\u00eda"],"inLanguage":"es","potentialAction":[{"@type":"CommentAction","name":"Comment","target":["https:\/\/www.eldiario.net\/portal\/2024\/05\/07\/pese-a-que-medicamentos-subieron-de-precio-industria-farmaceutica-pide-dolares\/#respond"]}]},{"@type":"WebPage","@id":"https:\/\/www.eldiario.net\/portal\/2024\/05\/07\/pese-a-que-medicamentos-subieron-de-precio-industria-farmaceutica-pide-dolares\/","url":"https:\/\/www.eldiario.net\/portal\/2024\/05\/07\/pese-a-que-medicamentos-subieron-de-precio-industria-farmaceutica-pide-dolares\/","name":"Pese a que medicamentos subieron de precio, industria farmac\u00e9utica pide d\u00f3lares - El Diario - Bolivia","isPartOf":{"@id":"https:\/\/www.eldiario.net\/portal\/#website"},"primaryImageOfPage":{"@id":"https:\/\/www.eldiario.net\/portal\/2024\/05\/07\/pese-a-que-medicamentos-subieron-de-precio-industria-farmaceutica-pide-dolares\/#primaryimage"},"image":{"@id":"https:\/\/www.eldiario.net\/portal\/2024\/05\/07\/pese-a-que-medicamentos-subieron-de-precio-industria-farmaceutica-pide-dolares\/#primaryimage"},"thumbnailUrl":"https:\/\/www.eldiario.net\/portal\/wp-content\/uploads\/2024\/05\/CNI-FOTO.jpg","datePublished":"2024-05-07T11:01:49+00:00","breadcrumb":{"@id":"https:\/\/www.eldiario.net\/portal\/2024\/05\/07\/pese-a-que-medicamentos-subieron-de-precio-industria-farmaceutica-pide-dolares\/#breadcrumb"},"inLanguage":"es","potentialAction":[{"@type":"ReadAction","target":["https:\/\/www.eldiario.net\/portal\/2024\/05\/07\/pese-a-que-medicamentos-subieron-de-precio-industria-farmaceutica-pide-dolares\/"]}]},{"@type":"ImageObject","inLanguage":"es","@id":"https:\/\/www.eldiario.net\/portal\/2024\/05\/07\/pese-a-que-medicamentos-subieron-de-precio-industria-farmaceutica-pide-dolares\/#primaryimage","url":"https:\/\/www.eldiario.net\/portal\/wp-content\/uploads\/2024\/05\/CNI-FOTO.jpg","contentUrl":"https:\/\/www.eldiario.net\/portal\/wp-content\/uploads\/2024\/05\/CNI-FOTO.jpg","width":1600,"height":1038,"caption":"Presidente de la CNI, Pablo Camacho. Foto CNI"},{"@type":"BreadcrumbList","@id":"https:\/\/www.eldiario.net\/portal\/2024\/05\/07\/pese-a-que-medicamentos-subieron-de-precio-industria-farmaceutica-pide-dolares\/#breadcrumb","itemListElement":[{"@type":"ListItem","position":1,"name":"Portada","item":"https:\/\/www.eldiario.net\/portal\/"},{"@type":"ListItem","position":2,"name":"Pese a que medicamentos subieron de precio, industria farmac\u00e9utica pide d\u00f3lares"}]},{"@type":"WebSite","@id":"https:\/\/www.eldiario.net\/portal\/#website","url":"https:\/\/www.eldiario.net\/portal\/","name":"El Diario - Decano de la prensa nacional","description":"El Diario - Decano de la prensa nacional","publisher":{"@id":"https:\/\/www.eldiario.net\/portal\/#organization"},"potentialAction":[{"@type":"SearchAction","target":{"@type":"EntryPoint","urlTemplate":"https:\/\/www.eldiario.net\/portal\/?s={search_term_string}"},"query-input":{"@type":"PropertyValueSpecification","valueRequired":true,"valueName":"search_term_string"}}],"inLanguage":"es"},{"@type":"Organization","@id":"https:\/\/www.eldiario.net\/portal\/#organization","name":"El Diario - Decano de la prensa nacional","url":"https:\/\/www.eldiario.net\/portal\/","logo":{"@type":"ImageObject","inLanguage":"es","@id":"https:\/\/www.eldiario.net\/portal\/#\/schema\/logo\/image\/","url":"https:\/\/www.eldiario.net\/portal\/wp-content\/uploads\/2023\/07\/logo_ED.jpg","contentUrl":"https:\/\/www.eldiario.net\/portal\/wp-content\/uploads\/2023\/07\/logo_ED.jpg","width":272,"height":52,"caption":"El Diario - Decano de la prensa nacional"},"image":{"@id":"https:\/\/www.eldiario.net\/portal\/#\/schema\/logo\/image\/"},"sameAs":["https:\/\/www.facebook.com\/eldiario.bolivia\/","https:\/\/x.com\/eldiario_net"]},{"@type":"Person","@id":"https:\/\/www.eldiario.net\/portal\/#\/schema\/person\/f46445640444750d7d753ccd04ae01b7","name":"Jeanette","image":{"@type":"ImageObject","inLanguage":"es","@id":"https:\/\/secure.gravatar.com\/avatar\/3ea2118a5f7dad2b7138b1187a6b7ee55f160b9968b66013c3a3ef39dd7e5798?s=96&d=mm&r=g","url":"https:\/\/secure.gravatar.com\/avatar\/3ea2118a5f7dad2b7138b1187a6b7ee55f160b9968b66013c3a3ef39dd7e5798?s=96&d=mm&r=g","contentUrl":"https:\/\/secure.gravatar.com\/avatar\/3ea2118a5f7dad2b7138b1187a6b7ee55f160b9968b66013c3a3ef39dd7e5798?s=96&d=mm&r=g","caption":"Jeanette"},"sameAs":["https:\/\/www.eldiario.net\/portal"],"url":"https:\/\/www.eldiario.net\/portal\/author\/jeanette\/"}]}},"_links":{"self":[{"href":"https:\/\/www.eldiario.net\/portal\/wp-json\/wp\/v2\/posts\/219081","targetHints":{"allow":["GET"]}}],"collection":[{"href":"https:\/\/www.eldiario.net\/portal\/wp-json\/wp\/v2\/posts"}],"about":[{"href":"https:\/\/www.eldiario.net\/portal\/wp-json\/wp\/v2\/types\/post"}],"author":[{"embeddable":true,"href":"https:\/\/www.eldiario.net\/portal\/wp-json\/wp\/v2\/users\/1"}],"replies":[{"embeddable":true,"href":"https:\/\/www.eldiario.net\/portal\/wp-json\/wp\/v2\/comments?post=219081"}],"version-history":[{"count":1,"href":"https:\/\/www.eldiario.net\/portal\/wp-json\/wp\/v2\/posts\/219081\/revisions"}],"predecessor-version":[{"id":219083,"href":"https:\/\/www.eldiario.net\/portal\/wp-json\/wp\/v2\/posts\/219081\/revisions\/219083"}],"wp:featuredmedia":[{"embeddable":true,"href":"https:\/\/www.eldiario.net\/portal\/wp-json\/wp\/v2\/media\/219082"}],"wp:attachment":[{"href":"https:\/\/www.eldiario.net\/portal\/wp-json\/wp\/v2\/media?parent=219081"}],"wp:term":[{"taxonomy":"category","embeddable":true,"href":"https:\/\/www.eldiario.net\/portal\/wp-json\/wp\/v2\/categories?post=219081"},{"taxonomy":"post_tag","embeddable":true,"href":"https:\/\/www.eldiario.net\/portal\/wp-json\/wp\/v2\/tags?post=219081"}],"curies":[{"name":"wp","href":"https:\/\/api.w.org\/{rel}","templated":true}]}}