{"id":219078,"date":"2024-05-07T07:00:50","date_gmt":"2024-05-07T11:00:50","guid":{"rendered":"https:\/\/www.eldiario.net\/portal\/?p=219078"},"modified":"2024-05-07T07:00:50","modified_gmt":"2024-05-07T11:00:50","slug":"inflacion-va-en-aumento-a-abril-llego-a-057-y-el-acumulado-a-131","status":"publish","type":"post","link":"https:\/\/www.eldiario.net\/portal\/2024\/05\/07\/inflacion-va-en-aumento-a-abril-llego-a-057-y-el-acumulado-a-131\/","title":{"rendered":"Inflaci\u00f3n va en aumento, a abril lleg\u00f3 a 0,57% y el acumulado a 1,31%"},"content":{"rendered":"<p>En abril se ha registrado una inflaci\u00f3n del 0,57%, y una acumulada de 1,31%, dato oficial que muestra que la cifra va en aumento, aunque no representa la realidad de la poblaci\u00f3n, ya que los precios de los productos se incrementaron en m\u00e1s del 10%, seg\u00fan varios an\u00e1lisis de economistas.<\/p>\n<p>La p\u00e9rdida del poder adquisitivo oscila entre 10% a 15%, debido al aumento de precios de los principales productos de la canasta familiar, pero dicho incremento no se refleja en las estad\u00edsticas que presenta el gobierno, seg\u00fan analistas econ\u00f3micos.<\/p>\n<p>Al primer cuatrimestre de este a\u00f1o, Bolivia acumul\u00f3 una inflaci\u00f3n de 1,31%, la segunda m\u00e1s baja de la regi\u00f3n, destac\u00f3 el ministro de Planificaci\u00f3n del Desarrollo, Sergio Cusicanqui. Pero no menciona que la inflaci\u00f3n baja obedece a la inyecci\u00f3n de recursos para subsidiar, en primera instancia los combustibles, as\u00ed como los alimentos y servicios, que el a\u00f1o pasado el presupuesto destinado alcanz\u00f3 a 2.000 millones de d\u00f3lares.<\/p>\n<p>El dato de la inflaci\u00f3n corresponde al \u00cdndice de Precios al Consumidor (IPC), un indicador que mide la variaci\u00f3n mensual de los precios de un conjunto de bienes y servicios representativos del gasto que realizan los hogares.<\/p>\n<p>La variaci\u00f3n positiva (incremento) de 0,57% respecto a marzo se explica por \u201cla variaci\u00f3n de productos como el tomate y la cebolla\u201d, que el ministro atribuy\u00f3 a las \u201cfen\u00f3menos climatol\u00f3gicos que se presentan en el pa\u00eds\u201d.<\/p>\n<p>A esos dos productos se suman la uva, locoto, quesos y huevos, seg\u00fan el reporte del INE. Por el contrario, los que tuvieron mayor incidencia negativa (bajaron de precio) son la papa, arveja verde, zanahoria, servicio de transporte interdepartamental en \u00f3mnibus\/flota, piment\u00f3n\/morr\u00f3n y carne fresca de ganado porcino.<\/p>\n<p>Los productos que presentaron una disminuci\u00f3n de precios en abril alcanzaron al 34,3%, mientras los que no presentaron movimiento de precios suman el 13,1% y los productos que registraron un aumento llegan al 52,6%, refiere el reporte del INE.<\/p>\n<p>La variaci\u00f3n positiva de 0,57%, registrada en abril de 2024, se explica por el incremento de precios reportados en las ciudades capitales y conurbaciones: Tarija 2,18%; Potos\u00ed 1,47%; Sucre 0,73%; Cobija 0,68%; Regi\u00f3n Metropolitana Kanata 0,55%; Conurbaci\u00f3n Santa Cruz 0,55%; Conurbaci\u00f3n La Paz 0,46% y Trinidad 0,29%.<\/p>\n<p>Con el dato de inflaci\u00f3n acumulada del 1,31 \u201cBolivia contin\u00faa situ\u00e1ndose con una de las inflaciones m\u00e1s bajas de la regi\u00f3n, en un contexto internacional complejo y desafiante que tienen las econom\u00edas de la regi\u00f3n y el mundo\u201d.<\/p>\n<p>Con 51,6% de inflaci\u00f3n, Argentina es el pa\u00eds con el IPC m\u00e1s alto de la regi\u00f3n, seguido por Venezuela (6,27%), Uruguay (2,84%), Paraguay (2,80%), Colombia (2,73%), Chile (1,60%), Brasil (1,42%), Per\u00fa (1,36%), Bolivia (1,31%) y Ecuador (0,51%.<\/p>\n<p>Cusicanqui prev\u00e9 que el pa\u00eds mantenga esta tendencia en los siguientes meses, a partir de las medidas que aplica el Gobierno nacional para aumentar la producci\u00f3n y el rendimiento agr\u00edcola, a trav\u00e9s de los programas de riego.<\/p>\n","protected":false},"excerpt":{"rendered":"<p>En abril se ha registrado una inflaci\u00f3n del 0,57%, y una acumulada de 1,31%, dato oficial que muestra que la cifra va en aumento, aunque no representa la realidad de la poblaci\u00f3n, ya que los precios de los productos se incrementaron en m\u00e1s del 10%, seg\u00fan varios an\u00e1lisis de economistas. La p\u00e9rdida del poder adquisitivo [&hellip;]<\/p>\n","protected":false},"author":1,"featured_media":219079,"comment_status":"open","ping_status":"open","sticky":false,"template":"","format":"standard","meta":{"_acf_changed":false,"footnotes":""},"categories":[7],"tags":[],"class_list":["post-219078","post","type-post","status-publish","format-standard","has-post-thumbnail","category-economia"],"acf":{"antetitulo":""},"yoast_head":"<!-- This site is optimized with the Yoast SEO plugin v28.3 - https:\/\/yoast.com\/product\/yoast-seo-wordpress\/ -->\n<title>Inflaci\u00f3n va en aumento, a abril lleg\u00f3 a 0,57% y el acumulado a 1,31% - El Diario - Bolivia<\/title>\n<meta name=\"robots\" content=\"index, follow, max-snippet:-1, max-image-preview:large, max-video-preview:-1\" \/>\n<link rel=\"canonical\" href=\"https:\/\/www.eldiario.net\/portal\/2024\/05\/07\/inflacion-va-en-aumento-a-abril-llego-a-057-y-el-acumulado-a-131\/\" \/>\n<meta property=\"og:locale\" content=\"es_ES\" \/>\n<meta property=\"og:type\" content=\"article\" \/>\n<meta property=\"og:title\" content=\"Inflaci\u00f3n va en aumento, a abril lleg\u00f3 a 0,57% y el acumulado a 1,31% - El Diario - Bolivia\" \/>\n<meta property=\"og:description\" content=\"En abril se ha registrado una inflaci\u00f3n del 0,57%, y una acumulada de 1,31%, dato oficial que muestra que la cifra va en aumento, aunque no representa la realidad de la poblaci\u00f3n, ya que los precios de los productos se incrementaron en m\u00e1s del 10%, seg\u00fan varios an\u00e1lisis de economistas. La p\u00e9rdida del poder adquisitivo [&hellip;]\" \/>\n<meta property=\"og:url\" content=\"https:\/\/www.eldiario.net\/portal\/2024\/05\/07\/inflacion-va-en-aumento-a-abril-llego-a-057-y-el-acumulado-a-131\/\" \/>\n<meta property=\"og:site_name\" content=\"El Diario - Bolivia\" \/>\n<meta property=\"article:publisher\" content=\"https:\/\/www.facebook.com\/eldiario.bolivia\/\" \/>\n<meta property=\"article:published_time\" content=\"2024-05-07T11:00:50+00:00\" \/>\n<meta property=\"og:image\" content=\"https:\/\/www.eldiario.net\/portal\/wp-content\/uploads\/2024\/05\/INFLA-FOTO.jpg\" \/>\n\t<meta property=\"og:image:width\" content=\"1229\" \/>\n\t<meta property=\"og:image:height\" content=\"721\" \/>\n\t<meta property=\"og:image:type\" content=\"image\/jpeg\" \/>\n<meta name=\"author\" content=\"Jeanette\" \/>\n<meta name=\"twitter:card\" content=\"summary_large_image\" \/>\n<meta name=\"twitter:creator\" content=\"@eldiario_net\" \/>\n<meta name=\"twitter:site\" content=\"@eldiario_net\" \/>\n<meta name=\"twitter:label1\" content=\"Escrito por\" \/>\n\t<meta name=\"twitter:data1\" content=\"Jeanette\" \/>\n\t<meta name=\"twitter:label2\" content=\"Tiempo de lectura\" \/>\n\t<meta name=\"twitter:data2\" content=\"3 minutos\" \/>\n<script type=\"application\/ld+json\" class=\"yoast-schema-graph\">{\"@context\":\"https:\\\/\\\/schema.org\",\"@graph\":[{\"@type\":\"Article\",\"@id\":\"https:\\\/\\\/www.eldiario.net\\\/portal\\\/2024\\\/05\\\/07\\\/inflacion-va-en-aumento-a-abril-llego-a-057-y-el-acumulado-a-131\\\/#article\",\"isPartOf\":{\"@id\":\"https:\\\/\\\/www.eldiario.net\\\/portal\\\/2024\\\/05\\\/07\\\/inflacion-va-en-aumento-a-abril-llego-a-057-y-el-acumulado-a-131\\\/\"},\"author\":{\"name\":\"Jeanette\",\"@id\":\"https:\\\/\\\/www.eldiario.net\\\/portal\\\/#\\\/schema\\\/person\\\/f46445640444750d7d753ccd04ae01b7\"},\"headline\":\"Inflaci\u00f3n va en aumento, a abril lleg\u00f3 a 0,57% y el acumulado a 1,31%\",\"datePublished\":\"2024-05-07T11:00:50+00:00\",\"mainEntityOfPage\":{\"@id\":\"https:\\\/\\\/www.eldiario.net\\\/portal\\\/2024\\\/05\\\/07\\\/inflacion-va-en-aumento-a-abril-llego-a-057-y-el-acumulado-a-131\\\/\"},\"wordCount\":506,\"commentCount\":0,\"publisher\":{\"@id\":\"https:\\\/\\\/www.eldiario.net\\\/portal\\\/#organization\"},\"image\":{\"@id\":\"https:\\\/\\\/www.eldiario.net\\\/portal\\\/2024\\\/05\\\/07\\\/inflacion-va-en-aumento-a-abril-llego-a-057-y-el-acumulado-a-131\\\/#primaryimage\"},\"thumbnailUrl\":\"https:\\\/\\\/www.eldiario.net\\\/portal\\\/wp-content\\\/uploads\\\/2024\\\/05\\\/INFLA-FOTO.jpg\",\"articleSection\":[\"Econom\u00eda\"],\"inLanguage\":\"es\",\"potentialAction\":[{\"@type\":\"CommentAction\",\"name\":\"Comment\",\"target\":[\"https:\\\/\\\/www.eldiario.net\\\/portal\\\/2024\\\/05\\\/07\\\/inflacion-va-en-aumento-a-abril-llego-a-057-y-el-acumulado-a-131\\\/#respond\"]}]},{\"@type\":\"WebPage\",\"@id\":\"https:\\\/\\\/www.eldiario.net\\\/portal\\\/2024\\\/05\\\/07\\\/inflacion-va-en-aumento-a-abril-llego-a-057-y-el-acumulado-a-131\\\/\",\"url\":\"https:\\\/\\\/www.eldiario.net\\\/portal\\\/2024\\\/05\\\/07\\\/inflacion-va-en-aumento-a-abril-llego-a-057-y-el-acumulado-a-131\\\/\",\"name\":\"Inflaci\u00f3n va en aumento, a abril lleg\u00f3 a 0,57% y el acumulado a 1,31% - El Diario - Bolivia\",\"isPartOf\":{\"@id\":\"https:\\\/\\\/www.eldiario.net\\\/portal\\\/#website\"},\"primaryImageOfPage\":{\"@id\":\"https:\\\/\\\/www.eldiario.net\\\/portal\\\/2024\\\/05\\\/07\\\/inflacion-va-en-aumento-a-abril-llego-a-057-y-el-acumulado-a-131\\\/#primaryimage\"},\"image\":{\"@id\":\"https:\\\/\\\/www.eldiario.net\\\/portal\\\/2024\\\/05\\\/07\\\/inflacion-va-en-aumento-a-abril-llego-a-057-y-el-acumulado-a-131\\\/#primaryimage\"},\"thumbnailUrl\":\"https:\\\/\\\/www.eldiario.net\\\/portal\\\/wp-content\\\/uploads\\\/2024\\\/05\\\/INFLA-FOTO.jpg\",\"datePublished\":\"2024-05-07T11:00:50+00:00\",\"breadcrumb\":{\"@id\":\"https:\\\/\\\/www.eldiario.net\\\/portal\\\/2024\\\/05\\\/07\\\/inflacion-va-en-aumento-a-abril-llego-a-057-y-el-acumulado-a-131\\\/#breadcrumb\"},\"inLanguage\":\"es\",\"potentialAction\":[{\"@type\":\"ReadAction\",\"target\":[\"https:\\\/\\\/www.eldiario.net\\\/portal\\\/2024\\\/05\\\/07\\\/inflacion-va-en-aumento-a-abril-llego-a-057-y-el-acumulado-a-131\\\/\"]}]},{\"@type\":\"ImageObject\",\"inLanguage\":\"es\",\"@id\":\"https:\\\/\\\/www.eldiario.net\\\/portal\\\/2024\\\/05\\\/07\\\/inflacion-va-en-aumento-a-abril-llego-a-057-y-el-acumulado-a-131\\\/#primaryimage\",\"url\":\"https:\\\/\\\/www.eldiario.net\\\/portal\\\/wp-content\\\/uploads\\\/2024\\\/05\\\/INFLA-FOTO.jpg\",\"contentUrl\":\"https:\\\/\\\/www.eldiario.net\\\/portal\\\/wp-content\\\/uploads\\\/2024\\\/05\\\/INFLA-FOTO.jpg\",\"width\":1229,\"height\":721},{\"@type\":\"BreadcrumbList\",\"@id\":\"https:\\\/\\\/www.eldiario.net\\\/portal\\\/2024\\\/05\\\/07\\\/inflacion-va-en-aumento-a-abril-llego-a-057-y-el-acumulado-a-131\\\/#breadcrumb\",\"itemListElement\":[{\"@type\":\"ListItem\",\"position\":1,\"name\":\"Portada\",\"item\":\"https:\\\/\\\/www.eldiario.net\\\/portal\\\/\"},{\"@type\":\"ListItem\",\"position\":2,\"name\":\"Inflaci\u00f3n va en aumento, a abril lleg\u00f3 a 0,57% y el acumulado a 1,31%\"}]},{\"@type\":\"WebSite\",\"@id\":\"https:\\\/\\\/www.eldiario.net\\\/portal\\\/#website\",\"url\":\"https:\\\/\\\/www.eldiario.net\\\/portal\\\/\",\"name\":\"El Diario - Decano de la prensa nacional\",\"description\":\"El Diario - Decano de la prensa nacional\",\"publisher\":{\"@id\":\"https:\\\/\\\/www.eldiario.net\\\/portal\\\/#organization\"},\"potentialAction\":[{\"@type\":\"SearchAction\",\"target\":{\"@type\":\"EntryPoint\",\"urlTemplate\":\"https:\\\/\\\/www.eldiario.net\\\/portal\\\/?s={search_term_string}\"},\"query-input\":{\"@type\":\"PropertyValueSpecification\",\"valueRequired\":true,\"valueName\":\"search_term_string\"}}],\"inLanguage\":\"es\"},{\"@type\":\"Organization\",\"@id\":\"https:\\\/\\\/www.eldiario.net\\\/portal\\\/#organization\",\"name\":\"El Diario - Decano de la prensa nacional\",\"url\":\"https:\\\/\\\/www.eldiario.net\\\/portal\\\/\",\"logo\":{\"@type\":\"ImageObject\",\"inLanguage\":\"es\",\"@id\":\"https:\\\/\\\/www.eldiario.net\\\/portal\\\/#\\\/schema\\\/logo\\\/image\\\/\",\"url\":\"https:\\\/\\\/www.eldiario.net\\\/portal\\\/wp-content\\\/uploads\\\/2023\\\/07\\\/logo_ED.jpg\",\"contentUrl\":\"https:\\\/\\\/www.eldiario.net\\\/portal\\\/wp-content\\\/uploads\\\/2023\\\/07\\\/logo_ED.jpg\",\"width\":272,\"height\":52,\"caption\":\"El Diario - Decano de la prensa nacional\"},\"image\":{\"@id\":\"https:\\\/\\\/www.eldiario.net\\\/portal\\\/#\\\/schema\\\/logo\\\/image\\\/\"},\"sameAs\":[\"https:\\\/\\\/www.facebook.com\\\/eldiario.bolivia\\\/\",\"https:\\\/\\\/x.com\\\/eldiario_net\"]},{\"@type\":\"Person\",\"@id\":\"https:\\\/\\\/www.eldiario.net\\\/portal\\\/#\\\/schema\\\/person\\\/f46445640444750d7d753ccd04ae01b7\",\"name\":\"Jeanette\",\"image\":{\"@type\":\"ImageObject\",\"inLanguage\":\"es\",\"@id\":\"https:\\\/\\\/secure.gravatar.com\\\/avatar\\\/3ea2118a5f7dad2b7138b1187a6b7ee55f160b9968b66013c3a3ef39dd7e5798?s=96&d=mm&r=g\",\"url\":\"https:\\\/\\\/secure.gravatar.com\\\/avatar\\\/3ea2118a5f7dad2b7138b1187a6b7ee55f160b9968b66013c3a3ef39dd7e5798?s=96&d=mm&r=g\",\"contentUrl\":\"https:\\\/\\\/secure.gravatar.com\\\/avatar\\\/3ea2118a5f7dad2b7138b1187a6b7ee55f160b9968b66013c3a3ef39dd7e5798?s=96&d=mm&r=g\",\"caption\":\"Jeanette\"},\"sameAs\":[\"https:\\\/\\\/www.eldiario.net\\\/portal\"],\"url\":\"https:\\\/\\\/www.eldiario.net\\\/portal\\\/author\\\/jeanette\\\/\"}]}<\/script>\n<!-- \/ Yoast SEO plugin. -->","yoast_head_json":{"title":"Inflaci\u00f3n va en aumento, a abril lleg\u00f3 a 0,57% y el acumulado a 1,31% - El Diario - Bolivia","robots":{"index":"index","follow":"follow","max-snippet":"max-snippet:-1","max-image-preview":"max-image-preview:large","max-video-preview":"max-video-preview:-1"},"canonical":"https:\/\/www.eldiario.net\/portal\/2024\/05\/07\/inflacion-va-en-aumento-a-abril-llego-a-057-y-el-acumulado-a-131\/","og_locale":"es_ES","og_type":"article","og_title":"Inflaci\u00f3n va en aumento, a abril lleg\u00f3 a 0,57% y el acumulado a 1,31% - El Diario - Bolivia","og_description":"En abril se ha registrado una inflaci\u00f3n del 0,57%, y una acumulada de 1,31%, dato oficial que muestra que la cifra va en aumento, aunque no representa la realidad de la poblaci\u00f3n, ya que los precios de los productos se incrementaron en m\u00e1s del 10%, seg\u00fan varios an\u00e1lisis de economistas. La p\u00e9rdida del poder adquisitivo [&hellip;]","og_url":"https:\/\/www.eldiario.net\/portal\/2024\/05\/07\/inflacion-va-en-aumento-a-abril-llego-a-057-y-el-acumulado-a-131\/","og_site_name":"El Diario - Bolivia","article_publisher":"https:\/\/www.facebook.com\/eldiario.bolivia\/","article_published_time":"2024-05-07T11:00:50+00:00","og_image":[{"width":1229,"height":721,"url":"https:\/\/www.eldiario.net\/portal\/wp-content\/uploads\/2024\/05\/INFLA-FOTO.jpg","type":"image\/jpeg"}],"author":"Jeanette","twitter_card":"summary_large_image","twitter_creator":"@eldiario_net","twitter_site":"@eldiario_net","twitter_misc":{"Escrito por":"Jeanette","Tiempo de lectura":"3 minutos"},"schema":{"@context":"https:\/\/schema.org","@graph":[{"@type":"Article","@id":"https:\/\/www.eldiario.net\/portal\/2024\/05\/07\/inflacion-va-en-aumento-a-abril-llego-a-057-y-el-acumulado-a-131\/#article","isPartOf":{"@id":"https:\/\/www.eldiario.net\/portal\/2024\/05\/07\/inflacion-va-en-aumento-a-abril-llego-a-057-y-el-acumulado-a-131\/"},"author":{"name":"Jeanette","@id":"https:\/\/www.eldiario.net\/portal\/#\/schema\/person\/f46445640444750d7d753ccd04ae01b7"},"headline":"Inflaci\u00f3n va en aumento, a abril lleg\u00f3 a 0,57% y el acumulado a 1,31%","datePublished":"2024-05-07T11:00:50+00:00","mainEntityOfPage":{"@id":"https:\/\/www.eldiario.net\/portal\/2024\/05\/07\/inflacion-va-en-aumento-a-abril-llego-a-057-y-el-acumulado-a-131\/"},"wordCount":506,"commentCount":0,"publisher":{"@id":"https:\/\/www.eldiario.net\/portal\/#organization"},"image":{"@id":"https:\/\/www.eldiario.net\/portal\/2024\/05\/07\/inflacion-va-en-aumento-a-abril-llego-a-057-y-el-acumulado-a-131\/#primaryimage"},"thumbnailUrl":"https:\/\/www.eldiario.net\/portal\/wp-content\/uploads\/2024\/05\/INFLA-FOTO.jpg","articleSection":["Econom\u00eda"],"inLanguage":"es","potentialAction":[{"@type":"CommentAction","name":"Comment","target":["https:\/\/www.eldiario.net\/portal\/2024\/05\/07\/inflacion-va-en-aumento-a-abril-llego-a-057-y-el-acumulado-a-131\/#respond"]}]},{"@type":"WebPage","@id":"https:\/\/www.eldiario.net\/portal\/2024\/05\/07\/inflacion-va-en-aumento-a-abril-llego-a-057-y-el-acumulado-a-131\/","url":"https:\/\/www.eldiario.net\/portal\/2024\/05\/07\/inflacion-va-en-aumento-a-abril-llego-a-057-y-el-acumulado-a-131\/","name":"Inflaci\u00f3n va en aumento, a abril lleg\u00f3 a 0,57% y el acumulado a 1,31% - El Diario - Bolivia","isPartOf":{"@id":"https:\/\/www.eldiario.net\/portal\/#website"},"primaryImageOfPage":{"@id":"https:\/\/www.eldiario.net\/portal\/2024\/05\/07\/inflacion-va-en-aumento-a-abril-llego-a-057-y-el-acumulado-a-131\/#primaryimage"},"image":{"@id":"https:\/\/www.eldiario.net\/portal\/2024\/05\/07\/inflacion-va-en-aumento-a-abril-llego-a-057-y-el-acumulado-a-131\/#primaryimage"},"thumbnailUrl":"https:\/\/www.eldiario.net\/portal\/wp-content\/uploads\/2024\/05\/INFLA-FOTO.jpg","datePublished":"2024-05-07T11:00:50+00:00","breadcrumb":{"@id":"https:\/\/www.eldiario.net\/portal\/2024\/05\/07\/inflacion-va-en-aumento-a-abril-llego-a-057-y-el-acumulado-a-131\/#breadcrumb"},"inLanguage":"es","potentialAction":[{"@type":"ReadAction","target":["https:\/\/www.eldiario.net\/portal\/2024\/05\/07\/inflacion-va-en-aumento-a-abril-llego-a-057-y-el-acumulado-a-131\/"]}]},{"@type":"ImageObject","inLanguage":"es","@id":"https:\/\/www.eldiario.net\/portal\/2024\/05\/07\/inflacion-va-en-aumento-a-abril-llego-a-057-y-el-acumulado-a-131\/#primaryimage","url":"https:\/\/www.eldiario.net\/portal\/wp-content\/uploads\/2024\/05\/INFLA-FOTO.jpg","contentUrl":"https:\/\/www.eldiario.net\/portal\/wp-content\/uploads\/2024\/05\/INFLA-FOTO.jpg","width":1229,"height":721},{"@type":"BreadcrumbList","@id":"https:\/\/www.eldiario.net\/portal\/2024\/05\/07\/inflacion-va-en-aumento-a-abril-llego-a-057-y-el-acumulado-a-131\/#breadcrumb","itemListElement":[{"@type":"ListItem","position":1,"name":"Portada","item":"https:\/\/www.eldiario.net\/portal\/"},{"@type":"ListItem","position":2,"name":"Inflaci\u00f3n va en aumento, a abril lleg\u00f3 a 0,57% y el acumulado a 1,31%"}]},{"@type":"WebSite","@id":"https:\/\/www.eldiario.net\/portal\/#website","url":"https:\/\/www.eldiario.net\/portal\/","name":"El Diario - Decano de la prensa nacional","description":"El Diario - Decano de la prensa nacional","publisher":{"@id":"https:\/\/www.eldiario.net\/portal\/#organization"},"potentialAction":[{"@type":"SearchAction","target":{"@type":"EntryPoint","urlTemplate":"https:\/\/www.eldiario.net\/portal\/?s={search_term_string}"},"query-input":{"@type":"PropertyValueSpecification","valueRequired":true,"valueName":"search_term_string"}}],"inLanguage":"es"},{"@type":"Organization","@id":"https:\/\/www.eldiario.net\/portal\/#organization","name":"El Diario - Decano de la prensa nacional","url":"https:\/\/www.eldiario.net\/portal\/","logo":{"@type":"ImageObject","inLanguage":"es","@id":"https:\/\/www.eldiario.net\/portal\/#\/schema\/logo\/image\/","url":"https:\/\/www.eldiario.net\/portal\/wp-content\/uploads\/2023\/07\/logo_ED.jpg","contentUrl":"https:\/\/www.eldiario.net\/portal\/wp-content\/uploads\/2023\/07\/logo_ED.jpg","width":272,"height":52,"caption":"El Diario - Decano de la prensa nacional"},"image":{"@id":"https:\/\/www.eldiario.net\/portal\/#\/schema\/logo\/image\/"},"sameAs":["https:\/\/www.facebook.com\/eldiario.bolivia\/","https:\/\/x.com\/eldiario_net"]},{"@type":"Person","@id":"https:\/\/www.eldiario.net\/portal\/#\/schema\/person\/f46445640444750d7d753ccd04ae01b7","name":"Jeanette","image":{"@type":"ImageObject","inLanguage":"es","@id":"https:\/\/secure.gravatar.com\/avatar\/3ea2118a5f7dad2b7138b1187a6b7ee55f160b9968b66013c3a3ef39dd7e5798?s=96&d=mm&r=g","url":"https:\/\/secure.gravatar.com\/avatar\/3ea2118a5f7dad2b7138b1187a6b7ee55f160b9968b66013c3a3ef39dd7e5798?s=96&d=mm&r=g","contentUrl":"https:\/\/secure.gravatar.com\/avatar\/3ea2118a5f7dad2b7138b1187a6b7ee55f160b9968b66013c3a3ef39dd7e5798?s=96&d=mm&r=g","caption":"Jeanette"},"sameAs":["https:\/\/www.eldiario.net\/portal"],"url":"https:\/\/www.eldiario.net\/portal\/author\/jeanette\/"}]}},"_links":{"self":[{"href":"https:\/\/www.eldiario.net\/portal\/wp-json\/wp\/v2\/posts\/219078","targetHints":{"allow":["GET"]}}],"collection":[{"href":"https:\/\/www.eldiario.net\/portal\/wp-json\/wp\/v2\/posts"}],"about":[{"href":"https:\/\/www.eldiario.net\/portal\/wp-json\/wp\/v2\/types\/post"}],"author":[{"embeddable":true,"href":"https:\/\/www.eldiario.net\/portal\/wp-json\/wp\/v2\/users\/1"}],"replies":[{"embeddable":true,"href":"https:\/\/www.eldiario.net\/portal\/wp-json\/wp\/v2\/comments?post=219078"}],"version-history":[{"count":1,"href":"https:\/\/www.eldiario.net\/portal\/wp-json\/wp\/v2\/posts\/219078\/revisions"}],"predecessor-version":[{"id":219080,"href":"https:\/\/www.eldiario.net\/portal\/wp-json\/wp\/v2\/posts\/219078\/revisions\/219080"}],"wp:featuredmedia":[{"embeddable":true,"href":"https:\/\/www.eldiario.net\/portal\/wp-json\/wp\/v2\/media\/219079"}],"wp:attachment":[{"href":"https:\/\/www.eldiario.net\/portal\/wp-json\/wp\/v2\/media?parent=219078"}],"wp:term":[{"taxonomy":"category","embeddable":true,"href":"https:\/\/www.eldiario.net\/portal\/wp-json\/wp\/v2\/categories?post=219078"},{"taxonomy":"post_tag","embeddable":true,"href":"https:\/\/www.eldiario.net\/portal\/wp-json\/wp\/v2\/tags?post=219078"}],"curies":[{"name":"wp","href":"https:\/\/api.w.org\/{rel}","templated":true}]}}