{"id":219075,"date":"2024-05-07T06:59:55","date_gmt":"2024-05-07T10:59:55","guid":{"rendered":"https:\/\/www.eldiario.net\/portal\/?p=219075"},"modified":"2024-05-07T06:59:55","modified_gmt":"2024-05-07T10:59:55","slug":"peru-impulsa-carretera-para-mejorar-negocios-con-bolivia","status":"publish","type":"post","link":"https:\/\/www.eldiario.net\/portal\/2024\/05\/07\/peru-impulsa-carretera-para-mejorar-negocios-con-bolivia\/","title":{"rendered":"Peru impulsa carretera para  mejorar negocios con Bolivia"},"content":{"rendered":"<p>La carretera pasar\u00e1 por: Tacna, Palca y Collpa en Per\u00fa y en Bolivia atravesar\u00e1 Santiago de Machaca, Nazacara, Viacha y La Paz, con el objetivo de buscar simplificar la conexi\u00f3n y mejorar el acceso a todas las regiones para promover la econom\u00eda y cultura entre ambos pa\u00edses.<\/p>\n<p>Con el objetivo de mejorar la infraestructura vial, turismo y fortalecer el comercio que existe entre Per\u00fa y Bolivia, el Ministerio de Transportes y Comunicaciones (MTC) se encuentra fomentando la obra \u201cIntegraci\u00f3n Vial Tacna &#8211; La Paz Tramo II\u201d. De esta manera, el Gobierno peruano viene evaluando la inversi\u00f3n total para este proyecto, por lo que ya cuenta con una fecha aproximada de inicio. Todos los detalles sobre esta iniciativa en esta nota.<\/p>\n<p>Hace unos d\u00edas se comparti\u00f3 la Resoluci\u00f3n Ministerial N\u00b0 1614 en la cual destacan como prioridad para este Gobierno al proyecto \u201cIntegraci\u00f3n Vial Tacna &#8211; La Paz Tramo II\u201d. Esta propuesta, que tiene una extensi\u00f3n que va desde el km 94+000 hasta el km 144+262.38, cuenta con un c\u00e1lculo de S\/157 millones 536.069, por lo que se espera tambi\u00e9n que sea finalizada en 2026. De acuerdo al diario el Comercio del Per\u00fa.<\/p>\n<p>Como se recuerda, en 2016 se dio inicio al proyecto llamado \u201cIntegraci\u00f3n Vial Tacna &#8211; La Paz Tramo II\u201d, que luego de algunos a\u00f1os la empresa Aldesa prescindi\u00f3 de la obra debido a la incompatibilidad de materiales, aunque Prov\u00edas Nacional contradijo esta afirmaci\u00f3n.<\/p>\n<p>Esta gran obra abarcar\u00e1 m\u00e1s de 50 kil\u00f3metros que pasar\u00e1 por varias zonas estrat\u00e9gicas ya que se busca simplificar la conexi\u00f3n y mejorar el acceso a todas las regiones con el objetivo de promover la econom\u00eda y cultura entre ambos pa\u00edses.<\/p>\n<p>De esa manera, esta importante infraestructura vial pasar\u00e1 por zonas de Tacna, Palca y Collpa en nuestro pa\u00eds y en Bolivia atravesar\u00e1 Santiago de Machaca, Nazacara, Viacha y La Paz, logrando reducir los tiempos de manera significativa pasando de ocho a cuatro horas y media entre la ciudad heroica y la capital altipl\u00e1nica. Fuente el Comercio del Per\u00fa.<\/p>\n","protected":false},"excerpt":{"rendered":"<p>La carretera pasar\u00e1 por: Tacna, Palca y Collpa en Per\u00fa y en Bolivia atravesar\u00e1 Santiago de Machaca, Nazacara, Viacha y La Paz, con el objetivo de buscar simplificar la conexi\u00f3n y mejorar el acceso a todas las regiones para promover la econom\u00eda y cultura entre ambos pa\u00edses. Con el objetivo de mejorar la infraestructura vial, [&hellip;]<\/p>\n","protected":false},"author":1,"featured_media":219076,"comment_status":"open","ping_status":"open","sticky":false,"template":"","format":"standard","meta":{"_acf_changed":false,"footnotes":""},"categories":[7],"tags":[],"class_list":["post-219075","post","type-post","status-publish","format-standard","has-post-thumbnail","category-economia"],"acf":{"antetitulo":""},"yoast_head":"<!-- This site is optimized with the Yoast SEO plugin v28.4 - https:\/\/yoast.com\/product\/yoast-seo-wordpress\/ -->\n<title>Peru impulsa carretera para mejorar negocios con Bolivia - El Diario - Bolivia<\/title>\n<meta name=\"robots\" content=\"index, follow, max-snippet:-1, max-image-preview:large, max-video-preview:-1\" \/>\n<link rel=\"canonical\" href=\"https:\/\/www.eldiario.net\/portal\/2024\/05\/07\/peru-impulsa-carretera-para-mejorar-negocios-con-bolivia\/\" \/>\n<meta property=\"og:locale\" content=\"es_ES\" \/>\n<meta property=\"og:type\" content=\"article\" \/>\n<meta property=\"og:title\" content=\"Peru impulsa carretera para mejorar negocios con Bolivia - El Diario - Bolivia\" \/>\n<meta property=\"og:description\" content=\"La carretera pasar\u00e1 por: Tacna, Palca y Collpa en Per\u00fa y en Bolivia atravesar\u00e1 Santiago de Machaca, Nazacara, Viacha y La Paz, con el objetivo de buscar simplificar la conexi\u00f3n y mejorar el acceso a todas las regiones para promover la econom\u00eda y cultura entre ambos pa\u00edses. Con el objetivo de mejorar la infraestructura vial, [&hellip;]\" \/>\n<meta property=\"og:url\" content=\"https:\/\/www.eldiario.net\/portal\/2024\/05\/07\/peru-impulsa-carretera-para-mejorar-negocios-con-bolivia\/\" \/>\n<meta property=\"og:site_name\" content=\"El Diario - Bolivia\" \/>\n<meta property=\"article:publisher\" content=\"https:\/\/www.facebook.com\/eldiario.bolivia\/\" \/>\n<meta property=\"article:published_time\" content=\"2024-05-07T10:59:55+00:00\" \/>\n<meta property=\"og:image\" content=\"https:\/\/www.eldiario.net\/portal\/wp-content\/uploads\/2024\/05\/VIA-FOTO.jpg\" \/>\n\t<meta property=\"og:image:width\" content=\"768\" \/>\n\t<meta property=\"og:image:height\" content=\"512\" \/>\n\t<meta property=\"og:image:type\" content=\"image\/jpeg\" \/>\n<meta name=\"author\" content=\"Jeanette\" \/>\n<meta name=\"twitter:card\" content=\"summary_large_image\" \/>\n<meta name=\"twitter:creator\" content=\"@eldiario_net\" \/>\n<meta name=\"twitter:site\" content=\"@eldiario_net\" \/>\n<meta name=\"twitter:label1\" content=\"Escrito por\" \/>\n\t<meta name=\"twitter:data1\" content=\"Jeanette\" \/>\n\t<meta name=\"twitter:label2\" content=\"Tiempo de lectura\" \/>\n\t<meta name=\"twitter:data2\" content=\"2 minutos\" \/>\n<script type=\"application\/ld+json\" class=\"yoast-schema-graph\">{\"@context\":\"https:\\\/\\\/schema.org\",\"@graph\":[{\"@type\":\"Article\",\"@id\":\"https:\\\/\\\/www.eldiario.net\\\/portal\\\/2024\\\/05\\\/07\\\/peru-impulsa-carretera-para-mejorar-negocios-con-bolivia\\\/#article\",\"isPartOf\":{\"@id\":\"https:\\\/\\\/www.eldiario.net\\\/portal\\\/2024\\\/05\\\/07\\\/peru-impulsa-carretera-para-mejorar-negocios-con-bolivia\\\/\"},\"author\":{\"name\":\"Jeanette\",\"@id\":\"https:\\\/\\\/www.eldiario.net\\\/portal\\\/#\\\/schema\\\/person\\\/f46445640444750d7d753ccd04ae01b7\"},\"headline\":\"Peru impulsa carretera para mejorar negocios con Bolivia\",\"datePublished\":\"2024-05-07T10:59:55+00:00\",\"mainEntityOfPage\":{\"@id\":\"https:\\\/\\\/www.eldiario.net\\\/portal\\\/2024\\\/05\\\/07\\\/peru-impulsa-carretera-para-mejorar-negocios-con-bolivia\\\/\"},\"wordCount\":358,\"commentCount\":0,\"publisher\":{\"@id\":\"https:\\\/\\\/www.eldiario.net\\\/portal\\\/#organization\"},\"image\":{\"@id\":\"https:\\\/\\\/www.eldiario.net\\\/portal\\\/2024\\\/05\\\/07\\\/peru-impulsa-carretera-para-mejorar-negocios-con-bolivia\\\/#primaryimage\"},\"thumbnailUrl\":\"https:\\\/\\\/www.eldiario.net\\\/portal\\\/wp-content\\\/uploads\\\/2024\\\/05\\\/VIA-FOTO.jpg\",\"articleSection\":[\"Econom\u00eda\"],\"inLanguage\":\"es\",\"potentialAction\":[{\"@type\":\"CommentAction\",\"name\":\"Comment\",\"target\":[\"https:\\\/\\\/www.eldiario.net\\\/portal\\\/2024\\\/05\\\/07\\\/peru-impulsa-carretera-para-mejorar-negocios-con-bolivia\\\/#respond\"]}]},{\"@type\":\"WebPage\",\"@id\":\"https:\\\/\\\/www.eldiario.net\\\/portal\\\/2024\\\/05\\\/07\\\/peru-impulsa-carretera-para-mejorar-negocios-con-bolivia\\\/\",\"url\":\"https:\\\/\\\/www.eldiario.net\\\/portal\\\/2024\\\/05\\\/07\\\/peru-impulsa-carretera-para-mejorar-negocios-con-bolivia\\\/\",\"name\":\"Peru impulsa carretera para mejorar negocios con Bolivia - El Diario - Bolivia\",\"isPartOf\":{\"@id\":\"https:\\\/\\\/www.eldiario.net\\\/portal\\\/#website\"},\"primaryImageOfPage\":{\"@id\":\"https:\\\/\\\/www.eldiario.net\\\/portal\\\/2024\\\/05\\\/07\\\/peru-impulsa-carretera-para-mejorar-negocios-con-bolivia\\\/#primaryimage\"},\"image\":{\"@id\":\"https:\\\/\\\/www.eldiario.net\\\/portal\\\/2024\\\/05\\\/07\\\/peru-impulsa-carretera-para-mejorar-negocios-con-bolivia\\\/#primaryimage\"},\"thumbnailUrl\":\"https:\\\/\\\/www.eldiario.net\\\/portal\\\/wp-content\\\/uploads\\\/2024\\\/05\\\/VIA-FOTO.jpg\",\"datePublished\":\"2024-05-07T10:59:55+00:00\",\"breadcrumb\":{\"@id\":\"https:\\\/\\\/www.eldiario.net\\\/portal\\\/2024\\\/05\\\/07\\\/peru-impulsa-carretera-para-mejorar-negocios-con-bolivia\\\/#breadcrumb\"},\"inLanguage\":\"es\",\"potentialAction\":[{\"@type\":\"ReadAction\",\"target\":[\"https:\\\/\\\/www.eldiario.net\\\/portal\\\/2024\\\/05\\\/07\\\/peru-impulsa-carretera-para-mejorar-negocios-con-bolivia\\\/\"]}]},{\"@type\":\"ImageObject\",\"inLanguage\":\"es\",\"@id\":\"https:\\\/\\\/www.eldiario.net\\\/portal\\\/2024\\\/05\\\/07\\\/peru-impulsa-carretera-para-mejorar-negocios-con-bolivia\\\/#primaryimage\",\"url\":\"https:\\\/\\\/www.eldiario.net\\\/portal\\\/wp-content\\\/uploads\\\/2024\\\/05\\\/VIA-FOTO.jpg\",\"contentUrl\":\"https:\\\/\\\/www.eldiario.net\\\/portal\\\/wp-content\\\/uploads\\\/2024\\\/05\\\/VIA-FOTO.jpg\",\"width\":768,\"height\":512,\"caption\":\"la v\u00eda que se planifica. Foto elcomercio.pe\"},{\"@type\":\"BreadcrumbList\",\"@id\":\"https:\\\/\\\/www.eldiario.net\\\/portal\\\/2024\\\/05\\\/07\\\/peru-impulsa-carretera-para-mejorar-negocios-con-bolivia\\\/#breadcrumb\",\"itemListElement\":[{\"@type\":\"ListItem\",\"position\":1,\"name\":\"Portada\",\"item\":\"https:\\\/\\\/www.eldiario.net\\\/portal\\\/\"},{\"@type\":\"ListItem\",\"position\":2,\"name\":\"Peru impulsa carretera para mejorar negocios con Bolivia\"}]},{\"@type\":\"WebSite\",\"@id\":\"https:\\\/\\\/www.eldiario.net\\\/portal\\\/#website\",\"url\":\"https:\\\/\\\/www.eldiario.net\\\/portal\\\/\",\"name\":\"El Diario - Decano de la prensa nacional\",\"description\":\"El Diario - Decano de la prensa nacional\",\"publisher\":{\"@id\":\"https:\\\/\\\/www.eldiario.net\\\/portal\\\/#organization\"},\"potentialAction\":[{\"@type\":\"SearchAction\",\"target\":{\"@type\":\"EntryPoint\",\"urlTemplate\":\"https:\\\/\\\/www.eldiario.net\\\/portal\\\/?s={search_term_string}\"},\"query-input\":{\"@type\":\"PropertyValueSpecification\",\"valueRequired\":true,\"valueName\":\"search_term_string\"}}],\"inLanguage\":\"es\"},{\"@type\":\"Organization\",\"@id\":\"https:\\\/\\\/www.eldiario.net\\\/portal\\\/#organization\",\"name\":\"El Diario - Decano de la prensa nacional\",\"url\":\"https:\\\/\\\/www.eldiario.net\\\/portal\\\/\",\"logo\":{\"@type\":\"ImageObject\",\"inLanguage\":\"es\",\"@id\":\"https:\\\/\\\/www.eldiario.net\\\/portal\\\/#\\\/schema\\\/logo\\\/image\\\/\",\"url\":\"https:\\\/\\\/www.eldiario.net\\\/portal\\\/wp-content\\\/uploads\\\/2023\\\/07\\\/logo_ED.jpg\",\"contentUrl\":\"https:\\\/\\\/www.eldiario.net\\\/portal\\\/wp-content\\\/uploads\\\/2023\\\/07\\\/logo_ED.jpg\",\"width\":272,\"height\":52,\"caption\":\"El Diario - Decano de la prensa nacional\"},\"image\":{\"@id\":\"https:\\\/\\\/www.eldiario.net\\\/portal\\\/#\\\/schema\\\/logo\\\/image\\\/\"},\"sameAs\":[\"https:\\\/\\\/www.facebook.com\\\/eldiario.bolivia\\\/\",\"https:\\\/\\\/x.com\\\/eldiario_net\"]},{\"@type\":\"Person\",\"@id\":\"https:\\\/\\\/www.eldiario.net\\\/portal\\\/#\\\/schema\\\/person\\\/f46445640444750d7d753ccd04ae01b7\",\"name\":\"Jeanette\",\"image\":{\"@type\":\"ImageObject\",\"inLanguage\":\"es\",\"@id\":\"https:\\\/\\\/secure.gravatar.com\\\/avatar\\\/3ea2118a5f7dad2b7138b1187a6b7ee55f160b9968b66013c3a3ef39dd7e5798?s=96&d=mm&r=g\",\"url\":\"https:\\\/\\\/secure.gravatar.com\\\/avatar\\\/3ea2118a5f7dad2b7138b1187a6b7ee55f160b9968b66013c3a3ef39dd7e5798?s=96&d=mm&r=g\",\"contentUrl\":\"https:\\\/\\\/secure.gravatar.com\\\/avatar\\\/3ea2118a5f7dad2b7138b1187a6b7ee55f160b9968b66013c3a3ef39dd7e5798?s=96&d=mm&r=g\",\"caption\":\"Jeanette\"},\"sameAs\":[\"https:\\\/\\\/www.eldiario.net\\\/portal\"],\"url\":\"https:\\\/\\\/www.eldiario.net\\\/portal\\\/author\\\/jeanette\\\/\"}]}<\/script>\n<!-- \/ Yoast SEO plugin. -->","yoast_head_json":{"title":"Peru impulsa carretera para mejorar negocios con Bolivia - El Diario - Bolivia","robots":{"index":"index","follow":"follow","max-snippet":"max-snippet:-1","max-image-preview":"max-image-preview:large","max-video-preview":"max-video-preview:-1"},"canonical":"https:\/\/www.eldiario.net\/portal\/2024\/05\/07\/peru-impulsa-carretera-para-mejorar-negocios-con-bolivia\/","og_locale":"es_ES","og_type":"article","og_title":"Peru impulsa carretera para mejorar negocios con Bolivia - El Diario - Bolivia","og_description":"La carretera pasar\u00e1 por: Tacna, Palca y Collpa en Per\u00fa y en Bolivia atravesar\u00e1 Santiago de Machaca, Nazacara, Viacha y La Paz, con el objetivo de buscar simplificar la conexi\u00f3n y mejorar el acceso a todas las regiones para promover la econom\u00eda y cultura entre ambos pa\u00edses. Con el objetivo de mejorar la infraestructura vial, [&hellip;]","og_url":"https:\/\/www.eldiario.net\/portal\/2024\/05\/07\/peru-impulsa-carretera-para-mejorar-negocios-con-bolivia\/","og_site_name":"El Diario - Bolivia","article_publisher":"https:\/\/www.facebook.com\/eldiario.bolivia\/","article_published_time":"2024-05-07T10:59:55+00:00","og_image":[{"width":768,"height":512,"url":"https:\/\/www.eldiario.net\/portal\/wp-content\/uploads\/2024\/05\/VIA-FOTO.jpg","type":"image\/jpeg"}],"author":"Jeanette","twitter_card":"summary_large_image","twitter_creator":"@eldiario_net","twitter_site":"@eldiario_net","twitter_misc":{"Escrito por":"Jeanette","Tiempo de lectura":"2 minutos"},"schema":{"@context":"https:\/\/schema.org","@graph":[{"@type":"Article","@id":"https:\/\/www.eldiario.net\/portal\/2024\/05\/07\/peru-impulsa-carretera-para-mejorar-negocios-con-bolivia\/#article","isPartOf":{"@id":"https:\/\/www.eldiario.net\/portal\/2024\/05\/07\/peru-impulsa-carretera-para-mejorar-negocios-con-bolivia\/"},"author":{"name":"Jeanette","@id":"https:\/\/www.eldiario.net\/portal\/#\/schema\/person\/f46445640444750d7d753ccd04ae01b7"},"headline":"Peru impulsa carretera para mejorar negocios con Bolivia","datePublished":"2024-05-07T10:59:55+00:00","mainEntityOfPage":{"@id":"https:\/\/www.eldiario.net\/portal\/2024\/05\/07\/peru-impulsa-carretera-para-mejorar-negocios-con-bolivia\/"},"wordCount":358,"commentCount":0,"publisher":{"@id":"https:\/\/www.eldiario.net\/portal\/#organization"},"image":{"@id":"https:\/\/www.eldiario.net\/portal\/2024\/05\/07\/peru-impulsa-carretera-para-mejorar-negocios-con-bolivia\/#primaryimage"},"thumbnailUrl":"https:\/\/www.eldiario.net\/portal\/wp-content\/uploads\/2024\/05\/VIA-FOTO.jpg","articleSection":["Econom\u00eda"],"inLanguage":"es","potentialAction":[{"@type":"CommentAction","name":"Comment","target":["https:\/\/www.eldiario.net\/portal\/2024\/05\/07\/peru-impulsa-carretera-para-mejorar-negocios-con-bolivia\/#respond"]}]},{"@type":"WebPage","@id":"https:\/\/www.eldiario.net\/portal\/2024\/05\/07\/peru-impulsa-carretera-para-mejorar-negocios-con-bolivia\/","url":"https:\/\/www.eldiario.net\/portal\/2024\/05\/07\/peru-impulsa-carretera-para-mejorar-negocios-con-bolivia\/","name":"Peru impulsa carretera para mejorar negocios con Bolivia - El Diario - Bolivia","isPartOf":{"@id":"https:\/\/www.eldiario.net\/portal\/#website"},"primaryImageOfPage":{"@id":"https:\/\/www.eldiario.net\/portal\/2024\/05\/07\/peru-impulsa-carretera-para-mejorar-negocios-con-bolivia\/#primaryimage"},"image":{"@id":"https:\/\/www.eldiario.net\/portal\/2024\/05\/07\/peru-impulsa-carretera-para-mejorar-negocios-con-bolivia\/#primaryimage"},"thumbnailUrl":"https:\/\/www.eldiario.net\/portal\/wp-content\/uploads\/2024\/05\/VIA-FOTO.jpg","datePublished":"2024-05-07T10:59:55+00:00","breadcrumb":{"@id":"https:\/\/www.eldiario.net\/portal\/2024\/05\/07\/peru-impulsa-carretera-para-mejorar-negocios-con-bolivia\/#breadcrumb"},"inLanguage":"es","potentialAction":[{"@type":"ReadAction","target":["https:\/\/www.eldiario.net\/portal\/2024\/05\/07\/peru-impulsa-carretera-para-mejorar-negocios-con-bolivia\/"]}]},{"@type":"ImageObject","inLanguage":"es","@id":"https:\/\/www.eldiario.net\/portal\/2024\/05\/07\/peru-impulsa-carretera-para-mejorar-negocios-con-bolivia\/#primaryimage","url":"https:\/\/www.eldiario.net\/portal\/wp-content\/uploads\/2024\/05\/VIA-FOTO.jpg","contentUrl":"https:\/\/www.eldiario.net\/portal\/wp-content\/uploads\/2024\/05\/VIA-FOTO.jpg","width":768,"height":512,"caption":"la v\u00eda que se planifica. Foto elcomercio.pe"},{"@type":"BreadcrumbList","@id":"https:\/\/www.eldiario.net\/portal\/2024\/05\/07\/peru-impulsa-carretera-para-mejorar-negocios-con-bolivia\/#breadcrumb","itemListElement":[{"@type":"ListItem","position":1,"name":"Portada","item":"https:\/\/www.eldiario.net\/portal\/"},{"@type":"ListItem","position":2,"name":"Peru impulsa carretera para mejorar negocios con Bolivia"}]},{"@type":"WebSite","@id":"https:\/\/www.eldiario.net\/portal\/#website","url":"https:\/\/www.eldiario.net\/portal\/","name":"El Diario - Decano de la prensa nacional","description":"El Diario - Decano de la prensa nacional","publisher":{"@id":"https:\/\/www.eldiario.net\/portal\/#organization"},"potentialAction":[{"@type":"SearchAction","target":{"@type":"EntryPoint","urlTemplate":"https:\/\/www.eldiario.net\/portal\/?s={search_term_string}"},"query-input":{"@type":"PropertyValueSpecification","valueRequired":true,"valueName":"search_term_string"}}],"inLanguage":"es"},{"@type":"Organization","@id":"https:\/\/www.eldiario.net\/portal\/#organization","name":"El Diario - Decano de la prensa nacional","url":"https:\/\/www.eldiario.net\/portal\/","logo":{"@type":"ImageObject","inLanguage":"es","@id":"https:\/\/www.eldiario.net\/portal\/#\/schema\/logo\/image\/","url":"https:\/\/www.eldiario.net\/portal\/wp-content\/uploads\/2023\/07\/logo_ED.jpg","contentUrl":"https:\/\/www.eldiario.net\/portal\/wp-content\/uploads\/2023\/07\/logo_ED.jpg","width":272,"height":52,"caption":"El Diario - Decano de la prensa nacional"},"image":{"@id":"https:\/\/www.eldiario.net\/portal\/#\/schema\/logo\/image\/"},"sameAs":["https:\/\/www.facebook.com\/eldiario.bolivia\/","https:\/\/x.com\/eldiario_net"]},{"@type":"Person","@id":"https:\/\/www.eldiario.net\/portal\/#\/schema\/person\/f46445640444750d7d753ccd04ae01b7","name":"Jeanette","image":{"@type":"ImageObject","inLanguage":"es","@id":"https:\/\/secure.gravatar.com\/avatar\/3ea2118a5f7dad2b7138b1187a6b7ee55f160b9968b66013c3a3ef39dd7e5798?s=96&d=mm&r=g","url":"https:\/\/secure.gravatar.com\/avatar\/3ea2118a5f7dad2b7138b1187a6b7ee55f160b9968b66013c3a3ef39dd7e5798?s=96&d=mm&r=g","contentUrl":"https:\/\/secure.gravatar.com\/avatar\/3ea2118a5f7dad2b7138b1187a6b7ee55f160b9968b66013c3a3ef39dd7e5798?s=96&d=mm&r=g","caption":"Jeanette"},"sameAs":["https:\/\/www.eldiario.net\/portal"],"url":"https:\/\/www.eldiario.net\/portal\/author\/jeanette\/"}]}},"_links":{"self":[{"href":"https:\/\/www.eldiario.net\/portal\/wp-json\/wp\/v2\/posts\/219075","targetHints":{"allow":["GET"]}}],"collection":[{"href":"https:\/\/www.eldiario.net\/portal\/wp-json\/wp\/v2\/posts"}],"about":[{"href":"https:\/\/www.eldiario.net\/portal\/wp-json\/wp\/v2\/types\/post"}],"author":[{"embeddable":true,"href":"https:\/\/www.eldiario.net\/portal\/wp-json\/wp\/v2\/users\/1"}],"replies":[{"embeddable":true,"href":"https:\/\/www.eldiario.net\/portal\/wp-json\/wp\/v2\/comments?post=219075"}],"version-history":[{"count":1,"href":"https:\/\/www.eldiario.net\/portal\/wp-json\/wp\/v2\/posts\/219075\/revisions"}],"predecessor-version":[{"id":219077,"href":"https:\/\/www.eldiario.net\/portal\/wp-json\/wp\/v2\/posts\/219075\/revisions\/219077"}],"wp:featuredmedia":[{"embeddable":true,"href":"https:\/\/www.eldiario.net\/portal\/wp-json\/wp\/v2\/media\/219076"}],"wp:attachment":[{"href":"https:\/\/www.eldiario.net\/portal\/wp-json\/wp\/v2\/media?parent=219075"}],"wp:term":[{"taxonomy":"category","embeddable":true,"href":"https:\/\/www.eldiario.net\/portal\/wp-json\/wp\/v2\/categories?post=219075"},{"taxonomy":"post_tag","embeddable":true,"href":"https:\/\/www.eldiario.net\/portal\/wp-json\/wp\/v2\/tags?post=219075"}],"curies":[{"name":"wp","href":"https:\/\/api.w.org\/{rel}","templated":true}]}}