{"id":219072,"date":"2024-05-07T06:59:17","date_gmt":"2024-05-07T10:59:17","guid":{"rendered":"https:\/\/www.eldiario.net\/portal\/?p=219072"},"modified":"2024-05-07T06:59:17","modified_gmt":"2024-05-07T10:59:17","slug":"presentaran-norma-para-atraer-inversiones-en-hidrocarburos","status":"publish","type":"post","link":"https:\/\/www.eldiario.net\/portal\/2024\/05\/07\/presentaran-norma-para-atraer-inversiones-en-hidrocarburos\/","title":{"rendered":"Presentar\u00e1n norma para atraer  inversiones en hidrocarburos"},"content":{"rendered":"<p>El ministro de Hidrocarburos y Energ\u00edas, Franklin Molina, anunci\u00f3 la presentaci\u00f3n de un anteproyecto de ley para promover la exploraci\u00f3n y explotaci\u00f3n de hidrocarburos, fortalecer a YPFB en esta \u00e1rea espec\u00edfica y establecer los mecanismos necesarios para fomentar la inversi\u00f3n de las compa\u00f1\u00edas privadas.<\/p>\n<p>Los analistas ya sugirieron desde hace varios a\u00f1os atr\u00e1s a las autoridades del sector, que trabajen en una nueva norma acorde a la nueva constituci\u00f3n, pero no escucharon y ahora que el sector va en ca\u00edda, reci\u00e9n anuncian la presentaci\u00f3n de un anteproyecto.<\/p>\n<p>Adem\u00e1s, Molina en la rendici\u00f3n de cuentas de la pasada gesti\u00f3n dijo que es necesario una nueva ley de hidrocarburos para fortalecer el sector, pero pas\u00f3 un a\u00f1o, y nuevamente los anuncios contin\u00faan.<\/p>\n<p>El analista Mauricio Medinaceli, en una entrevista con un medio local, dijo que la Ley de Hidrocarburos fue de cosecha, la que se tiene actualmente, ahora deben trabajar en una norma para sembrar.<\/p>\n<p>Anteproyecto<\/p>\n<p>El anteproyecto de ley se presentar\u00e1 en las pr\u00f3ximas semanas y se centrar\u00e1 en la reactivaci\u00f3n del sector de los hidrocarburos.<\/p>\n<p>\u201cNuestro objetivo es impulsar tanto la producci\u00f3n como la reposici\u00f3n de reservas, asegurando as\u00ed la sostenibilidad de un sector vital para nuestro pa\u00eds y garantizando su seguridad energ\u00e9tica\u201d, afirm\u00f3, cita un reporte del Ministerio de Hidrocarburos.<\/p>\n<p>La cartera de proyectos del Plan de Reactivaci\u00f3n del Upstream 2021-2025 (PRU) tambi\u00e9n requiere un marco institucional renovado. Es crucial que el marco normativo se adapte a la nueva realidad actual, explic\u00f3.<\/p>\n<p>En esa l\u00ednea, indic\u00f3 que el esquema propuesto para las nuevas inversiones en proyectos hidrocarbur\u00edferos debe garantizar a las empresas inversoras un retorno r\u00e1pido de sus inversiones, al tiempo que proporciona al pa\u00eds un marco flexible para agilizar el proceso.<\/p>\n<p>Por ello, los nuevos proyectos de exploraci\u00f3n y explotaci\u00f3n deben ser capaces de ejecutarse r\u00e1pidamente, ya que los indicadores financieros de rentabilidad en cada uno de \u00e9stos permitir\u00e1n un r\u00e1pido retorno a las empresas que son socias del pa\u00eds.<\/p>\n<p>Asimismo, la autoridad dijo que es fundamental que el ciclo administrativo de gesti\u00f3n de contratos sea m\u00e1s expedito y que YPFB tenga la capacidad de asociarse para el desarrollo de proyectos espec\u00edficos.<\/p>\n<p>La inversi\u00f3n en el sector petrolero requiere un plazo de entre 8 a 10 a\u00f1os debido a la naturaleza de los proyectos, que tienen una maduraci\u00f3n prolongada.<\/p>\n<p>&nbsp;<\/p>\n<p>Dentro de todas estas oportunidades que se est\u00e1n visualizando, los resultados de los esfuerzos llevados a cabo por YPFB solo se ver\u00e1n materializados en los a\u00f1os 2027, 2029 y, en algunos casos, hasta 2030. Abi y EL DIARIO<\/p>\n","protected":false},"excerpt":{"rendered":"<p>El ministro de Hidrocarburos y Energ\u00edas, Franklin Molina, anunci\u00f3 la presentaci\u00f3n de un anteproyecto de ley para promover la exploraci\u00f3n y explotaci\u00f3n de hidrocarburos, fortalecer a YPFB en esta \u00e1rea espec\u00edfica y establecer los mecanismos necesarios para fomentar la inversi\u00f3n de las compa\u00f1\u00edas privadas. Los analistas ya sugirieron desde hace varios a\u00f1os atr\u00e1s a las [&hellip;]<\/p>\n","protected":false},"author":1,"featured_media":219073,"comment_status":"open","ping_status":"open","sticky":false,"template":"","format":"standard","meta":{"_acf_changed":false,"footnotes":""},"categories":[7],"tags":[],"class_list":["post-219072","post","type-post","status-publish","format-standard","has-post-thumbnail","category-economia"],"acf":{"antetitulo":""},"yoast_head":"<!-- This site is optimized with the Yoast SEO plugin v28.4 - https:\/\/yoast.com\/product\/yoast-seo-wordpress\/ -->\n<title>Presentar\u00e1n norma para atraer inversiones en hidrocarburos - El Diario - Bolivia<\/title>\n<meta name=\"robots\" content=\"index, follow, max-snippet:-1, max-image-preview:large, max-video-preview:-1\" \/>\n<link rel=\"canonical\" href=\"https:\/\/www.eldiario.net\/portal\/2024\/05\/07\/presentaran-norma-para-atraer-inversiones-en-hidrocarburos\/\" \/>\n<meta property=\"og:locale\" content=\"es_ES\" \/>\n<meta property=\"og:type\" content=\"article\" \/>\n<meta property=\"og:title\" content=\"Presentar\u00e1n norma para atraer inversiones en hidrocarburos - El Diario - Bolivia\" \/>\n<meta property=\"og:description\" content=\"El ministro de Hidrocarburos y Energ\u00edas, Franklin Molina, anunci\u00f3 la presentaci\u00f3n de un anteproyecto de ley para promover la exploraci\u00f3n y explotaci\u00f3n de hidrocarburos, fortalecer a YPFB en esta \u00e1rea espec\u00edfica y establecer los mecanismos necesarios para fomentar la inversi\u00f3n de las compa\u00f1\u00edas privadas. Los analistas ya sugirieron desde hace varios a\u00f1os atr\u00e1s a las [&hellip;]\" \/>\n<meta property=\"og:url\" content=\"https:\/\/www.eldiario.net\/portal\/2024\/05\/07\/presentaran-norma-para-atraer-inversiones-en-hidrocarburos\/\" \/>\n<meta property=\"og:site_name\" content=\"El Diario - Bolivia\" \/>\n<meta property=\"article:publisher\" content=\"https:\/\/www.facebook.com\/eldiario.bolivia\/\" \/>\n<meta property=\"article:published_time\" content=\"2024-05-07T10:59:17+00:00\" \/>\n<meta property=\"og:image\" content=\"https:\/\/www.eldiario.net\/portal\/wp-content\/uploads\/2024\/05\/MOLINA-FOTO-e1715079549503.jpg\" \/>\n\t<meta property=\"og:image:width\" content=\"1080\" \/>\n\t<meta property=\"og:image:height\" content=\"854\" \/>\n\t<meta property=\"og:image:type\" content=\"image\/jpeg\" \/>\n<meta name=\"author\" content=\"Jeanette\" \/>\n<meta name=\"twitter:card\" content=\"summary_large_image\" \/>\n<meta name=\"twitter:creator\" content=\"@eldiario_net\" \/>\n<meta name=\"twitter:site\" content=\"@eldiario_net\" \/>\n<meta name=\"twitter:label1\" content=\"Escrito por\" \/>\n\t<meta name=\"twitter:data1\" content=\"Jeanette\" \/>\n\t<meta name=\"twitter:label2\" content=\"Tiempo de lectura\" \/>\n\t<meta name=\"twitter:data2\" content=\"3 minutos\" \/>\n<script type=\"application\/ld+json\" class=\"yoast-schema-graph\">{\"@context\":\"https:\\\/\\\/schema.org\",\"@graph\":[{\"@type\":\"Article\",\"@id\":\"https:\\\/\\\/www.eldiario.net\\\/portal\\\/2024\\\/05\\\/07\\\/presentaran-norma-para-atraer-inversiones-en-hidrocarburos\\\/#article\",\"isPartOf\":{\"@id\":\"https:\\\/\\\/www.eldiario.net\\\/portal\\\/2024\\\/05\\\/07\\\/presentaran-norma-para-atraer-inversiones-en-hidrocarburos\\\/\"},\"author\":{\"name\":\"Jeanette\",\"@id\":\"https:\\\/\\\/www.eldiario.net\\\/portal\\\/#\\\/schema\\\/person\\\/f46445640444750d7d753ccd04ae01b7\"},\"headline\":\"Presentar\u00e1n norma para atraer inversiones en hidrocarburos\",\"datePublished\":\"2024-05-07T10:59:17+00:00\",\"mainEntityOfPage\":{\"@id\":\"https:\\\/\\\/www.eldiario.net\\\/portal\\\/2024\\\/05\\\/07\\\/presentaran-norma-para-atraer-inversiones-en-hidrocarburos\\\/\"},\"wordCount\":468,\"commentCount\":0,\"publisher\":{\"@id\":\"https:\\\/\\\/www.eldiario.net\\\/portal\\\/#organization\"},\"image\":{\"@id\":\"https:\\\/\\\/www.eldiario.net\\\/portal\\\/2024\\\/05\\\/07\\\/presentaran-norma-para-atraer-inversiones-en-hidrocarburos\\\/#primaryimage\"},\"thumbnailUrl\":\"https:\\\/\\\/www.eldiario.net\\\/portal\\\/wp-content\\\/uploads\\\/2024\\\/05\\\/MOLINA-FOTO-e1715079549503.jpg\",\"articleSection\":[\"Econom\u00eda\"],\"inLanguage\":\"es\",\"potentialAction\":[{\"@type\":\"CommentAction\",\"name\":\"Comment\",\"target\":[\"https:\\\/\\\/www.eldiario.net\\\/portal\\\/2024\\\/05\\\/07\\\/presentaran-norma-para-atraer-inversiones-en-hidrocarburos\\\/#respond\"]}]},{\"@type\":\"WebPage\",\"@id\":\"https:\\\/\\\/www.eldiario.net\\\/portal\\\/2024\\\/05\\\/07\\\/presentaran-norma-para-atraer-inversiones-en-hidrocarburos\\\/\",\"url\":\"https:\\\/\\\/www.eldiario.net\\\/portal\\\/2024\\\/05\\\/07\\\/presentaran-norma-para-atraer-inversiones-en-hidrocarburos\\\/\",\"name\":\"Presentar\u00e1n norma para atraer inversiones en hidrocarburos - El Diario - Bolivia\",\"isPartOf\":{\"@id\":\"https:\\\/\\\/www.eldiario.net\\\/portal\\\/#website\"},\"primaryImageOfPage\":{\"@id\":\"https:\\\/\\\/www.eldiario.net\\\/portal\\\/2024\\\/05\\\/07\\\/presentaran-norma-para-atraer-inversiones-en-hidrocarburos\\\/#primaryimage\"},\"image\":{\"@id\":\"https:\\\/\\\/www.eldiario.net\\\/portal\\\/2024\\\/05\\\/07\\\/presentaran-norma-para-atraer-inversiones-en-hidrocarburos\\\/#primaryimage\"},\"thumbnailUrl\":\"https:\\\/\\\/www.eldiario.net\\\/portal\\\/wp-content\\\/uploads\\\/2024\\\/05\\\/MOLINA-FOTO-e1715079549503.jpg\",\"datePublished\":\"2024-05-07T10:59:17+00:00\",\"breadcrumb\":{\"@id\":\"https:\\\/\\\/www.eldiario.net\\\/portal\\\/2024\\\/05\\\/07\\\/presentaran-norma-para-atraer-inversiones-en-hidrocarburos\\\/#breadcrumb\"},\"inLanguage\":\"es\",\"potentialAction\":[{\"@type\":\"ReadAction\",\"target\":[\"https:\\\/\\\/www.eldiario.net\\\/portal\\\/2024\\\/05\\\/07\\\/presentaran-norma-para-atraer-inversiones-en-hidrocarburos\\\/\"]}]},{\"@type\":\"ImageObject\",\"inLanguage\":\"es\",\"@id\":\"https:\\\/\\\/www.eldiario.net\\\/portal\\\/2024\\\/05\\\/07\\\/presentaran-norma-para-atraer-inversiones-en-hidrocarburos\\\/#primaryimage\",\"url\":\"https:\\\/\\\/www.eldiario.net\\\/portal\\\/wp-content\\\/uploads\\\/2024\\\/05\\\/MOLINA-FOTO-e1715079549503.jpg\",\"contentUrl\":\"https:\\\/\\\/www.eldiario.net\\\/portal\\\/wp-content\\\/uploads\\\/2024\\\/05\\\/MOLINA-FOTO-e1715079549503.jpg\",\"width\":1080,\"height\":854,\"caption\":\"Ministro de Hidrocarburos Franklin Molina. Foto ABI\"},{\"@type\":\"BreadcrumbList\",\"@id\":\"https:\\\/\\\/www.eldiario.net\\\/portal\\\/2024\\\/05\\\/07\\\/presentaran-norma-para-atraer-inversiones-en-hidrocarburos\\\/#breadcrumb\",\"itemListElement\":[{\"@type\":\"ListItem\",\"position\":1,\"name\":\"Portada\",\"item\":\"https:\\\/\\\/www.eldiario.net\\\/portal\\\/\"},{\"@type\":\"ListItem\",\"position\":2,\"name\":\"Presentar\u00e1n norma para atraer inversiones en hidrocarburos\"}]},{\"@type\":\"WebSite\",\"@id\":\"https:\\\/\\\/www.eldiario.net\\\/portal\\\/#website\",\"url\":\"https:\\\/\\\/www.eldiario.net\\\/portal\\\/\",\"name\":\"El Diario - Decano de la prensa nacional\",\"description\":\"El Diario - Decano de la prensa nacional\",\"publisher\":{\"@id\":\"https:\\\/\\\/www.eldiario.net\\\/portal\\\/#organization\"},\"potentialAction\":[{\"@type\":\"SearchAction\",\"target\":{\"@type\":\"EntryPoint\",\"urlTemplate\":\"https:\\\/\\\/www.eldiario.net\\\/portal\\\/?s={search_term_string}\"},\"query-input\":{\"@type\":\"PropertyValueSpecification\",\"valueRequired\":true,\"valueName\":\"search_term_string\"}}],\"inLanguage\":\"es\"},{\"@type\":\"Organization\",\"@id\":\"https:\\\/\\\/www.eldiario.net\\\/portal\\\/#organization\",\"name\":\"El Diario - Decano de la prensa nacional\",\"url\":\"https:\\\/\\\/www.eldiario.net\\\/portal\\\/\",\"logo\":{\"@type\":\"ImageObject\",\"inLanguage\":\"es\",\"@id\":\"https:\\\/\\\/www.eldiario.net\\\/portal\\\/#\\\/schema\\\/logo\\\/image\\\/\",\"url\":\"https:\\\/\\\/www.eldiario.net\\\/portal\\\/wp-content\\\/uploads\\\/2023\\\/07\\\/logo_ED.jpg\",\"contentUrl\":\"https:\\\/\\\/www.eldiario.net\\\/portal\\\/wp-content\\\/uploads\\\/2023\\\/07\\\/logo_ED.jpg\",\"width\":272,\"height\":52,\"caption\":\"El Diario - Decano de la prensa nacional\"},\"image\":{\"@id\":\"https:\\\/\\\/www.eldiario.net\\\/portal\\\/#\\\/schema\\\/logo\\\/image\\\/\"},\"sameAs\":[\"https:\\\/\\\/www.facebook.com\\\/eldiario.bolivia\\\/\",\"https:\\\/\\\/x.com\\\/eldiario_net\"]},{\"@type\":\"Person\",\"@id\":\"https:\\\/\\\/www.eldiario.net\\\/portal\\\/#\\\/schema\\\/person\\\/f46445640444750d7d753ccd04ae01b7\",\"name\":\"Jeanette\",\"image\":{\"@type\":\"ImageObject\",\"inLanguage\":\"es\",\"@id\":\"https:\\\/\\\/secure.gravatar.com\\\/avatar\\\/3ea2118a5f7dad2b7138b1187a6b7ee55f160b9968b66013c3a3ef39dd7e5798?s=96&d=mm&r=g\",\"url\":\"https:\\\/\\\/secure.gravatar.com\\\/avatar\\\/3ea2118a5f7dad2b7138b1187a6b7ee55f160b9968b66013c3a3ef39dd7e5798?s=96&d=mm&r=g\",\"contentUrl\":\"https:\\\/\\\/secure.gravatar.com\\\/avatar\\\/3ea2118a5f7dad2b7138b1187a6b7ee55f160b9968b66013c3a3ef39dd7e5798?s=96&d=mm&r=g\",\"caption\":\"Jeanette\"},\"sameAs\":[\"https:\\\/\\\/www.eldiario.net\\\/portal\"],\"url\":\"https:\\\/\\\/www.eldiario.net\\\/portal\\\/author\\\/jeanette\\\/\"}]}<\/script>\n<!-- \/ Yoast SEO plugin. -->","yoast_head_json":{"title":"Presentar\u00e1n norma para atraer inversiones en hidrocarburos - El Diario - Bolivia","robots":{"index":"index","follow":"follow","max-snippet":"max-snippet:-1","max-image-preview":"max-image-preview:large","max-video-preview":"max-video-preview:-1"},"canonical":"https:\/\/www.eldiario.net\/portal\/2024\/05\/07\/presentaran-norma-para-atraer-inversiones-en-hidrocarburos\/","og_locale":"es_ES","og_type":"article","og_title":"Presentar\u00e1n norma para atraer inversiones en hidrocarburos - El Diario - Bolivia","og_description":"El ministro de Hidrocarburos y Energ\u00edas, Franklin Molina, anunci\u00f3 la presentaci\u00f3n de un anteproyecto de ley para promover la exploraci\u00f3n y explotaci\u00f3n de hidrocarburos, fortalecer a YPFB en esta \u00e1rea espec\u00edfica y establecer los mecanismos necesarios para fomentar la inversi\u00f3n de las compa\u00f1\u00edas privadas. Los analistas ya sugirieron desde hace varios a\u00f1os atr\u00e1s a las [&hellip;]","og_url":"https:\/\/www.eldiario.net\/portal\/2024\/05\/07\/presentaran-norma-para-atraer-inversiones-en-hidrocarburos\/","og_site_name":"El Diario - Bolivia","article_publisher":"https:\/\/www.facebook.com\/eldiario.bolivia\/","article_published_time":"2024-05-07T10:59:17+00:00","og_image":[{"width":1080,"height":854,"url":"https:\/\/www.eldiario.net\/portal\/wp-content\/uploads\/2024\/05\/MOLINA-FOTO-e1715079549503.jpg","type":"image\/jpeg"}],"author":"Jeanette","twitter_card":"summary_large_image","twitter_creator":"@eldiario_net","twitter_site":"@eldiario_net","twitter_misc":{"Escrito por":"Jeanette","Tiempo de lectura":"3 minutos"},"schema":{"@context":"https:\/\/schema.org","@graph":[{"@type":"Article","@id":"https:\/\/www.eldiario.net\/portal\/2024\/05\/07\/presentaran-norma-para-atraer-inversiones-en-hidrocarburos\/#article","isPartOf":{"@id":"https:\/\/www.eldiario.net\/portal\/2024\/05\/07\/presentaran-norma-para-atraer-inversiones-en-hidrocarburos\/"},"author":{"name":"Jeanette","@id":"https:\/\/www.eldiario.net\/portal\/#\/schema\/person\/f46445640444750d7d753ccd04ae01b7"},"headline":"Presentar\u00e1n norma para atraer inversiones en hidrocarburos","datePublished":"2024-05-07T10:59:17+00:00","mainEntityOfPage":{"@id":"https:\/\/www.eldiario.net\/portal\/2024\/05\/07\/presentaran-norma-para-atraer-inversiones-en-hidrocarburos\/"},"wordCount":468,"commentCount":0,"publisher":{"@id":"https:\/\/www.eldiario.net\/portal\/#organization"},"image":{"@id":"https:\/\/www.eldiario.net\/portal\/2024\/05\/07\/presentaran-norma-para-atraer-inversiones-en-hidrocarburos\/#primaryimage"},"thumbnailUrl":"https:\/\/www.eldiario.net\/portal\/wp-content\/uploads\/2024\/05\/MOLINA-FOTO-e1715079549503.jpg","articleSection":["Econom\u00eda"],"inLanguage":"es","potentialAction":[{"@type":"CommentAction","name":"Comment","target":["https:\/\/www.eldiario.net\/portal\/2024\/05\/07\/presentaran-norma-para-atraer-inversiones-en-hidrocarburos\/#respond"]}]},{"@type":"WebPage","@id":"https:\/\/www.eldiario.net\/portal\/2024\/05\/07\/presentaran-norma-para-atraer-inversiones-en-hidrocarburos\/","url":"https:\/\/www.eldiario.net\/portal\/2024\/05\/07\/presentaran-norma-para-atraer-inversiones-en-hidrocarburos\/","name":"Presentar\u00e1n norma para atraer inversiones en hidrocarburos - El Diario - Bolivia","isPartOf":{"@id":"https:\/\/www.eldiario.net\/portal\/#website"},"primaryImageOfPage":{"@id":"https:\/\/www.eldiario.net\/portal\/2024\/05\/07\/presentaran-norma-para-atraer-inversiones-en-hidrocarburos\/#primaryimage"},"image":{"@id":"https:\/\/www.eldiario.net\/portal\/2024\/05\/07\/presentaran-norma-para-atraer-inversiones-en-hidrocarburos\/#primaryimage"},"thumbnailUrl":"https:\/\/www.eldiario.net\/portal\/wp-content\/uploads\/2024\/05\/MOLINA-FOTO-e1715079549503.jpg","datePublished":"2024-05-07T10:59:17+00:00","breadcrumb":{"@id":"https:\/\/www.eldiario.net\/portal\/2024\/05\/07\/presentaran-norma-para-atraer-inversiones-en-hidrocarburos\/#breadcrumb"},"inLanguage":"es","potentialAction":[{"@type":"ReadAction","target":["https:\/\/www.eldiario.net\/portal\/2024\/05\/07\/presentaran-norma-para-atraer-inversiones-en-hidrocarburos\/"]}]},{"@type":"ImageObject","inLanguage":"es","@id":"https:\/\/www.eldiario.net\/portal\/2024\/05\/07\/presentaran-norma-para-atraer-inversiones-en-hidrocarburos\/#primaryimage","url":"https:\/\/www.eldiario.net\/portal\/wp-content\/uploads\/2024\/05\/MOLINA-FOTO-e1715079549503.jpg","contentUrl":"https:\/\/www.eldiario.net\/portal\/wp-content\/uploads\/2024\/05\/MOLINA-FOTO-e1715079549503.jpg","width":1080,"height":854,"caption":"Ministro de Hidrocarburos Franklin Molina. Foto ABI"},{"@type":"BreadcrumbList","@id":"https:\/\/www.eldiario.net\/portal\/2024\/05\/07\/presentaran-norma-para-atraer-inversiones-en-hidrocarburos\/#breadcrumb","itemListElement":[{"@type":"ListItem","position":1,"name":"Portada","item":"https:\/\/www.eldiario.net\/portal\/"},{"@type":"ListItem","position":2,"name":"Presentar\u00e1n norma para atraer inversiones en hidrocarburos"}]},{"@type":"WebSite","@id":"https:\/\/www.eldiario.net\/portal\/#website","url":"https:\/\/www.eldiario.net\/portal\/","name":"El Diario - Decano de la prensa nacional","description":"El Diario - Decano de la prensa nacional","publisher":{"@id":"https:\/\/www.eldiario.net\/portal\/#organization"},"potentialAction":[{"@type":"SearchAction","target":{"@type":"EntryPoint","urlTemplate":"https:\/\/www.eldiario.net\/portal\/?s={search_term_string}"},"query-input":{"@type":"PropertyValueSpecification","valueRequired":true,"valueName":"search_term_string"}}],"inLanguage":"es"},{"@type":"Organization","@id":"https:\/\/www.eldiario.net\/portal\/#organization","name":"El Diario - Decano de la prensa nacional","url":"https:\/\/www.eldiario.net\/portal\/","logo":{"@type":"ImageObject","inLanguage":"es","@id":"https:\/\/www.eldiario.net\/portal\/#\/schema\/logo\/image\/","url":"https:\/\/www.eldiario.net\/portal\/wp-content\/uploads\/2023\/07\/logo_ED.jpg","contentUrl":"https:\/\/www.eldiario.net\/portal\/wp-content\/uploads\/2023\/07\/logo_ED.jpg","width":272,"height":52,"caption":"El Diario - Decano de la prensa nacional"},"image":{"@id":"https:\/\/www.eldiario.net\/portal\/#\/schema\/logo\/image\/"},"sameAs":["https:\/\/www.facebook.com\/eldiario.bolivia\/","https:\/\/x.com\/eldiario_net"]},{"@type":"Person","@id":"https:\/\/www.eldiario.net\/portal\/#\/schema\/person\/f46445640444750d7d753ccd04ae01b7","name":"Jeanette","image":{"@type":"ImageObject","inLanguage":"es","@id":"https:\/\/secure.gravatar.com\/avatar\/3ea2118a5f7dad2b7138b1187a6b7ee55f160b9968b66013c3a3ef39dd7e5798?s=96&d=mm&r=g","url":"https:\/\/secure.gravatar.com\/avatar\/3ea2118a5f7dad2b7138b1187a6b7ee55f160b9968b66013c3a3ef39dd7e5798?s=96&d=mm&r=g","contentUrl":"https:\/\/secure.gravatar.com\/avatar\/3ea2118a5f7dad2b7138b1187a6b7ee55f160b9968b66013c3a3ef39dd7e5798?s=96&d=mm&r=g","caption":"Jeanette"},"sameAs":["https:\/\/www.eldiario.net\/portal"],"url":"https:\/\/www.eldiario.net\/portal\/author\/jeanette\/"}]}},"_links":{"self":[{"href":"https:\/\/www.eldiario.net\/portal\/wp-json\/wp\/v2\/posts\/219072","targetHints":{"allow":["GET"]}}],"collection":[{"href":"https:\/\/www.eldiario.net\/portal\/wp-json\/wp\/v2\/posts"}],"about":[{"href":"https:\/\/www.eldiario.net\/portal\/wp-json\/wp\/v2\/types\/post"}],"author":[{"embeddable":true,"href":"https:\/\/www.eldiario.net\/portal\/wp-json\/wp\/v2\/users\/1"}],"replies":[{"embeddable":true,"href":"https:\/\/www.eldiario.net\/portal\/wp-json\/wp\/v2\/comments?post=219072"}],"version-history":[{"count":1,"href":"https:\/\/www.eldiario.net\/portal\/wp-json\/wp\/v2\/posts\/219072\/revisions"}],"predecessor-version":[{"id":219074,"href":"https:\/\/www.eldiario.net\/portal\/wp-json\/wp\/v2\/posts\/219072\/revisions\/219074"}],"wp:featuredmedia":[{"embeddable":true,"href":"https:\/\/www.eldiario.net\/portal\/wp-json\/wp\/v2\/media\/219073"}],"wp:attachment":[{"href":"https:\/\/www.eldiario.net\/portal\/wp-json\/wp\/v2\/media?parent=219072"}],"wp:term":[{"taxonomy":"category","embeddable":true,"href":"https:\/\/www.eldiario.net\/portal\/wp-json\/wp\/v2\/categories?post=219072"},{"taxonomy":"post_tag","embeddable":true,"href":"https:\/\/www.eldiario.net\/portal\/wp-json\/wp\/v2\/tags?post=219072"}],"curies":[{"name":"wp","href":"https:\/\/api.w.org\/{rel}","templated":true}]}}