{"id":219069,"date":"2024-05-07T06:58:33","date_gmt":"2024-05-07T10:58:33","guid":{"rendered":"https:\/\/www.eldiario.net\/portal\/?p=219069"},"modified":"2024-05-07T06:58:33","modified_gmt":"2024-05-07T10:58:33","slug":"ejecutan-proyecto-de-adaptacion-al-cambio-climatico-en-achocalla","status":"publish","type":"post","link":"https:\/\/www.eldiario.net\/portal\/2024\/05\/07\/ejecutan-proyecto-de-adaptacion-al-cambio-climatico-en-achocalla\/","title":{"rendered":"Ejecutan proyecto de adaptaci\u00f3n  al cambio clim\u00e1tico en Achocalla"},"content":{"rendered":"<p>El Ministerio de Desarrollo Rural y Tierras ejecuta ocho proyectos productivos enfocados en la adaptaci\u00f3n al cambio clim\u00e1tico, con una inversi\u00f3n de m\u00e1s de 1,5 millones de bolivianos, en el municipio de Achocalla, del departamento de La Paz.<\/p>\n<p>El domingo, una delegaci\u00f3n de autoridades verific\u00f3 la ejecuci\u00f3n de los proyectos, entre ellos el funcionamiento del sistema de riego por aspersi\u00f3n para la producci\u00f3n de zanahoria, papa y otras hortalizas en la comunidad de Uypaca, del municipio de Achocalla, en el departamento de La Paz.<\/p>\n<p>El ministro de Desarrollo Rural y Tierras, Santos Condori, destac\u00f3 la inversi\u00f3n del Gobierno nacional de Bs 1,5 millones en ocho proyectos productivos los cuales beneficiar\u00e1n a 205 familias productoras.<\/p>\n<p>\u201cEs el trabajo del presidente Luis Arce, el cual est\u00e1 pensando en hacer frente al cambio clim\u00e1tico y favorecer al sector productivo, es por eso que en el caso de la comunidad de Uypaca se ha trabajado en la implementando del sistema de riego por aspersi\u00f3n para el mejoramiento de la papa y zanahoria\u201d, explic\u00f3.<\/p>\n<p>Por su parte el coordinador del Programa Accesos Rural de la Unidad Ejecutora de Apoyo a la Producci\u00f3n Agropecuaria ante el Cambio Clim\u00e1tico (Aprocam), Justiniano Quispe, a\u00f1adi\u00f3 que se prioriza la inversi\u00f3n en el sistema de riego por aspersi\u00f3n y el sistema de reservorio con geo membrana en Achocalla, considerando la escasez de agua provocada por la sequ\u00eda, una de las principales dificultades derivadas del cambio clim\u00e1tico.<\/p>\n<p>Ocho organizaciones productivas en Achocalla priorizan el proyecto para la implementaci\u00f3n del sistema de riego por aspersi\u00f3n y sistema de reservorio con geomembrana, que son una alternativa para mejorar la eficiencia en el manejo de los recursos h\u00eddricos y aumentar la producci\u00f3n agr\u00edcola.<\/p>\n<p>Las organizaciones productivas beneficiadas son: Antaque, Clavelitos, Apacsirpap, Acssapa 1, Acssapa 2, Acsha, Surusaya Grupo 1 y Surusaya Grupo 2. Las dos \u00faltimas en proceso de aprobaci\u00f3n, pero el Gobierno garantiza la inversi\u00f3n con el respaldo del Fondo Internacional de Desarrollo Agr\u00edcola (FIDA).<\/p>\n<p>Aprocam tiene previsto invertir m\u00e1s de Bs 38 millones en transferencias durante este a\u00f1o, a trav\u00e9s del programa Accesos Rural, en 35 municipios priorizados del pa\u00eds, de acuerdo con un reporte institucional.<\/p>\n","protected":false},"excerpt":{"rendered":"<p>El Ministerio de Desarrollo Rural y Tierras ejecuta ocho proyectos productivos enfocados en la adaptaci\u00f3n al cambio clim\u00e1tico, con una inversi\u00f3n de m\u00e1s de 1,5 millones de bolivianos, en el municipio de Achocalla, del departamento de La Paz. El domingo, una delegaci\u00f3n de autoridades verific\u00f3 la ejecuci\u00f3n de los proyectos, entre ellos el funcionamiento del [&hellip;]<\/p>\n","protected":false},"author":1,"featured_media":219070,"comment_status":"open","ping_status":"open","sticky":false,"template":"","format":"standard","meta":{"_acf_changed":false,"footnotes":""},"categories":[7],"tags":[],"class_list":["post-219069","post","type-post","status-publish","format-standard","has-post-thumbnail","category-economia"],"acf":{"antetitulo":""},"yoast_head":"<!-- This site is optimized with the Yoast SEO plugin v28.3 - https:\/\/yoast.com\/product\/yoast-seo-wordpress\/ -->\n<title>Ejecutan proyecto de adaptaci\u00f3n al cambio clim\u00e1tico en Achocalla - El Diario - Bolivia<\/title>\n<meta name=\"robots\" content=\"index, follow, max-snippet:-1, max-image-preview:large, max-video-preview:-1\" \/>\n<link rel=\"canonical\" href=\"https:\/\/www.eldiario.net\/portal\/2024\/05\/07\/ejecutan-proyecto-de-adaptacion-al-cambio-climatico-en-achocalla\/\" \/>\n<meta property=\"og:locale\" content=\"es_ES\" \/>\n<meta property=\"og:type\" content=\"article\" \/>\n<meta property=\"og:title\" content=\"Ejecutan proyecto de adaptaci\u00f3n al cambio clim\u00e1tico en Achocalla - El Diario - Bolivia\" \/>\n<meta property=\"og:description\" content=\"El Ministerio de Desarrollo Rural y Tierras ejecuta ocho proyectos productivos enfocados en la adaptaci\u00f3n al cambio clim\u00e1tico, con una inversi\u00f3n de m\u00e1s de 1,5 millones de bolivianos, en el municipio de Achocalla, del departamento de La Paz. El domingo, una delegaci\u00f3n de autoridades verific\u00f3 la ejecuci\u00f3n de los proyectos, entre ellos el funcionamiento del [&hellip;]\" \/>\n<meta property=\"og:url\" content=\"https:\/\/www.eldiario.net\/portal\/2024\/05\/07\/ejecutan-proyecto-de-adaptacion-al-cambio-climatico-en-achocalla\/\" \/>\n<meta property=\"og:site_name\" content=\"El Diario - Bolivia\" \/>\n<meta property=\"article:publisher\" content=\"https:\/\/www.facebook.com\/eldiario.bolivia\/\" \/>\n<meta property=\"article:published_time\" content=\"2024-05-07T10:58:33+00:00\" \/>\n<meta property=\"og:image\" content=\"https:\/\/www.eldiario.net\/portal\/wp-content\/uploads\/2024\/05\/AGRO-FOTO.jpg\" \/>\n\t<meta property=\"og:image:width\" content=\"1040\" \/>\n\t<meta property=\"og:image:height\" content=\"780\" \/>\n\t<meta property=\"og:image:type\" content=\"image\/jpeg\" \/>\n<meta name=\"author\" content=\"Jeanette\" \/>\n<meta name=\"twitter:card\" content=\"summary_large_image\" \/>\n<meta name=\"twitter:creator\" content=\"@eldiario_net\" \/>\n<meta name=\"twitter:site\" content=\"@eldiario_net\" \/>\n<meta name=\"twitter:label1\" content=\"Escrito por\" \/>\n\t<meta name=\"twitter:data1\" content=\"Jeanette\" \/>\n\t<meta name=\"twitter:label2\" content=\"Tiempo de lectura\" \/>\n\t<meta name=\"twitter:data2\" content=\"2 minutos\" \/>\n<script type=\"application\/ld+json\" class=\"yoast-schema-graph\">{\"@context\":\"https:\\\/\\\/schema.org\",\"@graph\":[{\"@type\":\"Article\",\"@id\":\"https:\\\/\\\/www.eldiario.net\\\/portal\\\/2024\\\/05\\\/07\\\/ejecutan-proyecto-de-adaptacion-al-cambio-climatico-en-achocalla\\\/#article\",\"isPartOf\":{\"@id\":\"https:\\\/\\\/www.eldiario.net\\\/portal\\\/2024\\\/05\\\/07\\\/ejecutan-proyecto-de-adaptacion-al-cambio-climatico-en-achocalla\\\/\"},\"author\":{\"name\":\"Jeanette\",\"@id\":\"https:\\\/\\\/www.eldiario.net\\\/portal\\\/#\\\/schema\\\/person\\\/f46445640444750d7d753ccd04ae01b7\"},\"headline\":\"Ejecutan proyecto de adaptaci\u00f3n al cambio clim\u00e1tico en Achocalla\",\"datePublished\":\"2024-05-07T10:58:33+00:00\",\"mainEntityOfPage\":{\"@id\":\"https:\\\/\\\/www.eldiario.net\\\/portal\\\/2024\\\/05\\\/07\\\/ejecutan-proyecto-de-adaptacion-al-cambio-climatico-en-achocalla\\\/\"},\"wordCount\":387,\"commentCount\":0,\"publisher\":{\"@id\":\"https:\\\/\\\/www.eldiario.net\\\/portal\\\/#organization\"},\"image\":{\"@id\":\"https:\\\/\\\/www.eldiario.net\\\/portal\\\/2024\\\/05\\\/07\\\/ejecutan-proyecto-de-adaptacion-al-cambio-climatico-en-achocalla\\\/#primaryimage\"},\"thumbnailUrl\":\"https:\\\/\\\/www.eldiario.net\\\/portal\\\/wp-content\\\/uploads\\\/2024\\\/05\\\/AGRO-FOTO.jpg\",\"articleSection\":[\"Econom\u00eda\"],\"inLanguage\":\"es\",\"potentialAction\":[{\"@type\":\"CommentAction\",\"name\":\"Comment\",\"target\":[\"https:\\\/\\\/www.eldiario.net\\\/portal\\\/2024\\\/05\\\/07\\\/ejecutan-proyecto-de-adaptacion-al-cambio-climatico-en-achocalla\\\/#respond\"]}]},{\"@type\":\"WebPage\",\"@id\":\"https:\\\/\\\/www.eldiario.net\\\/portal\\\/2024\\\/05\\\/07\\\/ejecutan-proyecto-de-adaptacion-al-cambio-climatico-en-achocalla\\\/\",\"url\":\"https:\\\/\\\/www.eldiario.net\\\/portal\\\/2024\\\/05\\\/07\\\/ejecutan-proyecto-de-adaptacion-al-cambio-climatico-en-achocalla\\\/\",\"name\":\"Ejecutan proyecto de adaptaci\u00f3n al cambio clim\u00e1tico en Achocalla - El Diario - Bolivia\",\"isPartOf\":{\"@id\":\"https:\\\/\\\/www.eldiario.net\\\/portal\\\/#website\"},\"primaryImageOfPage\":{\"@id\":\"https:\\\/\\\/www.eldiario.net\\\/portal\\\/2024\\\/05\\\/07\\\/ejecutan-proyecto-de-adaptacion-al-cambio-climatico-en-achocalla\\\/#primaryimage\"},\"image\":{\"@id\":\"https:\\\/\\\/www.eldiario.net\\\/portal\\\/2024\\\/05\\\/07\\\/ejecutan-proyecto-de-adaptacion-al-cambio-climatico-en-achocalla\\\/#primaryimage\"},\"thumbnailUrl\":\"https:\\\/\\\/www.eldiario.net\\\/portal\\\/wp-content\\\/uploads\\\/2024\\\/05\\\/AGRO-FOTO.jpg\",\"datePublished\":\"2024-05-07T10:58:33+00:00\",\"breadcrumb\":{\"@id\":\"https:\\\/\\\/www.eldiario.net\\\/portal\\\/2024\\\/05\\\/07\\\/ejecutan-proyecto-de-adaptacion-al-cambio-climatico-en-achocalla\\\/#breadcrumb\"},\"inLanguage\":\"es\",\"potentialAction\":[{\"@type\":\"ReadAction\",\"target\":[\"https:\\\/\\\/www.eldiario.net\\\/portal\\\/2024\\\/05\\\/07\\\/ejecutan-proyecto-de-adaptacion-al-cambio-climatico-en-achocalla\\\/\"]}]},{\"@type\":\"ImageObject\",\"inLanguage\":\"es\",\"@id\":\"https:\\\/\\\/www.eldiario.net\\\/portal\\\/2024\\\/05\\\/07\\\/ejecutan-proyecto-de-adaptacion-al-cambio-climatico-en-achocalla\\\/#primaryimage\",\"url\":\"https:\\\/\\\/www.eldiario.net\\\/portal\\\/wp-content\\\/uploads\\\/2024\\\/05\\\/AGRO-FOTO.jpg\",\"contentUrl\":\"https:\\\/\\\/www.eldiario.net\\\/portal\\\/wp-content\\\/uploads\\\/2024\\\/05\\\/AGRO-FOTO.jpg\",\"width\":1040,\"height\":780,\"caption\":\"La aplicaci\u00f3n de riego favorece la producci\u00f3n. Foto MDRyT\"},{\"@type\":\"BreadcrumbList\",\"@id\":\"https:\\\/\\\/www.eldiario.net\\\/portal\\\/2024\\\/05\\\/07\\\/ejecutan-proyecto-de-adaptacion-al-cambio-climatico-en-achocalla\\\/#breadcrumb\",\"itemListElement\":[{\"@type\":\"ListItem\",\"position\":1,\"name\":\"Portada\",\"item\":\"https:\\\/\\\/www.eldiario.net\\\/portal\\\/\"},{\"@type\":\"ListItem\",\"position\":2,\"name\":\"Ejecutan proyecto de adaptaci\u00f3n al cambio clim\u00e1tico en Achocalla\"}]},{\"@type\":\"WebSite\",\"@id\":\"https:\\\/\\\/www.eldiario.net\\\/portal\\\/#website\",\"url\":\"https:\\\/\\\/www.eldiario.net\\\/portal\\\/\",\"name\":\"El Diario - Decano de la prensa nacional\",\"description\":\"El Diario - Decano de la prensa nacional\",\"publisher\":{\"@id\":\"https:\\\/\\\/www.eldiario.net\\\/portal\\\/#organization\"},\"potentialAction\":[{\"@type\":\"SearchAction\",\"target\":{\"@type\":\"EntryPoint\",\"urlTemplate\":\"https:\\\/\\\/www.eldiario.net\\\/portal\\\/?s={search_term_string}\"},\"query-input\":{\"@type\":\"PropertyValueSpecification\",\"valueRequired\":true,\"valueName\":\"search_term_string\"}}],\"inLanguage\":\"es\"},{\"@type\":\"Organization\",\"@id\":\"https:\\\/\\\/www.eldiario.net\\\/portal\\\/#organization\",\"name\":\"El Diario - Decano de la prensa nacional\",\"url\":\"https:\\\/\\\/www.eldiario.net\\\/portal\\\/\",\"logo\":{\"@type\":\"ImageObject\",\"inLanguage\":\"es\",\"@id\":\"https:\\\/\\\/www.eldiario.net\\\/portal\\\/#\\\/schema\\\/logo\\\/image\\\/\",\"url\":\"https:\\\/\\\/www.eldiario.net\\\/portal\\\/wp-content\\\/uploads\\\/2023\\\/07\\\/logo_ED.jpg\",\"contentUrl\":\"https:\\\/\\\/www.eldiario.net\\\/portal\\\/wp-content\\\/uploads\\\/2023\\\/07\\\/logo_ED.jpg\",\"width\":272,\"height\":52,\"caption\":\"El Diario - Decano de la prensa nacional\"},\"image\":{\"@id\":\"https:\\\/\\\/www.eldiario.net\\\/portal\\\/#\\\/schema\\\/logo\\\/image\\\/\"},\"sameAs\":[\"https:\\\/\\\/www.facebook.com\\\/eldiario.bolivia\\\/\",\"https:\\\/\\\/x.com\\\/eldiario_net\"]},{\"@type\":\"Person\",\"@id\":\"https:\\\/\\\/www.eldiario.net\\\/portal\\\/#\\\/schema\\\/person\\\/f46445640444750d7d753ccd04ae01b7\",\"name\":\"Jeanette\",\"image\":{\"@type\":\"ImageObject\",\"inLanguage\":\"es\",\"@id\":\"https:\\\/\\\/secure.gravatar.com\\\/avatar\\\/3ea2118a5f7dad2b7138b1187a6b7ee55f160b9968b66013c3a3ef39dd7e5798?s=96&d=mm&r=g\",\"url\":\"https:\\\/\\\/secure.gravatar.com\\\/avatar\\\/3ea2118a5f7dad2b7138b1187a6b7ee55f160b9968b66013c3a3ef39dd7e5798?s=96&d=mm&r=g\",\"contentUrl\":\"https:\\\/\\\/secure.gravatar.com\\\/avatar\\\/3ea2118a5f7dad2b7138b1187a6b7ee55f160b9968b66013c3a3ef39dd7e5798?s=96&d=mm&r=g\",\"caption\":\"Jeanette\"},\"sameAs\":[\"https:\\\/\\\/www.eldiario.net\\\/portal\"],\"url\":\"https:\\\/\\\/www.eldiario.net\\\/portal\\\/author\\\/jeanette\\\/\"}]}<\/script>\n<!-- \/ Yoast SEO plugin. -->","yoast_head_json":{"title":"Ejecutan proyecto de adaptaci\u00f3n al cambio clim\u00e1tico en Achocalla - El Diario - Bolivia","robots":{"index":"index","follow":"follow","max-snippet":"max-snippet:-1","max-image-preview":"max-image-preview:large","max-video-preview":"max-video-preview:-1"},"canonical":"https:\/\/www.eldiario.net\/portal\/2024\/05\/07\/ejecutan-proyecto-de-adaptacion-al-cambio-climatico-en-achocalla\/","og_locale":"es_ES","og_type":"article","og_title":"Ejecutan proyecto de adaptaci\u00f3n al cambio clim\u00e1tico en Achocalla - El Diario - Bolivia","og_description":"El Ministerio de Desarrollo Rural y Tierras ejecuta ocho proyectos productivos enfocados en la adaptaci\u00f3n al cambio clim\u00e1tico, con una inversi\u00f3n de m\u00e1s de 1,5 millones de bolivianos, en el municipio de Achocalla, del departamento de La Paz. El domingo, una delegaci\u00f3n de autoridades verific\u00f3 la ejecuci\u00f3n de los proyectos, entre ellos el funcionamiento del [&hellip;]","og_url":"https:\/\/www.eldiario.net\/portal\/2024\/05\/07\/ejecutan-proyecto-de-adaptacion-al-cambio-climatico-en-achocalla\/","og_site_name":"El Diario - Bolivia","article_publisher":"https:\/\/www.facebook.com\/eldiario.bolivia\/","article_published_time":"2024-05-07T10:58:33+00:00","og_image":[{"width":1040,"height":780,"url":"https:\/\/www.eldiario.net\/portal\/wp-content\/uploads\/2024\/05\/AGRO-FOTO.jpg","type":"image\/jpeg"}],"author":"Jeanette","twitter_card":"summary_large_image","twitter_creator":"@eldiario_net","twitter_site":"@eldiario_net","twitter_misc":{"Escrito por":"Jeanette","Tiempo de lectura":"2 minutos"},"schema":{"@context":"https:\/\/schema.org","@graph":[{"@type":"Article","@id":"https:\/\/www.eldiario.net\/portal\/2024\/05\/07\/ejecutan-proyecto-de-adaptacion-al-cambio-climatico-en-achocalla\/#article","isPartOf":{"@id":"https:\/\/www.eldiario.net\/portal\/2024\/05\/07\/ejecutan-proyecto-de-adaptacion-al-cambio-climatico-en-achocalla\/"},"author":{"name":"Jeanette","@id":"https:\/\/www.eldiario.net\/portal\/#\/schema\/person\/f46445640444750d7d753ccd04ae01b7"},"headline":"Ejecutan proyecto de adaptaci\u00f3n al cambio clim\u00e1tico en Achocalla","datePublished":"2024-05-07T10:58:33+00:00","mainEntityOfPage":{"@id":"https:\/\/www.eldiario.net\/portal\/2024\/05\/07\/ejecutan-proyecto-de-adaptacion-al-cambio-climatico-en-achocalla\/"},"wordCount":387,"commentCount":0,"publisher":{"@id":"https:\/\/www.eldiario.net\/portal\/#organization"},"image":{"@id":"https:\/\/www.eldiario.net\/portal\/2024\/05\/07\/ejecutan-proyecto-de-adaptacion-al-cambio-climatico-en-achocalla\/#primaryimage"},"thumbnailUrl":"https:\/\/www.eldiario.net\/portal\/wp-content\/uploads\/2024\/05\/AGRO-FOTO.jpg","articleSection":["Econom\u00eda"],"inLanguage":"es","potentialAction":[{"@type":"CommentAction","name":"Comment","target":["https:\/\/www.eldiario.net\/portal\/2024\/05\/07\/ejecutan-proyecto-de-adaptacion-al-cambio-climatico-en-achocalla\/#respond"]}]},{"@type":"WebPage","@id":"https:\/\/www.eldiario.net\/portal\/2024\/05\/07\/ejecutan-proyecto-de-adaptacion-al-cambio-climatico-en-achocalla\/","url":"https:\/\/www.eldiario.net\/portal\/2024\/05\/07\/ejecutan-proyecto-de-adaptacion-al-cambio-climatico-en-achocalla\/","name":"Ejecutan proyecto de adaptaci\u00f3n al cambio clim\u00e1tico en Achocalla - El Diario - Bolivia","isPartOf":{"@id":"https:\/\/www.eldiario.net\/portal\/#website"},"primaryImageOfPage":{"@id":"https:\/\/www.eldiario.net\/portal\/2024\/05\/07\/ejecutan-proyecto-de-adaptacion-al-cambio-climatico-en-achocalla\/#primaryimage"},"image":{"@id":"https:\/\/www.eldiario.net\/portal\/2024\/05\/07\/ejecutan-proyecto-de-adaptacion-al-cambio-climatico-en-achocalla\/#primaryimage"},"thumbnailUrl":"https:\/\/www.eldiario.net\/portal\/wp-content\/uploads\/2024\/05\/AGRO-FOTO.jpg","datePublished":"2024-05-07T10:58:33+00:00","breadcrumb":{"@id":"https:\/\/www.eldiario.net\/portal\/2024\/05\/07\/ejecutan-proyecto-de-adaptacion-al-cambio-climatico-en-achocalla\/#breadcrumb"},"inLanguage":"es","potentialAction":[{"@type":"ReadAction","target":["https:\/\/www.eldiario.net\/portal\/2024\/05\/07\/ejecutan-proyecto-de-adaptacion-al-cambio-climatico-en-achocalla\/"]}]},{"@type":"ImageObject","inLanguage":"es","@id":"https:\/\/www.eldiario.net\/portal\/2024\/05\/07\/ejecutan-proyecto-de-adaptacion-al-cambio-climatico-en-achocalla\/#primaryimage","url":"https:\/\/www.eldiario.net\/portal\/wp-content\/uploads\/2024\/05\/AGRO-FOTO.jpg","contentUrl":"https:\/\/www.eldiario.net\/portal\/wp-content\/uploads\/2024\/05\/AGRO-FOTO.jpg","width":1040,"height":780,"caption":"La aplicaci\u00f3n de riego favorece la producci\u00f3n. Foto MDRyT"},{"@type":"BreadcrumbList","@id":"https:\/\/www.eldiario.net\/portal\/2024\/05\/07\/ejecutan-proyecto-de-adaptacion-al-cambio-climatico-en-achocalla\/#breadcrumb","itemListElement":[{"@type":"ListItem","position":1,"name":"Portada","item":"https:\/\/www.eldiario.net\/portal\/"},{"@type":"ListItem","position":2,"name":"Ejecutan proyecto de adaptaci\u00f3n al cambio clim\u00e1tico en Achocalla"}]},{"@type":"WebSite","@id":"https:\/\/www.eldiario.net\/portal\/#website","url":"https:\/\/www.eldiario.net\/portal\/","name":"El Diario - Decano de la prensa nacional","description":"El Diario - Decano de la prensa nacional","publisher":{"@id":"https:\/\/www.eldiario.net\/portal\/#organization"},"potentialAction":[{"@type":"SearchAction","target":{"@type":"EntryPoint","urlTemplate":"https:\/\/www.eldiario.net\/portal\/?s={search_term_string}"},"query-input":{"@type":"PropertyValueSpecification","valueRequired":true,"valueName":"search_term_string"}}],"inLanguage":"es"},{"@type":"Organization","@id":"https:\/\/www.eldiario.net\/portal\/#organization","name":"El Diario - Decano de la prensa nacional","url":"https:\/\/www.eldiario.net\/portal\/","logo":{"@type":"ImageObject","inLanguage":"es","@id":"https:\/\/www.eldiario.net\/portal\/#\/schema\/logo\/image\/","url":"https:\/\/www.eldiario.net\/portal\/wp-content\/uploads\/2023\/07\/logo_ED.jpg","contentUrl":"https:\/\/www.eldiario.net\/portal\/wp-content\/uploads\/2023\/07\/logo_ED.jpg","width":272,"height":52,"caption":"El Diario - Decano de la prensa nacional"},"image":{"@id":"https:\/\/www.eldiario.net\/portal\/#\/schema\/logo\/image\/"},"sameAs":["https:\/\/www.facebook.com\/eldiario.bolivia\/","https:\/\/x.com\/eldiario_net"]},{"@type":"Person","@id":"https:\/\/www.eldiario.net\/portal\/#\/schema\/person\/f46445640444750d7d753ccd04ae01b7","name":"Jeanette","image":{"@type":"ImageObject","inLanguage":"es","@id":"https:\/\/secure.gravatar.com\/avatar\/3ea2118a5f7dad2b7138b1187a6b7ee55f160b9968b66013c3a3ef39dd7e5798?s=96&d=mm&r=g","url":"https:\/\/secure.gravatar.com\/avatar\/3ea2118a5f7dad2b7138b1187a6b7ee55f160b9968b66013c3a3ef39dd7e5798?s=96&d=mm&r=g","contentUrl":"https:\/\/secure.gravatar.com\/avatar\/3ea2118a5f7dad2b7138b1187a6b7ee55f160b9968b66013c3a3ef39dd7e5798?s=96&d=mm&r=g","caption":"Jeanette"},"sameAs":["https:\/\/www.eldiario.net\/portal"],"url":"https:\/\/www.eldiario.net\/portal\/author\/jeanette\/"}]}},"_links":{"self":[{"href":"https:\/\/www.eldiario.net\/portal\/wp-json\/wp\/v2\/posts\/219069","targetHints":{"allow":["GET"]}}],"collection":[{"href":"https:\/\/www.eldiario.net\/portal\/wp-json\/wp\/v2\/posts"}],"about":[{"href":"https:\/\/www.eldiario.net\/portal\/wp-json\/wp\/v2\/types\/post"}],"author":[{"embeddable":true,"href":"https:\/\/www.eldiario.net\/portal\/wp-json\/wp\/v2\/users\/1"}],"replies":[{"embeddable":true,"href":"https:\/\/www.eldiario.net\/portal\/wp-json\/wp\/v2\/comments?post=219069"}],"version-history":[{"count":1,"href":"https:\/\/www.eldiario.net\/portal\/wp-json\/wp\/v2\/posts\/219069\/revisions"}],"predecessor-version":[{"id":219071,"href":"https:\/\/www.eldiario.net\/portal\/wp-json\/wp\/v2\/posts\/219069\/revisions\/219071"}],"wp:featuredmedia":[{"embeddable":true,"href":"https:\/\/www.eldiario.net\/portal\/wp-json\/wp\/v2\/media\/219070"}],"wp:attachment":[{"href":"https:\/\/www.eldiario.net\/portal\/wp-json\/wp\/v2\/media?parent=219069"}],"wp:term":[{"taxonomy":"category","embeddable":true,"href":"https:\/\/www.eldiario.net\/portal\/wp-json\/wp\/v2\/categories?post=219069"},{"taxonomy":"post_tag","embeddable":true,"href":"https:\/\/www.eldiario.net\/portal\/wp-json\/wp\/v2\/tags?post=219069"}],"curies":[{"name":"wp","href":"https:\/\/api.w.org\/{rel}","templated":true}]}}