{"id":219065,"date":"2024-05-07T06:55:58","date_gmt":"2024-05-07T10:55:58","guid":{"rendered":"https:\/\/www.eldiario.net\/portal\/?p=219065"},"modified":"2024-05-07T06:55:58","modified_gmt":"2024-05-07T10:55:58","slug":"hdp-o-la-industria-del-miedo","status":"publish","type":"post","link":"https:\/\/www.eldiario.net\/portal\/2024\/05\/07\/hdp-o-la-industria-del-miedo\/","title":{"rendered":"HDP o la industria del miedo"},"content":{"rendered":"<p>En noviembre de 2023, tuve la oportunidad de conocer un lugar llamado <em>La Ratonera<\/em>, en Santa Cruz, donde pude apreciar una obra teatral llamada: \u201cLa tragedia de Clitemnestra\u201d, basada en la venganza de un hijo que asesina a su madre, quien mat\u00f3 a su padre Agamen\u00f3n. La puesta en escena divertida nos llev\u00f3, entre tamborita y m\u00fasica electr\u00f3nica, entre carnaval y duelo, al cl\u00edmax de la muerte y sangre.<\/p>\n<p>Buena presentaci\u00f3n, nos fuimos a nuestras casas a descansar lo que queda del domingo, luego, hace semanas, nos enteramos que la tragedia no hab\u00eda terminado. En efecto, <em>Voyeur Teatro <\/em>anunciaba su nueva obra, un experimento documental llamado: <em>HDP<\/em>, no es necesario describir qu\u00e9 significan esas letras, pero, por si acaso, tiene que ver con el insulto m\u00e1s insoportable que puede existir para una persona que aprecia su dignidad, creo yo.<\/p>\n<p>El afiche de la publicaci\u00f3n muestra una foto del Centro de Rehabilitaci\u00f3n Santa Cruz \u201cPalmasola\u201d y menciona que fue ganadora del Premio Nacional Adolfo Costa du Rels \u2013 2023. Entonces, nos dirigimos nuevamente a La Ratonera para apreciar el espect\u00e1culo y nos encontramos con una cr\u00edtica valiente del problema, que llamar\u00e9: <em>la industria del miedo<\/em>. Resulta que en escena vemos la dramatizaci\u00f3n de un hecho real, a saber: despu\u00e9s de la funci\u00f3n de \u201cLa Tragedia de Clitemnestra\u201d, dos actores fueron interceptados por patrulleros, quienes haciendo uso de su capital m\u00e1s preciado: su uniforme, requisaron el veh\u00edculo, encontrando un arma, que era parte de los elementos de utiler\u00eda de la actuaci\u00f3n teatral, que sirvi\u00f3 de instrumento para infundir p\u00e1nico y temor, amenazas y extorsiones con base en la posibilidad de ser procesados penalmente y llevados a la c\u00e1rcel, bajo el paraguas de un pseudo delito: tenencia y portaci\u00f3n de arma sin permiso burocr\u00e1tico.<\/p>\n<p>Los metieron presos y les pidieron dinero para \u201csolucionar\u201d su situaci\u00f3n, de nada valieron las explicaciones, sobre que se trataba de un elemento sin balas, para uso escenogr\u00e1fico. Pero una carceleta con un vaho a orines y el pasar de las horas encerrados con otros sujetos, son una presi\u00f3n psicol\u00f3gica suficiente para que se busque dinero para entregarlo a los jueces del momento. Carceleros, peque\u00f1os d\u00e9spotas de bolsillo.<\/p>\n<p>La realidad tiene que ser escenificada para que tomemos conciencia de lo que sucede todas las noches en las covachas policiales de todo el pa\u00eds, a vista y venia de las autoridades, polic\u00edas, fiscales, jueces y abogados. Mueven la maquinaria de la amenaza y extorsi\u00f3n a los parroquianos en las sombras de la noche, buscando la manera m\u00e1s f\u00e1cil de actuar, empeorando la situaci\u00f3n para que parezca grave, con actuaciones dignas de premio, para que se sienta el temor y la posibilidad de perder tiempo y dinero en la liberaci\u00f3n. El principio de presunci\u00f3n de inocencia desaparece en los \u201cDPs\u201d, hay abuso y brutalidad en los m\u00f3dulos policiales, hasta corrupci\u00f3n, prevaricato y consorcio de jueces y abogados en los palacios de injusticia, cuya fachada deber\u00eda decir, en honor a la verdad: \u201c\u00a1Oh vosotros los que entr\u00e1is, abandonad toda esperanza!\u201d, como en la puerta del infierno de Dante.<\/p>\n<p>Seguridad, paz y justicia fueron cambiados por pesos bolivianos y d\u00f3lares, bolivianos en caso de polic\u00edas, d\u00f3lares en caso de fiscales; cada efectivo es un recaudador del comandante o del representante del MP. Verdad de Perogrullo, secreto a voces es que cada oficina es una agencia de recaudaci\u00f3n, mientras m\u00e1s se recauda, mejor elemento del sistema se es, y como no se emite recibo, factura o dep\u00f3sito a cuenta, es la palabra de uno contra la autoridad. \u00bfC\u00f3mo iniciar una denuncia si los buenos elementos son al mismo tiempo los encargados de las investigaciones? Bolivia, como dueles, con raz\u00f3n los turistas no quieren volver.<\/p>\n<p>\u00bfEsta insoportable situaci\u00f3n podr\u00e1 cambiar?, somos esc\u00e9pticos y pesimistas, desde el primer a\u00f1o en las aulas y facultades se ense\u00f1a a cadetes y estudiantes de derecho la posibilidad de aprobar mediante medios nada acad\u00e9micos, luego entienden que triunfan los conocen al fiscal y juez, que el polic\u00eda necesita para la \u201cgasolina\u201d para investigar y \u201cmoverse\u201d. Dadas as\u00ed las circunstancias, tendremos m\u00e1s historias para reproducirlas en las tablas del drama y la tragedia boliviana, que siempre afectar\u00e1 a los m\u00e1s pobres.<\/p>\n","protected":false},"excerpt":{"rendered":"<p>En noviembre de 2023, tuve la oportunidad de conocer un lugar llamado La Ratonera, en Santa Cruz, donde pude apreciar una obra teatral llamada: \u201cLa tragedia de Clitemnestra\u201d, basada en la venganza de un hijo que asesina a su madre, quien mat\u00f3 a su padre Agamen\u00f3n. La puesta en escena divertida nos llev\u00f3, entre tamborita [&hellip;]<\/p>\n","protected":false},"author":1,"featured_media":194790,"comment_status":"open","ping_status":"open","sticky":false,"template":"","format":"standard","meta":{"_acf_changed":false,"footnotes":""},"categories":[9],"tags":[],"class_list":["post-219065","post","type-post","status-publish","format-standard","has-post-thumbnail","category-opinion"],"acf":{"antetitulo":""},"yoast_head":"<!-- This site is optimized with the Yoast SEO plugin v28.4 - https:\/\/yoast.com\/product\/yoast-seo-wordpress\/ -->\n<title>HDP o la industria del miedo - El Diario - Bolivia<\/title>\n<meta name=\"robots\" content=\"index, follow, max-snippet:-1, max-image-preview:large, max-video-preview:-1\" \/>\n<link rel=\"canonical\" href=\"https:\/\/www.eldiario.net\/portal\/2024\/05\/07\/hdp-o-la-industria-del-miedo\/\" \/>\n<meta property=\"og:locale\" content=\"es_ES\" \/>\n<meta property=\"og:type\" content=\"article\" \/>\n<meta property=\"og:title\" content=\"HDP o la industria del miedo - El Diario - Bolivia\" \/>\n<meta property=\"og:description\" content=\"En noviembre de 2023, tuve la oportunidad de conocer un lugar llamado La Ratonera, en Santa Cruz, donde pude apreciar una obra teatral llamada: \u201cLa tragedia de Clitemnestra\u201d, basada en la venganza de un hijo que asesina a su madre, quien mat\u00f3 a su padre Agamen\u00f3n. La puesta en escena divertida nos llev\u00f3, entre tamborita [&hellip;]\" \/>\n<meta property=\"og:url\" content=\"https:\/\/www.eldiario.net\/portal\/2024\/05\/07\/hdp-o-la-industria-del-miedo\/\" \/>\n<meta property=\"og:site_name\" content=\"El Diario - Bolivia\" \/>\n<meta property=\"article:publisher\" content=\"https:\/\/www.facebook.com\/eldiario.bolivia\/\" \/>\n<meta property=\"article:published_time\" content=\"2024-05-07T10:55:58+00:00\" \/>\n<meta property=\"og:image\" content=\"https:\/\/www.eldiario.net\/portal\/wp-content\/uploads\/2023\/12\/Opinion.jpg\" \/>\n\t<meta property=\"og:image:width\" content=\"800\" \/>\n\t<meta property=\"og:image:height\" content=\"500\" \/>\n\t<meta property=\"og:image:type\" content=\"image\/jpeg\" \/>\n<meta name=\"author\" content=\"Jeanette\" \/>\n<meta name=\"twitter:card\" content=\"summary_large_image\" \/>\n<meta name=\"twitter:creator\" content=\"@eldiario_net\" \/>\n<meta name=\"twitter:site\" content=\"@eldiario_net\" \/>\n<meta name=\"twitter:label1\" content=\"Escrito por\" \/>\n\t<meta name=\"twitter:data1\" content=\"Jeanette\" \/>\n\t<meta name=\"twitter:label2\" content=\"Tiempo de lectura\" \/>\n\t<meta name=\"twitter:data2\" content=\"4 minutos\" \/>\n<script type=\"application\/ld+json\" class=\"yoast-schema-graph\">{\"@context\":\"https:\\\/\\\/schema.org\",\"@graph\":[{\"@type\":\"Article\",\"@id\":\"https:\\\/\\\/www.eldiario.net\\\/portal\\\/2024\\\/05\\\/07\\\/hdp-o-la-industria-del-miedo\\\/#article\",\"isPartOf\":{\"@id\":\"https:\\\/\\\/www.eldiario.net\\\/portal\\\/2024\\\/05\\\/07\\\/hdp-o-la-industria-del-miedo\\\/\"},\"author\":{\"name\":\"Jeanette\",\"@id\":\"https:\\\/\\\/www.eldiario.net\\\/portal\\\/#\\\/schema\\\/person\\\/f46445640444750d7d753ccd04ae01b7\"},\"headline\":\"HDP o la industria del miedo\",\"datePublished\":\"2024-05-07T10:55:58+00:00\",\"mainEntityOfPage\":{\"@id\":\"https:\\\/\\\/www.eldiario.net\\\/portal\\\/2024\\\/05\\\/07\\\/hdp-o-la-industria-del-miedo\\\/\"},\"wordCount\":749,\"commentCount\":0,\"publisher\":{\"@id\":\"https:\\\/\\\/www.eldiario.net\\\/portal\\\/#organization\"},\"image\":{\"@id\":\"https:\\\/\\\/www.eldiario.net\\\/portal\\\/2024\\\/05\\\/07\\\/hdp-o-la-industria-del-miedo\\\/#primaryimage\"},\"thumbnailUrl\":\"https:\\\/\\\/www.eldiario.net\\\/portal\\\/wp-content\\\/uploads\\\/2023\\\/12\\\/Opinion.jpg\",\"articleSection\":[\"Opini\u00f3n\"],\"inLanguage\":\"es\",\"potentialAction\":[{\"@type\":\"CommentAction\",\"name\":\"Comment\",\"target\":[\"https:\\\/\\\/www.eldiario.net\\\/portal\\\/2024\\\/05\\\/07\\\/hdp-o-la-industria-del-miedo\\\/#respond\"]}]},{\"@type\":\"WebPage\",\"@id\":\"https:\\\/\\\/www.eldiario.net\\\/portal\\\/2024\\\/05\\\/07\\\/hdp-o-la-industria-del-miedo\\\/\",\"url\":\"https:\\\/\\\/www.eldiario.net\\\/portal\\\/2024\\\/05\\\/07\\\/hdp-o-la-industria-del-miedo\\\/\",\"name\":\"HDP o la industria del miedo - El Diario - Bolivia\",\"isPartOf\":{\"@id\":\"https:\\\/\\\/www.eldiario.net\\\/portal\\\/#website\"},\"primaryImageOfPage\":{\"@id\":\"https:\\\/\\\/www.eldiario.net\\\/portal\\\/2024\\\/05\\\/07\\\/hdp-o-la-industria-del-miedo\\\/#primaryimage\"},\"image\":{\"@id\":\"https:\\\/\\\/www.eldiario.net\\\/portal\\\/2024\\\/05\\\/07\\\/hdp-o-la-industria-del-miedo\\\/#primaryimage\"},\"thumbnailUrl\":\"https:\\\/\\\/www.eldiario.net\\\/portal\\\/wp-content\\\/uploads\\\/2023\\\/12\\\/Opinion.jpg\",\"datePublished\":\"2024-05-07T10:55:58+00:00\",\"breadcrumb\":{\"@id\":\"https:\\\/\\\/www.eldiario.net\\\/portal\\\/2024\\\/05\\\/07\\\/hdp-o-la-industria-del-miedo\\\/#breadcrumb\"},\"inLanguage\":\"es\",\"potentialAction\":[{\"@type\":\"ReadAction\",\"target\":[\"https:\\\/\\\/www.eldiario.net\\\/portal\\\/2024\\\/05\\\/07\\\/hdp-o-la-industria-del-miedo\\\/\"]}]},{\"@type\":\"ImageObject\",\"inLanguage\":\"es\",\"@id\":\"https:\\\/\\\/www.eldiario.net\\\/portal\\\/2024\\\/05\\\/07\\\/hdp-o-la-industria-del-miedo\\\/#primaryimage\",\"url\":\"https:\\\/\\\/www.eldiario.net\\\/portal\\\/wp-content\\\/uploads\\\/2023\\\/12\\\/Opinion.jpg\",\"contentUrl\":\"https:\\\/\\\/www.eldiario.net\\\/portal\\\/wp-content\\\/uploads\\\/2023\\\/12\\\/Opinion.jpg\",\"width\":800,\"height\":500},{\"@type\":\"BreadcrumbList\",\"@id\":\"https:\\\/\\\/www.eldiario.net\\\/portal\\\/2024\\\/05\\\/07\\\/hdp-o-la-industria-del-miedo\\\/#breadcrumb\",\"itemListElement\":[{\"@type\":\"ListItem\",\"position\":1,\"name\":\"Portada\",\"item\":\"https:\\\/\\\/www.eldiario.net\\\/portal\\\/\"},{\"@type\":\"ListItem\",\"position\":2,\"name\":\"HDP o la industria del miedo\"}]},{\"@type\":\"WebSite\",\"@id\":\"https:\\\/\\\/www.eldiario.net\\\/portal\\\/#website\",\"url\":\"https:\\\/\\\/www.eldiario.net\\\/portal\\\/\",\"name\":\"El Diario - Decano de la prensa nacional\",\"description\":\"El Diario - Decano de la prensa nacional\",\"publisher\":{\"@id\":\"https:\\\/\\\/www.eldiario.net\\\/portal\\\/#organization\"},\"potentialAction\":[{\"@type\":\"SearchAction\",\"target\":{\"@type\":\"EntryPoint\",\"urlTemplate\":\"https:\\\/\\\/www.eldiario.net\\\/portal\\\/?s={search_term_string}\"},\"query-input\":{\"@type\":\"PropertyValueSpecification\",\"valueRequired\":true,\"valueName\":\"search_term_string\"}}],\"inLanguage\":\"es\"},{\"@type\":\"Organization\",\"@id\":\"https:\\\/\\\/www.eldiario.net\\\/portal\\\/#organization\",\"name\":\"El Diario - Decano de la prensa nacional\",\"url\":\"https:\\\/\\\/www.eldiario.net\\\/portal\\\/\",\"logo\":{\"@type\":\"ImageObject\",\"inLanguage\":\"es\",\"@id\":\"https:\\\/\\\/www.eldiario.net\\\/portal\\\/#\\\/schema\\\/logo\\\/image\\\/\",\"url\":\"https:\\\/\\\/www.eldiario.net\\\/portal\\\/wp-content\\\/uploads\\\/2023\\\/07\\\/logo_ED.jpg\",\"contentUrl\":\"https:\\\/\\\/www.eldiario.net\\\/portal\\\/wp-content\\\/uploads\\\/2023\\\/07\\\/logo_ED.jpg\",\"width\":272,\"height\":52,\"caption\":\"El Diario - Decano de la prensa nacional\"},\"image\":{\"@id\":\"https:\\\/\\\/www.eldiario.net\\\/portal\\\/#\\\/schema\\\/logo\\\/image\\\/\"},\"sameAs\":[\"https:\\\/\\\/www.facebook.com\\\/eldiario.bolivia\\\/\",\"https:\\\/\\\/x.com\\\/eldiario_net\"]},{\"@type\":\"Person\",\"@id\":\"https:\\\/\\\/www.eldiario.net\\\/portal\\\/#\\\/schema\\\/person\\\/f46445640444750d7d753ccd04ae01b7\",\"name\":\"Jeanette\",\"image\":{\"@type\":\"ImageObject\",\"inLanguage\":\"es\",\"@id\":\"https:\\\/\\\/secure.gravatar.com\\\/avatar\\\/3ea2118a5f7dad2b7138b1187a6b7ee55f160b9968b66013c3a3ef39dd7e5798?s=96&d=mm&r=g\",\"url\":\"https:\\\/\\\/secure.gravatar.com\\\/avatar\\\/3ea2118a5f7dad2b7138b1187a6b7ee55f160b9968b66013c3a3ef39dd7e5798?s=96&d=mm&r=g\",\"contentUrl\":\"https:\\\/\\\/secure.gravatar.com\\\/avatar\\\/3ea2118a5f7dad2b7138b1187a6b7ee55f160b9968b66013c3a3ef39dd7e5798?s=96&d=mm&r=g\",\"caption\":\"Jeanette\"},\"sameAs\":[\"https:\\\/\\\/www.eldiario.net\\\/portal\"],\"url\":\"https:\\\/\\\/www.eldiario.net\\\/portal\\\/author\\\/jeanette\\\/\"}]}<\/script>\n<!-- \/ Yoast SEO plugin. -->","yoast_head_json":{"title":"HDP o la industria del miedo - El Diario - Bolivia","robots":{"index":"index","follow":"follow","max-snippet":"max-snippet:-1","max-image-preview":"max-image-preview:large","max-video-preview":"max-video-preview:-1"},"canonical":"https:\/\/www.eldiario.net\/portal\/2024\/05\/07\/hdp-o-la-industria-del-miedo\/","og_locale":"es_ES","og_type":"article","og_title":"HDP o la industria del miedo - El Diario - Bolivia","og_description":"En noviembre de 2023, tuve la oportunidad de conocer un lugar llamado La Ratonera, en Santa Cruz, donde pude apreciar una obra teatral llamada: \u201cLa tragedia de Clitemnestra\u201d, basada en la venganza de un hijo que asesina a su madre, quien mat\u00f3 a su padre Agamen\u00f3n. La puesta en escena divertida nos llev\u00f3, entre tamborita [&hellip;]","og_url":"https:\/\/www.eldiario.net\/portal\/2024\/05\/07\/hdp-o-la-industria-del-miedo\/","og_site_name":"El Diario - Bolivia","article_publisher":"https:\/\/www.facebook.com\/eldiario.bolivia\/","article_published_time":"2024-05-07T10:55:58+00:00","og_image":[{"width":800,"height":500,"url":"https:\/\/www.eldiario.net\/portal\/wp-content\/uploads\/2023\/12\/Opinion.jpg","type":"image\/jpeg"}],"author":"Jeanette","twitter_card":"summary_large_image","twitter_creator":"@eldiario_net","twitter_site":"@eldiario_net","twitter_misc":{"Escrito por":"Jeanette","Tiempo de lectura":"4 minutos"},"schema":{"@context":"https:\/\/schema.org","@graph":[{"@type":"Article","@id":"https:\/\/www.eldiario.net\/portal\/2024\/05\/07\/hdp-o-la-industria-del-miedo\/#article","isPartOf":{"@id":"https:\/\/www.eldiario.net\/portal\/2024\/05\/07\/hdp-o-la-industria-del-miedo\/"},"author":{"name":"Jeanette","@id":"https:\/\/www.eldiario.net\/portal\/#\/schema\/person\/f46445640444750d7d753ccd04ae01b7"},"headline":"HDP o la industria del miedo","datePublished":"2024-05-07T10:55:58+00:00","mainEntityOfPage":{"@id":"https:\/\/www.eldiario.net\/portal\/2024\/05\/07\/hdp-o-la-industria-del-miedo\/"},"wordCount":749,"commentCount":0,"publisher":{"@id":"https:\/\/www.eldiario.net\/portal\/#organization"},"image":{"@id":"https:\/\/www.eldiario.net\/portal\/2024\/05\/07\/hdp-o-la-industria-del-miedo\/#primaryimage"},"thumbnailUrl":"https:\/\/www.eldiario.net\/portal\/wp-content\/uploads\/2023\/12\/Opinion.jpg","articleSection":["Opini\u00f3n"],"inLanguage":"es","potentialAction":[{"@type":"CommentAction","name":"Comment","target":["https:\/\/www.eldiario.net\/portal\/2024\/05\/07\/hdp-o-la-industria-del-miedo\/#respond"]}]},{"@type":"WebPage","@id":"https:\/\/www.eldiario.net\/portal\/2024\/05\/07\/hdp-o-la-industria-del-miedo\/","url":"https:\/\/www.eldiario.net\/portal\/2024\/05\/07\/hdp-o-la-industria-del-miedo\/","name":"HDP o la industria del miedo - El Diario - Bolivia","isPartOf":{"@id":"https:\/\/www.eldiario.net\/portal\/#website"},"primaryImageOfPage":{"@id":"https:\/\/www.eldiario.net\/portal\/2024\/05\/07\/hdp-o-la-industria-del-miedo\/#primaryimage"},"image":{"@id":"https:\/\/www.eldiario.net\/portal\/2024\/05\/07\/hdp-o-la-industria-del-miedo\/#primaryimage"},"thumbnailUrl":"https:\/\/www.eldiario.net\/portal\/wp-content\/uploads\/2023\/12\/Opinion.jpg","datePublished":"2024-05-07T10:55:58+00:00","breadcrumb":{"@id":"https:\/\/www.eldiario.net\/portal\/2024\/05\/07\/hdp-o-la-industria-del-miedo\/#breadcrumb"},"inLanguage":"es","potentialAction":[{"@type":"ReadAction","target":["https:\/\/www.eldiario.net\/portal\/2024\/05\/07\/hdp-o-la-industria-del-miedo\/"]}]},{"@type":"ImageObject","inLanguage":"es","@id":"https:\/\/www.eldiario.net\/portal\/2024\/05\/07\/hdp-o-la-industria-del-miedo\/#primaryimage","url":"https:\/\/www.eldiario.net\/portal\/wp-content\/uploads\/2023\/12\/Opinion.jpg","contentUrl":"https:\/\/www.eldiario.net\/portal\/wp-content\/uploads\/2023\/12\/Opinion.jpg","width":800,"height":500},{"@type":"BreadcrumbList","@id":"https:\/\/www.eldiario.net\/portal\/2024\/05\/07\/hdp-o-la-industria-del-miedo\/#breadcrumb","itemListElement":[{"@type":"ListItem","position":1,"name":"Portada","item":"https:\/\/www.eldiario.net\/portal\/"},{"@type":"ListItem","position":2,"name":"HDP o la industria del miedo"}]},{"@type":"WebSite","@id":"https:\/\/www.eldiario.net\/portal\/#website","url":"https:\/\/www.eldiario.net\/portal\/","name":"El Diario - Decano de la prensa nacional","description":"El Diario - Decano de la prensa nacional","publisher":{"@id":"https:\/\/www.eldiario.net\/portal\/#organization"},"potentialAction":[{"@type":"SearchAction","target":{"@type":"EntryPoint","urlTemplate":"https:\/\/www.eldiario.net\/portal\/?s={search_term_string}"},"query-input":{"@type":"PropertyValueSpecification","valueRequired":true,"valueName":"search_term_string"}}],"inLanguage":"es"},{"@type":"Organization","@id":"https:\/\/www.eldiario.net\/portal\/#organization","name":"El Diario - Decano de la prensa nacional","url":"https:\/\/www.eldiario.net\/portal\/","logo":{"@type":"ImageObject","inLanguage":"es","@id":"https:\/\/www.eldiario.net\/portal\/#\/schema\/logo\/image\/","url":"https:\/\/www.eldiario.net\/portal\/wp-content\/uploads\/2023\/07\/logo_ED.jpg","contentUrl":"https:\/\/www.eldiario.net\/portal\/wp-content\/uploads\/2023\/07\/logo_ED.jpg","width":272,"height":52,"caption":"El Diario - Decano de la prensa nacional"},"image":{"@id":"https:\/\/www.eldiario.net\/portal\/#\/schema\/logo\/image\/"},"sameAs":["https:\/\/www.facebook.com\/eldiario.bolivia\/","https:\/\/x.com\/eldiario_net"]},{"@type":"Person","@id":"https:\/\/www.eldiario.net\/portal\/#\/schema\/person\/f46445640444750d7d753ccd04ae01b7","name":"Jeanette","image":{"@type":"ImageObject","inLanguage":"es","@id":"https:\/\/secure.gravatar.com\/avatar\/3ea2118a5f7dad2b7138b1187a6b7ee55f160b9968b66013c3a3ef39dd7e5798?s=96&d=mm&r=g","url":"https:\/\/secure.gravatar.com\/avatar\/3ea2118a5f7dad2b7138b1187a6b7ee55f160b9968b66013c3a3ef39dd7e5798?s=96&d=mm&r=g","contentUrl":"https:\/\/secure.gravatar.com\/avatar\/3ea2118a5f7dad2b7138b1187a6b7ee55f160b9968b66013c3a3ef39dd7e5798?s=96&d=mm&r=g","caption":"Jeanette"},"sameAs":["https:\/\/www.eldiario.net\/portal"],"url":"https:\/\/www.eldiario.net\/portal\/author\/jeanette\/"}]}},"_links":{"self":[{"href":"https:\/\/www.eldiario.net\/portal\/wp-json\/wp\/v2\/posts\/219065","targetHints":{"allow":["GET"]}}],"collection":[{"href":"https:\/\/www.eldiario.net\/portal\/wp-json\/wp\/v2\/posts"}],"about":[{"href":"https:\/\/www.eldiario.net\/portal\/wp-json\/wp\/v2\/types\/post"}],"author":[{"embeddable":true,"href":"https:\/\/www.eldiario.net\/portal\/wp-json\/wp\/v2\/users\/1"}],"replies":[{"embeddable":true,"href":"https:\/\/www.eldiario.net\/portal\/wp-json\/wp\/v2\/comments?post=219065"}],"version-history":[{"count":1,"href":"https:\/\/www.eldiario.net\/portal\/wp-json\/wp\/v2\/posts\/219065\/revisions"}],"predecessor-version":[{"id":219066,"href":"https:\/\/www.eldiario.net\/portal\/wp-json\/wp\/v2\/posts\/219065\/revisions\/219066"}],"wp:featuredmedia":[{"embeddable":true,"href":"https:\/\/www.eldiario.net\/portal\/wp-json\/wp\/v2\/media\/194790"}],"wp:attachment":[{"href":"https:\/\/www.eldiario.net\/portal\/wp-json\/wp\/v2\/media?parent=219065"}],"wp:term":[{"taxonomy":"category","embeddable":true,"href":"https:\/\/www.eldiario.net\/portal\/wp-json\/wp\/v2\/categories?post=219065"},{"taxonomy":"post_tag","embeddable":true,"href":"https:\/\/www.eldiario.net\/portal\/wp-json\/wp\/v2\/tags?post=219065"}],"curies":[{"name":"wp","href":"https:\/\/api.w.org\/{rel}","templated":true}]}}