{"id":219061,"date":"2024-05-07T06:53:45","date_gmt":"2024-05-07T10:53:45","guid":{"rendered":"https:\/\/www.eldiario.net\/portal\/?p=219061"},"modified":"2024-05-07T06:53:45","modified_gmt":"2024-05-07T10:53:45","slug":"la-victoria-del-librero-sobre-el-beodo","status":"publish","type":"post","link":"https:\/\/www.eldiario.net\/portal\/2024\/05\/07\/la-victoria-del-librero-sobre-el-beodo\/","title":{"rendered":"La victoria del librero sobre el beodo"},"content":{"rendered":"<p>La vida nos da esos regalos. Un padre que no gastaba su salario en latitas de cerveza sino en libros mensuales para cada uno de sus diez hijos, ayud\u00e1ndolos a viajar por el mundo aferrados a los personajes reales o ficticios, desde Alejandro el Grande hasta la Maga de Rayuela. Los libreros de La Paz lo conoc\u00edan y aconsejaban.<\/p>\n<p>\u00a1Qu\u00e9 privilegio estudiar en Bogot\u00e1 donde los compa\u00f1eros le\u00edan <em>Las Mil y Una Noches<\/em> en una semana! Pasaban las horas disfrutando un caf\u00e9 &#8211;un tintico&#8211; con arepas mientras aparec\u00edan las Scherezades y los Aladinos. Los 40 ladrones de esas p\u00e1ginas eran en esas \u00e9pocas inventos de cuentacuentos. Hab\u00eda que madrugar para hacer la cola y poder conseguir un ejemplar de la revista literaria \u00abN\u00famero\u00bb, en blanco y negro y sin publicidad. Las obras de los mejores autores se terminaban en pocos d\u00edas; a veces en pocas horas.<\/p>\n<p>\u00a1Qu\u00e9 hermoso contemplar los r\u00edos de gente alborotando las calles de Barcelona con libros y rosas! El municipio cerr\u00f3 un espacio callejero equivalente a 20 estadios para que las familias recorriesen tranquilas las decenas de carpas con miles de libros.<\/p>\n<p>Cada a\u00f1o otro r\u00e9cord: 25,4 millones de euros por los dos millones de libros vendidos este 23 de abril de 2024. Los libreros est\u00e1n satisfechos; salieron ejemplares de autores espa\u00f1oles, de escritores cl\u00e1sicos, de literatura infantil, de historia, de filosof\u00eda, biograf\u00edas, ciencia ficci\u00f3n, romances.<\/p>\n<p>M\u00e1s de la tercera parte de esos textos eran de literatura infantil y juvenil. Hay j\u00f3venes que no gastan su dinero en cervecitas baratas sino en la lectura de obras de ficci\u00f3n y de no ficci\u00f3n. J\u00f3venes que ma\u00f1ana podr\u00e1n ser m\u00e1s libres porque ser\u00e1n m\u00e1s cultos y universales. Ni\u00f1os que pueden so\u00f1ar con bosques encantados y animales que les dan paz y no sufrir como otros chicos que escuchan a sus padres borrachos.<\/p>\n<p>En el caso de Catalu\u00f1a, la celebraci\u00f3n mundial en honor a William Shakespeare y Miguel de Cervantes coincide con el recordatorio de la leyenda identitaria de Sant Jordi que salva a la princesa del drag\u00f3n. Una rosa roja recuerda el mito. Las floristas, entre florister\u00edas formales y gitanas callejeras, despacharon m\u00e1s de 7 millones de flores<\/p>\n<p>perfumadas. La mayor\u00eda de ellas son cultivadas en Colombia, con lo que tambi\u00e9n ganan campesinos y empresarios sudamericanos.<\/p>\n<p>Se vendieron m\u00e1s de 70 mil t\u00edtulos distintos. Aunque hac\u00eda fr\u00edo, los muchachos &#8211;entre amigos o con amores&#8211; formaban una multitud compacta desde Plaza Catalu\u00f1a y por todo el Paseo de Gracia. Millones de selfies debajo de los balcones de Gaudi, desde donde llov\u00edan p\u00e9talos purpurados. En las librer\u00edas del centro y de los barrios, frente a los colegios y en los estantes improvisados la muchedumbre alegre compart\u00eda un libro.<\/p>\n<p>Porque el libro ha ganado la batalla. Si en alg\u00fan momento se pens\u00f3 que las nuevas tecnolog\u00edas lo arrinconar\u00edan, ahora est\u00e1 claro que no hay placer m\u00e1s perfecto que pasar una hoja tras otras mientras se desliza la romanza. La pandemia trajo las reuniones virtuales y las citas amorosas a trav\u00e9s de una pantalla, pero no pudo reemplazar las ventas de obras impresas y el olor \u00fanico de la tinta en sus portadas.<\/p>\n<p>Un caso fant\u00e1stico, que ya coment\u00e9 hace cuatro a\u00f1os, es el ensayo de aventuras <em>\u00abEl infinito en un junco: la invenci\u00f3n de los libros en el mundo antiguo\u00bb<\/em> de la fil\u00f3loga de Zaragoza Irene Vallejo (1979), que ya super\u00f3 el mill\u00f3n de ejemplares vendidos y est\u00e1 traducido en m\u00e1s de 40 idiomas. Gracias a mi amiga Gabriela llegamos al stand donde firmaba libros, igual que hac\u00edan otros 200 escritores famosos. Sencilla como toda sabia se comprometi\u00f3 a visitar Bolivia, donde en otra ocasi\u00f3n no pudo coincidir en su agenda por la falta de conexiones a\u00e9reas.<\/p>\n<p>Los j\u00f3venes en todo el mundo leen estos grandes tomos. Tambi\u00e9n los bolivianos.<\/p>\n<p>Quiz\u00e1 la Ministra de Culturas podr\u00eda decirle a su jilacata que, en las ferias del libro de La Paz, Santa Cruz y Cochabamba, los que m\u00e1s compran son los menores de 30 a\u00f1os.<\/p>\n<p>Gracias a ellos siguen las librer\u00edas abiertas.<\/p>\n<p>Quiz\u00e1 un periodista ma\u00f1anero podr\u00eda preguntar a las autoridades cu\u00e1les son los \u00faltimos 10 libros que leyeron. \u00bfTendr\u00e1n alg\u00fan ejemplar a su lado? \u00bfCu\u00e1ntas bibliotecas se han inaugurado del 2006 al 2024? \u00bfCu\u00e1les son sus autores bolivianos preferidos?<\/p>\n<p>\u00bfLeen historia nacional? \u00bfSus hijos gastan sus mesadas en cervecitas o de vez en cuando tambi\u00e9n en un librito?<\/p>\n","protected":false},"excerpt":{"rendered":"<p>La vida nos da esos regalos. Un padre que no gastaba su salario en latitas de cerveza sino en libros mensuales para cada uno de sus diez hijos, ayud\u00e1ndolos a viajar por el mundo aferrados a los personajes reales o ficticios, desde Alejandro el Grande hasta la Maga de Rayuela. Los libreros de La Paz [&hellip;]<\/p>\n","protected":false},"author":1,"featured_media":157862,"comment_status":"open","ping_status":"open","sticky":false,"template":"","format":"standard","meta":{"_acf_changed":false,"footnotes":""},"categories":[9],"tags":[],"class_list":["post-219061","post","type-post","status-publish","format-standard","has-post-thumbnail","category-opinion"],"acf":{"antetitulo":"Desde la tierra"},"yoast_head":"<!-- This site is optimized with the Yoast SEO plugin v28.4 - https:\/\/yoast.com\/product\/yoast-seo-wordpress\/ -->\n<title>La victoria del librero sobre el beodo - El Diario - Bolivia<\/title>\n<meta name=\"robots\" content=\"index, follow, max-snippet:-1, max-image-preview:large, max-video-preview:-1\" \/>\n<link rel=\"canonical\" href=\"https:\/\/www.eldiario.net\/portal\/2024\/05\/07\/la-victoria-del-librero-sobre-el-beodo\/\" \/>\n<meta property=\"og:locale\" content=\"es_ES\" \/>\n<meta property=\"og:type\" content=\"article\" \/>\n<meta property=\"og:title\" content=\"La victoria del librero sobre el beodo - El Diario - Bolivia\" \/>\n<meta property=\"og:description\" content=\"La vida nos da esos regalos. Un padre que no gastaba su salario en latitas de cerveza sino en libros mensuales para cada uno de sus diez hijos, ayud\u00e1ndolos a viajar por el mundo aferrados a los personajes reales o ficticios, desde Alejandro el Grande hasta la Maga de Rayuela. Los libreros de La Paz [&hellip;]\" \/>\n<meta property=\"og:url\" content=\"https:\/\/www.eldiario.net\/portal\/2024\/05\/07\/la-victoria-del-librero-sobre-el-beodo\/\" \/>\n<meta property=\"og:site_name\" content=\"El Diario - Bolivia\" \/>\n<meta property=\"article:publisher\" content=\"https:\/\/www.facebook.com\/eldiario.bolivia\/\" \/>\n<meta property=\"article:published_time\" content=\"2024-05-07T10:53:45+00:00\" \/>\n<meta property=\"og:image\" content=\"https:\/\/www.eldiario.net\/portal\/wp-content\/uploads\/2023\/06\/Lupe-Cajias.jpg\" \/>\n\t<meta property=\"og:image:width\" content=\"1200\" \/>\n\t<meta property=\"og:image:height\" content=\"628\" \/>\n\t<meta property=\"og:image:type\" content=\"image\/jpeg\" \/>\n<meta name=\"author\" content=\"Jeanette\" \/>\n<meta name=\"twitter:card\" content=\"summary_large_image\" \/>\n<meta name=\"twitter:creator\" content=\"@eldiario_net\" \/>\n<meta name=\"twitter:site\" content=\"@eldiario_net\" \/>\n<meta name=\"twitter:label1\" content=\"Escrito por\" \/>\n\t<meta name=\"twitter:data1\" content=\"Jeanette\" \/>\n\t<meta name=\"twitter:label2\" content=\"Tiempo de lectura\" \/>\n\t<meta name=\"twitter:data2\" content=\"4 minutos\" \/>\n<script type=\"application\/ld+json\" class=\"yoast-schema-graph\">{\"@context\":\"https:\\\/\\\/schema.org\",\"@graph\":[{\"@type\":\"Article\",\"@id\":\"https:\\\/\\\/www.eldiario.net\\\/portal\\\/2024\\\/05\\\/07\\\/la-victoria-del-librero-sobre-el-beodo\\\/#article\",\"isPartOf\":{\"@id\":\"https:\\\/\\\/www.eldiario.net\\\/portal\\\/2024\\\/05\\\/07\\\/la-victoria-del-librero-sobre-el-beodo\\\/\"},\"author\":{\"name\":\"Jeanette\",\"@id\":\"https:\\\/\\\/www.eldiario.net\\\/portal\\\/#\\\/schema\\\/person\\\/f46445640444750d7d753ccd04ae01b7\"},\"headline\":\"La victoria del librero sobre el beodo\",\"datePublished\":\"2024-05-07T10:53:45+00:00\",\"mainEntityOfPage\":{\"@id\":\"https:\\\/\\\/www.eldiario.net\\\/portal\\\/2024\\\/05\\\/07\\\/la-victoria-del-librero-sobre-el-beodo\\\/\"},\"wordCount\":793,\"commentCount\":0,\"publisher\":{\"@id\":\"https:\\\/\\\/www.eldiario.net\\\/portal\\\/#organization\"},\"image\":{\"@id\":\"https:\\\/\\\/www.eldiario.net\\\/portal\\\/2024\\\/05\\\/07\\\/la-victoria-del-librero-sobre-el-beodo\\\/#primaryimage\"},\"thumbnailUrl\":\"https:\\\/\\\/www.eldiario.net\\\/portal\\\/wp-content\\\/uploads\\\/2023\\\/06\\\/Lupe-Cajias.jpg\",\"articleSection\":[\"Opini\u00f3n\"],\"inLanguage\":\"es\",\"potentialAction\":[{\"@type\":\"CommentAction\",\"name\":\"Comment\",\"target\":[\"https:\\\/\\\/www.eldiario.net\\\/portal\\\/2024\\\/05\\\/07\\\/la-victoria-del-librero-sobre-el-beodo\\\/#respond\"]}]},{\"@type\":\"WebPage\",\"@id\":\"https:\\\/\\\/www.eldiario.net\\\/portal\\\/2024\\\/05\\\/07\\\/la-victoria-del-librero-sobre-el-beodo\\\/\",\"url\":\"https:\\\/\\\/www.eldiario.net\\\/portal\\\/2024\\\/05\\\/07\\\/la-victoria-del-librero-sobre-el-beodo\\\/\",\"name\":\"La victoria del librero sobre el beodo - El Diario - Bolivia\",\"isPartOf\":{\"@id\":\"https:\\\/\\\/www.eldiario.net\\\/portal\\\/#website\"},\"primaryImageOfPage\":{\"@id\":\"https:\\\/\\\/www.eldiario.net\\\/portal\\\/2024\\\/05\\\/07\\\/la-victoria-del-librero-sobre-el-beodo\\\/#primaryimage\"},\"image\":{\"@id\":\"https:\\\/\\\/www.eldiario.net\\\/portal\\\/2024\\\/05\\\/07\\\/la-victoria-del-librero-sobre-el-beodo\\\/#primaryimage\"},\"thumbnailUrl\":\"https:\\\/\\\/www.eldiario.net\\\/portal\\\/wp-content\\\/uploads\\\/2023\\\/06\\\/Lupe-Cajias.jpg\",\"datePublished\":\"2024-05-07T10:53:45+00:00\",\"breadcrumb\":{\"@id\":\"https:\\\/\\\/www.eldiario.net\\\/portal\\\/2024\\\/05\\\/07\\\/la-victoria-del-librero-sobre-el-beodo\\\/#breadcrumb\"},\"inLanguage\":\"es\",\"potentialAction\":[{\"@type\":\"ReadAction\",\"target\":[\"https:\\\/\\\/www.eldiario.net\\\/portal\\\/2024\\\/05\\\/07\\\/la-victoria-del-librero-sobre-el-beodo\\\/\"]}]},{\"@type\":\"ImageObject\",\"inLanguage\":\"es\",\"@id\":\"https:\\\/\\\/www.eldiario.net\\\/portal\\\/2024\\\/05\\\/07\\\/la-victoria-del-librero-sobre-el-beodo\\\/#primaryimage\",\"url\":\"https:\\\/\\\/www.eldiario.net\\\/portal\\\/wp-content\\\/uploads\\\/2023\\\/06\\\/Lupe-Cajias.jpg\",\"contentUrl\":\"https:\\\/\\\/www.eldiario.net\\\/portal\\\/wp-content\\\/uploads\\\/2023\\\/06\\\/Lupe-Cajias.jpg\",\"width\":1200,\"height\":628,\"caption\":\"Lupe Caj\u00edas\"},{\"@type\":\"BreadcrumbList\",\"@id\":\"https:\\\/\\\/www.eldiario.net\\\/portal\\\/2024\\\/05\\\/07\\\/la-victoria-del-librero-sobre-el-beodo\\\/#breadcrumb\",\"itemListElement\":[{\"@type\":\"ListItem\",\"position\":1,\"name\":\"Portada\",\"item\":\"https:\\\/\\\/www.eldiario.net\\\/portal\\\/\"},{\"@type\":\"ListItem\",\"position\":2,\"name\":\"La victoria del librero sobre el beodo\"}]},{\"@type\":\"WebSite\",\"@id\":\"https:\\\/\\\/www.eldiario.net\\\/portal\\\/#website\",\"url\":\"https:\\\/\\\/www.eldiario.net\\\/portal\\\/\",\"name\":\"El Diario - Decano de la prensa nacional\",\"description\":\"El Diario - Decano de la prensa nacional\",\"publisher\":{\"@id\":\"https:\\\/\\\/www.eldiario.net\\\/portal\\\/#organization\"},\"potentialAction\":[{\"@type\":\"SearchAction\",\"target\":{\"@type\":\"EntryPoint\",\"urlTemplate\":\"https:\\\/\\\/www.eldiario.net\\\/portal\\\/?s={search_term_string}\"},\"query-input\":{\"@type\":\"PropertyValueSpecification\",\"valueRequired\":true,\"valueName\":\"search_term_string\"}}],\"inLanguage\":\"es\"},{\"@type\":\"Organization\",\"@id\":\"https:\\\/\\\/www.eldiario.net\\\/portal\\\/#organization\",\"name\":\"El Diario - Decano de la prensa nacional\",\"url\":\"https:\\\/\\\/www.eldiario.net\\\/portal\\\/\",\"logo\":{\"@type\":\"ImageObject\",\"inLanguage\":\"es\",\"@id\":\"https:\\\/\\\/www.eldiario.net\\\/portal\\\/#\\\/schema\\\/logo\\\/image\\\/\",\"url\":\"https:\\\/\\\/www.eldiario.net\\\/portal\\\/wp-content\\\/uploads\\\/2023\\\/07\\\/logo_ED.jpg\",\"contentUrl\":\"https:\\\/\\\/www.eldiario.net\\\/portal\\\/wp-content\\\/uploads\\\/2023\\\/07\\\/logo_ED.jpg\",\"width\":272,\"height\":52,\"caption\":\"El Diario - Decano de la prensa nacional\"},\"image\":{\"@id\":\"https:\\\/\\\/www.eldiario.net\\\/portal\\\/#\\\/schema\\\/logo\\\/image\\\/\"},\"sameAs\":[\"https:\\\/\\\/www.facebook.com\\\/eldiario.bolivia\\\/\",\"https:\\\/\\\/x.com\\\/eldiario_net\"]},{\"@type\":\"Person\",\"@id\":\"https:\\\/\\\/www.eldiario.net\\\/portal\\\/#\\\/schema\\\/person\\\/f46445640444750d7d753ccd04ae01b7\",\"name\":\"Jeanette\",\"image\":{\"@type\":\"ImageObject\",\"inLanguage\":\"es\",\"@id\":\"https:\\\/\\\/secure.gravatar.com\\\/avatar\\\/3ea2118a5f7dad2b7138b1187a6b7ee55f160b9968b66013c3a3ef39dd7e5798?s=96&d=mm&r=g\",\"url\":\"https:\\\/\\\/secure.gravatar.com\\\/avatar\\\/3ea2118a5f7dad2b7138b1187a6b7ee55f160b9968b66013c3a3ef39dd7e5798?s=96&d=mm&r=g\",\"contentUrl\":\"https:\\\/\\\/secure.gravatar.com\\\/avatar\\\/3ea2118a5f7dad2b7138b1187a6b7ee55f160b9968b66013c3a3ef39dd7e5798?s=96&d=mm&r=g\",\"caption\":\"Jeanette\"},\"sameAs\":[\"https:\\\/\\\/www.eldiario.net\\\/portal\"],\"url\":\"https:\\\/\\\/www.eldiario.net\\\/portal\\\/author\\\/jeanette\\\/\"}]}<\/script>\n<!-- \/ Yoast SEO plugin. -->","yoast_head_json":{"title":"La victoria del librero sobre el beodo - El Diario - Bolivia","robots":{"index":"index","follow":"follow","max-snippet":"max-snippet:-1","max-image-preview":"max-image-preview:large","max-video-preview":"max-video-preview:-1"},"canonical":"https:\/\/www.eldiario.net\/portal\/2024\/05\/07\/la-victoria-del-librero-sobre-el-beodo\/","og_locale":"es_ES","og_type":"article","og_title":"La victoria del librero sobre el beodo - El Diario - Bolivia","og_description":"La vida nos da esos regalos. Un padre que no gastaba su salario en latitas de cerveza sino en libros mensuales para cada uno de sus diez hijos, ayud\u00e1ndolos a viajar por el mundo aferrados a los personajes reales o ficticios, desde Alejandro el Grande hasta la Maga de Rayuela. Los libreros de La Paz [&hellip;]","og_url":"https:\/\/www.eldiario.net\/portal\/2024\/05\/07\/la-victoria-del-librero-sobre-el-beodo\/","og_site_name":"El Diario - Bolivia","article_publisher":"https:\/\/www.facebook.com\/eldiario.bolivia\/","article_published_time":"2024-05-07T10:53:45+00:00","og_image":[{"width":1200,"height":628,"url":"https:\/\/www.eldiario.net\/portal\/wp-content\/uploads\/2023\/06\/Lupe-Cajias.jpg","type":"image\/jpeg"}],"author":"Jeanette","twitter_card":"summary_large_image","twitter_creator":"@eldiario_net","twitter_site":"@eldiario_net","twitter_misc":{"Escrito por":"Jeanette","Tiempo de lectura":"4 minutos"},"schema":{"@context":"https:\/\/schema.org","@graph":[{"@type":"Article","@id":"https:\/\/www.eldiario.net\/portal\/2024\/05\/07\/la-victoria-del-librero-sobre-el-beodo\/#article","isPartOf":{"@id":"https:\/\/www.eldiario.net\/portal\/2024\/05\/07\/la-victoria-del-librero-sobre-el-beodo\/"},"author":{"name":"Jeanette","@id":"https:\/\/www.eldiario.net\/portal\/#\/schema\/person\/f46445640444750d7d753ccd04ae01b7"},"headline":"La victoria del librero sobre el beodo","datePublished":"2024-05-07T10:53:45+00:00","mainEntityOfPage":{"@id":"https:\/\/www.eldiario.net\/portal\/2024\/05\/07\/la-victoria-del-librero-sobre-el-beodo\/"},"wordCount":793,"commentCount":0,"publisher":{"@id":"https:\/\/www.eldiario.net\/portal\/#organization"},"image":{"@id":"https:\/\/www.eldiario.net\/portal\/2024\/05\/07\/la-victoria-del-librero-sobre-el-beodo\/#primaryimage"},"thumbnailUrl":"https:\/\/www.eldiario.net\/portal\/wp-content\/uploads\/2023\/06\/Lupe-Cajias.jpg","articleSection":["Opini\u00f3n"],"inLanguage":"es","potentialAction":[{"@type":"CommentAction","name":"Comment","target":["https:\/\/www.eldiario.net\/portal\/2024\/05\/07\/la-victoria-del-librero-sobre-el-beodo\/#respond"]}]},{"@type":"WebPage","@id":"https:\/\/www.eldiario.net\/portal\/2024\/05\/07\/la-victoria-del-librero-sobre-el-beodo\/","url":"https:\/\/www.eldiario.net\/portal\/2024\/05\/07\/la-victoria-del-librero-sobre-el-beodo\/","name":"La victoria del librero sobre el beodo - El Diario - Bolivia","isPartOf":{"@id":"https:\/\/www.eldiario.net\/portal\/#website"},"primaryImageOfPage":{"@id":"https:\/\/www.eldiario.net\/portal\/2024\/05\/07\/la-victoria-del-librero-sobre-el-beodo\/#primaryimage"},"image":{"@id":"https:\/\/www.eldiario.net\/portal\/2024\/05\/07\/la-victoria-del-librero-sobre-el-beodo\/#primaryimage"},"thumbnailUrl":"https:\/\/www.eldiario.net\/portal\/wp-content\/uploads\/2023\/06\/Lupe-Cajias.jpg","datePublished":"2024-05-07T10:53:45+00:00","breadcrumb":{"@id":"https:\/\/www.eldiario.net\/portal\/2024\/05\/07\/la-victoria-del-librero-sobre-el-beodo\/#breadcrumb"},"inLanguage":"es","potentialAction":[{"@type":"ReadAction","target":["https:\/\/www.eldiario.net\/portal\/2024\/05\/07\/la-victoria-del-librero-sobre-el-beodo\/"]}]},{"@type":"ImageObject","inLanguage":"es","@id":"https:\/\/www.eldiario.net\/portal\/2024\/05\/07\/la-victoria-del-librero-sobre-el-beodo\/#primaryimage","url":"https:\/\/www.eldiario.net\/portal\/wp-content\/uploads\/2023\/06\/Lupe-Cajias.jpg","contentUrl":"https:\/\/www.eldiario.net\/portal\/wp-content\/uploads\/2023\/06\/Lupe-Cajias.jpg","width":1200,"height":628,"caption":"Lupe Caj\u00edas"},{"@type":"BreadcrumbList","@id":"https:\/\/www.eldiario.net\/portal\/2024\/05\/07\/la-victoria-del-librero-sobre-el-beodo\/#breadcrumb","itemListElement":[{"@type":"ListItem","position":1,"name":"Portada","item":"https:\/\/www.eldiario.net\/portal\/"},{"@type":"ListItem","position":2,"name":"La victoria del librero sobre el beodo"}]},{"@type":"WebSite","@id":"https:\/\/www.eldiario.net\/portal\/#website","url":"https:\/\/www.eldiario.net\/portal\/","name":"El Diario - Decano de la prensa nacional","description":"El Diario - Decano de la prensa nacional","publisher":{"@id":"https:\/\/www.eldiario.net\/portal\/#organization"},"potentialAction":[{"@type":"SearchAction","target":{"@type":"EntryPoint","urlTemplate":"https:\/\/www.eldiario.net\/portal\/?s={search_term_string}"},"query-input":{"@type":"PropertyValueSpecification","valueRequired":true,"valueName":"search_term_string"}}],"inLanguage":"es"},{"@type":"Organization","@id":"https:\/\/www.eldiario.net\/portal\/#organization","name":"El Diario - Decano de la prensa nacional","url":"https:\/\/www.eldiario.net\/portal\/","logo":{"@type":"ImageObject","inLanguage":"es","@id":"https:\/\/www.eldiario.net\/portal\/#\/schema\/logo\/image\/","url":"https:\/\/www.eldiario.net\/portal\/wp-content\/uploads\/2023\/07\/logo_ED.jpg","contentUrl":"https:\/\/www.eldiario.net\/portal\/wp-content\/uploads\/2023\/07\/logo_ED.jpg","width":272,"height":52,"caption":"El Diario - Decano de la prensa nacional"},"image":{"@id":"https:\/\/www.eldiario.net\/portal\/#\/schema\/logo\/image\/"},"sameAs":["https:\/\/www.facebook.com\/eldiario.bolivia\/","https:\/\/x.com\/eldiario_net"]},{"@type":"Person","@id":"https:\/\/www.eldiario.net\/portal\/#\/schema\/person\/f46445640444750d7d753ccd04ae01b7","name":"Jeanette","image":{"@type":"ImageObject","inLanguage":"es","@id":"https:\/\/secure.gravatar.com\/avatar\/3ea2118a5f7dad2b7138b1187a6b7ee55f160b9968b66013c3a3ef39dd7e5798?s=96&d=mm&r=g","url":"https:\/\/secure.gravatar.com\/avatar\/3ea2118a5f7dad2b7138b1187a6b7ee55f160b9968b66013c3a3ef39dd7e5798?s=96&d=mm&r=g","contentUrl":"https:\/\/secure.gravatar.com\/avatar\/3ea2118a5f7dad2b7138b1187a6b7ee55f160b9968b66013c3a3ef39dd7e5798?s=96&d=mm&r=g","caption":"Jeanette"},"sameAs":["https:\/\/www.eldiario.net\/portal"],"url":"https:\/\/www.eldiario.net\/portal\/author\/jeanette\/"}]}},"_links":{"self":[{"href":"https:\/\/www.eldiario.net\/portal\/wp-json\/wp\/v2\/posts\/219061","targetHints":{"allow":["GET"]}}],"collection":[{"href":"https:\/\/www.eldiario.net\/portal\/wp-json\/wp\/v2\/posts"}],"about":[{"href":"https:\/\/www.eldiario.net\/portal\/wp-json\/wp\/v2\/types\/post"}],"author":[{"embeddable":true,"href":"https:\/\/www.eldiario.net\/portal\/wp-json\/wp\/v2\/users\/1"}],"replies":[{"embeddable":true,"href":"https:\/\/www.eldiario.net\/portal\/wp-json\/wp\/v2\/comments?post=219061"}],"version-history":[{"count":1,"href":"https:\/\/www.eldiario.net\/portal\/wp-json\/wp\/v2\/posts\/219061\/revisions"}],"predecessor-version":[{"id":219062,"href":"https:\/\/www.eldiario.net\/portal\/wp-json\/wp\/v2\/posts\/219061\/revisions\/219062"}],"wp:featuredmedia":[{"embeddable":true,"href":"https:\/\/www.eldiario.net\/portal\/wp-json\/wp\/v2\/media\/157862"}],"wp:attachment":[{"href":"https:\/\/www.eldiario.net\/portal\/wp-json\/wp\/v2\/media?parent=219061"}],"wp:term":[{"taxonomy":"category","embeddable":true,"href":"https:\/\/www.eldiario.net\/portal\/wp-json\/wp\/v2\/categories?post=219061"},{"taxonomy":"post_tag","embeddable":true,"href":"https:\/\/www.eldiario.net\/portal\/wp-json\/wp\/v2\/tags?post=219061"}],"curies":[{"name":"wp","href":"https:\/\/api.w.org\/{rel}","templated":true}]}}