{"id":219052,"date":"2024-05-07T06:48:58","date_gmt":"2024-05-07T10:48:58","guid":{"rendered":"https:\/\/www.eldiario.net\/portal\/?p=219052"},"modified":"2024-05-07T06:48:58","modified_gmt":"2024-05-07T10:48:58","slug":"83-muertos-103-desaparecidos-y-mas-de-336-municipios-afectados","status":"publish","type":"post","link":"https:\/\/www.eldiario.net\/portal\/2024\/05\/07\/83-muertos-103-desaparecidos-y-mas-de-336-municipios-afectados\/","title":{"rendered":"83 muertos, 103 desaparecidos y  m\u00e1s de 336 municipios afectados"},"content":{"rendered":"<p>El Gobierno de Brasil estableci\u00f3 el estado de calamidad en 336 de los 496 que conforman el estado meridional de R\u00edo Grande do Sul debido a las fuertes precipitaciones que estuvieron cayendo durante toda la semana pasada, alcanzando niveles que no se hab\u00edan visto desde 1941.<\/p>\n<p>La lista de municipios afectados incluye la capital del estado, Porto Alegre, donde el nivel del agua super\u00f3 este fin de semana los cinco metros, y urbes con gran densidad de poblaci\u00f3n como Canoas y Caxias del Sur.<\/p>\n<p>De acuerdo con Defensa Civil del estado sure\u00f1o, al menos 83 personas murieron como consecuencia del temporal, hay m\u00e1s de cien heridos y otras 105 desaparecidas, mientras la Fuerza A\u00e9rea Brasile\u00f1a, despleg\u00f3 drones de reconocimiento para ayudar a localizar e identificar a m\u00e1s v\u00edctimas.<\/p>\n<p>En total, se vieron afectadas m\u00e1s de 844.000 personas en todo el estado, el m\u00e1s meridional del pa\u00eds, de las cuales 134.300 perdieron sus hogares.<\/p>\n<p>El presidente brasile\u00f1o, Luiz In\u00e1cio Lula da Silva, prometi\u00f3 que la burocracia no ser\u00e1 obst\u00e1culo en las labores de recuperaci\u00f3n del estado y que se pondr\u00e1 a disposici\u00f3n de la regi\u00f3n todos los recursos necesarios: \u201cLe debemos mucho a R\u00edo Grande del Sur y al pueblo gaucho\u201d, dijo, informa el portal G1.<\/p>\n<p>Lula visit\u00f3 este fin de semana la regi\u00f3n encabezando una comitiva formada por varios ministros de su Gobierno y los presidentes del Senado, Rodrigo Pacheco, y de la C\u00e1mara de Diputados, Artur Lira, quienes adelantaron que esta semana el Congreso votar\u00e1 \u201cmedidas extraordinarias\u201d de auxilio financiero.<\/p>\n<p>\u201cEstamos en guerra, s\u00e9 que ese es el sentimiento del presidente Lula, no habr\u00e1 limitaciones, ni restricciones legales. Es necesario deshacerse de la burocracia, las trabas y las limitaciones para que nada falte en la reconstrucci\u00f3n de R\u00edo Grande del Sur\u201d, dijo Pacheco.<\/p>\n<p>\u201cEs un escenario de guerra y necesitar\u00e1 medidas de posguerra\u201d, a\u00f1adi\u00f3 el gobernador estatal, Eduardo Leite.<\/p>\n<p>RESCATES, MUERTES Y DESAPARECIDOS<\/p>\n<p>El n\u00famero de muertos podr\u00eda aumentar de forma considerable, dada la cifra de desaparecidos, que ha crecido considerablemente frente a las 70 del d\u00eda anterior, seg\u00fan la autoridad estatal de defensa civil. Tambi\u00e9n indic\u00f3 que se est\u00e1 investigando si otras cuatro muertes est\u00e1n relacionadas con las tormentas.<\/p>\n<p>Las inundaciones provocadas afectaron a m\u00e1s de dos tercios de los casi 500 pueblos y ciudades del estado, fronterizo con Uruguay y Argentina, dejando a m\u00e1s de cien mil personas desplazadas.<\/p>\n<p>Las inundaciones destruyeron carreteras y puentes en varias zonas. Las lluvias tambi\u00e9n provocaron corrimientos de tierras y el derrumbamiento parcial de una presa en una peque\u00f1a central hidroel\u00e9ctrica.<\/p>\n<p>M\u00e1s de 400.000 personas estaban sin electricidad el domingo por la noche, mientras que casi un tercio de la poblaci\u00f3n del estado carec\u00eda de agua potable, seg\u00fan las autoridades.<\/p>\n<p>En Porto Alegre, la capital del estado, el lago Guaiba se desbord\u00f3, alcanzando el nivel de agua m\u00e1s alto registrado, seg\u00fan el servicio geol\u00f3gico nacional. El aeropuerto internacional suspendi\u00f3 todos sus vuelos desde el viernes.<\/p>\n<p>En la ciudad de Canoas, cerca de Porto Alegre, Julio Manichesque, de 76 a\u00f1os, fue rescatado por voluntarios tras permanecer desde el viernes en el tejado de la casa donde vive desde hace 52 a\u00f1os. \u201cNunca hab\u00eda visto tanta agua\u201d, afirm\u00f3.<\/p>\n<p>Muchos voluntarios tambi\u00e9n arriesgaron su propia seguridad durante las labores de rescate, utilizando peque\u00f1as embarcaciones, motos acu\u00e1ticas y kayaks.<\/p>\n<p>Fabiano Saldanha, de 30 a\u00f1os, dijo que \u00e9l y tres amigos rescataron a unas 50 personas con motos acu\u00e1ticas desde el viernes en islas que forman parte de Porto Alegre. \u201cLo \u00fanico que o\u00edmos cuando entramos en una calle es \u2018ayuda\u2019, \u2018ayuda\u2019\u201d, se\u00f1al\u00f3.<\/p>\n<p>Durante su discurso semanal en la Plaza de San Pedro de la Ciudad del Vaticano, el Papa Francisco dijo que est\u00e1 orando por la gente del estado. \u201cQue el Se\u00f1or reciba a los muertos, consuele a sus familias y a todos aquellos que tuvieron que abandonar sus hogares\u201d, afirm\u00f3. (Infobae\/Europa Press\/Reuters)<\/p>\n","protected":false},"excerpt":{"rendered":"<p>El Gobierno de Brasil estableci\u00f3 el estado de calamidad en 336 de los 496 que conforman el estado meridional de R\u00edo Grande do Sul debido a las fuertes precipitaciones que estuvieron cayendo durante toda la semana pasada, alcanzando niveles que no se hab\u00edan visto desde 1941. La lista de municipios afectados incluye la capital del [&hellip;]<\/p>\n","protected":false},"author":1,"featured_media":219053,"comment_status":"open","ping_status":"open","sticky":false,"template":"","format":"standard","meta":{"_acf_changed":false,"footnotes":""},"categories":[3],"tags":[],"class_list":["post-219052","post","type-post","status-publish","format-standard","has-post-thumbnail","category-internacional"],"acf":{"antetitulo":"El sur de Brasil bajo el agua"},"yoast_head":"<!-- This site is optimized with the Yoast SEO plugin v28.4 - https:\/\/yoast.com\/product\/yoast-seo-wordpress\/ -->\n<title>83 muertos, 103 desaparecidos y m\u00e1s de 336 municipios afectados - El Diario - Bolivia<\/title>\n<meta name=\"robots\" content=\"index, follow, max-snippet:-1, max-image-preview:large, max-video-preview:-1\" \/>\n<link rel=\"canonical\" href=\"https:\/\/www.eldiario.net\/portal\/2024\/05\/07\/83-muertos-103-desaparecidos-y-mas-de-336-municipios-afectados\/\" \/>\n<meta property=\"og:locale\" content=\"es_ES\" \/>\n<meta property=\"og:type\" content=\"article\" \/>\n<meta property=\"og:title\" content=\"83 muertos, 103 desaparecidos y m\u00e1s de 336 municipios afectados - El Diario - Bolivia\" \/>\n<meta property=\"og:description\" content=\"El Gobierno de Brasil estableci\u00f3 el estado de calamidad en 336 de los 496 que conforman el estado meridional de R\u00edo Grande do Sul debido a las fuertes precipitaciones que estuvieron cayendo durante toda la semana pasada, alcanzando niveles que no se hab\u00edan visto desde 1941. La lista de municipios afectados incluye la capital del [&hellip;]\" \/>\n<meta property=\"og:url\" content=\"https:\/\/www.eldiario.net\/portal\/2024\/05\/07\/83-muertos-103-desaparecidos-y-mas-de-336-municipios-afectados\/\" \/>\n<meta property=\"og:site_name\" content=\"El Diario - Bolivia\" \/>\n<meta property=\"article:publisher\" content=\"https:\/\/www.facebook.com\/eldiario.bolivia\/\" \/>\n<meta property=\"article:published_time\" content=\"2024-05-07T10:48:58+00:00\" \/>\n<meta property=\"og:image\" content=\"https:\/\/www.eldiario.net\/portal\/wp-content\/uploads\/2024\/05\/AGUA-FOTO.jpg\" \/>\n\t<meta property=\"og:image:width\" content=\"1200\" \/>\n\t<meta property=\"og:image:height\" content=\"800\" \/>\n\t<meta property=\"og:image:type\" content=\"image\/jpeg\" \/>\n<meta name=\"author\" content=\"Jeanette\" \/>\n<meta name=\"twitter:card\" content=\"summary_large_image\" \/>\n<meta name=\"twitter:creator\" content=\"@eldiario_net\" \/>\n<meta name=\"twitter:site\" content=\"@eldiario_net\" \/>\n<meta name=\"twitter:label1\" content=\"Escrito por\" \/>\n\t<meta name=\"twitter:data1\" content=\"Jeanette\" \/>\n\t<meta name=\"twitter:label2\" content=\"Tiempo de lectura\" \/>\n\t<meta name=\"twitter:data2\" content=\"3 minutos\" \/>\n<script type=\"application\/ld+json\" class=\"yoast-schema-graph\">{\"@context\":\"https:\\\/\\\/schema.org\",\"@graph\":[{\"@type\":\"Article\",\"@id\":\"https:\\\/\\\/www.eldiario.net\\\/portal\\\/2024\\\/05\\\/07\\\/83-muertos-103-desaparecidos-y-mas-de-336-municipios-afectados\\\/#article\",\"isPartOf\":{\"@id\":\"https:\\\/\\\/www.eldiario.net\\\/portal\\\/2024\\\/05\\\/07\\\/83-muertos-103-desaparecidos-y-mas-de-336-municipios-afectados\\\/\"},\"author\":{\"name\":\"Jeanette\",\"@id\":\"https:\\\/\\\/www.eldiario.net\\\/portal\\\/#\\\/schema\\\/person\\\/2c57cf2b7a7ae032e449e4c9b1019eac\"},\"headline\":\"83 muertos, 103 desaparecidos y m\u00e1s de 336 municipios afectados\",\"datePublished\":\"2024-05-07T10:48:58+00:00\",\"mainEntityOfPage\":{\"@id\":\"https:\\\/\\\/www.eldiario.net\\\/portal\\\/2024\\\/05\\\/07\\\/83-muertos-103-desaparecidos-y-mas-de-336-municipios-afectados\\\/\"},\"wordCount\":687,\"commentCount\":0,\"publisher\":{\"@id\":\"https:\\\/\\\/www.eldiario.net\\\/portal\\\/#organization\"},\"image\":{\"@id\":\"https:\\\/\\\/www.eldiario.net\\\/portal\\\/2024\\\/05\\\/07\\\/83-muertos-103-desaparecidos-y-mas-de-336-municipios-afectados\\\/#primaryimage\"},\"thumbnailUrl\":\"https:\\\/\\\/www.eldiario.net\\\/portal\\\/wp-content\\\/uploads\\\/2024\\\/05\\\/AGUA-FOTO.jpg\",\"articleSection\":[\"Internacional\"],\"inLanguage\":\"es\",\"potentialAction\":[{\"@type\":\"CommentAction\",\"name\":\"Comment\",\"target\":[\"https:\\\/\\\/www.eldiario.net\\\/portal\\\/2024\\\/05\\\/07\\\/83-muertos-103-desaparecidos-y-mas-de-336-municipios-afectados\\\/#respond\"]}]},{\"@type\":\"WebPage\",\"@id\":\"https:\\\/\\\/www.eldiario.net\\\/portal\\\/2024\\\/05\\\/07\\\/83-muertos-103-desaparecidos-y-mas-de-336-municipios-afectados\\\/\",\"url\":\"https:\\\/\\\/www.eldiario.net\\\/portal\\\/2024\\\/05\\\/07\\\/83-muertos-103-desaparecidos-y-mas-de-336-municipios-afectados\\\/\",\"name\":\"83 muertos, 103 desaparecidos y m\u00e1s de 336 municipios afectados - El Diario - Bolivia\",\"isPartOf\":{\"@id\":\"https:\\\/\\\/www.eldiario.net\\\/portal\\\/#website\"},\"primaryImageOfPage\":{\"@id\":\"https:\\\/\\\/www.eldiario.net\\\/portal\\\/2024\\\/05\\\/07\\\/83-muertos-103-desaparecidos-y-mas-de-336-municipios-afectados\\\/#primaryimage\"},\"image\":{\"@id\":\"https:\\\/\\\/www.eldiario.net\\\/portal\\\/2024\\\/05\\\/07\\\/83-muertos-103-desaparecidos-y-mas-de-336-municipios-afectados\\\/#primaryimage\"},\"thumbnailUrl\":\"https:\\\/\\\/www.eldiario.net\\\/portal\\\/wp-content\\\/uploads\\\/2024\\\/05\\\/AGUA-FOTO.jpg\",\"datePublished\":\"2024-05-07T10:48:58+00:00\",\"breadcrumb\":{\"@id\":\"https:\\\/\\\/www.eldiario.net\\\/portal\\\/2024\\\/05\\\/07\\\/83-muertos-103-desaparecidos-y-mas-de-336-municipios-afectados\\\/#breadcrumb\"},\"inLanguage\":\"es\",\"potentialAction\":[{\"@type\":\"ReadAction\",\"target\":[\"https:\\\/\\\/www.eldiario.net\\\/portal\\\/2024\\\/05\\\/07\\\/83-muertos-103-desaparecidos-y-mas-de-336-municipios-afectados\\\/\"]}]},{\"@type\":\"ImageObject\",\"inLanguage\":\"es\",\"@id\":\"https:\\\/\\\/www.eldiario.net\\\/portal\\\/2024\\\/05\\\/07\\\/83-muertos-103-desaparecidos-y-mas-de-336-municipios-afectados\\\/#primaryimage\",\"url\":\"https:\\\/\\\/www.eldiario.net\\\/portal\\\/wp-content\\\/uploads\\\/2024\\\/05\\\/AGUA-FOTO.jpg\",\"contentUrl\":\"https:\\\/\\\/www.eldiario.net\\\/portal\\\/wp-content\\\/uploads\\\/2024\\\/05\\\/AGUA-FOTO.jpg\",\"width\":1200,\"height\":800,\"caption\":\"DEFENSA CIVIL TODAV\u00cdA CONTABILIZA FALLECIDOS Y DESAPARECIDOS EN VARIOS MUNICIPIOS. FOTO: Reuters\"},{\"@type\":\"BreadcrumbList\",\"@id\":\"https:\\\/\\\/www.eldiario.net\\\/portal\\\/2024\\\/05\\\/07\\\/83-muertos-103-desaparecidos-y-mas-de-336-municipios-afectados\\\/#breadcrumb\",\"itemListElement\":[{\"@type\":\"ListItem\",\"position\":1,\"name\":\"Portada\",\"item\":\"https:\\\/\\\/www.eldiario.net\\\/portal\\\/\"},{\"@type\":\"ListItem\",\"position\":2,\"name\":\"83 muertos, 103 desaparecidos y m\u00e1s de 336 municipios afectados\"}]},{\"@type\":\"WebSite\",\"@id\":\"https:\\\/\\\/www.eldiario.net\\\/portal\\\/#website\",\"url\":\"https:\\\/\\\/www.eldiario.net\\\/portal\\\/\",\"name\":\"El Diario - Decano de la prensa nacional\",\"description\":\"El Diario - Decano de la prensa nacional\",\"publisher\":{\"@id\":\"https:\\\/\\\/www.eldiario.net\\\/portal\\\/#organization\"},\"potentialAction\":[{\"@type\":\"SearchAction\",\"target\":{\"@type\":\"EntryPoint\",\"urlTemplate\":\"https:\\\/\\\/www.eldiario.net\\\/portal\\\/?s={search_term_string}\"},\"query-input\":{\"@type\":\"PropertyValueSpecification\",\"valueRequired\":true,\"valueName\":\"search_term_string\"}}],\"inLanguage\":\"es\"},{\"@type\":\"Organization\",\"@id\":\"https:\\\/\\\/www.eldiario.net\\\/portal\\\/#organization\",\"name\":\"El Diario - Decano de la prensa nacional\",\"url\":\"https:\\\/\\\/www.eldiario.net\\\/portal\\\/\",\"logo\":{\"@type\":\"ImageObject\",\"inLanguage\":\"es\",\"@id\":\"https:\\\/\\\/www.eldiario.net\\\/portal\\\/#\\\/schema\\\/logo\\\/image\\\/\",\"url\":\"https:\\\/\\\/www.eldiario.net\\\/portal\\\/wp-content\\\/uploads\\\/2023\\\/07\\\/logo_ED.jpg\",\"contentUrl\":\"https:\\\/\\\/www.eldiario.net\\\/portal\\\/wp-content\\\/uploads\\\/2023\\\/07\\\/logo_ED.jpg\",\"width\":272,\"height\":52,\"caption\":\"El Diario - Decano de la prensa nacional\"},\"image\":{\"@id\":\"https:\\\/\\\/www.eldiario.net\\\/portal\\\/#\\\/schema\\\/logo\\\/image\\\/\"},\"sameAs\":[\"https:\\\/\\\/www.facebook.com\\\/eldiario.bolivia\\\/\",\"https:\\\/\\\/x.com\\\/eldiario_net\"]},{\"@type\":\"Person\",\"@id\":\"https:\\\/\\\/www.eldiario.net\\\/portal\\\/#\\\/schema\\\/person\\\/2c57cf2b7a7ae032e449e4c9b1019eac\",\"name\":\"Jeanette\",\"image\":{\"@type\":\"ImageObject\",\"inLanguage\":\"es\",\"@id\":\"https:\\\/\\\/secure.gravatar.com\\\/avatar\\\/3ea2118a5f7dad2b7138b1187a6b7ee55f160b9968b66013c3a3ef39dd7e5798?s=96&d=mm&r=g\",\"url\":\"https:\\\/\\\/secure.gravatar.com\\\/avatar\\\/3ea2118a5f7dad2b7138b1187a6b7ee55f160b9968b66013c3a3ef39dd7e5798?s=96&d=mm&r=g\",\"contentUrl\":\"https:\\\/\\\/secure.gravatar.com\\\/avatar\\\/3ea2118a5f7dad2b7138b1187a6b7ee55f160b9968b66013c3a3ef39dd7e5798?s=96&d=mm&r=g\",\"caption\":\"Jeanette\"},\"sameAs\":[\"https:\\\/\\\/www.eldiario.net\\\/portal\"],\"url\":\"https:\\\/\\\/www.eldiario.net\\\/portal\\\/author\\\/jeanette\\\/\"}]}<\/script>\n<!-- \/ Yoast SEO plugin. -->","yoast_head_json":{"title":"83 muertos, 103 desaparecidos y m\u00e1s de 336 municipios afectados - El Diario - Bolivia","robots":{"index":"index","follow":"follow","max-snippet":"max-snippet:-1","max-image-preview":"max-image-preview:large","max-video-preview":"max-video-preview:-1"},"canonical":"https:\/\/www.eldiario.net\/portal\/2024\/05\/07\/83-muertos-103-desaparecidos-y-mas-de-336-municipios-afectados\/","og_locale":"es_ES","og_type":"article","og_title":"83 muertos, 103 desaparecidos y m\u00e1s de 336 municipios afectados - El Diario - Bolivia","og_description":"El Gobierno de Brasil estableci\u00f3 el estado de calamidad en 336 de los 496 que conforman el estado meridional de R\u00edo Grande do Sul debido a las fuertes precipitaciones que estuvieron cayendo durante toda la semana pasada, alcanzando niveles que no se hab\u00edan visto desde 1941. La lista de municipios afectados incluye la capital del [&hellip;]","og_url":"https:\/\/www.eldiario.net\/portal\/2024\/05\/07\/83-muertos-103-desaparecidos-y-mas-de-336-municipios-afectados\/","og_site_name":"El Diario - Bolivia","article_publisher":"https:\/\/www.facebook.com\/eldiario.bolivia\/","article_published_time":"2024-05-07T10:48:58+00:00","og_image":[{"width":1200,"height":800,"url":"https:\/\/www.eldiario.net\/portal\/wp-content\/uploads\/2024\/05\/AGUA-FOTO.jpg","type":"image\/jpeg"}],"author":"Jeanette","twitter_card":"summary_large_image","twitter_creator":"@eldiario_net","twitter_site":"@eldiario_net","twitter_misc":{"Escrito por":"Jeanette","Tiempo de lectura":"3 minutos"},"schema":{"@context":"https:\/\/schema.org","@graph":[{"@type":"Article","@id":"https:\/\/www.eldiario.net\/portal\/2024\/05\/07\/83-muertos-103-desaparecidos-y-mas-de-336-municipios-afectados\/#article","isPartOf":{"@id":"https:\/\/www.eldiario.net\/portal\/2024\/05\/07\/83-muertos-103-desaparecidos-y-mas-de-336-municipios-afectados\/"},"author":{"name":"Jeanette","@id":"https:\/\/www.eldiario.net\/portal\/#\/schema\/person\/2c57cf2b7a7ae032e449e4c9b1019eac"},"headline":"83 muertos, 103 desaparecidos y m\u00e1s de 336 municipios afectados","datePublished":"2024-05-07T10:48:58+00:00","mainEntityOfPage":{"@id":"https:\/\/www.eldiario.net\/portal\/2024\/05\/07\/83-muertos-103-desaparecidos-y-mas-de-336-municipios-afectados\/"},"wordCount":687,"commentCount":0,"publisher":{"@id":"https:\/\/www.eldiario.net\/portal\/#organization"},"image":{"@id":"https:\/\/www.eldiario.net\/portal\/2024\/05\/07\/83-muertos-103-desaparecidos-y-mas-de-336-municipios-afectados\/#primaryimage"},"thumbnailUrl":"https:\/\/www.eldiario.net\/portal\/wp-content\/uploads\/2024\/05\/AGUA-FOTO.jpg","articleSection":["Internacional"],"inLanguage":"es","potentialAction":[{"@type":"CommentAction","name":"Comment","target":["https:\/\/www.eldiario.net\/portal\/2024\/05\/07\/83-muertos-103-desaparecidos-y-mas-de-336-municipios-afectados\/#respond"]}]},{"@type":"WebPage","@id":"https:\/\/www.eldiario.net\/portal\/2024\/05\/07\/83-muertos-103-desaparecidos-y-mas-de-336-municipios-afectados\/","url":"https:\/\/www.eldiario.net\/portal\/2024\/05\/07\/83-muertos-103-desaparecidos-y-mas-de-336-municipios-afectados\/","name":"83 muertos, 103 desaparecidos y m\u00e1s de 336 municipios afectados - El Diario - Bolivia","isPartOf":{"@id":"https:\/\/www.eldiario.net\/portal\/#website"},"primaryImageOfPage":{"@id":"https:\/\/www.eldiario.net\/portal\/2024\/05\/07\/83-muertos-103-desaparecidos-y-mas-de-336-municipios-afectados\/#primaryimage"},"image":{"@id":"https:\/\/www.eldiario.net\/portal\/2024\/05\/07\/83-muertos-103-desaparecidos-y-mas-de-336-municipios-afectados\/#primaryimage"},"thumbnailUrl":"https:\/\/www.eldiario.net\/portal\/wp-content\/uploads\/2024\/05\/AGUA-FOTO.jpg","datePublished":"2024-05-07T10:48:58+00:00","breadcrumb":{"@id":"https:\/\/www.eldiario.net\/portal\/2024\/05\/07\/83-muertos-103-desaparecidos-y-mas-de-336-municipios-afectados\/#breadcrumb"},"inLanguage":"es","potentialAction":[{"@type":"ReadAction","target":["https:\/\/www.eldiario.net\/portal\/2024\/05\/07\/83-muertos-103-desaparecidos-y-mas-de-336-municipios-afectados\/"]}]},{"@type":"ImageObject","inLanguage":"es","@id":"https:\/\/www.eldiario.net\/portal\/2024\/05\/07\/83-muertos-103-desaparecidos-y-mas-de-336-municipios-afectados\/#primaryimage","url":"https:\/\/www.eldiario.net\/portal\/wp-content\/uploads\/2024\/05\/AGUA-FOTO.jpg","contentUrl":"https:\/\/www.eldiario.net\/portal\/wp-content\/uploads\/2024\/05\/AGUA-FOTO.jpg","width":1200,"height":800,"caption":"DEFENSA CIVIL TODAV\u00cdA CONTABILIZA FALLECIDOS Y DESAPARECIDOS EN VARIOS MUNICIPIOS. FOTO: Reuters"},{"@type":"BreadcrumbList","@id":"https:\/\/www.eldiario.net\/portal\/2024\/05\/07\/83-muertos-103-desaparecidos-y-mas-de-336-municipios-afectados\/#breadcrumb","itemListElement":[{"@type":"ListItem","position":1,"name":"Portada","item":"https:\/\/www.eldiario.net\/portal\/"},{"@type":"ListItem","position":2,"name":"83 muertos, 103 desaparecidos y m\u00e1s de 336 municipios afectados"}]},{"@type":"WebSite","@id":"https:\/\/www.eldiario.net\/portal\/#website","url":"https:\/\/www.eldiario.net\/portal\/","name":"El Diario - Decano de la prensa nacional","description":"El Diario - Decano de la prensa nacional","publisher":{"@id":"https:\/\/www.eldiario.net\/portal\/#organization"},"potentialAction":[{"@type":"SearchAction","target":{"@type":"EntryPoint","urlTemplate":"https:\/\/www.eldiario.net\/portal\/?s={search_term_string}"},"query-input":{"@type":"PropertyValueSpecification","valueRequired":true,"valueName":"search_term_string"}}],"inLanguage":"es"},{"@type":"Organization","@id":"https:\/\/www.eldiario.net\/portal\/#organization","name":"El Diario - Decano de la prensa nacional","url":"https:\/\/www.eldiario.net\/portal\/","logo":{"@type":"ImageObject","inLanguage":"es","@id":"https:\/\/www.eldiario.net\/portal\/#\/schema\/logo\/image\/","url":"https:\/\/www.eldiario.net\/portal\/wp-content\/uploads\/2023\/07\/logo_ED.jpg","contentUrl":"https:\/\/www.eldiario.net\/portal\/wp-content\/uploads\/2023\/07\/logo_ED.jpg","width":272,"height":52,"caption":"El Diario - Decano de la prensa nacional"},"image":{"@id":"https:\/\/www.eldiario.net\/portal\/#\/schema\/logo\/image\/"},"sameAs":["https:\/\/www.facebook.com\/eldiario.bolivia\/","https:\/\/x.com\/eldiario_net"]},{"@type":"Person","@id":"https:\/\/www.eldiario.net\/portal\/#\/schema\/person\/2c57cf2b7a7ae032e449e4c9b1019eac","name":"Jeanette","image":{"@type":"ImageObject","inLanguage":"es","@id":"https:\/\/secure.gravatar.com\/avatar\/3ea2118a5f7dad2b7138b1187a6b7ee55f160b9968b66013c3a3ef39dd7e5798?s=96&d=mm&r=g","url":"https:\/\/secure.gravatar.com\/avatar\/3ea2118a5f7dad2b7138b1187a6b7ee55f160b9968b66013c3a3ef39dd7e5798?s=96&d=mm&r=g","contentUrl":"https:\/\/secure.gravatar.com\/avatar\/3ea2118a5f7dad2b7138b1187a6b7ee55f160b9968b66013c3a3ef39dd7e5798?s=96&d=mm&r=g","caption":"Jeanette"},"sameAs":["https:\/\/www.eldiario.net\/portal"],"url":"https:\/\/www.eldiario.net\/portal\/author\/jeanette\/"}]}},"_links":{"self":[{"href":"https:\/\/www.eldiario.net\/portal\/wp-json\/wp\/v2\/posts\/219052","targetHints":{"allow":["GET"]}}],"collection":[{"href":"https:\/\/www.eldiario.net\/portal\/wp-json\/wp\/v2\/posts"}],"about":[{"href":"https:\/\/www.eldiario.net\/portal\/wp-json\/wp\/v2\/types\/post"}],"author":[{"embeddable":true,"href":"https:\/\/www.eldiario.net\/portal\/wp-json\/wp\/v2\/users\/1"}],"replies":[{"embeddable":true,"href":"https:\/\/www.eldiario.net\/portal\/wp-json\/wp\/v2\/comments?post=219052"}],"version-history":[{"count":1,"href":"https:\/\/www.eldiario.net\/portal\/wp-json\/wp\/v2\/posts\/219052\/revisions"}],"predecessor-version":[{"id":219054,"href":"https:\/\/www.eldiario.net\/portal\/wp-json\/wp\/v2\/posts\/219052\/revisions\/219054"}],"wp:featuredmedia":[{"embeddable":true,"href":"https:\/\/www.eldiario.net\/portal\/wp-json\/wp\/v2\/media\/219053"}],"wp:attachment":[{"href":"https:\/\/www.eldiario.net\/portal\/wp-json\/wp\/v2\/media?parent=219052"}],"wp:term":[{"taxonomy":"category","embeddable":true,"href":"https:\/\/www.eldiario.net\/portal\/wp-json\/wp\/v2\/categories?post=219052"},{"taxonomy":"post_tag","embeddable":true,"href":"https:\/\/www.eldiario.net\/portal\/wp-json\/wp\/v2\/tags?post=219052"}],"curies":[{"name":"wp","href":"https:\/\/api.w.org\/{rel}","templated":true}]}}