{"id":21903,"date":"2021-08-07T02:57:49","date_gmt":"2021-08-07T06:57:49","guid":{"rendered":"https:\/\/www.eldiario.net\/portal\/?p=21903"},"modified":"2021-08-07T02:57:49","modified_gmt":"2021-08-07T06:57:49","slug":"iglesia-catolica-pide-dialogo-entre-partes-enfrentadas","status":"publish","type":"post","link":"https:\/\/www.eldiario.net\/portal\/2021\/08\/07\/iglesia-catolica-pide-dialogo-entre-partes-enfrentadas\/","title":{"rendered":"Iglesia Cat\u00f3lica pide di\u00e1logo  entre partes enfrentadas"},"content":{"rendered":"<p>Ante los \u00faltimos hechos de violencia entre activistas y grupos afines al Gobierno que llegaron a los golpes el pasado jueves, el obispo de la ciudad de Santa Cruz, monse\u00f1or Sergio Gualberti, durante el tedeum por el 6 de Agosto, se\u00f1al\u00f3 que el pa\u00eds sufre por la falta de di\u00e1logo y pidi\u00f3 promover un acercamiento entre todas las partes enfrentadas.<br \/>\nGualberti manifest\u00f3 que el pa\u00eds est\u00e1 en crisis y sufriendo constantemente por la falta de di\u00e1logo entre sus distintos sectores, ya que los constantes enfrentamientos y divisi\u00f3n que se viven en todo nivel est\u00e1n impidiendo que se logre avanzar en el camino de la reconciliaci\u00f3n y la paz social.<br \/>\n\u201cEn nuestro pa\u00eds estamos sufriendo por la falta de di\u00e1logo, la crispaci\u00f3n social y los enfrentamientos en todos los niveles, hechos que impiden la reconciliaci\u00f3n, la paz y la preparaci\u00f3n de un sue\u00f1o com\u00fan\u201d, expres\u00f3.<br \/>\nSostuvo que para alcanzar una sociedad pac\u00edfica y reconciliada es preciso que se deje de lado la violencia como m\u00e9todo para la resoluci\u00f3n de problemas, pues esta forma de actuar destruye en lugar de proteger los valores fundamentales de la convivencia.<br \/>\n\u201cEn una sociedad reconciliada no puede haber cabida para la violencia y los conflictos como medio para resolver los problemas, porque la violencia destruye lo que pretende defender, la dignidad, la vida, la verdad del ser humano\u201d, afirm\u00f3.<br \/>\nPor todo lo expuesto, Gualberti pidi\u00f3 que se trabaje en promover acercamientos entre representantes de los principales sectores enfrentados para que las diferencias se resuelvan mediante el di\u00e1logo sincero.<br \/>\n\u201cHay que promover un acercamiento entre partes enfrentadas y entablar un di\u00e1logo sincero y real. El di\u00e1logo es indispensable, construir puentes en vez de levantar muros\u201d, indic\u00f3.<br \/>\nAgreg\u00f3 que para alcanzar estas metas se requiere de un esp\u00edritu de colaboraci\u00f3n ciudadana, de di\u00e1logo y participaci\u00f3n de los individuos y actores sociales en cuestiones que son de inter\u00e9s colectivo.<\/p>\n","protected":false},"excerpt":{"rendered":"<p>Ante los \u00faltimos hechos de violencia entre activistas y grupos afines al Gobierno que llegaron a los golpes el pasado jueves, el obispo de la ciudad de Santa Cruz, monse\u00f1or Sergio Gualberti, durante el tedeum por el 6 de Agosto, se\u00f1al\u00f3 que el pa\u00eds sufre por la falta de di\u00e1logo y pidi\u00f3 promover un acercamiento [&hellip;]<\/p>\n","protected":false},"author":1,"featured_media":21904,"comment_status":"closed","ping_status":"closed","sticky":false,"template":"","format":"standard","meta":{"_acf_changed":false,"footnotes":""},"categories":[15],"tags":[],"class_list":["post-21903","post","type-post","status-publish","format-standard","has-post-thumbnail","category-portada"],"acf":{"antetitulo":""},"yoast_head":"<!-- This site is optimized with the Yoast SEO plugin v28.4 - https:\/\/yoast.com\/product\/yoast-seo-wordpress\/ -->\n<title>Iglesia Cat\u00f3lica pide di\u00e1logo entre partes enfrentadas - El Diario - Bolivia<\/title>\n<meta name=\"robots\" content=\"index, follow, max-snippet:-1, max-image-preview:large, max-video-preview:-1\" \/>\n<link rel=\"canonical\" href=\"https:\/\/www.eldiario.net\/portal\/2021\/08\/07\/iglesia-catolica-pide-dialogo-entre-partes-enfrentadas\/\" \/>\n<meta property=\"og:locale\" content=\"es_ES\" \/>\n<meta property=\"og:type\" content=\"article\" \/>\n<meta property=\"og:title\" content=\"Iglesia Cat\u00f3lica pide di\u00e1logo entre partes enfrentadas - El Diario - Bolivia\" \/>\n<meta property=\"og:description\" content=\"Ante los \u00faltimos hechos de violencia entre activistas y grupos afines al Gobierno que llegaron a los golpes el pasado jueves, el obispo de la ciudad de Santa Cruz, monse\u00f1or Sergio Gualberti, durante el tedeum por el 6 de Agosto, se\u00f1al\u00f3 que el pa\u00eds sufre por la falta de di\u00e1logo y pidi\u00f3 promover un acercamiento [&hellip;]\" \/>\n<meta property=\"og:url\" content=\"https:\/\/www.eldiario.net\/portal\/2021\/08\/07\/iglesia-catolica-pide-dialogo-entre-partes-enfrentadas\/\" \/>\n<meta property=\"og:site_name\" content=\"El Diario - Bolivia\" \/>\n<meta property=\"article:publisher\" content=\"https:\/\/www.facebook.com\/eldiario.bolivia\/\" \/>\n<meta property=\"article:published_time\" content=\"2021-08-07T06:57:49+00:00\" \/>\n<meta name=\"author\" content=\"Jeanette\" \/>\n<meta name=\"twitter:card\" content=\"summary_large_image\" \/>\n<meta name=\"twitter:creator\" content=\"@eldiario_net\" \/>\n<meta name=\"twitter:site\" content=\"@eldiario_net\" \/>\n<meta name=\"twitter:label1\" content=\"Escrito por\" \/>\n\t<meta name=\"twitter:data1\" content=\"Jeanette\" \/>\n\t<meta name=\"twitter:label2\" content=\"Tiempo de lectura\" \/>\n\t<meta name=\"twitter:data2\" content=\"2 minutos\" \/>\n<script type=\"application\/ld+json\" class=\"yoast-schema-graph\">{\"@context\":\"https:\\\/\\\/schema.org\",\"@graph\":[{\"@type\":\"Article\",\"@id\":\"https:\\\/\\\/www.eldiario.net\\\/portal\\\/2021\\\/08\\\/07\\\/iglesia-catolica-pide-dialogo-entre-partes-enfrentadas\\\/#article\",\"isPartOf\":{\"@id\":\"https:\\\/\\\/www.eldiario.net\\\/portal\\\/2021\\\/08\\\/07\\\/iglesia-catolica-pide-dialogo-entre-partes-enfrentadas\\\/\"},\"author\":{\"name\":\"Jeanette\",\"@id\":\"https:\\\/\\\/www.eldiario.net\\\/portal\\\/#\\\/schema\\\/person\\\/f46445640444750d7d753ccd04ae01b7\"},\"headline\":\"Iglesia Cat\u00f3lica pide di\u00e1logo entre partes enfrentadas\",\"datePublished\":\"2021-08-07T06:57:49+00:00\",\"mainEntityOfPage\":{\"@id\":\"https:\\\/\\\/www.eldiario.net\\\/portal\\\/2021\\\/08\\\/07\\\/iglesia-catolica-pide-dialogo-entre-partes-enfrentadas\\\/\"},\"wordCount\":345,\"publisher\":{\"@id\":\"https:\\\/\\\/www.eldiario.net\\\/portal\\\/#organization\"},\"image\":{\"@id\":\"https:\\\/\\\/www.eldiario.net\\\/portal\\\/2021\\\/08\\\/07\\\/iglesia-catolica-pide-dialogo-entre-partes-enfrentadas\\\/#primaryimage\"},\"thumbnailUrl\":\"\",\"articleSection\":[\"Portada\"],\"inLanguage\":\"es\"},{\"@type\":\"WebPage\",\"@id\":\"https:\\\/\\\/www.eldiario.net\\\/portal\\\/2021\\\/08\\\/07\\\/iglesia-catolica-pide-dialogo-entre-partes-enfrentadas\\\/\",\"url\":\"https:\\\/\\\/www.eldiario.net\\\/portal\\\/2021\\\/08\\\/07\\\/iglesia-catolica-pide-dialogo-entre-partes-enfrentadas\\\/\",\"name\":\"Iglesia Cat\u00f3lica pide di\u00e1logo entre partes enfrentadas - El Diario - Bolivia\",\"isPartOf\":{\"@id\":\"https:\\\/\\\/www.eldiario.net\\\/portal\\\/#website\"},\"primaryImageOfPage\":{\"@id\":\"https:\\\/\\\/www.eldiario.net\\\/portal\\\/2021\\\/08\\\/07\\\/iglesia-catolica-pide-dialogo-entre-partes-enfrentadas\\\/#primaryimage\"},\"image\":{\"@id\":\"https:\\\/\\\/www.eldiario.net\\\/portal\\\/2021\\\/08\\\/07\\\/iglesia-catolica-pide-dialogo-entre-partes-enfrentadas\\\/#primaryimage\"},\"thumbnailUrl\":\"\",\"datePublished\":\"2021-08-07T06:57:49+00:00\",\"breadcrumb\":{\"@id\":\"https:\\\/\\\/www.eldiario.net\\\/portal\\\/2021\\\/08\\\/07\\\/iglesia-catolica-pide-dialogo-entre-partes-enfrentadas\\\/#breadcrumb\"},\"inLanguage\":\"es\",\"potentialAction\":[{\"@type\":\"ReadAction\",\"target\":[\"https:\\\/\\\/www.eldiario.net\\\/portal\\\/2021\\\/08\\\/07\\\/iglesia-catolica-pide-dialogo-entre-partes-enfrentadas\\\/\"]}]},{\"@type\":\"ImageObject\",\"inLanguage\":\"es\",\"@id\":\"https:\\\/\\\/www.eldiario.net\\\/portal\\\/2021\\\/08\\\/07\\\/iglesia-catolica-pide-dialogo-entre-partes-enfrentadas\\\/#primaryimage\",\"url\":\"\",\"contentUrl\":\"\"},{\"@type\":\"BreadcrumbList\",\"@id\":\"https:\\\/\\\/www.eldiario.net\\\/portal\\\/2021\\\/08\\\/07\\\/iglesia-catolica-pide-dialogo-entre-partes-enfrentadas\\\/#breadcrumb\",\"itemListElement\":[{\"@type\":\"ListItem\",\"position\":1,\"name\":\"Portada\",\"item\":\"https:\\\/\\\/www.eldiario.net\\\/portal\\\/\"},{\"@type\":\"ListItem\",\"position\":2,\"name\":\"Iglesia Cat\u00f3lica pide di\u00e1logo entre partes enfrentadas\"}]},{\"@type\":\"WebSite\",\"@id\":\"https:\\\/\\\/www.eldiario.net\\\/portal\\\/#website\",\"url\":\"https:\\\/\\\/www.eldiario.net\\\/portal\\\/\",\"name\":\"El Diario - Decano de la prensa nacional\",\"description\":\"El Diario - Decano de la prensa nacional\",\"publisher\":{\"@id\":\"https:\\\/\\\/www.eldiario.net\\\/portal\\\/#organization\"},\"potentialAction\":[{\"@type\":\"SearchAction\",\"target\":{\"@type\":\"EntryPoint\",\"urlTemplate\":\"https:\\\/\\\/www.eldiario.net\\\/portal\\\/?s={search_term_string}\"},\"query-input\":{\"@type\":\"PropertyValueSpecification\",\"valueRequired\":true,\"valueName\":\"search_term_string\"}}],\"inLanguage\":\"es\"},{\"@type\":\"Organization\",\"@id\":\"https:\\\/\\\/www.eldiario.net\\\/portal\\\/#organization\",\"name\":\"El Diario - Decano de la prensa nacional\",\"url\":\"https:\\\/\\\/www.eldiario.net\\\/portal\\\/\",\"logo\":{\"@type\":\"ImageObject\",\"inLanguage\":\"es\",\"@id\":\"https:\\\/\\\/www.eldiario.net\\\/portal\\\/#\\\/schema\\\/logo\\\/image\\\/\",\"url\":\"https:\\\/\\\/www.eldiario.net\\\/portal\\\/wp-content\\\/uploads\\\/2023\\\/07\\\/logo_ED.jpg\",\"contentUrl\":\"https:\\\/\\\/www.eldiario.net\\\/portal\\\/wp-content\\\/uploads\\\/2023\\\/07\\\/logo_ED.jpg\",\"width\":272,\"height\":52,\"caption\":\"El Diario - Decano de la prensa nacional\"},\"image\":{\"@id\":\"https:\\\/\\\/www.eldiario.net\\\/portal\\\/#\\\/schema\\\/logo\\\/image\\\/\"},\"sameAs\":[\"https:\\\/\\\/www.facebook.com\\\/eldiario.bolivia\\\/\",\"https:\\\/\\\/x.com\\\/eldiario_net\"]},{\"@type\":\"Person\",\"@id\":\"https:\\\/\\\/www.eldiario.net\\\/portal\\\/#\\\/schema\\\/person\\\/f46445640444750d7d753ccd04ae01b7\",\"name\":\"Jeanette\",\"image\":{\"@type\":\"ImageObject\",\"inLanguage\":\"es\",\"@id\":\"https:\\\/\\\/secure.gravatar.com\\\/avatar\\\/3ea2118a5f7dad2b7138b1187a6b7ee55f160b9968b66013c3a3ef39dd7e5798?s=96&d=mm&r=g\",\"url\":\"https:\\\/\\\/secure.gravatar.com\\\/avatar\\\/3ea2118a5f7dad2b7138b1187a6b7ee55f160b9968b66013c3a3ef39dd7e5798?s=96&d=mm&r=g\",\"contentUrl\":\"https:\\\/\\\/secure.gravatar.com\\\/avatar\\\/3ea2118a5f7dad2b7138b1187a6b7ee55f160b9968b66013c3a3ef39dd7e5798?s=96&d=mm&r=g\",\"caption\":\"Jeanette\"},\"sameAs\":[\"https:\\\/\\\/www.eldiario.net\\\/portal\"],\"url\":\"https:\\\/\\\/www.eldiario.net\\\/portal\\\/author\\\/jeanette\\\/\"}]}<\/script>\n<!-- \/ Yoast SEO plugin. -->","yoast_head_json":{"title":"Iglesia Cat\u00f3lica pide di\u00e1logo entre partes enfrentadas - El Diario - Bolivia","robots":{"index":"index","follow":"follow","max-snippet":"max-snippet:-1","max-image-preview":"max-image-preview:large","max-video-preview":"max-video-preview:-1"},"canonical":"https:\/\/www.eldiario.net\/portal\/2021\/08\/07\/iglesia-catolica-pide-dialogo-entre-partes-enfrentadas\/","og_locale":"es_ES","og_type":"article","og_title":"Iglesia Cat\u00f3lica pide di\u00e1logo entre partes enfrentadas - El Diario - Bolivia","og_description":"Ante los \u00faltimos hechos de violencia entre activistas y grupos afines al Gobierno que llegaron a los golpes el pasado jueves, el obispo de la ciudad de Santa Cruz, monse\u00f1or Sergio Gualberti, durante el tedeum por el 6 de Agosto, se\u00f1al\u00f3 que el pa\u00eds sufre por la falta de di\u00e1logo y pidi\u00f3 promover un acercamiento [&hellip;]","og_url":"https:\/\/www.eldiario.net\/portal\/2021\/08\/07\/iglesia-catolica-pide-dialogo-entre-partes-enfrentadas\/","og_site_name":"El Diario - Bolivia","article_publisher":"https:\/\/www.facebook.com\/eldiario.bolivia\/","article_published_time":"2021-08-07T06:57:49+00:00","author":"Jeanette","twitter_card":"summary_large_image","twitter_creator":"@eldiario_net","twitter_site":"@eldiario_net","twitter_misc":{"Escrito por":"Jeanette","Tiempo de lectura":"2 minutos"},"schema":{"@context":"https:\/\/schema.org","@graph":[{"@type":"Article","@id":"https:\/\/www.eldiario.net\/portal\/2021\/08\/07\/iglesia-catolica-pide-dialogo-entre-partes-enfrentadas\/#article","isPartOf":{"@id":"https:\/\/www.eldiario.net\/portal\/2021\/08\/07\/iglesia-catolica-pide-dialogo-entre-partes-enfrentadas\/"},"author":{"name":"Jeanette","@id":"https:\/\/www.eldiario.net\/portal\/#\/schema\/person\/f46445640444750d7d753ccd04ae01b7"},"headline":"Iglesia Cat\u00f3lica pide di\u00e1logo entre partes enfrentadas","datePublished":"2021-08-07T06:57:49+00:00","mainEntityOfPage":{"@id":"https:\/\/www.eldiario.net\/portal\/2021\/08\/07\/iglesia-catolica-pide-dialogo-entre-partes-enfrentadas\/"},"wordCount":345,"publisher":{"@id":"https:\/\/www.eldiario.net\/portal\/#organization"},"image":{"@id":"https:\/\/www.eldiario.net\/portal\/2021\/08\/07\/iglesia-catolica-pide-dialogo-entre-partes-enfrentadas\/#primaryimage"},"thumbnailUrl":"","articleSection":["Portada"],"inLanguage":"es"},{"@type":"WebPage","@id":"https:\/\/www.eldiario.net\/portal\/2021\/08\/07\/iglesia-catolica-pide-dialogo-entre-partes-enfrentadas\/","url":"https:\/\/www.eldiario.net\/portal\/2021\/08\/07\/iglesia-catolica-pide-dialogo-entre-partes-enfrentadas\/","name":"Iglesia Cat\u00f3lica pide di\u00e1logo entre partes enfrentadas - El Diario - Bolivia","isPartOf":{"@id":"https:\/\/www.eldiario.net\/portal\/#website"},"primaryImageOfPage":{"@id":"https:\/\/www.eldiario.net\/portal\/2021\/08\/07\/iglesia-catolica-pide-dialogo-entre-partes-enfrentadas\/#primaryimage"},"image":{"@id":"https:\/\/www.eldiario.net\/portal\/2021\/08\/07\/iglesia-catolica-pide-dialogo-entre-partes-enfrentadas\/#primaryimage"},"thumbnailUrl":"","datePublished":"2021-08-07T06:57:49+00:00","breadcrumb":{"@id":"https:\/\/www.eldiario.net\/portal\/2021\/08\/07\/iglesia-catolica-pide-dialogo-entre-partes-enfrentadas\/#breadcrumb"},"inLanguage":"es","potentialAction":[{"@type":"ReadAction","target":["https:\/\/www.eldiario.net\/portal\/2021\/08\/07\/iglesia-catolica-pide-dialogo-entre-partes-enfrentadas\/"]}]},{"@type":"ImageObject","inLanguage":"es","@id":"https:\/\/www.eldiario.net\/portal\/2021\/08\/07\/iglesia-catolica-pide-dialogo-entre-partes-enfrentadas\/#primaryimage","url":"","contentUrl":""},{"@type":"BreadcrumbList","@id":"https:\/\/www.eldiario.net\/portal\/2021\/08\/07\/iglesia-catolica-pide-dialogo-entre-partes-enfrentadas\/#breadcrumb","itemListElement":[{"@type":"ListItem","position":1,"name":"Portada","item":"https:\/\/www.eldiario.net\/portal\/"},{"@type":"ListItem","position":2,"name":"Iglesia Cat\u00f3lica pide di\u00e1logo entre partes enfrentadas"}]},{"@type":"WebSite","@id":"https:\/\/www.eldiario.net\/portal\/#website","url":"https:\/\/www.eldiario.net\/portal\/","name":"El Diario - Decano de la prensa nacional","description":"El Diario - Decano de la prensa nacional","publisher":{"@id":"https:\/\/www.eldiario.net\/portal\/#organization"},"potentialAction":[{"@type":"SearchAction","target":{"@type":"EntryPoint","urlTemplate":"https:\/\/www.eldiario.net\/portal\/?s={search_term_string}"},"query-input":{"@type":"PropertyValueSpecification","valueRequired":true,"valueName":"search_term_string"}}],"inLanguage":"es"},{"@type":"Organization","@id":"https:\/\/www.eldiario.net\/portal\/#organization","name":"El Diario - Decano de la prensa nacional","url":"https:\/\/www.eldiario.net\/portal\/","logo":{"@type":"ImageObject","inLanguage":"es","@id":"https:\/\/www.eldiario.net\/portal\/#\/schema\/logo\/image\/","url":"https:\/\/www.eldiario.net\/portal\/wp-content\/uploads\/2023\/07\/logo_ED.jpg","contentUrl":"https:\/\/www.eldiario.net\/portal\/wp-content\/uploads\/2023\/07\/logo_ED.jpg","width":272,"height":52,"caption":"El Diario - Decano de la prensa nacional"},"image":{"@id":"https:\/\/www.eldiario.net\/portal\/#\/schema\/logo\/image\/"},"sameAs":["https:\/\/www.facebook.com\/eldiario.bolivia\/","https:\/\/x.com\/eldiario_net"]},{"@type":"Person","@id":"https:\/\/www.eldiario.net\/portal\/#\/schema\/person\/f46445640444750d7d753ccd04ae01b7","name":"Jeanette","image":{"@type":"ImageObject","inLanguage":"es","@id":"https:\/\/secure.gravatar.com\/avatar\/3ea2118a5f7dad2b7138b1187a6b7ee55f160b9968b66013c3a3ef39dd7e5798?s=96&d=mm&r=g","url":"https:\/\/secure.gravatar.com\/avatar\/3ea2118a5f7dad2b7138b1187a6b7ee55f160b9968b66013c3a3ef39dd7e5798?s=96&d=mm&r=g","contentUrl":"https:\/\/secure.gravatar.com\/avatar\/3ea2118a5f7dad2b7138b1187a6b7ee55f160b9968b66013c3a3ef39dd7e5798?s=96&d=mm&r=g","caption":"Jeanette"},"sameAs":["https:\/\/www.eldiario.net\/portal"],"url":"https:\/\/www.eldiario.net\/portal\/author\/jeanette\/"}]}},"_links":{"self":[{"href":"https:\/\/www.eldiario.net\/portal\/wp-json\/wp\/v2\/posts\/21903","targetHints":{"allow":["GET"]}}],"collection":[{"href":"https:\/\/www.eldiario.net\/portal\/wp-json\/wp\/v2\/posts"}],"about":[{"href":"https:\/\/www.eldiario.net\/portal\/wp-json\/wp\/v2\/types\/post"}],"author":[{"embeddable":true,"href":"https:\/\/www.eldiario.net\/portal\/wp-json\/wp\/v2\/users\/1"}],"replies":[{"embeddable":true,"href":"https:\/\/www.eldiario.net\/portal\/wp-json\/wp\/v2\/comments?post=21903"}],"version-history":[{"count":0,"href":"https:\/\/www.eldiario.net\/portal\/wp-json\/wp\/v2\/posts\/21903\/revisions"}],"wp:attachment":[{"href":"https:\/\/www.eldiario.net\/portal\/wp-json\/wp\/v2\/media?parent=21903"}],"wp:term":[{"taxonomy":"category","embeddable":true,"href":"https:\/\/www.eldiario.net\/portal\/wp-json\/wp\/v2\/categories?post=21903"},{"taxonomy":"post_tag","embeddable":true,"href":"https:\/\/www.eldiario.net\/portal\/wp-json\/wp\/v2\/tags?post=21903"}],"curies":[{"name":"wp","href":"https:\/\/api.w.org\/{rel}","templated":true}]}}