{"id":21890,"date":"2021-08-07T02:37:34","date_gmt":"2021-08-07T06:37:34","guid":{"rendered":"https:\/\/www.eldiario.net\/portal\/?p=21890"},"modified":"2021-08-07T02:37:34","modified_gmt":"2021-08-07T06:37:34","slug":"choquehuanca-reitera-discurso-conciliador","status":"publish","type":"post","link":"https:\/\/www.eldiario.net\/portal\/2021\/08\/07\/choquehuanca-reitera-discurso-conciliador\/","title":{"rendered":"Choquehuanca reitera  discurso conciliador"},"content":{"rendered":"<p>Totalmente opuesto al tono confrontador de las palabras de Arce, el segundo mandatario del Estado, David Choquehuanca, durante su discurso por los 196 a\u00f1os de independencia de Bolivia, apel\u00f3 al mensaje de reconciliaci\u00f3n para superar las diferencias entre bolivianos mediante acuerdos basados en consensos.<br \/>\nChoquehuanca hizo referencia a que es necesario superar la confrontaci\u00f3n mediante acuerdos producto de consensos, pero estos deben acordarse mediante la raz\u00f3n y el convencimiento, de lo contrario se pone en grave riesgo la estabilidad de la patria.<br \/>\n\u201cLa democracia es ponernos de acuerdo, y si no somos capaces de lograr acuerdos con consensos, es porque no convencemos o no tenemos raz\u00f3n, es ah\u00ed cuando la patria se pone en grave riesgo, cuando se busca vencer en lugar de convencer\u201d, dijo.<br \/>\nSobre la justicia, se\u00f1al\u00f3 que no se puede reparar una injusticia con otra, por lo que es preciso alcanzar una justicia que est\u00e9 al servicio de la vida y se encargue de reparar los da\u00f1os a todas las v\u00edctimas.<br \/>\n\u201cReparar una injusticia con otra injusticia es se\u00f1al de no haber logrado cambios estructurales profundos. Proponemos una justicia para la vida, sin impunidad, sin corrupci\u00f3n, con reparaci\u00f3n de da\u00f1os para sanar heridas\u201d, sostuvo.<br \/>\nLa autoridad refiri\u00f3 tambi\u00e9n que para lograr alcanzar el vivir bien de la poblaci\u00f3n es necesario que dejar de lado la confrontaci\u00f3n y satisfacer las necesidades de todos los ciudadanos.<br \/>\n\u201cNuestro camino es alcanzar el vivir, bien sin venganzas, sin guerras, dando respuestas a las preguntas de todos\u201d, manifest\u00f3.<br \/>\nEl Vicepresidente tambi\u00e9n hizo referencia a las riquezas con las que cuenta el pa\u00eds y que las reservas de recursos naturales hacen que Bolivia se encuentre en los primeros lugares a nivel mundial, hecho que contradice los niveles de pobreza que son motivo de preocupaci\u00f3n en la actualidad.<br \/>\nTras estas palabras, legisladores como la senadora por CC, Cecilia Requena, destacaron las palabras de Choquehuanca y lament\u00f3 que estos conceptos no sean practicados por la militancia del MAS.<br \/>\n\u201cEl Vicepresidente habla de consenso, de ponerse de acuerdo, de convencer, no vencer. Ojal\u00e1 el MAS actuara seg\u00fan los discursos de Choquehuanca. Hacen lo opuesto. Lo de ayer contra una movilizaci\u00f3n pac\u00edfica por la democracia y los DDHH fue una muestra vergonzosa de la realidad del masismo\u201d, lament\u00f3 Requena.<br \/>\nSimilares criterios fueron expresados por el periodista Andr\u00e9s G\u00f3mez, quien compar\u00f3 los mensajes del presidente y del vicepresidente sosteniendo que van en caminos diferentes, mientras uno sigue los lineamientos de Morales, el otro apuesta por el mensaje de paz. \u201cLa gente que vio los mensajes de ambos pol\u00edticos los percibi\u00f3 en caminos diferentes: a uno en la senda del evismo y al otro en la senda de la paz\u201d, expres\u00f3 desde sus redes sociales.<\/p>\n","protected":false},"excerpt":{"rendered":"<p>Totalmente opuesto al tono confrontador de las palabras de Arce, el segundo mandatario del Estado, David Choquehuanca, durante su discurso por los 196 a\u00f1os de independencia de Bolivia, apel\u00f3 al mensaje de reconciliaci\u00f3n para superar las diferencias entre bolivianos mediante acuerdos basados en consensos. Choquehuanca hizo referencia a que es necesario superar la confrontaci\u00f3n mediante [&hellip;]<\/p>\n","protected":false},"author":1,"featured_media":21891,"comment_status":"closed","ping_status":"closed","sticky":false,"template":"","format":"standard","meta":{"_acf_changed":false,"footnotes":""},"categories":[14],"tags":[],"class_list":["post-21890","post","type-post","status-publish","format-standard","has-post-thumbnail","category-politica"],"acf":{"antetitulo":""},"yoast_head":"<!-- This site is optimized with the Yoast SEO plugin v28.4 - https:\/\/yoast.com\/product\/yoast-seo-wordpress\/ -->\n<title>Choquehuanca reitera discurso conciliador - El Diario - Bolivia<\/title>\n<meta name=\"robots\" content=\"index, follow, max-snippet:-1, max-image-preview:large, max-video-preview:-1\" \/>\n<link rel=\"canonical\" href=\"https:\/\/www.eldiario.net\/portal\/2021\/08\/07\/choquehuanca-reitera-discurso-conciliador\/\" \/>\n<meta property=\"og:locale\" content=\"es_ES\" \/>\n<meta property=\"og:type\" content=\"article\" \/>\n<meta property=\"og:title\" content=\"Choquehuanca reitera discurso conciliador - El Diario - Bolivia\" \/>\n<meta property=\"og:description\" content=\"Totalmente opuesto al tono confrontador de las palabras de Arce, el segundo mandatario del Estado, David Choquehuanca, durante su discurso por los 196 a\u00f1os de independencia de Bolivia, apel\u00f3 al mensaje de reconciliaci\u00f3n para superar las diferencias entre bolivianos mediante acuerdos basados en consensos. Choquehuanca hizo referencia a que es necesario superar la confrontaci\u00f3n mediante [&hellip;]\" \/>\n<meta property=\"og:url\" content=\"https:\/\/www.eldiario.net\/portal\/2021\/08\/07\/choquehuanca-reitera-discurso-conciliador\/\" \/>\n<meta property=\"og:site_name\" content=\"El Diario - Bolivia\" \/>\n<meta property=\"article:publisher\" content=\"https:\/\/www.facebook.com\/eldiario.bolivia\/\" \/>\n<meta property=\"article:published_time\" content=\"2021-08-07T06:37:34+00:00\" \/>\n<meta name=\"author\" content=\"Jeanette\" \/>\n<meta name=\"twitter:card\" content=\"summary_large_image\" \/>\n<meta name=\"twitter:creator\" content=\"@eldiario_net\" \/>\n<meta name=\"twitter:site\" content=\"@eldiario_net\" \/>\n<meta name=\"twitter:label1\" content=\"Escrito por\" \/>\n\t<meta name=\"twitter:data1\" content=\"Jeanette\" \/>\n\t<meta name=\"twitter:label2\" content=\"Tiempo de lectura\" \/>\n\t<meta name=\"twitter:data2\" content=\"2 minutos\" \/>\n<script type=\"application\/ld+json\" class=\"yoast-schema-graph\">{\"@context\":\"https:\\\/\\\/schema.org\",\"@graph\":[{\"@type\":\"Article\",\"@id\":\"https:\\\/\\\/www.eldiario.net\\\/portal\\\/2021\\\/08\\\/07\\\/choquehuanca-reitera-discurso-conciliador\\\/#article\",\"isPartOf\":{\"@id\":\"https:\\\/\\\/www.eldiario.net\\\/portal\\\/2021\\\/08\\\/07\\\/choquehuanca-reitera-discurso-conciliador\\\/\"},\"author\":{\"name\":\"Jeanette\",\"@id\":\"https:\\\/\\\/www.eldiario.net\\\/portal\\\/#\\\/schema\\\/person\\\/f46445640444750d7d753ccd04ae01b7\"},\"headline\":\"Choquehuanca reitera discurso conciliador\",\"datePublished\":\"2021-08-07T06:37:34+00:00\",\"mainEntityOfPage\":{\"@id\":\"https:\\\/\\\/www.eldiario.net\\\/portal\\\/2021\\\/08\\\/07\\\/choquehuanca-reitera-discurso-conciliador\\\/\"},\"wordCount\":473,\"publisher\":{\"@id\":\"https:\\\/\\\/www.eldiario.net\\\/portal\\\/#organization\"},\"image\":{\"@id\":\"https:\\\/\\\/www.eldiario.net\\\/portal\\\/2021\\\/08\\\/07\\\/choquehuanca-reitera-discurso-conciliador\\\/#primaryimage\"},\"thumbnailUrl\":\"\",\"articleSection\":[\"Pol\u00edtica\"],\"inLanguage\":\"es\"},{\"@type\":\"WebPage\",\"@id\":\"https:\\\/\\\/www.eldiario.net\\\/portal\\\/2021\\\/08\\\/07\\\/choquehuanca-reitera-discurso-conciliador\\\/\",\"url\":\"https:\\\/\\\/www.eldiario.net\\\/portal\\\/2021\\\/08\\\/07\\\/choquehuanca-reitera-discurso-conciliador\\\/\",\"name\":\"Choquehuanca reitera discurso conciliador - El Diario - Bolivia\",\"isPartOf\":{\"@id\":\"https:\\\/\\\/www.eldiario.net\\\/portal\\\/#website\"},\"primaryImageOfPage\":{\"@id\":\"https:\\\/\\\/www.eldiario.net\\\/portal\\\/2021\\\/08\\\/07\\\/choquehuanca-reitera-discurso-conciliador\\\/#primaryimage\"},\"image\":{\"@id\":\"https:\\\/\\\/www.eldiario.net\\\/portal\\\/2021\\\/08\\\/07\\\/choquehuanca-reitera-discurso-conciliador\\\/#primaryimage\"},\"thumbnailUrl\":\"\",\"datePublished\":\"2021-08-07T06:37:34+00:00\",\"breadcrumb\":{\"@id\":\"https:\\\/\\\/www.eldiario.net\\\/portal\\\/2021\\\/08\\\/07\\\/choquehuanca-reitera-discurso-conciliador\\\/#breadcrumb\"},\"inLanguage\":\"es\",\"potentialAction\":[{\"@type\":\"ReadAction\",\"target\":[\"https:\\\/\\\/www.eldiario.net\\\/portal\\\/2021\\\/08\\\/07\\\/choquehuanca-reitera-discurso-conciliador\\\/\"]}]},{\"@type\":\"ImageObject\",\"inLanguage\":\"es\",\"@id\":\"https:\\\/\\\/www.eldiario.net\\\/portal\\\/2021\\\/08\\\/07\\\/choquehuanca-reitera-discurso-conciliador\\\/#primaryimage\",\"url\":\"\",\"contentUrl\":\"\"},{\"@type\":\"BreadcrumbList\",\"@id\":\"https:\\\/\\\/www.eldiario.net\\\/portal\\\/2021\\\/08\\\/07\\\/choquehuanca-reitera-discurso-conciliador\\\/#breadcrumb\",\"itemListElement\":[{\"@type\":\"ListItem\",\"position\":1,\"name\":\"Portada\",\"item\":\"https:\\\/\\\/www.eldiario.net\\\/portal\\\/\"},{\"@type\":\"ListItem\",\"position\":2,\"name\":\"Choquehuanca reitera discurso conciliador\"}]},{\"@type\":\"WebSite\",\"@id\":\"https:\\\/\\\/www.eldiario.net\\\/portal\\\/#website\",\"url\":\"https:\\\/\\\/www.eldiario.net\\\/portal\\\/\",\"name\":\"El Diario - Decano de la prensa nacional\",\"description\":\"El Diario - Decano de la prensa nacional\",\"publisher\":{\"@id\":\"https:\\\/\\\/www.eldiario.net\\\/portal\\\/#organization\"},\"potentialAction\":[{\"@type\":\"SearchAction\",\"target\":{\"@type\":\"EntryPoint\",\"urlTemplate\":\"https:\\\/\\\/www.eldiario.net\\\/portal\\\/?s={search_term_string}\"},\"query-input\":{\"@type\":\"PropertyValueSpecification\",\"valueRequired\":true,\"valueName\":\"search_term_string\"}}],\"inLanguage\":\"es\"},{\"@type\":\"Organization\",\"@id\":\"https:\\\/\\\/www.eldiario.net\\\/portal\\\/#organization\",\"name\":\"El Diario - Decano de la prensa nacional\",\"url\":\"https:\\\/\\\/www.eldiario.net\\\/portal\\\/\",\"logo\":{\"@type\":\"ImageObject\",\"inLanguage\":\"es\",\"@id\":\"https:\\\/\\\/www.eldiario.net\\\/portal\\\/#\\\/schema\\\/logo\\\/image\\\/\",\"url\":\"https:\\\/\\\/www.eldiario.net\\\/portal\\\/wp-content\\\/uploads\\\/2023\\\/07\\\/logo_ED.jpg\",\"contentUrl\":\"https:\\\/\\\/www.eldiario.net\\\/portal\\\/wp-content\\\/uploads\\\/2023\\\/07\\\/logo_ED.jpg\",\"width\":272,\"height\":52,\"caption\":\"El Diario - Decano de la prensa nacional\"},\"image\":{\"@id\":\"https:\\\/\\\/www.eldiario.net\\\/portal\\\/#\\\/schema\\\/logo\\\/image\\\/\"},\"sameAs\":[\"https:\\\/\\\/www.facebook.com\\\/eldiario.bolivia\\\/\",\"https:\\\/\\\/x.com\\\/eldiario_net\"]},{\"@type\":\"Person\",\"@id\":\"https:\\\/\\\/www.eldiario.net\\\/portal\\\/#\\\/schema\\\/person\\\/f46445640444750d7d753ccd04ae01b7\",\"name\":\"Jeanette\",\"image\":{\"@type\":\"ImageObject\",\"inLanguage\":\"es\",\"@id\":\"https:\\\/\\\/secure.gravatar.com\\\/avatar\\\/3ea2118a5f7dad2b7138b1187a6b7ee55f160b9968b66013c3a3ef39dd7e5798?s=96&d=mm&r=g\",\"url\":\"https:\\\/\\\/secure.gravatar.com\\\/avatar\\\/3ea2118a5f7dad2b7138b1187a6b7ee55f160b9968b66013c3a3ef39dd7e5798?s=96&d=mm&r=g\",\"contentUrl\":\"https:\\\/\\\/secure.gravatar.com\\\/avatar\\\/3ea2118a5f7dad2b7138b1187a6b7ee55f160b9968b66013c3a3ef39dd7e5798?s=96&d=mm&r=g\",\"caption\":\"Jeanette\"},\"sameAs\":[\"https:\\\/\\\/www.eldiario.net\\\/portal\"],\"url\":\"https:\\\/\\\/www.eldiario.net\\\/portal\\\/author\\\/jeanette\\\/\"}]}<\/script>\n<!-- \/ Yoast SEO plugin. -->","yoast_head_json":{"title":"Choquehuanca reitera discurso conciliador - El Diario - Bolivia","robots":{"index":"index","follow":"follow","max-snippet":"max-snippet:-1","max-image-preview":"max-image-preview:large","max-video-preview":"max-video-preview:-1"},"canonical":"https:\/\/www.eldiario.net\/portal\/2021\/08\/07\/choquehuanca-reitera-discurso-conciliador\/","og_locale":"es_ES","og_type":"article","og_title":"Choquehuanca reitera discurso conciliador - El Diario - Bolivia","og_description":"Totalmente opuesto al tono confrontador de las palabras de Arce, el segundo mandatario del Estado, David Choquehuanca, durante su discurso por los 196 a\u00f1os de independencia de Bolivia, apel\u00f3 al mensaje de reconciliaci\u00f3n para superar las diferencias entre bolivianos mediante acuerdos basados en consensos. Choquehuanca hizo referencia a que es necesario superar la confrontaci\u00f3n mediante [&hellip;]","og_url":"https:\/\/www.eldiario.net\/portal\/2021\/08\/07\/choquehuanca-reitera-discurso-conciliador\/","og_site_name":"El Diario - Bolivia","article_publisher":"https:\/\/www.facebook.com\/eldiario.bolivia\/","article_published_time":"2021-08-07T06:37:34+00:00","author":"Jeanette","twitter_card":"summary_large_image","twitter_creator":"@eldiario_net","twitter_site":"@eldiario_net","twitter_misc":{"Escrito por":"Jeanette","Tiempo de lectura":"2 minutos"},"schema":{"@context":"https:\/\/schema.org","@graph":[{"@type":"Article","@id":"https:\/\/www.eldiario.net\/portal\/2021\/08\/07\/choquehuanca-reitera-discurso-conciliador\/#article","isPartOf":{"@id":"https:\/\/www.eldiario.net\/portal\/2021\/08\/07\/choquehuanca-reitera-discurso-conciliador\/"},"author":{"name":"Jeanette","@id":"https:\/\/www.eldiario.net\/portal\/#\/schema\/person\/f46445640444750d7d753ccd04ae01b7"},"headline":"Choquehuanca reitera discurso conciliador","datePublished":"2021-08-07T06:37:34+00:00","mainEntityOfPage":{"@id":"https:\/\/www.eldiario.net\/portal\/2021\/08\/07\/choquehuanca-reitera-discurso-conciliador\/"},"wordCount":473,"publisher":{"@id":"https:\/\/www.eldiario.net\/portal\/#organization"},"image":{"@id":"https:\/\/www.eldiario.net\/portal\/2021\/08\/07\/choquehuanca-reitera-discurso-conciliador\/#primaryimage"},"thumbnailUrl":"","articleSection":["Pol\u00edtica"],"inLanguage":"es"},{"@type":"WebPage","@id":"https:\/\/www.eldiario.net\/portal\/2021\/08\/07\/choquehuanca-reitera-discurso-conciliador\/","url":"https:\/\/www.eldiario.net\/portal\/2021\/08\/07\/choquehuanca-reitera-discurso-conciliador\/","name":"Choquehuanca reitera discurso conciliador - El Diario - Bolivia","isPartOf":{"@id":"https:\/\/www.eldiario.net\/portal\/#website"},"primaryImageOfPage":{"@id":"https:\/\/www.eldiario.net\/portal\/2021\/08\/07\/choquehuanca-reitera-discurso-conciliador\/#primaryimage"},"image":{"@id":"https:\/\/www.eldiario.net\/portal\/2021\/08\/07\/choquehuanca-reitera-discurso-conciliador\/#primaryimage"},"thumbnailUrl":"","datePublished":"2021-08-07T06:37:34+00:00","breadcrumb":{"@id":"https:\/\/www.eldiario.net\/portal\/2021\/08\/07\/choquehuanca-reitera-discurso-conciliador\/#breadcrumb"},"inLanguage":"es","potentialAction":[{"@type":"ReadAction","target":["https:\/\/www.eldiario.net\/portal\/2021\/08\/07\/choquehuanca-reitera-discurso-conciliador\/"]}]},{"@type":"ImageObject","inLanguage":"es","@id":"https:\/\/www.eldiario.net\/portal\/2021\/08\/07\/choquehuanca-reitera-discurso-conciliador\/#primaryimage","url":"","contentUrl":""},{"@type":"BreadcrumbList","@id":"https:\/\/www.eldiario.net\/portal\/2021\/08\/07\/choquehuanca-reitera-discurso-conciliador\/#breadcrumb","itemListElement":[{"@type":"ListItem","position":1,"name":"Portada","item":"https:\/\/www.eldiario.net\/portal\/"},{"@type":"ListItem","position":2,"name":"Choquehuanca reitera discurso conciliador"}]},{"@type":"WebSite","@id":"https:\/\/www.eldiario.net\/portal\/#website","url":"https:\/\/www.eldiario.net\/portal\/","name":"El Diario - Decano de la prensa nacional","description":"El Diario - Decano de la prensa nacional","publisher":{"@id":"https:\/\/www.eldiario.net\/portal\/#organization"},"potentialAction":[{"@type":"SearchAction","target":{"@type":"EntryPoint","urlTemplate":"https:\/\/www.eldiario.net\/portal\/?s={search_term_string}"},"query-input":{"@type":"PropertyValueSpecification","valueRequired":true,"valueName":"search_term_string"}}],"inLanguage":"es"},{"@type":"Organization","@id":"https:\/\/www.eldiario.net\/portal\/#organization","name":"El Diario - Decano de la prensa nacional","url":"https:\/\/www.eldiario.net\/portal\/","logo":{"@type":"ImageObject","inLanguage":"es","@id":"https:\/\/www.eldiario.net\/portal\/#\/schema\/logo\/image\/","url":"https:\/\/www.eldiario.net\/portal\/wp-content\/uploads\/2023\/07\/logo_ED.jpg","contentUrl":"https:\/\/www.eldiario.net\/portal\/wp-content\/uploads\/2023\/07\/logo_ED.jpg","width":272,"height":52,"caption":"El Diario - Decano de la prensa nacional"},"image":{"@id":"https:\/\/www.eldiario.net\/portal\/#\/schema\/logo\/image\/"},"sameAs":["https:\/\/www.facebook.com\/eldiario.bolivia\/","https:\/\/x.com\/eldiario_net"]},{"@type":"Person","@id":"https:\/\/www.eldiario.net\/portal\/#\/schema\/person\/f46445640444750d7d753ccd04ae01b7","name":"Jeanette","image":{"@type":"ImageObject","inLanguage":"es","@id":"https:\/\/secure.gravatar.com\/avatar\/3ea2118a5f7dad2b7138b1187a6b7ee55f160b9968b66013c3a3ef39dd7e5798?s=96&d=mm&r=g","url":"https:\/\/secure.gravatar.com\/avatar\/3ea2118a5f7dad2b7138b1187a6b7ee55f160b9968b66013c3a3ef39dd7e5798?s=96&d=mm&r=g","contentUrl":"https:\/\/secure.gravatar.com\/avatar\/3ea2118a5f7dad2b7138b1187a6b7ee55f160b9968b66013c3a3ef39dd7e5798?s=96&d=mm&r=g","caption":"Jeanette"},"sameAs":["https:\/\/www.eldiario.net\/portal"],"url":"https:\/\/www.eldiario.net\/portal\/author\/jeanette\/"}]}},"_links":{"self":[{"href":"https:\/\/www.eldiario.net\/portal\/wp-json\/wp\/v2\/posts\/21890","targetHints":{"allow":["GET"]}}],"collection":[{"href":"https:\/\/www.eldiario.net\/portal\/wp-json\/wp\/v2\/posts"}],"about":[{"href":"https:\/\/www.eldiario.net\/portal\/wp-json\/wp\/v2\/types\/post"}],"author":[{"embeddable":true,"href":"https:\/\/www.eldiario.net\/portal\/wp-json\/wp\/v2\/users\/1"}],"replies":[{"embeddable":true,"href":"https:\/\/www.eldiario.net\/portal\/wp-json\/wp\/v2\/comments?post=21890"}],"version-history":[{"count":0,"href":"https:\/\/www.eldiario.net\/portal\/wp-json\/wp\/v2\/posts\/21890\/revisions"}],"wp:attachment":[{"href":"https:\/\/www.eldiario.net\/portal\/wp-json\/wp\/v2\/media?parent=21890"}],"wp:term":[{"taxonomy":"category","embeddable":true,"href":"https:\/\/www.eldiario.net\/portal\/wp-json\/wp\/v2\/categories?post=21890"},{"taxonomy":"post_tag","embeddable":true,"href":"https:\/\/www.eldiario.net\/portal\/wp-json\/wp\/v2\/tags?post=21890"}],"curies":[{"name":"wp","href":"https:\/\/api.w.org\/{rel}","templated":true}]}}