{"id":21887,"date":"2021-08-07T02:36:14","date_gmt":"2021-08-07T06:36:14","guid":{"rendered":"https:\/\/www.eldiario.net\/portal\/?p=21887"},"modified":"2021-08-07T02:36:14","modified_gmt":"2021-08-07T06:36:14","slug":"mensaje-a-la-nacion-es-calificado-como-bochornoso-y-lleno-de-odio","status":"publish","type":"post","link":"https:\/\/www.eldiario.net\/portal\/2021\/08\/07\/mensaje-a-la-nacion-es-calificado-como-bochornoso-y-lleno-de-odio\/","title":{"rendered":"Mensaje a la naci\u00f3n es calificado  como bochornoso y lleno de odio"},"content":{"rendered":"<p>Una vez finalizada la intervenci\u00f3n del presidente Constitucional del Estado, Luis Arce Catacora, en la sesi\u00f3n de honor de la Asamblea Legislativa Plurinacional (ALP), distintas personalidades del ambiente pol\u00edtico nacional, adem\u00e1s de legisladores, calificaron la intervenci\u00f3n como un acto lleno de odio y que promueve la divisi\u00f3n de los bolivianos.<br \/>\nSe cuestion\u00f3 el tono confrontador con el que el primer mandatario se dirigi\u00f3 al Congreso, adem\u00e1s de priorizar los ataques contra la oposici\u00f3n y el gobierno de \u00c1\u00f1ez sin dar se\u00f1ales claras sobre estrategias y pol\u00edticas para la reactivaci\u00f3n econ\u00f3mica post pandemia.<br \/>\nPara el expresidente Jorge Quiroga, las palabras de Arce solo atacaron la gesti\u00f3n del gobierno transitorio y se reiter\u00f3 la ret\u00f3rica de los 14 a\u00f1os del r\u00e9gimen de Morales, volviendo a prometer cosas que, a su tiempo, no se cumplieron.<br \/>\n\u201cEn una sesi\u00f3n bochornosa Arce insult\u00f3 y descalific\u00f3 -otra vez- a gesti\u00f3n pasada&#8230; y recicl\u00f3 promesas incumplidas de 14 a\u00f1os. Atolondrado y aturdido, con cabeza gacha, sin despegar los ojos del papel, ley\u00f3 a toda la velocidad la evidencia que \u00e9l no manda, ni sabe d\u00f3nde va\u201d, expres\u00f3 mediante su cuenta de Twitter.<br \/>\nAl respecto, el senador por la agrupaci\u00f3n Creemos, Henry Montero, lament\u00f3 que durante sus palabras, Arce haya elogiado la gesti\u00f3n de Morales y lo calific\u00f3 como una muestra de que no se cuenta con un plan serio para reactivar la econom\u00eda despu\u00e9s de la \u00e9poca de bonanza econ\u00f3mica vivida en los 14 a\u00f1os pasados.<br \/>\n\u201cLuis Arce adul\u00f3 a Evo Morales, violador de la CPE, embaucador del 21F y enfermo de poder, intent\u00f3 hacer creer \u2018golpe\u2019, exhal\u00f3 odio, venganza y divisi\u00f3n en su informe presidencial, porque no tiene plan de reactivaci\u00f3n de la econom\u00eda, tras el despilfarro en \u00e9poca de bonanza\u201d, manifest\u00f3.<br \/>\nAnte ello, la diputada opositora Luisa Nayar pidi\u00f3 que se pare con los mensajes que incitan al odio entre bolivianos, la persecuci\u00f3n a opositores y la falsa teor\u00eda del supuesto golpe de Estado, para unir esfuerzos y salir de la actual crisis en beneficio de la poblaci\u00f3n.<br \/>\n\u201cBasta de enfrentarnos entre bolivianos Luis Arce Catacora, p\u00f3ngase a trabajar en la reactivaci\u00f3n econ\u00f3mica, la generaci\u00f3n de fuentes de empleo y la atenci\u00f3n digna en la salud. Viene a la ALP a seguir dando un discurso de odio y de mentiras con la falsa narrativa del golpe de Estado para seguir generando brechas dentro de la poblaci\u00f3n boliviana\u201d, expres\u00f3.<br \/>\nPor su parte, el diputado de CC, Betto Astorga, justific\u00f3 las constantes interrupciones al discurso del primer mandatario, se\u00f1alando que no es posible que se mienta al pa\u00eds con esta falsa ret\u00f3rica que solo provoca divisi\u00f3n.<br \/>\n\u201cEl presidente Luis Arce empa\u00f1\u00f3 la Sesi\u00f3n de Honor por la conmemoraci\u00f3n de los 196 a\u00f1os de la independencia de Bolivia en su mensaje mencion\u00f3 varias veces \u2018Golpe\u2019 tuvimos que responderle con gritos de \u2018Fraude\u2019 Presidente Arce deje de ser t\u00edtere de Morales y deje de dividir al pa\u00eds\u201d, expres\u00f3.<br \/>\nEl periodista Andr\u00e9s G\u00f3mez Vela lament\u00f3 que las palabras de Arce inciten a la venganza en nombre de justicia.<br \/>\n\u201cLamentable que el presidente Luis Arce no sepa que el primer paso de la violencia no son las piedras, los palos o las balas; sino las palabras disparadas desde el poder. Es imposible profundizar la democracia anunciando venganza en nombre de Justicia\u201d manifest\u00f3 desde sus redes sociales.<\/p>\n","protected":false},"excerpt":{"rendered":"<p>Una vez finalizada la intervenci\u00f3n del presidente Constitucional del Estado, Luis Arce Catacora, en la sesi\u00f3n de honor de la Asamblea Legislativa Plurinacional (ALP), distintas personalidades del ambiente pol\u00edtico nacional, adem\u00e1s de legisladores, calificaron la intervenci\u00f3n como un acto lleno de odio y que promueve la divisi\u00f3n de los bolivianos. Se cuestion\u00f3 el tono confrontador [&hellip;]<\/p>\n","protected":false},"author":1,"featured_media":21888,"comment_status":"closed","ping_status":"closed","sticky":false,"template":"","format":"standard","meta":{"_acf_changed":false,"footnotes":""},"categories":[14],"tags":[],"class_list":["post-21887","post","type-post","status-publish","format-standard","has-post-thumbnail","category-politica"],"acf":{"antetitulo":""},"yoast_head":"<!-- This site is optimized with the Yoast SEO plugin v28.4 - https:\/\/yoast.com\/product\/yoast-seo-wordpress\/ -->\n<title>Mensaje a la naci\u00f3n es calificado como bochornoso y lleno de odio - El Diario - Bolivia<\/title>\n<meta name=\"robots\" content=\"index, follow, max-snippet:-1, max-image-preview:large, max-video-preview:-1\" \/>\n<link rel=\"canonical\" href=\"https:\/\/www.eldiario.net\/portal\/2021\/08\/07\/mensaje-a-la-nacion-es-calificado-como-bochornoso-y-lleno-de-odio\/\" \/>\n<meta property=\"og:locale\" content=\"es_ES\" \/>\n<meta property=\"og:type\" content=\"article\" \/>\n<meta property=\"og:title\" content=\"Mensaje a la naci\u00f3n es calificado como bochornoso y lleno de odio - El Diario - Bolivia\" \/>\n<meta property=\"og:description\" content=\"Una vez finalizada la intervenci\u00f3n del presidente Constitucional del Estado, Luis Arce Catacora, en la sesi\u00f3n de honor de la Asamblea Legislativa Plurinacional (ALP), distintas personalidades del ambiente pol\u00edtico nacional, adem\u00e1s de legisladores, calificaron la intervenci\u00f3n como un acto lleno de odio y que promueve la divisi\u00f3n de los bolivianos. Se cuestion\u00f3 el tono confrontador [&hellip;]\" \/>\n<meta property=\"og:url\" content=\"https:\/\/www.eldiario.net\/portal\/2021\/08\/07\/mensaje-a-la-nacion-es-calificado-como-bochornoso-y-lleno-de-odio\/\" \/>\n<meta property=\"og:site_name\" content=\"El Diario - Bolivia\" \/>\n<meta property=\"article:publisher\" content=\"https:\/\/www.facebook.com\/eldiario.bolivia\/\" \/>\n<meta property=\"article:published_time\" content=\"2021-08-07T06:36:14+00:00\" \/>\n<meta name=\"author\" content=\"Jeanette\" \/>\n<meta name=\"twitter:card\" content=\"summary_large_image\" \/>\n<meta name=\"twitter:creator\" content=\"@eldiario_net\" \/>\n<meta name=\"twitter:site\" content=\"@eldiario_net\" \/>\n<meta name=\"twitter:label1\" content=\"Escrito por\" \/>\n\t<meta name=\"twitter:data1\" content=\"Jeanette\" \/>\n\t<meta name=\"twitter:label2\" content=\"Tiempo de lectura\" \/>\n\t<meta name=\"twitter:data2\" content=\"3 minutos\" \/>\n<script type=\"application\/ld+json\" class=\"yoast-schema-graph\">{\"@context\":\"https:\\\/\\\/schema.org\",\"@graph\":[{\"@type\":\"Article\",\"@id\":\"https:\\\/\\\/www.eldiario.net\\\/portal\\\/2021\\\/08\\\/07\\\/mensaje-a-la-nacion-es-calificado-como-bochornoso-y-lleno-de-odio\\\/#article\",\"isPartOf\":{\"@id\":\"https:\\\/\\\/www.eldiario.net\\\/portal\\\/2021\\\/08\\\/07\\\/mensaje-a-la-nacion-es-calificado-como-bochornoso-y-lleno-de-odio\\\/\"},\"author\":{\"name\":\"Jeanette\",\"@id\":\"https:\\\/\\\/www.eldiario.net\\\/portal\\\/#\\\/schema\\\/person\\\/f46445640444750d7d753ccd04ae01b7\"},\"headline\":\"Mensaje a la naci\u00f3n es calificado como bochornoso y lleno de odio\",\"datePublished\":\"2021-08-07T06:36:14+00:00\",\"mainEntityOfPage\":{\"@id\":\"https:\\\/\\\/www.eldiario.net\\\/portal\\\/2021\\\/08\\\/07\\\/mensaje-a-la-nacion-es-calificado-como-bochornoso-y-lleno-de-odio\\\/\"},\"wordCount\":603,\"publisher\":{\"@id\":\"https:\\\/\\\/www.eldiario.net\\\/portal\\\/#organization\"},\"image\":{\"@id\":\"https:\\\/\\\/www.eldiario.net\\\/portal\\\/2021\\\/08\\\/07\\\/mensaje-a-la-nacion-es-calificado-como-bochornoso-y-lleno-de-odio\\\/#primaryimage\"},\"thumbnailUrl\":\"\",\"articleSection\":[\"Pol\u00edtica\"],\"inLanguage\":\"es\"},{\"@type\":\"WebPage\",\"@id\":\"https:\\\/\\\/www.eldiario.net\\\/portal\\\/2021\\\/08\\\/07\\\/mensaje-a-la-nacion-es-calificado-como-bochornoso-y-lleno-de-odio\\\/\",\"url\":\"https:\\\/\\\/www.eldiario.net\\\/portal\\\/2021\\\/08\\\/07\\\/mensaje-a-la-nacion-es-calificado-como-bochornoso-y-lleno-de-odio\\\/\",\"name\":\"Mensaje a la naci\u00f3n es calificado como bochornoso y lleno de odio - El Diario - Bolivia\",\"isPartOf\":{\"@id\":\"https:\\\/\\\/www.eldiario.net\\\/portal\\\/#website\"},\"primaryImageOfPage\":{\"@id\":\"https:\\\/\\\/www.eldiario.net\\\/portal\\\/2021\\\/08\\\/07\\\/mensaje-a-la-nacion-es-calificado-como-bochornoso-y-lleno-de-odio\\\/#primaryimage\"},\"image\":{\"@id\":\"https:\\\/\\\/www.eldiario.net\\\/portal\\\/2021\\\/08\\\/07\\\/mensaje-a-la-nacion-es-calificado-como-bochornoso-y-lleno-de-odio\\\/#primaryimage\"},\"thumbnailUrl\":\"\",\"datePublished\":\"2021-08-07T06:36:14+00:00\",\"breadcrumb\":{\"@id\":\"https:\\\/\\\/www.eldiario.net\\\/portal\\\/2021\\\/08\\\/07\\\/mensaje-a-la-nacion-es-calificado-como-bochornoso-y-lleno-de-odio\\\/#breadcrumb\"},\"inLanguage\":\"es\",\"potentialAction\":[{\"@type\":\"ReadAction\",\"target\":[\"https:\\\/\\\/www.eldiario.net\\\/portal\\\/2021\\\/08\\\/07\\\/mensaje-a-la-nacion-es-calificado-como-bochornoso-y-lleno-de-odio\\\/\"]}]},{\"@type\":\"ImageObject\",\"inLanguage\":\"es\",\"@id\":\"https:\\\/\\\/www.eldiario.net\\\/portal\\\/2021\\\/08\\\/07\\\/mensaje-a-la-nacion-es-calificado-como-bochornoso-y-lleno-de-odio\\\/#primaryimage\",\"url\":\"\",\"contentUrl\":\"\"},{\"@type\":\"BreadcrumbList\",\"@id\":\"https:\\\/\\\/www.eldiario.net\\\/portal\\\/2021\\\/08\\\/07\\\/mensaje-a-la-nacion-es-calificado-como-bochornoso-y-lleno-de-odio\\\/#breadcrumb\",\"itemListElement\":[{\"@type\":\"ListItem\",\"position\":1,\"name\":\"Portada\",\"item\":\"https:\\\/\\\/www.eldiario.net\\\/portal\\\/\"},{\"@type\":\"ListItem\",\"position\":2,\"name\":\"Mensaje a la naci\u00f3n es calificado como bochornoso y lleno de odio\"}]},{\"@type\":\"WebSite\",\"@id\":\"https:\\\/\\\/www.eldiario.net\\\/portal\\\/#website\",\"url\":\"https:\\\/\\\/www.eldiario.net\\\/portal\\\/\",\"name\":\"El Diario - Decano de la prensa nacional\",\"description\":\"El Diario - Decano de la prensa nacional\",\"publisher\":{\"@id\":\"https:\\\/\\\/www.eldiario.net\\\/portal\\\/#organization\"},\"potentialAction\":[{\"@type\":\"SearchAction\",\"target\":{\"@type\":\"EntryPoint\",\"urlTemplate\":\"https:\\\/\\\/www.eldiario.net\\\/portal\\\/?s={search_term_string}\"},\"query-input\":{\"@type\":\"PropertyValueSpecification\",\"valueRequired\":true,\"valueName\":\"search_term_string\"}}],\"inLanguage\":\"es\"},{\"@type\":\"Organization\",\"@id\":\"https:\\\/\\\/www.eldiario.net\\\/portal\\\/#organization\",\"name\":\"El Diario - Decano de la prensa nacional\",\"url\":\"https:\\\/\\\/www.eldiario.net\\\/portal\\\/\",\"logo\":{\"@type\":\"ImageObject\",\"inLanguage\":\"es\",\"@id\":\"https:\\\/\\\/www.eldiario.net\\\/portal\\\/#\\\/schema\\\/logo\\\/image\\\/\",\"url\":\"https:\\\/\\\/www.eldiario.net\\\/portal\\\/wp-content\\\/uploads\\\/2023\\\/07\\\/logo_ED.jpg\",\"contentUrl\":\"https:\\\/\\\/www.eldiario.net\\\/portal\\\/wp-content\\\/uploads\\\/2023\\\/07\\\/logo_ED.jpg\",\"width\":272,\"height\":52,\"caption\":\"El Diario - Decano de la prensa nacional\"},\"image\":{\"@id\":\"https:\\\/\\\/www.eldiario.net\\\/portal\\\/#\\\/schema\\\/logo\\\/image\\\/\"},\"sameAs\":[\"https:\\\/\\\/www.facebook.com\\\/eldiario.bolivia\\\/\",\"https:\\\/\\\/x.com\\\/eldiario_net\"]},{\"@type\":\"Person\",\"@id\":\"https:\\\/\\\/www.eldiario.net\\\/portal\\\/#\\\/schema\\\/person\\\/f46445640444750d7d753ccd04ae01b7\",\"name\":\"Jeanette\",\"image\":{\"@type\":\"ImageObject\",\"inLanguage\":\"es\",\"@id\":\"https:\\\/\\\/secure.gravatar.com\\\/avatar\\\/3ea2118a5f7dad2b7138b1187a6b7ee55f160b9968b66013c3a3ef39dd7e5798?s=96&d=mm&r=g\",\"url\":\"https:\\\/\\\/secure.gravatar.com\\\/avatar\\\/3ea2118a5f7dad2b7138b1187a6b7ee55f160b9968b66013c3a3ef39dd7e5798?s=96&d=mm&r=g\",\"contentUrl\":\"https:\\\/\\\/secure.gravatar.com\\\/avatar\\\/3ea2118a5f7dad2b7138b1187a6b7ee55f160b9968b66013c3a3ef39dd7e5798?s=96&d=mm&r=g\",\"caption\":\"Jeanette\"},\"sameAs\":[\"https:\\\/\\\/www.eldiario.net\\\/portal\"],\"url\":\"https:\\\/\\\/www.eldiario.net\\\/portal\\\/author\\\/jeanette\\\/\"}]}<\/script>\n<!-- \/ Yoast SEO plugin. -->","yoast_head_json":{"title":"Mensaje a la naci\u00f3n es calificado como bochornoso y lleno de odio - El Diario - Bolivia","robots":{"index":"index","follow":"follow","max-snippet":"max-snippet:-1","max-image-preview":"max-image-preview:large","max-video-preview":"max-video-preview:-1"},"canonical":"https:\/\/www.eldiario.net\/portal\/2021\/08\/07\/mensaje-a-la-nacion-es-calificado-como-bochornoso-y-lleno-de-odio\/","og_locale":"es_ES","og_type":"article","og_title":"Mensaje a la naci\u00f3n es calificado como bochornoso y lleno de odio - El Diario - Bolivia","og_description":"Una vez finalizada la intervenci\u00f3n del presidente Constitucional del Estado, Luis Arce Catacora, en la sesi\u00f3n de honor de la Asamblea Legislativa Plurinacional (ALP), distintas personalidades del ambiente pol\u00edtico nacional, adem\u00e1s de legisladores, calificaron la intervenci\u00f3n como un acto lleno de odio y que promueve la divisi\u00f3n de los bolivianos. Se cuestion\u00f3 el tono confrontador [&hellip;]","og_url":"https:\/\/www.eldiario.net\/portal\/2021\/08\/07\/mensaje-a-la-nacion-es-calificado-como-bochornoso-y-lleno-de-odio\/","og_site_name":"El Diario - Bolivia","article_publisher":"https:\/\/www.facebook.com\/eldiario.bolivia\/","article_published_time":"2021-08-07T06:36:14+00:00","author":"Jeanette","twitter_card":"summary_large_image","twitter_creator":"@eldiario_net","twitter_site":"@eldiario_net","twitter_misc":{"Escrito por":"Jeanette","Tiempo de lectura":"3 minutos"},"schema":{"@context":"https:\/\/schema.org","@graph":[{"@type":"Article","@id":"https:\/\/www.eldiario.net\/portal\/2021\/08\/07\/mensaje-a-la-nacion-es-calificado-como-bochornoso-y-lleno-de-odio\/#article","isPartOf":{"@id":"https:\/\/www.eldiario.net\/portal\/2021\/08\/07\/mensaje-a-la-nacion-es-calificado-como-bochornoso-y-lleno-de-odio\/"},"author":{"name":"Jeanette","@id":"https:\/\/www.eldiario.net\/portal\/#\/schema\/person\/f46445640444750d7d753ccd04ae01b7"},"headline":"Mensaje a la naci\u00f3n es calificado como bochornoso y lleno de odio","datePublished":"2021-08-07T06:36:14+00:00","mainEntityOfPage":{"@id":"https:\/\/www.eldiario.net\/portal\/2021\/08\/07\/mensaje-a-la-nacion-es-calificado-como-bochornoso-y-lleno-de-odio\/"},"wordCount":603,"publisher":{"@id":"https:\/\/www.eldiario.net\/portal\/#organization"},"image":{"@id":"https:\/\/www.eldiario.net\/portal\/2021\/08\/07\/mensaje-a-la-nacion-es-calificado-como-bochornoso-y-lleno-de-odio\/#primaryimage"},"thumbnailUrl":"","articleSection":["Pol\u00edtica"],"inLanguage":"es"},{"@type":"WebPage","@id":"https:\/\/www.eldiario.net\/portal\/2021\/08\/07\/mensaje-a-la-nacion-es-calificado-como-bochornoso-y-lleno-de-odio\/","url":"https:\/\/www.eldiario.net\/portal\/2021\/08\/07\/mensaje-a-la-nacion-es-calificado-como-bochornoso-y-lleno-de-odio\/","name":"Mensaje a la naci\u00f3n es calificado como bochornoso y lleno de odio - El Diario - Bolivia","isPartOf":{"@id":"https:\/\/www.eldiario.net\/portal\/#website"},"primaryImageOfPage":{"@id":"https:\/\/www.eldiario.net\/portal\/2021\/08\/07\/mensaje-a-la-nacion-es-calificado-como-bochornoso-y-lleno-de-odio\/#primaryimage"},"image":{"@id":"https:\/\/www.eldiario.net\/portal\/2021\/08\/07\/mensaje-a-la-nacion-es-calificado-como-bochornoso-y-lleno-de-odio\/#primaryimage"},"thumbnailUrl":"","datePublished":"2021-08-07T06:36:14+00:00","breadcrumb":{"@id":"https:\/\/www.eldiario.net\/portal\/2021\/08\/07\/mensaje-a-la-nacion-es-calificado-como-bochornoso-y-lleno-de-odio\/#breadcrumb"},"inLanguage":"es","potentialAction":[{"@type":"ReadAction","target":["https:\/\/www.eldiario.net\/portal\/2021\/08\/07\/mensaje-a-la-nacion-es-calificado-como-bochornoso-y-lleno-de-odio\/"]}]},{"@type":"ImageObject","inLanguage":"es","@id":"https:\/\/www.eldiario.net\/portal\/2021\/08\/07\/mensaje-a-la-nacion-es-calificado-como-bochornoso-y-lleno-de-odio\/#primaryimage","url":"","contentUrl":""},{"@type":"BreadcrumbList","@id":"https:\/\/www.eldiario.net\/portal\/2021\/08\/07\/mensaje-a-la-nacion-es-calificado-como-bochornoso-y-lleno-de-odio\/#breadcrumb","itemListElement":[{"@type":"ListItem","position":1,"name":"Portada","item":"https:\/\/www.eldiario.net\/portal\/"},{"@type":"ListItem","position":2,"name":"Mensaje a la naci\u00f3n es calificado como bochornoso y lleno de odio"}]},{"@type":"WebSite","@id":"https:\/\/www.eldiario.net\/portal\/#website","url":"https:\/\/www.eldiario.net\/portal\/","name":"El Diario - Decano de la prensa nacional","description":"El Diario - Decano de la prensa nacional","publisher":{"@id":"https:\/\/www.eldiario.net\/portal\/#organization"},"potentialAction":[{"@type":"SearchAction","target":{"@type":"EntryPoint","urlTemplate":"https:\/\/www.eldiario.net\/portal\/?s={search_term_string}"},"query-input":{"@type":"PropertyValueSpecification","valueRequired":true,"valueName":"search_term_string"}}],"inLanguage":"es"},{"@type":"Organization","@id":"https:\/\/www.eldiario.net\/portal\/#organization","name":"El Diario - Decano de la prensa nacional","url":"https:\/\/www.eldiario.net\/portal\/","logo":{"@type":"ImageObject","inLanguage":"es","@id":"https:\/\/www.eldiario.net\/portal\/#\/schema\/logo\/image\/","url":"https:\/\/www.eldiario.net\/portal\/wp-content\/uploads\/2023\/07\/logo_ED.jpg","contentUrl":"https:\/\/www.eldiario.net\/portal\/wp-content\/uploads\/2023\/07\/logo_ED.jpg","width":272,"height":52,"caption":"El Diario - Decano de la prensa nacional"},"image":{"@id":"https:\/\/www.eldiario.net\/portal\/#\/schema\/logo\/image\/"},"sameAs":["https:\/\/www.facebook.com\/eldiario.bolivia\/","https:\/\/x.com\/eldiario_net"]},{"@type":"Person","@id":"https:\/\/www.eldiario.net\/portal\/#\/schema\/person\/f46445640444750d7d753ccd04ae01b7","name":"Jeanette","image":{"@type":"ImageObject","inLanguage":"es","@id":"https:\/\/secure.gravatar.com\/avatar\/3ea2118a5f7dad2b7138b1187a6b7ee55f160b9968b66013c3a3ef39dd7e5798?s=96&d=mm&r=g","url":"https:\/\/secure.gravatar.com\/avatar\/3ea2118a5f7dad2b7138b1187a6b7ee55f160b9968b66013c3a3ef39dd7e5798?s=96&d=mm&r=g","contentUrl":"https:\/\/secure.gravatar.com\/avatar\/3ea2118a5f7dad2b7138b1187a6b7ee55f160b9968b66013c3a3ef39dd7e5798?s=96&d=mm&r=g","caption":"Jeanette"},"sameAs":["https:\/\/www.eldiario.net\/portal"],"url":"https:\/\/www.eldiario.net\/portal\/author\/jeanette\/"}]}},"_links":{"self":[{"href":"https:\/\/www.eldiario.net\/portal\/wp-json\/wp\/v2\/posts\/21887","targetHints":{"allow":["GET"]}}],"collection":[{"href":"https:\/\/www.eldiario.net\/portal\/wp-json\/wp\/v2\/posts"}],"about":[{"href":"https:\/\/www.eldiario.net\/portal\/wp-json\/wp\/v2\/types\/post"}],"author":[{"embeddable":true,"href":"https:\/\/www.eldiario.net\/portal\/wp-json\/wp\/v2\/users\/1"}],"replies":[{"embeddable":true,"href":"https:\/\/www.eldiario.net\/portal\/wp-json\/wp\/v2\/comments?post=21887"}],"version-history":[{"count":0,"href":"https:\/\/www.eldiario.net\/portal\/wp-json\/wp\/v2\/posts\/21887\/revisions"}],"wp:attachment":[{"href":"https:\/\/www.eldiario.net\/portal\/wp-json\/wp\/v2\/media?parent=21887"}],"wp:term":[{"taxonomy":"category","embeddable":true,"href":"https:\/\/www.eldiario.net\/portal\/wp-json\/wp\/v2\/categories?post=21887"},{"taxonomy":"post_tag","embeddable":true,"href":"https:\/\/www.eldiario.net\/portal\/wp-json\/wp\/v2\/tags?post=21887"}],"curies":[{"name":"wp","href":"https:\/\/api.w.org\/{rel}","templated":true}]}}